{"id":18422,"date":"2024-06-26T22:29:16","date_gmt":"2024-06-27T01:29:16","guid":{"rendered":"https:\/\/apuntesdesanluis.com\/?p=18422"},"modified":"2024-06-26T22:34:55","modified_gmt":"2024-06-27T01:34:55","slug":"sabag-montiel-yo-queria-matar-a-cristina-y-brenda-la-queria-ver-muerta","status":"publish","type":"post","link":"https:\/\/apuntesdesanluis.com\/index.php\/2024\/06\/26\/sabag-montiel-yo-queria-matar-a-cristina-y-brenda-la-queria-ver-muerta\/","title":{"rendered":"SABAG MONTIEL: \u201cYO QUER\u00cdA MATAR A CRISTINA Y BRENDA LA QUER\u00cdA VER MUERTA&#8221;"},"content":{"rendered":"<h3>El acusado por intento de magnicidio sostuvo un cartel en la audiencia que comenz\u00f3 este mi\u00e9rcoles: &#8220;Me tienen secuestrado&#8221;. Cuestionamientos al &#8220;silencio medi\u00e1tico&#8221;.<\/h3>\n<h3>El acusado por el intento de magnicidio de <strong>Cristina Kirchner<\/strong>, <strong>Fernando Sabag Montiel<\/strong>, asegur\u00f3 en el inicio del juicio en su contra que \u00e9l quer\u00eda &#8220;matar&#8221; a la ex vicepresidenta y su entonces novia <strong>Brenda Uliarte<\/strong> &#8220;la quer\u00eda ver muerta&#8221;.<\/h3>\n<h3>\u201cYo la quer\u00eda matar y ella (por Brenda) la quer\u00eda ver muerta. Pero yo nunca le plante\u00e9 o le orden\u00e9 a que lo haga, ni le di el arma dici\u00e9ndole \u2018hacelo vos\u2019. Ella quer\u00eda ser una espectadora del momento m\u00e1s que una part\u00edcipe\u201d, resalt\u00f3 Sabag Montiel.<\/h3>\n<h3>El acusado dijo que quiso matar a la ex vicepresidenta porque &#8220;es corrupta, roba y hace da\u00f1o a la sociedad&#8221;, y enfatiz\u00f3: &#8220;Cualquier persona siente lo mismo que yo&#8221;.<\/h3>\n<h3>&#8220;Brenda Uliarte quer\u00eda ser espectadora del momento\u201d, expres\u00f3 el imputado por haber disparado contra la ex presidenta el 1 de septiembre de 2022.<\/h3>\n<p><img fetchpriority=\"high\" decoding=\"async\" class=\"wp-image-12893 aligncenter\" src=\"https:\/\/apuntesdesanluis.com\/wp-content\/uploads\/2024\/03\/ATENTADO-CONTRA-CRISTINA-300x183.png\" alt=\"\" width=\"726\" height=\"443\" srcset=\"https:\/\/apuntesdesanluis.com\/wp-content\/uploads\/2024\/03\/ATENTADO-CONTRA-CRISTINA-300x183.png 300w, https:\/\/apuntesdesanluis.com\/wp-content\/uploads\/2024\/03\/ATENTADO-CONTRA-CRISTINA.png 681w\" sizes=\"(max-width: 726px) 100vw, 726px\" \/><\/p>\n<h3>Durante la primera audiencia ante el Tribunal Oral Federal 6, Sabag Montiel sostuvo un cartel escrito de pu\u00f1o y letra que dec\u00eda: &#8220;Me tienen secuestrado&#8221;.<\/h3>\n<h3>Los principales acusados,<strong> Sabag Montiel, Uliarte y Nicol\u00e1s Carrizo<\/strong>, enfrentan cargos graves que incluyen tentativa de homicidio doblemente calificado por alevos\u00eda y el concurso premeditado de dos o m\u00e1s personas, agravado por el uso de arma de fuego.<\/h3>\n<p><img decoding=\"async\" class=\"wp-image-18424 aligncenter\" src=\"https:\/\/apuntesdesanluis.com\/wp-content\/uploads\/2024\/06\/TRES-LOQUITOS-300x176.png\" alt=\"\" width=\"723\" height=\"424\" srcset=\"https:\/\/apuntesdesanluis.com\/wp-content\/uploads\/2024\/06\/TRES-LOQUITOS-300x176.png 300w, https:\/\/apuntesdesanluis.com\/wp-content\/uploads\/2024\/06\/TRES-LOQUITOS.png 748w\" sizes=\"(max-width: 723px) 100vw, 723px\" \/><\/p>\n<h4 style=\"text-align: center;\"><em>Los tres chiflados:\u00a0<strong> Sabag Montiel, Uliarte y Nicol\u00e1s Carrizo.<\/strong><\/em><\/h4>\n<h3>Sabag Montiel, quien intent\u00f3 disparar a quemarropa contra la ex mandataria, es considerado el autor material del ataque.<\/h3>\n<h3><strong>CUESTIONAMIENTOS<\/strong><\/h3>\n<h3>La expresidenta\u00a0<strong>Cristina Kirchner<\/strong>\u00a0comparti\u00f3 hoy en redes sociales una serie de reflexiones del ministro de Justicia y Derechos Humanos bonaerense,\u00a0<strong>Juan Mart\u00edn Mena<\/strong>, sobre la forma en la que trataron algunos medios de comunicaci\u00f3n y los magistrados el intento de magnicidio en su contra.<\/h3>\n<h3>\u201c<strong>M\u00e1s claro echale agua<\/strong>\u201d, escribi\u00f3 Cristina en una publicaci\u00f3n donde replic\u00f3 las palabras de Mena, quien esta ma\u00f1ana calific\u00f3 el hecho como uno de los \u201c<strong>m\u00e1s graves desde la recuperaci\u00f3n democr\u00e1tica<\/strong>\u201d.<\/h3>\n<p><img decoding=\"async\" class=\"wp-image-3538 aligncenter\" src=\"https:\/\/apuntesdesanluis.com\/wp-content\/uploads\/2023\/09\/cristina-300x173.png\" alt=\"\" width=\"704\" height=\"406\" srcset=\"https:\/\/apuntesdesanluis.com\/wp-content\/uploads\/2023\/09\/cristina-300x173.png 300w, https:\/\/apuntesdesanluis.com\/wp-content\/uploads\/2023\/09\/cristina.png 752w\" sizes=\"(max-width: 704px) 100vw, 704px\" \/><\/p>\n<h3>\u201cSalvo honrosas excepciones,<strong>\u00a0el silenciamiento medi\u00e1tico y de la dirigencia pol\u00edtica, resulta igualito al de jueces y fiscales que tienen la responsabilidad y obligaci\u00f3n de investigarlo<\/strong>.\u00a0<strong>Un liso y llano encubrimiento<\/strong>\u201d, se\u00f1al\u00f3 el funcionario bonaerense, quien ilustr\u00f3 sus afirmaciones con 10 consideraciones acerca proceso judicial contra los atacantes de la ex mandataria:<\/h3>\n<h3><strong>1) El contenido del celular del atacante se borr\u00f3 al otro d\u00eda del atentado<\/strong>,<strong>\u00a0<\/strong>ocultando informaci\u00f3n imprescindible y estando en poder de la jueza.<\/h3>\n<h3><strong>2) Nunca se profundiz\u00f3 sobre las supuestas organizaciones pol\u00edticas que rodeaban a los atacantes\u00a0<\/strong>(Revoluci\u00f3n Federal, nueva Centro Derecha, entre otras). Esas organizaciones nacieron meses antes del atentado, recibieron financiamiento pol\u00edtico, y desaparecieron al otro d\u00eda del 1 de septiembre de 2022.<\/h3>\n<h3><strong>3)<\/strong>\u00a0<strong>Sus integrantes se paseaban y fotografiaban con Patricia Bullrich<\/strong>\u00a0y asisten hoy al congreso invitados por diputados del oficialismo. Recibieron decenas de millones de pesos de la familia Caputo los meses previos al atentado.<\/h3>\n<h3><strong>4) 15 d\u00edas antes del atentado, en una reuni\u00f3n virtual hab\u00edan explicado c\u00f3mo hacerlo<\/strong>. Exactamente la misma mec\u00e1nica del hecho que ejecutaron los atacantes.<\/h3>\n<h3><strong>5)\u00a0<\/strong>Un testigo oy\u00f3 decir a<strong>\u00a0Gerardo Milman<\/strong>, mano derecha de Bullrich, dos d\u00edas antes del atentado: \u2018<strong>Cuando la maten voy a estar camino a la Costa\u2019<\/strong>.<\/h3>\n<h3><strong>6) La justicia esper\u00f3 todo lo que pudo, esper\u00f3 que lo sepa Milman, y meses despu\u00e9s le orden\u00f3 que entregue sus tel\u00e9fonos<\/strong>. El contenido de los celulares de Milman y sus secretarias estaba completamente borrado. Es m\u00e1s, entreg\u00f3 un modelo de tel\u00e9fono que sali\u00f3 a la venta tiempo despu\u00e9s del atentado. A la jueza ni siquiera la ofende que le tomen el pelo.<\/h3>\n<h3><strong>7)<\/strong>\u00a0En mayo de 2023 una de las secretarias del Milman declar\u00f3 que ella, Milman y otra colega fueron citados en noviembre de 2022 en las oficinas de la Fundaci\u00f3n de Patricia Bullrich donde\u00a0<strong>un experto en inform\u00e1tica borr\u00f3 durante m\u00e1s de 4 horas los tel\u00e9fonos de todos<\/strong>.<br \/>\nLa jueza y el fiscal decidieron no investigarlo.<\/h3>\n<h3><strong>8)\u00a0<\/strong>Estando preso, el atacante dijo por escrito que de su situaci\u00f3n deb\u00eda hacerse cargo Hern\u00e1n Carrol (l\u00edder de Nueva Centro Derecha).\u00a0<strong>La jueza otra vez se encarg\u00f3 de esperar hasta que Carrol lo sepa. Cuando le pidi\u00f3 su tel\u00e9fono. Tambi\u00e9n hab\u00eda sido completamente borrado los d\u00edas previos.<\/strong>\u00a0La jueza nunca lo investig\u00f3.<\/h3>\n<h3><strong>9)<\/strong>\u00a0<strong>Carrol comparti\u00f3 un viaje al exterior con el jefe de gabinete de Milman<\/strong>. Tras un a\u00f1o y medio de requerir que se investigue ni siquiera result\u00f3 relevante para la jueza saber si ese viaje existi\u00f3.<\/h3>\n<h3><strong>10)<\/strong>\u00a0No se profundiz\u00f3 nunca sobre la vecina de CFK,<strong>\u00a0Ximena Tezanos Pinto<\/strong>, quien los d\u00edas previos<strong>\u00a0deseaba que los kirchneristas que est\u00e9n \u2018presos, muertos o exiliados\u2019<\/strong>, mientras hac\u00eda ingresar al edificio a los integrantes de revoluci\u00f3n federal.<\/h3>\n<h3>\u201cSi ante la mirada de 47 millones de argentinos y argentinas ocurri\u00f3 este atentado y no se avanz\u00f3 ni un \u00e1pice, cabe preguntarse qu\u00e9 justicia le quedar\u00e1 a cualquier ciudadano, que todos los d\u00edas merece tener a resguardo su derecho a vivir\u201d, se pregunt\u00f3 Mena.<\/h3>\n<h3>Y agreg\u00f3: \u201cLa \u00fanica certeza que la sociedad argentina tiene respecto a este hecho es que hasta aqu\u00ed, un sector del poder judicial y del poder pol\u00edtico, no esclareci\u00f3 el intento de asesinato a las dos veces presidenta Cristina Fern\u00e1ndez de Kirchner y lo que resulta a\u00fan m\u00e1s desesperanzador es que casi nadie cree que exista la vocaci\u00f3n, la responsabilidad, el compromiso, y la \u00e9tica necesaria para llegar a la verdad\u201d, destac\u00f3.<\/h3>\n<p>&nbsp;<\/p>\n<p>&nbsp;<\/p>\n<p>&nbsp;<\/p>\n<p>&nbsp;<\/p>\n<p>&nbsp;<\/p>\n<p>&nbsp;<\/p>\n<p>&nbsp;<\/p>\n<p>&nbsp;<\/p>\n<p>&nbsp;<\/p>\n","protected":false},"excerpt":{"rendered":"<p>El acusado por intento de magnicidio sostuvo un cartel en la audiencia que comenz\u00f3 este&#8230;<\/p>\n","protected":false},"author":1,"featured_media":18423,"comment_status":"closed","ping_status":"closed","sticky":false,"template":"","format":"standard","meta":{"footnotes":""},"categories":[5],"tags":[],"class_list":["post-18422","post","type-post","status-publish","format-standard","has-post-thumbnail","hentry","category-nacionales-internacionales"],"yoast_head":"<!-- This site is optimized with the Yoast SEO plugin v26.1.1 - https:\/\/yoast.com\/wordpress\/plugins\/seo\/ -->\n<title>SABAG MONTIEL: \u201cYO QUER\u00cdA MATAR A CRISTINA Y BRENDA LA QUER\u00cdA VER MUERTA&quot; - Apuntes de San Luis<\/title>\n<meta name=\"robots\" content=\"index, follow, max-snippet:-1, max-image-preview:large, max-video-preview:-1\" \/>\n<link rel=\"canonical\" href=\"https:\/\/apuntesdesanluis.com\/index.php\/2024\/06\/26\/sabag-montiel-yo-queria-matar-a-cristina-y-brenda-la-queria-ver-muerta\/\" \/>\n<meta property=\"og:locale\" content=\"es_ES\" \/>\n<meta property=\"og:type\" content=\"article\" \/>\n<meta property=\"og:title\" content=\"SABAG MONTIEL: \u201cYO QUER\u00cdA MATAR A CRISTINA Y BRENDA LA QUER\u00cdA VER MUERTA&quot; - Apuntes de San Luis\" \/>\n<meta property=\"og:description\" content=\"El acusado por intento de magnicidio sostuvo un cartel en la audiencia que comenz\u00f3 este...\" \/>\n<meta property=\"og:url\" content=\"https:\/\/apuntesdesanluis.com\/index.php\/2024\/06\/26\/sabag-montiel-yo-queria-matar-a-cristina-y-brenda-la-queria-ver-muerta\/\" \/>\n<meta property=\"og:site_name\" content=\"Apuntes de San Luis\" \/>\n<meta property=\"article:published_time\" content=\"2024-06-27T01:29:16+00:00\" \/>\n<meta property=\"article:modified_time\" content=\"2024-06-27T01:34:55+00:00\" \/>\n<meta property=\"og:image\" content=\"https:\/\/apuntesdesanluis.com\/wp-content\/uploads\/2024\/06\/SABAG-MONTIEL.png\" \/>\n\t<meta property=\"og:image:width\" content=\"705\" \/>\n\t<meta property=\"og:image:height\" content=\"427\" \/>\n\t<meta property=\"og:image:type\" content=\"image\/png\" \/>\n<meta name=\"author\" content=\"apuntesdesanluis.com\" \/>\n<meta name=\"twitter:card\" content=\"summary_large_image\" \/>\n<meta name=\"twitter:label1\" content=\"Escrito por\" \/>\n\t<meta name=\"twitter:data1\" content=\"apuntesdesanluis.com\" \/>\n\t<meta name=\"twitter:label2\" content=\"Tiempo de lectura\" \/>\n\t<meta name=\"twitter:data2\" content=\"5 minutos\" \/>\n<script type=\"application\/ld+json\" class=\"yoast-schema-graph\">{\"@context\":\"https:\/\/schema.org\",\"@graph\":[{\"@type\":\"Article\",\"@id\":\"https:\/\/apuntesdesanluis.com\/index.php\/2024\/06\/26\/sabag-montiel-yo-queria-matar-a-cristina-y-brenda-la-queria-ver-muerta\/#article\",\"isPartOf\":{\"@id\":\"https:\/\/apuntesdesanluis.com\/index.php\/2024\/06\/26\/sabag-montiel-yo-queria-matar-a-cristina-y-brenda-la-queria-ver-muerta\/\"},\"author\":{\"name\":\"apuntesdesanluis.com\",\"@id\":\"https:\/\/apuntesdesanluis.com\/#\/schema\/person\/b55151d52296fcce64d1a72538a70b90\"},\"headline\":\"SABAG MONTIEL: \u201cYO QUER\u00cdA MATAR A CRISTINA Y BRENDA LA QUER\u00cdA VER MUERTA&#8221;\",\"datePublished\":\"2024-06-27T01:29:16+00:00\",\"dateModified\":\"2024-06-27T01:34:55+00:00\",\"mainEntityOfPage\":{\"@id\":\"https:\/\/apuntesdesanluis.com\/index.php\/2024\/06\/26\/sabag-montiel-yo-queria-matar-a-cristina-y-brenda-la-queria-ver-muerta\/\"},\"wordCount\":968,\"publisher\":{\"@id\":\"https:\/\/apuntesdesanluis.com\/#\/schema\/person\/b55151d52296fcce64d1a72538a70b90\"},\"image\":{\"@id\":\"https:\/\/apuntesdesanluis.com\/index.php\/2024\/06\/26\/sabag-montiel-yo-queria-matar-a-cristina-y-brenda-la-queria-ver-muerta\/#primaryimage\"},\"thumbnailUrl\":\"https:\/\/apuntesdesanluis.com\/wp-content\/uploads\/2024\/06\/SABAG-MONTIEL.png\",\"articleSection\":[\"Nacionales\/Internacionales\"],\"inLanguage\":\"es-AR\"},{\"@type\":\"WebPage\",\"@id\":\"https:\/\/apuntesdesanluis.com\/index.php\/2024\/06\/26\/sabag-montiel-yo-queria-matar-a-cristina-y-brenda-la-queria-ver-muerta\/\",\"url\":\"https:\/\/apuntesdesanluis.com\/index.php\/2024\/06\/26\/sabag-montiel-yo-queria-matar-a-cristina-y-brenda-la-queria-ver-muerta\/\",\"name\":\"SABAG MONTIEL: \u201cYO QUER\u00cdA MATAR A CRISTINA Y BRENDA LA QUER\u00cdA VER MUERTA\\\" - Apuntes de San Luis\",\"isPartOf\":{\"@id\":\"https:\/\/apuntesdesanluis.com\/#website\"},\"primaryImageOfPage\":{\"@id\":\"https:\/\/apuntesdesanluis.com\/index.php\/2024\/06\/26\/sabag-montiel-yo-queria-matar-a-cristina-y-brenda-la-queria-ver-muerta\/#primaryimage\"},\"image\":{\"@id\":\"https:\/\/apuntesdesanluis.com\/index.php\/2024\/06\/26\/sabag-montiel-yo-queria-matar-a-cristina-y-brenda-la-queria-ver-muerta\/#primaryimage\"},\"thumbnailUrl\":\"https:\/\/apuntesdesanluis.com\/wp-content\/uploads\/2024\/06\/SABAG-MONTIEL.png\",\"datePublished\":\"2024-06-27T01:29:16+00:00\",\"dateModified\":\"2024-06-27T01:34:55+00:00\",\"breadcrumb\":{\"@id\":\"https:\/\/apuntesdesanluis.com\/index.php\/2024\/06\/26\/sabag-montiel-yo-queria-matar-a-cristina-y-brenda-la-queria-ver-muerta\/#breadcrumb\"},\"inLanguage\":\"es-AR\",\"potentialAction\":[{\"@type\":\"ReadAction\",\"target\":[\"https:\/\/apuntesdesanluis.com\/index.php\/2024\/06\/26\/sabag-montiel-yo-queria-matar-a-cristina-y-brenda-la-queria-ver-muerta\/\"]}]},{\"@type\":\"ImageObject\",\"inLanguage\":\"es-AR\",\"@id\":\"https:\/\/apuntesdesanluis.com\/index.php\/2024\/06\/26\/sabag-montiel-yo-queria-matar-a-cristina-y-brenda-la-queria-ver-muerta\/#primaryimage\",\"url\":\"https:\/\/apuntesdesanluis.com\/wp-content\/uploads\/2024\/06\/SABAG-MONTIEL.png\",\"contentUrl\":\"https:\/\/apuntesdesanluis.com\/wp-content\/uploads\/2024\/06\/SABAG-MONTIEL.png\",\"width\":705,\"height\":427},{\"@type\":\"BreadcrumbList\",\"@id\":\"https:\/\/apuntesdesanluis.com\/index.php\/2024\/06\/26\/sabag-montiel-yo-queria-matar-a-cristina-y-brenda-la-queria-ver-muerta\/#breadcrumb\",\"itemListElement\":[{\"@type\":\"ListItem\",\"position\":1,\"name\":\"Inicio\",\"item\":\"https:\/\/apuntesdesanluis.com\/\"},{\"@type\":\"ListItem\",\"position\":2,\"name\":\"SABAG MONTIEL: \u201cYO QUER\u00cdA MATAR A CRISTINA Y BRENDA LA QUER\u00cdA VER MUERTA&#8221;\"}]},{\"@type\":\"WebSite\",\"@id\":\"https:\/\/apuntesdesanluis.com\/#website\",\"url\":\"https:\/\/apuntesdesanluis.com\/\",\"name\":\"Apuntes de San Luis\",\"description\":\"\",\"publisher\":{\"@id\":\"https:\/\/apuntesdesanluis.com\/#\/schema\/person\/b55151d52296fcce64d1a72538a70b90\"},\"potentialAction\":[{\"@type\":\"SearchAction\",\"target\":{\"@type\":\"EntryPoint\",\"urlTemplate\":\"https:\/\/apuntesdesanluis.com\/?s={search_term_string}\"},\"query-input\":{\"@type\":\"PropertyValueSpecification\",\"valueRequired\":true,\"valueName\":\"search_term_string\"}}],\"inLanguage\":\"es-AR\"},{\"@type\":[\"Person\",\"Organization\"],\"@id\":\"https:\/\/apuntesdesanluis.com\/#\/schema\/person\/b55151d52296fcce64d1a72538a70b90\",\"name\":\"apuntesdesanluis.com\",\"image\":{\"@type\":\"ImageObject\",\"inLanguage\":\"es-AR\",\"@id\":\"https:\/\/apuntesdesanluis.com\/#\/schema\/person\/image\/\",\"url\":\"https:\/\/apuntesdesanluis.com\/wp-content\/uploads\/2023\/07\/cropped-apuntesdesanluis.png\",\"contentUrl\":\"https:\/\/apuntesdesanluis.com\/wp-content\/uploads\/2023\/07\/cropped-apuntesdesanluis.png\",\"width\":450,\"height\":112,\"caption\":\"apuntesdesanluis.com\"},\"logo\":{\"@id\":\"https:\/\/apuntesdesanluis.com\/#\/schema\/person\/image\/\"},\"sameAs\":[\"https:\/\/apuntesdesanluis.com\"],\"url\":\"https:\/\/apuntesdesanluis.com\/index.php\/author\/apuntesdesanluis-com\/\"}]}<\/script>\n<!-- \/ Yoast SEO plugin. -->","yoast_head_json":{"title":"SABAG MONTIEL: \u201cYO QUER\u00cdA MATAR A CRISTINA Y BRENDA LA QUER\u00cdA VER MUERTA\" - Apuntes de San Luis","robots":{"index":"index","follow":"follow","max-snippet":"max-snippet:-1","max-image-preview":"max-image-preview:large","max-video-preview":"max-video-preview:-1"},"canonical":"https:\/\/apuntesdesanluis.com\/index.php\/2024\/06\/26\/sabag-montiel-yo-queria-matar-a-cristina-y-brenda-la-queria-ver-muerta\/","og_locale":"es_ES","og_type":"article","og_title":"SABAG MONTIEL: \u201cYO QUER\u00cdA MATAR A CRISTINA Y BRENDA LA QUER\u00cdA VER MUERTA\" - Apuntes de San Luis","og_description":"El acusado por intento de magnicidio sostuvo un cartel en la audiencia que comenz\u00f3 este...","og_url":"https:\/\/apuntesdesanluis.com\/index.php\/2024\/06\/26\/sabag-montiel-yo-queria-matar-a-cristina-y-brenda-la-queria-ver-muerta\/","og_site_name":"Apuntes de San Luis","article_published_time":"2024-06-27T01:29:16+00:00","article_modified_time":"2024-06-27T01:34:55+00:00","og_image":[{"width":705,"height":427,"url":"https:\/\/apuntesdesanluis.com\/wp-content\/uploads\/2024\/06\/SABAG-MONTIEL.png","type":"image\/png"}],"author":"apuntesdesanluis.com","twitter_card":"summary_large_image","twitter_misc":{"Escrito por":"apuntesdesanluis.com","Tiempo de lectura":"5 minutos"},"schema":{"@context":"https:\/\/schema.org","@graph":[{"@type":"Article","@id":"https:\/\/apuntesdesanluis.com\/index.php\/2024\/06\/26\/sabag-montiel-yo-queria-matar-a-cristina-y-brenda-la-queria-ver-muerta\/#article","isPartOf":{"@id":"https:\/\/apuntesdesanluis.com\/index.php\/2024\/06\/26\/sabag-montiel-yo-queria-matar-a-cristina-y-brenda-la-queria-ver-muerta\/"},"author":{"name":"apuntesdesanluis.com","@id":"https:\/\/apuntesdesanluis.com\/#\/schema\/person\/b55151d52296fcce64d1a72538a70b90"},"headline":"SABAG MONTIEL: \u201cYO QUER\u00cdA MATAR A CRISTINA Y BRENDA LA QUER\u00cdA VER MUERTA&#8221;","datePublished":"2024-06-27T01:29:16+00:00","dateModified":"2024-06-27T01:34:55+00:00","mainEntityOfPage":{"@id":"https:\/\/apuntesdesanluis.com\/index.php\/2024\/06\/26\/sabag-montiel-yo-queria-matar-a-cristina-y-brenda-la-queria-ver-muerta\/"},"wordCount":968,"publisher":{"@id":"https:\/\/apuntesdesanluis.com\/#\/schema\/person\/b55151d52296fcce64d1a72538a70b90"},"image":{"@id":"https:\/\/apuntesdesanluis.com\/index.php\/2024\/06\/26\/sabag-montiel-yo-queria-matar-a-cristina-y-brenda-la-queria-ver-muerta\/#primaryimage"},"thumbnailUrl":"https:\/\/apuntesdesanluis.com\/wp-content\/uploads\/2024\/06\/SABAG-MONTIEL.png","articleSection":["Nacionales\/Internacionales"],"inLanguage":"es-AR"},{"@type":"WebPage","@id":"https:\/\/apuntesdesanluis.com\/index.php\/2024\/06\/26\/sabag-montiel-yo-queria-matar-a-cristina-y-brenda-la-queria-ver-muerta\/","url":"https:\/\/apuntesdesanluis.com\/index.php\/2024\/06\/26\/sabag-montiel-yo-queria-matar-a-cristina-y-brenda-la-queria-ver-muerta\/","name":"SABAG MONTIEL: \u201cYO QUER\u00cdA MATAR A CRISTINA Y BRENDA LA QUER\u00cdA VER MUERTA\" - Apuntes de San Luis","isPartOf":{"@id":"https:\/\/apuntesdesanluis.com\/#website"},"primaryImageOfPage":{"@id":"https:\/\/apuntesdesanluis.com\/index.php\/2024\/06\/26\/sabag-montiel-yo-queria-matar-a-cristina-y-brenda-la-queria-ver-muerta\/#primaryimage"},"image":{"@id":"https:\/\/apuntesdesanluis.com\/index.php\/2024\/06\/26\/sabag-montiel-yo-queria-matar-a-cristina-y-brenda-la-queria-ver-muerta\/#primaryimage"},"thumbnailUrl":"https:\/\/apuntesdesanluis.com\/wp-content\/uploads\/2024\/06\/SABAG-MONTIEL.png","datePublished":"2024-06-27T01:29:16+00:00","dateModified":"2024-06-27T01:34:55+00:00","breadcrumb":{"@id":"https:\/\/apuntesdesanluis.com\/index.php\/2024\/06\/26\/sabag-montiel-yo-queria-matar-a-cristina-y-brenda-la-queria-ver-muerta\/#breadcrumb"},"inLanguage":"es-AR","potentialAction":[{"@type":"ReadAction","target":["https:\/\/apuntesdesanluis.com\/index.php\/2024\/06\/26\/sabag-montiel-yo-queria-matar-a-cristina-y-brenda-la-queria-ver-muerta\/"]}]},{"@type":"ImageObject","inLanguage":"es-AR","@id":"https:\/\/apuntesdesanluis.com\/index.php\/2024\/06\/26\/sabag-montiel-yo-queria-matar-a-cristina-y-brenda-la-queria-ver-muerta\/#primaryimage","url":"https:\/\/apuntesdesanluis.com\/wp-content\/uploads\/2024\/06\/SABAG-MONTIEL.png","contentUrl":"https:\/\/apuntesdesanluis.com\/wp-content\/uploads\/2024\/06\/SABAG-MONTIEL.png","width":705,"height":427},{"@type":"BreadcrumbList","@id":"https:\/\/apuntesdesanluis.com\/index.php\/2024\/06\/26\/sabag-montiel-yo-queria-matar-a-cristina-y-brenda-la-queria-ver-muerta\/#breadcrumb","itemListElement":[{"@type":"ListItem","position":1,"name":"Inicio","item":"https:\/\/apuntesdesanluis.com\/"},{"@type":"ListItem","position":2,"name":"SABAG MONTIEL: \u201cYO QUER\u00cdA MATAR A CRISTINA Y BRENDA LA QUER\u00cdA VER MUERTA&#8221;"}]},{"@type":"WebSite","@id":"https:\/\/apuntesdesanluis.com\/#website","url":"https:\/\/apuntesdesanluis.com\/","name":"Apuntes de San Luis","description":"","publisher":{"@id":"https:\/\/apuntesdesanluis.com\/#\/schema\/person\/b55151d52296fcce64d1a72538a70b90"},"potentialAction":[{"@type":"SearchAction","target":{"@type":"EntryPoint","urlTemplate":"https:\/\/apuntesdesanluis.com\/?s={search_term_string}"},"query-input":{"@type":"PropertyValueSpecification","valueRequired":true,"valueName":"search_term_string"}}],"inLanguage":"es-AR"},{"@type":["Person","Organization"],"@id":"https:\/\/apuntesdesanluis.com\/#\/schema\/person\/b55151d52296fcce64d1a72538a70b90","name":"apuntesdesanluis.com","image":{"@type":"ImageObject","inLanguage":"es-AR","@id":"https:\/\/apuntesdesanluis.com\/#\/schema\/person\/image\/","url":"https:\/\/apuntesdesanluis.com\/wp-content\/uploads\/2023\/07\/cropped-apuntesdesanluis.png","contentUrl":"https:\/\/apuntesdesanluis.com\/wp-content\/uploads\/2023\/07\/cropped-apuntesdesanluis.png","width":450,"height":112,"caption":"apuntesdesanluis.com"},"logo":{"@id":"https:\/\/apuntesdesanluis.com\/#\/schema\/person\/image\/"},"sameAs":["https:\/\/apuntesdesanluis.com"],"url":"https:\/\/apuntesdesanluis.com\/index.php\/author\/apuntesdesanluis-com\/"}]}},"featured_image_urls":{"full":["https:\/\/apuntesdesanluis.com\/wp-content\/uploads\/2024\/06\/SABAG-MONTIEL.png",705,427,false],"thumbnail":["https:\/\/apuntesdesanluis.com\/wp-content\/uploads\/2024\/06\/SABAG-MONTIEL-150x150.png",150,150,true],"medium":["https:\/\/apuntesdesanluis.com\/wp-content\/uploads\/2024\/06\/SABAG-MONTIEL-300x182.png",300,182,true],"medium_large":["https:\/\/apuntesdesanluis.com\/wp-content\/uploads\/2024\/06\/SABAG-MONTIEL.png",640,388,false],"large":["https:\/\/apuntesdesanluis.com\/wp-content\/uploads\/2024\/06\/SABAG-MONTIEL.png",640,388,false],"1536x1536":["https:\/\/apuntesdesanluis.com\/wp-content\/uploads\/2024\/06\/SABAG-MONTIEL.png",705,427,false],"2048x2048":["https:\/\/apuntesdesanluis.com\/wp-content\/uploads\/2024\/06\/SABAG-MONTIEL.png",705,427,false],"newsever-slider-full":["https:\/\/apuntesdesanluis.com\/wp-content\/uploads\/2024\/06\/SABAG-MONTIEL.png",705,427,false],"newsever-featured":["https:\/\/apuntesdesanluis.com\/wp-content\/uploads\/2024\/06\/SABAG-MONTIEL.png",705,427,false],"newsever-medium":["https:\/\/apuntesdesanluis.com\/wp-content\/uploads\/2024\/06\/SABAG-MONTIEL.png",705,427,false]},"author_info":{"display_name":"apuntesdesanluis.com","author_link":"https:\/\/apuntesdesanluis.com\/index.php\/author\/apuntesdesanluis-com\/"},"category_info":"<a href=\"https:\/\/apuntesdesanluis.com\/index.php\/category\/nacionales-internacionales\/\" rel=\"category tag\">Nacionales\/Internacionales<\/a>","tag_info":"Nacionales\/Internacionales","comment_count":"0","_links":{"self":[{"href":"https:\/\/apuntesdesanluis.com\/index.php\/wp-json\/wp\/v2\/posts\/18422","targetHints":{"allow":["GET"]}}],"collection":[{"href":"https:\/\/apuntesdesanluis.com\/index.php\/wp-json\/wp\/v2\/posts"}],"about":[{"href":"https:\/\/apuntesdesanluis.com\/index.php\/wp-json\/wp\/v2\/types\/post"}],"author":[{"embeddable":true,"href":"https:\/\/apuntesdesanluis.com\/index.php\/wp-json\/wp\/v2\/users\/1"}],"replies":[{"embeddable":true,"href":"https:\/\/apuntesdesanluis.com\/index.php\/wp-json\/wp\/v2\/comments?post=18422"}],"version-history":[{"count":4,"href":"https:\/\/apuntesdesanluis.com\/index.php\/wp-json\/wp\/v2\/posts\/18422\/revisions"}],"predecessor-version":[{"id":18428,"href":"https:\/\/apuntesdesanluis.com\/index.php\/wp-json\/wp\/v2\/posts\/18422\/revisions\/18428"}],"wp:featuredmedia":[{"embeddable":true,"href":"https:\/\/apuntesdesanluis.com\/index.php\/wp-json\/wp\/v2\/media\/18423"}],"wp:attachment":[{"href":"https:\/\/apuntesdesanluis.com\/index.php\/wp-json\/wp\/v2\/media?parent=18422"}],"wp:term":[{"taxonomy":"category","embeddable":true,"href":"https:\/\/apuntesdesanluis.com\/index.php\/wp-json\/wp\/v2\/categories?post=18422"},{"taxonomy":"post_tag","embeddable":true,"href":"https:\/\/apuntesdesanluis.com\/index.php\/wp-json\/wp\/v2\/tags?post=18422"}],"curies":[{"name":"wp","href":"https:\/\/api.w.org\/{rel}","templated":true}]}}