{"id":18432,"date":"2024-06-26T22:43:51","date_gmt":"2024-06-27T01:43:51","guid":{"rendered":"https:\/\/apuntesdesanluis.com\/?p=18432"},"modified":"2024-06-26T22:43:51","modified_gmt":"2024-06-27T01:43:51","slug":"el-consumo-volvio-a-caer-en-mayo-y-la-baja-en-comparacion-con-mismo-mes-del-ano-pasado-llego-al-77-por-ciento","status":"publish","type":"post","link":"https:\/\/apuntesdesanluis.com\/index.php\/2024\/06\/26\/el-consumo-volvio-a-caer-en-mayo-y-la-baja-en-comparacion-con-mismo-mes-del-ano-pasado-llego-al-77-por-ciento\/","title":{"rendered":"EL CONSUMO VOLVI\u00d3 A CAER EN MAYO Y LA BAJA EN COMPARACI\u00d3N CON MISMO MES DEL A\u00d1O PASADO LLEG\u00d3 AL 7,7 POR CIENTO"},"content":{"rendered":"<h3>El consumo de los hogares en Argentina experiment\u00f3 una significativa disminuci\u00f3n en mayo de 2024, con una ca\u00edda interanual del 7,7%, seg\u00fan el \u00faltimo Indicador de Consumo (IC) de la C\u00e1mara Argentina de Comercio y Servicios (CAC). La cifra desestacionalizada tambi\u00e9n muestra una disminuci\u00f3n mensual del 2,2% respecto a abril. El \u00edndice privado volvi\u00f3 a marcar un n\u00famero negativo tras subir 0,6% en abril en comparaci\u00f3n con marzo.<\/h3>\n<h3>El IC, una medida mensual desarrollada por la CAC, rastrea el consumo de los hogares en bienes y servicios finales, proporcionando informaci\u00f3n crucial sobre el estado del comercio y la actividad econ\u00f3mica en el pa\u00eds. Los datos acumulados para los primeros cinco meses de 2024 indican una disminuci\u00f3n interanual del 4,3%, destacando una continua tendencia a la baja desde el inicio del a\u00f1o y marcando la ca\u00edda m\u00e1s pronunciada desde febrero de 2021.<\/h3>\n<h3>Esta disminuci\u00f3n en el consumo se produce en un contexto econ\u00f3mico donde las tasas de inflaci\u00f3n tienden a la baja. \u201cEsto se da en un escenario econ\u00f3mico donde la inflaci\u00f3n contin\u00faa desaceler\u00e1ndose y ha marcado su menor valor desde enero de 2022. En mayo de 2024 la mensual fue de 4,2%, con una interanual de 276,4% y una acumulada anual de 71,9%\u201d, resalt\u00f3 el comunicado.<\/h3>\n<h3>\u201cSi bien la tasa de inflaci\u00f3n contin\u00faa desaceler\u00e1ndose, esto se debi\u00f3 a que los incrementos tarifarios de gas y electricidad pautados para el mes de mayo fueron postergados y tendr\u00edan lugar durante el mes de junio. La efectivizaci\u00f3n de estos aumentos podr\u00eda acelerar nuevamente la inflaci\u00f3n e impactar negativamente en el poder de compra de las familias, aumentando el gasto en vivienda, pero reduciendo el poder de compra para otros rubros. El contexto recesivo reduce la posibilidad de aumentos nominales en el salario que permitan una recuperaci\u00f3n de la demanda. En adici\u00f3n, los incrementos de AUH y tarjeta alimentar y la persistencia de bonos a jubilados parecen no ser suficientes para recomponer el poder de compra de los sectores m\u00e1s vulnerables\u201d, analiz\u00f3 el informe.<\/h3>\n<h3>Los sectores de recreaci\u00f3n y cultura (-42,6%) e indumentaria y calzado (-27%) fueron los m\u00e1s afectados. En el caso de indumentaria y calzado, \u201cSe explica por un ingreso real de los hogares y una deuda en tarjetas de cr\u00e9dito que cayeron en t\u00e9rminos interanuales, generando la postergaci\u00f3n de consumos no fundamentales para la vida cotidiana\u201d, seg\u00fan el informe.<\/h3>\n<h3>El transporte y los veh\u00edculos mostraron una ca\u00edda del 11,3% interanual, influenciada por \u201cun nivel de patentamientos de autom\u00f3viles que cay\u00f3 un 8% en t\u00e9rminos interanuales, un encarecimiento del precio de la nafta y una disminuci\u00f3n en las ventas de este combustible\u201d.<\/h3>\n<h3>\u201cEl contexto recesivo reduce la posibilidad de aumentos nominales en el salario que permitan una recuperaci\u00f3n de la demanda\u201d<\/h3>\n<h3>Por otro lado, el rubro de vivienda, alquileres y servicios p\u00fablicos experiment\u00f3 un incremento del 6,3% interanual en mayo, impulsado principalmente por una mayor demanda de electricidad debido a temperaturas m\u00e1s bajas de lo habitual.<\/h3>\n<h3>A pesar de la desaceleraci\u00f3n de la inflaci\u00f3n, la situaci\u00f3n econ\u00f3mica sigue siendo complicada, con un contexto recesivo que limita la capacidad de recuperaci\u00f3n de la demanda y los incrementos nominales en los salarios.<\/h3>\n<h3>\u201cEl desempe\u00f1o de la econom\u00eda argentina y el consumo presentan un comportamiento similar, lo cual se expresa en tasas de variaci\u00f3n interanual que, usualmente, se incrementan o reducen en la misma l\u00ednea. En el 2024, las i.a. tanto del EMAE como del IC presentan un comportamiento inicial negativo que contin\u00faa hasta los \u00faltimos datos disponibles. En mayo, el IC atraves\u00f3 una nueva contracci\u00f3n, mientras que la econom\u00eda argentina mostr\u00f3 una nueva variaci\u00f3n negativa durante marzo: en ambos casos, la ca\u00edda fue la m\u00e1s profunda del a\u00f1o\u201d, agreg\u00f3 la CAC.<\/h3>\n<p>&nbsp;<\/p>\n<p>&nbsp;<\/p>\n<p>&nbsp;<\/p>\n<p>&nbsp;<\/p>\n<p>&nbsp;<\/p>\n<p>&nbsp;<\/p>\n","protected":false},"excerpt":{"rendered":"<p>El consumo de los hogares en Argentina experiment\u00f3 una significativa disminuci\u00f3n en mayo de 2024,&#8230;<\/p>\n","protected":false},"author":1,"featured_media":18433,"comment_status":"closed","ping_status":"closed","sticky":false,"template":"","format":"standard","meta":{"footnotes":""},"categories":[5],"tags":[],"class_list":["post-18432","post","type-post","status-publish","format-standard","has-post-thumbnail","hentry","category-nacionales-internacionales"],"yoast_head":"<!-- This site is optimized with the Yoast SEO plugin v26.1.1 - https:\/\/yoast.com\/wordpress\/plugins\/seo\/ -->\n<title>EL CONSUMO VOLVI\u00d3 A CAER EN MAYO Y LA BAJA EN COMPARACI\u00d3N CON MISMO MES DEL A\u00d1O PASADO LLEG\u00d3 AL 7,7 POR CIENTO - Apuntes de San Luis<\/title>\n<meta name=\"robots\" content=\"index, follow, max-snippet:-1, max-image-preview:large, max-video-preview:-1\" \/>\n<link rel=\"canonical\" href=\"https:\/\/apuntesdesanluis.com\/index.php\/2024\/06\/26\/el-consumo-volvio-a-caer-en-mayo-y-la-baja-en-comparacion-con-mismo-mes-del-ano-pasado-llego-al-77-por-ciento\/\" \/>\n<meta property=\"og:locale\" content=\"es_ES\" \/>\n<meta property=\"og:type\" content=\"article\" \/>\n<meta property=\"og:title\" content=\"EL CONSUMO VOLVI\u00d3 A CAER EN MAYO Y LA BAJA EN COMPARACI\u00d3N CON MISMO MES DEL A\u00d1O PASADO LLEG\u00d3 AL 7,7 POR CIENTO - Apuntes de San Luis\" \/>\n<meta property=\"og:description\" content=\"El consumo de los hogares en Argentina experiment\u00f3 una significativa disminuci\u00f3n en mayo de 2024,...\" \/>\n<meta property=\"og:url\" content=\"https:\/\/apuntesdesanluis.com\/index.php\/2024\/06\/26\/el-consumo-volvio-a-caer-en-mayo-y-la-baja-en-comparacion-con-mismo-mes-del-ano-pasado-llego-al-77-por-ciento\/\" \/>\n<meta property=\"og:site_name\" content=\"Apuntes de San Luis\" \/>\n<meta property=\"article:published_time\" content=\"2024-06-27T01:43:51+00:00\" \/>\n<meta property=\"og:image\" content=\"https:\/\/apuntesdesanluis.com\/wp-content\/uploads\/2024\/06\/C-ONSUMO-CAIDA.png\" \/>\n\t<meta property=\"og:image:width\" content=\"754\" \/>\n\t<meta property=\"og:image:height\" content=\"451\" \/>\n\t<meta property=\"og:image:type\" content=\"image\/png\" \/>\n<meta name=\"author\" content=\"apuntesdesanluis.com\" \/>\n<meta name=\"twitter:card\" content=\"summary_large_image\" \/>\n<meta name=\"twitter:label1\" content=\"Escrito por\" \/>\n\t<meta name=\"twitter:data1\" content=\"apuntesdesanluis.com\" \/>\n\t<meta name=\"twitter:label2\" content=\"Tiempo de lectura\" \/>\n\t<meta name=\"twitter:data2\" content=\"3 minutos\" \/>\n<script type=\"application\/ld+json\" class=\"yoast-schema-graph\">{\"@context\":\"https:\/\/schema.org\",\"@graph\":[{\"@type\":\"Article\",\"@id\":\"https:\/\/apuntesdesanluis.com\/index.php\/2024\/06\/26\/el-consumo-volvio-a-caer-en-mayo-y-la-baja-en-comparacion-con-mismo-mes-del-ano-pasado-llego-al-77-por-ciento\/#article\",\"isPartOf\":{\"@id\":\"https:\/\/apuntesdesanluis.com\/index.php\/2024\/06\/26\/el-consumo-volvio-a-caer-en-mayo-y-la-baja-en-comparacion-con-mismo-mes-del-ano-pasado-llego-al-77-por-ciento\/\"},\"author\":{\"name\":\"apuntesdesanluis.com\",\"@id\":\"https:\/\/apuntesdesanluis.com\/#\/schema\/person\/b55151d52296fcce64d1a72538a70b90\"},\"headline\":\"EL CONSUMO VOLVI\u00d3 A CAER EN MAYO Y LA BAJA EN COMPARACI\u00d3N CON MISMO MES DEL A\u00d1O PASADO LLEG\u00d3 AL 7,7 POR CIENTO\",\"datePublished\":\"2024-06-27T01:43:51+00:00\",\"mainEntityOfPage\":{\"@id\":\"https:\/\/apuntesdesanluis.com\/index.php\/2024\/06\/26\/el-consumo-volvio-a-caer-en-mayo-y-la-baja-en-comparacion-con-mismo-mes-del-ano-pasado-llego-al-77-por-ciento\/\"},\"wordCount\":684,\"publisher\":{\"@id\":\"https:\/\/apuntesdesanluis.com\/#\/schema\/person\/b55151d52296fcce64d1a72538a70b90\"},\"image\":{\"@id\":\"https:\/\/apuntesdesanluis.com\/index.php\/2024\/06\/26\/el-consumo-volvio-a-caer-en-mayo-y-la-baja-en-comparacion-con-mismo-mes-del-ano-pasado-llego-al-77-por-ciento\/#primaryimage\"},\"thumbnailUrl\":\"https:\/\/apuntesdesanluis.com\/wp-content\/uploads\/2024\/06\/C-ONSUMO-CAIDA.png\",\"articleSection\":[\"Nacionales\/Internacionales\"],\"inLanguage\":\"es-AR\"},{\"@type\":\"WebPage\",\"@id\":\"https:\/\/apuntesdesanluis.com\/index.php\/2024\/06\/26\/el-consumo-volvio-a-caer-en-mayo-y-la-baja-en-comparacion-con-mismo-mes-del-ano-pasado-llego-al-77-por-ciento\/\",\"url\":\"https:\/\/apuntesdesanluis.com\/index.php\/2024\/06\/26\/el-consumo-volvio-a-caer-en-mayo-y-la-baja-en-comparacion-con-mismo-mes-del-ano-pasado-llego-al-77-por-ciento\/\",\"name\":\"EL CONSUMO VOLVI\u00d3 A CAER EN MAYO Y LA BAJA EN COMPARACI\u00d3N CON MISMO MES DEL A\u00d1O PASADO LLEG\u00d3 AL 7,7 POR CIENTO - Apuntes de San Luis\",\"isPartOf\":{\"@id\":\"https:\/\/apuntesdesanluis.com\/#website\"},\"primaryImageOfPage\":{\"@id\":\"https:\/\/apuntesdesanluis.com\/index.php\/2024\/06\/26\/el-consumo-volvio-a-caer-en-mayo-y-la-baja-en-comparacion-con-mismo-mes-del-ano-pasado-llego-al-77-por-ciento\/#primaryimage\"},\"image\":{\"@id\":\"https:\/\/apuntesdesanluis.com\/index.php\/2024\/06\/26\/el-consumo-volvio-a-caer-en-mayo-y-la-baja-en-comparacion-con-mismo-mes-del-ano-pasado-llego-al-77-por-ciento\/#primaryimage\"},\"thumbnailUrl\":\"https:\/\/apuntesdesanluis.com\/wp-content\/uploads\/2024\/06\/C-ONSUMO-CAIDA.png\",\"datePublished\":\"2024-06-27T01:43:51+00:00\",\"breadcrumb\":{\"@id\":\"https:\/\/apuntesdesanluis.com\/index.php\/2024\/06\/26\/el-consumo-volvio-a-caer-en-mayo-y-la-baja-en-comparacion-con-mismo-mes-del-ano-pasado-llego-al-77-por-ciento\/#breadcrumb\"},\"inLanguage\":\"es-AR\",\"potentialAction\":[{\"@type\":\"ReadAction\",\"target\":[\"https:\/\/apuntesdesanluis.com\/index.php\/2024\/06\/26\/el-consumo-volvio-a-caer-en-mayo-y-la-baja-en-comparacion-con-mismo-mes-del-ano-pasado-llego-al-77-por-ciento\/\"]}]},{\"@type\":\"ImageObject\",\"inLanguage\":\"es-AR\",\"@id\":\"https:\/\/apuntesdesanluis.com\/index.php\/2024\/06\/26\/el-consumo-volvio-a-caer-en-mayo-y-la-baja-en-comparacion-con-mismo-mes-del-ano-pasado-llego-al-77-por-ciento\/#primaryimage\",\"url\":\"https:\/\/apuntesdesanluis.com\/wp-content\/uploads\/2024\/06\/C-ONSUMO-CAIDA.png\",\"contentUrl\":\"https:\/\/apuntesdesanluis.com\/wp-content\/uploads\/2024\/06\/C-ONSUMO-CAIDA.png\",\"width\":754,\"height\":451},{\"@type\":\"BreadcrumbList\",\"@id\":\"https:\/\/apuntesdesanluis.com\/index.php\/2024\/06\/26\/el-consumo-volvio-a-caer-en-mayo-y-la-baja-en-comparacion-con-mismo-mes-del-ano-pasado-llego-al-77-por-ciento\/#breadcrumb\",\"itemListElement\":[{\"@type\":\"ListItem\",\"position\":1,\"name\":\"Inicio\",\"item\":\"https:\/\/apuntesdesanluis.com\/\"},{\"@type\":\"ListItem\",\"position\":2,\"name\":\"EL CONSUMO VOLVI\u00d3 A CAER EN MAYO Y LA BAJA EN COMPARACI\u00d3N CON MISMO MES DEL A\u00d1O PASADO LLEG\u00d3 AL 7,7 POR CIENTO\"}]},{\"@type\":\"WebSite\",\"@id\":\"https:\/\/apuntesdesanluis.com\/#website\",\"url\":\"https:\/\/apuntesdesanluis.com\/\",\"name\":\"Apuntes de San Luis\",\"description\":\"\",\"publisher\":{\"@id\":\"https:\/\/apuntesdesanluis.com\/#\/schema\/person\/b55151d52296fcce64d1a72538a70b90\"},\"potentialAction\":[{\"@type\":\"SearchAction\",\"target\":{\"@type\":\"EntryPoint\",\"urlTemplate\":\"https:\/\/apuntesdesanluis.com\/?s={search_term_string}\"},\"query-input\":{\"@type\":\"PropertyValueSpecification\",\"valueRequired\":true,\"valueName\":\"search_term_string\"}}],\"inLanguage\":\"es-AR\"},{\"@type\":[\"Person\",\"Organization\"],\"@id\":\"https:\/\/apuntesdesanluis.com\/#\/schema\/person\/b55151d52296fcce64d1a72538a70b90\",\"name\":\"apuntesdesanluis.com\",\"image\":{\"@type\":\"ImageObject\",\"inLanguage\":\"es-AR\",\"@id\":\"https:\/\/apuntesdesanluis.com\/#\/schema\/person\/image\/\",\"url\":\"https:\/\/apuntesdesanluis.com\/wp-content\/uploads\/2023\/07\/cropped-apuntesdesanluis.png\",\"contentUrl\":\"https:\/\/apuntesdesanluis.com\/wp-content\/uploads\/2023\/07\/cropped-apuntesdesanluis.png\",\"width\":450,\"height\":112,\"caption\":\"apuntesdesanluis.com\"},\"logo\":{\"@id\":\"https:\/\/apuntesdesanluis.com\/#\/schema\/person\/image\/\"},\"sameAs\":[\"https:\/\/apuntesdesanluis.com\"],\"url\":\"https:\/\/apuntesdesanluis.com\/index.php\/author\/apuntesdesanluis-com\/\"}]}<\/script>\n<!-- \/ Yoast SEO plugin. -->","yoast_head_json":{"title":"EL CONSUMO VOLVI\u00d3 A CAER EN MAYO Y LA BAJA EN COMPARACI\u00d3N CON MISMO MES DEL A\u00d1O PASADO LLEG\u00d3 AL 7,7 POR CIENTO - Apuntes de San Luis","robots":{"index":"index","follow":"follow","max-snippet":"max-snippet:-1","max-image-preview":"max-image-preview:large","max-video-preview":"max-video-preview:-1"},"canonical":"https:\/\/apuntesdesanluis.com\/index.php\/2024\/06\/26\/el-consumo-volvio-a-caer-en-mayo-y-la-baja-en-comparacion-con-mismo-mes-del-ano-pasado-llego-al-77-por-ciento\/","og_locale":"es_ES","og_type":"article","og_title":"EL CONSUMO VOLVI\u00d3 A CAER EN MAYO Y LA BAJA EN COMPARACI\u00d3N CON MISMO MES DEL A\u00d1O PASADO LLEG\u00d3 AL 7,7 POR CIENTO - Apuntes de San Luis","og_description":"El consumo de los hogares en Argentina experiment\u00f3 una significativa disminuci\u00f3n en mayo de 2024,...","og_url":"https:\/\/apuntesdesanluis.com\/index.php\/2024\/06\/26\/el-consumo-volvio-a-caer-en-mayo-y-la-baja-en-comparacion-con-mismo-mes-del-ano-pasado-llego-al-77-por-ciento\/","og_site_name":"Apuntes de San Luis","article_published_time":"2024-06-27T01:43:51+00:00","og_image":[{"width":754,"height":451,"url":"https:\/\/apuntesdesanluis.com\/wp-content\/uploads\/2024\/06\/C-ONSUMO-CAIDA.png","type":"image\/png"}],"author":"apuntesdesanluis.com","twitter_card":"summary_large_image","twitter_misc":{"Escrito por":"apuntesdesanluis.com","Tiempo de lectura":"3 minutos"},"schema":{"@context":"https:\/\/schema.org","@graph":[{"@type":"Article","@id":"https:\/\/apuntesdesanluis.com\/index.php\/2024\/06\/26\/el-consumo-volvio-a-caer-en-mayo-y-la-baja-en-comparacion-con-mismo-mes-del-ano-pasado-llego-al-77-por-ciento\/#article","isPartOf":{"@id":"https:\/\/apuntesdesanluis.com\/index.php\/2024\/06\/26\/el-consumo-volvio-a-caer-en-mayo-y-la-baja-en-comparacion-con-mismo-mes-del-ano-pasado-llego-al-77-por-ciento\/"},"author":{"name":"apuntesdesanluis.com","@id":"https:\/\/apuntesdesanluis.com\/#\/schema\/person\/b55151d52296fcce64d1a72538a70b90"},"headline":"EL CONSUMO VOLVI\u00d3 A CAER EN MAYO Y LA BAJA EN COMPARACI\u00d3N CON MISMO MES DEL A\u00d1O PASADO LLEG\u00d3 AL 7,7 POR CIENTO","datePublished":"2024-06-27T01:43:51+00:00","mainEntityOfPage":{"@id":"https:\/\/apuntesdesanluis.com\/index.php\/2024\/06\/26\/el-consumo-volvio-a-caer-en-mayo-y-la-baja-en-comparacion-con-mismo-mes-del-ano-pasado-llego-al-77-por-ciento\/"},"wordCount":684,"publisher":{"@id":"https:\/\/apuntesdesanluis.com\/#\/schema\/person\/b55151d52296fcce64d1a72538a70b90"},"image":{"@id":"https:\/\/apuntesdesanluis.com\/index.php\/2024\/06\/26\/el-consumo-volvio-a-caer-en-mayo-y-la-baja-en-comparacion-con-mismo-mes-del-ano-pasado-llego-al-77-por-ciento\/#primaryimage"},"thumbnailUrl":"https:\/\/apuntesdesanluis.com\/wp-content\/uploads\/2024\/06\/C-ONSUMO-CAIDA.png","articleSection":["Nacionales\/Internacionales"],"inLanguage":"es-AR"},{"@type":"WebPage","@id":"https:\/\/apuntesdesanluis.com\/index.php\/2024\/06\/26\/el-consumo-volvio-a-caer-en-mayo-y-la-baja-en-comparacion-con-mismo-mes-del-ano-pasado-llego-al-77-por-ciento\/","url":"https:\/\/apuntesdesanluis.com\/index.php\/2024\/06\/26\/el-consumo-volvio-a-caer-en-mayo-y-la-baja-en-comparacion-con-mismo-mes-del-ano-pasado-llego-al-77-por-ciento\/","name":"EL CONSUMO VOLVI\u00d3 A CAER EN MAYO Y LA BAJA EN COMPARACI\u00d3N CON MISMO MES DEL A\u00d1O PASADO LLEG\u00d3 AL 7,7 POR CIENTO - Apuntes de San Luis","isPartOf":{"@id":"https:\/\/apuntesdesanluis.com\/#website"},"primaryImageOfPage":{"@id":"https:\/\/apuntesdesanluis.com\/index.php\/2024\/06\/26\/el-consumo-volvio-a-caer-en-mayo-y-la-baja-en-comparacion-con-mismo-mes-del-ano-pasado-llego-al-77-por-ciento\/#primaryimage"},"image":{"@id":"https:\/\/apuntesdesanluis.com\/index.php\/2024\/06\/26\/el-consumo-volvio-a-caer-en-mayo-y-la-baja-en-comparacion-con-mismo-mes-del-ano-pasado-llego-al-77-por-ciento\/#primaryimage"},"thumbnailUrl":"https:\/\/apuntesdesanluis.com\/wp-content\/uploads\/2024\/06\/C-ONSUMO-CAIDA.png","datePublished":"2024-06-27T01:43:51+00:00","breadcrumb":{"@id":"https:\/\/apuntesdesanluis.com\/index.php\/2024\/06\/26\/el-consumo-volvio-a-caer-en-mayo-y-la-baja-en-comparacion-con-mismo-mes-del-ano-pasado-llego-al-77-por-ciento\/#breadcrumb"},"inLanguage":"es-AR","potentialAction":[{"@type":"ReadAction","target":["https:\/\/apuntesdesanluis.com\/index.php\/2024\/06\/26\/el-consumo-volvio-a-caer-en-mayo-y-la-baja-en-comparacion-con-mismo-mes-del-ano-pasado-llego-al-77-por-ciento\/"]}]},{"@type":"ImageObject","inLanguage":"es-AR","@id":"https:\/\/apuntesdesanluis.com\/index.php\/2024\/06\/26\/el-consumo-volvio-a-caer-en-mayo-y-la-baja-en-comparacion-con-mismo-mes-del-ano-pasado-llego-al-77-por-ciento\/#primaryimage","url":"https:\/\/apuntesdesanluis.com\/wp-content\/uploads\/2024\/06\/C-ONSUMO-CAIDA.png","contentUrl":"https:\/\/apuntesdesanluis.com\/wp-content\/uploads\/2024\/06\/C-ONSUMO-CAIDA.png","width":754,"height":451},{"@type":"BreadcrumbList","@id":"https:\/\/apuntesdesanluis.com\/index.php\/2024\/06\/26\/el-consumo-volvio-a-caer-en-mayo-y-la-baja-en-comparacion-con-mismo-mes-del-ano-pasado-llego-al-77-por-ciento\/#breadcrumb","itemListElement":[{"@type":"ListItem","position":1,"name":"Inicio","item":"https:\/\/apuntesdesanluis.com\/"},{"@type":"ListItem","position":2,"name":"EL CONSUMO VOLVI\u00d3 A CAER EN MAYO Y LA BAJA EN COMPARACI\u00d3N CON MISMO MES DEL A\u00d1O PASADO LLEG\u00d3 AL 7,7 POR CIENTO"}]},{"@type":"WebSite","@id":"https:\/\/apuntesdesanluis.com\/#website","url":"https:\/\/apuntesdesanluis.com\/","name":"Apuntes de San Luis","description":"","publisher":{"@id":"https:\/\/apuntesdesanluis.com\/#\/schema\/person\/b55151d52296fcce64d1a72538a70b90"},"potentialAction":[{"@type":"SearchAction","target":{"@type":"EntryPoint","urlTemplate":"https:\/\/apuntesdesanluis.com\/?s={search_term_string}"},"query-input":{"@type":"PropertyValueSpecification","valueRequired":true,"valueName":"search_term_string"}}],"inLanguage":"es-AR"},{"@type":["Person","Organization"],"@id":"https:\/\/apuntesdesanluis.com\/#\/schema\/person\/b55151d52296fcce64d1a72538a70b90","name":"apuntesdesanluis.com","image":{"@type":"ImageObject","inLanguage":"es-AR","@id":"https:\/\/apuntesdesanluis.com\/#\/schema\/person\/image\/","url":"https:\/\/apuntesdesanluis.com\/wp-content\/uploads\/2023\/07\/cropped-apuntesdesanluis.png","contentUrl":"https:\/\/apuntesdesanluis.com\/wp-content\/uploads\/2023\/07\/cropped-apuntesdesanluis.png","width":450,"height":112,"caption":"apuntesdesanluis.com"},"logo":{"@id":"https:\/\/apuntesdesanluis.com\/#\/schema\/person\/image\/"},"sameAs":["https:\/\/apuntesdesanluis.com"],"url":"https:\/\/apuntesdesanluis.com\/index.php\/author\/apuntesdesanluis-com\/"}]}},"featured_image_urls":{"full":["https:\/\/apuntesdesanluis.com\/wp-content\/uploads\/2024\/06\/C-ONSUMO-CAIDA.png",754,451,false],"thumbnail":["https:\/\/apuntesdesanluis.com\/wp-content\/uploads\/2024\/06\/C-ONSUMO-CAIDA-150x150.png",150,150,true],"medium":["https:\/\/apuntesdesanluis.com\/wp-content\/uploads\/2024\/06\/C-ONSUMO-CAIDA-300x179.png",300,179,true],"medium_large":["https:\/\/apuntesdesanluis.com\/wp-content\/uploads\/2024\/06\/C-ONSUMO-CAIDA.png",640,383,false],"large":["https:\/\/apuntesdesanluis.com\/wp-content\/uploads\/2024\/06\/C-ONSUMO-CAIDA.png",640,383,false],"1536x1536":["https:\/\/apuntesdesanluis.com\/wp-content\/uploads\/2024\/06\/C-ONSUMO-CAIDA.png",754,451,false],"2048x2048":["https:\/\/apuntesdesanluis.com\/wp-content\/uploads\/2024\/06\/C-ONSUMO-CAIDA.png",754,451,false],"newsever-slider-full":["https:\/\/apuntesdesanluis.com\/wp-content\/uploads\/2024\/06\/C-ONSUMO-CAIDA.png",754,451,false],"newsever-featured":["https:\/\/apuntesdesanluis.com\/wp-content\/uploads\/2024\/06\/C-ONSUMO-CAIDA.png",754,451,false],"newsever-medium":["https:\/\/apuntesdesanluis.com\/wp-content\/uploads\/2024\/06\/C-ONSUMO-CAIDA-720x451.png",720,451,true]},"author_info":{"display_name":"apuntesdesanluis.com","author_link":"https:\/\/apuntesdesanluis.com\/index.php\/author\/apuntesdesanluis-com\/"},"category_info":"<a href=\"https:\/\/apuntesdesanluis.com\/index.php\/category\/nacionales-internacionales\/\" rel=\"category tag\">Nacionales\/Internacionales<\/a>","tag_info":"Nacionales\/Internacionales","comment_count":"0","_links":{"self":[{"href":"https:\/\/apuntesdesanluis.com\/index.php\/wp-json\/wp\/v2\/posts\/18432","targetHints":{"allow":["GET"]}}],"collection":[{"href":"https:\/\/apuntesdesanluis.com\/index.php\/wp-json\/wp\/v2\/posts"}],"about":[{"href":"https:\/\/apuntesdesanluis.com\/index.php\/wp-json\/wp\/v2\/types\/post"}],"author":[{"embeddable":true,"href":"https:\/\/apuntesdesanluis.com\/index.php\/wp-json\/wp\/v2\/users\/1"}],"replies":[{"embeddable":true,"href":"https:\/\/apuntesdesanluis.com\/index.php\/wp-json\/wp\/v2\/comments?post=18432"}],"version-history":[{"count":1,"href":"https:\/\/apuntesdesanluis.com\/index.php\/wp-json\/wp\/v2\/posts\/18432\/revisions"}],"predecessor-version":[{"id":18434,"href":"https:\/\/apuntesdesanluis.com\/index.php\/wp-json\/wp\/v2\/posts\/18432\/revisions\/18434"}],"wp:featuredmedia":[{"embeddable":true,"href":"https:\/\/apuntesdesanluis.com\/index.php\/wp-json\/wp\/v2\/media\/18433"}],"wp:attachment":[{"href":"https:\/\/apuntesdesanluis.com\/index.php\/wp-json\/wp\/v2\/media?parent=18432"}],"wp:term":[{"taxonomy":"category","embeddable":true,"href":"https:\/\/apuntesdesanluis.com\/index.php\/wp-json\/wp\/v2\/categories?post=18432"},{"taxonomy":"post_tag","embeddable":true,"href":"https:\/\/apuntesdesanluis.com\/index.php\/wp-json\/wp\/v2\/tags?post=18432"}],"curies":[{"name":"wp","href":"https:\/\/api.w.org\/{rel}","templated":true}]}}