{"id":18454,"date":"2024-06-27T20:39:41","date_gmt":"2024-06-27T23:39:41","guid":{"rendered":"https:\/\/apuntesdesanluis.com\/?p=18454"},"modified":"2024-06-27T20:39:41","modified_gmt":"2024-06-27T23:39:41","slug":"este-viernes-los-docentes-cobraran-el-doble-cargo-en-su-totalidad","status":"publish","type":"post","link":"https:\/\/apuntesdesanluis.com\/index.php\/2024\/06\/27\/este-viernes-los-docentes-cobraran-el-doble-cargo-en-su-totalidad\/","title":{"rendered":"ESTE VIERNES, LOS DOCENTES COBRAR\u00c1N EL DOBLE CARGO EN SU TOTALIDAD"},"content":{"rendered":"<h3>Este viernes 28, al percibir sus haberes, los docentes cobrar\u00e1n el total del doble cargo, confirm\u00f3 en conferencia de prensa el director de Recursos Humanos del ministerio de Hacienda e Infraestructura P\u00fablica, <strong>Mario Ju\u00e1rez<\/strong>.<\/h3>\n<h3>\u201cEn la liquidaci\u00f3n de junio se va a dar cumplimiento a la cuarta y \u00faltima etapa relacionada con el doble cargo, que el Gobernador anunci\u00f3 meses atr\u00e1s y que se hizo en forma paulatina a partir de marzo\u201d, record\u00f3. En la provincia, hay unos 3.200 docentes con doble cargo que se ven beneficiados con esta disposici\u00f3n.<\/h3>\n<h3>\u201cImplica que, a partir de ahora, cada docente que tenga cargos u horas c\u00e1tedras o combinaciones de cargo y hora percibir\u00e1 sus haberes en raz\u00f3n de ese cargo u horas, y se da por finalizada esta problem\u00e1tica\u201d, dijo Ju\u00e1rez, quien agreg\u00f3 que para dar soluci\u00f3n a este tema tambi\u00e9n fue necesario hacer una reestructuraci\u00f3n de la liquidaci\u00f3n docente, lo que afecta a la totalidad, no solo a aquellos educadores con doble cargo.<\/h3>\n<p><iframe title=\"Mario Ju\u00e1rez, director de Recursos Humanos\" width=\"640\" height=\"360\" src=\"https:\/\/www.youtube.com\/embed\/tsOo3lkADCY?feature=oembed\" frameborder=\"0\" allow=\"accelerometer; autoplay; clipboard-write; encrypted-media; gyroscope; picture-in-picture; web-share\" referrerpolicy=\"strict-origin-when-cross-origin\" allowfullscreen><\/iframe><\/p>\n<h3>Los docentes tienen una composici\u00f3n salarial dentro de la cual hay componentes que se denominaban complementos, y que estaban mencionados de esa forma en los recibos. El b\u00e1sico es un \u00edtem dentro de la liquidaci\u00f3n del sueldo, de la misma manera que la antig\u00fcedad o la zona en determinadas escuelas de la provincia. El resto de la composici\u00f3n de la liquidaci\u00f3n son estos complementos, que fueron los que originaron lo que se denomin\u00f3 el problema del doble cargo, porque estaban determinados por persona.<\/h3>\n<h3>\u201cHay que tener presente que el convenio de los docentes es el \u00fanico donde una persona puede tener m\u00e1s de un cargo o combinaci\u00f3n de cargo y hora. Esto no sucede, por ejemplo, en la carrera sanitaria, en el escalaf\u00f3n general, en seguridad, en el convenio de salud, donde una persona tiene un cargo y no puede tener m\u00e1s. Entonces, al convenio de docentes en particular se le gener\u00f3 esta situaci\u00f3n que tiene que ver con los complementos. Eso es lo que se va a reemplazar por conceptos que son porcentajes del b\u00e1sico, permitiendo de esta manera que cada cargo tenga un piso salarial, si se quiere, en raz\u00f3n de la funci\u00f3n, que est\u00e1 determinada por el estatuto. Lo que es el b\u00e1sico, la antig\u00fcedad, la zona no se toca nada, porque eso est\u00e1 determinado a trav\u00e9s de una ley, que es el estatuto docente\u201d, dijo.<\/h3>\n<h3>Por otro lado, San Luis continuar\u00e1 con el pago del Fondo Incentivo Provincial. Desde enero, lo que se nominaba Fondo Incentivo Docente Nacional se dej\u00f3 de remitir a todas las jurisdicciones, no en particular a San Luis. Muchas provincias inclusive dejaron de pagarlo, no solamente porque no fue transferido por Naci\u00f3n sino que se tom\u00f3 la decisi\u00f3n de no afrontarlo con fondos propios. Esta no fue la situaci\u00f3n de San Luis.<\/h3>\n<h3>\u201cEn la provincia, en enero se tom\u00f3 la decisi\u00f3n de hacer frente con un Fondo Incentivo Docente Provincial, es decir, con fondos propios, y este mes se va a continuar. De no hacerlo, hubiese implicado una disminuci\u00f3n en los haberes. El monto es de $27.800 por el cargo testigo o las 15 horas c\u00e1tedras y tiene una proporci\u00f3n para arriba o para abajo, en raz\u00f3n de lo que puede tener cada uno de los docentes\u201d, dijo. Esto, explic\u00f3 el funcionario, forma parte de la recomposici\u00f3n salarial que se lleva adelante desde enero a la fecha.<\/h3>\n<p>&nbsp;<\/p>\n<p>&nbsp;<\/p>\n<p>&nbsp;<\/p>\n<p>&nbsp;<\/p>\n<p>&nbsp;<\/p>\n<p>&nbsp;<\/p>\n","protected":false},"excerpt":{"rendered":"<p>Este viernes 28, al percibir sus haberes, los docentes cobrar\u00e1n el total del doble cargo,&#8230;<\/p>\n","protected":false},"author":1,"featured_media":18455,"comment_status":"closed","ping_status":"closed","sticky":false,"template":"","format":"standard","meta":{"footnotes":""},"categories":[6],"tags":[],"class_list":["post-18454","post","type-post","status-publish","format-standard","has-post-thumbnail","hentry","category-ciudad-provincia"],"yoast_head":"<!-- This site is optimized with the Yoast SEO plugin v26.1.1 - https:\/\/yoast.com\/wordpress\/plugins\/seo\/ -->\n<title>ESTE VIERNES, LOS DOCENTES COBRAR\u00c1N EL DOBLE CARGO EN SU TOTALIDAD - Apuntes de San Luis<\/title>\n<meta name=\"robots\" content=\"index, follow, max-snippet:-1, max-image-preview:large, max-video-preview:-1\" \/>\n<link rel=\"canonical\" href=\"https:\/\/apuntesdesanluis.com\/index.php\/2024\/06\/27\/este-viernes-los-docentes-cobraran-el-doble-cargo-en-su-totalidad\/\" \/>\n<meta property=\"og:locale\" content=\"es_ES\" \/>\n<meta property=\"og:type\" content=\"article\" \/>\n<meta property=\"og:title\" content=\"ESTE VIERNES, LOS DOCENTES COBRAR\u00c1N EL DOBLE CARGO EN SU TOTALIDAD - Apuntes de San Luis\" \/>\n<meta property=\"og:description\" content=\"Este viernes 28, al percibir sus haberes, los docentes cobrar\u00e1n el total del doble cargo,...\" \/>\n<meta property=\"og:url\" content=\"https:\/\/apuntesdesanluis.com\/index.php\/2024\/06\/27\/este-viernes-los-docentes-cobraran-el-doble-cargo-en-su-totalidad\/\" \/>\n<meta property=\"og:site_name\" content=\"Apuntes de San Luis\" \/>\n<meta property=\"article:published_time\" content=\"2024-06-27T23:39:41+00:00\" \/>\n<meta property=\"og:image\" content=\"https:\/\/apuntesdesanluis.com\/wp-content\/uploads\/2024\/06\/MARIO-JUAREZ.png\" \/>\n\t<meta property=\"og:image:width\" content=\"600\" \/>\n\t<meta property=\"og:image:height\" content=\"320\" \/>\n\t<meta property=\"og:image:type\" content=\"image\/png\" \/>\n<meta name=\"author\" content=\"apuntesdesanluis.com\" \/>\n<meta name=\"twitter:card\" content=\"summary_large_image\" \/>\n<meta name=\"twitter:label1\" content=\"Escrito por\" \/>\n\t<meta name=\"twitter:data1\" content=\"apuntesdesanluis.com\" \/>\n\t<meta name=\"twitter:label2\" content=\"Tiempo de lectura\" \/>\n\t<meta name=\"twitter:data2\" content=\"3 minutos\" \/>\n<script type=\"application\/ld+json\" class=\"yoast-schema-graph\">{\"@context\":\"https:\/\/schema.org\",\"@graph\":[{\"@type\":\"Article\",\"@id\":\"https:\/\/apuntesdesanluis.com\/index.php\/2024\/06\/27\/este-viernes-los-docentes-cobraran-el-doble-cargo-en-su-totalidad\/#article\",\"isPartOf\":{\"@id\":\"https:\/\/apuntesdesanluis.com\/index.php\/2024\/06\/27\/este-viernes-los-docentes-cobraran-el-doble-cargo-en-su-totalidad\/\"},\"author\":{\"name\":\"apuntesdesanluis.com\",\"@id\":\"https:\/\/apuntesdesanluis.com\/#\/schema\/person\/b55151d52296fcce64d1a72538a70b90\"},\"headline\":\"ESTE VIERNES, LOS DOCENTES COBRAR\u00c1N EL DOBLE CARGO EN SU TOTALIDAD\",\"datePublished\":\"2024-06-27T23:39:41+00:00\",\"mainEntityOfPage\":{\"@id\":\"https:\/\/apuntesdesanluis.com\/index.php\/2024\/06\/27\/este-viernes-los-docentes-cobraran-el-doble-cargo-en-su-totalidad\/\"},\"wordCount\":618,\"publisher\":{\"@id\":\"https:\/\/apuntesdesanluis.com\/#\/schema\/person\/b55151d52296fcce64d1a72538a70b90\"},\"image\":{\"@id\":\"https:\/\/apuntesdesanluis.com\/index.php\/2024\/06\/27\/este-viernes-los-docentes-cobraran-el-doble-cargo-en-su-totalidad\/#primaryimage\"},\"thumbnailUrl\":\"https:\/\/apuntesdesanluis.com\/wp-content\/uploads\/2024\/06\/MARIO-JUAREZ.png\",\"articleSection\":[\"Ciudad\/Provincia\"],\"inLanguage\":\"es-AR\"},{\"@type\":\"WebPage\",\"@id\":\"https:\/\/apuntesdesanluis.com\/index.php\/2024\/06\/27\/este-viernes-los-docentes-cobraran-el-doble-cargo-en-su-totalidad\/\",\"url\":\"https:\/\/apuntesdesanluis.com\/index.php\/2024\/06\/27\/este-viernes-los-docentes-cobraran-el-doble-cargo-en-su-totalidad\/\",\"name\":\"ESTE VIERNES, LOS DOCENTES COBRAR\u00c1N EL DOBLE CARGO EN SU TOTALIDAD - Apuntes de San Luis\",\"isPartOf\":{\"@id\":\"https:\/\/apuntesdesanluis.com\/#website\"},\"primaryImageOfPage\":{\"@id\":\"https:\/\/apuntesdesanluis.com\/index.php\/2024\/06\/27\/este-viernes-los-docentes-cobraran-el-doble-cargo-en-su-totalidad\/#primaryimage\"},\"image\":{\"@id\":\"https:\/\/apuntesdesanluis.com\/index.php\/2024\/06\/27\/este-viernes-los-docentes-cobraran-el-doble-cargo-en-su-totalidad\/#primaryimage\"},\"thumbnailUrl\":\"https:\/\/apuntesdesanluis.com\/wp-content\/uploads\/2024\/06\/MARIO-JUAREZ.png\",\"datePublished\":\"2024-06-27T23:39:41+00:00\",\"breadcrumb\":{\"@id\":\"https:\/\/apuntesdesanluis.com\/index.php\/2024\/06\/27\/este-viernes-los-docentes-cobraran-el-doble-cargo-en-su-totalidad\/#breadcrumb\"},\"inLanguage\":\"es-AR\",\"potentialAction\":[{\"@type\":\"ReadAction\",\"target\":[\"https:\/\/apuntesdesanluis.com\/index.php\/2024\/06\/27\/este-viernes-los-docentes-cobraran-el-doble-cargo-en-su-totalidad\/\"]}]},{\"@type\":\"ImageObject\",\"inLanguage\":\"es-AR\",\"@id\":\"https:\/\/apuntesdesanluis.com\/index.php\/2024\/06\/27\/este-viernes-los-docentes-cobraran-el-doble-cargo-en-su-totalidad\/#primaryimage\",\"url\":\"https:\/\/apuntesdesanluis.com\/wp-content\/uploads\/2024\/06\/MARIO-JUAREZ.png\",\"contentUrl\":\"https:\/\/apuntesdesanluis.com\/wp-content\/uploads\/2024\/06\/MARIO-JUAREZ.png\",\"width\":600,\"height\":320},{\"@type\":\"BreadcrumbList\",\"@id\":\"https:\/\/apuntesdesanluis.com\/index.php\/2024\/06\/27\/este-viernes-los-docentes-cobraran-el-doble-cargo-en-su-totalidad\/#breadcrumb\",\"itemListElement\":[{\"@type\":\"ListItem\",\"position\":1,\"name\":\"Inicio\",\"item\":\"https:\/\/apuntesdesanluis.com\/\"},{\"@type\":\"ListItem\",\"position\":2,\"name\":\"ESTE VIERNES, LOS DOCENTES COBRAR\u00c1N EL DOBLE CARGO EN SU TOTALIDAD\"}]},{\"@type\":\"WebSite\",\"@id\":\"https:\/\/apuntesdesanluis.com\/#website\",\"url\":\"https:\/\/apuntesdesanluis.com\/\",\"name\":\"Apuntes de San Luis\",\"description\":\"\",\"publisher\":{\"@id\":\"https:\/\/apuntesdesanluis.com\/#\/schema\/person\/b55151d52296fcce64d1a72538a70b90\"},\"potentialAction\":[{\"@type\":\"SearchAction\",\"target\":{\"@type\":\"EntryPoint\",\"urlTemplate\":\"https:\/\/apuntesdesanluis.com\/?s={search_term_string}\"},\"query-input\":{\"@type\":\"PropertyValueSpecification\",\"valueRequired\":true,\"valueName\":\"search_term_string\"}}],\"inLanguage\":\"es-AR\"},{\"@type\":[\"Person\",\"Organization\"],\"@id\":\"https:\/\/apuntesdesanluis.com\/#\/schema\/person\/b55151d52296fcce64d1a72538a70b90\",\"name\":\"apuntesdesanluis.com\",\"image\":{\"@type\":\"ImageObject\",\"inLanguage\":\"es-AR\",\"@id\":\"https:\/\/apuntesdesanluis.com\/#\/schema\/person\/image\/\",\"url\":\"https:\/\/apuntesdesanluis.com\/wp-content\/uploads\/2023\/07\/cropped-apuntesdesanluis.png\",\"contentUrl\":\"https:\/\/apuntesdesanluis.com\/wp-content\/uploads\/2023\/07\/cropped-apuntesdesanluis.png\",\"width\":450,\"height\":112,\"caption\":\"apuntesdesanluis.com\"},\"logo\":{\"@id\":\"https:\/\/apuntesdesanluis.com\/#\/schema\/person\/image\/\"},\"sameAs\":[\"https:\/\/apuntesdesanluis.com\"],\"url\":\"https:\/\/apuntesdesanluis.com\/index.php\/author\/apuntesdesanluis-com\/\"}]}<\/script>\n<!-- \/ Yoast SEO plugin. -->","yoast_head_json":{"title":"ESTE VIERNES, LOS DOCENTES COBRAR\u00c1N EL DOBLE CARGO EN SU TOTALIDAD - Apuntes de San Luis","robots":{"index":"index","follow":"follow","max-snippet":"max-snippet:-1","max-image-preview":"max-image-preview:large","max-video-preview":"max-video-preview:-1"},"canonical":"https:\/\/apuntesdesanluis.com\/index.php\/2024\/06\/27\/este-viernes-los-docentes-cobraran-el-doble-cargo-en-su-totalidad\/","og_locale":"es_ES","og_type":"article","og_title":"ESTE VIERNES, LOS DOCENTES COBRAR\u00c1N EL DOBLE CARGO EN SU TOTALIDAD - Apuntes de San Luis","og_description":"Este viernes 28, al percibir sus haberes, los docentes cobrar\u00e1n el total del doble cargo,...","og_url":"https:\/\/apuntesdesanluis.com\/index.php\/2024\/06\/27\/este-viernes-los-docentes-cobraran-el-doble-cargo-en-su-totalidad\/","og_site_name":"Apuntes de San Luis","article_published_time":"2024-06-27T23:39:41+00:00","og_image":[{"width":600,"height":320,"url":"https:\/\/apuntesdesanluis.com\/wp-content\/uploads\/2024\/06\/MARIO-JUAREZ.png","type":"image\/png"}],"author":"apuntesdesanluis.com","twitter_card":"summary_large_image","twitter_misc":{"Escrito por":"apuntesdesanluis.com","Tiempo de lectura":"3 minutos"},"schema":{"@context":"https:\/\/schema.org","@graph":[{"@type":"Article","@id":"https:\/\/apuntesdesanluis.com\/index.php\/2024\/06\/27\/este-viernes-los-docentes-cobraran-el-doble-cargo-en-su-totalidad\/#article","isPartOf":{"@id":"https:\/\/apuntesdesanluis.com\/index.php\/2024\/06\/27\/este-viernes-los-docentes-cobraran-el-doble-cargo-en-su-totalidad\/"},"author":{"name":"apuntesdesanluis.com","@id":"https:\/\/apuntesdesanluis.com\/#\/schema\/person\/b55151d52296fcce64d1a72538a70b90"},"headline":"ESTE VIERNES, LOS DOCENTES COBRAR\u00c1N EL DOBLE CARGO EN SU TOTALIDAD","datePublished":"2024-06-27T23:39:41+00:00","mainEntityOfPage":{"@id":"https:\/\/apuntesdesanluis.com\/index.php\/2024\/06\/27\/este-viernes-los-docentes-cobraran-el-doble-cargo-en-su-totalidad\/"},"wordCount":618,"publisher":{"@id":"https:\/\/apuntesdesanluis.com\/#\/schema\/person\/b55151d52296fcce64d1a72538a70b90"},"image":{"@id":"https:\/\/apuntesdesanluis.com\/index.php\/2024\/06\/27\/este-viernes-los-docentes-cobraran-el-doble-cargo-en-su-totalidad\/#primaryimage"},"thumbnailUrl":"https:\/\/apuntesdesanluis.com\/wp-content\/uploads\/2024\/06\/MARIO-JUAREZ.png","articleSection":["Ciudad\/Provincia"],"inLanguage":"es-AR"},{"@type":"WebPage","@id":"https:\/\/apuntesdesanluis.com\/index.php\/2024\/06\/27\/este-viernes-los-docentes-cobraran-el-doble-cargo-en-su-totalidad\/","url":"https:\/\/apuntesdesanluis.com\/index.php\/2024\/06\/27\/este-viernes-los-docentes-cobraran-el-doble-cargo-en-su-totalidad\/","name":"ESTE VIERNES, LOS DOCENTES COBRAR\u00c1N EL DOBLE CARGO EN SU TOTALIDAD - Apuntes de San Luis","isPartOf":{"@id":"https:\/\/apuntesdesanluis.com\/#website"},"primaryImageOfPage":{"@id":"https:\/\/apuntesdesanluis.com\/index.php\/2024\/06\/27\/este-viernes-los-docentes-cobraran-el-doble-cargo-en-su-totalidad\/#primaryimage"},"image":{"@id":"https:\/\/apuntesdesanluis.com\/index.php\/2024\/06\/27\/este-viernes-los-docentes-cobraran-el-doble-cargo-en-su-totalidad\/#primaryimage"},"thumbnailUrl":"https:\/\/apuntesdesanluis.com\/wp-content\/uploads\/2024\/06\/MARIO-JUAREZ.png","datePublished":"2024-06-27T23:39:41+00:00","breadcrumb":{"@id":"https:\/\/apuntesdesanluis.com\/index.php\/2024\/06\/27\/este-viernes-los-docentes-cobraran-el-doble-cargo-en-su-totalidad\/#breadcrumb"},"inLanguage":"es-AR","potentialAction":[{"@type":"ReadAction","target":["https:\/\/apuntesdesanluis.com\/index.php\/2024\/06\/27\/este-viernes-los-docentes-cobraran-el-doble-cargo-en-su-totalidad\/"]}]},{"@type":"ImageObject","inLanguage":"es-AR","@id":"https:\/\/apuntesdesanluis.com\/index.php\/2024\/06\/27\/este-viernes-los-docentes-cobraran-el-doble-cargo-en-su-totalidad\/#primaryimage","url":"https:\/\/apuntesdesanluis.com\/wp-content\/uploads\/2024\/06\/MARIO-JUAREZ.png","contentUrl":"https:\/\/apuntesdesanluis.com\/wp-content\/uploads\/2024\/06\/MARIO-JUAREZ.png","width":600,"height":320},{"@type":"BreadcrumbList","@id":"https:\/\/apuntesdesanluis.com\/index.php\/2024\/06\/27\/este-viernes-los-docentes-cobraran-el-doble-cargo-en-su-totalidad\/#breadcrumb","itemListElement":[{"@type":"ListItem","position":1,"name":"Inicio","item":"https:\/\/apuntesdesanluis.com\/"},{"@type":"ListItem","position":2,"name":"ESTE VIERNES, LOS DOCENTES COBRAR\u00c1N EL DOBLE CARGO EN SU TOTALIDAD"}]},{"@type":"WebSite","@id":"https:\/\/apuntesdesanluis.com\/#website","url":"https:\/\/apuntesdesanluis.com\/","name":"Apuntes de San Luis","description":"","publisher":{"@id":"https:\/\/apuntesdesanluis.com\/#\/schema\/person\/b55151d52296fcce64d1a72538a70b90"},"potentialAction":[{"@type":"SearchAction","target":{"@type":"EntryPoint","urlTemplate":"https:\/\/apuntesdesanluis.com\/?s={search_term_string}"},"query-input":{"@type":"PropertyValueSpecification","valueRequired":true,"valueName":"search_term_string"}}],"inLanguage":"es-AR"},{"@type":["Person","Organization"],"@id":"https:\/\/apuntesdesanluis.com\/#\/schema\/person\/b55151d52296fcce64d1a72538a70b90","name":"apuntesdesanluis.com","image":{"@type":"ImageObject","inLanguage":"es-AR","@id":"https:\/\/apuntesdesanluis.com\/#\/schema\/person\/image\/","url":"https:\/\/apuntesdesanluis.com\/wp-content\/uploads\/2023\/07\/cropped-apuntesdesanluis.png","contentUrl":"https:\/\/apuntesdesanluis.com\/wp-content\/uploads\/2023\/07\/cropped-apuntesdesanluis.png","width":450,"height":112,"caption":"apuntesdesanluis.com"},"logo":{"@id":"https:\/\/apuntesdesanluis.com\/#\/schema\/person\/image\/"},"sameAs":["https:\/\/apuntesdesanluis.com"],"url":"https:\/\/apuntesdesanluis.com\/index.php\/author\/apuntesdesanluis-com\/"}]}},"featured_image_urls":{"full":["https:\/\/apuntesdesanluis.com\/wp-content\/uploads\/2024\/06\/MARIO-JUAREZ.png",600,320,false],"thumbnail":["https:\/\/apuntesdesanluis.com\/wp-content\/uploads\/2024\/06\/MARIO-JUAREZ-150x150.png",150,150,true],"medium":["https:\/\/apuntesdesanluis.com\/wp-content\/uploads\/2024\/06\/MARIO-JUAREZ-300x160.png",300,160,true],"medium_large":["https:\/\/apuntesdesanluis.com\/wp-content\/uploads\/2024\/06\/MARIO-JUAREZ.png",600,320,false],"large":["https:\/\/apuntesdesanluis.com\/wp-content\/uploads\/2024\/06\/MARIO-JUAREZ.png",600,320,false],"1536x1536":["https:\/\/apuntesdesanluis.com\/wp-content\/uploads\/2024\/06\/MARIO-JUAREZ.png",600,320,false],"2048x2048":["https:\/\/apuntesdesanluis.com\/wp-content\/uploads\/2024\/06\/MARIO-JUAREZ.png",600,320,false],"newsever-slider-full":["https:\/\/apuntesdesanluis.com\/wp-content\/uploads\/2024\/06\/MARIO-JUAREZ.png",600,320,false],"newsever-featured":["https:\/\/apuntesdesanluis.com\/wp-content\/uploads\/2024\/06\/MARIO-JUAREZ.png",600,320,false],"newsever-medium":["https:\/\/apuntesdesanluis.com\/wp-content\/uploads\/2024\/06\/MARIO-JUAREZ.png",600,320,false]},"author_info":{"display_name":"apuntesdesanluis.com","author_link":"https:\/\/apuntesdesanluis.com\/index.php\/author\/apuntesdesanluis-com\/"},"category_info":"<a href=\"https:\/\/apuntesdesanluis.com\/index.php\/category\/ciudad-provincia\/\" rel=\"category tag\">Ciudad\/Provincia<\/a>","tag_info":"Ciudad\/Provincia","comment_count":"0","_links":{"self":[{"href":"https:\/\/apuntesdesanluis.com\/index.php\/wp-json\/wp\/v2\/posts\/18454","targetHints":{"allow":["GET"]}}],"collection":[{"href":"https:\/\/apuntesdesanluis.com\/index.php\/wp-json\/wp\/v2\/posts"}],"about":[{"href":"https:\/\/apuntesdesanluis.com\/index.php\/wp-json\/wp\/v2\/types\/post"}],"author":[{"embeddable":true,"href":"https:\/\/apuntesdesanluis.com\/index.php\/wp-json\/wp\/v2\/users\/1"}],"replies":[{"embeddable":true,"href":"https:\/\/apuntesdesanluis.com\/index.php\/wp-json\/wp\/v2\/comments?post=18454"}],"version-history":[{"count":1,"href":"https:\/\/apuntesdesanluis.com\/index.php\/wp-json\/wp\/v2\/posts\/18454\/revisions"}],"predecessor-version":[{"id":18456,"href":"https:\/\/apuntesdesanluis.com\/index.php\/wp-json\/wp\/v2\/posts\/18454\/revisions\/18456"}],"wp:featuredmedia":[{"embeddable":true,"href":"https:\/\/apuntesdesanluis.com\/index.php\/wp-json\/wp\/v2\/media\/18455"}],"wp:attachment":[{"href":"https:\/\/apuntesdesanluis.com\/index.php\/wp-json\/wp\/v2\/media?parent=18454"}],"wp:term":[{"taxonomy":"category","embeddable":true,"href":"https:\/\/apuntesdesanluis.com\/index.php\/wp-json\/wp\/v2\/categories?post=18454"},{"taxonomy":"post_tag","embeddable":true,"href":"https:\/\/apuntesdesanluis.com\/index.php\/wp-json\/wp\/v2\/tags?post=18454"}],"curies":[{"name":"wp","href":"https:\/\/api.w.org\/{rel}","templated":true}]}}