{"id":18479,"date":"2024-06-27T21:16:33","date_gmt":"2024-06-28T00:16:33","guid":{"rendered":"https:\/\/apuntesdesanluis.com\/?p=18479"},"modified":"2024-06-27T21:16:33","modified_gmt":"2024-06-28T00:16:33","slug":"caputo-postergo-otra-vez-el-aumento-a-los-combustibles-y-las-tarifas-de-gas-y-luz-para-evitar-su-impacto-en-la-inflacion","status":"publish","type":"post","link":"https:\/\/apuntesdesanluis.com\/index.php\/2024\/06\/27\/caputo-postergo-otra-vez-el-aumento-a-los-combustibles-y-las-tarifas-de-gas-y-luz-para-evitar-su-impacto-en-la-inflacion\/","title":{"rendered":"CAPUTO POSTERG\u00d3 OTRA VEZ EL AUMENTO A LOS COMBUSTIBLES Y LAS TARIFAS DE GAS Y LUZ PARA EVITAR SU IMPACTO EN LA INFLACI\u00d3N"},"content":{"rendered":"<h3>El ministro de Econom\u00eda, Luis Caputo, decidi\u00f3 que las tarifas de luz y de gas no tendr\u00e1n aumentos por inflaci\u00f3n a partir de julio, aunque la cartera continuar\u00e1 con los trabajos para definir un nuevo mecanismo de indexaci\u00f3n mensual en las boletas. Tambi\u00e9n ser\u00e1 diferido, al igual que mayo y junio, el incremento del impuesto a los combustibles (ICL) previsto desde el pr\u00f3ximo lunes. As\u00ed lo confirmaron a Infobae fuentes del Palacio de Hacienda.<\/h3>\n<h3>El Gobierno no quiere poner en riesgo la desaceleraci\u00f3n de la inflaci\u00f3n, que podr\u00eda haberse interrumpido en junio, por lo que avanzar\u00e1n en la postergaci\u00f3n de incrementos en rubros sensibles para los consumidores. Obviamente, eso implica mayor presi\u00f3n futura sobre los precios minoristas pero un alivio de corto plazo en el bolsillo.<\/h3>\n<h3>En las pr\u00f3ximas horas el Poder Ejecutivo publicar\u00e1 un decreto en el que diferir\u00e1 el incremento del ICL pautado para el pr\u00f3ximo lunes, al igual que sucedi\u00f3 en mayo y junio. Desde el primero de julio la suba del tributo redundar\u00e1 en un aumento de solo el 1% en los precios finales de la nafta y el gasoil, mucho menos que el 18% previsto..<\/h3>\n<h3>La decisi\u00f3n tomada por Caputo no solo tiene que ver con garantizar el sendero de desinflaci\u00f3n. El super\u00e1vit fiscal conseguido hasta mayo y las perspectivas favorables a una sanci\u00f3n en el Congreso de las normas que permitir\u00e1n mayor recaudaci\u00f3n (Ley Bases y paquete fiscal) dan m\u00e1s aire al Palacio de Hacienda.<\/h3>\n<h3>Las demoras en los proyectos del oficialismo o un posible fracaso legislativo ser\u00edan compensadas con, entre otros ajustes, subas mayores en el ICL seg\u00fan se comprometi\u00f3 el Ministerio de Econom\u00eda con el Fondo Monetario Internacional (FMI).<\/h3>\n<h3>De todos modos, las petroleras -YPF, Axion, Shell y Puma- podr\u00edan trasladar a los surtidores el 2% correspondiente a la devaluaci\u00f3n mensual del peso para no retrasarse contra los precios internacionales. El incremento final ser\u00e1 menor al 4% mensual, al igual que en los \u00faltimos meses.<\/h3>\n<h3>Desde que asumi\u00f3 Javier Milei los combustibles saltaron m\u00e1s del 110% promedio, por lo que se recuper\u00f3 parte del congelamiento que mantuvo la gesti\u00f3n de Alberto Fern\u00e1ndez. \u201cLas empresas colaboran ahora con el Gobierno en aumentar lo menos posible porque la mejora en la estabilidad de la macro les sirve m\u00e1s que cualquier otra cosa\u201d, explic\u00f3 un funcionario que dialoga mucho con las refinadoras.<\/h3>\n<h3>En cuanto a los servicios p\u00fablicos de energ\u00eda, el incremento postergado en julio tiene que ver con los componentes de distribuci\u00f3n y de transporte, dos de los cuatro \u00edtems de las facturas adem\u00e1s del costo de la generaci\u00f3n y los impuestos en todos sus niveles. La intenci\u00f3n de Econom\u00eda era poner en marcha un mecanismo de actualizaci\u00f3n mensual sobre las tarifas de distribuidoras y transportistas para evitar que se retrasen en t\u00e9rminos reales.<\/h3>\n<h3>La idea original era que esos \u00edtems se actualizar\u00e1n por la variaci\u00f3n del \u00cdndice de Precios al Consumidor (IPC) del Indec desde mayo, pero finalmente Caputo defini\u00f3 no poner en marcha ese esquema y ahora trabaja en una indexaci\u00f3n que contempla las expectativas de inflaci\u00f3n futura, el cual ser\u00eda aplicado en los pr\u00f3ximos meses. Los funcionarios consultados por este medio no dieron precisiones sobre c\u00f3mo ser\u00e1 la indexaci\u00f3n ni desde cu\u00e1ndo esperan hacerla efectiva.<\/h3>\n<h3>En el Palacio de Hacienda saben que el recorte en subsidios que aplic\u00f3 la Secretar\u00eda de Energ\u00eda de Eduardo Rodr\u00edguez Chirillo en junio tendr\u00e1 un impacto fuerte en las facturas en especial sobre los usuarios de ingresos medios y bajos, donde estuvo focalizada la quita. A eso se sumar\u00e1 un mayor consumo estacional por menores temperaturas ante el comienzo del inverno. El resultado ser\u00e1 facturas m\u00e1s abultadas con subas superiores al 400% en el caso de la electricidad y del 1.000% para el gas natural.<\/h3>\n<p>&nbsp;<\/p>\n<p>&nbsp;<\/p>\n<p>&nbsp;<\/p>\n","protected":false},"excerpt":{"rendered":"<p>El ministro de Econom\u00eda, Luis Caputo, decidi\u00f3 que las tarifas de luz y de gas&#8230;<\/p>\n","protected":false},"author":1,"featured_media":18480,"comment_status":"closed","ping_status":"closed","sticky":false,"template":"","format":"standard","meta":{"footnotes":""},"categories":[5],"tags":[],"class_list":["post-18479","post","type-post","status-publish","format-standard","has-post-thumbnail","hentry","category-nacionales-internacionales"],"yoast_head":"<!-- This site is optimized with the Yoast SEO plugin v26.1.1 - https:\/\/yoast.com\/wordpress\/plugins\/seo\/ -->\n<title>CAPUTO POSTERG\u00d3 OTRA VEZ EL AUMENTO A LOS COMBUSTIBLES Y LAS TARIFAS DE GAS Y LUZ PARA EVITAR SU IMPACTO EN LA INFLACI\u00d3N - Apuntes de San Luis<\/title>\n<meta name=\"robots\" content=\"index, follow, max-snippet:-1, max-image-preview:large, max-video-preview:-1\" \/>\n<link rel=\"canonical\" href=\"https:\/\/apuntesdesanluis.com\/index.php\/2024\/06\/27\/caputo-postergo-otra-vez-el-aumento-a-los-combustibles-y-las-tarifas-de-gas-y-luz-para-evitar-su-impacto-en-la-inflacion\/\" \/>\n<meta property=\"og:locale\" content=\"es_ES\" \/>\n<meta property=\"og:type\" content=\"article\" \/>\n<meta property=\"og:title\" content=\"CAPUTO POSTERG\u00d3 OTRA VEZ EL AUMENTO A LOS COMBUSTIBLES Y LAS TARIFAS DE GAS Y LUZ PARA EVITAR SU IMPACTO EN LA INFLACI\u00d3N - Apuntes de San Luis\" \/>\n<meta property=\"og:description\" content=\"El ministro de Econom\u00eda, Luis Caputo, decidi\u00f3 que las tarifas de luz y de gas...\" \/>\n<meta property=\"og:url\" content=\"https:\/\/apuntesdesanluis.com\/index.php\/2024\/06\/27\/caputo-postergo-otra-vez-el-aumento-a-los-combustibles-y-las-tarifas-de-gas-y-luz-para-evitar-su-impacto-en-la-inflacion\/\" \/>\n<meta property=\"og:site_name\" content=\"Apuntes de San Luis\" \/>\n<meta property=\"article:published_time\" content=\"2024-06-28T00:16:33+00:00\" \/>\n<meta property=\"og:image\" content=\"https:\/\/apuntesdesanluis.com\/wp-content\/uploads\/2024\/06\/caputo.png\" \/>\n\t<meta property=\"og:image:width\" content=\"720\" \/>\n\t<meta property=\"og:image:height\" content=\"415\" \/>\n\t<meta property=\"og:image:type\" content=\"image\/png\" \/>\n<meta name=\"author\" content=\"apuntesdesanluis.com\" \/>\n<meta name=\"twitter:card\" content=\"summary_large_image\" \/>\n<meta name=\"twitter:label1\" content=\"Escrito por\" \/>\n\t<meta name=\"twitter:data1\" content=\"apuntesdesanluis.com\" \/>\n\t<meta name=\"twitter:label2\" content=\"Tiempo de lectura\" \/>\n\t<meta name=\"twitter:data2\" content=\"4 minutos\" \/>\n<script type=\"application\/ld+json\" class=\"yoast-schema-graph\">{\"@context\":\"https:\/\/schema.org\",\"@graph\":[{\"@type\":\"Article\",\"@id\":\"https:\/\/apuntesdesanluis.com\/index.php\/2024\/06\/27\/caputo-postergo-otra-vez-el-aumento-a-los-combustibles-y-las-tarifas-de-gas-y-luz-para-evitar-su-impacto-en-la-inflacion\/#article\",\"isPartOf\":{\"@id\":\"https:\/\/apuntesdesanluis.com\/index.php\/2024\/06\/27\/caputo-postergo-otra-vez-el-aumento-a-los-combustibles-y-las-tarifas-de-gas-y-luz-para-evitar-su-impacto-en-la-inflacion\/\"},\"author\":{\"name\":\"apuntesdesanluis.com\",\"@id\":\"https:\/\/apuntesdesanluis.com\/#\/schema\/person\/b55151d52296fcce64d1a72538a70b90\"},\"headline\":\"CAPUTO POSTERG\u00d3 OTRA VEZ EL AUMENTO A LOS COMBUSTIBLES Y LAS TARIFAS DE GAS Y LUZ PARA EVITAR SU IMPACTO EN LA INFLACI\u00d3N\",\"datePublished\":\"2024-06-28T00:16:33+00:00\",\"mainEntityOfPage\":{\"@id\":\"https:\/\/apuntesdesanluis.com\/index.php\/2024\/06\/27\/caputo-postergo-otra-vez-el-aumento-a-los-combustibles-y-las-tarifas-de-gas-y-luz-para-evitar-su-impacto-en-la-inflacion\/\"},\"wordCount\":691,\"publisher\":{\"@id\":\"https:\/\/apuntesdesanluis.com\/#\/schema\/person\/b55151d52296fcce64d1a72538a70b90\"},\"image\":{\"@id\":\"https:\/\/apuntesdesanluis.com\/index.php\/2024\/06\/27\/caputo-postergo-otra-vez-el-aumento-a-los-combustibles-y-las-tarifas-de-gas-y-luz-para-evitar-su-impacto-en-la-inflacion\/#primaryimage\"},\"thumbnailUrl\":\"https:\/\/apuntesdesanluis.com\/wp-content\/uploads\/2024\/06\/caputo.png\",\"articleSection\":[\"Nacionales\/Internacionales\"],\"inLanguage\":\"es-AR\"},{\"@type\":\"WebPage\",\"@id\":\"https:\/\/apuntesdesanluis.com\/index.php\/2024\/06\/27\/caputo-postergo-otra-vez-el-aumento-a-los-combustibles-y-las-tarifas-de-gas-y-luz-para-evitar-su-impacto-en-la-inflacion\/\",\"url\":\"https:\/\/apuntesdesanluis.com\/index.php\/2024\/06\/27\/caputo-postergo-otra-vez-el-aumento-a-los-combustibles-y-las-tarifas-de-gas-y-luz-para-evitar-su-impacto-en-la-inflacion\/\",\"name\":\"CAPUTO POSTERG\u00d3 OTRA VEZ EL AUMENTO A LOS COMBUSTIBLES Y LAS TARIFAS DE GAS Y LUZ PARA EVITAR SU IMPACTO EN LA INFLACI\u00d3N - Apuntes de San Luis\",\"isPartOf\":{\"@id\":\"https:\/\/apuntesdesanluis.com\/#website\"},\"primaryImageOfPage\":{\"@id\":\"https:\/\/apuntesdesanluis.com\/index.php\/2024\/06\/27\/caputo-postergo-otra-vez-el-aumento-a-los-combustibles-y-las-tarifas-de-gas-y-luz-para-evitar-su-impacto-en-la-inflacion\/#primaryimage\"},\"image\":{\"@id\":\"https:\/\/apuntesdesanluis.com\/index.php\/2024\/06\/27\/caputo-postergo-otra-vez-el-aumento-a-los-combustibles-y-las-tarifas-de-gas-y-luz-para-evitar-su-impacto-en-la-inflacion\/#primaryimage\"},\"thumbnailUrl\":\"https:\/\/apuntesdesanluis.com\/wp-content\/uploads\/2024\/06\/caputo.png\",\"datePublished\":\"2024-06-28T00:16:33+00:00\",\"breadcrumb\":{\"@id\":\"https:\/\/apuntesdesanluis.com\/index.php\/2024\/06\/27\/caputo-postergo-otra-vez-el-aumento-a-los-combustibles-y-las-tarifas-de-gas-y-luz-para-evitar-su-impacto-en-la-inflacion\/#breadcrumb\"},\"inLanguage\":\"es-AR\",\"potentialAction\":[{\"@type\":\"ReadAction\",\"target\":[\"https:\/\/apuntesdesanluis.com\/index.php\/2024\/06\/27\/caputo-postergo-otra-vez-el-aumento-a-los-combustibles-y-las-tarifas-de-gas-y-luz-para-evitar-su-impacto-en-la-inflacion\/\"]}]},{\"@type\":\"ImageObject\",\"inLanguage\":\"es-AR\",\"@id\":\"https:\/\/apuntesdesanluis.com\/index.php\/2024\/06\/27\/caputo-postergo-otra-vez-el-aumento-a-los-combustibles-y-las-tarifas-de-gas-y-luz-para-evitar-su-impacto-en-la-inflacion\/#primaryimage\",\"url\":\"https:\/\/apuntesdesanluis.com\/wp-content\/uploads\/2024\/06\/caputo.png\",\"contentUrl\":\"https:\/\/apuntesdesanluis.com\/wp-content\/uploads\/2024\/06\/caputo.png\",\"width\":720,\"height\":415},{\"@type\":\"BreadcrumbList\",\"@id\":\"https:\/\/apuntesdesanluis.com\/index.php\/2024\/06\/27\/caputo-postergo-otra-vez-el-aumento-a-los-combustibles-y-las-tarifas-de-gas-y-luz-para-evitar-su-impacto-en-la-inflacion\/#breadcrumb\",\"itemListElement\":[{\"@type\":\"ListItem\",\"position\":1,\"name\":\"Inicio\",\"item\":\"https:\/\/apuntesdesanluis.com\/\"},{\"@type\":\"ListItem\",\"position\":2,\"name\":\"CAPUTO POSTERG\u00d3 OTRA VEZ EL AUMENTO A LOS COMBUSTIBLES Y LAS TARIFAS DE GAS Y LUZ PARA EVITAR SU IMPACTO EN LA INFLACI\u00d3N\"}]},{\"@type\":\"WebSite\",\"@id\":\"https:\/\/apuntesdesanluis.com\/#website\",\"url\":\"https:\/\/apuntesdesanluis.com\/\",\"name\":\"Apuntes de San Luis\",\"description\":\"\",\"publisher\":{\"@id\":\"https:\/\/apuntesdesanluis.com\/#\/schema\/person\/b55151d52296fcce64d1a72538a70b90\"},\"potentialAction\":[{\"@type\":\"SearchAction\",\"target\":{\"@type\":\"EntryPoint\",\"urlTemplate\":\"https:\/\/apuntesdesanluis.com\/?s={search_term_string}\"},\"query-input\":{\"@type\":\"PropertyValueSpecification\",\"valueRequired\":true,\"valueName\":\"search_term_string\"}}],\"inLanguage\":\"es-AR\"},{\"@type\":[\"Person\",\"Organization\"],\"@id\":\"https:\/\/apuntesdesanluis.com\/#\/schema\/person\/b55151d52296fcce64d1a72538a70b90\",\"name\":\"apuntesdesanluis.com\",\"image\":{\"@type\":\"ImageObject\",\"inLanguage\":\"es-AR\",\"@id\":\"https:\/\/apuntesdesanluis.com\/#\/schema\/person\/image\/\",\"url\":\"https:\/\/apuntesdesanluis.com\/wp-content\/uploads\/2023\/07\/cropped-apuntesdesanluis.png\",\"contentUrl\":\"https:\/\/apuntesdesanluis.com\/wp-content\/uploads\/2023\/07\/cropped-apuntesdesanluis.png\",\"width\":450,\"height\":112,\"caption\":\"apuntesdesanluis.com\"},\"logo\":{\"@id\":\"https:\/\/apuntesdesanluis.com\/#\/schema\/person\/image\/\"},\"sameAs\":[\"https:\/\/apuntesdesanluis.com\"],\"url\":\"https:\/\/apuntesdesanluis.com\/index.php\/author\/apuntesdesanluis-com\/\"}]}<\/script>\n<!-- \/ Yoast SEO plugin. -->","yoast_head_json":{"title":"CAPUTO POSTERG\u00d3 OTRA VEZ EL AUMENTO A LOS COMBUSTIBLES Y LAS TARIFAS DE GAS Y LUZ PARA EVITAR SU IMPACTO EN LA INFLACI\u00d3N - Apuntes de San Luis","robots":{"index":"index","follow":"follow","max-snippet":"max-snippet:-1","max-image-preview":"max-image-preview:large","max-video-preview":"max-video-preview:-1"},"canonical":"https:\/\/apuntesdesanluis.com\/index.php\/2024\/06\/27\/caputo-postergo-otra-vez-el-aumento-a-los-combustibles-y-las-tarifas-de-gas-y-luz-para-evitar-su-impacto-en-la-inflacion\/","og_locale":"es_ES","og_type":"article","og_title":"CAPUTO POSTERG\u00d3 OTRA VEZ EL AUMENTO A LOS COMBUSTIBLES Y LAS TARIFAS DE GAS Y LUZ PARA EVITAR SU IMPACTO EN LA INFLACI\u00d3N - Apuntes de San Luis","og_description":"El ministro de Econom\u00eda, Luis Caputo, decidi\u00f3 que las tarifas de luz y de gas...","og_url":"https:\/\/apuntesdesanluis.com\/index.php\/2024\/06\/27\/caputo-postergo-otra-vez-el-aumento-a-los-combustibles-y-las-tarifas-de-gas-y-luz-para-evitar-su-impacto-en-la-inflacion\/","og_site_name":"Apuntes de San Luis","article_published_time":"2024-06-28T00:16:33+00:00","og_image":[{"width":720,"height":415,"url":"https:\/\/apuntesdesanluis.com\/wp-content\/uploads\/2024\/06\/caputo.png","type":"image\/png"}],"author":"apuntesdesanluis.com","twitter_card":"summary_large_image","twitter_misc":{"Escrito por":"apuntesdesanluis.com","Tiempo de lectura":"4 minutos"},"schema":{"@context":"https:\/\/schema.org","@graph":[{"@type":"Article","@id":"https:\/\/apuntesdesanluis.com\/index.php\/2024\/06\/27\/caputo-postergo-otra-vez-el-aumento-a-los-combustibles-y-las-tarifas-de-gas-y-luz-para-evitar-su-impacto-en-la-inflacion\/#article","isPartOf":{"@id":"https:\/\/apuntesdesanluis.com\/index.php\/2024\/06\/27\/caputo-postergo-otra-vez-el-aumento-a-los-combustibles-y-las-tarifas-de-gas-y-luz-para-evitar-su-impacto-en-la-inflacion\/"},"author":{"name":"apuntesdesanluis.com","@id":"https:\/\/apuntesdesanluis.com\/#\/schema\/person\/b55151d52296fcce64d1a72538a70b90"},"headline":"CAPUTO POSTERG\u00d3 OTRA VEZ EL AUMENTO A LOS COMBUSTIBLES Y LAS TARIFAS DE GAS Y LUZ PARA EVITAR SU IMPACTO EN LA INFLACI\u00d3N","datePublished":"2024-06-28T00:16:33+00:00","mainEntityOfPage":{"@id":"https:\/\/apuntesdesanluis.com\/index.php\/2024\/06\/27\/caputo-postergo-otra-vez-el-aumento-a-los-combustibles-y-las-tarifas-de-gas-y-luz-para-evitar-su-impacto-en-la-inflacion\/"},"wordCount":691,"publisher":{"@id":"https:\/\/apuntesdesanluis.com\/#\/schema\/person\/b55151d52296fcce64d1a72538a70b90"},"image":{"@id":"https:\/\/apuntesdesanluis.com\/index.php\/2024\/06\/27\/caputo-postergo-otra-vez-el-aumento-a-los-combustibles-y-las-tarifas-de-gas-y-luz-para-evitar-su-impacto-en-la-inflacion\/#primaryimage"},"thumbnailUrl":"https:\/\/apuntesdesanluis.com\/wp-content\/uploads\/2024\/06\/caputo.png","articleSection":["Nacionales\/Internacionales"],"inLanguage":"es-AR"},{"@type":"WebPage","@id":"https:\/\/apuntesdesanluis.com\/index.php\/2024\/06\/27\/caputo-postergo-otra-vez-el-aumento-a-los-combustibles-y-las-tarifas-de-gas-y-luz-para-evitar-su-impacto-en-la-inflacion\/","url":"https:\/\/apuntesdesanluis.com\/index.php\/2024\/06\/27\/caputo-postergo-otra-vez-el-aumento-a-los-combustibles-y-las-tarifas-de-gas-y-luz-para-evitar-su-impacto-en-la-inflacion\/","name":"CAPUTO POSTERG\u00d3 OTRA VEZ EL AUMENTO A LOS COMBUSTIBLES Y LAS TARIFAS DE GAS Y LUZ PARA EVITAR SU IMPACTO EN LA INFLACI\u00d3N - Apuntes de San Luis","isPartOf":{"@id":"https:\/\/apuntesdesanluis.com\/#website"},"primaryImageOfPage":{"@id":"https:\/\/apuntesdesanluis.com\/index.php\/2024\/06\/27\/caputo-postergo-otra-vez-el-aumento-a-los-combustibles-y-las-tarifas-de-gas-y-luz-para-evitar-su-impacto-en-la-inflacion\/#primaryimage"},"image":{"@id":"https:\/\/apuntesdesanluis.com\/index.php\/2024\/06\/27\/caputo-postergo-otra-vez-el-aumento-a-los-combustibles-y-las-tarifas-de-gas-y-luz-para-evitar-su-impacto-en-la-inflacion\/#primaryimage"},"thumbnailUrl":"https:\/\/apuntesdesanluis.com\/wp-content\/uploads\/2024\/06\/caputo.png","datePublished":"2024-06-28T00:16:33+00:00","breadcrumb":{"@id":"https:\/\/apuntesdesanluis.com\/index.php\/2024\/06\/27\/caputo-postergo-otra-vez-el-aumento-a-los-combustibles-y-las-tarifas-de-gas-y-luz-para-evitar-su-impacto-en-la-inflacion\/#breadcrumb"},"inLanguage":"es-AR","potentialAction":[{"@type":"ReadAction","target":["https:\/\/apuntesdesanluis.com\/index.php\/2024\/06\/27\/caputo-postergo-otra-vez-el-aumento-a-los-combustibles-y-las-tarifas-de-gas-y-luz-para-evitar-su-impacto-en-la-inflacion\/"]}]},{"@type":"ImageObject","inLanguage":"es-AR","@id":"https:\/\/apuntesdesanluis.com\/index.php\/2024\/06\/27\/caputo-postergo-otra-vez-el-aumento-a-los-combustibles-y-las-tarifas-de-gas-y-luz-para-evitar-su-impacto-en-la-inflacion\/#primaryimage","url":"https:\/\/apuntesdesanluis.com\/wp-content\/uploads\/2024\/06\/caputo.png","contentUrl":"https:\/\/apuntesdesanluis.com\/wp-content\/uploads\/2024\/06\/caputo.png","width":720,"height":415},{"@type":"BreadcrumbList","@id":"https:\/\/apuntesdesanluis.com\/index.php\/2024\/06\/27\/caputo-postergo-otra-vez-el-aumento-a-los-combustibles-y-las-tarifas-de-gas-y-luz-para-evitar-su-impacto-en-la-inflacion\/#breadcrumb","itemListElement":[{"@type":"ListItem","position":1,"name":"Inicio","item":"https:\/\/apuntesdesanluis.com\/"},{"@type":"ListItem","position":2,"name":"CAPUTO POSTERG\u00d3 OTRA VEZ EL AUMENTO A LOS COMBUSTIBLES Y LAS TARIFAS DE GAS Y LUZ PARA EVITAR SU IMPACTO EN LA INFLACI\u00d3N"}]},{"@type":"WebSite","@id":"https:\/\/apuntesdesanluis.com\/#website","url":"https:\/\/apuntesdesanluis.com\/","name":"Apuntes de San Luis","description":"","publisher":{"@id":"https:\/\/apuntesdesanluis.com\/#\/schema\/person\/b55151d52296fcce64d1a72538a70b90"},"potentialAction":[{"@type":"SearchAction","target":{"@type":"EntryPoint","urlTemplate":"https:\/\/apuntesdesanluis.com\/?s={search_term_string}"},"query-input":{"@type":"PropertyValueSpecification","valueRequired":true,"valueName":"search_term_string"}}],"inLanguage":"es-AR"},{"@type":["Person","Organization"],"@id":"https:\/\/apuntesdesanluis.com\/#\/schema\/person\/b55151d52296fcce64d1a72538a70b90","name":"apuntesdesanluis.com","image":{"@type":"ImageObject","inLanguage":"es-AR","@id":"https:\/\/apuntesdesanluis.com\/#\/schema\/person\/image\/","url":"https:\/\/apuntesdesanluis.com\/wp-content\/uploads\/2023\/07\/cropped-apuntesdesanluis.png","contentUrl":"https:\/\/apuntesdesanluis.com\/wp-content\/uploads\/2023\/07\/cropped-apuntesdesanluis.png","width":450,"height":112,"caption":"apuntesdesanluis.com"},"logo":{"@id":"https:\/\/apuntesdesanluis.com\/#\/schema\/person\/image\/"},"sameAs":["https:\/\/apuntesdesanluis.com"],"url":"https:\/\/apuntesdesanluis.com\/index.php\/author\/apuntesdesanluis-com\/"}]}},"featured_image_urls":{"full":["https:\/\/apuntesdesanluis.com\/wp-content\/uploads\/2024\/06\/caputo.png",720,415,false],"thumbnail":["https:\/\/apuntesdesanluis.com\/wp-content\/uploads\/2024\/06\/caputo-150x150.png",150,150,true],"medium":["https:\/\/apuntesdesanluis.com\/wp-content\/uploads\/2024\/06\/caputo-300x173.png",300,173,true],"medium_large":["https:\/\/apuntesdesanluis.com\/wp-content\/uploads\/2024\/06\/caputo.png",640,369,false],"large":["https:\/\/apuntesdesanluis.com\/wp-content\/uploads\/2024\/06\/caputo.png",640,369,false],"1536x1536":["https:\/\/apuntesdesanluis.com\/wp-content\/uploads\/2024\/06\/caputo.png",720,415,false],"2048x2048":["https:\/\/apuntesdesanluis.com\/wp-content\/uploads\/2024\/06\/caputo.png",720,415,false],"newsever-slider-full":["https:\/\/apuntesdesanluis.com\/wp-content\/uploads\/2024\/06\/caputo.png",720,415,false],"newsever-featured":["https:\/\/apuntesdesanluis.com\/wp-content\/uploads\/2024\/06\/caputo.png",720,415,false],"newsever-medium":["https:\/\/apuntesdesanluis.com\/wp-content\/uploads\/2024\/06\/caputo.png",720,415,false]},"author_info":{"display_name":"apuntesdesanluis.com","author_link":"https:\/\/apuntesdesanluis.com\/index.php\/author\/apuntesdesanluis-com\/"},"category_info":"<a href=\"https:\/\/apuntesdesanluis.com\/index.php\/category\/nacionales-internacionales\/\" rel=\"category tag\">Nacionales\/Internacionales<\/a>","tag_info":"Nacionales\/Internacionales","comment_count":"0","_links":{"self":[{"href":"https:\/\/apuntesdesanluis.com\/index.php\/wp-json\/wp\/v2\/posts\/18479","targetHints":{"allow":["GET"]}}],"collection":[{"href":"https:\/\/apuntesdesanluis.com\/index.php\/wp-json\/wp\/v2\/posts"}],"about":[{"href":"https:\/\/apuntesdesanluis.com\/index.php\/wp-json\/wp\/v2\/types\/post"}],"author":[{"embeddable":true,"href":"https:\/\/apuntesdesanluis.com\/index.php\/wp-json\/wp\/v2\/users\/1"}],"replies":[{"embeddable":true,"href":"https:\/\/apuntesdesanluis.com\/index.php\/wp-json\/wp\/v2\/comments?post=18479"}],"version-history":[{"count":1,"href":"https:\/\/apuntesdesanluis.com\/index.php\/wp-json\/wp\/v2\/posts\/18479\/revisions"}],"predecessor-version":[{"id":18481,"href":"https:\/\/apuntesdesanluis.com\/index.php\/wp-json\/wp\/v2\/posts\/18479\/revisions\/18481"}],"wp:featuredmedia":[{"embeddable":true,"href":"https:\/\/apuntesdesanluis.com\/index.php\/wp-json\/wp\/v2\/media\/18480"}],"wp:attachment":[{"href":"https:\/\/apuntesdesanluis.com\/index.php\/wp-json\/wp\/v2\/media?parent=18479"}],"wp:term":[{"taxonomy":"category","embeddable":true,"href":"https:\/\/apuntesdesanluis.com\/index.php\/wp-json\/wp\/v2\/categories?post=18479"},{"taxonomy":"post_tag","embeddable":true,"href":"https:\/\/apuntesdesanluis.com\/index.php\/wp-json\/wp\/v2\/tags?post=18479"}],"curies":[{"name":"wp","href":"https:\/\/api.w.org\/{rel}","templated":true}]}}