{"id":1849,"date":"2023-08-20T22:51:13","date_gmt":"2023-08-21T01:51:13","guid":{"rendered":"https:\/\/apuntesdesanluis.com\/?p=1849"},"modified":"2023-08-20T22:51:13","modified_gmt":"2023-08-21T01:51:13","slug":"massa-promete-armar-un-gabinete-de-unidad-nacional-con-radicales-y-peronistas-del-pro","status":"publish","type":"post","link":"https:\/\/apuntesdesanluis.com\/index.php\/2023\/08\/20\/massa-promete-armar-un-gabinete-de-unidad-nacional-con-radicales-y-peronistas-del-pro\/","title":{"rendered":"MASSA PROMETE ARMAR UN GABINETE DE &#8220;UNIDAD NACIONAL&#8221; CON RADICALES Y PERONISTAS DEL PRO"},"content":{"rendered":"<h3 class=\"yiv7409174924ydp6329976emsonormal\" style=\"background: white;\"><span style=\"font-family: 'Arial','sans-serif'; color: #1d2228;\">El candidato presidencial de Uni\u00f3n por la Patria, <strong>Sergio Massa<\/strong>, anunci\u00f3 que si le toca gobernar el pa\u00eds armar\u00e1 &#8220;un Gabinete con radicales y peronistas que hoy est\u00e1n en el PRO&#8221;, en tanto que sostuvo que tratar\u00e1 de convencer a los <\/span><\/h3>\n<h3 class=\"yiv7409174924ydp6329976emsonormal\" style=\"background: white;\"><span style=\"font-family: 'Arial','sans-serif'; color: #1d2228;\">&#8220;Buscar\u00eda un gobierno de unidad nacional e integrar un gabinete con radicales y peronistas que hoy est\u00e1n en el PRO&#8221;, indic\u00f3 el ministro de Econom\u00eda, en tanto que desliz\u00f3 que dirigentes del espacio de Juan Schiaretti tambi\u00e9n podr\u00edan ser funcionarios de su gesti\u00f3n.<\/span><\/h3>\n<h3 class=\"yiv7409174924ydp6329976emsonormal\" style=\"background: white;\"><span style=\"font-family: 'Arial','sans-serif'; color: #1d2228;\">Adem\u00e1s, dijo que le &#8220;gustar\u00eda ver en el cuarto oscuro a muchos de los que integraron las listas de Horacio en Juntos por el Cambio el 22 de octubre\u201d.<\/span><\/h3>\n<h3 class=\"yiv7409174924ydp6329976emsonormal\" style=\"background: white;\"><span style=\"font-family: 'Arial','sans-serif'; color: #1d2228;\">&#8220;Hay 17 millones de votos en juego entre los que no fueron a votar y los que votaron a otras fuerzas. Hay un n\u00famero importante de votos en blanco e impugnados. Hay como 13 millones de votos de gente que no fue a votar, as\u00ed que hay un trabajo grande por hacer&#8221;, subray\u00f3 en una entrevista que brind\u00f3 al diario Clar\u00edn. <\/span><\/h3>\n<h3 class=\"yiv7409174924ydp6329976emsonormal\" style=\"background: white;\"><span style=\"font-family: 'Arial','sans-serif'; color: #1d2228;\">&#8220;Tengo el desaf\u00edo, primero, de invitar a compartir el sue\u00f1o a todos los que votaron a (Juan) Grabois. Despu\u00e9s, a todos los que votaron a Horacio (Rodr\u00edguez Larreta) y que claramente no comparten la idea del todo o nada que plante\u00f3 (Patricia) Bullrich. Y despu\u00e9s, tratar de convencer a aquellos que en 2019 nos votaron a nosotros y en 2015 a m\u00ed y en esta elecci\u00f3n est\u00e1n enojados o decepcionados y eligieron a (Javier) Milei&#8221;, enumer\u00f3 Massa sobre la hoja de ruta que tiene por delante en esta segunda etapa de la campa\u00f1a presidencial.<\/span><\/h3>\n<h3 class=\"yiv7409174924ydp6329976emsonormal\" style=\"background: white;\"><span style=\"font-family: 'Arial','sans-serif'; color: #1d2228;\">Al respecto, asegur\u00f3 que &#8220;hay muchos peronistas que en alg\u00fan momento se desencantaron y tambi\u00e9n hay muchos radicales defensores de la escuela p\u00fablica, de la gratuidad universitaria, de la movilidad social ascendente en la Argentina que no tienen nada que ver con (la candidata presidencial de Juntos por el Cambio, Bullrich, y tienen mucho m\u00e1s que ver conmigo, con la identidad de origen del Frente Renovador&#8221;.<\/span><\/h3>\n<h3 class=\"yiv7409174924ydp6329976emsonormal\" style=\"background: white;\"><span style=\"font-family: 'Arial','sans-serif'; color: #1d2228;\">&#8220;Llevaron una candidata que, en lugar de hablarle a todos, s\u00f3lo le habl\u00f3 a los duros. Por eso (Mauricio) Macri termina m\u00e1s inclinado a tratar de jugar como fetiche con su nuevo juguete (Javier) Milei&#8221;, se\u00f1al\u00f3 sobre Juntos por el Cambio.<\/span><\/h3>\n<h3 class=\"yiv7409174924ydp6329976emsonormal\" style=\"background: white;\"><span style=\"font-family: 'Arial','sans-serif'; color: #1d2228;\">Para el ministro, &#8220;lo m\u00e1s grave del jugueteo de Macri con Milei es que le falta el respeto a los votantes de Horacio (Rodr\u00edguez Larreta) y a los radicales&#8221;.<\/span><\/h3>\n<h3 class=\"yiv7409174924ydp6329976emsonormal\" style=\"background: white;\"><span style=\"font-family: 'Arial','sans-serif'; color: #1d2228;\">&#8220;Macri decidi\u00f3 destruir Juntos por el Cambio y empujar a todo el mundo con Milei, porque hay una falta de respeto de Macri a Patricia: la idea de ir empujando suavecito y con gestos y poni\u00e9ndole gente a trabajar los votantes a Milei&#8221;, opin\u00f3.<\/span><\/h3>\n<h3 class=\"yiv7409174924ydp6329976emsonormal\" style=\"background: white;\"><span style=\"font-family: 'Arial','sans-serif'; color: #1d2228;\">Por \u00faltimo, Massa asever\u00f3 que &#8220;el mundo piensa que la Argentina de Milei es inviable&#8221;.<\/span><\/h3>\n<h3 class=\"yiv7409174924ydp6329976emsonormal\" style=\"background: white;\"><span style=\"font-family: 'Arial','sans-serif'; color: #1d2228;\">&#8220;La idea en el mundo de que lo que propone el candidato que gan\u00f3 es inviable. Hay 70 art\u00edculos de todo el mundo que plantean la inviabilidad de la Argentina si el 11 de diciembre Milei es presidente&#8221;, a\u00f1adi\u00f3.<\/span><\/h3>\n","protected":false},"excerpt":{"rendered":"<p>El candidato presidencial de Uni\u00f3n por la Patria, Sergio Massa, anunci\u00f3 que si le toca&#8230;<\/p>\n","protected":false},"author":1,"featured_media":1850,"comment_status":"closed","ping_status":"closed","sticky":false,"template":"","format":"standard","meta":{"footnotes":""},"categories":[5],"tags":[],"class_list":["post-1849","post","type-post","status-publish","format-standard","has-post-thumbnail","hentry","category-nacionales-internacionales"],"yoast_head":"<!-- This site is optimized with the Yoast SEO plugin v26.1.1 - https:\/\/yoast.com\/wordpress\/plugins\/seo\/ -->\n<title>MASSA PROMETE ARMAR UN GABINETE DE &quot;UNIDAD NACIONAL&quot; CON RADICALES Y PERONISTAS DEL PRO - Apuntes de San Luis<\/title>\n<meta name=\"robots\" content=\"index, follow, max-snippet:-1, max-image-preview:large, max-video-preview:-1\" \/>\n<link rel=\"canonical\" href=\"https:\/\/apuntesdesanluis.com\/index.php\/2023\/08\/20\/massa-promete-armar-un-gabinete-de-unidad-nacional-con-radicales-y-peronistas-del-pro\/\" \/>\n<meta property=\"og:locale\" content=\"es_ES\" \/>\n<meta property=\"og:type\" content=\"article\" \/>\n<meta property=\"og:title\" content=\"MASSA PROMETE ARMAR UN GABINETE DE &quot;UNIDAD NACIONAL&quot; CON RADICALES Y PERONISTAS DEL PRO - Apuntes de San Luis\" \/>\n<meta property=\"og:description\" content=\"El candidato presidencial de Uni\u00f3n por la Patria, Sergio Massa, anunci\u00f3 que si le toca...\" \/>\n<meta property=\"og:url\" content=\"https:\/\/apuntesdesanluis.com\/index.php\/2023\/08\/20\/massa-promete-armar-un-gabinete-de-unidad-nacional-con-radicales-y-peronistas-del-pro\/\" \/>\n<meta property=\"og:site_name\" content=\"Apuntes de San Luis\" \/>\n<meta property=\"article:published_time\" content=\"2023-08-21T01:51:13+00:00\" \/>\n<meta property=\"og:image\" content=\"https:\/\/apuntesdesanluis.com\/wp-content\/uploads\/2023\/08\/massa-6.png\" \/>\n\t<meta property=\"og:image:width\" content=\"827\" \/>\n\t<meta property=\"og:image:height\" content=\"495\" \/>\n\t<meta property=\"og:image:type\" content=\"image\/png\" \/>\n<meta name=\"author\" content=\"apuntesdesanluis.com\" \/>\n<meta name=\"twitter:card\" content=\"summary_large_image\" \/>\n<meta name=\"twitter:label1\" content=\"Escrito por\" \/>\n\t<meta name=\"twitter:data1\" content=\"apuntesdesanluis.com\" \/>\n\t<meta name=\"twitter:label2\" content=\"Tiempo de lectura\" \/>\n\t<meta name=\"twitter:data2\" content=\"3 minutos\" \/>\n<script type=\"application\/ld+json\" class=\"yoast-schema-graph\">{\"@context\":\"https:\/\/schema.org\",\"@graph\":[{\"@type\":\"Article\",\"@id\":\"https:\/\/apuntesdesanluis.com\/index.php\/2023\/08\/20\/massa-promete-armar-un-gabinete-de-unidad-nacional-con-radicales-y-peronistas-del-pro\/#article\",\"isPartOf\":{\"@id\":\"https:\/\/apuntesdesanluis.com\/index.php\/2023\/08\/20\/massa-promete-armar-un-gabinete-de-unidad-nacional-con-radicales-y-peronistas-del-pro\/\"},\"author\":{\"name\":\"apuntesdesanluis.com\",\"@id\":\"https:\/\/apuntesdesanluis.com\/#\/schema\/person\/b55151d52296fcce64d1a72538a70b90\"},\"headline\":\"MASSA PROMETE ARMAR UN GABINETE DE &#8220;UNIDAD NACIONAL&#8221; CON RADICALES Y PERONISTAS DEL PRO\",\"datePublished\":\"2023-08-21T01:51:13+00:00\",\"mainEntityOfPage\":{\"@id\":\"https:\/\/apuntesdesanluis.com\/index.php\/2023\/08\/20\/massa-promete-armar-un-gabinete-de-unidad-nacional-con-radicales-y-peronistas-del-pro\/\"},\"wordCount\":542,\"publisher\":{\"@id\":\"https:\/\/apuntesdesanluis.com\/#\/schema\/person\/b55151d52296fcce64d1a72538a70b90\"},\"image\":{\"@id\":\"https:\/\/apuntesdesanluis.com\/index.php\/2023\/08\/20\/massa-promete-armar-un-gabinete-de-unidad-nacional-con-radicales-y-peronistas-del-pro\/#primaryimage\"},\"thumbnailUrl\":\"https:\/\/apuntesdesanluis.com\/wp-content\/uploads\/2023\/08\/massa-6.png\",\"articleSection\":[\"Nacionales\/Internacionales\"],\"inLanguage\":\"es-AR\"},{\"@type\":\"WebPage\",\"@id\":\"https:\/\/apuntesdesanluis.com\/index.php\/2023\/08\/20\/massa-promete-armar-un-gabinete-de-unidad-nacional-con-radicales-y-peronistas-del-pro\/\",\"url\":\"https:\/\/apuntesdesanluis.com\/index.php\/2023\/08\/20\/massa-promete-armar-un-gabinete-de-unidad-nacional-con-radicales-y-peronistas-del-pro\/\",\"name\":\"MASSA PROMETE ARMAR UN GABINETE DE \\\"UNIDAD NACIONAL\\\" CON RADICALES Y PERONISTAS DEL PRO - Apuntes de San Luis\",\"isPartOf\":{\"@id\":\"https:\/\/apuntesdesanluis.com\/#website\"},\"primaryImageOfPage\":{\"@id\":\"https:\/\/apuntesdesanluis.com\/index.php\/2023\/08\/20\/massa-promete-armar-un-gabinete-de-unidad-nacional-con-radicales-y-peronistas-del-pro\/#primaryimage\"},\"image\":{\"@id\":\"https:\/\/apuntesdesanluis.com\/index.php\/2023\/08\/20\/massa-promete-armar-un-gabinete-de-unidad-nacional-con-radicales-y-peronistas-del-pro\/#primaryimage\"},\"thumbnailUrl\":\"https:\/\/apuntesdesanluis.com\/wp-content\/uploads\/2023\/08\/massa-6.png\",\"datePublished\":\"2023-08-21T01:51:13+00:00\",\"breadcrumb\":{\"@id\":\"https:\/\/apuntesdesanluis.com\/index.php\/2023\/08\/20\/massa-promete-armar-un-gabinete-de-unidad-nacional-con-radicales-y-peronistas-del-pro\/#breadcrumb\"},\"inLanguage\":\"es-AR\",\"potentialAction\":[{\"@type\":\"ReadAction\",\"target\":[\"https:\/\/apuntesdesanluis.com\/index.php\/2023\/08\/20\/massa-promete-armar-un-gabinete-de-unidad-nacional-con-radicales-y-peronistas-del-pro\/\"]}]},{\"@type\":\"ImageObject\",\"inLanguage\":\"es-AR\",\"@id\":\"https:\/\/apuntesdesanluis.com\/index.php\/2023\/08\/20\/massa-promete-armar-un-gabinete-de-unidad-nacional-con-radicales-y-peronistas-del-pro\/#primaryimage\",\"url\":\"https:\/\/apuntesdesanluis.com\/wp-content\/uploads\/2023\/08\/massa-6.png\",\"contentUrl\":\"https:\/\/apuntesdesanluis.com\/wp-content\/uploads\/2023\/08\/massa-6.png\",\"width\":827,\"height\":495},{\"@type\":\"BreadcrumbList\",\"@id\":\"https:\/\/apuntesdesanluis.com\/index.php\/2023\/08\/20\/massa-promete-armar-un-gabinete-de-unidad-nacional-con-radicales-y-peronistas-del-pro\/#breadcrumb\",\"itemListElement\":[{\"@type\":\"ListItem\",\"position\":1,\"name\":\"Inicio\",\"item\":\"https:\/\/apuntesdesanluis.com\/\"},{\"@type\":\"ListItem\",\"position\":2,\"name\":\"MASSA PROMETE ARMAR UN GABINETE DE &#8220;UNIDAD NACIONAL&#8221; CON RADICALES Y PERONISTAS DEL PRO\"}]},{\"@type\":\"WebSite\",\"@id\":\"https:\/\/apuntesdesanluis.com\/#website\",\"url\":\"https:\/\/apuntesdesanluis.com\/\",\"name\":\"Apuntes de San Luis\",\"description\":\"\",\"publisher\":{\"@id\":\"https:\/\/apuntesdesanluis.com\/#\/schema\/person\/b55151d52296fcce64d1a72538a70b90\"},\"potentialAction\":[{\"@type\":\"SearchAction\",\"target\":{\"@type\":\"EntryPoint\",\"urlTemplate\":\"https:\/\/apuntesdesanluis.com\/?s={search_term_string}\"},\"query-input\":{\"@type\":\"PropertyValueSpecification\",\"valueRequired\":true,\"valueName\":\"search_term_string\"}}],\"inLanguage\":\"es-AR\"},{\"@type\":[\"Person\",\"Organization\"],\"@id\":\"https:\/\/apuntesdesanluis.com\/#\/schema\/person\/b55151d52296fcce64d1a72538a70b90\",\"name\":\"apuntesdesanluis.com\",\"image\":{\"@type\":\"ImageObject\",\"inLanguage\":\"es-AR\",\"@id\":\"https:\/\/apuntesdesanluis.com\/#\/schema\/person\/image\/\",\"url\":\"https:\/\/apuntesdesanluis.com\/wp-content\/uploads\/2023\/07\/cropped-apuntesdesanluis.png\",\"contentUrl\":\"https:\/\/apuntesdesanluis.com\/wp-content\/uploads\/2023\/07\/cropped-apuntesdesanluis.png\",\"width\":450,\"height\":112,\"caption\":\"apuntesdesanluis.com\"},\"logo\":{\"@id\":\"https:\/\/apuntesdesanluis.com\/#\/schema\/person\/image\/\"},\"sameAs\":[\"https:\/\/apuntesdesanluis.com\"],\"url\":\"https:\/\/apuntesdesanluis.com\/index.php\/author\/apuntesdesanluis-com\/\"}]}<\/script>\n<!-- \/ Yoast SEO plugin. -->","yoast_head_json":{"title":"MASSA PROMETE ARMAR UN GABINETE DE \"UNIDAD NACIONAL\" CON RADICALES Y PERONISTAS DEL PRO - Apuntes de San Luis","robots":{"index":"index","follow":"follow","max-snippet":"max-snippet:-1","max-image-preview":"max-image-preview:large","max-video-preview":"max-video-preview:-1"},"canonical":"https:\/\/apuntesdesanluis.com\/index.php\/2023\/08\/20\/massa-promete-armar-un-gabinete-de-unidad-nacional-con-radicales-y-peronistas-del-pro\/","og_locale":"es_ES","og_type":"article","og_title":"MASSA PROMETE ARMAR UN GABINETE DE \"UNIDAD NACIONAL\" CON RADICALES Y PERONISTAS DEL PRO - Apuntes de San Luis","og_description":"El candidato presidencial de Uni\u00f3n por la Patria, Sergio Massa, anunci\u00f3 que si le toca...","og_url":"https:\/\/apuntesdesanluis.com\/index.php\/2023\/08\/20\/massa-promete-armar-un-gabinete-de-unidad-nacional-con-radicales-y-peronistas-del-pro\/","og_site_name":"Apuntes de San Luis","article_published_time":"2023-08-21T01:51:13+00:00","og_image":[{"width":827,"height":495,"url":"https:\/\/apuntesdesanluis.com\/wp-content\/uploads\/2023\/08\/massa-6.png","type":"image\/png"}],"author":"apuntesdesanluis.com","twitter_card":"summary_large_image","twitter_misc":{"Escrito por":"apuntesdesanluis.com","Tiempo de lectura":"3 minutos"},"schema":{"@context":"https:\/\/schema.org","@graph":[{"@type":"Article","@id":"https:\/\/apuntesdesanluis.com\/index.php\/2023\/08\/20\/massa-promete-armar-un-gabinete-de-unidad-nacional-con-radicales-y-peronistas-del-pro\/#article","isPartOf":{"@id":"https:\/\/apuntesdesanluis.com\/index.php\/2023\/08\/20\/massa-promete-armar-un-gabinete-de-unidad-nacional-con-radicales-y-peronistas-del-pro\/"},"author":{"name":"apuntesdesanluis.com","@id":"https:\/\/apuntesdesanluis.com\/#\/schema\/person\/b55151d52296fcce64d1a72538a70b90"},"headline":"MASSA PROMETE ARMAR UN GABINETE DE &#8220;UNIDAD NACIONAL&#8221; CON RADICALES Y PERONISTAS DEL PRO","datePublished":"2023-08-21T01:51:13+00:00","mainEntityOfPage":{"@id":"https:\/\/apuntesdesanluis.com\/index.php\/2023\/08\/20\/massa-promete-armar-un-gabinete-de-unidad-nacional-con-radicales-y-peronistas-del-pro\/"},"wordCount":542,"publisher":{"@id":"https:\/\/apuntesdesanluis.com\/#\/schema\/person\/b55151d52296fcce64d1a72538a70b90"},"image":{"@id":"https:\/\/apuntesdesanluis.com\/index.php\/2023\/08\/20\/massa-promete-armar-un-gabinete-de-unidad-nacional-con-radicales-y-peronistas-del-pro\/#primaryimage"},"thumbnailUrl":"https:\/\/apuntesdesanluis.com\/wp-content\/uploads\/2023\/08\/massa-6.png","articleSection":["Nacionales\/Internacionales"],"inLanguage":"es-AR"},{"@type":"WebPage","@id":"https:\/\/apuntesdesanluis.com\/index.php\/2023\/08\/20\/massa-promete-armar-un-gabinete-de-unidad-nacional-con-radicales-y-peronistas-del-pro\/","url":"https:\/\/apuntesdesanluis.com\/index.php\/2023\/08\/20\/massa-promete-armar-un-gabinete-de-unidad-nacional-con-radicales-y-peronistas-del-pro\/","name":"MASSA PROMETE ARMAR UN GABINETE DE \"UNIDAD NACIONAL\" CON RADICALES Y PERONISTAS DEL PRO - Apuntes de San Luis","isPartOf":{"@id":"https:\/\/apuntesdesanluis.com\/#website"},"primaryImageOfPage":{"@id":"https:\/\/apuntesdesanluis.com\/index.php\/2023\/08\/20\/massa-promete-armar-un-gabinete-de-unidad-nacional-con-radicales-y-peronistas-del-pro\/#primaryimage"},"image":{"@id":"https:\/\/apuntesdesanluis.com\/index.php\/2023\/08\/20\/massa-promete-armar-un-gabinete-de-unidad-nacional-con-radicales-y-peronistas-del-pro\/#primaryimage"},"thumbnailUrl":"https:\/\/apuntesdesanluis.com\/wp-content\/uploads\/2023\/08\/massa-6.png","datePublished":"2023-08-21T01:51:13+00:00","breadcrumb":{"@id":"https:\/\/apuntesdesanluis.com\/index.php\/2023\/08\/20\/massa-promete-armar-un-gabinete-de-unidad-nacional-con-radicales-y-peronistas-del-pro\/#breadcrumb"},"inLanguage":"es-AR","potentialAction":[{"@type":"ReadAction","target":["https:\/\/apuntesdesanluis.com\/index.php\/2023\/08\/20\/massa-promete-armar-un-gabinete-de-unidad-nacional-con-radicales-y-peronistas-del-pro\/"]}]},{"@type":"ImageObject","inLanguage":"es-AR","@id":"https:\/\/apuntesdesanluis.com\/index.php\/2023\/08\/20\/massa-promete-armar-un-gabinete-de-unidad-nacional-con-radicales-y-peronistas-del-pro\/#primaryimage","url":"https:\/\/apuntesdesanluis.com\/wp-content\/uploads\/2023\/08\/massa-6.png","contentUrl":"https:\/\/apuntesdesanluis.com\/wp-content\/uploads\/2023\/08\/massa-6.png","width":827,"height":495},{"@type":"BreadcrumbList","@id":"https:\/\/apuntesdesanluis.com\/index.php\/2023\/08\/20\/massa-promete-armar-un-gabinete-de-unidad-nacional-con-radicales-y-peronistas-del-pro\/#breadcrumb","itemListElement":[{"@type":"ListItem","position":1,"name":"Inicio","item":"https:\/\/apuntesdesanluis.com\/"},{"@type":"ListItem","position":2,"name":"MASSA PROMETE ARMAR UN GABINETE DE &#8220;UNIDAD NACIONAL&#8221; CON RADICALES Y PERONISTAS DEL PRO"}]},{"@type":"WebSite","@id":"https:\/\/apuntesdesanluis.com\/#website","url":"https:\/\/apuntesdesanluis.com\/","name":"Apuntes de San Luis","description":"","publisher":{"@id":"https:\/\/apuntesdesanluis.com\/#\/schema\/person\/b55151d52296fcce64d1a72538a70b90"},"potentialAction":[{"@type":"SearchAction","target":{"@type":"EntryPoint","urlTemplate":"https:\/\/apuntesdesanluis.com\/?s={search_term_string}"},"query-input":{"@type":"PropertyValueSpecification","valueRequired":true,"valueName":"search_term_string"}}],"inLanguage":"es-AR"},{"@type":["Person","Organization"],"@id":"https:\/\/apuntesdesanluis.com\/#\/schema\/person\/b55151d52296fcce64d1a72538a70b90","name":"apuntesdesanluis.com","image":{"@type":"ImageObject","inLanguage":"es-AR","@id":"https:\/\/apuntesdesanluis.com\/#\/schema\/person\/image\/","url":"https:\/\/apuntesdesanluis.com\/wp-content\/uploads\/2023\/07\/cropped-apuntesdesanluis.png","contentUrl":"https:\/\/apuntesdesanluis.com\/wp-content\/uploads\/2023\/07\/cropped-apuntesdesanluis.png","width":450,"height":112,"caption":"apuntesdesanluis.com"},"logo":{"@id":"https:\/\/apuntesdesanluis.com\/#\/schema\/person\/image\/"},"sameAs":["https:\/\/apuntesdesanluis.com"],"url":"https:\/\/apuntesdesanluis.com\/index.php\/author\/apuntesdesanluis-com\/"}]}},"featured_image_urls":{"full":["https:\/\/apuntesdesanluis.com\/wp-content\/uploads\/2023\/08\/massa-6.png",827,495,false],"thumbnail":["https:\/\/apuntesdesanluis.com\/wp-content\/uploads\/2023\/08\/massa-6-150x150.png",150,150,true],"medium":["https:\/\/apuntesdesanluis.com\/wp-content\/uploads\/2023\/08\/massa-6-300x180.png",300,180,true],"medium_large":["https:\/\/apuntesdesanluis.com\/wp-content\/uploads\/2023\/08\/massa-6-768x460.png",640,383,true],"large":["https:\/\/apuntesdesanluis.com\/wp-content\/uploads\/2023\/08\/massa-6.png",640,383,false],"1536x1536":["https:\/\/apuntesdesanluis.com\/wp-content\/uploads\/2023\/08\/massa-6.png",827,495,false],"2048x2048":["https:\/\/apuntesdesanluis.com\/wp-content\/uploads\/2023\/08\/massa-6.png",827,495,false],"newsever-slider-full":["https:\/\/apuntesdesanluis.com\/wp-content\/uploads\/2023\/08\/massa-6.png",827,495,false],"newsever-featured":["https:\/\/apuntesdesanluis.com\/wp-content\/uploads\/2023\/08\/massa-6.png",827,495,false],"newsever-medium":["https:\/\/apuntesdesanluis.com\/wp-content\/uploads\/2023\/08\/massa-6-720x475.png",720,475,true]},"author_info":{"display_name":"apuntesdesanluis.com","author_link":"https:\/\/apuntesdesanluis.com\/index.php\/author\/apuntesdesanluis-com\/"},"category_info":"<a href=\"https:\/\/apuntesdesanluis.com\/index.php\/category\/nacionales-internacionales\/\" rel=\"category tag\">Nacionales\/Internacionales<\/a>","tag_info":"Nacionales\/Internacionales","comment_count":"0","_links":{"self":[{"href":"https:\/\/apuntesdesanluis.com\/index.php\/wp-json\/wp\/v2\/posts\/1849","targetHints":{"allow":["GET"]}}],"collection":[{"href":"https:\/\/apuntesdesanluis.com\/index.php\/wp-json\/wp\/v2\/posts"}],"about":[{"href":"https:\/\/apuntesdesanluis.com\/index.php\/wp-json\/wp\/v2\/types\/post"}],"author":[{"embeddable":true,"href":"https:\/\/apuntesdesanluis.com\/index.php\/wp-json\/wp\/v2\/users\/1"}],"replies":[{"embeddable":true,"href":"https:\/\/apuntesdesanluis.com\/index.php\/wp-json\/wp\/v2\/comments?post=1849"}],"version-history":[{"count":1,"href":"https:\/\/apuntesdesanluis.com\/index.php\/wp-json\/wp\/v2\/posts\/1849\/revisions"}],"predecessor-version":[{"id":1851,"href":"https:\/\/apuntesdesanluis.com\/index.php\/wp-json\/wp\/v2\/posts\/1849\/revisions\/1851"}],"wp:featuredmedia":[{"embeddable":true,"href":"https:\/\/apuntesdesanluis.com\/index.php\/wp-json\/wp\/v2\/media\/1850"}],"wp:attachment":[{"href":"https:\/\/apuntesdesanluis.com\/index.php\/wp-json\/wp\/v2\/media?parent=1849"}],"wp:term":[{"taxonomy":"category","embeddable":true,"href":"https:\/\/apuntesdesanluis.com\/index.php\/wp-json\/wp\/v2\/categories?post=1849"},{"taxonomy":"post_tag","embeddable":true,"href":"https:\/\/apuntesdesanluis.com\/index.php\/wp-json\/wp\/v2\/tags?post=1849"}],"curies":[{"name":"wp","href":"https:\/\/api.w.org\/{rel}","templated":true}]}}