{"id":18501,"date":"2024-06-27T22:28:56","date_gmt":"2024-06-28T01:28:56","guid":{"rendered":"https:\/\/apuntesdesanluis.com\/?p=18501"},"modified":"2024-06-28T08:49:39","modified_gmt":"2024-06-28T11:49:39","slug":"el-rector-de-la-unvime-alerto-por-el-crecimiento-de-la-deuda-previsional-de-la-universidad","status":"publish","type":"post","link":"https:\/\/apuntesdesanluis.com\/index.php\/2024\/06\/27\/el-rector-de-la-unvime-alerto-por-el-crecimiento-de-la-deuda-previsional-de-la-universidad\/","title":{"rendered":"EL RECTOR DE LA UNVIME ALERT\u00d3 POR EL CRECIMIENTO DE LA DEUDA PREVISIONAL DE LA UNIVERSIDAD"},"content":{"rendered":"<h3>El Dr. <strong>Marcelo Sosa<\/strong> inform\u00f3 con preocupaci\u00f3n que la deuda con la AFIP contra\u00edda por la gesti\u00f3n anterior, supera actualmente los <strong>174 millones de pesos<\/strong>.<\/h3>\n<h3>El ex ministro de Educaci\u00f3n y actual rector de la UNViMe lo hizo durante la lectura de su informe. al comienzo de la cuarta Sesi\u00f3n Ordinaria del Consejo Superior de la Universidad Nacional de Villa Mercedes que se desarroll\u00f3 el mi\u00e9rcoles.<\/h3>\n<p><img fetchpriority=\"high\" decoding=\"async\" class=\"wp-image-18503 aligncenter\" src=\"https:\/\/apuntesdesanluis.com\/wp-content\/uploads\/2024\/06\/consejo-superior-unvime-300x168.png\" alt=\"\" width=\"661\" height=\"370\" srcset=\"https:\/\/apuntesdesanluis.com\/wp-content\/uploads\/2024\/06\/consejo-superior-unvime-300x168.png 300w, https:\/\/apuntesdesanluis.com\/wp-content\/uploads\/2024\/06\/consejo-superior-unvime.png 590w\" sizes=\"(max-width: 661px) 100vw, 661px\" \/><\/p>\n<h3>En la oportunidad, precis\u00f3: \u201cAl d\u00eda de hoy, 26 de junio de 2024, la deuda con la AFIP por los aportes no pagados asciende a $174.760.532\u201d, y record\u00f3 que en el \u00faltimo informe que hab\u00eda comunicado en el Consejo Superior, la deuda era de $163.638.971.<\/h3>\n<h3>\u201cEs decir que la misma aument\u00f3 $11.121.000 en un mes, a un promedio de $370.000 diarios de incremento\u201d, concluy\u00f3.<\/h3>\n<h3>Vale recordar que, debido a esto, la Universidad elev\u00f3 una denuncia penal por incumplimiento en el pago de Contribuciones Patronales que fue formalmente presentada el pasado 15 de mayo ante Fiscal\u00eda Federal por el Asesor Legal de la UNViMe, Abog. Juan Manuel Quiroga.<\/h3>\n<h3>En la ocasi\u00f3n, esta decisi\u00f3n fue fundamentada por las m\u00e1ximas autoridades de la actual gesti\u00f3n, como parte de sus deberes de funcionarios p\u00fablicos, donde procedieron a impulsar el pedido de investigaci\u00f3n a la justicia, al tomar conocimiento de que, en el periodo comprendido entre los meses de marzo, mayo, junio, julio y agosto del a\u00f1o 2023, la instituci\u00f3n no efectu\u00f3 los pagos correspondientes a las contribuciones de la Seguridad Social de los quinientos cincuenta y un (551) trabajadores dependientes de la Universidad Nacional de Villa Mercedes.<\/h3>\n<h3>La decisi\u00f3n de impulsar la denuncia tuvo su origen en el informe presentado el lunes 13 de mayo por la C.P.N. Andrea Eleonora Rodr\u00edguez Cabrera, actual Secretaria de Hacienda y Administraci\u00f3n de la Universidad Nacional de Villa Mercedes, se\u00f1alando y poniendo en conocimiento el detalle de la deuda previsional y los periodos impagos del a\u00f1o 2023.<\/h3>\n<h3>En la transmisi\u00f3n de Youtoube de la \u00faltima Sesi\u00f3n Ordinaria del Consejo Superior, se puede escuchar el informe que dio el Dr. Marcelo Sosa.<\/h3>\n<p><iframe title=\"Sesi\u00f3n ordinaria de Consejo Superior. Mi\u00e9rcoles 26 junio 2024\" width=\"640\" height=\"360\" src=\"https:\/\/www.youtube.com\/embed\/xiLixVmTilQ?start=1757&#038;feature=oembed\" frameborder=\"0\" allow=\"accelerometer; autoplay; clipboard-write; encrypted-media; gyroscope; picture-in-picture; web-share\" referrerpolicy=\"strict-origin-when-cross-origin\" allowfullscreen><\/iframe><\/p>\n<p>&nbsp;<\/p>\n<p>&nbsp;<\/p>\n<p>&nbsp;<\/p>\n<p>&nbsp;<\/p>\n<p>&nbsp;<\/p>\n<p>&nbsp;<\/p>\n","protected":false},"excerpt":{"rendered":"<p>El Dr. Marcelo Sosa inform\u00f3 con preocupaci\u00f3n que la deuda con la AFIP contra\u00edda por&#8230;<\/p>\n","protected":false},"author":1,"featured_media":18502,"comment_status":"closed","ping_status":"closed","sticky":false,"template":"","format":"standard","meta":{"footnotes":""},"categories":[6],"tags":[],"class_list":["post-18501","post","type-post","status-publish","format-standard","has-post-thumbnail","hentry","category-ciudad-provincia"],"yoast_head":"<!-- This site is optimized with the Yoast SEO plugin v26.1.1 - https:\/\/yoast.com\/wordpress\/plugins\/seo\/ -->\n<title>EL RECTOR DE LA UNVIME ALERT\u00d3 POR EL CRECIMIENTO DE LA DEUDA PREVISIONAL DE LA UNIVERSIDAD - Apuntes de San Luis<\/title>\n<meta name=\"robots\" content=\"index, follow, max-snippet:-1, max-image-preview:large, max-video-preview:-1\" \/>\n<link rel=\"canonical\" href=\"https:\/\/apuntesdesanluis.com\/index.php\/2024\/06\/27\/el-rector-de-la-unvime-alerto-por-el-crecimiento-de-la-deuda-previsional-de-la-universidad\/\" \/>\n<meta property=\"og:locale\" content=\"es_ES\" \/>\n<meta property=\"og:type\" content=\"article\" \/>\n<meta property=\"og:title\" content=\"EL RECTOR DE LA UNVIME ALERT\u00d3 POR EL CRECIMIENTO DE LA DEUDA PREVISIONAL DE LA UNIVERSIDAD - Apuntes de San Luis\" \/>\n<meta property=\"og:description\" content=\"El Dr. Marcelo Sosa inform\u00f3 con preocupaci\u00f3n que la deuda con la AFIP contra\u00edda por...\" \/>\n<meta property=\"og:url\" content=\"https:\/\/apuntesdesanluis.com\/index.php\/2024\/06\/27\/el-rector-de-la-unvime-alerto-por-el-crecimiento-de-la-deuda-previsional-de-la-universidad\/\" \/>\n<meta property=\"og:site_name\" content=\"Apuntes de San Luis\" \/>\n<meta property=\"article:published_time\" content=\"2024-06-28T01:28:56+00:00\" \/>\n<meta property=\"article:modified_time\" content=\"2024-06-28T11:49:39+00:00\" \/>\n<meta property=\"og:image\" content=\"https:\/\/apuntesdesanluis.com\/wp-content\/uploads\/2024\/06\/dr.-sosa.png\" \/>\n\t<meta property=\"og:image:width\" content=\"561\" \/>\n\t<meta property=\"og:image:height\" content=\"302\" \/>\n\t<meta property=\"og:image:type\" content=\"image\/png\" \/>\n<meta name=\"author\" content=\"apuntesdesanluis.com\" \/>\n<meta name=\"twitter:card\" content=\"summary_large_image\" \/>\n<meta name=\"twitter:label1\" content=\"Escrito por\" \/>\n\t<meta name=\"twitter:data1\" content=\"apuntesdesanluis.com\" \/>\n\t<meta name=\"twitter:label2\" content=\"Tiempo de lectura\" \/>\n\t<meta name=\"twitter:data2\" content=\"2 minutos\" \/>\n<script type=\"application\/ld+json\" class=\"yoast-schema-graph\">{\"@context\":\"https:\/\/schema.org\",\"@graph\":[{\"@type\":\"Article\",\"@id\":\"https:\/\/apuntesdesanluis.com\/index.php\/2024\/06\/27\/el-rector-de-la-unvime-alerto-por-el-crecimiento-de-la-deuda-previsional-de-la-universidad\/#article\",\"isPartOf\":{\"@id\":\"https:\/\/apuntesdesanluis.com\/index.php\/2024\/06\/27\/el-rector-de-la-unvime-alerto-por-el-crecimiento-de-la-deuda-previsional-de-la-universidad\/\"},\"author\":{\"name\":\"apuntesdesanluis.com\",\"@id\":\"https:\/\/apuntesdesanluis.com\/#\/schema\/person\/b55151d52296fcce64d1a72538a70b90\"},\"headline\":\"EL RECTOR DE LA UNVIME ALERT\u00d3 POR EL CRECIMIENTO DE LA DEUDA PREVISIONAL DE LA UNIVERSIDAD\",\"datePublished\":\"2024-06-28T01:28:56+00:00\",\"dateModified\":\"2024-06-28T11:49:39+00:00\",\"mainEntityOfPage\":{\"@id\":\"https:\/\/apuntesdesanluis.com\/index.php\/2024\/06\/27\/el-rector-de-la-unvime-alerto-por-el-crecimiento-de-la-deuda-previsional-de-la-universidad\/\"},\"wordCount\":382,\"publisher\":{\"@id\":\"https:\/\/apuntesdesanluis.com\/#\/schema\/person\/b55151d52296fcce64d1a72538a70b90\"},\"image\":{\"@id\":\"https:\/\/apuntesdesanluis.com\/index.php\/2024\/06\/27\/el-rector-de-la-unvime-alerto-por-el-crecimiento-de-la-deuda-previsional-de-la-universidad\/#primaryimage\"},\"thumbnailUrl\":\"https:\/\/apuntesdesanluis.com\/wp-content\/uploads\/2024\/06\/dr.-sosa.png\",\"articleSection\":[\"Ciudad\/Provincia\"],\"inLanguage\":\"es-AR\"},{\"@type\":\"WebPage\",\"@id\":\"https:\/\/apuntesdesanluis.com\/index.php\/2024\/06\/27\/el-rector-de-la-unvime-alerto-por-el-crecimiento-de-la-deuda-previsional-de-la-universidad\/\",\"url\":\"https:\/\/apuntesdesanluis.com\/index.php\/2024\/06\/27\/el-rector-de-la-unvime-alerto-por-el-crecimiento-de-la-deuda-previsional-de-la-universidad\/\",\"name\":\"EL RECTOR DE LA UNVIME ALERT\u00d3 POR EL CRECIMIENTO DE LA DEUDA PREVISIONAL DE LA UNIVERSIDAD - Apuntes de San Luis\",\"isPartOf\":{\"@id\":\"https:\/\/apuntesdesanluis.com\/#website\"},\"primaryImageOfPage\":{\"@id\":\"https:\/\/apuntesdesanluis.com\/index.php\/2024\/06\/27\/el-rector-de-la-unvime-alerto-por-el-crecimiento-de-la-deuda-previsional-de-la-universidad\/#primaryimage\"},\"image\":{\"@id\":\"https:\/\/apuntesdesanluis.com\/index.php\/2024\/06\/27\/el-rector-de-la-unvime-alerto-por-el-crecimiento-de-la-deuda-previsional-de-la-universidad\/#primaryimage\"},\"thumbnailUrl\":\"https:\/\/apuntesdesanluis.com\/wp-content\/uploads\/2024\/06\/dr.-sosa.png\",\"datePublished\":\"2024-06-28T01:28:56+00:00\",\"dateModified\":\"2024-06-28T11:49:39+00:00\",\"breadcrumb\":{\"@id\":\"https:\/\/apuntesdesanluis.com\/index.php\/2024\/06\/27\/el-rector-de-la-unvime-alerto-por-el-crecimiento-de-la-deuda-previsional-de-la-universidad\/#breadcrumb\"},\"inLanguage\":\"es-AR\",\"potentialAction\":[{\"@type\":\"ReadAction\",\"target\":[\"https:\/\/apuntesdesanluis.com\/index.php\/2024\/06\/27\/el-rector-de-la-unvime-alerto-por-el-crecimiento-de-la-deuda-previsional-de-la-universidad\/\"]}]},{\"@type\":\"ImageObject\",\"inLanguage\":\"es-AR\",\"@id\":\"https:\/\/apuntesdesanluis.com\/index.php\/2024\/06\/27\/el-rector-de-la-unvime-alerto-por-el-crecimiento-de-la-deuda-previsional-de-la-universidad\/#primaryimage\",\"url\":\"https:\/\/apuntesdesanluis.com\/wp-content\/uploads\/2024\/06\/dr.-sosa.png\",\"contentUrl\":\"https:\/\/apuntesdesanluis.com\/wp-content\/uploads\/2024\/06\/dr.-sosa.png\",\"width\":561,\"height\":302},{\"@type\":\"BreadcrumbList\",\"@id\":\"https:\/\/apuntesdesanluis.com\/index.php\/2024\/06\/27\/el-rector-de-la-unvime-alerto-por-el-crecimiento-de-la-deuda-previsional-de-la-universidad\/#breadcrumb\",\"itemListElement\":[{\"@type\":\"ListItem\",\"position\":1,\"name\":\"Inicio\",\"item\":\"https:\/\/apuntesdesanluis.com\/\"},{\"@type\":\"ListItem\",\"position\":2,\"name\":\"EL RECTOR DE LA UNVIME ALERT\u00d3 POR EL CRECIMIENTO DE LA DEUDA PREVISIONAL DE LA UNIVERSIDAD\"}]},{\"@type\":\"WebSite\",\"@id\":\"https:\/\/apuntesdesanluis.com\/#website\",\"url\":\"https:\/\/apuntesdesanluis.com\/\",\"name\":\"Apuntes de San Luis\",\"description\":\"\",\"publisher\":{\"@id\":\"https:\/\/apuntesdesanluis.com\/#\/schema\/person\/b55151d52296fcce64d1a72538a70b90\"},\"potentialAction\":[{\"@type\":\"SearchAction\",\"target\":{\"@type\":\"EntryPoint\",\"urlTemplate\":\"https:\/\/apuntesdesanluis.com\/?s={search_term_string}\"},\"query-input\":{\"@type\":\"PropertyValueSpecification\",\"valueRequired\":true,\"valueName\":\"search_term_string\"}}],\"inLanguage\":\"es-AR\"},{\"@type\":[\"Person\",\"Organization\"],\"@id\":\"https:\/\/apuntesdesanluis.com\/#\/schema\/person\/b55151d52296fcce64d1a72538a70b90\",\"name\":\"apuntesdesanluis.com\",\"image\":{\"@type\":\"ImageObject\",\"inLanguage\":\"es-AR\",\"@id\":\"https:\/\/apuntesdesanluis.com\/#\/schema\/person\/image\/\",\"url\":\"https:\/\/apuntesdesanluis.com\/wp-content\/uploads\/2023\/07\/cropped-apuntesdesanluis.png\",\"contentUrl\":\"https:\/\/apuntesdesanluis.com\/wp-content\/uploads\/2023\/07\/cropped-apuntesdesanluis.png\",\"width\":450,\"height\":112,\"caption\":\"apuntesdesanluis.com\"},\"logo\":{\"@id\":\"https:\/\/apuntesdesanluis.com\/#\/schema\/person\/image\/\"},\"sameAs\":[\"https:\/\/apuntesdesanluis.com\"],\"url\":\"https:\/\/apuntesdesanluis.com\/index.php\/author\/apuntesdesanluis-com\/\"}]}<\/script>\n<!-- \/ Yoast SEO plugin. -->","yoast_head_json":{"title":"EL RECTOR DE LA UNVIME ALERT\u00d3 POR EL CRECIMIENTO DE LA DEUDA PREVISIONAL DE LA UNIVERSIDAD - Apuntes de San Luis","robots":{"index":"index","follow":"follow","max-snippet":"max-snippet:-1","max-image-preview":"max-image-preview:large","max-video-preview":"max-video-preview:-1"},"canonical":"https:\/\/apuntesdesanluis.com\/index.php\/2024\/06\/27\/el-rector-de-la-unvime-alerto-por-el-crecimiento-de-la-deuda-previsional-de-la-universidad\/","og_locale":"es_ES","og_type":"article","og_title":"EL RECTOR DE LA UNVIME ALERT\u00d3 POR EL CRECIMIENTO DE LA DEUDA PREVISIONAL DE LA UNIVERSIDAD - Apuntes de San Luis","og_description":"El Dr. Marcelo Sosa inform\u00f3 con preocupaci\u00f3n que la deuda con la AFIP contra\u00edda por...","og_url":"https:\/\/apuntesdesanluis.com\/index.php\/2024\/06\/27\/el-rector-de-la-unvime-alerto-por-el-crecimiento-de-la-deuda-previsional-de-la-universidad\/","og_site_name":"Apuntes de San Luis","article_published_time":"2024-06-28T01:28:56+00:00","article_modified_time":"2024-06-28T11:49:39+00:00","og_image":[{"width":561,"height":302,"url":"https:\/\/apuntesdesanluis.com\/wp-content\/uploads\/2024\/06\/dr.-sosa.png","type":"image\/png"}],"author":"apuntesdesanluis.com","twitter_card":"summary_large_image","twitter_misc":{"Escrito por":"apuntesdesanluis.com","Tiempo de lectura":"2 minutos"},"schema":{"@context":"https:\/\/schema.org","@graph":[{"@type":"Article","@id":"https:\/\/apuntesdesanluis.com\/index.php\/2024\/06\/27\/el-rector-de-la-unvime-alerto-por-el-crecimiento-de-la-deuda-previsional-de-la-universidad\/#article","isPartOf":{"@id":"https:\/\/apuntesdesanluis.com\/index.php\/2024\/06\/27\/el-rector-de-la-unvime-alerto-por-el-crecimiento-de-la-deuda-previsional-de-la-universidad\/"},"author":{"name":"apuntesdesanluis.com","@id":"https:\/\/apuntesdesanluis.com\/#\/schema\/person\/b55151d52296fcce64d1a72538a70b90"},"headline":"EL RECTOR DE LA UNVIME ALERT\u00d3 POR EL CRECIMIENTO DE LA DEUDA PREVISIONAL DE LA UNIVERSIDAD","datePublished":"2024-06-28T01:28:56+00:00","dateModified":"2024-06-28T11:49:39+00:00","mainEntityOfPage":{"@id":"https:\/\/apuntesdesanluis.com\/index.php\/2024\/06\/27\/el-rector-de-la-unvime-alerto-por-el-crecimiento-de-la-deuda-previsional-de-la-universidad\/"},"wordCount":382,"publisher":{"@id":"https:\/\/apuntesdesanluis.com\/#\/schema\/person\/b55151d52296fcce64d1a72538a70b90"},"image":{"@id":"https:\/\/apuntesdesanluis.com\/index.php\/2024\/06\/27\/el-rector-de-la-unvime-alerto-por-el-crecimiento-de-la-deuda-previsional-de-la-universidad\/#primaryimage"},"thumbnailUrl":"https:\/\/apuntesdesanluis.com\/wp-content\/uploads\/2024\/06\/dr.-sosa.png","articleSection":["Ciudad\/Provincia"],"inLanguage":"es-AR"},{"@type":"WebPage","@id":"https:\/\/apuntesdesanluis.com\/index.php\/2024\/06\/27\/el-rector-de-la-unvime-alerto-por-el-crecimiento-de-la-deuda-previsional-de-la-universidad\/","url":"https:\/\/apuntesdesanluis.com\/index.php\/2024\/06\/27\/el-rector-de-la-unvime-alerto-por-el-crecimiento-de-la-deuda-previsional-de-la-universidad\/","name":"EL RECTOR DE LA UNVIME ALERT\u00d3 POR EL CRECIMIENTO DE LA DEUDA PREVISIONAL DE LA UNIVERSIDAD - Apuntes de San Luis","isPartOf":{"@id":"https:\/\/apuntesdesanluis.com\/#website"},"primaryImageOfPage":{"@id":"https:\/\/apuntesdesanluis.com\/index.php\/2024\/06\/27\/el-rector-de-la-unvime-alerto-por-el-crecimiento-de-la-deuda-previsional-de-la-universidad\/#primaryimage"},"image":{"@id":"https:\/\/apuntesdesanluis.com\/index.php\/2024\/06\/27\/el-rector-de-la-unvime-alerto-por-el-crecimiento-de-la-deuda-previsional-de-la-universidad\/#primaryimage"},"thumbnailUrl":"https:\/\/apuntesdesanluis.com\/wp-content\/uploads\/2024\/06\/dr.-sosa.png","datePublished":"2024-06-28T01:28:56+00:00","dateModified":"2024-06-28T11:49:39+00:00","breadcrumb":{"@id":"https:\/\/apuntesdesanluis.com\/index.php\/2024\/06\/27\/el-rector-de-la-unvime-alerto-por-el-crecimiento-de-la-deuda-previsional-de-la-universidad\/#breadcrumb"},"inLanguage":"es-AR","potentialAction":[{"@type":"ReadAction","target":["https:\/\/apuntesdesanluis.com\/index.php\/2024\/06\/27\/el-rector-de-la-unvime-alerto-por-el-crecimiento-de-la-deuda-previsional-de-la-universidad\/"]}]},{"@type":"ImageObject","inLanguage":"es-AR","@id":"https:\/\/apuntesdesanluis.com\/index.php\/2024\/06\/27\/el-rector-de-la-unvime-alerto-por-el-crecimiento-de-la-deuda-previsional-de-la-universidad\/#primaryimage","url":"https:\/\/apuntesdesanluis.com\/wp-content\/uploads\/2024\/06\/dr.-sosa.png","contentUrl":"https:\/\/apuntesdesanluis.com\/wp-content\/uploads\/2024\/06\/dr.-sosa.png","width":561,"height":302},{"@type":"BreadcrumbList","@id":"https:\/\/apuntesdesanluis.com\/index.php\/2024\/06\/27\/el-rector-de-la-unvime-alerto-por-el-crecimiento-de-la-deuda-previsional-de-la-universidad\/#breadcrumb","itemListElement":[{"@type":"ListItem","position":1,"name":"Inicio","item":"https:\/\/apuntesdesanluis.com\/"},{"@type":"ListItem","position":2,"name":"EL RECTOR DE LA UNVIME ALERT\u00d3 POR EL CRECIMIENTO DE LA DEUDA PREVISIONAL DE LA UNIVERSIDAD"}]},{"@type":"WebSite","@id":"https:\/\/apuntesdesanluis.com\/#website","url":"https:\/\/apuntesdesanluis.com\/","name":"Apuntes de San Luis","description":"","publisher":{"@id":"https:\/\/apuntesdesanluis.com\/#\/schema\/person\/b55151d52296fcce64d1a72538a70b90"},"potentialAction":[{"@type":"SearchAction","target":{"@type":"EntryPoint","urlTemplate":"https:\/\/apuntesdesanluis.com\/?s={search_term_string}"},"query-input":{"@type":"PropertyValueSpecification","valueRequired":true,"valueName":"search_term_string"}}],"inLanguage":"es-AR"},{"@type":["Person","Organization"],"@id":"https:\/\/apuntesdesanluis.com\/#\/schema\/person\/b55151d52296fcce64d1a72538a70b90","name":"apuntesdesanluis.com","image":{"@type":"ImageObject","inLanguage":"es-AR","@id":"https:\/\/apuntesdesanluis.com\/#\/schema\/person\/image\/","url":"https:\/\/apuntesdesanluis.com\/wp-content\/uploads\/2023\/07\/cropped-apuntesdesanluis.png","contentUrl":"https:\/\/apuntesdesanluis.com\/wp-content\/uploads\/2023\/07\/cropped-apuntesdesanluis.png","width":450,"height":112,"caption":"apuntesdesanluis.com"},"logo":{"@id":"https:\/\/apuntesdesanluis.com\/#\/schema\/person\/image\/"},"sameAs":["https:\/\/apuntesdesanluis.com"],"url":"https:\/\/apuntesdesanluis.com\/index.php\/author\/apuntesdesanluis-com\/"}]}},"featured_image_urls":{"full":["https:\/\/apuntesdesanluis.com\/wp-content\/uploads\/2024\/06\/dr.-sosa.png",561,302,false],"thumbnail":["https:\/\/apuntesdesanluis.com\/wp-content\/uploads\/2024\/06\/dr.-sosa-150x150.png",150,150,true],"medium":["https:\/\/apuntesdesanluis.com\/wp-content\/uploads\/2024\/06\/dr.-sosa-300x161.png",300,161,true],"medium_large":["https:\/\/apuntesdesanluis.com\/wp-content\/uploads\/2024\/06\/dr.-sosa.png",561,302,false],"large":["https:\/\/apuntesdesanluis.com\/wp-content\/uploads\/2024\/06\/dr.-sosa.png",561,302,false],"1536x1536":["https:\/\/apuntesdesanluis.com\/wp-content\/uploads\/2024\/06\/dr.-sosa.png",561,302,false],"2048x2048":["https:\/\/apuntesdesanluis.com\/wp-content\/uploads\/2024\/06\/dr.-sosa.png",561,302,false],"newsever-slider-full":["https:\/\/apuntesdesanluis.com\/wp-content\/uploads\/2024\/06\/dr.-sosa.png",561,302,false],"newsever-featured":["https:\/\/apuntesdesanluis.com\/wp-content\/uploads\/2024\/06\/dr.-sosa.png",561,302,false],"newsever-medium":["https:\/\/apuntesdesanluis.com\/wp-content\/uploads\/2024\/06\/dr.-sosa.png",561,302,false]},"author_info":{"display_name":"apuntesdesanluis.com","author_link":"https:\/\/apuntesdesanluis.com\/index.php\/author\/apuntesdesanluis-com\/"},"category_info":"<a href=\"https:\/\/apuntesdesanluis.com\/index.php\/category\/ciudad-provincia\/\" rel=\"category tag\">Ciudad\/Provincia<\/a>","tag_info":"Ciudad\/Provincia","comment_count":"0","_links":{"self":[{"href":"https:\/\/apuntesdesanluis.com\/index.php\/wp-json\/wp\/v2\/posts\/18501","targetHints":{"allow":["GET"]}}],"collection":[{"href":"https:\/\/apuntesdesanluis.com\/index.php\/wp-json\/wp\/v2\/posts"}],"about":[{"href":"https:\/\/apuntesdesanluis.com\/index.php\/wp-json\/wp\/v2\/types\/post"}],"author":[{"embeddable":true,"href":"https:\/\/apuntesdesanluis.com\/index.php\/wp-json\/wp\/v2\/users\/1"}],"replies":[{"embeddable":true,"href":"https:\/\/apuntesdesanluis.com\/index.php\/wp-json\/wp\/v2\/comments?post=18501"}],"version-history":[{"count":2,"href":"https:\/\/apuntesdesanluis.com\/index.php\/wp-json\/wp\/v2\/posts\/18501\/revisions"}],"predecessor-version":[{"id":18510,"href":"https:\/\/apuntesdesanluis.com\/index.php\/wp-json\/wp\/v2\/posts\/18501\/revisions\/18510"}],"wp:featuredmedia":[{"embeddable":true,"href":"https:\/\/apuntesdesanluis.com\/index.php\/wp-json\/wp\/v2\/media\/18502"}],"wp:attachment":[{"href":"https:\/\/apuntesdesanluis.com\/index.php\/wp-json\/wp\/v2\/media?parent=18501"}],"wp:term":[{"taxonomy":"category","embeddable":true,"href":"https:\/\/apuntesdesanluis.com\/index.php\/wp-json\/wp\/v2\/categories?post=18501"},{"taxonomy":"post_tag","embeddable":true,"href":"https:\/\/apuntesdesanluis.com\/index.php\/wp-json\/wp\/v2\/tags?post=18501"}],"curies":[{"name":"wp","href":"https:\/\/api.w.org\/{rel}","templated":true}]}}