{"id":18505,"date":"2024-06-28T07:42:31","date_gmt":"2024-06-28T10:42:31","guid":{"rendered":"https:\/\/apuntesdesanluis.com\/?p=18505"},"modified":"2024-06-28T07:46:48","modified_gmt":"2024-06-28T10:46:48","slug":"primer-triunfo-legislativo-de-milei-ya-tiene-su-ley-bases-y-el-paquete-fiscal","status":"publish","type":"post","link":"https:\/\/apuntesdesanluis.com\/index.php\/2024\/06\/28\/primer-triunfo-legislativo-de-milei-ya-tiene-su-ley-bases-y-el-paquete-fiscal\/","title":{"rendered":"PRIMER TRIUNFO LEGISLATIVO DE MILEI: YA TIENE SU LEY BASES Y EL PAQUETE FISCAL"},"content":{"rendered":"<h3>Ahora el Presidente prepara un acto a toda pompa en Tucum\u00e1n para el 9 de Julio. El oficialismo tambi\u00e9n tuvo \u00e9xito en la reposici\u00f3n del impuesto a las Ganancias.<\/h3>\n<h3>Luego de m\u00e1s de trece horas de gesti\u00f3n y mucha expectativa oficial, el Gobierno consigui\u00f3 en la madrugada de este viernes que la C\u00e1mara de Diputados le aprobara las primeras dos leyes desde que asumi\u00f3 el presidente <strong>Javier Milei<\/strong>: la postergada Ley de Bases, que demand\u00f3 seis meses de debate, con un estrepitoso intento fallido durante el verano, y el paquete fiscal que le sirve para consolidar la meta de equilibrio en las cuentas p\u00fablicas.<\/h3>\n<h3>El jefe de Gabinete, <strong>Guillermo Francos<\/strong>, fue el artesano de esos acuerdos y fue espectador de lujo de la sesi\u00f3n desde el palco del recinto, donde se sent\u00f3 junto a la secretaria general de Presidencia y hermana del presidente, <strong>Karina Milei. <\/strong>Tampoco se perdieron el \u201clast dance\u201d de la Ley Bases la vicepresidenta <strong>Victoria Villarruel<\/strong> y el presidente provisional del Senado <strong>Bartolom\u00e9 Abdala<\/strong>.<\/h3>\n<p><img fetchpriority=\"high\" decoding=\"async\" class=\"wp-image-18507 aligncenter\" src=\"https:\/\/apuntesdesanluis.com\/wp-content\/uploads\/2024\/06\/Villarruel-y-abdala-300x169.jpg\" alt=\"\" width=\"651\" height=\"367\" srcset=\"https:\/\/apuntesdesanluis.com\/wp-content\/uploads\/2024\/06\/Villarruel-y-abdala-300x169.jpg 300w, https:\/\/apuntesdesanluis.com\/wp-content\/uploads\/2024\/06\/Villarruel-y-abdala.jpg 375w\" sizes=\"(max-width: 651px) 100vw, 651px\" \/><\/p>\n<h3>&#8220;\u00c9ste es un d\u00eda hist\u00f3rico desde el punto de vista institucional y pol\u00edtico para la Argentina y para este gobierno. No ha sido nada f\u00e1cil, despu\u00e9s de casi siete meses de debates muy acalorados, como debe ser en una democracia y se espera del Congreso Nacional. Claro que debi\u00f3 aprobarse mucho antes, pero sabemos que los partidos tradicionales se iban a resistir fuertemente a los cambios, porque como dijo el presidente, muchos de los aqu\u00ed sentados han sido responsables de los sucesivos fracasos de los \u00faltimos a\u00f1os&#8221;, indic\u00f3 el legislador de San Luis.<\/h3>\n<h3>No obstante, expres\u00f3 su &#8220;agradecimiento a los senadores y diputados de todos los bloques, que han entendido la necesidad de otorgarle al presidente las herramientas necesarias para llevar adelante el proyecto pol\u00edtico que vot\u00f3 la mayor\u00eda de los argentinos, y que nos permitir\u00e1 salir de la crisis y avanzar hacia un futuro promisorio&#8221;, se\u00f1al\u00f3 Abdala.<\/h3>\n<h3>Para la Ley Bases, el oficialismo y sus socios de bloques dialoguistas aceptaron todos los cambios aplicados por el Senado, cosechando 147 votos positivos, 107 negativos y dos abstenciones.<\/h3>\n<h3>Quedaron afuera del paquete de empresas declaradas sujetas a privatizaci\u00f3n Aerol\u00edneas Argentinas, el Correo y los medios p\u00fablicos, pero el Gobierno ya avis\u00f3 que volver\u00e1 a la carga m\u00e1s adelante con leyes espec\u00edficas para privatizar las empresas p\u00fablicas que quedaron afuera.<\/h3>\n<h3>La ley Fiscal se vot\u00f3 en cuatro pasos: primero se vot\u00f3 un art\u00edculo sobre gastos tributarios, luego se aprob\u00f3 la insistencia en la reposici\u00f3n del impuesto a las Ganancias para trabajadores que ganen m\u00e1s de 1.800.000 pesos, y se sigui\u00f3 con la reforma del impuesto a los Bienes Personales que incluye una rebaja de al\u00edcuotas.<\/h3>\n<h3>Para el final qued\u00f3 la aprobaci\u00f3n del resto del paquete fiscal, que comprende entre otros puntos un blanqueo de capitales, una reforma del monotributo y una moratoria impositiva.<\/h3>\n<h3>La sanci\u00f3n definitiva de estas dos iniciativas representa un hito y una bisagra en la gesti\u00f3n del l\u00edder libertario por el volumen de reformas que contiene cada una de ellas, y fundamentalmente por el mensaje pol\u00edtico que irradia hacia los actores econ\u00f3micos que est\u00e1n escrutando el devenir del pa\u00eds.<\/h3>\n<h3>En un escenario de semejante inestabilidad econ\u00f3mica, con el riesgo PAIS disparado, las acciones y bonos argentinos en picada y el d\u00f3lar paralelo en valores r\u00e9cord, la noticia de que el Gobierno logr\u00f3 amansar al sistema pol\u00edtico mediante acuerdos parlamentarios que cristalizaron en leyes insignia, no es poca cosa para Milei y un Gobierno que navega en la oscuridad sobre aguas inciertas.<\/h3>\n<h3>La gesta del Gobierno hab\u00eda empezado con tropiezos, luego de que fracasara en su primer intento de aprobar una mega ley \u00f3mnibus presentada en diciembre con 600 art\u00edculos. Luego de pasar por muchos filtros, que fueron desmalezando la redacci\u00f3n sucesivamente en Diputados y en el Senado a instancias de la oposici\u00f3n dialoguista, el texto de la ley Bases avalado en ambas c\u00e1maras qued\u00f3 reducido a la mitad.<\/h3>\n<h3>Sin embargo, en la versi\u00f3n original no inclu\u00eda la reforma de modernizaci\u00f3n laboral, que entre otros aspectos reduce o elimina multas por no registraci\u00f3n y ampl\u00eda el per\u00edodo de prueba que actualmente es de tres meses y lo lleva a un rango de entre seis y 12 meses dependiendo del tama\u00f1o de la empresa u organizaci\u00f3n.<\/h3>\n<h3>Quedaron afuera del recorte la eliminaci\u00f3n de la moratoria previsional, por lo que el r\u00e9gimen especial que permite regularizar deudas previsionales y otorgarles la jubilaci\u00f3n a personas que no llegaron a los 30 a\u00f1os de aportes al SIPA, seguir\u00e1 vigente.<\/h3>\n<h3>Con estas dos leyes emblem\u00e1ticas bajo el brazo, Milei encabezar\u00e1 el mentado \u201cPacto de Mayo\u201d el pr\u00f3ximo 9 de Julio en Tucum\u00e1n, en ocasi\u00f3n del D\u00eda de la Independencia.<\/h3>\n<h3>Tras haber acusado de \u201cnido de ratas\u201d al Congreso y de defenestrar a la oposici\u00f3n dialoguista en reiteradas ocasiones con improperios de la misma naturaleza, la escenificaci\u00f3n a toda pompa que Milei prepara para esa fecha ser\u00e1 su forma de cerrar las heridas, pasar de p\u00e1gina y coronar este proceso que cost\u00f3 seis meses de desgastantes negociaciones.<\/h3>\n<p>&nbsp;<\/p>\n<p>&nbsp;<\/p>\n<p>&nbsp;<\/p>\n<p>&nbsp;<\/p>\n<p>&nbsp;<\/p>\n<p>&nbsp;<\/p>\n","protected":false},"excerpt":{"rendered":"<p>Ahora el Presidente prepara un acto a toda pompa en Tucum\u00e1n para el 9 de&#8230;<\/p>\n","protected":false},"author":1,"featured_media":18506,"comment_status":"closed","ping_status":"closed","sticky":false,"template":"","format":"standard","meta":{"footnotes":""},"categories":[5],"tags":[],"class_list":["post-18505","post","type-post","status-publish","format-standard","has-post-thumbnail","hentry","category-nacionales-internacionales"],"yoast_head":"<!-- This site is optimized with the Yoast SEO plugin v26.1.1 - https:\/\/yoast.com\/wordpress\/plugins\/seo\/ -->\n<title>PRIMER TRIUNFO LEGISLATIVO DE MILEI: YA TIENE SU LEY BASES Y EL PAQUETE FISCAL - Apuntes de San Luis<\/title>\n<meta name=\"robots\" content=\"index, follow, max-snippet:-1, max-image-preview:large, max-video-preview:-1\" \/>\n<link rel=\"canonical\" href=\"https:\/\/apuntesdesanluis.com\/index.php\/2024\/06\/28\/primer-triunfo-legislativo-de-milei-ya-tiene-su-ley-bases-y-el-paquete-fiscal\/\" \/>\n<meta property=\"og:locale\" content=\"es_ES\" \/>\n<meta property=\"og:type\" content=\"article\" \/>\n<meta property=\"og:title\" content=\"PRIMER TRIUNFO LEGISLATIVO DE MILEI: YA TIENE SU LEY BASES Y EL PAQUETE FISCAL - Apuntes de San Luis\" \/>\n<meta property=\"og:description\" content=\"Ahora el Presidente prepara un acto a toda pompa en Tucum\u00e1n para el 9 de...\" \/>\n<meta property=\"og:url\" content=\"https:\/\/apuntesdesanluis.com\/index.php\/2024\/06\/28\/primer-triunfo-legislativo-de-milei-ya-tiene-su-ley-bases-y-el-paquete-fiscal\/\" \/>\n<meta property=\"og:site_name\" content=\"Apuntes de San Luis\" \/>\n<meta property=\"article:published_time\" content=\"2024-06-28T10:42:31+00:00\" \/>\n<meta property=\"article:modified_time\" content=\"2024-06-28T10:46:48+00:00\" \/>\n<meta property=\"og:image\" content=\"https:\/\/apuntesdesanluis.com\/wp-content\/uploads\/2024\/06\/diputados-3.png\" \/>\n\t<meta property=\"og:image:width\" content=\"700\" \/>\n\t<meta property=\"og:image:height\" content=\"440\" \/>\n\t<meta property=\"og:image:type\" content=\"image\/png\" \/>\n<meta name=\"author\" content=\"apuntesdesanluis.com\" \/>\n<meta name=\"twitter:card\" content=\"summary_large_image\" \/>\n<meta name=\"twitter:label1\" content=\"Escrito por\" \/>\n\t<meta name=\"twitter:data1\" content=\"apuntesdesanluis.com\" \/>\n\t<meta name=\"twitter:label2\" content=\"Tiempo de lectura\" \/>\n\t<meta name=\"twitter:data2\" content=\"5 minutos\" \/>\n<script type=\"application\/ld+json\" class=\"yoast-schema-graph\">{\"@context\":\"https:\/\/schema.org\",\"@graph\":[{\"@type\":\"Article\",\"@id\":\"https:\/\/apuntesdesanluis.com\/index.php\/2024\/06\/28\/primer-triunfo-legislativo-de-milei-ya-tiene-su-ley-bases-y-el-paquete-fiscal\/#article\",\"isPartOf\":{\"@id\":\"https:\/\/apuntesdesanluis.com\/index.php\/2024\/06\/28\/primer-triunfo-legislativo-de-milei-ya-tiene-su-ley-bases-y-el-paquete-fiscal\/\"},\"author\":{\"name\":\"apuntesdesanluis.com\",\"@id\":\"https:\/\/apuntesdesanluis.com\/#\/schema\/person\/b55151d52296fcce64d1a72538a70b90\"},\"headline\":\"PRIMER TRIUNFO LEGISLATIVO DE MILEI: YA TIENE SU LEY BASES Y EL PAQUETE FISCAL\",\"datePublished\":\"2024-06-28T10:42:31+00:00\",\"dateModified\":\"2024-06-28T10:46:48+00:00\",\"mainEntityOfPage\":{\"@id\":\"https:\/\/apuntesdesanluis.com\/index.php\/2024\/06\/28\/primer-triunfo-legislativo-de-milei-ya-tiene-su-ley-bases-y-el-paquete-fiscal\/\"},\"wordCount\":904,\"publisher\":{\"@id\":\"https:\/\/apuntesdesanluis.com\/#\/schema\/person\/b55151d52296fcce64d1a72538a70b90\"},\"image\":{\"@id\":\"https:\/\/apuntesdesanluis.com\/index.php\/2024\/06\/28\/primer-triunfo-legislativo-de-milei-ya-tiene-su-ley-bases-y-el-paquete-fiscal\/#primaryimage\"},\"thumbnailUrl\":\"https:\/\/apuntesdesanluis.com\/wp-content\/uploads\/2024\/06\/diputados-3.png\",\"articleSection\":[\"Nacionales\/Internacionales\"],\"inLanguage\":\"es-AR\"},{\"@type\":\"WebPage\",\"@id\":\"https:\/\/apuntesdesanluis.com\/index.php\/2024\/06\/28\/primer-triunfo-legislativo-de-milei-ya-tiene-su-ley-bases-y-el-paquete-fiscal\/\",\"url\":\"https:\/\/apuntesdesanluis.com\/index.php\/2024\/06\/28\/primer-triunfo-legislativo-de-milei-ya-tiene-su-ley-bases-y-el-paquete-fiscal\/\",\"name\":\"PRIMER TRIUNFO LEGISLATIVO DE MILEI: YA TIENE SU LEY BASES Y EL PAQUETE FISCAL - Apuntes de San Luis\",\"isPartOf\":{\"@id\":\"https:\/\/apuntesdesanluis.com\/#website\"},\"primaryImageOfPage\":{\"@id\":\"https:\/\/apuntesdesanluis.com\/index.php\/2024\/06\/28\/primer-triunfo-legislativo-de-milei-ya-tiene-su-ley-bases-y-el-paquete-fiscal\/#primaryimage\"},\"image\":{\"@id\":\"https:\/\/apuntesdesanluis.com\/index.php\/2024\/06\/28\/primer-triunfo-legislativo-de-milei-ya-tiene-su-ley-bases-y-el-paquete-fiscal\/#primaryimage\"},\"thumbnailUrl\":\"https:\/\/apuntesdesanluis.com\/wp-content\/uploads\/2024\/06\/diputados-3.png\",\"datePublished\":\"2024-06-28T10:42:31+00:00\",\"dateModified\":\"2024-06-28T10:46:48+00:00\",\"breadcrumb\":{\"@id\":\"https:\/\/apuntesdesanluis.com\/index.php\/2024\/06\/28\/primer-triunfo-legislativo-de-milei-ya-tiene-su-ley-bases-y-el-paquete-fiscal\/#breadcrumb\"},\"inLanguage\":\"es-AR\",\"potentialAction\":[{\"@type\":\"ReadAction\",\"target\":[\"https:\/\/apuntesdesanluis.com\/index.php\/2024\/06\/28\/primer-triunfo-legislativo-de-milei-ya-tiene-su-ley-bases-y-el-paquete-fiscal\/\"]}]},{\"@type\":\"ImageObject\",\"inLanguage\":\"es-AR\",\"@id\":\"https:\/\/apuntesdesanluis.com\/index.php\/2024\/06\/28\/primer-triunfo-legislativo-de-milei-ya-tiene-su-ley-bases-y-el-paquete-fiscal\/#primaryimage\",\"url\":\"https:\/\/apuntesdesanluis.com\/wp-content\/uploads\/2024\/06\/diputados-3.png\",\"contentUrl\":\"https:\/\/apuntesdesanluis.com\/wp-content\/uploads\/2024\/06\/diputados-3.png\",\"width\":700,\"height\":440},{\"@type\":\"BreadcrumbList\",\"@id\":\"https:\/\/apuntesdesanluis.com\/index.php\/2024\/06\/28\/primer-triunfo-legislativo-de-milei-ya-tiene-su-ley-bases-y-el-paquete-fiscal\/#breadcrumb\",\"itemListElement\":[{\"@type\":\"ListItem\",\"position\":1,\"name\":\"Inicio\",\"item\":\"https:\/\/apuntesdesanluis.com\/\"},{\"@type\":\"ListItem\",\"position\":2,\"name\":\"PRIMER TRIUNFO LEGISLATIVO DE MILEI: YA TIENE SU LEY BASES Y EL PAQUETE FISCAL\"}]},{\"@type\":\"WebSite\",\"@id\":\"https:\/\/apuntesdesanluis.com\/#website\",\"url\":\"https:\/\/apuntesdesanluis.com\/\",\"name\":\"Apuntes de San Luis\",\"description\":\"\",\"publisher\":{\"@id\":\"https:\/\/apuntesdesanluis.com\/#\/schema\/person\/b55151d52296fcce64d1a72538a70b90\"},\"potentialAction\":[{\"@type\":\"SearchAction\",\"target\":{\"@type\":\"EntryPoint\",\"urlTemplate\":\"https:\/\/apuntesdesanluis.com\/?s={search_term_string}\"},\"query-input\":{\"@type\":\"PropertyValueSpecification\",\"valueRequired\":true,\"valueName\":\"search_term_string\"}}],\"inLanguage\":\"es-AR\"},{\"@type\":[\"Person\",\"Organization\"],\"@id\":\"https:\/\/apuntesdesanluis.com\/#\/schema\/person\/b55151d52296fcce64d1a72538a70b90\",\"name\":\"apuntesdesanluis.com\",\"image\":{\"@type\":\"ImageObject\",\"inLanguage\":\"es-AR\",\"@id\":\"https:\/\/apuntesdesanluis.com\/#\/schema\/person\/image\/\",\"url\":\"https:\/\/apuntesdesanluis.com\/wp-content\/uploads\/2023\/07\/cropped-apuntesdesanluis.png\",\"contentUrl\":\"https:\/\/apuntesdesanluis.com\/wp-content\/uploads\/2023\/07\/cropped-apuntesdesanluis.png\",\"width\":450,\"height\":112,\"caption\":\"apuntesdesanluis.com\"},\"logo\":{\"@id\":\"https:\/\/apuntesdesanluis.com\/#\/schema\/person\/image\/\"},\"sameAs\":[\"https:\/\/apuntesdesanluis.com\"],\"url\":\"https:\/\/apuntesdesanluis.com\/index.php\/author\/apuntesdesanluis-com\/\"}]}<\/script>\n<!-- \/ Yoast SEO plugin. -->","yoast_head_json":{"title":"PRIMER TRIUNFO LEGISLATIVO DE MILEI: YA TIENE SU LEY BASES Y EL PAQUETE FISCAL - Apuntes de San Luis","robots":{"index":"index","follow":"follow","max-snippet":"max-snippet:-1","max-image-preview":"max-image-preview:large","max-video-preview":"max-video-preview:-1"},"canonical":"https:\/\/apuntesdesanluis.com\/index.php\/2024\/06\/28\/primer-triunfo-legislativo-de-milei-ya-tiene-su-ley-bases-y-el-paquete-fiscal\/","og_locale":"es_ES","og_type":"article","og_title":"PRIMER TRIUNFO LEGISLATIVO DE MILEI: YA TIENE SU LEY BASES Y EL PAQUETE FISCAL - Apuntes de San Luis","og_description":"Ahora el Presidente prepara un acto a toda pompa en Tucum\u00e1n para el 9 de...","og_url":"https:\/\/apuntesdesanluis.com\/index.php\/2024\/06\/28\/primer-triunfo-legislativo-de-milei-ya-tiene-su-ley-bases-y-el-paquete-fiscal\/","og_site_name":"Apuntes de San Luis","article_published_time":"2024-06-28T10:42:31+00:00","article_modified_time":"2024-06-28T10:46:48+00:00","og_image":[{"width":700,"height":440,"url":"https:\/\/apuntesdesanluis.com\/wp-content\/uploads\/2024\/06\/diputados-3.png","type":"image\/png"}],"author":"apuntesdesanluis.com","twitter_card":"summary_large_image","twitter_misc":{"Escrito por":"apuntesdesanluis.com","Tiempo de lectura":"5 minutos"},"schema":{"@context":"https:\/\/schema.org","@graph":[{"@type":"Article","@id":"https:\/\/apuntesdesanluis.com\/index.php\/2024\/06\/28\/primer-triunfo-legislativo-de-milei-ya-tiene-su-ley-bases-y-el-paquete-fiscal\/#article","isPartOf":{"@id":"https:\/\/apuntesdesanluis.com\/index.php\/2024\/06\/28\/primer-triunfo-legislativo-de-milei-ya-tiene-su-ley-bases-y-el-paquete-fiscal\/"},"author":{"name":"apuntesdesanluis.com","@id":"https:\/\/apuntesdesanluis.com\/#\/schema\/person\/b55151d52296fcce64d1a72538a70b90"},"headline":"PRIMER TRIUNFO LEGISLATIVO DE MILEI: YA TIENE SU LEY BASES Y EL PAQUETE FISCAL","datePublished":"2024-06-28T10:42:31+00:00","dateModified":"2024-06-28T10:46:48+00:00","mainEntityOfPage":{"@id":"https:\/\/apuntesdesanluis.com\/index.php\/2024\/06\/28\/primer-triunfo-legislativo-de-milei-ya-tiene-su-ley-bases-y-el-paquete-fiscal\/"},"wordCount":904,"publisher":{"@id":"https:\/\/apuntesdesanluis.com\/#\/schema\/person\/b55151d52296fcce64d1a72538a70b90"},"image":{"@id":"https:\/\/apuntesdesanluis.com\/index.php\/2024\/06\/28\/primer-triunfo-legislativo-de-milei-ya-tiene-su-ley-bases-y-el-paquete-fiscal\/#primaryimage"},"thumbnailUrl":"https:\/\/apuntesdesanluis.com\/wp-content\/uploads\/2024\/06\/diputados-3.png","articleSection":["Nacionales\/Internacionales"],"inLanguage":"es-AR"},{"@type":"WebPage","@id":"https:\/\/apuntesdesanluis.com\/index.php\/2024\/06\/28\/primer-triunfo-legislativo-de-milei-ya-tiene-su-ley-bases-y-el-paquete-fiscal\/","url":"https:\/\/apuntesdesanluis.com\/index.php\/2024\/06\/28\/primer-triunfo-legislativo-de-milei-ya-tiene-su-ley-bases-y-el-paquete-fiscal\/","name":"PRIMER TRIUNFO LEGISLATIVO DE MILEI: YA TIENE SU LEY BASES Y EL PAQUETE FISCAL - Apuntes de San Luis","isPartOf":{"@id":"https:\/\/apuntesdesanluis.com\/#website"},"primaryImageOfPage":{"@id":"https:\/\/apuntesdesanluis.com\/index.php\/2024\/06\/28\/primer-triunfo-legislativo-de-milei-ya-tiene-su-ley-bases-y-el-paquete-fiscal\/#primaryimage"},"image":{"@id":"https:\/\/apuntesdesanluis.com\/index.php\/2024\/06\/28\/primer-triunfo-legislativo-de-milei-ya-tiene-su-ley-bases-y-el-paquete-fiscal\/#primaryimage"},"thumbnailUrl":"https:\/\/apuntesdesanluis.com\/wp-content\/uploads\/2024\/06\/diputados-3.png","datePublished":"2024-06-28T10:42:31+00:00","dateModified":"2024-06-28T10:46:48+00:00","breadcrumb":{"@id":"https:\/\/apuntesdesanluis.com\/index.php\/2024\/06\/28\/primer-triunfo-legislativo-de-milei-ya-tiene-su-ley-bases-y-el-paquete-fiscal\/#breadcrumb"},"inLanguage":"es-AR","potentialAction":[{"@type":"ReadAction","target":["https:\/\/apuntesdesanluis.com\/index.php\/2024\/06\/28\/primer-triunfo-legislativo-de-milei-ya-tiene-su-ley-bases-y-el-paquete-fiscal\/"]}]},{"@type":"ImageObject","inLanguage":"es-AR","@id":"https:\/\/apuntesdesanluis.com\/index.php\/2024\/06\/28\/primer-triunfo-legislativo-de-milei-ya-tiene-su-ley-bases-y-el-paquete-fiscal\/#primaryimage","url":"https:\/\/apuntesdesanluis.com\/wp-content\/uploads\/2024\/06\/diputados-3.png","contentUrl":"https:\/\/apuntesdesanluis.com\/wp-content\/uploads\/2024\/06\/diputados-3.png","width":700,"height":440},{"@type":"BreadcrumbList","@id":"https:\/\/apuntesdesanluis.com\/index.php\/2024\/06\/28\/primer-triunfo-legislativo-de-milei-ya-tiene-su-ley-bases-y-el-paquete-fiscal\/#breadcrumb","itemListElement":[{"@type":"ListItem","position":1,"name":"Inicio","item":"https:\/\/apuntesdesanluis.com\/"},{"@type":"ListItem","position":2,"name":"PRIMER TRIUNFO LEGISLATIVO DE MILEI: YA TIENE SU LEY BASES Y EL PAQUETE FISCAL"}]},{"@type":"WebSite","@id":"https:\/\/apuntesdesanluis.com\/#website","url":"https:\/\/apuntesdesanluis.com\/","name":"Apuntes de San Luis","description":"","publisher":{"@id":"https:\/\/apuntesdesanluis.com\/#\/schema\/person\/b55151d52296fcce64d1a72538a70b90"},"potentialAction":[{"@type":"SearchAction","target":{"@type":"EntryPoint","urlTemplate":"https:\/\/apuntesdesanluis.com\/?s={search_term_string}"},"query-input":{"@type":"PropertyValueSpecification","valueRequired":true,"valueName":"search_term_string"}}],"inLanguage":"es-AR"},{"@type":["Person","Organization"],"@id":"https:\/\/apuntesdesanluis.com\/#\/schema\/person\/b55151d52296fcce64d1a72538a70b90","name":"apuntesdesanluis.com","image":{"@type":"ImageObject","inLanguage":"es-AR","@id":"https:\/\/apuntesdesanluis.com\/#\/schema\/person\/image\/","url":"https:\/\/apuntesdesanluis.com\/wp-content\/uploads\/2023\/07\/cropped-apuntesdesanluis.png","contentUrl":"https:\/\/apuntesdesanluis.com\/wp-content\/uploads\/2023\/07\/cropped-apuntesdesanluis.png","width":450,"height":112,"caption":"apuntesdesanluis.com"},"logo":{"@id":"https:\/\/apuntesdesanluis.com\/#\/schema\/person\/image\/"},"sameAs":["https:\/\/apuntesdesanluis.com"],"url":"https:\/\/apuntesdesanluis.com\/index.php\/author\/apuntesdesanluis-com\/"}]}},"featured_image_urls":{"full":["https:\/\/apuntesdesanluis.com\/wp-content\/uploads\/2024\/06\/diputados-3.png",700,440,false],"thumbnail":["https:\/\/apuntesdesanluis.com\/wp-content\/uploads\/2024\/06\/diputados-3-150x150.png",150,150,true],"medium":["https:\/\/apuntesdesanluis.com\/wp-content\/uploads\/2024\/06\/diputados-3-300x189.png",300,189,true],"medium_large":["https:\/\/apuntesdesanluis.com\/wp-content\/uploads\/2024\/06\/diputados-3.png",640,402,false],"large":["https:\/\/apuntesdesanluis.com\/wp-content\/uploads\/2024\/06\/diputados-3.png",640,402,false],"1536x1536":["https:\/\/apuntesdesanluis.com\/wp-content\/uploads\/2024\/06\/diputados-3.png",700,440,false],"2048x2048":["https:\/\/apuntesdesanluis.com\/wp-content\/uploads\/2024\/06\/diputados-3.png",700,440,false],"newsever-slider-full":["https:\/\/apuntesdesanluis.com\/wp-content\/uploads\/2024\/06\/diputados-3.png",700,440,false],"newsever-featured":["https:\/\/apuntesdesanluis.com\/wp-content\/uploads\/2024\/06\/diputados-3.png",700,440,false],"newsever-medium":["https:\/\/apuntesdesanluis.com\/wp-content\/uploads\/2024\/06\/diputados-3.png",700,440,false]},"author_info":{"display_name":"apuntesdesanluis.com","author_link":"https:\/\/apuntesdesanluis.com\/index.php\/author\/apuntesdesanluis-com\/"},"category_info":"<a href=\"https:\/\/apuntesdesanluis.com\/index.php\/category\/nacionales-internacionales\/\" rel=\"category tag\">Nacionales\/Internacionales<\/a>","tag_info":"Nacionales\/Internacionales","comment_count":"0","_links":{"self":[{"href":"https:\/\/apuntesdesanluis.com\/index.php\/wp-json\/wp\/v2\/posts\/18505","targetHints":{"allow":["GET"]}}],"collection":[{"href":"https:\/\/apuntesdesanluis.com\/index.php\/wp-json\/wp\/v2\/posts"}],"about":[{"href":"https:\/\/apuntesdesanluis.com\/index.php\/wp-json\/wp\/v2\/types\/post"}],"author":[{"embeddable":true,"href":"https:\/\/apuntesdesanluis.com\/index.php\/wp-json\/wp\/v2\/users\/1"}],"replies":[{"embeddable":true,"href":"https:\/\/apuntesdesanluis.com\/index.php\/wp-json\/wp\/v2\/comments?post=18505"}],"version-history":[{"count":2,"href":"https:\/\/apuntesdesanluis.com\/index.php\/wp-json\/wp\/v2\/posts\/18505\/revisions"}],"predecessor-version":[{"id":18509,"href":"https:\/\/apuntesdesanluis.com\/index.php\/wp-json\/wp\/v2\/posts\/18505\/revisions\/18509"}],"wp:featuredmedia":[{"embeddable":true,"href":"https:\/\/apuntesdesanluis.com\/index.php\/wp-json\/wp\/v2\/media\/18506"}],"wp:attachment":[{"href":"https:\/\/apuntesdesanluis.com\/index.php\/wp-json\/wp\/v2\/media?parent=18505"}],"wp:term":[{"taxonomy":"category","embeddable":true,"href":"https:\/\/apuntesdesanluis.com\/index.php\/wp-json\/wp\/v2\/categories?post=18505"},{"taxonomy":"post_tag","embeddable":true,"href":"https:\/\/apuntesdesanluis.com\/index.php\/wp-json\/wp\/v2\/tags?post=18505"}],"curies":[{"name":"wp","href":"https:\/\/api.w.org\/{rel}","templated":true}]}}