{"id":18519,"date":"2024-06-28T19:10:29","date_gmt":"2024-06-28T22:10:29","guid":{"rendered":"https:\/\/apuntesdesanluis.com\/?p=18519"},"modified":"2024-06-28T19:10:29","modified_gmt":"2024-06-28T22:10:29","slug":"robo-tres-dias-seguidos-le-podrian-regalar-12-anos-de-carcel","status":"publish","type":"post","link":"https:\/\/apuntesdesanluis.com\/index.php\/2024\/06\/28\/robo-tres-dias-seguidos-le-podrian-regalar-12-anos-de-carcel\/","title":{"rendered":"ROB\u00d3 TRES D\u00cdAS SEGUIDOS: LE PODR\u00cdAN REGALAR 12 A\u00d1OS DE C\u00c1RCEL"},"content":{"rendered":"<h3>El Ministerio P\u00fablico Fiscal solicit\u00f3 que se lo condene a la pena de 12 a\u00f1os de prisi\u00f3n efectiva. La audiencia de control de acusaci\u00f3n se desarroll\u00f3 el jueves en el Juzgado de Garant\u00eda N\u00ba 3.<\/h3>\n<h3>La Dra. Mirta Ucelay de Garciarena, Jueza de Garant\u00eda N\u00ba 3 de la Segunda Circunscripci\u00f3n Judicial, dispuso la apertura a juicio en marco de una causa donde un hombre fue investigado por tres hechos de robo registrados en Villa Mercedes durante el 2024.<\/h3>\n<h3>Estuvieron presentes en la audiencia la Fiscal de Instrucci\u00f3n N\u00ba 2, Dra. Daniela Torres y el Dr. Alberto Orellana \u2013 Fiscal Adjunto -, en representaci\u00f3n del Ministerio P\u00fablico Fiscal. En la defensa del imputado intervino la Defensora Oficial\u00a0 Penal N\u00b0 2, Dra. Eliana Pradel. El Dr. Mart\u00edn Palma Zabala actu\u00f3 como secretario.<\/h3>\n<h3>Los hechos investigados quedaron encuadrados como robo simple \u2013 tres hechos \u2013 en concurso real, seg\u00fan lo previsto y penado en el art. 164, 45 y 55 del C\u00f3digo Penal de la Naci\u00f3n Argentina.<\/h3>\n<h3>Cabe mencionar que, seg\u00fan el relato efectuado por el Ministerio P\u00fablico Fiscal, el primero de ellos ocurri\u00f3 el pasado\u00a0 8 de mayo, aproximadamente\u00a0 a las\u00a0 06:35 horas, en calles Dr. Mestre y Jun\u00edn de Villa Mercedes. El segundo hecho se registr\u00f3 el 9 de mayo, a horas 01:00 aproximadamente, en la intersecci\u00f3n de calles Fuerte Constitucional y Lamadrid, mientras que el tercero ocurri\u00f3 el 10 de mayo, a horas 10:00 aproximadamente, en calle Potos\u00ed y San Cayetano.<\/h3>\n<h3>Fiscal\u00eda solicit\u00f3 se aplique una pena de doce a\u00f1os de prisi\u00f3n efectiva, accesorias legales y costas procesales.<\/h3>\n<h3>A continuaci\u00f3n, Fiscal\u00eda y la Defensa enumeraron las pruebas que ofrecer\u00e1n durante el juicio oral. Luego de escuchar\u00a0 a las partes,\u00a0 la Dra. Ucelay dispuso la apertura a juicio y\u00a0 la elevaci\u00f3n de las actuaciones a la Oficina Judicial para la designaci\u00f3n del Tribunal Colegiado que intervendr\u00e1 en el debate oral. Asimismo, tuvo por admitidas las pruebas ofrecidas.<\/h3>\n<p>&nbsp;<\/p>\n<p>&nbsp;<\/p>\n<p>&nbsp;<\/p>\n","protected":false},"excerpt":{"rendered":"<p>El Ministerio P\u00fablico Fiscal solicit\u00f3 que se lo condene a la pena de 12 a\u00f1os&#8230;<\/p>\n","protected":false},"author":1,"featured_media":14176,"comment_status":"closed","ping_status":"closed","sticky":false,"template":"","format":"standard","meta":{"footnotes":""},"categories":[6],"tags":[],"class_list":["post-18519","post","type-post","status-publish","format-standard","has-post-thumbnail","hentry","category-ciudad-provincia"],"yoast_head":"<!-- This site is optimized with the Yoast SEO plugin v26.1.1 - https:\/\/yoast.com\/wordpress\/plugins\/seo\/ -->\n<title>ROB\u00d3 TRES D\u00cdAS SEGUIDOS: LE PODR\u00cdAN REGALAR 12 A\u00d1OS DE C\u00c1RCEL - Apuntes de San Luis<\/title>\n<meta name=\"robots\" content=\"index, follow, max-snippet:-1, max-image-preview:large, max-video-preview:-1\" \/>\n<link rel=\"canonical\" href=\"https:\/\/apuntesdesanluis.com\/index.php\/2024\/06\/28\/robo-tres-dias-seguidos-le-podrian-regalar-12-anos-de-carcel\/\" \/>\n<meta property=\"og:locale\" content=\"es_ES\" \/>\n<meta property=\"og:type\" content=\"article\" \/>\n<meta property=\"og:title\" content=\"ROB\u00d3 TRES D\u00cdAS SEGUIDOS: LE PODR\u00cdAN REGALAR 12 A\u00d1OS DE C\u00c1RCEL - Apuntes de San Luis\" \/>\n<meta property=\"og:description\" content=\"El Ministerio P\u00fablico Fiscal solicit\u00f3 que se lo condene a la pena de 12 a\u00f1os...\" \/>\n<meta property=\"og:url\" content=\"https:\/\/apuntesdesanluis.com\/index.php\/2024\/06\/28\/robo-tres-dias-seguidos-le-podrian-regalar-12-anos-de-carcel\/\" \/>\n<meta property=\"og:site_name\" content=\"Apuntes de San Luis\" \/>\n<meta property=\"article:published_time\" content=\"2024-06-28T22:10:29+00:00\" \/>\n<meta property=\"og:image\" content=\"https:\/\/apuntesdesanluis.com\/wp-content\/uploads\/2024\/04\/TRIBUNALES.png\" \/>\n\t<meta property=\"og:image:width\" content=\"600\" \/>\n\t<meta property=\"og:image:height\" content=\"362\" \/>\n\t<meta property=\"og:image:type\" content=\"image\/png\" \/>\n<meta name=\"author\" content=\"apuntesdesanluis.com\" \/>\n<meta name=\"twitter:card\" content=\"summary_large_image\" \/>\n<meta name=\"twitter:label1\" content=\"Escrito por\" \/>\n\t<meta name=\"twitter:data1\" content=\"apuntesdesanluis.com\" \/>\n\t<meta name=\"twitter:label2\" content=\"Tiempo de lectura\" \/>\n\t<meta name=\"twitter:data2\" content=\"2 minutos\" \/>\n<script type=\"application\/ld+json\" class=\"yoast-schema-graph\">{\"@context\":\"https:\/\/schema.org\",\"@graph\":[{\"@type\":\"Article\",\"@id\":\"https:\/\/apuntesdesanluis.com\/index.php\/2024\/06\/28\/robo-tres-dias-seguidos-le-podrian-regalar-12-anos-de-carcel\/#article\",\"isPartOf\":{\"@id\":\"https:\/\/apuntesdesanluis.com\/index.php\/2024\/06\/28\/robo-tres-dias-seguidos-le-podrian-regalar-12-anos-de-carcel\/\"},\"author\":{\"name\":\"apuntesdesanluis.com\",\"@id\":\"https:\/\/apuntesdesanluis.com\/#\/schema\/person\/b55151d52296fcce64d1a72538a70b90\"},\"headline\":\"ROB\u00d3 TRES D\u00cdAS SEGUIDOS: LE PODR\u00cdAN REGALAR 12 A\u00d1OS DE C\u00c1RCEL\",\"datePublished\":\"2024-06-28T22:10:29+00:00\",\"mainEntityOfPage\":{\"@id\":\"https:\/\/apuntesdesanluis.com\/index.php\/2024\/06\/28\/robo-tres-dias-seguidos-le-podrian-regalar-12-anos-de-carcel\/\"},\"wordCount\":341,\"publisher\":{\"@id\":\"https:\/\/apuntesdesanluis.com\/#\/schema\/person\/b55151d52296fcce64d1a72538a70b90\"},\"image\":{\"@id\":\"https:\/\/apuntesdesanluis.com\/index.php\/2024\/06\/28\/robo-tres-dias-seguidos-le-podrian-regalar-12-anos-de-carcel\/#primaryimage\"},\"thumbnailUrl\":\"https:\/\/apuntesdesanluis.com\/wp-content\/uploads\/2024\/04\/TRIBUNALES.png\",\"articleSection\":[\"Ciudad\/Provincia\"],\"inLanguage\":\"es-AR\"},{\"@type\":\"WebPage\",\"@id\":\"https:\/\/apuntesdesanluis.com\/index.php\/2024\/06\/28\/robo-tres-dias-seguidos-le-podrian-regalar-12-anos-de-carcel\/\",\"url\":\"https:\/\/apuntesdesanluis.com\/index.php\/2024\/06\/28\/robo-tres-dias-seguidos-le-podrian-regalar-12-anos-de-carcel\/\",\"name\":\"ROB\u00d3 TRES D\u00cdAS SEGUIDOS: LE PODR\u00cdAN REGALAR 12 A\u00d1OS DE C\u00c1RCEL - Apuntes de San Luis\",\"isPartOf\":{\"@id\":\"https:\/\/apuntesdesanluis.com\/#website\"},\"primaryImageOfPage\":{\"@id\":\"https:\/\/apuntesdesanluis.com\/index.php\/2024\/06\/28\/robo-tres-dias-seguidos-le-podrian-regalar-12-anos-de-carcel\/#primaryimage\"},\"image\":{\"@id\":\"https:\/\/apuntesdesanluis.com\/index.php\/2024\/06\/28\/robo-tres-dias-seguidos-le-podrian-regalar-12-anos-de-carcel\/#primaryimage\"},\"thumbnailUrl\":\"https:\/\/apuntesdesanluis.com\/wp-content\/uploads\/2024\/04\/TRIBUNALES.png\",\"datePublished\":\"2024-06-28T22:10:29+00:00\",\"breadcrumb\":{\"@id\":\"https:\/\/apuntesdesanluis.com\/index.php\/2024\/06\/28\/robo-tres-dias-seguidos-le-podrian-regalar-12-anos-de-carcel\/#breadcrumb\"},\"inLanguage\":\"es-AR\",\"potentialAction\":[{\"@type\":\"ReadAction\",\"target\":[\"https:\/\/apuntesdesanluis.com\/index.php\/2024\/06\/28\/robo-tres-dias-seguidos-le-podrian-regalar-12-anos-de-carcel\/\"]}]},{\"@type\":\"ImageObject\",\"inLanguage\":\"es-AR\",\"@id\":\"https:\/\/apuntesdesanluis.com\/index.php\/2024\/06\/28\/robo-tres-dias-seguidos-le-podrian-regalar-12-anos-de-carcel\/#primaryimage\",\"url\":\"https:\/\/apuntesdesanluis.com\/wp-content\/uploads\/2024\/04\/TRIBUNALES.png\",\"contentUrl\":\"https:\/\/apuntesdesanluis.com\/wp-content\/uploads\/2024\/04\/TRIBUNALES.png\",\"width\":600,\"height\":362},{\"@type\":\"BreadcrumbList\",\"@id\":\"https:\/\/apuntesdesanluis.com\/index.php\/2024\/06\/28\/robo-tres-dias-seguidos-le-podrian-regalar-12-anos-de-carcel\/#breadcrumb\",\"itemListElement\":[{\"@type\":\"ListItem\",\"position\":1,\"name\":\"Inicio\",\"item\":\"https:\/\/apuntesdesanluis.com\/\"},{\"@type\":\"ListItem\",\"position\":2,\"name\":\"ROB\u00d3 TRES D\u00cdAS SEGUIDOS: LE PODR\u00cdAN REGALAR 12 A\u00d1OS DE C\u00c1RCEL\"}]},{\"@type\":\"WebSite\",\"@id\":\"https:\/\/apuntesdesanluis.com\/#website\",\"url\":\"https:\/\/apuntesdesanluis.com\/\",\"name\":\"Apuntes de San Luis\",\"description\":\"\",\"publisher\":{\"@id\":\"https:\/\/apuntesdesanluis.com\/#\/schema\/person\/b55151d52296fcce64d1a72538a70b90\"},\"potentialAction\":[{\"@type\":\"SearchAction\",\"target\":{\"@type\":\"EntryPoint\",\"urlTemplate\":\"https:\/\/apuntesdesanluis.com\/?s={search_term_string}\"},\"query-input\":{\"@type\":\"PropertyValueSpecification\",\"valueRequired\":true,\"valueName\":\"search_term_string\"}}],\"inLanguage\":\"es-AR\"},{\"@type\":[\"Person\",\"Organization\"],\"@id\":\"https:\/\/apuntesdesanluis.com\/#\/schema\/person\/b55151d52296fcce64d1a72538a70b90\",\"name\":\"apuntesdesanluis.com\",\"image\":{\"@type\":\"ImageObject\",\"inLanguage\":\"es-AR\",\"@id\":\"https:\/\/apuntesdesanluis.com\/#\/schema\/person\/image\/\",\"url\":\"https:\/\/apuntesdesanluis.com\/wp-content\/uploads\/2023\/07\/cropped-apuntesdesanluis.png\",\"contentUrl\":\"https:\/\/apuntesdesanluis.com\/wp-content\/uploads\/2023\/07\/cropped-apuntesdesanluis.png\",\"width\":450,\"height\":112,\"caption\":\"apuntesdesanluis.com\"},\"logo\":{\"@id\":\"https:\/\/apuntesdesanluis.com\/#\/schema\/person\/image\/\"},\"sameAs\":[\"https:\/\/apuntesdesanluis.com\"],\"url\":\"https:\/\/apuntesdesanluis.com\/index.php\/author\/apuntesdesanluis-com\/\"}]}<\/script>\n<!-- \/ Yoast SEO plugin. -->","yoast_head_json":{"title":"ROB\u00d3 TRES D\u00cdAS SEGUIDOS: LE PODR\u00cdAN REGALAR 12 A\u00d1OS DE C\u00c1RCEL - Apuntes de San Luis","robots":{"index":"index","follow":"follow","max-snippet":"max-snippet:-1","max-image-preview":"max-image-preview:large","max-video-preview":"max-video-preview:-1"},"canonical":"https:\/\/apuntesdesanluis.com\/index.php\/2024\/06\/28\/robo-tres-dias-seguidos-le-podrian-regalar-12-anos-de-carcel\/","og_locale":"es_ES","og_type":"article","og_title":"ROB\u00d3 TRES D\u00cdAS SEGUIDOS: LE PODR\u00cdAN REGALAR 12 A\u00d1OS DE C\u00c1RCEL - Apuntes de San Luis","og_description":"El Ministerio P\u00fablico Fiscal solicit\u00f3 que se lo condene a la pena de 12 a\u00f1os...","og_url":"https:\/\/apuntesdesanluis.com\/index.php\/2024\/06\/28\/robo-tres-dias-seguidos-le-podrian-regalar-12-anos-de-carcel\/","og_site_name":"Apuntes de San Luis","article_published_time":"2024-06-28T22:10:29+00:00","og_image":[{"width":600,"height":362,"url":"https:\/\/apuntesdesanluis.com\/wp-content\/uploads\/2024\/04\/TRIBUNALES.png","type":"image\/png"}],"author":"apuntesdesanluis.com","twitter_card":"summary_large_image","twitter_misc":{"Escrito por":"apuntesdesanluis.com","Tiempo de lectura":"2 minutos"},"schema":{"@context":"https:\/\/schema.org","@graph":[{"@type":"Article","@id":"https:\/\/apuntesdesanluis.com\/index.php\/2024\/06\/28\/robo-tres-dias-seguidos-le-podrian-regalar-12-anos-de-carcel\/#article","isPartOf":{"@id":"https:\/\/apuntesdesanluis.com\/index.php\/2024\/06\/28\/robo-tres-dias-seguidos-le-podrian-regalar-12-anos-de-carcel\/"},"author":{"name":"apuntesdesanluis.com","@id":"https:\/\/apuntesdesanluis.com\/#\/schema\/person\/b55151d52296fcce64d1a72538a70b90"},"headline":"ROB\u00d3 TRES D\u00cdAS SEGUIDOS: LE PODR\u00cdAN REGALAR 12 A\u00d1OS DE C\u00c1RCEL","datePublished":"2024-06-28T22:10:29+00:00","mainEntityOfPage":{"@id":"https:\/\/apuntesdesanluis.com\/index.php\/2024\/06\/28\/robo-tres-dias-seguidos-le-podrian-regalar-12-anos-de-carcel\/"},"wordCount":341,"publisher":{"@id":"https:\/\/apuntesdesanluis.com\/#\/schema\/person\/b55151d52296fcce64d1a72538a70b90"},"image":{"@id":"https:\/\/apuntesdesanluis.com\/index.php\/2024\/06\/28\/robo-tres-dias-seguidos-le-podrian-regalar-12-anos-de-carcel\/#primaryimage"},"thumbnailUrl":"https:\/\/apuntesdesanluis.com\/wp-content\/uploads\/2024\/04\/TRIBUNALES.png","articleSection":["Ciudad\/Provincia"],"inLanguage":"es-AR"},{"@type":"WebPage","@id":"https:\/\/apuntesdesanluis.com\/index.php\/2024\/06\/28\/robo-tres-dias-seguidos-le-podrian-regalar-12-anos-de-carcel\/","url":"https:\/\/apuntesdesanluis.com\/index.php\/2024\/06\/28\/robo-tres-dias-seguidos-le-podrian-regalar-12-anos-de-carcel\/","name":"ROB\u00d3 TRES D\u00cdAS SEGUIDOS: LE PODR\u00cdAN REGALAR 12 A\u00d1OS DE C\u00c1RCEL - Apuntes de San Luis","isPartOf":{"@id":"https:\/\/apuntesdesanluis.com\/#website"},"primaryImageOfPage":{"@id":"https:\/\/apuntesdesanluis.com\/index.php\/2024\/06\/28\/robo-tres-dias-seguidos-le-podrian-regalar-12-anos-de-carcel\/#primaryimage"},"image":{"@id":"https:\/\/apuntesdesanluis.com\/index.php\/2024\/06\/28\/robo-tres-dias-seguidos-le-podrian-regalar-12-anos-de-carcel\/#primaryimage"},"thumbnailUrl":"https:\/\/apuntesdesanluis.com\/wp-content\/uploads\/2024\/04\/TRIBUNALES.png","datePublished":"2024-06-28T22:10:29+00:00","breadcrumb":{"@id":"https:\/\/apuntesdesanluis.com\/index.php\/2024\/06\/28\/robo-tres-dias-seguidos-le-podrian-regalar-12-anos-de-carcel\/#breadcrumb"},"inLanguage":"es-AR","potentialAction":[{"@type":"ReadAction","target":["https:\/\/apuntesdesanluis.com\/index.php\/2024\/06\/28\/robo-tres-dias-seguidos-le-podrian-regalar-12-anos-de-carcel\/"]}]},{"@type":"ImageObject","inLanguage":"es-AR","@id":"https:\/\/apuntesdesanluis.com\/index.php\/2024\/06\/28\/robo-tres-dias-seguidos-le-podrian-regalar-12-anos-de-carcel\/#primaryimage","url":"https:\/\/apuntesdesanluis.com\/wp-content\/uploads\/2024\/04\/TRIBUNALES.png","contentUrl":"https:\/\/apuntesdesanluis.com\/wp-content\/uploads\/2024\/04\/TRIBUNALES.png","width":600,"height":362},{"@type":"BreadcrumbList","@id":"https:\/\/apuntesdesanluis.com\/index.php\/2024\/06\/28\/robo-tres-dias-seguidos-le-podrian-regalar-12-anos-de-carcel\/#breadcrumb","itemListElement":[{"@type":"ListItem","position":1,"name":"Inicio","item":"https:\/\/apuntesdesanluis.com\/"},{"@type":"ListItem","position":2,"name":"ROB\u00d3 TRES D\u00cdAS SEGUIDOS: LE PODR\u00cdAN REGALAR 12 A\u00d1OS DE C\u00c1RCEL"}]},{"@type":"WebSite","@id":"https:\/\/apuntesdesanluis.com\/#website","url":"https:\/\/apuntesdesanluis.com\/","name":"Apuntes de San Luis","description":"","publisher":{"@id":"https:\/\/apuntesdesanluis.com\/#\/schema\/person\/b55151d52296fcce64d1a72538a70b90"},"potentialAction":[{"@type":"SearchAction","target":{"@type":"EntryPoint","urlTemplate":"https:\/\/apuntesdesanluis.com\/?s={search_term_string}"},"query-input":{"@type":"PropertyValueSpecification","valueRequired":true,"valueName":"search_term_string"}}],"inLanguage":"es-AR"},{"@type":["Person","Organization"],"@id":"https:\/\/apuntesdesanluis.com\/#\/schema\/person\/b55151d52296fcce64d1a72538a70b90","name":"apuntesdesanluis.com","image":{"@type":"ImageObject","inLanguage":"es-AR","@id":"https:\/\/apuntesdesanluis.com\/#\/schema\/person\/image\/","url":"https:\/\/apuntesdesanluis.com\/wp-content\/uploads\/2023\/07\/cropped-apuntesdesanluis.png","contentUrl":"https:\/\/apuntesdesanluis.com\/wp-content\/uploads\/2023\/07\/cropped-apuntesdesanluis.png","width":450,"height":112,"caption":"apuntesdesanluis.com"},"logo":{"@id":"https:\/\/apuntesdesanluis.com\/#\/schema\/person\/image\/"},"sameAs":["https:\/\/apuntesdesanluis.com"],"url":"https:\/\/apuntesdesanluis.com\/index.php\/author\/apuntesdesanluis-com\/"}]}},"featured_image_urls":{"full":["https:\/\/apuntesdesanluis.com\/wp-content\/uploads\/2024\/04\/TRIBUNALES.png",600,362,false],"thumbnail":["https:\/\/apuntesdesanluis.com\/wp-content\/uploads\/2024\/04\/TRIBUNALES-150x150.png",150,150,true],"medium":["https:\/\/apuntesdesanluis.com\/wp-content\/uploads\/2024\/04\/TRIBUNALES-300x181.png",300,181,true],"medium_large":["https:\/\/apuntesdesanluis.com\/wp-content\/uploads\/2024\/04\/TRIBUNALES.png",600,362,false],"large":["https:\/\/apuntesdesanluis.com\/wp-content\/uploads\/2024\/04\/TRIBUNALES.png",600,362,false],"1536x1536":["https:\/\/apuntesdesanluis.com\/wp-content\/uploads\/2024\/04\/TRIBUNALES.png",600,362,false],"2048x2048":["https:\/\/apuntesdesanluis.com\/wp-content\/uploads\/2024\/04\/TRIBUNALES.png",600,362,false],"newsever-slider-full":["https:\/\/apuntesdesanluis.com\/wp-content\/uploads\/2024\/04\/TRIBUNALES.png",600,362,false],"newsever-featured":["https:\/\/apuntesdesanluis.com\/wp-content\/uploads\/2024\/04\/TRIBUNALES.png",600,362,false],"newsever-medium":["https:\/\/apuntesdesanluis.com\/wp-content\/uploads\/2024\/04\/TRIBUNALES.png",600,362,false]},"author_info":{"display_name":"apuntesdesanluis.com","author_link":"https:\/\/apuntesdesanluis.com\/index.php\/author\/apuntesdesanluis-com\/"},"category_info":"<a href=\"https:\/\/apuntesdesanluis.com\/index.php\/category\/ciudad-provincia\/\" rel=\"category tag\">Ciudad\/Provincia<\/a>","tag_info":"Ciudad\/Provincia","comment_count":"0","_links":{"self":[{"href":"https:\/\/apuntesdesanluis.com\/index.php\/wp-json\/wp\/v2\/posts\/18519","targetHints":{"allow":["GET"]}}],"collection":[{"href":"https:\/\/apuntesdesanluis.com\/index.php\/wp-json\/wp\/v2\/posts"}],"about":[{"href":"https:\/\/apuntesdesanluis.com\/index.php\/wp-json\/wp\/v2\/types\/post"}],"author":[{"embeddable":true,"href":"https:\/\/apuntesdesanluis.com\/index.php\/wp-json\/wp\/v2\/users\/1"}],"replies":[{"embeddable":true,"href":"https:\/\/apuntesdesanluis.com\/index.php\/wp-json\/wp\/v2\/comments?post=18519"}],"version-history":[{"count":1,"href":"https:\/\/apuntesdesanluis.com\/index.php\/wp-json\/wp\/v2\/posts\/18519\/revisions"}],"predecessor-version":[{"id":18520,"href":"https:\/\/apuntesdesanluis.com\/index.php\/wp-json\/wp\/v2\/posts\/18519\/revisions\/18520"}],"wp:featuredmedia":[{"embeddable":true,"href":"https:\/\/apuntesdesanluis.com\/index.php\/wp-json\/wp\/v2\/media\/14176"}],"wp:attachment":[{"href":"https:\/\/apuntesdesanluis.com\/index.php\/wp-json\/wp\/v2\/media?parent=18519"}],"wp:term":[{"taxonomy":"category","embeddable":true,"href":"https:\/\/apuntesdesanluis.com\/index.php\/wp-json\/wp\/v2\/categories?post=18519"},{"taxonomy":"post_tag","embeddable":true,"href":"https:\/\/apuntesdesanluis.com\/index.php\/wp-json\/wp\/v2\/tags?post=18519"}],"curies":[{"name":"wp","href":"https:\/\/api.w.org\/{rel}","templated":true}]}}