{"id":1852,"date":"2023-08-20T22:54:22","date_gmt":"2023-08-21T01:54:22","guid":{"rendered":"https:\/\/apuntesdesanluis.com\/?p=1852"},"modified":"2023-08-20T22:54:22","modified_gmt":"2023-08-21T01:54:22","slug":"bullrich-pidio-terminar-con-el-modelo-del-kirchnerismo-y-dijo-que-es-clave-ganar-en-la-provincia-de-buenos-aires","status":"publish","type":"post","link":"https:\/\/apuntesdesanluis.com\/index.php\/2023\/08\/20\/bullrich-pidio-terminar-con-el-modelo-del-kirchnerismo-y-dijo-que-es-clave-ganar-en-la-provincia-de-buenos-aires\/","title":{"rendered":"BULLRICH PIDI\u00d3 &#8220;TERMINAR CON EL MODELO DEL KIRCHNERISMO&#8221; Y DIJO QUE ES CLAVE &#8220;GANAR EN LA PROVINCIA DE BUENOS AIRES&#8221;"},"content":{"rendered":"<h3 class=\"yiv7409174924ydp6329976emsonormal\" style=\"background: white;\"><span style=\"font-family: 'Arial','sans-serif'; color: #1d2228;\">La candidata presidencial de Juntos por el Cambio, <strong>Patricia Bullrich<\/strong>, sostuvo hoy que &#8220;lo fundamental no es solamente ganar, sino establecerse y generar las condiciones para terminar con el modelo del kirchnerismo&#8221;.<\/span><\/h3>\n<h3 class=\"yiv7409174924ydp6329976emsonormal\" style=\"background: white;\"><span style=\"font-family: 'Arial','sans-serif'; color: #1d2228;\">Consider\u00f3 clave en ese sentido que la oposici\u00f3n se imponga tambi\u00e9n en la provincia de Buenos Aires para que la fuerza pol\u00edtica de Cristina Kirchner &#8220;no se agazape ah\u00ed&#8221;.<\/span><\/h3>\n<h3 class=\"yiv7409174924ydp6329976emsonormal\" style=\"background: white;\"><span style=\"font-family: 'Arial','sans-serif'; color: #1d2228;\">En este sentido, la ex ministra de Seguridad de Mauricio Macri neg\u00f3 que el principal rival en estas elecciones sea Javier Milei, y carg\u00f3 las tintas contra el kirchnerismo.<\/span><\/h3>\n<h3 class=\"yiv7409174924ydp6329976emsonormal\" style=\"background: white;\"><span style=\"font-family: 'Arial','sans-serif'; color: #1d2228;\">&#8220;Yo creo que lo que hay que vencer en Argentina es un sistema instalado, que es el kirchnerismo, que ha empobrecido, degradado la cultura, la educaci\u00f3n, la seguridad de los argentinos y que adem\u00e1s no puede estar prepar\u00e1ndose para volver. Lo fundamental no es solamente ganar, sino establecerse y generar las condiciones para terminar con el modelo del kirchnerismo&#8221;, enfatiz\u00f3.<\/span><\/h3>\n<h3 class=\"yiv7409174924ydp6329976emsonormal\" style=\"background: white;\"><span style=\"font-family: 'Arial','sans-serif'; color: #1d2228;\">&#8220;No nos da lo mismo, nosotros creemos que somos los que estamos en condiciones de generar esa posibilidad hist\u00f3rica que tiene la Argentina, de cambiar la matriz pol\u00edtica del peronismo como partido dominante, que cuando no gobierna est\u00e1 como agazapado. Por eso tenemos el objetivo claro de ganar en la provincia de Buenos Aires. No queremos que se agazapen ah\u00ed&#8221;, agreg\u00f3.<\/span><\/h3>\n<h3 class=\"yiv7409174924ydp6329976emsonormal\" style=\"background: white;\"><span style=\"font-family: 'Arial','sans-serif'; color: #1d2228;\">En otro orden, se mostr\u00f3 satisfecha con el resultado obtenido por su lista en las PASO del pasado domingo, cuando le gan\u00f3 por amplio margen a Horacio Rodr\u00edguez Larreta en la interna de Juntos por el Cambio. &#8220;Tuvimos una reivindicaci\u00f3n importante&#8221;, se jact\u00f3 Bullrich en una entrevista al diario Clar\u00edn.<\/span><\/h3>\n<h3 class=\"yiv7409174924ydp6329976emsonormal\" style=\"background: white;\"><span style=\"font-family: 'Arial','sans-serif'; color: #1d2228;\">&#8220;Yo lo veo como un triunfo, porque creo que nosotros ten\u00edamos la lectura m\u00e1s correcta de c\u00f3mo interpretar a la sociedad, de c\u00f3mo plantear el modelo del cambio que se precisa en este momento hist\u00f3rico de la Argentina&#8221;, expres\u00f3.<\/span><\/h3>\n<h3 class=\"yiv7409174924ydp6329976emsonormal\" style=\"background: white;\"><span style=\"font-family: 'Arial','sans-serif'; color: #1d2228;\">Record\u00f3 que &#8220;en t\u00e9rminos num\u00e9ricos, partidarios&#8221; la lista de Rodr\u00edguez Larreta fue mucho m\u00e1s apoyada y tuvo como precandidatos al presidente de la UCR, Gerardo Morales, de la Coalici\u00f3n C\u00edvica, Maximiliano Ferraro, y del Peronismo Republicano, Miguel Pichetto.<\/span><\/h3>\n<h3 class=\"yiv7409174924ydp6329976emsonormal\" style=\"background: white;\"><span style=\"font-family: 'Arial','sans-serif'; color: #1d2228;\">&#8220;Nosotros construimos con mucho esfuerzo una decisi\u00f3n de liderar este proyecto de Juntos por el Cambio, de lograr que nuestra propuesta de cambio profundo, verdadero, de shock, fuese el que representara a la fuerza en la elecci\u00f3n y que tuviese un liderazgo como el m\u00edo, que tiene espaldas para dar las batallas que hay que dar en Argentina. Desde esa perspectiva, tarea cumplida. Fue una elecci\u00f3n important\u00edsima, de David contra Goliath&#8221;, interpret\u00f3.<\/span><\/h3>\n<h3 class=\"yiv7409174924ydp6329976emsonormal\" style=\"background: white;\"><span style=\"font-family: 'Arial','sans-serif'; color: #1d2228;\">A nivel coalici\u00f3n, Bullrich reconoci\u00f3 que la performance general estuvo un poco por debajo, y lo atribuy\u00f3 parcialmente a la intensidad de la pelea interna con el sector que apoyaba a Rodr\u00edguez Larreta.<\/span><\/h3>\n<h3 class=\"yiv7409174924ydp6329976emsonormal\" style=\"background: white;\"><span style=\"font-family: 'Arial','sans-serif'; color: #1d2228;\">&#8220;Desde la de Juntos por el Cambio creo que es poca la experiencia de la sociedad en comprender unas PASO, y eso gener\u00f3 temor en mucha gente que pens\u00f3 que no \u00edbamos a ser capaces de construir r\u00e1pidamente el espacio. Eso nos cost\u00f3 votos, me parece. Nunca se hab\u00eda vivido un proceso as\u00ed. Parec\u00eda que nos \u00edbamos a quebrar y eso nos quit\u00f3 un poco de volumen pol\u00edtico, que lo vamos a recuperar en estos dos meses&#8221;, asegur\u00f3.<\/span><\/h3>\n<h3 class=\"yiv7409174924ydp6329976emsonormal\" style=\"background: white;\"><span style=\"font-family: 'Arial','sans-serif'; color: #1d2228;\">Acerca de esto \u00faltimo, Bullrich se mostr\u00f3 confiada en que muchos votos que perdieron en las PASO a manos de Milei van a volver a Juntos por el Cambio en octubre.<\/span><\/h3>\n<h3 class=\"yiv7409174924ydp6329976emsonormal\" style=\"background: white;\"><span style=\"font-family: 'Arial','sans-serif'; color: #1d2228;\">&#8220;Yo creo que pueden volver muchos votos, porque hubo una idea en el \u00faltimo tiempo de que est\u00e1bamos parejos, iguales, de que nosotros no gan\u00e1bamos. Eso hizo que ese voto en disputa que siempre ve\u00edamos con Milei, se corriese. Lo vamos a recuperar&#8221;, ratific\u00f3.<\/span><\/h3>\n<h3 class=\"yiv7409174924ydp6329976emsonormal\" style=\"background: white;\"><span style=\"font-family: 'Arial','sans-serif'; color: #1d2228;\">Por \u00faltimo, la candidata presidencial de Juntos por el Cambio se diferenci\u00f3 del l\u00edder de La Libertad Avanza al sostener que de ganar las elecciones, ella no va a cerrar el Conicet y arancelar la educaci\u00f3n o la salud p\u00fablica. <\/span><\/h3>\n<h3 class=\"yiv7409174924ydp6329976emsonormal\" style=\"background: white;\"><span style=\"font-family: 'Arial','sans-serif'; color: #1d2228;\">&#8220;&#8221;No vamos a privatizar nunca, ni la salud ni la educaci\u00f3n p\u00fablica. Al Conicet lo vamos a desburocratizar y desideologizar&#8221;, prometi\u00f3.<\/span><\/h3>\n<p class=\"yiv7409174924ydp6329976emsonormal\" style=\"background: white;\"><span style=\"font-family: 'Arial','sans-serif'; color: #1d2228;\">\u00a0<\/span><\/p>\n","protected":false},"excerpt":{"rendered":"<p>La candidata presidencial de Juntos por el Cambio, Patricia Bullrich, sostuvo hoy que &#8220;lo fundamental&#8230;<\/p>\n","protected":false},"author":1,"featured_media":1853,"comment_status":"closed","ping_status":"closed","sticky":false,"template":"","format":"standard","meta":{"footnotes":""},"categories":[5],"tags":[],"class_list":["post-1852","post","type-post","status-publish","format-standard","has-post-thumbnail","hentry","category-nacionales-internacionales"],"yoast_head":"<!-- This site is optimized with the Yoast SEO plugin v26.1.1 - https:\/\/yoast.com\/wordpress\/plugins\/seo\/ -->\n<title>BULLRICH PIDI\u00d3 &quot;TERMINAR CON EL MODELO DEL KIRCHNERISMO&quot; Y DIJO QUE ES CLAVE &quot;GANAR EN LA PROVINCIA DE BUENOS AIRES&quot; - Apuntes de San Luis<\/title>\n<meta name=\"robots\" content=\"index, follow, max-snippet:-1, max-image-preview:large, max-video-preview:-1\" \/>\n<link rel=\"canonical\" href=\"https:\/\/apuntesdesanluis.com\/index.php\/2023\/08\/20\/bullrich-pidio-terminar-con-el-modelo-del-kirchnerismo-y-dijo-que-es-clave-ganar-en-la-provincia-de-buenos-aires\/\" \/>\n<meta property=\"og:locale\" content=\"es_ES\" \/>\n<meta property=\"og:type\" content=\"article\" \/>\n<meta property=\"og:title\" content=\"BULLRICH PIDI\u00d3 &quot;TERMINAR CON EL MODELO DEL KIRCHNERISMO&quot; Y DIJO QUE ES CLAVE &quot;GANAR EN LA PROVINCIA DE BUENOS AIRES&quot; - Apuntes de San Luis\" \/>\n<meta property=\"og:description\" content=\"La candidata presidencial de Juntos por el Cambio, Patricia Bullrich, sostuvo hoy que &#8220;lo fundamental...\" \/>\n<meta property=\"og:url\" content=\"https:\/\/apuntesdesanluis.com\/index.php\/2023\/08\/20\/bullrich-pidio-terminar-con-el-modelo-del-kirchnerismo-y-dijo-que-es-clave-ganar-en-la-provincia-de-buenos-aires\/\" \/>\n<meta property=\"og:site_name\" content=\"Apuntes de San Luis\" \/>\n<meta property=\"article:published_time\" content=\"2023-08-21T01:54:22+00:00\" \/>\n<meta property=\"og:image\" content=\"https:\/\/apuntesdesanluis.com\/wp-content\/uploads\/2023\/08\/bulrich.png\" \/>\n\t<meta property=\"og:image:width\" content=\"806\" \/>\n\t<meta property=\"og:image:height\" content=\"559\" \/>\n\t<meta property=\"og:image:type\" content=\"image\/png\" \/>\n<meta name=\"author\" content=\"apuntesdesanluis.com\" \/>\n<meta name=\"twitter:card\" content=\"summary_large_image\" \/>\n<meta name=\"twitter:label1\" content=\"Escrito por\" \/>\n\t<meta name=\"twitter:data1\" content=\"apuntesdesanluis.com\" \/>\n\t<meta name=\"twitter:label2\" content=\"Tiempo de lectura\" \/>\n\t<meta name=\"twitter:data2\" content=\"4 minutos\" \/>\n<script type=\"application\/ld+json\" class=\"yoast-schema-graph\">{\"@context\":\"https:\/\/schema.org\",\"@graph\":[{\"@type\":\"Article\",\"@id\":\"https:\/\/apuntesdesanluis.com\/index.php\/2023\/08\/20\/bullrich-pidio-terminar-con-el-modelo-del-kirchnerismo-y-dijo-que-es-clave-ganar-en-la-provincia-de-buenos-aires\/#article\",\"isPartOf\":{\"@id\":\"https:\/\/apuntesdesanluis.com\/index.php\/2023\/08\/20\/bullrich-pidio-terminar-con-el-modelo-del-kirchnerismo-y-dijo-que-es-clave-ganar-en-la-provincia-de-buenos-aires\/\"},\"author\":{\"name\":\"apuntesdesanluis.com\",\"@id\":\"https:\/\/apuntesdesanluis.com\/#\/schema\/person\/b55151d52296fcce64d1a72538a70b90\"},\"headline\":\"BULLRICH PIDI\u00d3 &#8220;TERMINAR CON EL MODELO DEL KIRCHNERISMO&#8221; Y DIJO QUE ES CLAVE &#8220;GANAR EN LA PROVINCIA DE BUENOS AIRES&#8221;\",\"datePublished\":\"2023-08-21T01:54:22+00:00\",\"mainEntityOfPage\":{\"@id\":\"https:\/\/apuntesdesanluis.com\/index.php\/2023\/08\/20\/bullrich-pidio-terminar-con-el-modelo-del-kirchnerismo-y-dijo-que-es-clave-ganar-en-la-provincia-de-buenos-aires\/\"},\"wordCount\":718,\"publisher\":{\"@id\":\"https:\/\/apuntesdesanluis.com\/#\/schema\/person\/b55151d52296fcce64d1a72538a70b90\"},\"image\":{\"@id\":\"https:\/\/apuntesdesanluis.com\/index.php\/2023\/08\/20\/bullrich-pidio-terminar-con-el-modelo-del-kirchnerismo-y-dijo-que-es-clave-ganar-en-la-provincia-de-buenos-aires\/#primaryimage\"},\"thumbnailUrl\":\"https:\/\/apuntesdesanluis.com\/wp-content\/uploads\/2023\/08\/bulrich.png\",\"articleSection\":[\"Nacionales\/Internacionales\"],\"inLanguage\":\"es-AR\"},{\"@type\":\"WebPage\",\"@id\":\"https:\/\/apuntesdesanluis.com\/index.php\/2023\/08\/20\/bullrich-pidio-terminar-con-el-modelo-del-kirchnerismo-y-dijo-que-es-clave-ganar-en-la-provincia-de-buenos-aires\/\",\"url\":\"https:\/\/apuntesdesanluis.com\/index.php\/2023\/08\/20\/bullrich-pidio-terminar-con-el-modelo-del-kirchnerismo-y-dijo-que-es-clave-ganar-en-la-provincia-de-buenos-aires\/\",\"name\":\"BULLRICH PIDI\u00d3 \\\"TERMINAR CON EL MODELO DEL KIRCHNERISMO\\\" Y DIJO QUE ES CLAVE \\\"GANAR EN LA PROVINCIA DE BUENOS AIRES\\\" - Apuntes de San Luis\",\"isPartOf\":{\"@id\":\"https:\/\/apuntesdesanluis.com\/#website\"},\"primaryImageOfPage\":{\"@id\":\"https:\/\/apuntesdesanluis.com\/index.php\/2023\/08\/20\/bullrich-pidio-terminar-con-el-modelo-del-kirchnerismo-y-dijo-que-es-clave-ganar-en-la-provincia-de-buenos-aires\/#primaryimage\"},\"image\":{\"@id\":\"https:\/\/apuntesdesanluis.com\/index.php\/2023\/08\/20\/bullrich-pidio-terminar-con-el-modelo-del-kirchnerismo-y-dijo-que-es-clave-ganar-en-la-provincia-de-buenos-aires\/#primaryimage\"},\"thumbnailUrl\":\"https:\/\/apuntesdesanluis.com\/wp-content\/uploads\/2023\/08\/bulrich.png\",\"datePublished\":\"2023-08-21T01:54:22+00:00\",\"breadcrumb\":{\"@id\":\"https:\/\/apuntesdesanluis.com\/index.php\/2023\/08\/20\/bullrich-pidio-terminar-con-el-modelo-del-kirchnerismo-y-dijo-que-es-clave-ganar-en-la-provincia-de-buenos-aires\/#breadcrumb\"},\"inLanguage\":\"es-AR\",\"potentialAction\":[{\"@type\":\"ReadAction\",\"target\":[\"https:\/\/apuntesdesanluis.com\/index.php\/2023\/08\/20\/bullrich-pidio-terminar-con-el-modelo-del-kirchnerismo-y-dijo-que-es-clave-ganar-en-la-provincia-de-buenos-aires\/\"]}]},{\"@type\":\"ImageObject\",\"inLanguage\":\"es-AR\",\"@id\":\"https:\/\/apuntesdesanluis.com\/index.php\/2023\/08\/20\/bullrich-pidio-terminar-con-el-modelo-del-kirchnerismo-y-dijo-que-es-clave-ganar-en-la-provincia-de-buenos-aires\/#primaryimage\",\"url\":\"https:\/\/apuntesdesanluis.com\/wp-content\/uploads\/2023\/08\/bulrich.png\",\"contentUrl\":\"https:\/\/apuntesdesanluis.com\/wp-content\/uploads\/2023\/08\/bulrich.png\",\"width\":806,\"height\":559},{\"@type\":\"BreadcrumbList\",\"@id\":\"https:\/\/apuntesdesanluis.com\/index.php\/2023\/08\/20\/bullrich-pidio-terminar-con-el-modelo-del-kirchnerismo-y-dijo-que-es-clave-ganar-en-la-provincia-de-buenos-aires\/#breadcrumb\",\"itemListElement\":[{\"@type\":\"ListItem\",\"position\":1,\"name\":\"Inicio\",\"item\":\"https:\/\/apuntesdesanluis.com\/\"},{\"@type\":\"ListItem\",\"position\":2,\"name\":\"BULLRICH PIDI\u00d3 &#8220;TERMINAR CON EL MODELO DEL KIRCHNERISMO&#8221; Y DIJO QUE ES CLAVE &#8220;GANAR EN LA PROVINCIA DE BUENOS AIRES&#8221;\"}]},{\"@type\":\"WebSite\",\"@id\":\"https:\/\/apuntesdesanluis.com\/#website\",\"url\":\"https:\/\/apuntesdesanluis.com\/\",\"name\":\"Apuntes de San Luis\",\"description\":\"\",\"publisher\":{\"@id\":\"https:\/\/apuntesdesanluis.com\/#\/schema\/person\/b55151d52296fcce64d1a72538a70b90\"},\"potentialAction\":[{\"@type\":\"SearchAction\",\"target\":{\"@type\":\"EntryPoint\",\"urlTemplate\":\"https:\/\/apuntesdesanluis.com\/?s={search_term_string}\"},\"query-input\":{\"@type\":\"PropertyValueSpecification\",\"valueRequired\":true,\"valueName\":\"search_term_string\"}}],\"inLanguage\":\"es-AR\"},{\"@type\":[\"Person\",\"Organization\"],\"@id\":\"https:\/\/apuntesdesanluis.com\/#\/schema\/person\/b55151d52296fcce64d1a72538a70b90\",\"name\":\"apuntesdesanluis.com\",\"image\":{\"@type\":\"ImageObject\",\"inLanguage\":\"es-AR\",\"@id\":\"https:\/\/apuntesdesanluis.com\/#\/schema\/person\/image\/\",\"url\":\"https:\/\/apuntesdesanluis.com\/wp-content\/uploads\/2023\/07\/cropped-apuntesdesanluis.png\",\"contentUrl\":\"https:\/\/apuntesdesanluis.com\/wp-content\/uploads\/2023\/07\/cropped-apuntesdesanluis.png\",\"width\":450,\"height\":112,\"caption\":\"apuntesdesanluis.com\"},\"logo\":{\"@id\":\"https:\/\/apuntesdesanluis.com\/#\/schema\/person\/image\/\"},\"sameAs\":[\"https:\/\/apuntesdesanluis.com\"],\"url\":\"https:\/\/apuntesdesanluis.com\/index.php\/author\/apuntesdesanluis-com\/\"}]}<\/script>\n<!-- \/ Yoast SEO plugin. -->","yoast_head_json":{"title":"BULLRICH PIDI\u00d3 \"TERMINAR CON EL MODELO DEL KIRCHNERISMO\" Y DIJO QUE ES CLAVE \"GANAR EN LA PROVINCIA DE BUENOS AIRES\" - Apuntes de San Luis","robots":{"index":"index","follow":"follow","max-snippet":"max-snippet:-1","max-image-preview":"max-image-preview:large","max-video-preview":"max-video-preview:-1"},"canonical":"https:\/\/apuntesdesanluis.com\/index.php\/2023\/08\/20\/bullrich-pidio-terminar-con-el-modelo-del-kirchnerismo-y-dijo-que-es-clave-ganar-en-la-provincia-de-buenos-aires\/","og_locale":"es_ES","og_type":"article","og_title":"BULLRICH PIDI\u00d3 \"TERMINAR CON EL MODELO DEL KIRCHNERISMO\" Y DIJO QUE ES CLAVE \"GANAR EN LA PROVINCIA DE BUENOS AIRES\" - Apuntes de San Luis","og_description":"La candidata presidencial de Juntos por el Cambio, Patricia Bullrich, sostuvo hoy que &#8220;lo fundamental...","og_url":"https:\/\/apuntesdesanluis.com\/index.php\/2023\/08\/20\/bullrich-pidio-terminar-con-el-modelo-del-kirchnerismo-y-dijo-que-es-clave-ganar-en-la-provincia-de-buenos-aires\/","og_site_name":"Apuntes de San Luis","article_published_time":"2023-08-21T01:54:22+00:00","og_image":[{"width":806,"height":559,"url":"https:\/\/apuntesdesanluis.com\/wp-content\/uploads\/2023\/08\/bulrich.png","type":"image\/png"}],"author":"apuntesdesanluis.com","twitter_card":"summary_large_image","twitter_misc":{"Escrito por":"apuntesdesanluis.com","Tiempo de lectura":"4 minutos"},"schema":{"@context":"https:\/\/schema.org","@graph":[{"@type":"Article","@id":"https:\/\/apuntesdesanluis.com\/index.php\/2023\/08\/20\/bullrich-pidio-terminar-con-el-modelo-del-kirchnerismo-y-dijo-que-es-clave-ganar-en-la-provincia-de-buenos-aires\/#article","isPartOf":{"@id":"https:\/\/apuntesdesanluis.com\/index.php\/2023\/08\/20\/bullrich-pidio-terminar-con-el-modelo-del-kirchnerismo-y-dijo-que-es-clave-ganar-en-la-provincia-de-buenos-aires\/"},"author":{"name":"apuntesdesanluis.com","@id":"https:\/\/apuntesdesanluis.com\/#\/schema\/person\/b55151d52296fcce64d1a72538a70b90"},"headline":"BULLRICH PIDI\u00d3 &#8220;TERMINAR CON EL MODELO DEL KIRCHNERISMO&#8221; Y DIJO QUE ES CLAVE &#8220;GANAR EN LA PROVINCIA DE BUENOS AIRES&#8221;","datePublished":"2023-08-21T01:54:22+00:00","mainEntityOfPage":{"@id":"https:\/\/apuntesdesanluis.com\/index.php\/2023\/08\/20\/bullrich-pidio-terminar-con-el-modelo-del-kirchnerismo-y-dijo-que-es-clave-ganar-en-la-provincia-de-buenos-aires\/"},"wordCount":718,"publisher":{"@id":"https:\/\/apuntesdesanluis.com\/#\/schema\/person\/b55151d52296fcce64d1a72538a70b90"},"image":{"@id":"https:\/\/apuntesdesanluis.com\/index.php\/2023\/08\/20\/bullrich-pidio-terminar-con-el-modelo-del-kirchnerismo-y-dijo-que-es-clave-ganar-en-la-provincia-de-buenos-aires\/#primaryimage"},"thumbnailUrl":"https:\/\/apuntesdesanluis.com\/wp-content\/uploads\/2023\/08\/bulrich.png","articleSection":["Nacionales\/Internacionales"],"inLanguage":"es-AR"},{"@type":"WebPage","@id":"https:\/\/apuntesdesanluis.com\/index.php\/2023\/08\/20\/bullrich-pidio-terminar-con-el-modelo-del-kirchnerismo-y-dijo-que-es-clave-ganar-en-la-provincia-de-buenos-aires\/","url":"https:\/\/apuntesdesanluis.com\/index.php\/2023\/08\/20\/bullrich-pidio-terminar-con-el-modelo-del-kirchnerismo-y-dijo-que-es-clave-ganar-en-la-provincia-de-buenos-aires\/","name":"BULLRICH PIDI\u00d3 \"TERMINAR CON EL MODELO DEL KIRCHNERISMO\" Y DIJO QUE ES CLAVE \"GANAR EN LA PROVINCIA DE BUENOS AIRES\" - Apuntes de San Luis","isPartOf":{"@id":"https:\/\/apuntesdesanluis.com\/#website"},"primaryImageOfPage":{"@id":"https:\/\/apuntesdesanluis.com\/index.php\/2023\/08\/20\/bullrich-pidio-terminar-con-el-modelo-del-kirchnerismo-y-dijo-que-es-clave-ganar-en-la-provincia-de-buenos-aires\/#primaryimage"},"image":{"@id":"https:\/\/apuntesdesanluis.com\/index.php\/2023\/08\/20\/bullrich-pidio-terminar-con-el-modelo-del-kirchnerismo-y-dijo-que-es-clave-ganar-en-la-provincia-de-buenos-aires\/#primaryimage"},"thumbnailUrl":"https:\/\/apuntesdesanluis.com\/wp-content\/uploads\/2023\/08\/bulrich.png","datePublished":"2023-08-21T01:54:22+00:00","breadcrumb":{"@id":"https:\/\/apuntesdesanluis.com\/index.php\/2023\/08\/20\/bullrich-pidio-terminar-con-el-modelo-del-kirchnerismo-y-dijo-que-es-clave-ganar-en-la-provincia-de-buenos-aires\/#breadcrumb"},"inLanguage":"es-AR","potentialAction":[{"@type":"ReadAction","target":["https:\/\/apuntesdesanluis.com\/index.php\/2023\/08\/20\/bullrich-pidio-terminar-con-el-modelo-del-kirchnerismo-y-dijo-que-es-clave-ganar-en-la-provincia-de-buenos-aires\/"]}]},{"@type":"ImageObject","inLanguage":"es-AR","@id":"https:\/\/apuntesdesanluis.com\/index.php\/2023\/08\/20\/bullrich-pidio-terminar-con-el-modelo-del-kirchnerismo-y-dijo-que-es-clave-ganar-en-la-provincia-de-buenos-aires\/#primaryimage","url":"https:\/\/apuntesdesanluis.com\/wp-content\/uploads\/2023\/08\/bulrich.png","contentUrl":"https:\/\/apuntesdesanluis.com\/wp-content\/uploads\/2023\/08\/bulrich.png","width":806,"height":559},{"@type":"BreadcrumbList","@id":"https:\/\/apuntesdesanluis.com\/index.php\/2023\/08\/20\/bullrich-pidio-terminar-con-el-modelo-del-kirchnerismo-y-dijo-que-es-clave-ganar-en-la-provincia-de-buenos-aires\/#breadcrumb","itemListElement":[{"@type":"ListItem","position":1,"name":"Inicio","item":"https:\/\/apuntesdesanluis.com\/"},{"@type":"ListItem","position":2,"name":"BULLRICH PIDI\u00d3 &#8220;TERMINAR CON EL MODELO DEL KIRCHNERISMO&#8221; Y DIJO QUE ES CLAVE &#8220;GANAR EN LA PROVINCIA DE BUENOS AIRES&#8221;"}]},{"@type":"WebSite","@id":"https:\/\/apuntesdesanluis.com\/#website","url":"https:\/\/apuntesdesanluis.com\/","name":"Apuntes de San Luis","description":"","publisher":{"@id":"https:\/\/apuntesdesanluis.com\/#\/schema\/person\/b55151d52296fcce64d1a72538a70b90"},"potentialAction":[{"@type":"SearchAction","target":{"@type":"EntryPoint","urlTemplate":"https:\/\/apuntesdesanluis.com\/?s={search_term_string}"},"query-input":{"@type":"PropertyValueSpecification","valueRequired":true,"valueName":"search_term_string"}}],"inLanguage":"es-AR"},{"@type":["Person","Organization"],"@id":"https:\/\/apuntesdesanluis.com\/#\/schema\/person\/b55151d52296fcce64d1a72538a70b90","name":"apuntesdesanluis.com","image":{"@type":"ImageObject","inLanguage":"es-AR","@id":"https:\/\/apuntesdesanluis.com\/#\/schema\/person\/image\/","url":"https:\/\/apuntesdesanluis.com\/wp-content\/uploads\/2023\/07\/cropped-apuntesdesanluis.png","contentUrl":"https:\/\/apuntesdesanluis.com\/wp-content\/uploads\/2023\/07\/cropped-apuntesdesanluis.png","width":450,"height":112,"caption":"apuntesdesanluis.com"},"logo":{"@id":"https:\/\/apuntesdesanluis.com\/#\/schema\/person\/image\/"},"sameAs":["https:\/\/apuntesdesanluis.com"],"url":"https:\/\/apuntesdesanluis.com\/index.php\/author\/apuntesdesanluis-com\/"}]}},"featured_image_urls":{"full":["https:\/\/apuntesdesanluis.com\/wp-content\/uploads\/2023\/08\/bulrich.png",806,559,false],"thumbnail":["https:\/\/apuntesdesanluis.com\/wp-content\/uploads\/2023\/08\/bulrich-150x150.png",150,150,true],"medium":["https:\/\/apuntesdesanluis.com\/wp-content\/uploads\/2023\/08\/bulrich-300x208.png",300,208,true],"medium_large":["https:\/\/apuntesdesanluis.com\/wp-content\/uploads\/2023\/08\/bulrich-768x533.png",640,444,true],"large":["https:\/\/apuntesdesanluis.com\/wp-content\/uploads\/2023\/08\/bulrich.png",640,444,false],"1536x1536":["https:\/\/apuntesdesanluis.com\/wp-content\/uploads\/2023\/08\/bulrich.png",806,559,false],"2048x2048":["https:\/\/apuntesdesanluis.com\/wp-content\/uploads\/2023\/08\/bulrich.png",806,559,false],"newsever-slider-full":["https:\/\/apuntesdesanluis.com\/wp-content\/uploads\/2023\/08\/bulrich.png",806,559,false],"newsever-featured":["https:\/\/apuntesdesanluis.com\/wp-content\/uploads\/2023\/08\/bulrich.png",806,559,false],"newsever-medium":["https:\/\/apuntesdesanluis.com\/wp-content\/uploads\/2023\/08\/bulrich-720x475.png",720,475,true]},"author_info":{"display_name":"apuntesdesanluis.com","author_link":"https:\/\/apuntesdesanluis.com\/index.php\/author\/apuntesdesanluis-com\/"},"category_info":"<a href=\"https:\/\/apuntesdesanluis.com\/index.php\/category\/nacionales-internacionales\/\" rel=\"category tag\">Nacionales\/Internacionales<\/a>","tag_info":"Nacionales\/Internacionales","comment_count":"0","_links":{"self":[{"href":"https:\/\/apuntesdesanluis.com\/index.php\/wp-json\/wp\/v2\/posts\/1852","targetHints":{"allow":["GET"]}}],"collection":[{"href":"https:\/\/apuntesdesanluis.com\/index.php\/wp-json\/wp\/v2\/posts"}],"about":[{"href":"https:\/\/apuntesdesanluis.com\/index.php\/wp-json\/wp\/v2\/types\/post"}],"author":[{"embeddable":true,"href":"https:\/\/apuntesdesanluis.com\/index.php\/wp-json\/wp\/v2\/users\/1"}],"replies":[{"embeddable":true,"href":"https:\/\/apuntesdesanluis.com\/index.php\/wp-json\/wp\/v2\/comments?post=1852"}],"version-history":[{"count":1,"href":"https:\/\/apuntesdesanluis.com\/index.php\/wp-json\/wp\/v2\/posts\/1852\/revisions"}],"predecessor-version":[{"id":1854,"href":"https:\/\/apuntesdesanluis.com\/index.php\/wp-json\/wp\/v2\/posts\/1852\/revisions\/1854"}],"wp:featuredmedia":[{"embeddable":true,"href":"https:\/\/apuntesdesanluis.com\/index.php\/wp-json\/wp\/v2\/media\/1853"}],"wp:attachment":[{"href":"https:\/\/apuntesdesanluis.com\/index.php\/wp-json\/wp\/v2\/media?parent=1852"}],"wp:term":[{"taxonomy":"category","embeddable":true,"href":"https:\/\/apuntesdesanluis.com\/index.php\/wp-json\/wp\/v2\/categories?post=1852"},{"taxonomy":"post_tag","embeddable":true,"href":"https:\/\/apuntesdesanluis.com\/index.php\/wp-json\/wp\/v2\/tags?post=1852"}],"curies":[{"name":"wp","href":"https:\/\/api.w.org\/{rel}","templated":true}]}}