{"id":18524,"date":"2024-06-28T19:24:05","date_gmt":"2024-06-28T22:24:05","guid":{"rendered":"https:\/\/apuntesdesanluis.com\/?p=18524"},"modified":"2024-06-28T19:24:25","modified_gmt":"2024-06-28T22:24:25","slug":"el-gobierno-construira-1-100-viviendas-gracias-a-un-acuerdo-con-nacion","status":"publish","type":"post","link":"https:\/\/apuntesdesanluis.com\/index.php\/2024\/06\/28\/el-gobierno-construira-1-100-viviendas-gracias-a-un-acuerdo-con-nacion\/","title":{"rendered":"EL GOBIERNO CONSTRUIR\u00c1 1.100 VIVIENDAS GRACIAS A UN ACUERDO CON NACI\u00d3N"},"content":{"rendered":"<h3>Lo acord\u00f3 el gobernador <strong>Claudio Poggi<\/strong> al firmar tres acuerdos marco con el jefe de Gabinete de Ministros, <strong>Guillermo Francos<\/strong>, que permitir\u00e1 reactivar la obra p\u00fablica en San Luis. El compromiso tambi\u00e9n permitir\u00e1 avanzar y terminar obras h\u00eddricas, viales, la construcci\u00f3n de cuatro CDI y de un centro de rehabilitaci\u00f3n de adicciones.<\/h3>\n<h3>Entre las obras que comenzar\u00e1n a erigirse est\u00e1 la construcci\u00f3n de 1.100 viviendas sociales para los beneficiarios que se inscribieron en los planes \u2018Progreso y Sue\u00f1os\u2019 en la anterior gesti\u00f3n del Primer Mandatario.<\/h3>\n<h3>En conferencia de prensa, <strong>Fernando Ofr\u00eda<\/strong>, director de Infraestructura P\u00fablica, explic\u00f3 que \u201cson tres convenios marco por los que el Gobierno Nacional est\u00e1 delegando en las provincias determinadas obras, deja bajo su potestad de financiamiento otras y adem\u00e1s, se har\u00e1n otras obras con financiaci\u00f3n conjunta\u201d. Respecto a ese \u00faltimo punto, el funcionario detall\u00f3 que, en viviendas, el cofinanciamiento rondar\u00e1 \u201cun 50% y, en general, en el paquete completo de obras que se dividi\u00f3, Naci\u00f3n queda a cargo de un 70% y la Provincia un 30%\u201d, lo que destac\u00f3 como un muy buen acuerdo.<\/h3>\n<p><iframe title=\"Fernando Ofr\u00eda, Director General de Infraestructura P\u00fablica\" width=\"640\" height=\"360\" src=\"https:\/\/www.youtube.com\/embed\/NpdpXaD-RZM?feature=oembed\" frameborder=\"0\" allow=\"accelerometer; autoplay; clipboard-write; encrypted-media; gyroscope; picture-in-picture; web-share\" referrerpolicy=\"strict-origin-when-cross-origin\" allowfullscreen><\/iframe><\/p>\n<h3>Si bien como parte del proceso a\u00fan resta firmar convenios espec\u00edficos para cada obra, por lo que a\u00fan no hay fechas de ejecuci\u00f3n o puesta en marcha de las mismas, Ofr\u00eda coment\u00f3 que el convenio permitir\u00e1 concluir el acueducto La Florida II, quiz\u00e1s la m\u00e1s importante, el arreglo y refuncionalizaci\u00f3n de la avenida Jos\u00e9 Santos Ortiz y de varios cruces de rutas nacionales dentro del territorio puntano, la finalizaci\u00f3n de la planta de tratamiento de agua potable Vientos del Portezuelo y otra de tratamiento de efluentes para Villa Mercedes.<\/h3>\n<h3>\u201cA otra serie de obras las toma el Gobierno de San Luis con financiaci\u00f3n propia, que son cuatro Centros de Desarrollo Infantil (CDI) en las ciudades de San Luis y Villa Mercedes. Adem\u00e1s, y quiz\u00e1s lo m\u00e1s trascendente para nosotros, es poder continuar con la pol\u00edtica habitacional, obras que ser\u00e1n cofinanciadas entre Naci\u00f3n y Provincia, donde aspiramos por supuesto a seguir construyendo viviendas, lo que va a tener un impacto social\u201d, explic\u00f3 el funcionario, y adelant\u00f3 que en principio, comenzar\u00e1n con la construcci\u00f3n de 600 casas y que cada una emplear\u00e1 entre cuatro y cinco personas.<\/h3>\n<h3>El Ejecutivo tambi\u00e9n encarar\u00e1 la construcci\u00f3n de un centro de rehabilitaci\u00f3n de adicciones en la localidad de La Toma \u201cen l\u00ednea con uno de los ejes centrales del Gobernador, que es la lucha contra el narcotr\u00e1fico\u201d, resalt\u00f3 Ofr\u00eda.<\/h3>\n<h3>\u201cEstamos muy esperanzados porque vemos respuestas de parte del Gobierno nacional. Esto es un esfuerzo compartido, porque recordemos que eran obras que estaban 100% en cabeza de la Naci\u00f3n y ahora, ante la imposibilidad de hacerlas, al Gobierno de San Luis le interesa que se reactiven, lo que implica hacer un enorme esfuerzo presupuestario\u201d, concluy\u00f3.<\/h3>\n<p>&nbsp;<\/p>\n<p>&nbsp;<\/p>\n<p>&nbsp;<\/p>\n","protected":false},"excerpt":{"rendered":"<p>Lo acord\u00f3 el gobernador Claudio Poggi al firmar tres acuerdos marco con el jefe de&#8230;<\/p>\n","protected":false},"author":1,"featured_media":18525,"comment_status":"closed","ping_status":"closed","sticky":false,"template":"","format":"standard","meta":{"footnotes":""},"categories":[6],"tags":[],"class_list":["post-18524","post","type-post","status-publish","format-standard","has-post-thumbnail","hentry","category-ciudad-provincia"],"yoast_head":"<!-- This site is optimized with the Yoast SEO plugin v26.1.1 - https:\/\/yoast.com\/wordpress\/plugins\/seo\/ -->\n<title>EL GOBIERNO CONSTRUIR\u00c1 1.100 VIVIENDAS GRACIAS A UN ACUERDO CON NACI\u00d3N - Apuntes de San Luis<\/title>\n<meta name=\"robots\" content=\"index, follow, max-snippet:-1, max-image-preview:large, max-video-preview:-1\" \/>\n<link rel=\"canonical\" href=\"https:\/\/apuntesdesanluis.com\/index.php\/2024\/06\/28\/el-gobierno-construira-1-100-viviendas-gracias-a-un-acuerdo-con-nacion\/\" \/>\n<meta property=\"og:locale\" content=\"es_ES\" \/>\n<meta property=\"og:type\" content=\"article\" \/>\n<meta property=\"og:title\" content=\"EL GOBIERNO CONSTRUIR\u00c1 1.100 VIVIENDAS GRACIAS A UN ACUERDO CON NACI\u00d3N - Apuntes de San Luis\" \/>\n<meta property=\"og:description\" content=\"Lo acord\u00f3 el gobernador Claudio Poggi al firmar tres acuerdos marco con el jefe de...\" \/>\n<meta property=\"og:url\" content=\"https:\/\/apuntesdesanluis.com\/index.php\/2024\/06\/28\/el-gobierno-construira-1-100-viviendas-gracias-a-un-acuerdo-con-nacion\/\" \/>\n<meta property=\"og:site_name\" content=\"Apuntes de San Luis\" \/>\n<meta property=\"article:published_time\" content=\"2024-06-28T22:24:05+00:00\" \/>\n<meta property=\"article:modified_time\" content=\"2024-06-28T22:24:25+00:00\" \/>\n<meta property=\"og:image\" content=\"https:\/\/apuntesdesanluis.com\/wp-content\/uploads\/2024\/06\/fernando-ofria.png\" \/>\n\t<meta property=\"og:image:width\" content=\"600\" \/>\n\t<meta property=\"og:image:height\" content=\"333\" \/>\n\t<meta property=\"og:image:type\" content=\"image\/png\" \/>\n<meta name=\"author\" content=\"apuntesdesanluis.com\" \/>\n<meta name=\"twitter:card\" content=\"summary_large_image\" \/>\n<meta name=\"twitter:label1\" content=\"Escrito por\" \/>\n\t<meta name=\"twitter:data1\" content=\"apuntesdesanluis.com\" \/>\n\t<meta name=\"twitter:label2\" content=\"Tiempo de lectura\" \/>\n\t<meta name=\"twitter:data2\" content=\"3 minutos\" \/>\n<script type=\"application\/ld+json\" class=\"yoast-schema-graph\">{\"@context\":\"https:\/\/schema.org\",\"@graph\":[{\"@type\":\"Article\",\"@id\":\"https:\/\/apuntesdesanluis.com\/index.php\/2024\/06\/28\/el-gobierno-construira-1-100-viviendas-gracias-a-un-acuerdo-con-nacion\/#article\",\"isPartOf\":{\"@id\":\"https:\/\/apuntesdesanluis.com\/index.php\/2024\/06\/28\/el-gobierno-construira-1-100-viviendas-gracias-a-un-acuerdo-con-nacion\/\"},\"author\":{\"name\":\"apuntesdesanluis.com\",\"@id\":\"https:\/\/apuntesdesanluis.com\/#\/schema\/person\/b55151d52296fcce64d1a72538a70b90\"},\"headline\":\"EL GOBIERNO CONSTRUIR\u00c1 1.100 VIVIENDAS GRACIAS A UN ACUERDO CON NACI\u00d3N\",\"datePublished\":\"2024-06-28T22:24:05+00:00\",\"dateModified\":\"2024-06-28T22:24:25+00:00\",\"mainEntityOfPage\":{\"@id\":\"https:\/\/apuntesdesanluis.com\/index.php\/2024\/06\/28\/el-gobierno-construira-1-100-viviendas-gracias-a-un-acuerdo-con-nacion\/\"},\"wordCount\":510,\"publisher\":{\"@id\":\"https:\/\/apuntesdesanluis.com\/#\/schema\/person\/b55151d52296fcce64d1a72538a70b90\"},\"image\":{\"@id\":\"https:\/\/apuntesdesanluis.com\/index.php\/2024\/06\/28\/el-gobierno-construira-1-100-viviendas-gracias-a-un-acuerdo-con-nacion\/#primaryimage\"},\"thumbnailUrl\":\"https:\/\/apuntesdesanluis.com\/wp-content\/uploads\/2024\/06\/fernando-ofria.png\",\"articleSection\":[\"Ciudad\/Provincia\"],\"inLanguage\":\"es-AR\"},{\"@type\":\"WebPage\",\"@id\":\"https:\/\/apuntesdesanluis.com\/index.php\/2024\/06\/28\/el-gobierno-construira-1-100-viviendas-gracias-a-un-acuerdo-con-nacion\/\",\"url\":\"https:\/\/apuntesdesanluis.com\/index.php\/2024\/06\/28\/el-gobierno-construira-1-100-viviendas-gracias-a-un-acuerdo-con-nacion\/\",\"name\":\"EL GOBIERNO CONSTRUIR\u00c1 1.100 VIVIENDAS GRACIAS A UN ACUERDO CON NACI\u00d3N - Apuntes de San Luis\",\"isPartOf\":{\"@id\":\"https:\/\/apuntesdesanluis.com\/#website\"},\"primaryImageOfPage\":{\"@id\":\"https:\/\/apuntesdesanluis.com\/index.php\/2024\/06\/28\/el-gobierno-construira-1-100-viviendas-gracias-a-un-acuerdo-con-nacion\/#primaryimage\"},\"image\":{\"@id\":\"https:\/\/apuntesdesanluis.com\/index.php\/2024\/06\/28\/el-gobierno-construira-1-100-viviendas-gracias-a-un-acuerdo-con-nacion\/#primaryimage\"},\"thumbnailUrl\":\"https:\/\/apuntesdesanluis.com\/wp-content\/uploads\/2024\/06\/fernando-ofria.png\",\"datePublished\":\"2024-06-28T22:24:05+00:00\",\"dateModified\":\"2024-06-28T22:24:25+00:00\",\"breadcrumb\":{\"@id\":\"https:\/\/apuntesdesanluis.com\/index.php\/2024\/06\/28\/el-gobierno-construira-1-100-viviendas-gracias-a-un-acuerdo-con-nacion\/#breadcrumb\"},\"inLanguage\":\"es-AR\",\"potentialAction\":[{\"@type\":\"ReadAction\",\"target\":[\"https:\/\/apuntesdesanluis.com\/index.php\/2024\/06\/28\/el-gobierno-construira-1-100-viviendas-gracias-a-un-acuerdo-con-nacion\/\"]}]},{\"@type\":\"ImageObject\",\"inLanguage\":\"es-AR\",\"@id\":\"https:\/\/apuntesdesanluis.com\/index.php\/2024\/06\/28\/el-gobierno-construira-1-100-viviendas-gracias-a-un-acuerdo-con-nacion\/#primaryimage\",\"url\":\"https:\/\/apuntesdesanluis.com\/wp-content\/uploads\/2024\/06\/fernando-ofria.png\",\"contentUrl\":\"https:\/\/apuntesdesanluis.com\/wp-content\/uploads\/2024\/06\/fernando-ofria.png\",\"width\":600,\"height\":333},{\"@type\":\"BreadcrumbList\",\"@id\":\"https:\/\/apuntesdesanluis.com\/index.php\/2024\/06\/28\/el-gobierno-construira-1-100-viviendas-gracias-a-un-acuerdo-con-nacion\/#breadcrumb\",\"itemListElement\":[{\"@type\":\"ListItem\",\"position\":1,\"name\":\"Inicio\",\"item\":\"https:\/\/apuntesdesanluis.com\/\"},{\"@type\":\"ListItem\",\"position\":2,\"name\":\"EL GOBIERNO CONSTRUIR\u00c1 1.100 VIVIENDAS GRACIAS A UN ACUERDO CON NACI\u00d3N\"}]},{\"@type\":\"WebSite\",\"@id\":\"https:\/\/apuntesdesanluis.com\/#website\",\"url\":\"https:\/\/apuntesdesanluis.com\/\",\"name\":\"Apuntes de San Luis\",\"description\":\"\",\"publisher\":{\"@id\":\"https:\/\/apuntesdesanluis.com\/#\/schema\/person\/b55151d52296fcce64d1a72538a70b90\"},\"potentialAction\":[{\"@type\":\"SearchAction\",\"target\":{\"@type\":\"EntryPoint\",\"urlTemplate\":\"https:\/\/apuntesdesanluis.com\/?s={search_term_string}\"},\"query-input\":{\"@type\":\"PropertyValueSpecification\",\"valueRequired\":true,\"valueName\":\"search_term_string\"}}],\"inLanguage\":\"es-AR\"},{\"@type\":[\"Person\",\"Organization\"],\"@id\":\"https:\/\/apuntesdesanluis.com\/#\/schema\/person\/b55151d52296fcce64d1a72538a70b90\",\"name\":\"apuntesdesanluis.com\",\"image\":{\"@type\":\"ImageObject\",\"inLanguage\":\"es-AR\",\"@id\":\"https:\/\/apuntesdesanluis.com\/#\/schema\/person\/image\/\",\"url\":\"https:\/\/apuntesdesanluis.com\/wp-content\/uploads\/2023\/07\/cropped-apuntesdesanluis.png\",\"contentUrl\":\"https:\/\/apuntesdesanluis.com\/wp-content\/uploads\/2023\/07\/cropped-apuntesdesanluis.png\",\"width\":450,\"height\":112,\"caption\":\"apuntesdesanluis.com\"},\"logo\":{\"@id\":\"https:\/\/apuntesdesanluis.com\/#\/schema\/person\/image\/\"},\"sameAs\":[\"https:\/\/apuntesdesanluis.com\"],\"url\":\"https:\/\/apuntesdesanluis.com\/index.php\/author\/apuntesdesanluis-com\/\"}]}<\/script>\n<!-- \/ Yoast SEO plugin. -->","yoast_head_json":{"title":"EL GOBIERNO CONSTRUIR\u00c1 1.100 VIVIENDAS GRACIAS A UN ACUERDO CON NACI\u00d3N - Apuntes de San Luis","robots":{"index":"index","follow":"follow","max-snippet":"max-snippet:-1","max-image-preview":"max-image-preview:large","max-video-preview":"max-video-preview:-1"},"canonical":"https:\/\/apuntesdesanluis.com\/index.php\/2024\/06\/28\/el-gobierno-construira-1-100-viviendas-gracias-a-un-acuerdo-con-nacion\/","og_locale":"es_ES","og_type":"article","og_title":"EL GOBIERNO CONSTRUIR\u00c1 1.100 VIVIENDAS GRACIAS A UN ACUERDO CON NACI\u00d3N - Apuntes de San Luis","og_description":"Lo acord\u00f3 el gobernador Claudio Poggi al firmar tres acuerdos marco con el jefe de...","og_url":"https:\/\/apuntesdesanluis.com\/index.php\/2024\/06\/28\/el-gobierno-construira-1-100-viviendas-gracias-a-un-acuerdo-con-nacion\/","og_site_name":"Apuntes de San Luis","article_published_time":"2024-06-28T22:24:05+00:00","article_modified_time":"2024-06-28T22:24:25+00:00","og_image":[{"width":600,"height":333,"url":"https:\/\/apuntesdesanluis.com\/wp-content\/uploads\/2024\/06\/fernando-ofria.png","type":"image\/png"}],"author":"apuntesdesanluis.com","twitter_card":"summary_large_image","twitter_misc":{"Escrito por":"apuntesdesanluis.com","Tiempo de lectura":"3 minutos"},"schema":{"@context":"https:\/\/schema.org","@graph":[{"@type":"Article","@id":"https:\/\/apuntesdesanluis.com\/index.php\/2024\/06\/28\/el-gobierno-construira-1-100-viviendas-gracias-a-un-acuerdo-con-nacion\/#article","isPartOf":{"@id":"https:\/\/apuntesdesanluis.com\/index.php\/2024\/06\/28\/el-gobierno-construira-1-100-viviendas-gracias-a-un-acuerdo-con-nacion\/"},"author":{"name":"apuntesdesanluis.com","@id":"https:\/\/apuntesdesanluis.com\/#\/schema\/person\/b55151d52296fcce64d1a72538a70b90"},"headline":"EL GOBIERNO CONSTRUIR\u00c1 1.100 VIVIENDAS GRACIAS A UN ACUERDO CON NACI\u00d3N","datePublished":"2024-06-28T22:24:05+00:00","dateModified":"2024-06-28T22:24:25+00:00","mainEntityOfPage":{"@id":"https:\/\/apuntesdesanluis.com\/index.php\/2024\/06\/28\/el-gobierno-construira-1-100-viviendas-gracias-a-un-acuerdo-con-nacion\/"},"wordCount":510,"publisher":{"@id":"https:\/\/apuntesdesanluis.com\/#\/schema\/person\/b55151d52296fcce64d1a72538a70b90"},"image":{"@id":"https:\/\/apuntesdesanluis.com\/index.php\/2024\/06\/28\/el-gobierno-construira-1-100-viviendas-gracias-a-un-acuerdo-con-nacion\/#primaryimage"},"thumbnailUrl":"https:\/\/apuntesdesanluis.com\/wp-content\/uploads\/2024\/06\/fernando-ofria.png","articleSection":["Ciudad\/Provincia"],"inLanguage":"es-AR"},{"@type":"WebPage","@id":"https:\/\/apuntesdesanluis.com\/index.php\/2024\/06\/28\/el-gobierno-construira-1-100-viviendas-gracias-a-un-acuerdo-con-nacion\/","url":"https:\/\/apuntesdesanluis.com\/index.php\/2024\/06\/28\/el-gobierno-construira-1-100-viviendas-gracias-a-un-acuerdo-con-nacion\/","name":"EL GOBIERNO CONSTRUIR\u00c1 1.100 VIVIENDAS GRACIAS A UN ACUERDO CON NACI\u00d3N - Apuntes de San Luis","isPartOf":{"@id":"https:\/\/apuntesdesanluis.com\/#website"},"primaryImageOfPage":{"@id":"https:\/\/apuntesdesanluis.com\/index.php\/2024\/06\/28\/el-gobierno-construira-1-100-viviendas-gracias-a-un-acuerdo-con-nacion\/#primaryimage"},"image":{"@id":"https:\/\/apuntesdesanluis.com\/index.php\/2024\/06\/28\/el-gobierno-construira-1-100-viviendas-gracias-a-un-acuerdo-con-nacion\/#primaryimage"},"thumbnailUrl":"https:\/\/apuntesdesanluis.com\/wp-content\/uploads\/2024\/06\/fernando-ofria.png","datePublished":"2024-06-28T22:24:05+00:00","dateModified":"2024-06-28T22:24:25+00:00","breadcrumb":{"@id":"https:\/\/apuntesdesanluis.com\/index.php\/2024\/06\/28\/el-gobierno-construira-1-100-viviendas-gracias-a-un-acuerdo-con-nacion\/#breadcrumb"},"inLanguage":"es-AR","potentialAction":[{"@type":"ReadAction","target":["https:\/\/apuntesdesanluis.com\/index.php\/2024\/06\/28\/el-gobierno-construira-1-100-viviendas-gracias-a-un-acuerdo-con-nacion\/"]}]},{"@type":"ImageObject","inLanguage":"es-AR","@id":"https:\/\/apuntesdesanluis.com\/index.php\/2024\/06\/28\/el-gobierno-construira-1-100-viviendas-gracias-a-un-acuerdo-con-nacion\/#primaryimage","url":"https:\/\/apuntesdesanluis.com\/wp-content\/uploads\/2024\/06\/fernando-ofria.png","contentUrl":"https:\/\/apuntesdesanluis.com\/wp-content\/uploads\/2024\/06\/fernando-ofria.png","width":600,"height":333},{"@type":"BreadcrumbList","@id":"https:\/\/apuntesdesanluis.com\/index.php\/2024\/06\/28\/el-gobierno-construira-1-100-viviendas-gracias-a-un-acuerdo-con-nacion\/#breadcrumb","itemListElement":[{"@type":"ListItem","position":1,"name":"Inicio","item":"https:\/\/apuntesdesanluis.com\/"},{"@type":"ListItem","position":2,"name":"EL GOBIERNO CONSTRUIR\u00c1 1.100 VIVIENDAS GRACIAS A UN ACUERDO CON NACI\u00d3N"}]},{"@type":"WebSite","@id":"https:\/\/apuntesdesanluis.com\/#website","url":"https:\/\/apuntesdesanluis.com\/","name":"Apuntes de San Luis","description":"","publisher":{"@id":"https:\/\/apuntesdesanluis.com\/#\/schema\/person\/b55151d52296fcce64d1a72538a70b90"},"potentialAction":[{"@type":"SearchAction","target":{"@type":"EntryPoint","urlTemplate":"https:\/\/apuntesdesanluis.com\/?s={search_term_string}"},"query-input":{"@type":"PropertyValueSpecification","valueRequired":true,"valueName":"search_term_string"}}],"inLanguage":"es-AR"},{"@type":["Person","Organization"],"@id":"https:\/\/apuntesdesanluis.com\/#\/schema\/person\/b55151d52296fcce64d1a72538a70b90","name":"apuntesdesanluis.com","image":{"@type":"ImageObject","inLanguage":"es-AR","@id":"https:\/\/apuntesdesanluis.com\/#\/schema\/person\/image\/","url":"https:\/\/apuntesdesanluis.com\/wp-content\/uploads\/2023\/07\/cropped-apuntesdesanluis.png","contentUrl":"https:\/\/apuntesdesanluis.com\/wp-content\/uploads\/2023\/07\/cropped-apuntesdesanluis.png","width":450,"height":112,"caption":"apuntesdesanluis.com"},"logo":{"@id":"https:\/\/apuntesdesanluis.com\/#\/schema\/person\/image\/"},"sameAs":["https:\/\/apuntesdesanluis.com"],"url":"https:\/\/apuntesdesanluis.com\/index.php\/author\/apuntesdesanluis-com\/"}]}},"featured_image_urls":{"full":["https:\/\/apuntesdesanluis.com\/wp-content\/uploads\/2024\/06\/fernando-ofria.png",600,333,false],"thumbnail":["https:\/\/apuntesdesanluis.com\/wp-content\/uploads\/2024\/06\/fernando-ofria-150x150.png",150,150,true],"medium":["https:\/\/apuntesdesanluis.com\/wp-content\/uploads\/2024\/06\/fernando-ofria-300x167.png",300,167,true],"medium_large":["https:\/\/apuntesdesanluis.com\/wp-content\/uploads\/2024\/06\/fernando-ofria.png",600,333,false],"large":["https:\/\/apuntesdesanluis.com\/wp-content\/uploads\/2024\/06\/fernando-ofria.png",600,333,false],"1536x1536":["https:\/\/apuntesdesanluis.com\/wp-content\/uploads\/2024\/06\/fernando-ofria.png",600,333,false],"2048x2048":["https:\/\/apuntesdesanluis.com\/wp-content\/uploads\/2024\/06\/fernando-ofria.png",600,333,false],"newsever-slider-full":["https:\/\/apuntesdesanluis.com\/wp-content\/uploads\/2024\/06\/fernando-ofria.png",600,333,false],"newsever-featured":["https:\/\/apuntesdesanluis.com\/wp-content\/uploads\/2024\/06\/fernando-ofria.png",600,333,false],"newsever-medium":["https:\/\/apuntesdesanluis.com\/wp-content\/uploads\/2024\/06\/fernando-ofria.png",600,333,false]},"author_info":{"display_name":"apuntesdesanluis.com","author_link":"https:\/\/apuntesdesanluis.com\/index.php\/author\/apuntesdesanluis-com\/"},"category_info":"<a href=\"https:\/\/apuntesdesanluis.com\/index.php\/category\/ciudad-provincia\/\" rel=\"category tag\">Ciudad\/Provincia<\/a>","tag_info":"Ciudad\/Provincia","comment_count":"0","_links":{"self":[{"href":"https:\/\/apuntesdesanluis.com\/index.php\/wp-json\/wp\/v2\/posts\/18524","targetHints":{"allow":["GET"]}}],"collection":[{"href":"https:\/\/apuntesdesanluis.com\/index.php\/wp-json\/wp\/v2\/posts"}],"about":[{"href":"https:\/\/apuntesdesanluis.com\/index.php\/wp-json\/wp\/v2\/types\/post"}],"author":[{"embeddable":true,"href":"https:\/\/apuntesdesanluis.com\/index.php\/wp-json\/wp\/v2\/users\/1"}],"replies":[{"embeddable":true,"href":"https:\/\/apuntesdesanluis.com\/index.php\/wp-json\/wp\/v2\/comments?post=18524"}],"version-history":[{"count":2,"href":"https:\/\/apuntesdesanluis.com\/index.php\/wp-json\/wp\/v2\/posts\/18524\/revisions"}],"predecessor-version":[{"id":18527,"href":"https:\/\/apuntesdesanluis.com\/index.php\/wp-json\/wp\/v2\/posts\/18524\/revisions\/18527"}],"wp:featuredmedia":[{"embeddable":true,"href":"https:\/\/apuntesdesanluis.com\/index.php\/wp-json\/wp\/v2\/media\/18525"}],"wp:attachment":[{"href":"https:\/\/apuntesdesanluis.com\/index.php\/wp-json\/wp\/v2\/media?parent=18524"}],"wp:term":[{"taxonomy":"category","embeddable":true,"href":"https:\/\/apuntesdesanluis.com\/index.php\/wp-json\/wp\/v2\/categories?post=18524"},{"taxonomy":"post_tag","embeddable":true,"href":"https:\/\/apuntesdesanluis.com\/index.php\/wp-json\/wp\/v2\/tags?post=18524"}],"curies":[{"name":"wp","href":"https:\/\/api.w.org\/{rel}","templated":true}]}}