{"id":18567,"date":"2024-06-28T23:50:54","date_gmt":"2024-06-29T02:50:54","guid":{"rendered":"https:\/\/apuntesdesanluis.com\/?p=18567"},"modified":"2024-06-28T23:50:54","modified_gmt":"2024-06-29T02:50:54","slug":"la-5a-fecha-del-rally-argentino-sera-en-san-luis","status":"publish","type":"post","link":"https:\/\/apuntesdesanluis.com\/index.php\/2024\/06\/28\/la-5a-fecha-del-rally-argentino-sera-en-san-luis\/","title":{"rendered":"LA 5\u00aa FECHA DEL RALLY ARGENTINO SER\u00c1 EN SAN LUIS"},"content":{"rendered":"<h3>La 5\u00aa fecha del Rally Argentino en San Luis se disputar\u00e1 el 2, 3 y 4 de agosto. As\u00ed lo informaron este viernes por la tarde, en conferencia de prensa, el ministro de Turismo y Cultura, Juan Manuel Rigau; el secretario de Deportes, <strong>Gabriel Rivero<\/strong>, y el presidente del Rally Argentino, <strong>Fernando Scarlatta<\/strong>.<\/h3>\n<h3>\u201cContaremos con un movimiento deportivo de 50 tripulaciones, m\u00e1s entre 40 y 50 veh\u00edculos que se van a estar sumando porque va a coincidir con la quinta fecha del Rally provincial, as\u00ed que vamos a estar contando con 100 autos aproximadamente y con la vuelta de Miguel Baldoni. Para nosotros es una satisfacci\u00f3n poder anunciar esto para todo el mundo motor de la provincia\u201d, manifest\u00f3 Rivero.<\/h3>\n<p><iframe title=\"La 5\u00aa fecha del Rally Argentino ser\u00e1 en San Luis\" width=\"640\" height=\"360\" src=\"https:\/\/www.youtube.com\/embed\/qJIuE-yZrMo?feature=oembed\" frameborder=\"0\" allow=\"accelerometer; autoplay; clipboard-write; encrypted-media; gyroscope; picture-in-picture; web-share\" referrerpolicy=\"strict-origin-when-cross-origin\" allowfullscreen><\/iframe><\/p>\n<h3>Se espera que m\u00e1s de 10 mil fan\u00e1ticos del automovilismo presencien la categor\u00eda m\u00e1s federal y que se inyecten a la econom\u00eda local alrededor de 1.000 millones de pesos, en un fin de semana a pura acci\u00f3n por la geograf\u00eda sanluise\u00f1a.<\/h3>\n<h3>En cuanto a lo tur\u00edstico, Rigau se\u00f1al\u00f3 la importancia del acontecimiento \u201cdado que va a ser una fecha que ya es temporada baja despu\u00e9s de las vacaciones de invierno y esto realza o mantiene latente el movimiento tur\u00edstico que necesitamos en la provincia\u201d.<\/h3>\n<h3>Por su parte, el presidente de la competici\u00f3n, se\u00f1al\u00f3 que \u201cel campeonato tiene una envergadura realmente importante, con tripulaciones internacionales, con equipos de toda la regi\u00f3n y realmente nos llena de satisfacci\u00f3n poder transitar nuevamente estos excelentes caminos puntanos con ADN de rally, con una afici\u00f3n realmente entusiasta, conocedora de esta actividad\u201d.<\/h3>\n<h3>Scarlatta inform\u00f3 que formar\u00e1n parte de la carrera cinco categor\u00edas y que \u201ca partir de la semana que viene ya est\u00e1 llegando la avanzada de Rally Argentino que va a empezar a chequear los caminos\u201d.<\/h3>\n<p>&nbsp;<\/p>\n<p>&nbsp;<\/p>\n<p>&nbsp;<\/p>\n<p>&nbsp;<\/p>\n<p>&nbsp;<\/p>\n<p>&nbsp;<\/p>\n","protected":false},"excerpt":{"rendered":"<p>La 5\u00aa fecha del Rally Argentino en San Luis se disputar\u00e1 el 2, 3 y&#8230;<\/p>\n","protected":false},"author":1,"featured_media":18568,"comment_status":"closed","ping_status":"closed","sticky":false,"template":"","format":"standard","meta":{"footnotes":""},"categories":[6,8],"tags":[],"class_list":["post-18567","post","type-post","status-publish","format-standard","has-post-thumbnail","hentry","category-ciudad-provincia","category-deportes"],"yoast_head":"<!-- This site is optimized with the Yoast SEO plugin v26.1.1 - https:\/\/yoast.com\/wordpress\/plugins\/seo\/ -->\n<title>LA 5\u00aa FECHA DEL RALLY ARGENTINO SER\u00c1 EN SAN LUIS - Apuntes de San Luis<\/title>\n<meta name=\"robots\" content=\"index, follow, max-snippet:-1, max-image-preview:large, max-video-preview:-1\" \/>\n<link rel=\"canonical\" href=\"https:\/\/apuntesdesanluis.com\/index.php\/2024\/06\/28\/la-5a-fecha-del-rally-argentino-sera-en-san-luis\/\" \/>\n<meta property=\"og:locale\" content=\"es_ES\" \/>\n<meta property=\"og:type\" content=\"article\" \/>\n<meta property=\"og:title\" content=\"LA 5\u00aa FECHA DEL RALLY ARGENTINO SER\u00c1 EN SAN LUIS - Apuntes de San Luis\" \/>\n<meta property=\"og:description\" content=\"La 5\u00aa fecha del Rally Argentino en San Luis se disputar\u00e1 el 2, 3 y...\" \/>\n<meta property=\"og:url\" content=\"https:\/\/apuntesdesanluis.com\/index.php\/2024\/06\/28\/la-5a-fecha-del-rally-argentino-sera-en-san-luis\/\" \/>\n<meta property=\"og:site_name\" content=\"Apuntes de San Luis\" \/>\n<meta property=\"article:published_time\" content=\"2024-06-29T02:50:54+00:00\" \/>\n<meta property=\"og:image\" content=\"https:\/\/apuntesdesanluis.com\/wp-content\/uploads\/2024\/06\/RALLY.png\" \/>\n\t<meta property=\"og:image:width\" content=\"681\" \/>\n\t<meta property=\"og:image:height\" content=\"385\" \/>\n\t<meta property=\"og:image:type\" content=\"image\/png\" \/>\n<meta name=\"author\" content=\"apuntesdesanluis.com\" \/>\n<meta name=\"twitter:card\" content=\"summary_large_image\" \/>\n<meta name=\"twitter:label1\" content=\"Escrito por\" \/>\n\t<meta name=\"twitter:data1\" content=\"apuntesdesanluis.com\" \/>\n\t<meta name=\"twitter:label2\" content=\"Tiempo de lectura\" \/>\n\t<meta name=\"twitter:data2\" content=\"2 minutos\" \/>\n<script type=\"application\/ld+json\" class=\"yoast-schema-graph\">{\"@context\":\"https:\/\/schema.org\",\"@graph\":[{\"@type\":\"Article\",\"@id\":\"https:\/\/apuntesdesanluis.com\/index.php\/2024\/06\/28\/la-5a-fecha-del-rally-argentino-sera-en-san-luis\/#article\",\"isPartOf\":{\"@id\":\"https:\/\/apuntesdesanluis.com\/index.php\/2024\/06\/28\/la-5a-fecha-del-rally-argentino-sera-en-san-luis\/\"},\"author\":{\"name\":\"apuntesdesanluis.com\",\"@id\":\"https:\/\/apuntesdesanluis.com\/#\/schema\/person\/b55151d52296fcce64d1a72538a70b90\"},\"headline\":\"LA 5\u00aa FECHA DEL RALLY ARGENTINO SER\u00c1 EN SAN LUIS\",\"datePublished\":\"2024-06-29T02:50:54+00:00\",\"mainEntityOfPage\":{\"@id\":\"https:\/\/apuntesdesanluis.com\/index.php\/2024\/06\/28\/la-5a-fecha-del-rally-argentino-sera-en-san-luis\/\"},\"wordCount\":321,\"publisher\":{\"@id\":\"https:\/\/apuntesdesanluis.com\/#\/schema\/person\/b55151d52296fcce64d1a72538a70b90\"},\"image\":{\"@id\":\"https:\/\/apuntesdesanluis.com\/index.php\/2024\/06\/28\/la-5a-fecha-del-rally-argentino-sera-en-san-luis\/#primaryimage\"},\"thumbnailUrl\":\"https:\/\/apuntesdesanluis.com\/wp-content\/uploads\/2024\/06\/RALLY.png\",\"articleSection\":[\"Ciudad\/Provincia\",\"Deportes\"],\"inLanguage\":\"es-AR\"},{\"@type\":\"WebPage\",\"@id\":\"https:\/\/apuntesdesanluis.com\/index.php\/2024\/06\/28\/la-5a-fecha-del-rally-argentino-sera-en-san-luis\/\",\"url\":\"https:\/\/apuntesdesanluis.com\/index.php\/2024\/06\/28\/la-5a-fecha-del-rally-argentino-sera-en-san-luis\/\",\"name\":\"LA 5\u00aa FECHA DEL RALLY ARGENTINO SER\u00c1 EN SAN LUIS - Apuntes de San Luis\",\"isPartOf\":{\"@id\":\"https:\/\/apuntesdesanluis.com\/#website\"},\"primaryImageOfPage\":{\"@id\":\"https:\/\/apuntesdesanluis.com\/index.php\/2024\/06\/28\/la-5a-fecha-del-rally-argentino-sera-en-san-luis\/#primaryimage\"},\"image\":{\"@id\":\"https:\/\/apuntesdesanluis.com\/index.php\/2024\/06\/28\/la-5a-fecha-del-rally-argentino-sera-en-san-luis\/#primaryimage\"},\"thumbnailUrl\":\"https:\/\/apuntesdesanluis.com\/wp-content\/uploads\/2024\/06\/RALLY.png\",\"datePublished\":\"2024-06-29T02:50:54+00:00\",\"breadcrumb\":{\"@id\":\"https:\/\/apuntesdesanluis.com\/index.php\/2024\/06\/28\/la-5a-fecha-del-rally-argentino-sera-en-san-luis\/#breadcrumb\"},\"inLanguage\":\"es-AR\",\"potentialAction\":[{\"@type\":\"ReadAction\",\"target\":[\"https:\/\/apuntesdesanluis.com\/index.php\/2024\/06\/28\/la-5a-fecha-del-rally-argentino-sera-en-san-luis\/\"]}]},{\"@type\":\"ImageObject\",\"inLanguage\":\"es-AR\",\"@id\":\"https:\/\/apuntesdesanluis.com\/index.php\/2024\/06\/28\/la-5a-fecha-del-rally-argentino-sera-en-san-luis\/#primaryimage\",\"url\":\"https:\/\/apuntesdesanluis.com\/wp-content\/uploads\/2024\/06\/RALLY.png\",\"contentUrl\":\"https:\/\/apuntesdesanluis.com\/wp-content\/uploads\/2024\/06\/RALLY.png\",\"width\":681,\"height\":385},{\"@type\":\"BreadcrumbList\",\"@id\":\"https:\/\/apuntesdesanluis.com\/index.php\/2024\/06\/28\/la-5a-fecha-del-rally-argentino-sera-en-san-luis\/#breadcrumb\",\"itemListElement\":[{\"@type\":\"ListItem\",\"position\":1,\"name\":\"Inicio\",\"item\":\"https:\/\/apuntesdesanluis.com\/\"},{\"@type\":\"ListItem\",\"position\":2,\"name\":\"LA 5\u00aa FECHA DEL RALLY ARGENTINO SER\u00c1 EN SAN LUIS\"}]},{\"@type\":\"WebSite\",\"@id\":\"https:\/\/apuntesdesanluis.com\/#website\",\"url\":\"https:\/\/apuntesdesanluis.com\/\",\"name\":\"Apuntes de San Luis\",\"description\":\"\",\"publisher\":{\"@id\":\"https:\/\/apuntesdesanluis.com\/#\/schema\/person\/b55151d52296fcce64d1a72538a70b90\"},\"potentialAction\":[{\"@type\":\"SearchAction\",\"target\":{\"@type\":\"EntryPoint\",\"urlTemplate\":\"https:\/\/apuntesdesanluis.com\/?s={search_term_string}\"},\"query-input\":{\"@type\":\"PropertyValueSpecification\",\"valueRequired\":true,\"valueName\":\"search_term_string\"}}],\"inLanguage\":\"es-AR\"},{\"@type\":[\"Person\",\"Organization\"],\"@id\":\"https:\/\/apuntesdesanluis.com\/#\/schema\/person\/b55151d52296fcce64d1a72538a70b90\",\"name\":\"apuntesdesanluis.com\",\"image\":{\"@type\":\"ImageObject\",\"inLanguage\":\"es-AR\",\"@id\":\"https:\/\/apuntesdesanluis.com\/#\/schema\/person\/image\/\",\"url\":\"https:\/\/apuntesdesanluis.com\/wp-content\/uploads\/2023\/07\/cropped-apuntesdesanluis.png\",\"contentUrl\":\"https:\/\/apuntesdesanluis.com\/wp-content\/uploads\/2023\/07\/cropped-apuntesdesanluis.png\",\"width\":450,\"height\":112,\"caption\":\"apuntesdesanluis.com\"},\"logo\":{\"@id\":\"https:\/\/apuntesdesanluis.com\/#\/schema\/person\/image\/\"},\"sameAs\":[\"https:\/\/apuntesdesanluis.com\"],\"url\":\"https:\/\/apuntesdesanluis.com\/index.php\/author\/apuntesdesanluis-com\/\"}]}<\/script>\n<!-- \/ Yoast SEO plugin. -->","yoast_head_json":{"title":"LA 5\u00aa FECHA DEL RALLY ARGENTINO SER\u00c1 EN SAN LUIS - Apuntes de San Luis","robots":{"index":"index","follow":"follow","max-snippet":"max-snippet:-1","max-image-preview":"max-image-preview:large","max-video-preview":"max-video-preview:-1"},"canonical":"https:\/\/apuntesdesanluis.com\/index.php\/2024\/06\/28\/la-5a-fecha-del-rally-argentino-sera-en-san-luis\/","og_locale":"es_ES","og_type":"article","og_title":"LA 5\u00aa FECHA DEL RALLY ARGENTINO SER\u00c1 EN SAN LUIS - Apuntes de San Luis","og_description":"La 5\u00aa fecha del Rally Argentino en San Luis se disputar\u00e1 el 2, 3 y...","og_url":"https:\/\/apuntesdesanluis.com\/index.php\/2024\/06\/28\/la-5a-fecha-del-rally-argentino-sera-en-san-luis\/","og_site_name":"Apuntes de San Luis","article_published_time":"2024-06-29T02:50:54+00:00","og_image":[{"width":681,"height":385,"url":"https:\/\/apuntesdesanluis.com\/wp-content\/uploads\/2024\/06\/RALLY.png","type":"image\/png"}],"author":"apuntesdesanluis.com","twitter_card":"summary_large_image","twitter_misc":{"Escrito por":"apuntesdesanluis.com","Tiempo de lectura":"2 minutos"},"schema":{"@context":"https:\/\/schema.org","@graph":[{"@type":"Article","@id":"https:\/\/apuntesdesanluis.com\/index.php\/2024\/06\/28\/la-5a-fecha-del-rally-argentino-sera-en-san-luis\/#article","isPartOf":{"@id":"https:\/\/apuntesdesanluis.com\/index.php\/2024\/06\/28\/la-5a-fecha-del-rally-argentino-sera-en-san-luis\/"},"author":{"name":"apuntesdesanluis.com","@id":"https:\/\/apuntesdesanluis.com\/#\/schema\/person\/b55151d52296fcce64d1a72538a70b90"},"headline":"LA 5\u00aa FECHA DEL RALLY ARGENTINO SER\u00c1 EN SAN LUIS","datePublished":"2024-06-29T02:50:54+00:00","mainEntityOfPage":{"@id":"https:\/\/apuntesdesanluis.com\/index.php\/2024\/06\/28\/la-5a-fecha-del-rally-argentino-sera-en-san-luis\/"},"wordCount":321,"publisher":{"@id":"https:\/\/apuntesdesanluis.com\/#\/schema\/person\/b55151d52296fcce64d1a72538a70b90"},"image":{"@id":"https:\/\/apuntesdesanluis.com\/index.php\/2024\/06\/28\/la-5a-fecha-del-rally-argentino-sera-en-san-luis\/#primaryimage"},"thumbnailUrl":"https:\/\/apuntesdesanluis.com\/wp-content\/uploads\/2024\/06\/RALLY.png","articleSection":["Ciudad\/Provincia","Deportes"],"inLanguage":"es-AR"},{"@type":"WebPage","@id":"https:\/\/apuntesdesanluis.com\/index.php\/2024\/06\/28\/la-5a-fecha-del-rally-argentino-sera-en-san-luis\/","url":"https:\/\/apuntesdesanluis.com\/index.php\/2024\/06\/28\/la-5a-fecha-del-rally-argentino-sera-en-san-luis\/","name":"LA 5\u00aa FECHA DEL RALLY ARGENTINO SER\u00c1 EN SAN LUIS - Apuntes de San Luis","isPartOf":{"@id":"https:\/\/apuntesdesanluis.com\/#website"},"primaryImageOfPage":{"@id":"https:\/\/apuntesdesanluis.com\/index.php\/2024\/06\/28\/la-5a-fecha-del-rally-argentino-sera-en-san-luis\/#primaryimage"},"image":{"@id":"https:\/\/apuntesdesanluis.com\/index.php\/2024\/06\/28\/la-5a-fecha-del-rally-argentino-sera-en-san-luis\/#primaryimage"},"thumbnailUrl":"https:\/\/apuntesdesanluis.com\/wp-content\/uploads\/2024\/06\/RALLY.png","datePublished":"2024-06-29T02:50:54+00:00","breadcrumb":{"@id":"https:\/\/apuntesdesanluis.com\/index.php\/2024\/06\/28\/la-5a-fecha-del-rally-argentino-sera-en-san-luis\/#breadcrumb"},"inLanguage":"es-AR","potentialAction":[{"@type":"ReadAction","target":["https:\/\/apuntesdesanluis.com\/index.php\/2024\/06\/28\/la-5a-fecha-del-rally-argentino-sera-en-san-luis\/"]}]},{"@type":"ImageObject","inLanguage":"es-AR","@id":"https:\/\/apuntesdesanluis.com\/index.php\/2024\/06\/28\/la-5a-fecha-del-rally-argentino-sera-en-san-luis\/#primaryimage","url":"https:\/\/apuntesdesanluis.com\/wp-content\/uploads\/2024\/06\/RALLY.png","contentUrl":"https:\/\/apuntesdesanluis.com\/wp-content\/uploads\/2024\/06\/RALLY.png","width":681,"height":385},{"@type":"BreadcrumbList","@id":"https:\/\/apuntesdesanluis.com\/index.php\/2024\/06\/28\/la-5a-fecha-del-rally-argentino-sera-en-san-luis\/#breadcrumb","itemListElement":[{"@type":"ListItem","position":1,"name":"Inicio","item":"https:\/\/apuntesdesanluis.com\/"},{"@type":"ListItem","position":2,"name":"LA 5\u00aa FECHA DEL RALLY ARGENTINO SER\u00c1 EN SAN LUIS"}]},{"@type":"WebSite","@id":"https:\/\/apuntesdesanluis.com\/#website","url":"https:\/\/apuntesdesanluis.com\/","name":"Apuntes de San Luis","description":"","publisher":{"@id":"https:\/\/apuntesdesanluis.com\/#\/schema\/person\/b55151d52296fcce64d1a72538a70b90"},"potentialAction":[{"@type":"SearchAction","target":{"@type":"EntryPoint","urlTemplate":"https:\/\/apuntesdesanluis.com\/?s={search_term_string}"},"query-input":{"@type":"PropertyValueSpecification","valueRequired":true,"valueName":"search_term_string"}}],"inLanguage":"es-AR"},{"@type":["Person","Organization"],"@id":"https:\/\/apuntesdesanluis.com\/#\/schema\/person\/b55151d52296fcce64d1a72538a70b90","name":"apuntesdesanluis.com","image":{"@type":"ImageObject","inLanguage":"es-AR","@id":"https:\/\/apuntesdesanluis.com\/#\/schema\/person\/image\/","url":"https:\/\/apuntesdesanluis.com\/wp-content\/uploads\/2023\/07\/cropped-apuntesdesanluis.png","contentUrl":"https:\/\/apuntesdesanluis.com\/wp-content\/uploads\/2023\/07\/cropped-apuntesdesanluis.png","width":450,"height":112,"caption":"apuntesdesanluis.com"},"logo":{"@id":"https:\/\/apuntesdesanluis.com\/#\/schema\/person\/image\/"},"sameAs":["https:\/\/apuntesdesanluis.com"],"url":"https:\/\/apuntesdesanluis.com\/index.php\/author\/apuntesdesanluis-com\/"}]}},"featured_image_urls":{"full":["https:\/\/apuntesdesanluis.com\/wp-content\/uploads\/2024\/06\/RALLY.png",681,385,false],"thumbnail":["https:\/\/apuntesdesanluis.com\/wp-content\/uploads\/2024\/06\/RALLY-150x150.png",150,150,true],"medium":["https:\/\/apuntesdesanluis.com\/wp-content\/uploads\/2024\/06\/RALLY-300x170.png",300,170,true],"medium_large":["https:\/\/apuntesdesanluis.com\/wp-content\/uploads\/2024\/06\/RALLY.png",640,362,false],"large":["https:\/\/apuntesdesanluis.com\/wp-content\/uploads\/2024\/06\/RALLY.png",640,362,false],"1536x1536":["https:\/\/apuntesdesanluis.com\/wp-content\/uploads\/2024\/06\/RALLY.png",681,385,false],"2048x2048":["https:\/\/apuntesdesanluis.com\/wp-content\/uploads\/2024\/06\/RALLY.png",681,385,false],"newsever-slider-full":["https:\/\/apuntesdesanluis.com\/wp-content\/uploads\/2024\/06\/RALLY.png",681,385,false],"newsever-featured":["https:\/\/apuntesdesanluis.com\/wp-content\/uploads\/2024\/06\/RALLY.png",681,385,false],"newsever-medium":["https:\/\/apuntesdesanluis.com\/wp-content\/uploads\/2024\/06\/RALLY.png",681,385,false]},"author_info":{"display_name":"apuntesdesanluis.com","author_link":"https:\/\/apuntesdesanluis.com\/index.php\/author\/apuntesdesanluis-com\/"},"category_info":"<a href=\"https:\/\/apuntesdesanluis.com\/index.php\/category\/ciudad-provincia\/\" rel=\"category tag\">Ciudad\/Provincia<\/a> <a href=\"https:\/\/apuntesdesanluis.com\/index.php\/category\/deportes\/\" rel=\"category tag\">Deportes<\/a>","tag_info":"Deportes","comment_count":"0","_links":{"self":[{"href":"https:\/\/apuntesdesanluis.com\/index.php\/wp-json\/wp\/v2\/posts\/18567","targetHints":{"allow":["GET"]}}],"collection":[{"href":"https:\/\/apuntesdesanluis.com\/index.php\/wp-json\/wp\/v2\/posts"}],"about":[{"href":"https:\/\/apuntesdesanluis.com\/index.php\/wp-json\/wp\/v2\/types\/post"}],"author":[{"embeddable":true,"href":"https:\/\/apuntesdesanluis.com\/index.php\/wp-json\/wp\/v2\/users\/1"}],"replies":[{"embeddable":true,"href":"https:\/\/apuntesdesanluis.com\/index.php\/wp-json\/wp\/v2\/comments?post=18567"}],"version-history":[{"count":1,"href":"https:\/\/apuntesdesanluis.com\/index.php\/wp-json\/wp\/v2\/posts\/18567\/revisions"}],"predecessor-version":[{"id":18569,"href":"https:\/\/apuntesdesanluis.com\/index.php\/wp-json\/wp\/v2\/posts\/18567\/revisions\/18569"}],"wp:featuredmedia":[{"embeddable":true,"href":"https:\/\/apuntesdesanluis.com\/index.php\/wp-json\/wp\/v2\/media\/18568"}],"wp:attachment":[{"href":"https:\/\/apuntesdesanluis.com\/index.php\/wp-json\/wp\/v2\/media?parent=18567"}],"wp:term":[{"taxonomy":"category","embeddable":true,"href":"https:\/\/apuntesdesanluis.com\/index.php\/wp-json\/wp\/v2\/categories?post=18567"},{"taxonomy":"post_tag","embeddable":true,"href":"https:\/\/apuntesdesanluis.com\/index.php\/wp-json\/wp\/v2\/tags?post=18567"}],"curies":[{"name":"wp","href":"https:\/\/api.w.org\/{rel}","templated":true}]}}