{"id":18572,"date":"2024-06-29T09:57:01","date_gmt":"2024-06-29T12:57:01","guid":{"rendered":"https:\/\/apuntesdesanluis.com\/?p=18572"},"modified":"2024-06-29T09:57:01","modified_gmt":"2024-06-29T12:57:01","slug":"biden-reconoce-la-edad-y-el-mal-desempeno-en-el-debate-pero-promete-vencer-a-trump","status":"publish","type":"post","link":"https:\/\/apuntesdesanluis.com\/index.php\/2024\/06\/29\/biden-reconoce-la-edad-y-el-mal-desempeno-en-el-debate-pero-promete-vencer-a-trump\/","title":{"rendered":"BIDEN RECONOCE LA EDAD Y EL MAL DESEMPE\u00d1O EN EL DEBATE, PERO PROMETE VENCER A TRUMP"},"content":{"rendered":"<h3>El presidente <strong>Joe Biden<\/strong> dijo este viernes que ten\u00eda la intenci\u00f3n de derrotar a su rival republicano Donald Trump en las elecciones presidenciales de noviembre, sin dar se\u00f1ales de que considerar\u00eda retirarse de la carrera despu\u00e9s de un d\u00e9bil desempe\u00f1o en el debate que constern\u00f3 a sus compa\u00f1eros dem\u00f3cratas.<\/h3>\n<h3>&#8220;S\u00e9 que no soy un hombre joven, para decir lo obvio&#8221;, dijo un entusiasta Biden en un mitin un d\u00eda despu\u00e9s del enfrentamiento cara a cara con su rival republicano, que fue ampliamente visto como una derrota para el presidente de 81 a\u00f1os.<\/h3>\n<h3>&#8220;No camino tan f\u00e1cil como antes, no hablo tan bien como antes, no debato tan bien como antes&#8221;, dijo, mientras la multitud coreaba &#8220;cuatro a\u00f1os m\u00e1s&#8221;.<\/h3>\n<h3>&#8220;No volver\u00eda a postularme si no creyera con todo mi coraz\u00f3n y alma que puedo hacer este trabajo. Hay demasiado en juego&#8221;, dijo Biden.<\/h3>\n<h3>Los tropiezos verbales de Biden y las respuestas ocasionalmente serpenteantes en el debate aumentaron las preocupaciones de los votantes de que podr\u00eda no ser apto para cumplir otro mandato de cuatro a\u00f1os y llevaron a algunos de sus compa\u00f1eros dem\u00f3cratas a preguntarse si podr\u00edan reemplazarlo como su candidato para las elecciones estadounidenses del 5 de noviembre.<\/h3>\n<h3>El portavoz de la campa\u00f1a, Michael Tyler, dijo que no se estaban llevando a cabo conversaciones sobre esa posibilidad. &#8220;Preferimos tener una mala noche que un candidato con una mala visi\u00f3n de hacia d\u00f3nde quiere llevar al pa\u00eds&#8221;, dijo a los periodistas a bordo del Air Force One.La campa\u00f1a celebr\u00f3 una reuni\u00f3n de &#8220;manos a la obra&#8221; el viernes por la tarde para asegurar a los empleados que Biden no se retirar\u00eda de la carrera, seg\u00fan dos personas familiarizadas con la reuni\u00f3n.<\/h3>\n<h3>Aunque Trump, de 78 a\u00f1os, present\u00f3 una serie de falsedades a lo largo del debate, la atenci\u00f3n se centr\u00f3 despu\u00e9s en Biden, especialmente entre los dem\u00f3cratas.<\/h3>\n<h3>Hakeem Jeffries, l\u00edder del Partido Dem\u00f3crata en la C\u00e1mara de Representantes de Estados Unidos, evit\u00f3 responder directamente cuando se le pregunt\u00f3 si todav\u00eda ten\u00eda fe en la candidatura de Biden.&#8221;Apoyo el boleto. Apoyo a la mayor\u00eda dem\u00f3crata del Senado. Vamos a hacer todo lo posible para recuperar la C\u00e1mara de Representantes en noviembre. Gracias a todos&#8221;, dijo a los periodistas.Algunos otros dem\u00f3cratas tambi\u00e9n objetaron cuando se les pregunt\u00f3 si Biden deber\u00eda permanecer en la carrera.<\/h3>\n<h3>&#8220;Esa es la decisi\u00f3n del presidente&#8221;, dijo el senador dem\u00f3crata Jack Reed a una estaci\u00f3n de televisi\u00f3n local en Rhode Island.Pero varias de las figuras m\u00e1s importantes del partido, incluidos los expresidentes Bill Clinton y Barack Obama, dijeron que se quedar\u00edan con Biden.<\/h3>\n<h3>&#8220;Las malas noches de debate ocurren. Cr\u00e9eme, lo s\u00e9. Pero esta elecci\u00f3n sigue siendo una elecci\u00f3n entre alguien que ha luchado por la gente com\u00fan toda su vida y alguien que solo se preocupa por s\u00ed mismo&#8221;, escribi\u00f3 el expresidente dem\u00f3crata Barack Obama en X.<\/h3>\n<h3>El consejo editorial del New York Times, que respald\u00f3 a Biden en 2020, le pidi\u00f3 que se retirara de la carrera para darle al Partido Dem\u00f3crata una mejor oportunidad de vencer a Trump eligiendo otro candidato. &#8220;El mayor servicio p\u00fablico que el Sr. Biden puede realizar ahora es anunciar que no continuar\u00e1 postul\u00e1ndose para la reelecci\u00f3n&#8221;, dijo el editorial.<\/h3>\n<p>&nbsp;<\/p>\n<p>&nbsp;<\/p>\n<p>&nbsp;<\/p>\n<p>&nbsp;<\/p>\n<p>&nbsp;<\/p>\n<p>&nbsp;<\/p>\n","protected":false},"excerpt":{"rendered":"<p>El presidente Joe Biden dijo este viernes que ten\u00eda la intenci\u00f3n de derrotar a su&#8230;<\/p>\n","protected":false},"author":1,"featured_media":18573,"comment_status":"closed","ping_status":"closed","sticky":false,"template":"","format":"standard","meta":{"footnotes":""},"categories":[5],"tags":[],"class_list":["post-18572","post","type-post","status-publish","format-standard","has-post-thumbnail","hentry","category-nacionales-internacionales"],"yoast_head":"<!-- This site is optimized with the Yoast SEO plugin v26.1.1 - https:\/\/yoast.com\/wordpress\/plugins\/seo\/ -->\n<title>BIDEN RECONOCE LA EDAD Y EL MAL DESEMPE\u00d1O EN EL DEBATE, PERO PROMETE VENCER A TRUMP - Apuntes de San Luis<\/title>\n<meta name=\"robots\" content=\"index, follow, max-snippet:-1, max-image-preview:large, max-video-preview:-1\" \/>\n<link rel=\"canonical\" href=\"https:\/\/apuntesdesanluis.com\/index.php\/2024\/06\/29\/biden-reconoce-la-edad-y-el-mal-desempeno-en-el-debate-pero-promete-vencer-a-trump\/\" \/>\n<meta property=\"og:locale\" content=\"es_ES\" \/>\n<meta property=\"og:type\" content=\"article\" \/>\n<meta property=\"og:title\" content=\"BIDEN RECONOCE LA EDAD Y EL MAL DESEMPE\u00d1O EN EL DEBATE, PERO PROMETE VENCER A TRUMP - Apuntes de San Luis\" \/>\n<meta property=\"og:description\" content=\"El presidente Joe Biden dijo este viernes que ten\u00eda la intenci\u00f3n de derrotar a su...\" \/>\n<meta property=\"og:url\" content=\"https:\/\/apuntesdesanluis.com\/index.php\/2024\/06\/29\/biden-reconoce-la-edad-y-el-mal-desempeno-en-el-debate-pero-promete-vencer-a-trump\/\" \/>\n<meta property=\"og:site_name\" content=\"Apuntes de San Luis\" \/>\n<meta property=\"article:published_time\" content=\"2024-06-29T12:57:01+00:00\" \/>\n<meta property=\"og:image\" content=\"https:\/\/apuntesdesanluis.com\/wp-content\/uploads\/2024\/06\/BIDEN.png\" \/>\n\t<meta property=\"og:image:width\" content=\"685\" \/>\n\t<meta property=\"og:image:height\" content=\"434\" \/>\n\t<meta property=\"og:image:type\" content=\"image\/png\" \/>\n<meta name=\"author\" content=\"apuntesdesanluis.com\" \/>\n<meta name=\"twitter:card\" content=\"summary_large_image\" \/>\n<meta name=\"twitter:label1\" content=\"Escrito por\" \/>\n\t<meta name=\"twitter:data1\" content=\"apuntesdesanluis.com\" \/>\n\t<meta name=\"twitter:label2\" content=\"Tiempo de lectura\" \/>\n\t<meta name=\"twitter:data2\" content=\"3 minutos\" \/>\n<script type=\"application\/ld+json\" class=\"yoast-schema-graph\">{\"@context\":\"https:\/\/schema.org\",\"@graph\":[{\"@type\":\"Article\",\"@id\":\"https:\/\/apuntesdesanluis.com\/index.php\/2024\/06\/29\/biden-reconoce-la-edad-y-el-mal-desempeno-en-el-debate-pero-promete-vencer-a-trump\/#article\",\"isPartOf\":{\"@id\":\"https:\/\/apuntesdesanluis.com\/index.php\/2024\/06\/29\/biden-reconoce-la-edad-y-el-mal-desempeno-en-el-debate-pero-promete-vencer-a-trump\/\"},\"author\":{\"name\":\"apuntesdesanluis.com\",\"@id\":\"https:\/\/apuntesdesanluis.com\/#\/schema\/person\/b55151d52296fcce64d1a72538a70b90\"},\"headline\":\"BIDEN RECONOCE LA EDAD Y EL MAL DESEMPE\u00d1O EN EL DEBATE, PERO PROMETE VENCER A TRUMP\",\"datePublished\":\"2024-06-29T12:57:01+00:00\",\"mainEntityOfPage\":{\"@id\":\"https:\/\/apuntesdesanluis.com\/index.php\/2024\/06\/29\/biden-reconoce-la-edad-y-el-mal-desempeno-en-el-debate-pero-promete-vencer-a-trump\/\"},\"wordCount\":612,\"publisher\":{\"@id\":\"https:\/\/apuntesdesanluis.com\/#\/schema\/person\/b55151d52296fcce64d1a72538a70b90\"},\"image\":{\"@id\":\"https:\/\/apuntesdesanluis.com\/index.php\/2024\/06\/29\/biden-reconoce-la-edad-y-el-mal-desempeno-en-el-debate-pero-promete-vencer-a-trump\/#primaryimage\"},\"thumbnailUrl\":\"https:\/\/apuntesdesanluis.com\/wp-content\/uploads\/2024\/06\/BIDEN.png\",\"articleSection\":[\"Nacionales\/Internacionales\"],\"inLanguage\":\"es-AR\"},{\"@type\":\"WebPage\",\"@id\":\"https:\/\/apuntesdesanluis.com\/index.php\/2024\/06\/29\/biden-reconoce-la-edad-y-el-mal-desempeno-en-el-debate-pero-promete-vencer-a-trump\/\",\"url\":\"https:\/\/apuntesdesanluis.com\/index.php\/2024\/06\/29\/biden-reconoce-la-edad-y-el-mal-desempeno-en-el-debate-pero-promete-vencer-a-trump\/\",\"name\":\"BIDEN RECONOCE LA EDAD Y EL MAL DESEMPE\u00d1O EN EL DEBATE, PERO PROMETE VENCER A TRUMP - Apuntes de San Luis\",\"isPartOf\":{\"@id\":\"https:\/\/apuntesdesanluis.com\/#website\"},\"primaryImageOfPage\":{\"@id\":\"https:\/\/apuntesdesanluis.com\/index.php\/2024\/06\/29\/biden-reconoce-la-edad-y-el-mal-desempeno-en-el-debate-pero-promete-vencer-a-trump\/#primaryimage\"},\"image\":{\"@id\":\"https:\/\/apuntesdesanluis.com\/index.php\/2024\/06\/29\/biden-reconoce-la-edad-y-el-mal-desempeno-en-el-debate-pero-promete-vencer-a-trump\/#primaryimage\"},\"thumbnailUrl\":\"https:\/\/apuntesdesanluis.com\/wp-content\/uploads\/2024\/06\/BIDEN.png\",\"datePublished\":\"2024-06-29T12:57:01+00:00\",\"breadcrumb\":{\"@id\":\"https:\/\/apuntesdesanluis.com\/index.php\/2024\/06\/29\/biden-reconoce-la-edad-y-el-mal-desempeno-en-el-debate-pero-promete-vencer-a-trump\/#breadcrumb\"},\"inLanguage\":\"es-AR\",\"potentialAction\":[{\"@type\":\"ReadAction\",\"target\":[\"https:\/\/apuntesdesanluis.com\/index.php\/2024\/06\/29\/biden-reconoce-la-edad-y-el-mal-desempeno-en-el-debate-pero-promete-vencer-a-trump\/\"]}]},{\"@type\":\"ImageObject\",\"inLanguage\":\"es-AR\",\"@id\":\"https:\/\/apuntesdesanluis.com\/index.php\/2024\/06\/29\/biden-reconoce-la-edad-y-el-mal-desempeno-en-el-debate-pero-promete-vencer-a-trump\/#primaryimage\",\"url\":\"https:\/\/apuntesdesanluis.com\/wp-content\/uploads\/2024\/06\/BIDEN.png\",\"contentUrl\":\"https:\/\/apuntesdesanluis.com\/wp-content\/uploads\/2024\/06\/BIDEN.png\",\"width\":685,\"height\":434},{\"@type\":\"BreadcrumbList\",\"@id\":\"https:\/\/apuntesdesanluis.com\/index.php\/2024\/06\/29\/biden-reconoce-la-edad-y-el-mal-desempeno-en-el-debate-pero-promete-vencer-a-trump\/#breadcrumb\",\"itemListElement\":[{\"@type\":\"ListItem\",\"position\":1,\"name\":\"Inicio\",\"item\":\"https:\/\/apuntesdesanluis.com\/\"},{\"@type\":\"ListItem\",\"position\":2,\"name\":\"BIDEN RECONOCE LA EDAD Y EL MAL DESEMPE\u00d1O EN EL DEBATE, PERO PROMETE VENCER A TRUMP\"}]},{\"@type\":\"WebSite\",\"@id\":\"https:\/\/apuntesdesanluis.com\/#website\",\"url\":\"https:\/\/apuntesdesanluis.com\/\",\"name\":\"Apuntes de San Luis\",\"description\":\"\",\"publisher\":{\"@id\":\"https:\/\/apuntesdesanluis.com\/#\/schema\/person\/b55151d52296fcce64d1a72538a70b90\"},\"potentialAction\":[{\"@type\":\"SearchAction\",\"target\":{\"@type\":\"EntryPoint\",\"urlTemplate\":\"https:\/\/apuntesdesanluis.com\/?s={search_term_string}\"},\"query-input\":{\"@type\":\"PropertyValueSpecification\",\"valueRequired\":true,\"valueName\":\"search_term_string\"}}],\"inLanguage\":\"es-AR\"},{\"@type\":[\"Person\",\"Organization\"],\"@id\":\"https:\/\/apuntesdesanluis.com\/#\/schema\/person\/b55151d52296fcce64d1a72538a70b90\",\"name\":\"apuntesdesanluis.com\",\"image\":{\"@type\":\"ImageObject\",\"inLanguage\":\"es-AR\",\"@id\":\"https:\/\/apuntesdesanluis.com\/#\/schema\/person\/image\/\",\"url\":\"https:\/\/apuntesdesanluis.com\/wp-content\/uploads\/2023\/07\/cropped-apuntesdesanluis.png\",\"contentUrl\":\"https:\/\/apuntesdesanluis.com\/wp-content\/uploads\/2023\/07\/cropped-apuntesdesanluis.png\",\"width\":450,\"height\":112,\"caption\":\"apuntesdesanluis.com\"},\"logo\":{\"@id\":\"https:\/\/apuntesdesanluis.com\/#\/schema\/person\/image\/\"},\"sameAs\":[\"https:\/\/apuntesdesanluis.com\"],\"url\":\"https:\/\/apuntesdesanluis.com\/index.php\/author\/apuntesdesanluis-com\/\"}]}<\/script>\n<!-- \/ Yoast SEO plugin. -->","yoast_head_json":{"title":"BIDEN RECONOCE LA EDAD Y EL MAL DESEMPE\u00d1O EN EL DEBATE, PERO PROMETE VENCER A TRUMP - Apuntes de San Luis","robots":{"index":"index","follow":"follow","max-snippet":"max-snippet:-1","max-image-preview":"max-image-preview:large","max-video-preview":"max-video-preview:-1"},"canonical":"https:\/\/apuntesdesanluis.com\/index.php\/2024\/06\/29\/biden-reconoce-la-edad-y-el-mal-desempeno-en-el-debate-pero-promete-vencer-a-trump\/","og_locale":"es_ES","og_type":"article","og_title":"BIDEN RECONOCE LA EDAD Y EL MAL DESEMPE\u00d1O EN EL DEBATE, PERO PROMETE VENCER A TRUMP - Apuntes de San Luis","og_description":"El presidente Joe Biden dijo este viernes que ten\u00eda la intenci\u00f3n de derrotar a su...","og_url":"https:\/\/apuntesdesanluis.com\/index.php\/2024\/06\/29\/biden-reconoce-la-edad-y-el-mal-desempeno-en-el-debate-pero-promete-vencer-a-trump\/","og_site_name":"Apuntes de San Luis","article_published_time":"2024-06-29T12:57:01+00:00","og_image":[{"width":685,"height":434,"url":"https:\/\/apuntesdesanluis.com\/wp-content\/uploads\/2024\/06\/BIDEN.png","type":"image\/png"}],"author":"apuntesdesanluis.com","twitter_card":"summary_large_image","twitter_misc":{"Escrito por":"apuntesdesanluis.com","Tiempo de lectura":"3 minutos"},"schema":{"@context":"https:\/\/schema.org","@graph":[{"@type":"Article","@id":"https:\/\/apuntesdesanluis.com\/index.php\/2024\/06\/29\/biden-reconoce-la-edad-y-el-mal-desempeno-en-el-debate-pero-promete-vencer-a-trump\/#article","isPartOf":{"@id":"https:\/\/apuntesdesanluis.com\/index.php\/2024\/06\/29\/biden-reconoce-la-edad-y-el-mal-desempeno-en-el-debate-pero-promete-vencer-a-trump\/"},"author":{"name":"apuntesdesanluis.com","@id":"https:\/\/apuntesdesanluis.com\/#\/schema\/person\/b55151d52296fcce64d1a72538a70b90"},"headline":"BIDEN RECONOCE LA EDAD Y EL MAL DESEMPE\u00d1O EN EL DEBATE, PERO PROMETE VENCER A TRUMP","datePublished":"2024-06-29T12:57:01+00:00","mainEntityOfPage":{"@id":"https:\/\/apuntesdesanluis.com\/index.php\/2024\/06\/29\/biden-reconoce-la-edad-y-el-mal-desempeno-en-el-debate-pero-promete-vencer-a-trump\/"},"wordCount":612,"publisher":{"@id":"https:\/\/apuntesdesanluis.com\/#\/schema\/person\/b55151d52296fcce64d1a72538a70b90"},"image":{"@id":"https:\/\/apuntesdesanluis.com\/index.php\/2024\/06\/29\/biden-reconoce-la-edad-y-el-mal-desempeno-en-el-debate-pero-promete-vencer-a-trump\/#primaryimage"},"thumbnailUrl":"https:\/\/apuntesdesanluis.com\/wp-content\/uploads\/2024\/06\/BIDEN.png","articleSection":["Nacionales\/Internacionales"],"inLanguage":"es-AR"},{"@type":"WebPage","@id":"https:\/\/apuntesdesanluis.com\/index.php\/2024\/06\/29\/biden-reconoce-la-edad-y-el-mal-desempeno-en-el-debate-pero-promete-vencer-a-trump\/","url":"https:\/\/apuntesdesanluis.com\/index.php\/2024\/06\/29\/biden-reconoce-la-edad-y-el-mal-desempeno-en-el-debate-pero-promete-vencer-a-trump\/","name":"BIDEN RECONOCE LA EDAD Y EL MAL DESEMPE\u00d1O EN EL DEBATE, PERO PROMETE VENCER A TRUMP - Apuntes de San Luis","isPartOf":{"@id":"https:\/\/apuntesdesanluis.com\/#website"},"primaryImageOfPage":{"@id":"https:\/\/apuntesdesanluis.com\/index.php\/2024\/06\/29\/biden-reconoce-la-edad-y-el-mal-desempeno-en-el-debate-pero-promete-vencer-a-trump\/#primaryimage"},"image":{"@id":"https:\/\/apuntesdesanluis.com\/index.php\/2024\/06\/29\/biden-reconoce-la-edad-y-el-mal-desempeno-en-el-debate-pero-promete-vencer-a-trump\/#primaryimage"},"thumbnailUrl":"https:\/\/apuntesdesanluis.com\/wp-content\/uploads\/2024\/06\/BIDEN.png","datePublished":"2024-06-29T12:57:01+00:00","breadcrumb":{"@id":"https:\/\/apuntesdesanluis.com\/index.php\/2024\/06\/29\/biden-reconoce-la-edad-y-el-mal-desempeno-en-el-debate-pero-promete-vencer-a-trump\/#breadcrumb"},"inLanguage":"es-AR","potentialAction":[{"@type":"ReadAction","target":["https:\/\/apuntesdesanluis.com\/index.php\/2024\/06\/29\/biden-reconoce-la-edad-y-el-mal-desempeno-en-el-debate-pero-promete-vencer-a-trump\/"]}]},{"@type":"ImageObject","inLanguage":"es-AR","@id":"https:\/\/apuntesdesanluis.com\/index.php\/2024\/06\/29\/biden-reconoce-la-edad-y-el-mal-desempeno-en-el-debate-pero-promete-vencer-a-trump\/#primaryimage","url":"https:\/\/apuntesdesanluis.com\/wp-content\/uploads\/2024\/06\/BIDEN.png","contentUrl":"https:\/\/apuntesdesanluis.com\/wp-content\/uploads\/2024\/06\/BIDEN.png","width":685,"height":434},{"@type":"BreadcrumbList","@id":"https:\/\/apuntesdesanluis.com\/index.php\/2024\/06\/29\/biden-reconoce-la-edad-y-el-mal-desempeno-en-el-debate-pero-promete-vencer-a-trump\/#breadcrumb","itemListElement":[{"@type":"ListItem","position":1,"name":"Inicio","item":"https:\/\/apuntesdesanluis.com\/"},{"@type":"ListItem","position":2,"name":"BIDEN RECONOCE LA EDAD Y EL MAL DESEMPE\u00d1O EN EL DEBATE, PERO PROMETE VENCER A TRUMP"}]},{"@type":"WebSite","@id":"https:\/\/apuntesdesanluis.com\/#website","url":"https:\/\/apuntesdesanluis.com\/","name":"Apuntes de San Luis","description":"","publisher":{"@id":"https:\/\/apuntesdesanluis.com\/#\/schema\/person\/b55151d52296fcce64d1a72538a70b90"},"potentialAction":[{"@type":"SearchAction","target":{"@type":"EntryPoint","urlTemplate":"https:\/\/apuntesdesanluis.com\/?s={search_term_string}"},"query-input":{"@type":"PropertyValueSpecification","valueRequired":true,"valueName":"search_term_string"}}],"inLanguage":"es-AR"},{"@type":["Person","Organization"],"@id":"https:\/\/apuntesdesanluis.com\/#\/schema\/person\/b55151d52296fcce64d1a72538a70b90","name":"apuntesdesanluis.com","image":{"@type":"ImageObject","inLanguage":"es-AR","@id":"https:\/\/apuntesdesanluis.com\/#\/schema\/person\/image\/","url":"https:\/\/apuntesdesanluis.com\/wp-content\/uploads\/2023\/07\/cropped-apuntesdesanluis.png","contentUrl":"https:\/\/apuntesdesanluis.com\/wp-content\/uploads\/2023\/07\/cropped-apuntesdesanluis.png","width":450,"height":112,"caption":"apuntesdesanluis.com"},"logo":{"@id":"https:\/\/apuntesdesanluis.com\/#\/schema\/person\/image\/"},"sameAs":["https:\/\/apuntesdesanluis.com"],"url":"https:\/\/apuntesdesanluis.com\/index.php\/author\/apuntesdesanluis-com\/"}]}},"featured_image_urls":{"full":["https:\/\/apuntesdesanluis.com\/wp-content\/uploads\/2024\/06\/BIDEN.png",685,434,false],"thumbnail":["https:\/\/apuntesdesanluis.com\/wp-content\/uploads\/2024\/06\/BIDEN-150x150.png",150,150,true],"medium":["https:\/\/apuntesdesanluis.com\/wp-content\/uploads\/2024\/06\/BIDEN-300x190.png",300,190,true],"medium_large":["https:\/\/apuntesdesanluis.com\/wp-content\/uploads\/2024\/06\/BIDEN.png",640,405,false],"large":["https:\/\/apuntesdesanluis.com\/wp-content\/uploads\/2024\/06\/BIDEN.png",640,405,false],"1536x1536":["https:\/\/apuntesdesanluis.com\/wp-content\/uploads\/2024\/06\/BIDEN.png",685,434,false],"2048x2048":["https:\/\/apuntesdesanluis.com\/wp-content\/uploads\/2024\/06\/BIDEN.png",685,434,false],"newsever-slider-full":["https:\/\/apuntesdesanluis.com\/wp-content\/uploads\/2024\/06\/BIDEN.png",685,434,false],"newsever-featured":["https:\/\/apuntesdesanluis.com\/wp-content\/uploads\/2024\/06\/BIDEN.png",685,434,false],"newsever-medium":["https:\/\/apuntesdesanluis.com\/wp-content\/uploads\/2024\/06\/BIDEN.png",685,434,false]},"author_info":{"display_name":"apuntesdesanluis.com","author_link":"https:\/\/apuntesdesanluis.com\/index.php\/author\/apuntesdesanluis-com\/"},"category_info":"<a href=\"https:\/\/apuntesdesanluis.com\/index.php\/category\/nacionales-internacionales\/\" rel=\"category tag\">Nacionales\/Internacionales<\/a>","tag_info":"Nacionales\/Internacionales","comment_count":"0","_links":{"self":[{"href":"https:\/\/apuntesdesanluis.com\/index.php\/wp-json\/wp\/v2\/posts\/18572","targetHints":{"allow":["GET"]}}],"collection":[{"href":"https:\/\/apuntesdesanluis.com\/index.php\/wp-json\/wp\/v2\/posts"}],"about":[{"href":"https:\/\/apuntesdesanluis.com\/index.php\/wp-json\/wp\/v2\/types\/post"}],"author":[{"embeddable":true,"href":"https:\/\/apuntesdesanluis.com\/index.php\/wp-json\/wp\/v2\/users\/1"}],"replies":[{"embeddable":true,"href":"https:\/\/apuntesdesanluis.com\/index.php\/wp-json\/wp\/v2\/comments?post=18572"}],"version-history":[{"count":1,"href":"https:\/\/apuntesdesanluis.com\/index.php\/wp-json\/wp\/v2\/posts\/18572\/revisions"}],"predecessor-version":[{"id":18574,"href":"https:\/\/apuntesdesanluis.com\/index.php\/wp-json\/wp\/v2\/posts\/18572\/revisions\/18574"}],"wp:featuredmedia":[{"embeddable":true,"href":"https:\/\/apuntesdesanluis.com\/index.php\/wp-json\/wp\/v2\/media\/18573"}],"wp:attachment":[{"href":"https:\/\/apuntesdesanluis.com\/index.php\/wp-json\/wp\/v2\/media?parent=18572"}],"wp:term":[{"taxonomy":"category","embeddable":true,"href":"https:\/\/apuntesdesanluis.com\/index.php\/wp-json\/wp\/v2\/categories?post=18572"},{"taxonomy":"post_tag","embeddable":true,"href":"https:\/\/apuntesdesanluis.com\/index.php\/wp-json\/wp\/v2\/tags?post=18572"}],"curies":[{"name":"wp","href":"https:\/\/api.w.org\/{rel}","templated":true}]}}