{"id":18580,"date":"2024-06-30T21:17:20","date_gmt":"2024-07-01T00:17:20","guid":{"rendered":"https:\/\/apuntesdesanluis.com\/?p=18580"},"modified":"2024-06-30T21:17:20","modified_gmt":"2024-07-01T00:17:20","slug":"milei-estara-ausente-en-la-cumbre-del-mercosur-que-se-realizara-en-paraguay","status":"publish","type":"post","link":"https:\/\/apuntesdesanluis.com\/index.php\/2024\/06\/30\/milei-estara-ausente-en-la-cumbre-del-mercosur-que-se-realizara-en-paraguay\/","title":{"rendered":"MILEI ESTAR\u00c1 AUSENTE EN LA CUMBRE DEL MERCOSUR QUE SE REALIZAR\u00c1 EN PARAGUAY"},"content":{"rendered":"<h3>Uno de los motivos ser\u00eda eludir el encuentro con su par brasile\u00f1o, Lula Da Silva, luego de que el presidente argentino lo llamara \u201ccorrupto\u201d y \u201ccomunista\u201d.<\/h3>\n<h3>El presidente de la Naci\u00f3n, Javier Milei, decidi\u00f3 finalmente no viajar a Paraguay y ausentarse de la Cumbre del Mercosur que se realizar\u00e1 el pr\u00f3ximo 8 de julio en Asunci\u00f3n.<\/h3>\n<h3>Uno de los motivos al que se le adjudica esta determinaci\u00f3n es al cruce que tuvo con su par brasile\u00f1o, d\u00edas atr\u00e1s, luego de que Milei lo llamara \u201ccorrupto\u201d y \u201ccomunista\u201d y que lo ratificara en un programa del canal La Naci\u00f3n +, en respuesta al pedido de disculpas que le exigi\u00f3 Luiz In\u00e1cio \u2018Lula\u2019 Da Silva.<\/h3>\n<h3>\u201c\u00bfQu\u00e9 le dije? \u00bfCorrupto? \u00bfAcaso no fue preso por corrupto? \u00bfY qu\u00e9 le dije? \u00bfComunista? \u00bfAcaso no es comunista? \u00bfDesde cu\u00e1ndo hay que pedir perd\u00f3n por decir la verdad? \u00bfO estamos tan enfermos de correcci\u00f3n pol\u00edtica que a la izquierda no se le puede decir nada, a\u00fan cuando sea verdad?&#8221;, sostuvo Milei.<\/h3>\n<h3>Por su parte, Da Silva manifest\u00f3 que Milei \u201cdijo muchas tonter\u00edas\u201d y que quiere a la Argentina, porque es \u201cun pa\u00eds muy importante para Brasil\u201d. Asimismo, declar\u00f3 que Milei \u201cno va a crear ciza\u00f1a\u201d entre ambas naciones.<\/h3>\n<h3>La cumbre del Mercosur se llevar\u00e1 a cabo en el Puerto de Asunci\u00f3n y tendr\u00e1 una serie de actividades que ir\u00e1n desde el jueves 4 al lunes 8 de julio, momento en que Paraguay entregar\u00e1 a Uruguay la presidencia Pro Tempore, que es el cargo ejercido por los pa\u00edses que la conforman, con un per\u00edodo rotativo de seis meses y en orden alfab\u00e9tico.<\/h3>\n<h3>En la primera jornada se realizar\u00e1 la XLIII Reuni\u00f3n Extraordinaria de la Comisi\u00f3n de Comercio del Mercosur (CCM); los d\u00edas siguientes, 5 y 6 de julio, est\u00e1 prevista la LXII Reuni\u00f3n Extraordinaria del Grupo Mercado Com\u00fan del Mercosur; y el lunes lunes 8, la actividad culmina con el encuentro de Jefes de Estado del Mercosur y Estados Asociados, en el Puerto de Asunci\u00f3n, uno de los m\u00e1s representativos del pa\u00eds lim\u00edtrofe.<\/h3>\n<p>&nbsp;<\/p>\n<p>&nbsp;<\/p>\n<p>&nbsp;<\/p>\n<p>&nbsp;<\/p>\n<p>&nbsp;<\/p>\n<p>&nbsp;<\/p>\n","protected":false},"excerpt":{"rendered":"<p>Uno de los motivos ser\u00eda eludir el encuentro con su par brasile\u00f1o, Lula Da Silva,&#8230;<\/p>\n","protected":false},"author":1,"featured_media":18581,"comment_status":"closed","ping_status":"closed","sticky":false,"template":"","format":"standard","meta":{"footnotes":""},"categories":[5],"tags":[],"class_list":["post-18580","post","type-post","status-publish","format-standard","has-post-thumbnail","hentry","category-nacionales-internacionales"],"yoast_head":"<!-- This site is optimized with the Yoast SEO plugin v26.1.1 - https:\/\/yoast.com\/wordpress\/plugins\/seo\/ -->\n<title>MILEI ESTAR\u00c1 AUSENTE EN LA CUMBRE DEL MERCOSUR QUE SE REALIZAR\u00c1 EN PARAGUAY - Apuntes de San Luis<\/title>\n<meta name=\"robots\" content=\"index, follow, max-snippet:-1, max-image-preview:large, max-video-preview:-1\" \/>\n<link rel=\"canonical\" href=\"https:\/\/apuntesdesanluis.com\/index.php\/2024\/06\/30\/milei-estara-ausente-en-la-cumbre-del-mercosur-que-se-realizara-en-paraguay\/\" \/>\n<meta property=\"og:locale\" content=\"es_ES\" \/>\n<meta property=\"og:type\" content=\"article\" \/>\n<meta property=\"og:title\" content=\"MILEI ESTAR\u00c1 AUSENTE EN LA CUMBRE DEL MERCOSUR QUE SE REALIZAR\u00c1 EN PARAGUAY - Apuntes de San Luis\" \/>\n<meta property=\"og:description\" content=\"Uno de los motivos ser\u00eda eludir el encuentro con su par brasile\u00f1o, Lula Da Silva,...\" \/>\n<meta property=\"og:url\" content=\"https:\/\/apuntesdesanluis.com\/index.php\/2024\/06\/30\/milei-estara-ausente-en-la-cumbre-del-mercosur-que-se-realizara-en-paraguay\/\" \/>\n<meta property=\"og:site_name\" content=\"Apuntes de San Luis\" \/>\n<meta property=\"article:published_time\" content=\"2024-07-01T00:17:20+00:00\" \/>\n<meta property=\"og:image\" content=\"https:\/\/apuntesdesanluis.com\/wp-content\/uploads\/2024\/06\/MILEI-LULA.png\" \/>\n\t<meta property=\"og:image:width\" content=\"700\" \/>\n\t<meta property=\"og:image:height\" content=\"472\" \/>\n\t<meta property=\"og:image:type\" content=\"image\/png\" \/>\n<meta name=\"author\" content=\"apuntesdesanluis.com\" \/>\n<meta name=\"twitter:card\" content=\"summary_large_image\" \/>\n<meta name=\"twitter:label1\" content=\"Escrito por\" \/>\n\t<meta name=\"twitter:data1\" content=\"apuntesdesanluis.com\" \/>\n\t<meta name=\"twitter:label2\" content=\"Tiempo de lectura\" \/>\n\t<meta name=\"twitter:data2\" content=\"2 minutos\" \/>\n<script type=\"application\/ld+json\" class=\"yoast-schema-graph\">{\"@context\":\"https:\/\/schema.org\",\"@graph\":[{\"@type\":\"Article\",\"@id\":\"https:\/\/apuntesdesanluis.com\/index.php\/2024\/06\/30\/milei-estara-ausente-en-la-cumbre-del-mercosur-que-se-realizara-en-paraguay\/#article\",\"isPartOf\":{\"@id\":\"https:\/\/apuntesdesanluis.com\/index.php\/2024\/06\/30\/milei-estara-ausente-en-la-cumbre-del-mercosur-que-se-realizara-en-paraguay\/\"},\"author\":{\"name\":\"apuntesdesanluis.com\",\"@id\":\"https:\/\/apuntesdesanluis.com\/#\/schema\/person\/b55151d52296fcce64d1a72538a70b90\"},\"headline\":\"MILEI ESTAR\u00c1 AUSENTE EN LA CUMBRE DEL MERCOSUR QUE SE REALIZAR\u00c1 EN PARAGUAY\",\"datePublished\":\"2024-07-01T00:17:20+00:00\",\"mainEntityOfPage\":{\"@id\":\"https:\/\/apuntesdesanluis.com\/index.php\/2024\/06\/30\/milei-estara-ausente-en-la-cumbre-del-mercosur-que-se-realizara-en-paraguay\/\"},\"wordCount\":381,\"publisher\":{\"@id\":\"https:\/\/apuntesdesanluis.com\/#\/schema\/person\/b55151d52296fcce64d1a72538a70b90\"},\"image\":{\"@id\":\"https:\/\/apuntesdesanluis.com\/index.php\/2024\/06\/30\/milei-estara-ausente-en-la-cumbre-del-mercosur-que-se-realizara-en-paraguay\/#primaryimage\"},\"thumbnailUrl\":\"https:\/\/apuntesdesanluis.com\/wp-content\/uploads\/2024\/06\/MILEI-LULA.png\",\"articleSection\":[\"Nacionales\/Internacionales\"],\"inLanguage\":\"es-AR\"},{\"@type\":\"WebPage\",\"@id\":\"https:\/\/apuntesdesanluis.com\/index.php\/2024\/06\/30\/milei-estara-ausente-en-la-cumbre-del-mercosur-que-se-realizara-en-paraguay\/\",\"url\":\"https:\/\/apuntesdesanluis.com\/index.php\/2024\/06\/30\/milei-estara-ausente-en-la-cumbre-del-mercosur-que-se-realizara-en-paraguay\/\",\"name\":\"MILEI ESTAR\u00c1 AUSENTE EN LA CUMBRE DEL MERCOSUR QUE SE REALIZAR\u00c1 EN PARAGUAY - Apuntes de San Luis\",\"isPartOf\":{\"@id\":\"https:\/\/apuntesdesanluis.com\/#website\"},\"primaryImageOfPage\":{\"@id\":\"https:\/\/apuntesdesanluis.com\/index.php\/2024\/06\/30\/milei-estara-ausente-en-la-cumbre-del-mercosur-que-se-realizara-en-paraguay\/#primaryimage\"},\"image\":{\"@id\":\"https:\/\/apuntesdesanluis.com\/index.php\/2024\/06\/30\/milei-estara-ausente-en-la-cumbre-del-mercosur-que-se-realizara-en-paraguay\/#primaryimage\"},\"thumbnailUrl\":\"https:\/\/apuntesdesanluis.com\/wp-content\/uploads\/2024\/06\/MILEI-LULA.png\",\"datePublished\":\"2024-07-01T00:17:20+00:00\",\"breadcrumb\":{\"@id\":\"https:\/\/apuntesdesanluis.com\/index.php\/2024\/06\/30\/milei-estara-ausente-en-la-cumbre-del-mercosur-que-se-realizara-en-paraguay\/#breadcrumb\"},\"inLanguage\":\"es-AR\",\"potentialAction\":[{\"@type\":\"ReadAction\",\"target\":[\"https:\/\/apuntesdesanluis.com\/index.php\/2024\/06\/30\/milei-estara-ausente-en-la-cumbre-del-mercosur-que-se-realizara-en-paraguay\/\"]}]},{\"@type\":\"ImageObject\",\"inLanguage\":\"es-AR\",\"@id\":\"https:\/\/apuntesdesanluis.com\/index.php\/2024\/06\/30\/milei-estara-ausente-en-la-cumbre-del-mercosur-que-se-realizara-en-paraguay\/#primaryimage\",\"url\":\"https:\/\/apuntesdesanluis.com\/wp-content\/uploads\/2024\/06\/MILEI-LULA.png\",\"contentUrl\":\"https:\/\/apuntesdesanluis.com\/wp-content\/uploads\/2024\/06\/MILEI-LULA.png\",\"width\":700,\"height\":472},{\"@type\":\"BreadcrumbList\",\"@id\":\"https:\/\/apuntesdesanluis.com\/index.php\/2024\/06\/30\/milei-estara-ausente-en-la-cumbre-del-mercosur-que-se-realizara-en-paraguay\/#breadcrumb\",\"itemListElement\":[{\"@type\":\"ListItem\",\"position\":1,\"name\":\"Inicio\",\"item\":\"https:\/\/apuntesdesanluis.com\/\"},{\"@type\":\"ListItem\",\"position\":2,\"name\":\"MILEI ESTAR\u00c1 AUSENTE EN LA CUMBRE DEL MERCOSUR QUE SE REALIZAR\u00c1 EN PARAGUAY\"}]},{\"@type\":\"WebSite\",\"@id\":\"https:\/\/apuntesdesanluis.com\/#website\",\"url\":\"https:\/\/apuntesdesanluis.com\/\",\"name\":\"Apuntes de San Luis\",\"description\":\"\",\"publisher\":{\"@id\":\"https:\/\/apuntesdesanluis.com\/#\/schema\/person\/b55151d52296fcce64d1a72538a70b90\"},\"potentialAction\":[{\"@type\":\"SearchAction\",\"target\":{\"@type\":\"EntryPoint\",\"urlTemplate\":\"https:\/\/apuntesdesanluis.com\/?s={search_term_string}\"},\"query-input\":{\"@type\":\"PropertyValueSpecification\",\"valueRequired\":true,\"valueName\":\"search_term_string\"}}],\"inLanguage\":\"es-AR\"},{\"@type\":[\"Person\",\"Organization\"],\"@id\":\"https:\/\/apuntesdesanluis.com\/#\/schema\/person\/b55151d52296fcce64d1a72538a70b90\",\"name\":\"apuntesdesanluis.com\",\"image\":{\"@type\":\"ImageObject\",\"inLanguage\":\"es-AR\",\"@id\":\"https:\/\/apuntesdesanluis.com\/#\/schema\/person\/image\/\",\"url\":\"https:\/\/apuntesdesanluis.com\/wp-content\/uploads\/2023\/07\/cropped-apuntesdesanluis.png\",\"contentUrl\":\"https:\/\/apuntesdesanluis.com\/wp-content\/uploads\/2023\/07\/cropped-apuntesdesanluis.png\",\"width\":450,\"height\":112,\"caption\":\"apuntesdesanluis.com\"},\"logo\":{\"@id\":\"https:\/\/apuntesdesanluis.com\/#\/schema\/person\/image\/\"},\"sameAs\":[\"https:\/\/apuntesdesanluis.com\"],\"url\":\"https:\/\/apuntesdesanluis.com\/index.php\/author\/apuntesdesanluis-com\/\"}]}<\/script>\n<!-- \/ Yoast SEO plugin. -->","yoast_head_json":{"title":"MILEI ESTAR\u00c1 AUSENTE EN LA CUMBRE DEL MERCOSUR QUE SE REALIZAR\u00c1 EN PARAGUAY - Apuntes de San Luis","robots":{"index":"index","follow":"follow","max-snippet":"max-snippet:-1","max-image-preview":"max-image-preview:large","max-video-preview":"max-video-preview:-1"},"canonical":"https:\/\/apuntesdesanluis.com\/index.php\/2024\/06\/30\/milei-estara-ausente-en-la-cumbre-del-mercosur-que-se-realizara-en-paraguay\/","og_locale":"es_ES","og_type":"article","og_title":"MILEI ESTAR\u00c1 AUSENTE EN LA CUMBRE DEL MERCOSUR QUE SE REALIZAR\u00c1 EN PARAGUAY - Apuntes de San Luis","og_description":"Uno de los motivos ser\u00eda eludir el encuentro con su par brasile\u00f1o, Lula Da Silva,...","og_url":"https:\/\/apuntesdesanluis.com\/index.php\/2024\/06\/30\/milei-estara-ausente-en-la-cumbre-del-mercosur-que-se-realizara-en-paraguay\/","og_site_name":"Apuntes de San Luis","article_published_time":"2024-07-01T00:17:20+00:00","og_image":[{"width":700,"height":472,"url":"https:\/\/apuntesdesanluis.com\/wp-content\/uploads\/2024\/06\/MILEI-LULA.png","type":"image\/png"}],"author":"apuntesdesanluis.com","twitter_card":"summary_large_image","twitter_misc":{"Escrito por":"apuntesdesanluis.com","Tiempo de lectura":"2 minutos"},"schema":{"@context":"https:\/\/schema.org","@graph":[{"@type":"Article","@id":"https:\/\/apuntesdesanluis.com\/index.php\/2024\/06\/30\/milei-estara-ausente-en-la-cumbre-del-mercosur-que-se-realizara-en-paraguay\/#article","isPartOf":{"@id":"https:\/\/apuntesdesanluis.com\/index.php\/2024\/06\/30\/milei-estara-ausente-en-la-cumbre-del-mercosur-que-se-realizara-en-paraguay\/"},"author":{"name":"apuntesdesanluis.com","@id":"https:\/\/apuntesdesanluis.com\/#\/schema\/person\/b55151d52296fcce64d1a72538a70b90"},"headline":"MILEI ESTAR\u00c1 AUSENTE EN LA CUMBRE DEL MERCOSUR QUE SE REALIZAR\u00c1 EN PARAGUAY","datePublished":"2024-07-01T00:17:20+00:00","mainEntityOfPage":{"@id":"https:\/\/apuntesdesanluis.com\/index.php\/2024\/06\/30\/milei-estara-ausente-en-la-cumbre-del-mercosur-que-se-realizara-en-paraguay\/"},"wordCount":381,"publisher":{"@id":"https:\/\/apuntesdesanluis.com\/#\/schema\/person\/b55151d52296fcce64d1a72538a70b90"},"image":{"@id":"https:\/\/apuntesdesanluis.com\/index.php\/2024\/06\/30\/milei-estara-ausente-en-la-cumbre-del-mercosur-que-se-realizara-en-paraguay\/#primaryimage"},"thumbnailUrl":"https:\/\/apuntesdesanluis.com\/wp-content\/uploads\/2024\/06\/MILEI-LULA.png","articleSection":["Nacionales\/Internacionales"],"inLanguage":"es-AR"},{"@type":"WebPage","@id":"https:\/\/apuntesdesanluis.com\/index.php\/2024\/06\/30\/milei-estara-ausente-en-la-cumbre-del-mercosur-que-se-realizara-en-paraguay\/","url":"https:\/\/apuntesdesanluis.com\/index.php\/2024\/06\/30\/milei-estara-ausente-en-la-cumbre-del-mercosur-que-se-realizara-en-paraguay\/","name":"MILEI ESTAR\u00c1 AUSENTE EN LA CUMBRE DEL MERCOSUR QUE SE REALIZAR\u00c1 EN PARAGUAY - Apuntes de San Luis","isPartOf":{"@id":"https:\/\/apuntesdesanluis.com\/#website"},"primaryImageOfPage":{"@id":"https:\/\/apuntesdesanluis.com\/index.php\/2024\/06\/30\/milei-estara-ausente-en-la-cumbre-del-mercosur-que-se-realizara-en-paraguay\/#primaryimage"},"image":{"@id":"https:\/\/apuntesdesanluis.com\/index.php\/2024\/06\/30\/milei-estara-ausente-en-la-cumbre-del-mercosur-que-se-realizara-en-paraguay\/#primaryimage"},"thumbnailUrl":"https:\/\/apuntesdesanluis.com\/wp-content\/uploads\/2024\/06\/MILEI-LULA.png","datePublished":"2024-07-01T00:17:20+00:00","breadcrumb":{"@id":"https:\/\/apuntesdesanluis.com\/index.php\/2024\/06\/30\/milei-estara-ausente-en-la-cumbre-del-mercosur-que-se-realizara-en-paraguay\/#breadcrumb"},"inLanguage":"es-AR","potentialAction":[{"@type":"ReadAction","target":["https:\/\/apuntesdesanluis.com\/index.php\/2024\/06\/30\/milei-estara-ausente-en-la-cumbre-del-mercosur-que-se-realizara-en-paraguay\/"]}]},{"@type":"ImageObject","inLanguage":"es-AR","@id":"https:\/\/apuntesdesanluis.com\/index.php\/2024\/06\/30\/milei-estara-ausente-en-la-cumbre-del-mercosur-que-se-realizara-en-paraguay\/#primaryimage","url":"https:\/\/apuntesdesanluis.com\/wp-content\/uploads\/2024\/06\/MILEI-LULA.png","contentUrl":"https:\/\/apuntesdesanluis.com\/wp-content\/uploads\/2024\/06\/MILEI-LULA.png","width":700,"height":472},{"@type":"BreadcrumbList","@id":"https:\/\/apuntesdesanluis.com\/index.php\/2024\/06\/30\/milei-estara-ausente-en-la-cumbre-del-mercosur-que-se-realizara-en-paraguay\/#breadcrumb","itemListElement":[{"@type":"ListItem","position":1,"name":"Inicio","item":"https:\/\/apuntesdesanluis.com\/"},{"@type":"ListItem","position":2,"name":"MILEI ESTAR\u00c1 AUSENTE EN LA CUMBRE DEL MERCOSUR QUE SE REALIZAR\u00c1 EN PARAGUAY"}]},{"@type":"WebSite","@id":"https:\/\/apuntesdesanluis.com\/#website","url":"https:\/\/apuntesdesanluis.com\/","name":"Apuntes de San Luis","description":"","publisher":{"@id":"https:\/\/apuntesdesanluis.com\/#\/schema\/person\/b55151d52296fcce64d1a72538a70b90"},"potentialAction":[{"@type":"SearchAction","target":{"@type":"EntryPoint","urlTemplate":"https:\/\/apuntesdesanluis.com\/?s={search_term_string}"},"query-input":{"@type":"PropertyValueSpecification","valueRequired":true,"valueName":"search_term_string"}}],"inLanguage":"es-AR"},{"@type":["Person","Organization"],"@id":"https:\/\/apuntesdesanluis.com\/#\/schema\/person\/b55151d52296fcce64d1a72538a70b90","name":"apuntesdesanluis.com","image":{"@type":"ImageObject","inLanguage":"es-AR","@id":"https:\/\/apuntesdesanluis.com\/#\/schema\/person\/image\/","url":"https:\/\/apuntesdesanluis.com\/wp-content\/uploads\/2023\/07\/cropped-apuntesdesanluis.png","contentUrl":"https:\/\/apuntesdesanluis.com\/wp-content\/uploads\/2023\/07\/cropped-apuntesdesanluis.png","width":450,"height":112,"caption":"apuntesdesanluis.com"},"logo":{"@id":"https:\/\/apuntesdesanluis.com\/#\/schema\/person\/image\/"},"sameAs":["https:\/\/apuntesdesanluis.com"],"url":"https:\/\/apuntesdesanluis.com\/index.php\/author\/apuntesdesanluis-com\/"}]}},"featured_image_urls":{"full":["https:\/\/apuntesdesanluis.com\/wp-content\/uploads\/2024\/06\/MILEI-LULA.png",700,472,false],"thumbnail":["https:\/\/apuntesdesanluis.com\/wp-content\/uploads\/2024\/06\/MILEI-LULA-150x150.png",150,150,true],"medium":["https:\/\/apuntesdesanluis.com\/wp-content\/uploads\/2024\/06\/MILEI-LULA-300x202.png",300,202,true],"medium_large":["https:\/\/apuntesdesanluis.com\/wp-content\/uploads\/2024\/06\/MILEI-LULA.png",640,432,false],"large":["https:\/\/apuntesdesanluis.com\/wp-content\/uploads\/2024\/06\/MILEI-LULA.png",640,432,false],"1536x1536":["https:\/\/apuntesdesanluis.com\/wp-content\/uploads\/2024\/06\/MILEI-LULA.png",700,472,false],"2048x2048":["https:\/\/apuntesdesanluis.com\/wp-content\/uploads\/2024\/06\/MILEI-LULA.png",700,472,false],"newsever-slider-full":["https:\/\/apuntesdesanluis.com\/wp-content\/uploads\/2024\/06\/MILEI-LULA.png",700,472,false],"newsever-featured":["https:\/\/apuntesdesanluis.com\/wp-content\/uploads\/2024\/06\/MILEI-LULA.png",700,472,false],"newsever-medium":["https:\/\/apuntesdesanluis.com\/wp-content\/uploads\/2024\/06\/MILEI-LULA.png",700,472,false]},"author_info":{"display_name":"apuntesdesanluis.com","author_link":"https:\/\/apuntesdesanluis.com\/index.php\/author\/apuntesdesanluis-com\/"},"category_info":"<a href=\"https:\/\/apuntesdesanluis.com\/index.php\/category\/nacionales-internacionales\/\" rel=\"category tag\">Nacionales\/Internacionales<\/a>","tag_info":"Nacionales\/Internacionales","comment_count":"0","_links":{"self":[{"href":"https:\/\/apuntesdesanluis.com\/index.php\/wp-json\/wp\/v2\/posts\/18580","targetHints":{"allow":["GET"]}}],"collection":[{"href":"https:\/\/apuntesdesanluis.com\/index.php\/wp-json\/wp\/v2\/posts"}],"about":[{"href":"https:\/\/apuntesdesanluis.com\/index.php\/wp-json\/wp\/v2\/types\/post"}],"author":[{"embeddable":true,"href":"https:\/\/apuntesdesanluis.com\/index.php\/wp-json\/wp\/v2\/users\/1"}],"replies":[{"embeddable":true,"href":"https:\/\/apuntesdesanluis.com\/index.php\/wp-json\/wp\/v2\/comments?post=18580"}],"version-history":[{"count":1,"href":"https:\/\/apuntesdesanluis.com\/index.php\/wp-json\/wp\/v2\/posts\/18580\/revisions"}],"predecessor-version":[{"id":18582,"href":"https:\/\/apuntesdesanluis.com\/index.php\/wp-json\/wp\/v2\/posts\/18580\/revisions\/18582"}],"wp:featuredmedia":[{"embeddable":true,"href":"https:\/\/apuntesdesanluis.com\/index.php\/wp-json\/wp\/v2\/media\/18581"}],"wp:attachment":[{"href":"https:\/\/apuntesdesanluis.com\/index.php\/wp-json\/wp\/v2\/media?parent=18580"}],"wp:term":[{"taxonomy":"category","embeddable":true,"href":"https:\/\/apuntesdesanluis.com\/index.php\/wp-json\/wp\/v2\/categories?post=18580"},{"taxonomy":"post_tag","embeddable":true,"href":"https:\/\/apuntesdesanluis.com\/index.php\/wp-json\/wp\/v2\/tags?post=18580"}],"curies":[{"name":"wp","href":"https:\/\/api.w.org\/{rel}","templated":true}]}}