{"id":18583,"date":"2024-06-30T21:20:46","date_gmt":"2024-07-01T00:20:46","guid":{"rendered":"https:\/\/apuntesdesanluis.com\/?p=18583"},"modified":"2024-06-30T21:20:46","modified_gmt":"2024-07-01T00:20:46","slug":"cerro-la-inscripcion-de-aspirantes-al-concurso-de-cargos-directivos-docentes","status":"publish","type":"post","link":"https:\/\/apuntesdesanluis.com\/index.php\/2024\/06\/30\/cerro-la-inscripcion-de-aspirantes-al-concurso-de-cargos-directivos-docentes\/","title":{"rendered":"CERR\u00d3 LA INSCRIPCI\u00d3N DE ASPIRANTES AL CONCURSO DE CARGOS DIRECTIVOS DOCENTES"},"content":{"rendered":"<h3>As\u00ed lo confirm\u00f3 el responsable de la cartera educativa de la Provincia, <strong>Guillermo Araujo<\/strong>, tras el cierre del periodo de inscripci\u00f3n el pasado viernes a las 18:00 en las tres sedes de la Junta de Clasificaci\u00f3n Docente, seg\u00fan lo establece la Resoluci\u00f3n N\u00b081-ME-2024. Tuvo una amplia participaci\u00f3n.<\/h3>\n<h3>Durante el comienzo de la semana anterior, se vio una gran afluencia de aspirantes que se acercaron a consultar sobre los requisitos y resolver sus dudas. A mediados del periodo, la mayor\u00eda de los solicitantes ya hab\u00edan presentado la documentaci\u00f3n requerida en cada sede.<\/h3>\n<h3>En el quinto d\u00eda de convocatoria, concluy\u00f3 la etapa de inscripci\u00f3n para los docentes interesados en los Cargos Jer\u00e1rquicos. M\u00e1s del 90% de los establecimientos educativos que participaron recibieron aspirantes para cubrir las vacantes, con m\u00e1s de 470 docentes registrados.<\/h3>\n<h3>\u201cEsto demuestra, por un lado, la necesidad que hab\u00eda de volver a recuperar la carrera docente, las ganas de participar, de revalorizar y potenciar el rol directivo, as\u00ed como tambi\u00e9n volver a encausarnos en el camino del m\u00e9rito. Por otro lado, la confianza que hay en este proceso de llamado a concurso, en su calidad y transparencia\u201d, sostuvo Araujo.<\/h3>\n<p>&nbsp;<\/p>\n<p>&nbsp;<\/p>\n<p>&nbsp;<\/p>\n<p>&nbsp;<\/p>\n<p>&nbsp;<\/p>\n<p>&nbsp;<\/p>\n","protected":false},"excerpt":{"rendered":"<p>As\u00ed lo confirm\u00f3 el responsable de la cartera educativa de la Provincia, Guillermo Araujo, tras&#8230;<\/p>\n","protected":false},"author":1,"featured_media":18584,"comment_status":"closed","ping_status":"closed","sticky":false,"template":"","format":"standard","meta":{"footnotes":""},"categories":[6],"tags":[],"class_list":["post-18583","post","type-post","status-publish","format-standard","has-post-thumbnail","hentry","category-ciudad-provincia"],"yoast_head":"<!-- This site is optimized with the Yoast SEO plugin v26.1.1 - https:\/\/yoast.com\/wordpress\/plugins\/seo\/ -->\n<title>CERR\u00d3 LA INSCRIPCI\u00d3N DE ASPIRANTES AL CONCURSO DE CARGOS DIRECTIVOS DOCENTES - Apuntes de San Luis<\/title>\n<meta name=\"robots\" content=\"index, follow, max-snippet:-1, max-image-preview:large, max-video-preview:-1\" \/>\n<link rel=\"canonical\" href=\"https:\/\/apuntesdesanluis.com\/index.php\/2024\/06\/30\/cerro-la-inscripcion-de-aspirantes-al-concurso-de-cargos-directivos-docentes\/\" \/>\n<meta property=\"og:locale\" content=\"es_ES\" \/>\n<meta property=\"og:type\" content=\"article\" \/>\n<meta property=\"og:title\" content=\"CERR\u00d3 LA INSCRIPCI\u00d3N DE ASPIRANTES AL CONCURSO DE CARGOS DIRECTIVOS DOCENTES - Apuntes de San Luis\" \/>\n<meta property=\"og:description\" content=\"As\u00ed lo confirm\u00f3 el responsable de la cartera educativa de la Provincia, Guillermo Araujo, tras...\" \/>\n<meta property=\"og:url\" content=\"https:\/\/apuntesdesanluis.com\/index.php\/2024\/06\/30\/cerro-la-inscripcion-de-aspirantes-al-concurso-de-cargos-directivos-docentes\/\" \/>\n<meta property=\"og:site_name\" content=\"Apuntes de San Luis\" \/>\n<meta property=\"article:published_time\" content=\"2024-07-01T00:20:46+00:00\" \/>\n<meta property=\"og:image\" content=\"https:\/\/apuntesdesanluis.com\/wp-content\/uploads\/2024\/06\/CARGOS-DIRECTIVOS.png\" \/>\n\t<meta property=\"og:image:width\" content=\"669\" \/>\n\t<meta property=\"og:image:height\" content=\"373\" \/>\n\t<meta property=\"og:image:type\" content=\"image\/png\" \/>\n<meta name=\"author\" content=\"apuntesdesanluis.com\" \/>\n<meta name=\"twitter:card\" content=\"summary_large_image\" \/>\n<meta name=\"twitter:label1\" content=\"Escrito por\" \/>\n\t<meta name=\"twitter:data1\" content=\"apuntesdesanluis.com\" \/>\n\t<meta name=\"twitter:label2\" content=\"Tiempo de lectura\" \/>\n\t<meta name=\"twitter:data2\" content=\"2 minutos\" \/>\n<script type=\"application\/ld+json\" class=\"yoast-schema-graph\">{\"@context\":\"https:\/\/schema.org\",\"@graph\":[{\"@type\":\"Article\",\"@id\":\"https:\/\/apuntesdesanluis.com\/index.php\/2024\/06\/30\/cerro-la-inscripcion-de-aspirantes-al-concurso-de-cargos-directivos-docentes\/#article\",\"isPartOf\":{\"@id\":\"https:\/\/apuntesdesanluis.com\/index.php\/2024\/06\/30\/cerro-la-inscripcion-de-aspirantes-al-concurso-de-cargos-directivos-docentes\/\"},\"author\":{\"name\":\"apuntesdesanluis.com\",\"@id\":\"https:\/\/apuntesdesanluis.com\/#\/schema\/person\/b55151d52296fcce64d1a72538a70b90\"},\"headline\":\"CERR\u00d3 LA INSCRIPCI\u00d3N DE ASPIRANTES AL CONCURSO DE CARGOS DIRECTIVOS DOCENTES\",\"datePublished\":\"2024-07-01T00:20:46+00:00\",\"mainEntityOfPage\":{\"@id\":\"https:\/\/apuntesdesanluis.com\/index.php\/2024\/06\/30\/cerro-la-inscripcion-de-aspirantes-al-concurso-de-cargos-directivos-docentes\/\"},\"wordCount\":222,\"publisher\":{\"@id\":\"https:\/\/apuntesdesanluis.com\/#\/schema\/person\/b55151d52296fcce64d1a72538a70b90\"},\"image\":{\"@id\":\"https:\/\/apuntesdesanluis.com\/index.php\/2024\/06\/30\/cerro-la-inscripcion-de-aspirantes-al-concurso-de-cargos-directivos-docentes\/#primaryimage\"},\"thumbnailUrl\":\"https:\/\/apuntesdesanluis.com\/wp-content\/uploads\/2024\/06\/CARGOS-DIRECTIVOS.png\",\"articleSection\":[\"Ciudad\/Provincia\"],\"inLanguage\":\"es-AR\"},{\"@type\":\"WebPage\",\"@id\":\"https:\/\/apuntesdesanluis.com\/index.php\/2024\/06\/30\/cerro-la-inscripcion-de-aspirantes-al-concurso-de-cargos-directivos-docentes\/\",\"url\":\"https:\/\/apuntesdesanluis.com\/index.php\/2024\/06\/30\/cerro-la-inscripcion-de-aspirantes-al-concurso-de-cargos-directivos-docentes\/\",\"name\":\"CERR\u00d3 LA INSCRIPCI\u00d3N DE ASPIRANTES AL CONCURSO DE CARGOS DIRECTIVOS DOCENTES - Apuntes de San Luis\",\"isPartOf\":{\"@id\":\"https:\/\/apuntesdesanluis.com\/#website\"},\"primaryImageOfPage\":{\"@id\":\"https:\/\/apuntesdesanluis.com\/index.php\/2024\/06\/30\/cerro-la-inscripcion-de-aspirantes-al-concurso-de-cargos-directivos-docentes\/#primaryimage\"},\"image\":{\"@id\":\"https:\/\/apuntesdesanluis.com\/index.php\/2024\/06\/30\/cerro-la-inscripcion-de-aspirantes-al-concurso-de-cargos-directivos-docentes\/#primaryimage\"},\"thumbnailUrl\":\"https:\/\/apuntesdesanluis.com\/wp-content\/uploads\/2024\/06\/CARGOS-DIRECTIVOS.png\",\"datePublished\":\"2024-07-01T00:20:46+00:00\",\"breadcrumb\":{\"@id\":\"https:\/\/apuntesdesanluis.com\/index.php\/2024\/06\/30\/cerro-la-inscripcion-de-aspirantes-al-concurso-de-cargos-directivos-docentes\/#breadcrumb\"},\"inLanguage\":\"es-AR\",\"potentialAction\":[{\"@type\":\"ReadAction\",\"target\":[\"https:\/\/apuntesdesanluis.com\/index.php\/2024\/06\/30\/cerro-la-inscripcion-de-aspirantes-al-concurso-de-cargos-directivos-docentes\/\"]}]},{\"@type\":\"ImageObject\",\"inLanguage\":\"es-AR\",\"@id\":\"https:\/\/apuntesdesanluis.com\/index.php\/2024\/06\/30\/cerro-la-inscripcion-de-aspirantes-al-concurso-de-cargos-directivos-docentes\/#primaryimage\",\"url\":\"https:\/\/apuntesdesanluis.com\/wp-content\/uploads\/2024\/06\/CARGOS-DIRECTIVOS.png\",\"contentUrl\":\"https:\/\/apuntesdesanluis.com\/wp-content\/uploads\/2024\/06\/CARGOS-DIRECTIVOS.png\",\"width\":669,\"height\":373},{\"@type\":\"BreadcrumbList\",\"@id\":\"https:\/\/apuntesdesanluis.com\/index.php\/2024\/06\/30\/cerro-la-inscripcion-de-aspirantes-al-concurso-de-cargos-directivos-docentes\/#breadcrumb\",\"itemListElement\":[{\"@type\":\"ListItem\",\"position\":1,\"name\":\"Inicio\",\"item\":\"https:\/\/apuntesdesanluis.com\/\"},{\"@type\":\"ListItem\",\"position\":2,\"name\":\"CERR\u00d3 LA INSCRIPCI\u00d3N DE ASPIRANTES AL CONCURSO DE CARGOS DIRECTIVOS DOCENTES\"}]},{\"@type\":\"WebSite\",\"@id\":\"https:\/\/apuntesdesanluis.com\/#website\",\"url\":\"https:\/\/apuntesdesanluis.com\/\",\"name\":\"Apuntes de San Luis\",\"description\":\"\",\"publisher\":{\"@id\":\"https:\/\/apuntesdesanluis.com\/#\/schema\/person\/b55151d52296fcce64d1a72538a70b90\"},\"potentialAction\":[{\"@type\":\"SearchAction\",\"target\":{\"@type\":\"EntryPoint\",\"urlTemplate\":\"https:\/\/apuntesdesanluis.com\/?s={search_term_string}\"},\"query-input\":{\"@type\":\"PropertyValueSpecification\",\"valueRequired\":true,\"valueName\":\"search_term_string\"}}],\"inLanguage\":\"es-AR\"},{\"@type\":[\"Person\",\"Organization\"],\"@id\":\"https:\/\/apuntesdesanluis.com\/#\/schema\/person\/b55151d52296fcce64d1a72538a70b90\",\"name\":\"apuntesdesanluis.com\",\"image\":{\"@type\":\"ImageObject\",\"inLanguage\":\"es-AR\",\"@id\":\"https:\/\/apuntesdesanluis.com\/#\/schema\/person\/image\/\",\"url\":\"https:\/\/apuntesdesanluis.com\/wp-content\/uploads\/2023\/07\/cropped-apuntesdesanluis.png\",\"contentUrl\":\"https:\/\/apuntesdesanluis.com\/wp-content\/uploads\/2023\/07\/cropped-apuntesdesanluis.png\",\"width\":450,\"height\":112,\"caption\":\"apuntesdesanluis.com\"},\"logo\":{\"@id\":\"https:\/\/apuntesdesanluis.com\/#\/schema\/person\/image\/\"},\"sameAs\":[\"https:\/\/apuntesdesanluis.com\"],\"url\":\"https:\/\/apuntesdesanluis.com\/index.php\/author\/apuntesdesanluis-com\/\"}]}<\/script>\n<!-- \/ Yoast SEO plugin. -->","yoast_head_json":{"title":"CERR\u00d3 LA INSCRIPCI\u00d3N DE ASPIRANTES AL CONCURSO DE CARGOS DIRECTIVOS DOCENTES - Apuntes de San Luis","robots":{"index":"index","follow":"follow","max-snippet":"max-snippet:-1","max-image-preview":"max-image-preview:large","max-video-preview":"max-video-preview:-1"},"canonical":"https:\/\/apuntesdesanluis.com\/index.php\/2024\/06\/30\/cerro-la-inscripcion-de-aspirantes-al-concurso-de-cargos-directivos-docentes\/","og_locale":"es_ES","og_type":"article","og_title":"CERR\u00d3 LA INSCRIPCI\u00d3N DE ASPIRANTES AL CONCURSO DE CARGOS DIRECTIVOS DOCENTES - Apuntes de San Luis","og_description":"As\u00ed lo confirm\u00f3 el responsable de la cartera educativa de la Provincia, Guillermo Araujo, tras...","og_url":"https:\/\/apuntesdesanluis.com\/index.php\/2024\/06\/30\/cerro-la-inscripcion-de-aspirantes-al-concurso-de-cargos-directivos-docentes\/","og_site_name":"Apuntes de San Luis","article_published_time":"2024-07-01T00:20:46+00:00","og_image":[{"width":669,"height":373,"url":"https:\/\/apuntesdesanluis.com\/wp-content\/uploads\/2024\/06\/CARGOS-DIRECTIVOS.png","type":"image\/png"}],"author":"apuntesdesanluis.com","twitter_card":"summary_large_image","twitter_misc":{"Escrito por":"apuntesdesanluis.com","Tiempo de lectura":"2 minutos"},"schema":{"@context":"https:\/\/schema.org","@graph":[{"@type":"Article","@id":"https:\/\/apuntesdesanluis.com\/index.php\/2024\/06\/30\/cerro-la-inscripcion-de-aspirantes-al-concurso-de-cargos-directivos-docentes\/#article","isPartOf":{"@id":"https:\/\/apuntesdesanluis.com\/index.php\/2024\/06\/30\/cerro-la-inscripcion-de-aspirantes-al-concurso-de-cargos-directivos-docentes\/"},"author":{"name":"apuntesdesanluis.com","@id":"https:\/\/apuntesdesanluis.com\/#\/schema\/person\/b55151d52296fcce64d1a72538a70b90"},"headline":"CERR\u00d3 LA INSCRIPCI\u00d3N DE ASPIRANTES AL CONCURSO DE CARGOS DIRECTIVOS DOCENTES","datePublished":"2024-07-01T00:20:46+00:00","mainEntityOfPage":{"@id":"https:\/\/apuntesdesanluis.com\/index.php\/2024\/06\/30\/cerro-la-inscripcion-de-aspirantes-al-concurso-de-cargos-directivos-docentes\/"},"wordCount":222,"publisher":{"@id":"https:\/\/apuntesdesanluis.com\/#\/schema\/person\/b55151d52296fcce64d1a72538a70b90"},"image":{"@id":"https:\/\/apuntesdesanluis.com\/index.php\/2024\/06\/30\/cerro-la-inscripcion-de-aspirantes-al-concurso-de-cargos-directivos-docentes\/#primaryimage"},"thumbnailUrl":"https:\/\/apuntesdesanluis.com\/wp-content\/uploads\/2024\/06\/CARGOS-DIRECTIVOS.png","articleSection":["Ciudad\/Provincia"],"inLanguage":"es-AR"},{"@type":"WebPage","@id":"https:\/\/apuntesdesanluis.com\/index.php\/2024\/06\/30\/cerro-la-inscripcion-de-aspirantes-al-concurso-de-cargos-directivos-docentes\/","url":"https:\/\/apuntesdesanluis.com\/index.php\/2024\/06\/30\/cerro-la-inscripcion-de-aspirantes-al-concurso-de-cargos-directivos-docentes\/","name":"CERR\u00d3 LA INSCRIPCI\u00d3N DE ASPIRANTES AL CONCURSO DE CARGOS DIRECTIVOS DOCENTES - Apuntes de San Luis","isPartOf":{"@id":"https:\/\/apuntesdesanluis.com\/#website"},"primaryImageOfPage":{"@id":"https:\/\/apuntesdesanluis.com\/index.php\/2024\/06\/30\/cerro-la-inscripcion-de-aspirantes-al-concurso-de-cargos-directivos-docentes\/#primaryimage"},"image":{"@id":"https:\/\/apuntesdesanluis.com\/index.php\/2024\/06\/30\/cerro-la-inscripcion-de-aspirantes-al-concurso-de-cargos-directivos-docentes\/#primaryimage"},"thumbnailUrl":"https:\/\/apuntesdesanluis.com\/wp-content\/uploads\/2024\/06\/CARGOS-DIRECTIVOS.png","datePublished":"2024-07-01T00:20:46+00:00","breadcrumb":{"@id":"https:\/\/apuntesdesanluis.com\/index.php\/2024\/06\/30\/cerro-la-inscripcion-de-aspirantes-al-concurso-de-cargos-directivos-docentes\/#breadcrumb"},"inLanguage":"es-AR","potentialAction":[{"@type":"ReadAction","target":["https:\/\/apuntesdesanluis.com\/index.php\/2024\/06\/30\/cerro-la-inscripcion-de-aspirantes-al-concurso-de-cargos-directivos-docentes\/"]}]},{"@type":"ImageObject","inLanguage":"es-AR","@id":"https:\/\/apuntesdesanluis.com\/index.php\/2024\/06\/30\/cerro-la-inscripcion-de-aspirantes-al-concurso-de-cargos-directivos-docentes\/#primaryimage","url":"https:\/\/apuntesdesanluis.com\/wp-content\/uploads\/2024\/06\/CARGOS-DIRECTIVOS.png","contentUrl":"https:\/\/apuntesdesanluis.com\/wp-content\/uploads\/2024\/06\/CARGOS-DIRECTIVOS.png","width":669,"height":373},{"@type":"BreadcrumbList","@id":"https:\/\/apuntesdesanluis.com\/index.php\/2024\/06\/30\/cerro-la-inscripcion-de-aspirantes-al-concurso-de-cargos-directivos-docentes\/#breadcrumb","itemListElement":[{"@type":"ListItem","position":1,"name":"Inicio","item":"https:\/\/apuntesdesanluis.com\/"},{"@type":"ListItem","position":2,"name":"CERR\u00d3 LA INSCRIPCI\u00d3N DE ASPIRANTES AL CONCURSO DE CARGOS DIRECTIVOS DOCENTES"}]},{"@type":"WebSite","@id":"https:\/\/apuntesdesanluis.com\/#website","url":"https:\/\/apuntesdesanluis.com\/","name":"Apuntes de San Luis","description":"","publisher":{"@id":"https:\/\/apuntesdesanluis.com\/#\/schema\/person\/b55151d52296fcce64d1a72538a70b90"},"potentialAction":[{"@type":"SearchAction","target":{"@type":"EntryPoint","urlTemplate":"https:\/\/apuntesdesanluis.com\/?s={search_term_string}"},"query-input":{"@type":"PropertyValueSpecification","valueRequired":true,"valueName":"search_term_string"}}],"inLanguage":"es-AR"},{"@type":["Person","Organization"],"@id":"https:\/\/apuntesdesanluis.com\/#\/schema\/person\/b55151d52296fcce64d1a72538a70b90","name":"apuntesdesanluis.com","image":{"@type":"ImageObject","inLanguage":"es-AR","@id":"https:\/\/apuntesdesanluis.com\/#\/schema\/person\/image\/","url":"https:\/\/apuntesdesanluis.com\/wp-content\/uploads\/2023\/07\/cropped-apuntesdesanluis.png","contentUrl":"https:\/\/apuntesdesanluis.com\/wp-content\/uploads\/2023\/07\/cropped-apuntesdesanluis.png","width":450,"height":112,"caption":"apuntesdesanluis.com"},"logo":{"@id":"https:\/\/apuntesdesanluis.com\/#\/schema\/person\/image\/"},"sameAs":["https:\/\/apuntesdesanluis.com"],"url":"https:\/\/apuntesdesanluis.com\/index.php\/author\/apuntesdesanluis-com\/"}]}},"featured_image_urls":{"full":["https:\/\/apuntesdesanluis.com\/wp-content\/uploads\/2024\/06\/CARGOS-DIRECTIVOS.png",669,373,false],"thumbnail":["https:\/\/apuntesdesanluis.com\/wp-content\/uploads\/2024\/06\/CARGOS-DIRECTIVOS-150x150.png",150,150,true],"medium":["https:\/\/apuntesdesanluis.com\/wp-content\/uploads\/2024\/06\/CARGOS-DIRECTIVOS-300x167.png",300,167,true],"medium_large":["https:\/\/apuntesdesanluis.com\/wp-content\/uploads\/2024\/06\/CARGOS-DIRECTIVOS.png",640,357,false],"large":["https:\/\/apuntesdesanluis.com\/wp-content\/uploads\/2024\/06\/CARGOS-DIRECTIVOS.png",640,357,false],"1536x1536":["https:\/\/apuntesdesanluis.com\/wp-content\/uploads\/2024\/06\/CARGOS-DIRECTIVOS.png",669,373,false],"2048x2048":["https:\/\/apuntesdesanluis.com\/wp-content\/uploads\/2024\/06\/CARGOS-DIRECTIVOS.png",669,373,false],"newsever-slider-full":["https:\/\/apuntesdesanluis.com\/wp-content\/uploads\/2024\/06\/CARGOS-DIRECTIVOS.png",669,373,false],"newsever-featured":["https:\/\/apuntesdesanluis.com\/wp-content\/uploads\/2024\/06\/CARGOS-DIRECTIVOS.png",669,373,false],"newsever-medium":["https:\/\/apuntesdesanluis.com\/wp-content\/uploads\/2024\/06\/CARGOS-DIRECTIVOS.png",669,373,false]},"author_info":{"display_name":"apuntesdesanluis.com","author_link":"https:\/\/apuntesdesanluis.com\/index.php\/author\/apuntesdesanluis-com\/"},"category_info":"<a href=\"https:\/\/apuntesdesanluis.com\/index.php\/category\/ciudad-provincia\/\" rel=\"category tag\">Ciudad\/Provincia<\/a>","tag_info":"Ciudad\/Provincia","comment_count":"0","_links":{"self":[{"href":"https:\/\/apuntesdesanluis.com\/index.php\/wp-json\/wp\/v2\/posts\/18583","targetHints":{"allow":["GET"]}}],"collection":[{"href":"https:\/\/apuntesdesanluis.com\/index.php\/wp-json\/wp\/v2\/posts"}],"about":[{"href":"https:\/\/apuntesdesanluis.com\/index.php\/wp-json\/wp\/v2\/types\/post"}],"author":[{"embeddable":true,"href":"https:\/\/apuntesdesanluis.com\/index.php\/wp-json\/wp\/v2\/users\/1"}],"replies":[{"embeddable":true,"href":"https:\/\/apuntesdesanluis.com\/index.php\/wp-json\/wp\/v2\/comments?post=18583"}],"version-history":[{"count":1,"href":"https:\/\/apuntesdesanluis.com\/index.php\/wp-json\/wp\/v2\/posts\/18583\/revisions"}],"predecessor-version":[{"id":18585,"href":"https:\/\/apuntesdesanluis.com\/index.php\/wp-json\/wp\/v2\/posts\/18583\/revisions\/18585"}],"wp:featuredmedia":[{"embeddable":true,"href":"https:\/\/apuntesdesanluis.com\/index.php\/wp-json\/wp\/v2\/media\/18584"}],"wp:attachment":[{"href":"https:\/\/apuntesdesanluis.com\/index.php\/wp-json\/wp\/v2\/media?parent=18583"}],"wp:term":[{"taxonomy":"category","embeddable":true,"href":"https:\/\/apuntesdesanluis.com\/index.php\/wp-json\/wp\/v2\/categories?post=18583"},{"taxonomy":"post_tag","embeddable":true,"href":"https:\/\/apuntesdesanluis.com\/index.php\/wp-json\/wp\/v2\/tags?post=18583"}],"curies":[{"name":"wp","href":"https:\/\/api.w.org\/{rel}","templated":true}]}}