{"id":18601,"date":"2024-07-01T10:39:52","date_gmt":"2024-07-01T13:39:52","guid":{"rendered":"https:\/\/apuntesdesanluis.com\/?p=18601"},"modified":"2024-07-01T10:47:44","modified_gmt":"2024-07-01T13:47:44","slug":"judiciales-continuan-su-plan-de-lucha-y-se-movilizaran-a-terrazas","status":"publish","type":"post","link":"https:\/\/apuntesdesanluis.com\/index.php\/2024\/07\/01\/judiciales-continuan-su-plan-de-lucha-y-se-movilizaran-a-terrazas\/","title":{"rendered":"JUDICIALES CONTIN\u00daAN SU PLAN DE LUCHA Y SE MOVILIZAR\u00c1N A TERRAZAS"},"content":{"rendered":"<h3>Luego de haber mantenido asambleas el pasado viernes 28 de junio en las tres circunscripciones judiciales, los empleados judiciales votaron por dar continuidad a su pan de lucha \u201cante la falta de soluciones econ\u00f3micas concretas\u201d que les permitan \u201crecomponer los salarios y evitar la p\u00e9rdida continua del poder adquisitivo\u201d.<\/h3>\n<h3>El Secretario General del SiJuPu, <strong>Luciano Cardarelli<\/strong>, indic\u00f3: \u201cLa verdad es que no hemos obtenido se\u00f1ales favorables con respecto a nuestro justo reclamo. Sabemos que el presidente del STJ se reuni\u00f3 con el vicegobernador pero tampoco han surgido respuestas sobre un aumento en el presupuesto. Por lo que las diferentes asambleas votaron continuar con la protesta y movilizarnos el mi\u00e9rcoles al mediod\u00eda a Casa de Gobierno\u201d.<\/h3>\n<p><img fetchpriority=\"high\" decoding=\"async\" class=\"wp-image-18602 aligncenter\" src=\"https:\/\/apuntesdesanluis.com\/wp-content\/uploads\/2024\/07\/Judiciales.marcha-169x300.jpg\" alt=\"\" width=\"461\" height=\"818\" srcset=\"https:\/\/apuntesdesanluis.com\/wp-content\/uploads\/2024\/07\/Judiciales.marcha-169x300.jpg 169w, https:\/\/apuntesdesanluis.com\/wp-content\/uploads\/2024\/07\/Judiciales.marcha.jpg 600w\" sizes=\"(max-width: 461px) 100vw, 461px\" \/><\/p>\n<h3>El plan de lucha establecido es el siguiente:<\/h3>\n<ul>\n<li>\n<h3>Continuar con el Cese de Actividades de DOS HORAS en horario de oficina, en las tres Circunscripciones Judiciales, asegurando una guardia m\u00ednima en caso de adhesi\u00f3n total, donde se garantizar\u00e1n los actos procesales y prove\u00eddos solamente habilitados y comprendidos en el Art\u00edculo 20 de la Ley Org\u00e1nica de Administraci\u00f3n de Justicia (LOAJ). Con quita de colaboraci\u00f3n posterior a las 14 horas y en d\u00edas y horas inh\u00e1biles.<\/h3>\n<\/li>\n<\/ul>\n<ul>\n<li>\n<h3>Se contin\u00faa con la SUSPENSI\u00d3N de la medida relacionada con proveer solo escritos habilitados y comprendidos en el Art\u00edculo 20 de la Ley Org\u00e1nica de Administraci\u00f3n de Justicia (LOAJ), durante el horario de oficina y de prestaci\u00f3n de servicio, llevando a cabo todas las actividades de manera normal.<\/h3>\n<\/li>\n<\/ul>\n<ul>\n<li>\n<h3>Durante el receso judicial (Feria judicial), se trabajar\u00e1 con horario normal, y se proveer\u00e1n solo escritos habilitados y comprendidos en el Art\u00edculo 20 de la Ley Org\u00e1nica de Administraci\u00f3n de Justicia (LOAJ), durante el horario de oficina y de prestaci\u00f3n de servicio, y con quita de colaboraci\u00f3n posterior a las 13:00 horas.<\/h3>\n<\/li>\n<\/ul>\n<ul>\n<li>\n<h3>El mi\u00e9rcoles 3 de julio, se llevar\u00e1 a cabo un cese de actividades de 3 horas a los fines de concentrarse y movilizarse a Terrazas del Portezuelo.<\/h3>\n<\/li>\n<\/ul>\n<h3>El Sindicato Judiciales Puntanos agradeci\u00f3 \u201cprofundamente la participaci\u00f3n activa de todos y todas en estas asambleas. Su compromiso y apoyo son esenciales para continuar nuestra lucha por una recomposici\u00f3n salarial justa y digna. Sigamos firmes, unidas y unidos en nuestro camino hacia la justicia econ\u00f3mica\u201d.<\/h3>\n<p><img decoding=\"async\" class=\"wp-image-18608 aligncenter\" src=\"https:\/\/apuntesdesanluis.com\/wp-content\/uploads\/2024\/07\/809124c7-1194-49bf-b9bb-cbe098b6d7b0-169x300.jpg\" alt=\"\" width=\"432\" height=\"767\" srcset=\"https:\/\/apuntesdesanluis.com\/wp-content\/uploads\/2024\/07\/809124c7-1194-49bf-b9bb-cbe098b6d7b0-169x300.jpg 169w, https:\/\/apuntesdesanluis.com\/wp-content\/uploads\/2024\/07\/809124c7-1194-49bf-b9bb-cbe098b6d7b0-576x1024.jpg 576w, https:\/\/apuntesdesanluis.com\/wp-content\/uploads\/2024\/07\/809124c7-1194-49bf-b9bb-cbe098b6d7b0.jpg 600w\" sizes=\"(max-width: 432px) 100vw, 432px\" \/><\/p>\n<h3><\/h3>\n<p>&nbsp;<\/p>\n<p>&nbsp;<\/p>\n<p>&nbsp;<\/p>\n<h3><\/h3>\n<h3><\/h3>\n<h3><strong><em>\u00a0<\/em><\/strong><\/h3>\n","protected":false},"excerpt":{"rendered":"<p>Luego de haber mantenido asambleas el pasado viernes 28 de junio en las tres circunscripciones&#8230;<\/p>\n","protected":false},"author":1,"featured_media":18604,"comment_status":"closed","ping_status":"closed","sticky":false,"template":"","format":"standard","meta":{"footnotes":""},"categories":[6],"tags":[],"class_list":["post-18601","post","type-post","status-publish","format-standard","has-post-thumbnail","hentry","category-ciudad-provincia"],"yoast_head":"<!-- This site is optimized with the Yoast SEO plugin v26.1.1 - https:\/\/yoast.com\/wordpress\/plugins\/seo\/ -->\n<title>JUDICIALES CONTIN\u00daAN SU PLAN DE LUCHA Y SE MOVILIZAR\u00c1N A TERRAZAS - Apuntes de San Luis<\/title>\n<meta name=\"robots\" content=\"index, follow, max-snippet:-1, max-image-preview:large, max-video-preview:-1\" \/>\n<link rel=\"canonical\" href=\"https:\/\/apuntesdesanluis.com\/index.php\/2024\/07\/01\/judiciales-continuan-su-plan-de-lucha-y-se-movilizaran-a-terrazas\/\" \/>\n<meta property=\"og:locale\" content=\"es_ES\" \/>\n<meta property=\"og:type\" content=\"article\" \/>\n<meta property=\"og:title\" content=\"JUDICIALES CONTIN\u00daAN SU PLAN DE LUCHA Y SE MOVILIZAR\u00c1N A TERRAZAS - Apuntes de San Luis\" \/>\n<meta property=\"og:description\" content=\"Luego de haber mantenido asambleas el pasado viernes 28 de junio en las tres circunscripciones...\" \/>\n<meta property=\"og:url\" content=\"https:\/\/apuntesdesanluis.com\/index.php\/2024\/07\/01\/judiciales-continuan-su-plan-de-lucha-y-se-movilizaran-a-terrazas\/\" \/>\n<meta property=\"og:site_name\" content=\"Apuntes de San Luis\" \/>\n<meta property=\"article:published_time\" content=\"2024-07-01T13:39:52+00:00\" \/>\n<meta property=\"article:modified_time\" content=\"2024-07-01T13:47:44+00:00\" \/>\n<meta property=\"og:image\" content=\"https:\/\/apuntesdesanluis.com\/wp-content\/uploads\/2024\/07\/JUDICIALES-EN-TERRAZAS.png\" \/>\n\t<meta property=\"og:image:width\" content=\"766\" \/>\n\t<meta property=\"og:image:height\" content=\"472\" \/>\n\t<meta property=\"og:image:type\" content=\"image\/png\" \/>\n<meta name=\"author\" content=\"apuntesdesanluis.com\" \/>\n<meta name=\"twitter:card\" content=\"summary_large_image\" \/>\n<meta name=\"twitter:label1\" content=\"Escrito por\" \/>\n\t<meta name=\"twitter:data1\" content=\"apuntesdesanluis.com\" \/>\n\t<meta name=\"twitter:label2\" content=\"Tiempo de lectura\" \/>\n\t<meta name=\"twitter:data2\" content=\"3 minutos\" \/>\n<script type=\"application\/ld+json\" class=\"yoast-schema-graph\">{\"@context\":\"https:\/\/schema.org\",\"@graph\":[{\"@type\":\"Article\",\"@id\":\"https:\/\/apuntesdesanluis.com\/index.php\/2024\/07\/01\/judiciales-continuan-su-plan-de-lucha-y-se-movilizaran-a-terrazas\/#article\",\"isPartOf\":{\"@id\":\"https:\/\/apuntesdesanluis.com\/index.php\/2024\/07\/01\/judiciales-continuan-su-plan-de-lucha-y-se-movilizaran-a-terrazas\/\"},\"author\":{\"name\":\"apuntesdesanluis.com\",\"@id\":\"https:\/\/apuntesdesanluis.com\/#\/schema\/person\/b55151d52296fcce64d1a72538a70b90\"},\"headline\":\"JUDICIALES CONTIN\u00daAN SU PLAN DE LUCHA Y SE MOVILIZAR\u00c1N A TERRAZAS\",\"datePublished\":\"2024-07-01T13:39:52+00:00\",\"dateModified\":\"2024-07-01T13:47:44+00:00\",\"mainEntityOfPage\":{\"@id\":\"https:\/\/apuntesdesanluis.com\/index.php\/2024\/07\/01\/judiciales-continuan-su-plan-de-lucha-y-se-movilizaran-a-terrazas\/\"},\"wordCount\":401,\"publisher\":{\"@id\":\"https:\/\/apuntesdesanluis.com\/#\/schema\/person\/b55151d52296fcce64d1a72538a70b90\"},\"image\":{\"@id\":\"https:\/\/apuntesdesanluis.com\/index.php\/2024\/07\/01\/judiciales-continuan-su-plan-de-lucha-y-se-movilizaran-a-terrazas\/#primaryimage\"},\"thumbnailUrl\":\"https:\/\/apuntesdesanluis.com\/wp-content\/uploads\/2024\/07\/JUDICIALES-EN-TERRAZAS.png\",\"articleSection\":[\"Ciudad\/Provincia\"],\"inLanguage\":\"es-AR\"},{\"@type\":\"WebPage\",\"@id\":\"https:\/\/apuntesdesanluis.com\/index.php\/2024\/07\/01\/judiciales-continuan-su-plan-de-lucha-y-se-movilizaran-a-terrazas\/\",\"url\":\"https:\/\/apuntesdesanluis.com\/index.php\/2024\/07\/01\/judiciales-continuan-su-plan-de-lucha-y-se-movilizaran-a-terrazas\/\",\"name\":\"JUDICIALES CONTIN\u00daAN SU PLAN DE LUCHA Y SE MOVILIZAR\u00c1N A TERRAZAS - Apuntes de San Luis\",\"isPartOf\":{\"@id\":\"https:\/\/apuntesdesanluis.com\/#website\"},\"primaryImageOfPage\":{\"@id\":\"https:\/\/apuntesdesanluis.com\/index.php\/2024\/07\/01\/judiciales-continuan-su-plan-de-lucha-y-se-movilizaran-a-terrazas\/#primaryimage\"},\"image\":{\"@id\":\"https:\/\/apuntesdesanluis.com\/index.php\/2024\/07\/01\/judiciales-continuan-su-plan-de-lucha-y-se-movilizaran-a-terrazas\/#primaryimage\"},\"thumbnailUrl\":\"https:\/\/apuntesdesanluis.com\/wp-content\/uploads\/2024\/07\/JUDICIALES-EN-TERRAZAS.png\",\"datePublished\":\"2024-07-01T13:39:52+00:00\",\"dateModified\":\"2024-07-01T13:47:44+00:00\",\"breadcrumb\":{\"@id\":\"https:\/\/apuntesdesanluis.com\/index.php\/2024\/07\/01\/judiciales-continuan-su-plan-de-lucha-y-se-movilizaran-a-terrazas\/#breadcrumb\"},\"inLanguage\":\"es-AR\",\"potentialAction\":[{\"@type\":\"ReadAction\",\"target\":[\"https:\/\/apuntesdesanluis.com\/index.php\/2024\/07\/01\/judiciales-continuan-su-plan-de-lucha-y-se-movilizaran-a-terrazas\/\"]}]},{\"@type\":\"ImageObject\",\"inLanguage\":\"es-AR\",\"@id\":\"https:\/\/apuntesdesanluis.com\/index.php\/2024\/07\/01\/judiciales-continuan-su-plan-de-lucha-y-se-movilizaran-a-terrazas\/#primaryimage\",\"url\":\"https:\/\/apuntesdesanluis.com\/wp-content\/uploads\/2024\/07\/JUDICIALES-EN-TERRAZAS.png\",\"contentUrl\":\"https:\/\/apuntesdesanluis.com\/wp-content\/uploads\/2024\/07\/JUDICIALES-EN-TERRAZAS.png\",\"width\":766,\"height\":472},{\"@type\":\"BreadcrumbList\",\"@id\":\"https:\/\/apuntesdesanluis.com\/index.php\/2024\/07\/01\/judiciales-continuan-su-plan-de-lucha-y-se-movilizaran-a-terrazas\/#breadcrumb\",\"itemListElement\":[{\"@type\":\"ListItem\",\"position\":1,\"name\":\"Inicio\",\"item\":\"https:\/\/apuntesdesanluis.com\/\"},{\"@type\":\"ListItem\",\"position\":2,\"name\":\"JUDICIALES CONTIN\u00daAN SU PLAN DE LUCHA Y SE MOVILIZAR\u00c1N A TERRAZAS\"}]},{\"@type\":\"WebSite\",\"@id\":\"https:\/\/apuntesdesanluis.com\/#website\",\"url\":\"https:\/\/apuntesdesanluis.com\/\",\"name\":\"Apuntes de San Luis\",\"description\":\"\",\"publisher\":{\"@id\":\"https:\/\/apuntesdesanluis.com\/#\/schema\/person\/b55151d52296fcce64d1a72538a70b90\"},\"potentialAction\":[{\"@type\":\"SearchAction\",\"target\":{\"@type\":\"EntryPoint\",\"urlTemplate\":\"https:\/\/apuntesdesanluis.com\/?s={search_term_string}\"},\"query-input\":{\"@type\":\"PropertyValueSpecification\",\"valueRequired\":true,\"valueName\":\"search_term_string\"}}],\"inLanguage\":\"es-AR\"},{\"@type\":[\"Person\",\"Organization\"],\"@id\":\"https:\/\/apuntesdesanluis.com\/#\/schema\/person\/b55151d52296fcce64d1a72538a70b90\",\"name\":\"apuntesdesanluis.com\",\"image\":{\"@type\":\"ImageObject\",\"inLanguage\":\"es-AR\",\"@id\":\"https:\/\/apuntesdesanluis.com\/#\/schema\/person\/image\/\",\"url\":\"https:\/\/apuntesdesanluis.com\/wp-content\/uploads\/2023\/07\/cropped-apuntesdesanluis.png\",\"contentUrl\":\"https:\/\/apuntesdesanluis.com\/wp-content\/uploads\/2023\/07\/cropped-apuntesdesanluis.png\",\"width\":450,\"height\":112,\"caption\":\"apuntesdesanluis.com\"},\"logo\":{\"@id\":\"https:\/\/apuntesdesanluis.com\/#\/schema\/person\/image\/\"},\"sameAs\":[\"https:\/\/apuntesdesanluis.com\"],\"url\":\"https:\/\/apuntesdesanluis.com\/index.php\/author\/apuntesdesanluis-com\/\"}]}<\/script>\n<!-- \/ Yoast SEO plugin. -->","yoast_head_json":{"title":"JUDICIALES CONTIN\u00daAN SU PLAN DE LUCHA Y SE MOVILIZAR\u00c1N A TERRAZAS - Apuntes de San Luis","robots":{"index":"index","follow":"follow","max-snippet":"max-snippet:-1","max-image-preview":"max-image-preview:large","max-video-preview":"max-video-preview:-1"},"canonical":"https:\/\/apuntesdesanluis.com\/index.php\/2024\/07\/01\/judiciales-continuan-su-plan-de-lucha-y-se-movilizaran-a-terrazas\/","og_locale":"es_ES","og_type":"article","og_title":"JUDICIALES CONTIN\u00daAN SU PLAN DE LUCHA Y SE MOVILIZAR\u00c1N A TERRAZAS - Apuntes de San Luis","og_description":"Luego de haber mantenido asambleas el pasado viernes 28 de junio en las tres circunscripciones...","og_url":"https:\/\/apuntesdesanluis.com\/index.php\/2024\/07\/01\/judiciales-continuan-su-plan-de-lucha-y-se-movilizaran-a-terrazas\/","og_site_name":"Apuntes de San Luis","article_published_time":"2024-07-01T13:39:52+00:00","article_modified_time":"2024-07-01T13:47:44+00:00","og_image":[{"width":766,"height":472,"url":"https:\/\/apuntesdesanluis.com\/wp-content\/uploads\/2024\/07\/JUDICIALES-EN-TERRAZAS.png","type":"image\/png"}],"author":"apuntesdesanluis.com","twitter_card":"summary_large_image","twitter_misc":{"Escrito por":"apuntesdesanluis.com","Tiempo de lectura":"3 minutos"},"schema":{"@context":"https:\/\/schema.org","@graph":[{"@type":"Article","@id":"https:\/\/apuntesdesanluis.com\/index.php\/2024\/07\/01\/judiciales-continuan-su-plan-de-lucha-y-se-movilizaran-a-terrazas\/#article","isPartOf":{"@id":"https:\/\/apuntesdesanluis.com\/index.php\/2024\/07\/01\/judiciales-continuan-su-plan-de-lucha-y-se-movilizaran-a-terrazas\/"},"author":{"name":"apuntesdesanluis.com","@id":"https:\/\/apuntesdesanluis.com\/#\/schema\/person\/b55151d52296fcce64d1a72538a70b90"},"headline":"JUDICIALES CONTIN\u00daAN SU PLAN DE LUCHA Y SE MOVILIZAR\u00c1N A TERRAZAS","datePublished":"2024-07-01T13:39:52+00:00","dateModified":"2024-07-01T13:47:44+00:00","mainEntityOfPage":{"@id":"https:\/\/apuntesdesanluis.com\/index.php\/2024\/07\/01\/judiciales-continuan-su-plan-de-lucha-y-se-movilizaran-a-terrazas\/"},"wordCount":401,"publisher":{"@id":"https:\/\/apuntesdesanluis.com\/#\/schema\/person\/b55151d52296fcce64d1a72538a70b90"},"image":{"@id":"https:\/\/apuntesdesanluis.com\/index.php\/2024\/07\/01\/judiciales-continuan-su-plan-de-lucha-y-se-movilizaran-a-terrazas\/#primaryimage"},"thumbnailUrl":"https:\/\/apuntesdesanluis.com\/wp-content\/uploads\/2024\/07\/JUDICIALES-EN-TERRAZAS.png","articleSection":["Ciudad\/Provincia"],"inLanguage":"es-AR"},{"@type":"WebPage","@id":"https:\/\/apuntesdesanluis.com\/index.php\/2024\/07\/01\/judiciales-continuan-su-plan-de-lucha-y-se-movilizaran-a-terrazas\/","url":"https:\/\/apuntesdesanluis.com\/index.php\/2024\/07\/01\/judiciales-continuan-su-plan-de-lucha-y-se-movilizaran-a-terrazas\/","name":"JUDICIALES CONTIN\u00daAN SU PLAN DE LUCHA Y SE MOVILIZAR\u00c1N A TERRAZAS - Apuntes de San Luis","isPartOf":{"@id":"https:\/\/apuntesdesanluis.com\/#website"},"primaryImageOfPage":{"@id":"https:\/\/apuntesdesanluis.com\/index.php\/2024\/07\/01\/judiciales-continuan-su-plan-de-lucha-y-se-movilizaran-a-terrazas\/#primaryimage"},"image":{"@id":"https:\/\/apuntesdesanluis.com\/index.php\/2024\/07\/01\/judiciales-continuan-su-plan-de-lucha-y-se-movilizaran-a-terrazas\/#primaryimage"},"thumbnailUrl":"https:\/\/apuntesdesanluis.com\/wp-content\/uploads\/2024\/07\/JUDICIALES-EN-TERRAZAS.png","datePublished":"2024-07-01T13:39:52+00:00","dateModified":"2024-07-01T13:47:44+00:00","breadcrumb":{"@id":"https:\/\/apuntesdesanluis.com\/index.php\/2024\/07\/01\/judiciales-continuan-su-plan-de-lucha-y-se-movilizaran-a-terrazas\/#breadcrumb"},"inLanguage":"es-AR","potentialAction":[{"@type":"ReadAction","target":["https:\/\/apuntesdesanluis.com\/index.php\/2024\/07\/01\/judiciales-continuan-su-plan-de-lucha-y-se-movilizaran-a-terrazas\/"]}]},{"@type":"ImageObject","inLanguage":"es-AR","@id":"https:\/\/apuntesdesanluis.com\/index.php\/2024\/07\/01\/judiciales-continuan-su-plan-de-lucha-y-se-movilizaran-a-terrazas\/#primaryimage","url":"https:\/\/apuntesdesanluis.com\/wp-content\/uploads\/2024\/07\/JUDICIALES-EN-TERRAZAS.png","contentUrl":"https:\/\/apuntesdesanluis.com\/wp-content\/uploads\/2024\/07\/JUDICIALES-EN-TERRAZAS.png","width":766,"height":472},{"@type":"BreadcrumbList","@id":"https:\/\/apuntesdesanluis.com\/index.php\/2024\/07\/01\/judiciales-continuan-su-plan-de-lucha-y-se-movilizaran-a-terrazas\/#breadcrumb","itemListElement":[{"@type":"ListItem","position":1,"name":"Inicio","item":"https:\/\/apuntesdesanluis.com\/"},{"@type":"ListItem","position":2,"name":"JUDICIALES CONTIN\u00daAN SU PLAN DE LUCHA Y SE MOVILIZAR\u00c1N A TERRAZAS"}]},{"@type":"WebSite","@id":"https:\/\/apuntesdesanluis.com\/#website","url":"https:\/\/apuntesdesanluis.com\/","name":"Apuntes de San Luis","description":"","publisher":{"@id":"https:\/\/apuntesdesanluis.com\/#\/schema\/person\/b55151d52296fcce64d1a72538a70b90"},"potentialAction":[{"@type":"SearchAction","target":{"@type":"EntryPoint","urlTemplate":"https:\/\/apuntesdesanluis.com\/?s={search_term_string}"},"query-input":{"@type":"PropertyValueSpecification","valueRequired":true,"valueName":"search_term_string"}}],"inLanguage":"es-AR"},{"@type":["Person","Organization"],"@id":"https:\/\/apuntesdesanluis.com\/#\/schema\/person\/b55151d52296fcce64d1a72538a70b90","name":"apuntesdesanluis.com","image":{"@type":"ImageObject","inLanguage":"es-AR","@id":"https:\/\/apuntesdesanluis.com\/#\/schema\/person\/image\/","url":"https:\/\/apuntesdesanluis.com\/wp-content\/uploads\/2023\/07\/cropped-apuntesdesanluis.png","contentUrl":"https:\/\/apuntesdesanluis.com\/wp-content\/uploads\/2023\/07\/cropped-apuntesdesanluis.png","width":450,"height":112,"caption":"apuntesdesanluis.com"},"logo":{"@id":"https:\/\/apuntesdesanluis.com\/#\/schema\/person\/image\/"},"sameAs":["https:\/\/apuntesdesanluis.com"],"url":"https:\/\/apuntesdesanluis.com\/index.php\/author\/apuntesdesanluis-com\/"}]}},"featured_image_urls":{"full":["https:\/\/apuntesdesanluis.com\/wp-content\/uploads\/2024\/07\/JUDICIALES-EN-TERRAZAS.png",766,472,false],"thumbnail":["https:\/\/apuntesdesanluis.com\/wp-content\/uploads\/2024\/07\/JUDICIALES-EN-TERRAZAS-150x150.png",150,150,true],"medium":["https:\/\/apuntesdesanluis.com\/wp-content\/uploads\/2024\/07\/JUDICIALES-EN-TERRAZAS-300x185.png",300,185,true],"medium_large":["https:\/\/apuntesdesanluis.com\/wp-content\/uploads\/2024\/07\/JUDICIALES-EN-TERRAZAS.png",640,394,false],"large":["https:\/\/apuntesdesanluis.com\/wp-content\/uploads\/2024\/07\/JUDICIALES-EN-TERRAZAS.png",640,394,false],"1536x1536":["https:\/\/apuntesdesanluis.com\/wp-content\/uploads\/2024\/07\/JUDICIALES-EN-TERRAZAS.png",766,472,false],"2048x2048":["https:\/\/apuntesdesanluis.com\/wp-content\/uploads\/2024\/07\/JUDICIALES-EN-TERRAZAS.png",766,472,false],"newsever-slider-full":["https:\/\/apuntesdesanluis.com\/wp-content\/uploads\/2024\/07\/JUDICIALES-EN-TERRAZAS.png",766,472,false],"newsever-featured":["https:\/\/apuntesdesanluis.com\/wp-content\/uploads\/2024\/07\/JUDICIALES-EN-TERRAZAS.png",766,472,false],"newsever-medium":["https:\/\/apuntesdesanluis.com\/wp-content\/uploads\/2024\/07\/JUDICIALES-EN-TERRAZAS-720x472.png",720,472,true]},"author_info":{"display_name":"apuntesdesanluis.com","author_link":"https:\/\/apuntesdesanluis.com\/index.php\/author\/apuntesdesanluis-com\/"},"category_info":"<a href=\"https:\/\/apuntesdesanluis.com\/index.php\/category\/ciudad-provincia\/\" rel=\"category tag\">Ciudad\/Provincia<\/a>","tag_info":"Ciudad\/Provincia","comment_count":"0","_links":{"self":[{"href":"https:\/\/apuntesdesanluis.com\/index.php\/wp-json\/wp\/v2\/posts\/18601","targetHints":{"allow":["GET"]}}],"collection":[{"href":"https:\/\/apuntesdesanluis.com\/index.php\/wp-json\/wp\/v2\/posts"}],"about":[{"href":"https:\/\/apuntesdesanluis.com\/index.php\/wp-json\/wp\/v2\/types\/post"}],"author":[{"embeddable":true,"href":"https:\/\/apuntesdesanluis.com\/index.php\/wp-json\/wp\/v2\/users\/1"}],"replies":[{"embeddable":true,"href":"https:\/\/apuntesdesanluis.com\/index.php\/wp-json\/wp\/v2\/comments?post=18601"}],"version-history":[{"count":6,"href":"https:\/\/apuntesdesanluis.com\/index.php\/wp-json\/wp\/v2\/posts\/18601\/revisions"}],"predecessor-version":[{"id":18611,"href":"https:\/\/apuntesdesanluis.com\/index.php\/wp-json\/wp\/v2\/posts\/18601\/revisions\/18611"}],"wp:featuredmedia":[{"embeddable":true,"href":"https:\/\/apuntesdesanluis.com\/index.php\/wp-json\/wp\/v2\/media\/18604"}],"wp:attachment":[{"href":"https:\/\/apuntesdesanluis.com\/index.php\/wp-json\/wp\/v2\/media?parent=18601"}],"wp:term":[{"taxonomy":"category","embeddable":true,"href":"https:\/\/apuntesdesanluis.com\/index.php\/wp-json\/wp\/v2\/categories?post=18601"},{"taxonomy":"post_tag","embeddable":true,"href":"https:\/\/apuntesdesanluis.com\/index.php\/wp-json\/wp\/v2\/tags?post=18601"}],"curies":[{"name":"wp","href":"https:\/\/api.w.org\/{rel}","templated":true}]}}