{"id":1861,"date":"2023-08-21T20:49:50","date_gmt":"2023-08-21T23:49:50","guid":{"rendered":"https:\/\/apuntesdesanluis.com\/?p=1861"},"modified":"2023-08-21T20:49:50","modified_gmt":"2023-08-21T23:49:50","slug":"continuan-con-los-trabajos-para-controlar-voraz-incendio-en-la-zona-de-rio-grande","status":"publish","type":"post","link":"https:\/\/apuntesdesanluis.com\/index.php\/2023\/08\/21\/continuan-con-los-trabajos-para-controlar-voraz-incendio-en-la-zona-de-rio-grande\/","title":{"rendered":"CONTIN\u00daAN CON LOS TRABAJOS PARA CONTROLAR VORAZ INCENDIO EN LA ZONA DE R\u00cdO GRANDE"},"content":{"rendered":"<h3 class=\"yiv7409174924ydp6329976emsonormal\" style=\"text-align: justify; background: white;\"><span style=\"font-family: 'Arial','sans-serif'; color: #1d2228;\">M\u00e1s de 120 personas de distintos organismos se encuentran combatiendo el foco que se extiende desde R\u00edo Grande hasta los altos de El Trapiche y 7 Cajones. La sequedad y los fuertes vientos dificultan la tarea de los combatientes. Solicitan transitar con precauci\u00f3n por las rutas 9 y 18.<\/span><\/h3>\n<h3 class=\"yiv7409174924ydp6329976emsonormal\" style=\"text-align: justify; background: white;\"><span style=\"font-family: 'Arial','sans-serif'; color: #1d2228;\">El fuego que comenz\u00f3 a arder este domingo alrededor de las 20:00, ya se extendi\u00f3 hasta las zonas de R\u00edo Grande, los altos de El Trapiche y 7 Cajones.<\/span><\/h3>\n<h3 class=\"yiv7409174924ydp6329976emsonormal\" style=\"text-align: justify; background: white;\"><span style=\"font-family: 'Arial','sans-serif'; color: #1d2228;\">Seg\u00fan inform\u00f3 el jefe de San Luis Solidario, Mart\u00edn Oroz, se evacuaron a 12 adultos y 3 ni\u00f1os. \u201cHay casas y veh\u00edculos que fueron afectados por el fuego, pero no se han tenido que lamentar v\u00edctimas\u201d, coment\u00f3.<\/span><\/h3>\n<h3 class=\"yiv7409174924ydp6329976emsonormal\" style=\"text-align: justify; background: white;\"><span style=\"font-family: 'Arial','sans-serif'; color: #1d2228;\">Est\u00e1n trabajando en el lugar integrantes de Defensa Civil de El Trapiche, voluntarios y Defensa Civil de Merlo y Bomberos Voluntarios de distintos cuarteles, San Luis Solidario, Bomberos de la Polic\u00eda, Vialidad Provincial, Ministerio de Desarrollo Social, Ente Control de Rutas, Seguridad Vial, Polic\u00eda de la Provincia y Hospital de El Trapiche. Asimismo, ya se solicit\u00f3 ayuda al Servicio Nacional de Manejo del Fuego con asiento en Valle del Conlara.<\/span><\/h3>\n<p><img fetchpriority=\"high\" decoding=\"async\" class=\"wp-image-1863 aligncenter\" src=\"https:\/\/apuntesdesanluis.com\/wp-content\/uploads\/2023\/08\/NCENDIO.TRAPICHE-300x204.png\" alt=\"\" width=\"828\" height=\"563\" srcset=\"https:\/\/apuntesdesanluis.com\/wp-content\/uploads\/2023\/08\/NCENDIO.TRAPICHE-300x204.png 300w, https:\/\/apuntesdesanluis.com\/wp-content\/uploads\/2023\/08\/NCENDIO.TRAPICHE.png 600w\" sizes=\"(max-width: 828px) 100vw, 828px\" \/><\/p>\n<h3 class=\"yiv7409174924ydp6329976emsonormal\" style=\"text-align: justify; background: white;\"><span style=\"font-family: 'Arial','sans-serif'; color: #1d2228;\">Las condiciones son desfavorables debido a los fuertes vientos que alcanzan los 60 km\/h y la gran sequedad de la zona. Los medios a\u00e9reos no pueden trabajar a causa de la velocidad del viento y la poca visibilidad. Se espera que las condiciones meteorol\u00f3gicas cambien y permitan la utilizaci\u00f3n de aviones hidrantes.<\/span><\/h3>\n<h3 class=\"yiv7409174924ydp6329976emsonormal\" style=\"text-align: justify; background: white;\"><span style=\"font-family: 'Arial','sans-serif'; color: #1d2228;\">Desde el Ministerio de Seguridad, adem\u00e1s, solicitaron a la ciudadan\u00eda que transiten con mucha precauci\u00f3n por las rutas provinciales 9 y 18, a causa de la poca visibilidad de la zona. <\/span><\/h3>\n<h3 class=\"yiv7409174924ydp6329976emsonormal\" style=\"text-align: justify; background: white;\"><span style=\"font-family: 'Arial','sans-serif'; color: #1d2228;\">Por otra parte, al mediod\u00eda de este lunes, se registr\u00f3 un nuevo foco de incendio en cercan\u00edas a Potrero de los Funes y ya comenzaron los trabajos para controlarlo.<\/span><\/h3>\n<p>&nbsp;<\/p>\n<p>&nbsp;<\/p>\n","protected":false},"excerpt":{"rendered":"<p>M\u00e1s de 120 personas de distintos organismos se encuentran combatiendo el foco que se extiende&#8230;<\/p>\n","protected":false},"author":1,"featured_media":1862,"comment_status":"closed","ping_status":"closed","sticky":false,"template":"","format":"standard","meta":{"footnotes":""},"categories":[6],"tags":[],"class_list":["post-1861","post","type-post","status-publish","format-standard","has-post-thumbnail","hentry","category-ciudad-provincia"],"yoast_head":"<!-- This site is optimized with the Yoast SEO plugin v26.1.1 - https:\/\/yoast.com\/wordpress\/plugins\/seo\/ -->\n<title>CONTIN\u00daAN CON LOS TRABAJOS PARA CONTROLAR VORAZ INCENDIO EN LA ZONA DE R\u00cdO GRANDE - Apuntes de San Luis<\/title>\n<meta name=\"robots\" content=\"index, follow, max-snippet:-1, max-image-preview:large, max-video-preview:-1\" \/>\n<link rel=\"canonical\" href=\"https:\/\/apuntesdesanluis.com\/index.php\/2023\/08\/21\/continuan-con-los-trabajos-para-controlar-voraz-incendio-en-la-zona-de-rio-grande\/\" \/>\n<meta property=\"og:locale\" content=\"es_ES\" \/>\n<meta property=\"og:type\" content=\"article\" \/>\n<meta property=\"og:title\" content=\"CONTIN\u00daAN CON LOS TRABAJOS PARA CONTROLAR VORAZ INCENDIO EN LA ZONA DE R\u00cdO GRANDE - Apuntes de San Luis\" \/>\n<meta property=\"og:description\" content=\"M\u00e1s de 120 personas de distintos organismos se encuentran combatiendo el foco que se extiende...\" \/>\n<meta property=\"og:url\" content=\"https:\/\/apuntesdesanluis.com\/index.php\/2023\/08\/21\/continuan-con-los-trabajos-para-controlar-voraz-incendio-en-la-zona-de-rio-grande\/\" \/>\n<meta property=\"og:site_name\" content=\"Apuntes de San Luis\" \/>\n<meta property=\"article:published_time\" content=\"2023-08-21T23:49:50+00:00\" \/>\n<meta property=\"og:image\" content=\"https:\/\/apuntesdesanluis.com\/wp-content\/uploads\/2023\/08\/INCENDIO-TAPA.png\" \/>\n\t<meta property=\"og:image:width\" content=\"600\" \/>\n\t<meta property=\"og:image:height\" content=\"395\" \/>\n\t<meta property=\"og:image:type\" content=\"image\/png\" \/>\n<meta name=\"author\" content=\"apuntesdesanluis.com\" \/>\n<meta name=\"twitter:card\" content=\"summary_large_image\" \/>\n<meta name=\"twitter:label1\" content=\"Escrito por\" \/>\n\t<meta name=\"twitter:data1\" content=\"apuntesdesanluis.com\" \/>\n\t<meta name=\"twitter:label2\" content=\"Tiempo de lectura\" \/>\n\t<meta name=\"twitter:data2\" content=\"2 minutos\" \/>\n<script type=\"application\/ld+json\" class=\"yoast-schema-graph\">{\"@context\":\"https:\/\/schema.org\",\"@graph\":[{\"@type\":\"Article\",\"@id\":\"https:\/\/apuntesdesanluis.com\/index.php\/2023\/08\/21\/continuan-con-los-trabajos-para-controlar-voraz-incendio-en-la-zona-de-rio-grande\/#article\",\"isPartOf\":{\"@id\":\"https:\/\/apuntesdesanluis.com\/index.php\/2023\/08\/21\/continuan-con-los-trabajos-para-controlar-voraz-incendio-en-la-zona-de-rio-grande\/\"},\"author\":{\"name\":\"apuntesdesanluis.com\",\"@id\":\"https:\/\/apuntesdesanluis.com\/#\/schema\/person\/b55151d52296fcce64d1a72538a70b90\"},\"headline\":\"CONTIN\u00daAN CON LOS TRABAJOS PARA CONTROLAR VORAZ INCENDIO EN LA ZONA DE R\u00cdO GRANDE\",\"datePublished\":\"2023-08-21T23:49:50+00:00\",\"mainEntityOfPage\":{\"@id\":\"https:\/\/apuntesdesanluis.com\/index.php\/2023\/08\/21\/continuan-con-los-trabajos-para-controlar-voraz-incendio-en-la-zona-de-rio-grande\/\"},\"wordCount\":325,\"publisher\":{\"@id\":\"https:\/\/apuntesdesanluis.com\/#\/schema\/person\/b55151d52296fcce64d1a72538a70b90\"},\"image\":{\"@id\":\"https:\/\/apuntesdesanluis.com\/index.php\/2023\/08\/21\/continuan-con-los-trabajos-para-controlar-voraz-incendio-en-la-zona-de-rio-grande\/#primaryimage\"},\"thumbnailUrl\":\"https:\/\/apuntesdesanluis.com\/wp-content\/uploads\/2023\/08\/INCENDIO-TAPA.png\",\"articleSection\":[\"Ciudad\/Provincia\"],\"inLanguage\":\"es-AR\"},{\"@type\":\"WebPage\",\"@id\":\"https:\/\/apuntesdesanluis.com\/index.php\/2023\/08\/21\/continuan-con-los-trabajos-para-controlar-voraz-incendio-en-la-zona-de-rio-grande\/\",\"url\":\"https:\/\/apuntesdesanluis.com\/index.php\/2023\/08\/21\/continuan-con-los-trabajos-para-controlar-voraz-incendio-en-la-zona-de-rio-grande\/\",\"name\":\"CONTIN\u00daAN CON LOS TRABAJOS PARA CONTROLAR VORAZ INCENDIO EN LA ZONA DE R\u00cdO GRANDE - Apuntes de San Luis\",\"isPartOf\":{\"@id\":\"https:\/\/apuntesdesanluis.com\/#website\"},\"primaryImageOfPage\":{\"@id\":\"https:\/\/apuntesdesanluis.com\/index.php\/2023\/08\/21\/continuan-con-los-trabajos-para-controlar-voraz-incendio-en-la-zona-de-rio-grande\/#primaryimage\"},\"image\":{\"@id\":\"https:\/\/apuntesdesanluis.com\/index.php\/2023\/08\/21\/continuan-con-los-trabajos-para-controlar-voraz-incendio-en-la-zona-de-rio-grande\/#primaryimage\"},\"thumbnailUrl\":\"https:\/\/apuntesdesanluis.com\/wp-content\/uploads\/2023\/08\/INCENDIO-TAPA.png\",\"datePublished\":\"2023-08-21T23:49:50+00:00\",\"breadcrumb\":{\"@id\":\"https:\/\/apuntesdesanluis.com\/index.php\/2023\/08\/21\/continuan-con-los-trabajos-para-controlar-voraz-incendio-en-la-zona-de-rio-grande\/#breadcrumb\"},\"inLanguage\":\"es-AR\",\"potentialAction\":[{\"@type\":\"ReadAction\",\"target\":[\"https:\/\/apuntesdesanluis.com\/index.php\/2023\/08\/21\/continuan-con-los-trabajos-para-controlar-voraz-incendio-en-la-zona-de-rio-grande\/\"]}]},{\"@type\":\"ImageObject\",\"inLanguage\":\"es-AR\",\"@id\":\"https:\/\/apuntesdesanluis.com\/index.php\/2023\/08\/21\/continuan-con-los-trabajos-para-controlar-voraz-incendio-en-la-zona-de-rio-grande\/#primaryimage\",\"url\":\"https:\/\/apuntesdesanluis.com\/wp-content\/uploads\/2023\/08\/INCENDIO-TAPA.png\",\"contentUrl\":\"https:\/\/apuntesdesanluis.com\/wp-content\/uploads\/2023\/08\/INCENDIO-TAPA.png\",\"width\":600,\"height\":395},{\"@type\":\"BreadcrumbList\",\"@id\":\"https:\/\/apuntesdesanluis.com\/index.php\/2023\/08\/21\/continuan-con-los-trabajos-para-controlar-voraz-incendio-en-la-zona-de-rio-grande\/#breadcrumb\",\"itemListElement\":[{\"@type\":\"ListItem\",\"position\":1,\"name\":\"Inicio\",\"item\":\"https:\/\/apuntesdesanluis.com\/\"},{\"@type\":\"ListItem\",\"position\":2,\"name\":\"CONTIN\u00daAN CON LOS TRABAJOS PARA CONTROLAR VORAZ INCENDIO EN LA ZONA DE R\u00cdO GRANDE\"}]},{\"@type\":\"WebSite\",\"@id\":\"https:\/\/apuntesdesanluis.com\/#website\",\"url\":\"https:\/\/apuntesdesanluis.com\/\",\"name\":\"Apuntes de San Luis\",\"description\":\"\",\"publisher\":{\"@id\":\"https:\/\/apuntesdesanluis.com\/#\/schema\/person\/b55151d52296fcce64d1a72538a70b90\"},\"potentialAction\":[{\"@type\":\"SearchAction\",\"target\":{\"@type\":\"EntryPoint\",\"urlTemplate\":\"https:\/\/apuntesdesanluis.com\/?s={search_term_string}\"},\"query-input\":{\"@type\":\"PropertyValueSpecification\",\"valueRequired\":true,\"valueName\":\"search_term_string\"}}],\"inLanguage\":\"es-AR\"},{\"@type\":[\"Person\",\"Organization\"],\"@id\":\"https:\/\/apuntesdesanluis.com\/#\/schema\/person\/b55151d52296fcce64d1a72538a70b90\",\"name\":\"apuntesdesanluis.com\",\"image\":{\"@type\":\"ImageObject\",\"inLanguage\":\"es-AR\",\"@id\":\"https:\/\/apuntesdesanluis.com\/#\/schema\/person\/image\/\",\"url\":\"https:\/\/apuntesdesanluis.com\/wp-content\/uploads\/2023\/07\/cropped-apuntesdesanluis.png\",\"contentUrl\":\"https:\/\/apuntesdesanluis.com\/wp-content\/uploads\/2023\/07\/cropped-apuntesdesanluis.png\",\"width\":450,\"height\":112,\"caption\":\"apuntesdesanluis.com\"},\"logo\":{\"@id\":\"https:\/\/apuntesdesanluis.com\/#\/schema\/person\/image\/\"},\"sameAs\":[\"https:\/\/apuntesdesanluis.com\"],\"url\":\"https:\/\/apuntesdesanluis.com\/index.php\/author\/apuntesdesanluis-com\/\"}]}<\/script>\n<!-- \/ Yoast SEO plugin. -->","yoast_head_json":{"title":"CONTIN\u00daAN CON LOS TRABAJOS PARA CONTROLAR VORAZ INCENDIO EN LA ZONA DE R\u00cdO GRANDE - Apuntes de San Luis","robots":{"index":"index","follow":"follow","max-snippet":"max-snippet:-1","max-image-preview":"max-image-preview:large","max-video-preview":"max-video-preview:-1"},"canonical":"https:\/\/apuntesdesanluis.com\/index.php\/2023\/08\/21\/continuan-con-los-trabajos-para-controlar-voraz-incendio-en-la-zona-de-rio-grande\/","og_locale":"es_ES","og_type":"article","og_title":"CONTIN\u00daAN CON LOS TRABAJOS PARA CONTROLAR VORAZ INCENDIO EN LA ZONA DE R\u00cdO GRANDE - Apuntes de San Luis","og_description":"M\u00e1s de 120 personas de distintos organismos se encuentran combatiendo el foco que se extiende...","og_url":"https:\/\/apuntesdesanluis.com\/index.php\/2023\/08\/21\/continuan-con-los-trabajos-para-controlar-voraz-incendio-en-la-zona-de-rio-grande\/","og_site_name":"Apuntes de San Luis","article_published_time":"2023-08-21T23:49:50+00:00","og_image":[{"width":600,"height":395,"url":"https:\/\/apuntesdesanluis.com\/wp-content\/uploads\/2023\/08\/INCENDIO-TAPA.png","type":"image\/png"}],"author":"apuntesdesanluis.com","twitter_card":"summary_large_image","twitter_misc":{"Escrito por":"apuntesdesanluis.com","Tiempo de lectura":"2 minutos"},"schema":{"@context":"https:\/\/schema.org","@graph":[{"@type":"Article","@id":"https:\/\/apuntesdesanluis.com\/index.php\/2023\/08\/21\/continuan-con-los-trabajos-para-controlar-voraz-incendio-en-la-zona-de-rio-grande\/#article","isPartOf":{"@id":"https:\/\/apuntesdesanluis.com\/index.php\/2023\/08\/21\/continuan-con-los-trabajos-para-controlar-voraz-incendio-en-la-zona-de-rio-grande\/"},"author":{"name":"apuntesdesanluis.com","@id":"https:\/\/apuntesdesanluis.com\/#\/schema\/person\/b55151d52296fcce64d1a72538a70b90"},"headline":"CONTIN\u00daAN CON LOS TRABAJOS PARA CONTROLAR VORAZ INCENDIO EN LA ZONA DE R\u00cdO GRANDE","datePublished":"2023-08-21T23:49:50+00:00","mainEntityOfPage":{"@id":"https:\/\/apuntesdesanluis.com\/index.php\/2023\/08\/21\/continuan-con-los-trabajos-para-controlar-voraz-incendio-en-la-zona-de-rio-grande\/"},"wordCount":325,"publisher":{"@id":"https:\/\/apuntesdesanluis.com\/#\/schema\/person\/b55151d52296fcce64d1a72538a70b90"},"image":{"@id":"https:\/\/apuntesdesanluis.com\/index.php\/2023\/08\/21\/continuan-con-los-trabajos-para-controlar-voraz-incendio-en-la-zona-de-rio-grande\/#primaryimage"},"thumbnailUrl":"https:\/\/apuntesdesanluis.com\/wp-content\/uploads\/2023\/08\/INCENDIO-TAPA.png","articleSection":["Ciudad\/Provincia"],"inLanguage":"es-AR"},{"@type":"WebPage","@id":"https:\/\/apuntesdesanluis.com\/index.php\/2023\/08\/21\/continuan-con-los-trabajos-para-controlar-voraz-incendio-en-la-zona-de-rio-grande\/","url":"https:\/\/apuntesdesanluis.com\/index.php\/2023\/08\/21\/continuan-con-los-trabajos-para-controlar-voraz-incendio-en-la-zona-de-rio-grande\/","name":"CONTIN\u00daAN CON LOS TRABAJOS PARA CONTROLAR VORAZ INCENDIO EN LA ZONA DE R\u00cdO GRANDE - Apuntes de San Luis","isPartOf":{"@id":"https:\/\/apuntesdesanluis.com\/#website"},"primaryImageOfPage":{"@id":"https:\/\/apuntesdesanluis.com\/index.php\/2023\/08\/21\/continuan-con-los-trabajos-para-controlar-voraz-incendio-en-la-zona-de-rio-grande\/#primaryimage"},"image":{"@id":"https:\/\/apuntesdesanluis.com\/index.php\/2023\/08\/21\/continuan-con-los-trabajos-para-controlar-voraz-incendio-en-la-zona-de-rio-grande\/#primaryimage"},"thumbnailUrl":"https:\/\/apuntesdesanluis.com\/wp-content\/uploads\/2023\/08\/INCENDIO-TAPA.png","datePublished":"2023-08-21T23:49:50+00:00","breadcrumb":{"@id":"https:\/\/apuntesdesanluis.com\/index.php\/2023\/08\/21\/continuan-con-los-trabajos-para-controlar-voraz-incendio-en-la-zona-de-rio-grande\/#breadcrumb"},"inLanguage":"es-AR","potentialAction":[{"@type":"ReadAction","target":["https:\/\/apuntesdesanluis.com\/index.php\/2023\/08\/21\/continuan-con-los-trabajos-para-controlar-voraz-incendio-en-la-zona-de-rio-grande\/"]}]},{"@type":"ImageObject","inLanguage":"es-AR","@id":"https:\/\/apuntesdesanluis.com\/index.php\/2023\/08\/21\/continuan-con-los-trabajos-para-controlar-voraz-incendio-en-la-zona-de-rio-grande\/#primaryimage","url":"https:\/\/apuntesdesanluis.com\/wp-content\/uploads\/2023\/08\/INCENDIO-TAPA.png","contentUrl":"https:\/\/apuntesdesanluis.com\/wp-content\/uploads\/2023\/08\/INCENDIO-TAPA.png","width":600,"height":395},{"@type":"BreadcrumbList","@id":"https:\/\/apuntesdesanluis.com\/index.php\/2023\/08\/21\/continuan-con-los-trabajos-para-controlar-voraz-incendio-en-la-zona-de-rio-grande\/#breadcrumb","itemListElement":[{"@type":"ListItem","position":1,"name":"Inicio","item":"https:\/\/apuntesdesanluis.com\/"},{"@type":"ListItem","position":2,"name":"CONTIN\u00daAN CON LOS TRABAJOS PARA CONTROLAR VORAZ INCENDIO EN LA ZONA DE R\u00cdO GRANDE"}]},{"@type":"WebSite","@id":"https:\/\/apuntesdesanluis.com\/#website","url":"https:\/\/apuntesdesanluis.com\/","name":"Apuntes de San Luis","description":"","publisher":{"@id":"https:\/\/apuntesdesanluis.com\/#\/schema\/person\/b55151d52296fcce64d1a72538a70b90"},"potentialAction":[{"@type":"SearchAction","target":{"@type":"EntryPoint","urlTemplate":"https:\/\/apuntesdesanluis.com\/?s={search_term_string}"},"query-input":{"@type":"PropertyValueSpecification","valueRequired":true,"valueName":"search_term_string"}}],"inLanguage":"es-AR"},{"@type":["Person","Organization"],"@id":"https:\/\/apuntesdesanluis.com\/#\/schema\/person\/b55151d52296fcce64d1a72538a70b90","name":"apuntesdesanluis.com","image":{"@type":"ImageObject","inLanguage":"es-AR","@id":"https:\/\/apuntesdesanluis.com\/#\/schema\/person\/image\/","url":"https:\/\/apuntesdesanluis.com\/wp-content\/uploads\/2023\/07\/cropped-apuntesdesanluis.png","contentUrl":"https:\/\/apuntesdesanluis.com\/wp-content\/uploads\/2023\/07\/cropped-apuntesdesanluis.png","width":450,"height":112,"caption":"apuntesdesanluis.com"},"logo":{"@id":"https:\/\/apuntesdesanluis.com\/#\/schema\/person\/image\/"},"sameAs":["https:\/\/apuntesdesanluis.com"],"url":"https:\/\/apuntesdesanluis.com\/index.php\/author\/apuntesdesanluis-com\/"}]}},"featured_image_urls":{"full":["https:\/\/apuntesdesanluis.com\/wp-content\/uploads\/2023\/08\/INCENDIO-TAPA.png",600,395,false],"thumbnail":["https:\/\/apuntesdesanluis.com\/wp-content\/uploads\/2023\/08\/INCENDIO-TAPA-150x150.png",150,150,true],"medium":["https:\/\/apuntesdesanluis.com\/wp-content\/uploads\/2023\/08\/INCENDIO-TAPA-300x198.png",300,198,true],"medium_large":["https:\/\/apuntesdesanluis.com\/wp-content\/uploads\/2023\/08\/INCENDIO-TAPA.png",600,395,false],"large":["https:\/\/apuntesdesanluis.com\/wp-content\/uploads\/2023\/08\/INCENDIO-TAPA.png",600,395,false],"1536x1536":["https:\/\/apuntesdesanluis.com\/wp-content\/uploads\/2023\/08\/INCENDIO-TAPA.png",600,395,false],"2048x2048":["https:\/\/apuntesdesanluis.com\/wp-content\/uploads\/2023\/08\/INCENDIO-TAPA.png",600,395,false],"newsever-slider-full":["https:\/\/apuntesdesanluis.com\/wp-content\/uploads\/2023\/08\/INCENDIO-TAPA.png",600,395,false],"newsever-featured":["https:\/\/apuntesdesanluis.com\/wp-content\/uploads\/2023\/08\/INCENDIO-TAPA.png",600,395,false],"newsever-medium":["https:\/\/apuntesdesanluis.com\/wp-content\/uploads\/2023\/08\/INCENDIO-TAPA.png",600,395,false]},"author_info":{"display_name":"apuntesdesanluis.com","author_link":"https:\/\/apuntesdesanluis.com\/index.php\/author\/apuntesdesanluis-com\/"},"category_info":"<a href=\"https:\/\/apuntesdesanluis.com\/index.php\/category\/ciudad-provincia\/\" rel=\"category tag\">Ciudad\/Provincia<\/a>","tag_info":"Ciudad\/Provincia","comment_count":"0","_links":{"self":[{"href":"https:\/\/apuntesdesanluis.com\/index.php\/wp-json\/wp\/v2\/posts\/1861","targetHints":{"allow":["GET"]}}],"collection":[{"href":"https:\/\/apuntesdesanluis.com\/index.php\/wp-json\/wp\/v2\/posts"}],"about":[{"href":"https:\/\/apuntesdesanluis.com\/index.php\/wp-json\/wp\/v2\/types\/post"}],"author":[{"embeddable":true,"href":"https:\/\/apuntesdesanluis.com\/index.php\/wp-json\/wp\/v2\/users\/1"}],"replies":[{"embeddable":true,"href":"https:\/\/apuntesdesanluis.com\/index.php\/wp-json\/wp\/v2\/comments?post=1861"}],"version-history":[{"count":1,"href":"https:\/\/apuntesdesanluis.com\/index.php\/wp-json\/wp\/v2\/posts\/1861\/revisions"}],"predecessor-version":[{"id":1864,"href":"https:\/\/apuntesdesanluis.com\/index.php\/wp-json\/wp\/v2\/posts\/1861\/revisions\/1864"}],"wp:featuredmedia":[{"embeddable":true,"href":"https:\/\/apuntesdesanluis.com\/index.php\/wp-json\/wp\/v2\/media\/1862"}],"wp:attachment":[{"href":"https:\/\/apuntesdesanluis.com\/index.php\/wp-json\/wp\/v2\/media?parent=1861"}],"wp:term":[{"taxonomy":"category","embeddable":true,"href":"https:\/\/apuntesdesanluis.com\/index.php\/wp-json\/wp\/v2\/categories?post=1861"},{"taxonomy":"post_tag","embeddable":true,"href":"https:\/\/apuntesdesanluis.com\/index.php\/wp-json\/wp\/v2\/tags?post=1861"}],"curies":[{"name":"wp","href":"https:\/\/api.w.org\/{rel}","templated":true}]}}