{"id":18614,"date":"2024-07-01T15:43:20","date_gmt":"2024-07-01T18:43:20","guid":{"rendered":"https:\/\/apuntesdesanluis.com\/?p=18614"},"modified":"2024-07-01T15:43:20","modified_gmt":"2024-07-01T18:43:20","slug":"juzgan-a-dos-jovenes-que-robaron-con-un-arma-de-juguete","status":"publish","type":"post","link":"https:\/\/apuntesdesanluis.com\/index.php\/2024\/07\/01\/juzgan-a-dos-jovenes-que-robaron-con-un-arma-de-juguete\/","title":{"rendered":"JUZGAN A DOS J\u00d3VENES QUE ROBARON CON UN ARMA DE JUGUETE"},"content":{"rendered":"<h3>Los alegatos de apertura se desarrollaron este lunes en la Sala de Juicio Orales N\u00ba 1 del edificio judicial mercedino.<\/h3>\n<h3>Robo calificado por la utilizaci\u00f3n de arma de fuego de utiler\u00eda y desobediencia a la autoridad son los delitos por los que llegaron a juicio dos hombres. El debate inici\u00f3 hoy con los alegatos de apertura en la Sala de Juicio Orales N\u00ba 1.<\/h3>\n<h3>El Fiscal de Juicio, Dr. N\u00e9stor Lucero, sostuvo la acusaci\u00f3n de primera instancia, relat\u00f3 los hechos y expres\u00f3 que se acreditar\u00eda la autor\u00eda de ambos acusados como autores de los delitos.<\/h3>\n<h3>El hecho, ocurri\u00f3 el 7 de mayo de 2022 a las 19:00 hs en Villa Mercedes. Ese d\u00eda, por calle Necochea ven\u00edan caminando dos personas, y en la intersecci\u00f3n de calle Suipacha fueron interceptados por los imputados quienes estaban a bordo de una motocicleta.<\/h3>\n<p><img fetchpriority=\"high\" decoding=\"async\" class=\"wp-image-18616 aligncenter\" src=\"https:\/\/apuntesdesanluis.com\/wp-content\/uploads\/2024\/07\/JUEZAS-300x169.png\" alt=\"\" width=\"588\" height=\"331\" srcset=\"https:\/\/apuntesdesanluis.com\/wp-content\/uploads\/2024\/07\/JUEZAS-300x169.png 300w, https:\/\/apuntesdesanluis.com\/wp-content\/uploads\/2024\/07\/JUEZAS.png 600w\" sizes=\"(max-width: 588px) 100vw, 588px\" \/><\/p>\n<h3>En ese momento, uno de los imputados descendi\u00f3 de la moto y mediante amenazas y la utilizaci\u00f3n del arma le exigi\u00f3 el celular, adem\u00e1s a la otra persona le tironearon la mochila, quien se sinti\u00f3 amenazada y aterrorizada, afirm\u00f3 el Fiscal. Despu\u00e9s de ese hecho, se fueron del lugar y se toparon con un control policial que esquivaron y acometieron sobre un polic\u00eda,\u00a0 no haciendo caso a la orden de detenci\u00f3n.<\/h3>\n<h3>La Defensa de uno de los acusados es ejercida por el Dr. Javier Quiroga quien en su alegato de apertura dijo que la imputaci\u00f3n f\u00e1ctica esbozada por fiscal\u00eda no podr\u00e1 ser demostrada con el grado de certeza que se requiere en esta instancia, expres\u00f3 que al tratarse del empleo de un arma de juguete, los denunciantes no corrieron peligro, dijo que se trat\u00f3 de un simple arrebato.<\/h3>\n<h3>Agreg\u00f3 que los hechos deber\u00edan ser subsumidos en otra figura m\u00e1s ben\u00e9vola y solicit\u00f3 que se tengan en cuenta las condiciones atenuantes de su pupilo, como la falta de antecedentes y que siempre estuvo sometido al proceso sin entorpecer la investigaci\u00f3n.<\/h3>\n<h3>Por otro lado, la Defensora de Juicio, Dra. Roc\u00edo Mediavilla \u2013en representaci\u00f3n del otro imputado- adhiri\u00f3 a lo manifestado por el Dr. Quiroga y manifest\u00f3 que durante el debate demostrar\u00eda la inocencia de su defendido, agreg\u00f3 que se trat\u00f3 de un arrebato y que no se le secuestr\u00f3 ning\u00fan arma, en cuanto a la desobediencia dijo que no se dan los elementos.<\/h3>\n<h3>Solicit\u00f3 que se tengan en cuenta los atenuantes, ya que no tienen antecedentes de condena y que siempre se someti\u00f3 a proceso.<\/h3>\n<h3>El tribunal integrado por las Dras. Sandra Ehrilch, Virna Eguinoa y Daniela Estrada, declar\u00f3 abierta la etapa probatoria. Para este lunes, estaban previstas declaraciones testimoniales.<\/h3>\n<p>&nbsp;<\/p>\n<p>&nbsp;<\/p>\n<p>&nbsp;<\/p>\n<h3><\/h3>\n<h3><\/h3>\n<h3><\/h3>\n<p>&nbsp;<\/p>\n","protected":false},"excerpt":{"rendered":"<p>Los alegatos de apertura se desarrollaron este lunes en la Sala de Juicio Orales N\u00ba&#8230;<\/p>\n","protected":false},"author":1,"featured_media":18615,"comment_status":"closed","ping_status":"closed","sticky":false,"template":"","format":"standard","meta":{"footnotes":""},"categories":[6],"tags":[],"class_list":["post-18614","post","type-post","status-publish","format-standard","has-post-thumbnail","hentry","category-ciudad-provincia"],"yoast_head":"<!-- This site is optimized with the Yoast SEO plugin v26.1.1 - https:\/\/yoast.com\/wordpress\/plugins\/seo\/ -->\n<title>JUZGAN A DOS J\u00d3VENES QUE ROBARON CON UN ARMA DE JUGUETE - Apuntes de San Luis<\/title>\n<meta name=\"robots\" content=\"index, follow, max-snippet:-1, max-image-preview:large, max-video-preview:-1\" \/>\n<link rel=\"canonical\" href=\"https:\/\/apuntesdesanluis.com\/index.php\/2024\/07\/01\/juzgan-a-dos-jovenes-que-robaron-con-un-arma-de-juguete\/\" \/>\n<meta property=\"og:locale\" content=\"es_ES\" \/>\n<meta property=\"og:type\" content=\"article\" \/>\n<meta property=\"og:title\" content=\"JUZGAN A DOS J\u00d3VENES QUE ROBARON CON UN ARMA DE JUGUETE - Apuntes de San Luis\" \/>\n<meta property=\"og:description\" content=\"Los alegatos de apertura se desarrollaron este lunes en la Sala de Juicio Orales N\u00ba...\" \/>\n<meta property=\"og:url\" content=\"https:\/\/apuntesdesanluis.com\/index.php\/2024\/07\/01\/juzgan-a-dos-jovenes-que-robaron-con-un-arma-de-juguete\/\" \/>\n<meta property=\"og:site_name\" content=\"Apuntes de San Luis\" \/>\n<meta property=\"article:published_time\" content=\"2024-07-01T18:43:20+00:00\" \/>\n<meta property=\"og:image\" content=\"https:\/\/apuntesdesanluis.com\/wp-content\/uploads\/2024\/07\/JUCIO-A-2-JOVENES.png\" \/>\n\t<meta property=\"og:image:width\" content=\"600\" \/>\n\t<meta property=\"og:image:height\" content=\"339\" \/>\n\t<meta property=\"og:image:type\" content=\"image\/png\" \/>\n<meta name=\"author\" content=\"apuntesdesanluis.com\" \/>\n<meta name=\"twitter:card\" content=\"summary_large_image\" \/>\n<meta name=\"twitter:label1\" content=\"Escrito por\" \/>\n\t<meta name=\"twitter:data1\" content=\"apuntesdesanluis.com\" \/>\n\t<meta name=\"twitter:label2\" content=\"Tiempo de lectura\" \/>\n\t<meta name=\"twitter:data2\" content=\"3 minutos\" \/>\n<script type=\"application\/ld+json\" class=\"yoast-schema-graph\">{\"@context\":\"https:\/\/schema.org\",\"@graph\":[{\"@type\":\"Article\",\"@id\":\"https:\/\/apuntesdesanluis.com\/index.php\/2024\/07\/01\/juzgan-a-dos-jovenes-que-robaron-con-un-arma-de-juguete\/#article\",\"isPartOf\":{\"@id\":\"https:\/\/apuntesdesanluis.com\/index.php\/2024\/07\/01\/juzgan-a-dos-jovenes-que-robaron-con-un-arma-de-juguete\/\"},\"author\":{\"name\":\"apuntesdesanluis.com\",\"@id\":\"https:\/\/apuntesdesanluis.com\/#\/schema\/person\/b55151d52296fcce64d1a72538a70b90\"},\"headline\":\"JUZGAN A DOS J\u00d3VENES QUE ROBARON CON UN ARMA DE JUGUETE\",\"datePublished\":\"2024-07-01T18:43:20+00:00\",\"mainEntityOfPage\":{\"@id\":\"https:\/\/apuntesdesanluis.com\/index.php\/2024\/07\/01\/juzgan-a-dos-jovenes-que-robaron-con-un-arma-de-juguete\/\"},\"wordCount\":463,\"publisher\":{\"@id\":\"https:\/\/apuntesdesanluis.com\/#\/schema\/person\/b55151d52296fcce64d1a72538a70b90\"},\"image\":{\"@id\":\"https:\/\/apuntesdesanluis.com\/index.php\/2024\/07\/01\/juzgan-a-dos-jovenes-que-robaron-con-un-arma-de-juguete\/#primaryimage\"},\"thumbnailUrl\":\"https:\/\/apuntesdesanluis.com\/wp-content\/uploads\/2024\/07\/JUCIO-A-2-JOVENES.png\",\"articleSection\":[\"Ciudad\/Provincia\"],\"inLanguage\":\"es-AR\"},{\"@type\":\"WebPage\",\"@id\":\"https:\/\/apuntesdesanluis.com\/index.php\/2024\/07\/01\/juzgan-a-dos-jovenes-que-robaron-con-un-arma-de-juguete\/\",\"url\":\"https:\/\/apuntesdesanluis.com\/index.php\/2024\/07\/01\/juzgan-a-dos-jovenes-que-robaron-con-un-arma-de-juguete\/\",\"name\":\"JUZGAN A DOS J\u00d3VENES QUE ROBARON CON UN ARMA DE JUGUETE - Apuntes de San Luis\",\"isPartOf\":{\"@id\":\"https:\/\/apuntesdesanluis.com\/#website\"},\"primaryImageOfPage\":{\"@id\":\"https:\/\/apuntesdesanluis.com\/index.php\/2024\/07\/01\/juzgan-a-dos-jovenes-que-robaron-con-un-arma-de-juguete\/#primaryimage\"},\"image\":{\"@id\":\"https:\/\/apuntesdesanluis.com\/index.php\/2024\/07\/01\/juzgan-a-dos-jovenes-que-robaron-con-un-arma-de-juguete\/#primaryimage\"},\"thumbnailUrl\":\"https:\/\/apuntesdesanluis.com\/wp-content\/uploads\/2024\/07\/JUCIO-A-2-JOVENES.png\",\"datePublished\":\"2024-07-01T18:43:20+00:00\",\"breadcrumb\":{\"@id\":\"https:\/\/apuntesdesanluis.com\/index.php\/2024\/07\/01\/juzgan-a-dos-jovenes-que-robaron-con-un-arma-de-juguete\/#breadcrumb\"},\"inLanguage\":\"es-AR\",\"potentialAction\":[{\"@type\":\"ReadAction\",\"target\":[\"https:\/\/apuntesdesanluis.com\/index.php\/2024\/07\/01\/juzgan-a-dos-jovenes-que-robaron-con-un-arma-de-juguete\/\"]}]},{\"@type\":\"ImageObject\",\"inLanguage\":\"es-AR\",\"@id\":\"https:\/\/apuntesdesanluis.com\/index.php\/2024\/07\/01\/juzgan-a-dos-jovenes-que-robaron-con-un-arma-de-juguete\/#primaryimage\",\"url\":\"https:\/\/apuntesdesanluis.com\/wp-content\/uploads\/2024\/07\/JUCIO-A-2-JOVENES.png\",\"contentUrl\":\"https:\/\/apuntesdesanluis.com\/wp-content\/uploads\/2024\/07\/JUCIO-A-2-JOVENES.png\",\"width\":600,\"height\":339},{\"@type\":\"BreadcrumbList\",\"@id\":\"https:\/\/apuntesdesanluis.com\/index.php\/2024\/07\/01\/juzgan-a-dos-jovenes-que-robaron-con-un-arma-de-juguete\/#breadcrumb\",\"itemListElement\":[{\"@type\":\"ListItem\",\"position\":1,\"name\":\"Inicio\",\"item\":\"https:\/\/apuntesdesanluis.com\/\"},{\"@type\":\"ListItem\",\"position\":2,\"name\":\"JUZGAN A DOS J\u00d3VENES QUE ROBARON CON UN ARMA DE JUGUETE\"}]},{\"@type\":\"WebSite\",\"@id\":\"https:\/\/apuntesdesanluis.com\/#website\",\"url\":\"https:\/\/apuntesdesanluis.com\/\",\"name\":\"Apuntes de San Luis\",\"description\":\"\",\"publisher\":{\"@id\":\"https:\/\/apuntesdesanluis.com\/#\/schema\/person\/b55151d52296fcce64d1a72538a70b90\"},\"potentialAction\":[{\"@type\":\"SearchAction\",\"target\":{\"@type\":\"EntryPoint\",\"urlTemplate\":\"https:\/\/apuntesdesanluis.com\/?s={search_term_string}\"},\"query-input\":{\"@type\":\"PropertyValueSpecification\",\"valueRequired\":true,\"valueName\":\"search_term_string\"}}],\"inLanguage\":\"es-AR\"},{\"@type\":[\"Person\",\"Organization\"],\"@id\":\"https:\/\/apuntesdesanluis.com\/#\/schema\/person\/b55151d52296fcce64d1a72538a70b90\",\"name\":\"apuntesdesanluis.com\",\"image\":{\"@type\":\"ImageObject\",\"inLanguage\":\"es-AR\",\"@id\":\"https:\/\/apuntesdesanluis.com\/#\/schema\/person\/image\/\",\"url\":\"https:\/\/apuntesdesanluis.com\/wp-content\/uploads\/2023\/07\/cropped-apuntesdesanluis.png\",\"contentUrl\":\"https:\/\/apuntesdesanluis.com\/wp-content\/uploads\/2023\/07\/cropped-apuntesdesanluis.png\",\"width\":450,\"height\":112,\"caption\":\"apuntesdesanluis.com\"},\"logo\":{\"@id\":\"https:\/\/apuntesdesanluis.com\/#\/schema\/person\/image\/\"},\"sameAs\":[\"https:\/\/apuntesdesanluis.com\"],\"url\":\"https:\/\/apuntesdesanluis.com\/index.php\/author\/apuntesdesanluis-com\/\"}]}<\/script>\n<!-- \/ Yoast SEO plugin. -->","yoast_head_json":{"title":"JUZGAN A DOS J\u00d3VENES QUE ROBARON CON UN ARMA DE JUGUETE - Apuntes de San Luis","robots":{"index":"index","follow":"follow","max-snippet":"max-snippet:-1","max-image-preview":"max-image-preview:large","max-video-preview":"max-video-preview:-1"},"canonical":"https:\/\/apuntesdesanluis.com\/index.php\/2024\/07\/01\/juzgan-a-dos-jovenes-que-robaron-con-un-arma-de-juguete\/","og_locale":"es_ES","og_type":"article","og_title":"JUZGAN A DOS J\u00d3VENES QUE ROBARON CON UN ARMA DE JUGUETE - Apuntes de San Luis","og_description":"Los alegatos de apertura se desarrollaron este lunes en la Sala de Juicio Orales N\u00ba...","og_url":"https:\/\/apuntesdesanluis.com\/index.php\/2024\/07\/01\/juzgan-a-dos-jovenes-que-robaron-con-un-arma-de-juguete\/","og_site_name":"Apuntes de San Luis","article_published_time":"2024-07-01T18:43:20+00:00","og_image":[{"width":600,"height":339,"url":"https:\/\/apuntesdesanluis.com\/wp-content\/uploads\/2024\/07\/JUCIO-A-2-JOVENES.png","type":"image\/png"}],"author":"apuntesdesanluis.com","twitter_card":"summary_large_image","twitter_misc":{"Escrito por":"apuntesdesanluis.com","Tiempo de lectura":"3 minutos"},"schema":{"@context":"https:\/\/schema.org","@graph":[{"@type":"Article","@id":"https:\/\/apuntesdesanluis.com\/index.php\/2024\/07\/01\/juzgan-a-dos-jovenes-que-robaron-con-un-arma-de-juguete\/#article","isPartOf":{"@id":"https:\/\/apuntesdesanluis.com\/index.php\/2024\/07\/01\/juzgan-a-dos-jovenes-que-robaron-con-un-arma-de-juguete\/"},"author":{"name":"apuntesdesanluis.com","@id":"https:\/\/apuntesdesanluis.com\/#\/schema\/person\/b55151d52296fcce64d1a72538a70b90"},"headline":"JUZGAN A DOS J\u00d3VENES QUE ROBARON CON UN ARMA DE JUGUETE","datePublished":"2024-07-01T18:43:20+00:00","mainEntityOfPage":{"@id":"https:\/\/apuntesdesanluis.com\/index.php\/2024\/07\/01\/juzgan-a-dos-jovenes-que-robaron-con-un-arma-de-juguete\/"},"wordCount":463,"publisher":{"@id":"https:\/\/apuntesdesanluis.com\/#\/schema\/person\/b55151d52296fcce64d1a72538a70b90"},"image":{"@id":"https:\/\/apuntesdesanluis.com\/index.php\/2024\/07\/01\/juzgan-a-dos-jovenes-que-robaron-con-un-arma-de-juguete\/#primaryimage"},"thumbnailUrl":"https:\/\/apuntesdesanluis.com\/wp-content\/uploads\/2024\/07\/JUCIO-A-2-JOVENES.png","articleSection":["Ciudad\/Provincia"],"inLanguage":"es-AR"},{"@type":"WebPage","@id":"https:\/\/apuntesdesanluis.com\/index.php\/2024\/07\/01\/juzgan-a-dos-jovenes-que-robaron-con-un-arma-de-juguete\/","url":"https:\/\/apuntesdesanluis.com\/index.php\/2024\/07\/01\/juzgan-a-dos-jovenes-que-robaron-con-un-arma-de-juguete\/","name":"JUZGAN A DOS J\u00d3VENES QUE ROBARON CON UN ARMA DE JUGUETE - Apuntes de San Luis","isPartOf":{"@id":"https:\/\/apuntesdesanluis.com\/#website"},"primaryImageOfPage":{"@id":"https:\/\/apuntesdesanluis.com\/index.php\/2024\/07\/01\/juzgan-a-dos-jovenes-que-robaron-con-un-arma-de-juguete\/#primaryimage"},"image":{"@id":"https:\/\/apuntesdesanluis.com\/index.php\/2024\/07\/01\/juzgan-a-dos-jovenes-que-robaron-con-un-arma-de-juguete\/#primaryimage"},"thumbnailUrl":"https:\/\/apuntesdesanluis.com\/wp-content\/uploads\/2024\/07\/JUCIO-A-2-JOVENES.png","datePublished":"2024-07-01T18:43:20+00:00","breadcrumb":{"@id":"https:\/\/apuntesdesanluis.com\/index.php\/2024\/07\/01\/juzgan-a-dos-jovenes-que-robaron-con-un-arma-de-juguete\/#breadcrumb"},"inLanguage":"es-AR","potentialAction":[{"@type":"ReadAction","target":["https:\/\/apuntesdesanluis.com\/index.php\/2024\/07\/01\/juzgan-a-dos-jovenes-que-robaron-con-un-arma-de-juguete\/"]}]},{"@type":"ImageObject","inLanguage":"es-AR","@id":"https:\/\/apuntesdesanluis.com\/index.php\/2024\/07\/01\/juzgan-a-dos-jovenes-que-robaron-con-un-arma-de-juguete\/#primaryimage","url":"https:\/\/apuntesdesanluis.com\/wp-content\/uploads\/2024\/07\/JUCIO-A-2-JOVENES.png","contentUrl":"https:\/\/apuntesdesanluis.com\/wp-content\/uploads\/2024\/07\/JUCIO-A-2-JOVENES.png","width":600,"height":339},{"@type":"BreadcrumbList","@id":"https:\/\/apuntesdesanluis.com\/index.php\/2024\/07\/01\/juzgan-a-dos-jovenes-que-robaron-con-un-arma-de-juguete\/#breadcrumb","itemListElement":[{"@type":"ListItem","position":1,"name":"Inicio","item":"https:\/\/apuntesdesanluis.com\/"},{"@type":"ListItem","position":2,"name":"JUZGAN A DOS J\u00d3VENES QUE ROBARON CON UN ARMA DE JUGUETE"}]},{"@type":"WebSite","@id":"https:\/\/apuntesdesanluis.com\/#website","url":"https:\/\/apuntesdesanluis.com\/","name":"Apuntes de San Luis","description":"","publisher":{"@id":"https:\/\/apuntesdesanluis.com\/#\/schema\/person\/b55151d52296fcce64d1a72538a70b90"},"potentialAction":[{"@type":"SearchAction","target":{"@type":"EntryPoint","urlTemplate":"https:\/\/apuntesdesanluis.com\/?s={search_term_string}"},"query-input":{"@type":"PropertyValueSpecification","valueRequired":true,"valueName":"search_term_string"}}],"inLanguage":"es-AR"},{"@type":["Person","Organization"],"@id":"https:\/\/apuntesdesanluis.com\/#\/schema\/person\/b55151d52296fcce64d1a72538a70b90","name":"apuntesdesanluis.com","image":{"@type":"ImageObject","inLanguage":"es-AR","@id":"https:\/\/apuntesdesanluis.com\/#\/schema\/person\/image\/","url":"https:\/\/apuntesdesanluis.com\/wp-content\/uploads\/2023\/07\/cropped-apuntesdesanluis.png","contentUrl":"https:\/\/apuntesdesanluis.com\/wp-content\/uploads\/2023\/07\/cropped-apuntesdesanluis.png","width":450,"height":112,"caption":"apuntesdesanluis.com"},"logo":{"@id":"https:\/\/apuntesdesanluis.com\/#\/schema\/person\/image\/"},"sameAs":["https:\/\/apuntesdesanluis.com"],"url":"https:\/\/apuntesdesanluis.com\/index.php\/author\/apuntesdesanluis-com\/"}]}},"featured_image_urls":{"full":["https:\/\/apuntesdesanluis.com\/wp-content\/uploads\/2024\/07\/JUCIO-A-2-JOVENES.png",600,339,false],"thumbnail":["https:\/\/apuntesdesanluis.com\/wp-content\/uploads\/2024\/07\/JUCIO-A-2-JOVENES-150x150.png",150,150,true],"medium":["https:\/\/apuntesdesanluis.com\/wp-content\/uploads\/2024\/07\/JUCIO-A-2-JOVENES-300x170.png",300,170,true],"medium_large":["https:\/\/apuntesdesanluis.com\/wp-content\/uploads\/2024\/07\/JUCIO-A-2-JOVENES.png",600,339,false],"large":["https:\/\/apuntesdesanluis.com\/wp-content\/uploads\/2024\/07\/JUCIO-A-2-JOVENES.png",600,339,false],"1536x1536":["https:\/\/apuntesdesanluis.com\/wp-content\/uploads\/2024\/07\/JUCIO-A-2-JOVENES.png",600,339,false],"2048x2048":["https:\/\/apuntesdesanluis.com\/wp-content\/uploads\/2024\/07\/JUCIO-A-2-JOVENES.png",600,339,false],"newsever-slider-full":["https:\/\/apuntesdesanluis.com\/wp-content\/uploads\/2024\/07\/JUCIO-A-2-JOVENES.png",600,339,false],"newsever-featured":["https:\/\/apuntesdesanluis.com\/wp-content\/uploads\/2024\/07\/JUCIO-A-2-JOVENES.png",600,339,false],"newsever-medium":["https:\/\/apuntesdesanluis.com\/wp-content\/uploads\/2024\/07\/JUCIO-A-2-JOVENES.png",600,339,false]},"author_info":{"display_name":"apuntesdesanluis.com","author_link":"https:\/\/apuntesdesanluis.com\/index.php\/author\/apuntesdesanluis-com\/"},"category_info":"<a href=\"https:\/\/apuntesdesanluis.com\/index.php\/category\/ciudad-provincia\/\" rel=\"category tag\">Ciudad\/Provincia<\/a>","tag_info":"Ciudad\/Provincia","comment_count":"0","_links":{"self":[{"href":"https:\/\/apuntesdesanluis.com\/index.php\/wp-json\/wp\/v2\/posts\/18614","targetHints":{"allow":["GET"]}}],"collection":[{"href":"https:\/\/apuntesdesanluis.com\/index.php\/wp-json\/wp\/v2\/posts"}],"about":[{"href":"https:\/\/apuntesdesanluis.com\/index.php\/wp-json\/wp\/v2\/types\/post"}],"author":[{"embeddable":true,"href":"https:\/\/apuntesdesanluis.com\/index.php\/wp-json\/wp\/v2\/users\/1"}],"replies":[{"embeddable":true,"href":"https:\/\/apuntesdesanluis.com\/index.php\/wp-json\/wp\/v2\/comments?post=18614"}],"version-history":[{"count":1,"href":"https:\/\/apuntesdesanluis.com\/index.php\/wp-json\/wp\/v2\/posts\/18614\/revisions"}],"predecessor-version":[{"id":18617,"href":"https:\/\/apuntesdesanluis.com\/index.php\/wp-json\/wp\/v2\/posts\/18614\/revisions\/18617"}],"wp:featuredmedia":[{"embeddable":true,"href":"https:\/\/apuntesdesanluis.com\/index.php\/wp-json\/wp\/v2\/media\/18615"}],"wp:attachment":[{"href":"https:\/\/apuntesdesanluis.com\/index.php\/wp-json\/wp\/v2\/media?parent=18614"}],"wp:term":[{"taxonomy":"category","embeddable":true,"href":"https:\/\/apuntesdesanluis.com\/index.php\/wp-json\/wp\/v2\/categories?post=18614"},{"taxonomy":"post_tag","embeddable":true,"href":"https:\/\/apuntesdesanluis.com\/index.php\/wp-json\/wp\/v2\/tags?post=18614"}],"curies":[{"name":"wp","href":"https:\/\/api.w.org\/{rel}","templated":true}]}}