{"id":18618,"date":"2024-07-01T15:51:40","date_gmt":"2024-07-01T18:51:40","guid":{"rendered":"https:\/\/apuntesdesanluis.com\/?p=18618"},"modified":"2024-07-01T15:51:40","modified_gmt":"2024-07-01T18:51:40","slug":"en-el-primer-finde-de-vacaciones-vuelve-a-merlo-el-rally-puntano","status":"publish","type":"post","link":"https:\/\/apuntesdesanluis.com\/index.php\/2024\/07\/01\/en-el-primer-finde-de-vacaciones-vuelve-a-merlo-el-rally-puntano\/","title":{"rendered":"EN EL PRIMER FINDE DE VACACIONES, VUELVE A MERLO EL RALLY PUNTANO"},"content":{"rendered":"<h3>Despu\u00e9s de 3 d\u00e9cadas de ausencia, llega a nuestra ciudad la 4ta. fecha del\u00a0<strong>Campeonato Provincial<\/strong>. Los d\u00edas 5, 6 y 7 de julio, la localidad ser\u00e1 escenario de una competencia emocionante que reunir\u00e1 a los mejores pilotos de la regi\u00f3n.<\/h3>\n<h3>El Municipio a trav\u00e9s de la Secretar\u00eda de Gobierno y Deportes junto a la Secretar\u00eda de Deportes de la Provincia de San Luis, representada por Sergio Romero, referente Deportivo en el Departamento Jun\u00edn, Federaci\u00f3n F.R.A.D.P.S.L y Club Apryn organizan el evento tan esperado por los aficionados del automovilismo.<\/h3>\n<h3>La 4ta fecha del <strong>Campeonato Provincial del Rally Puntano<\/strong> promete ofrecer un fin de semana de intensa competencia y adrenalina. Este regreso no solo marca un hito en la historia del deporte en Merlo, sino que tambi\u00e9n impulsa la actividad tur\u00edstica y econ\u00f3mica de la regi\u00f3n.<\/h3>\n<h3>Con la participaci\u00f3n de 60 autom\u00f3viles y 25 motocicletas, la jornada comenzar\u00e1 el viernes 5 de julio, extendi\u00e9ndose hasta el domingo 7. Los espectadores podr\u00e1n disfrutar de emocionantes carreras y vibrantes actividades complementarias, todo en un entorno que celebra el regreso de este ic\u00f3nico evento a la ciudad.<\/h3>\n<h3><span style=\"color: #3366ff;\"><strong>CRONOGRAMA<\/strong><\/span><\/h3>\n<h3>Viernes 5:<\/h3>\n<ul>\n<li>\n<h3>8 hs. Herradura Rugby Club.<\/h3>\n<\/li>\n<li>\n<h3>Hoja de ruta de 11 a 18 hs.<\/h3>\n<\/li>\n<li>\n<h3>Vuelta Av. del Sol &#8211; Plaza 18 hs.<\/h3>\n<\/li>\n<li>\n<h3>Reuni\u00f3n de pilotos &#8211; Casa del Poeta 19.30 hs.<\/h3>\n<\/li>\n<li>\n<h3>Largada simb\u00f3lica de rampa en la Plaza Sobremonte 20.30 hs.<\/h3>\n<\/li>\n<\/ul>\n<h3><strong>S\u00e1bado 6:<\/strong><\/h3>\n<ul>\n<li>\n<h3>Largada 1\u00b0 tramo 9.30 hs.<\/h3>\n<\/li>\n<li>\n<h3>2\u00b0 tramo 13.30 hs. finalizando a las 16 hs. aprox.<\/h3>\n<\/li>\n<li>\n<h3>Villa Larca con enlace al tramo de Los Molles \/ Carpinter\u00eda. &#8211; Super Special en la rotonda de 19 a 21 hs.<\/h3>\n<\/li>\n<\/ul>\n<h3><strong>Domingo 7:<\/strong><\/h3>\n<ul>\n<li>\n<h3>Largada 1\u00b0 tramo 9.30hs.<\/h3>\n<\/li>\n<li>\n<h3>2\u00b0 tramo 13.30 finalizando 16hs aprox.<\/h3>\n<\/li>\n<li>\n<h3>Obras Sanitarias Piedra Blanca Abajo &#8211; Ca\u00f1ada La Negra con llegada al Algarrobo Abuelo.<\/h3>\n<\/li>\n<li>\n<h3>Camino al Hinojo entre ruta N\u00b0 5 y ruta N\u00b0 28<\/h3>\n<\/li>\n<li>\n<h3>Entrega de premios en Parque de Asistencia (Herradura Rugby Club) a las 16 hs.<\/h3>\n<\/li>\n<li>\n<h3>Parque Automotor: 65 autos &#8211; 25 motos..<\/h3>\n<\/li>\n<\/ul>\n<p>&nbsp;<\/p>\n<p>&nbsp;<\/p>\n<p>&nbsp;<\/p>\n<p>&nbsp;<\/p>\n","protected":false},"excerpt":{"rendered":"<p>Despu\u00e9s de 3 d\u00e9cadas de ausencia, llega a nuestra ciudad la 4ta. fecha del\u00a0Campeonato Provincial&#8230;.<\/p>\n","protected":false},"author":1,"featured_media":18619,"comment_status":"closed","ping_status":"closed","sticky":false,"template":"","format":"standard","meta":{"footnotes":""},"categories":[6,8],"tags":[],"class_list":["post-18618","post","type-post","status-publish","format-standard","has-post-thumbnail","hentry","category-ciudad-provincia","category-deportes"],"yoast_head":"<!-- This site is optimized with the Yoast SEO plugin v26.1.1 - https:\/\/yoast.com\/wordpress\/plugins\/seo\/ -->\n<title>EN EL PRIMER FINDE DE VACACIONES, VUELVE A MERLO EL RALLY PUNTANO - Apuntes de San Luis<\/title>\n<meta name=\"robots\" content=\"index, follow, max-snippet:-1, max-image-preview:large, max-video-preview:-1\" \/>\n<link rel=\"canonical\" href=\"https:\/\/apuntesdesanluis.com\/index.php\/2024\/07\/01\/en-el-primer-finde-de-vacaciones-vuelve-a-merlo-el-rally-puntano\/\" \/>\n<meta property=\"og:locale\" content=\"es_ES\" \/>\n<meta property=\"og:type\" content=\"article\" \/>\n<meta property=\"og:title\" content=\"EN EL PRIMER FINDE DE VACACIONES, VUELVE A MERLO EL RALLY PUNTANO - Apuntes de San Luis\" \/>\n<meta property=\"og:description\" content=\"Despu\u00e9s de 3 d\u00e9cadas de ausencia, llega a nuestra ciudad la 4ta. fecha del\u00a0Campeonato Provincial....\" \/>\n<meta property=\"og:url\" content=\"https:\/\/apuntesdesanluis.com\/index.php\/2024\/07\/01\/en-el-primer-finde-de-vacaciones-vuelve-a-merlo-el-rally-puntano\/\" \/>\n<meta property=\"og:site_name\" content=\"Apuntes de San Luis\" \/>\n<meta property=\"article:published_time\" content=\"2024-07-01T18:51:40+00:00\" \/>\n<meta property=\"og:image\" content=\"https:\/\/apuntesdesanluis.com\/wp-content\/uploads\/2024\/07\/RALLY-PUNTANO.jpg\" \/>\n\t<meta property=\"og:image:width\" content=\"600\" \/>\n\t<meta property=\"og:image:height\" content=\"348\" \/>\n\t<meta property=\"og:image:type\" content=\"image\/jpeg\" \/>\n<meta name=\"author\" content=\"apuntesdesanluis.com\" \/>\n<meta name=\"twitter:card\" content=\"summary_large_image\" \/>\n<meta name=\"twitter:label1\" content=\"Escrito por\" \/>\n\t<meta name=\"twitter:data1\" content=\"apuntesdesanluis.com\" \/>\n\t<meta name=\"twitter:label2\" content=\"Tiempo de lectura\" \/>\n\t<meta name=\"twitter:data2\" content=\"2 minutos\" \/>\n<script type=\"application\/ld+json\" class=\"yoast-schema-graph\">{\"@context\":\"https:\/\/schema.org\",\"@graph\":[{\"@type\":\"Article\",\"@id\":\"https:\/\/apuntesdesanluis.com\/index.php\/2024\/07\/01\/en-el-primer-finde-de-vacaciones-vuelve-a-merlo-el-rally-puntano\/#article\",\"isPartOf\":{\"@id\":\"https:\/\/apuntesdesanluis.com\/index.php\/2024\/07\/01\/en-el-primer-finde-de-vacaciones-vuelve-a-merlo-el-rally-puntano\/\"},\"author\":{\"name\":\"apuntesdesanluis.com\",\"@id\":\"https:\/\/apuntesdesanluis.com\/#\/schema\/person\/b55151d52296fcce64d1a72538a70b90\"},\"headline\":\"EN EL PRIMER FINDE DE VACACIONES, VUELVE A MERLO EL RALLY PUNTANO\",\"datePublished\":\"2024-07-01T18:51:40+00:00\",\"mainEntityOfPage\":{\"@id\":\"https:\/\/apuntesdesanluis.com\/index.php\/2024\/07\/01\/en-el-primer-finde-de-vacaciones-vuelve-a-merlo-el-rally-puntano\/\"},\"wordCount\":335,\"publisher\":{\"@id\":\"https:\/\/apuntesdesanluis.com\/#\/schema\/person\/b55151d52296fcce64d1a72538a70b90\"},\"image\":{\"@id\":\"https:\/\/apuntesdesanluis.com\/index.php\/2024\/07\/01\/en-el-primer-finde-de-vacaciones-vuelve-a-merlo-el-rally-puntano\/#primaryimage\"},\"thumbnailUrl\":\"https:\/\/apuntesdesanluis.com\/wp-content\/uploads\/2024\/07\/RALLY-PUNTANO.jpg\",\"articleSection\":[\"Ciudad\/Provincia\",\"Deportes\"],\"inLanguage\":\"es-AR\"},{\"@type\":\"WebPage\",\"@id\":\"https:\/\/apuntesdesanluis.com\/index.php\/2024\/07\/01\/en-el-primer-finde-de-vacaciones-vuelve-a-merlo-el-rally-puntano\/\",\"url\":\"https:\/\/apuntesdesanluis.com\/index.php\/2024\/07\/01\/en-el-primer-finde-de-vacaciones-vuelve-a-merlo-el-rally-puntano\/\",\"name\":\"EN EL PRIMER FINDE DE VACACIONES, VUELVE A MERLO EL RALLY PUNTANO - Apuntes de San Luis\",\"isPartOf\":{\"@id\":\"https:\/\/apuntesdesanluis.com\/#website\"},\"primaryImageOfPage\":{\"@id\":\"https:\/\/apuntesdesanluis.com\/index.php\/2024\/07\/01\/en-el-primer-finde-de-vacaciones-vuelve-a-merlo-el-rally-puntano\/#primaryimage\"},\"image\":{\"@id\":\"https:\/\/apuntesdesanluis.com\/index.php\/2024\/07\/01\/en-el-primer-finde-de-vacaciones-vuelve-a-merlo-el-rally-puntano\/#primaryimage\"},\"thumbnailUrl\":\"https:\/\/apuntesdesanluis.com\/wp-content\/uploads\/2024\/07\/RALLY-PUNTANO.jpg\",\"datePublished\":\"2024-07-01T18:51:40+00:00\",\"breadcrumb\":{\"@id\":\"https:\/\/apuntesdesanluis.com\/index.php\/2024\/07\/01\/en-el-primer-finde-de-vacaciones-vuelve-a-merlo-el-rally-puntano\/#breadcrumb\"},\"inLanguage\":\"es-AR\",\"potentialAction\":[{\"@type\":\"ReadAction\",\"target\":[\"https:\/\/apuntesdesanluis.com\/index.php\/2024\/07\/01\/en-el-primer-finde-de-vacaciones-vuelve-a-merlo-el-rally-puntano\/\"]}]},{\"@type\":\"ImageObject\",\"inLanguage\":\"es-AR\",\"@id\":\"https:\/\/apuntesdesanluis.com\/index.php\/2024\/07\/01\/en-el-primer-finde-de-vacaciones-vuelve-a-merlo-el-rally-puntano\/#primaryimage\",\"url\":\"https:\/\/apuntesdesanluis.com\/wp-content\/uploads\/2024\/07\/RALLY-PUNTANO.jpg\",\"contentUrl\":\"https:\/\/apuntesdesanluis.com\/wp-content\/uploads\/2024\/07\/RALLY-PUNTANO.jpg\",\"width\":600,\"height\":348},{\"@type\":\"BreadcrumbList\",\"@id\":\"https:\/\/apuntesdesanluis.com\/index.php\/2024\/07\/01\/en-el-primer-finde-de-vacaciones-vuelve-a-merlo-el-rally-puntano\/#breadcrumb\",\"itemListElement\":[{\"@type\":\"ListItem\",\"position\":1,\"name\":\"Inicio\",\"item\":\"https:\/\/apuntesdesanluis.com\/\"},{\"@type\":\"ListItem\",\"position\":2,\"name\":\"EN EL PRIMER FINDE DE VACACIONES, VUELVE A MERLO EL RALLY PUNTANO\"}]},{\"@type\":\"WebSite\",\"@id\":\"https:\/\/apuntesdesanluis.com\/#website\",\"url\":\"https:\/\/apuntesdesanluis.com\/\",\"name\":\"Apuntes de San Luis\",\"description\":\"\",\"publisher\":{\"@id\":\"https:\/\/apuntesdesanluis.com\/#\/schema\/person\/b55151d52296fcce64d1a72538a70b90\"},\"potentialAction\":[{\"@type\":\"SearchAction\",\"target\":{\"@type\":\"EntryPoint\",\"urlTemplate\":\"https:\/\/apuntesdesanluis.com\/?s={search_term_string}\"},\"query-input\":{\"@type\":\"PropertyValueSpecification\",\"valueRequired\":true,\"valueName\":\"search_term_string\"}}],\"inLanguage\":\"es-AR\"},{\"@type\":[\"Person\",\"Organization\"],\"@id\":\"https:\/\/apuntesdesanluis.com\/#\/schema\/person\/b55151d52296fcce64d1a72538a70b90\",\"name\":\"apuntesdesanluis.com\",\"image\":{\"@type\":\"ImageObject\",\"inLanguage\":\"es-AR\",\"@id\":\"https:\/\/apuntesdesanluis.com\/#\/schema\/person\/image\/\",\"url\":\"https:\/\/apuntesdesanluis.com\/wp-content\/uploads\/2023\/07\/cropped-apuntesdesanluis.png\",\"contentUrl\":\"https:\/\/apuntesdesanluis.com\/wp-content\/uploads\/2023\/07\/cropped-apuntesdesanluis.png\",\"width\":450,\"height\":112,\"caption\":\"apuntesdesanluis.com\"},\"logo\":{\"@id\":\"https:\/\/apuntesdesanluis.com\/#\/schema\/person\/image\/\"},\"sameAs\":[\"https:\/\/apuntesdesanluis.com\"],\"url\":\"https:\/\/apuntesdesanluis.com\/index.php\/author\/apuntesdesanluis-com\/\"}]}<\/script>\n<!-- \/ Yoast SEO plugin. -->","yoast_head_json":{"title":"EN EL PRIMER FINDE DE VACACIONES, VUELVE A MERLO EL RALLY PUNTANO - Apuntes de San Luis","robots":{"index":"index","follow":"follow","max-snippet":"max-snippet:-1","max-image-preview":"max-image-preview:large","max-video-preview":"max-video-preview:-1"},"canonical":"https:\/\/apuntesdesanluis.com\/index.php\/2024\/07\/01\/en-el-primer-finde-de-vacaciones-vuelve-a-merlo-el-rally-puntano\/","og_locale":"es_ES","og_type":"article","og_title":"EN EL PRIMER FINDE DE VACACIONES, VUELVE A MERLO EL RALLY PUNTANO - Apuntes de San Luis","og_description":"Despu\u00e9s de 3 d\u00e9cadas de ausencia, llega a nuestra ciudad la 4ta. fecha del\u00a0Campeonato Provincial....","og_url":"https:\/\/apuntesdesanluis.com\/index.php\/2024\/07\/01\/en-el-primer-finde-de-vacaciones-vuelve-a-merlo-el-rally-puntano\/","og_site_name":"Apuntes de San Luis","article_published_time":"2024-07-01T18:51:40+00:00","og_image":[{"width":600,"height":348,"url":"https:\/\/apuntesdesanluis.com\/wp-content\/uploads\/2024\/07\/RALLY-PUNTANO.jpg","type":"image\/jpeg"}],"author":"apuntesdesanluis.com","twitter_card":"summary_large_image","twitter_misc":{"Escrito por":"apuntesdesanluis.com","Tiempo de lectura":"2 minutos"},"schema":{"@context":"https:\/\/schema.org","@graph":[{"@type":"Article","@id":"https:\/\/apuntesdesanluis.com\/index.php\/2024\/07\/01\/en-el-primer-finde-de-vacaciones-vuelve-a-merlo-el-rally-puntano\/#article","isPartOf":{"@id":"https:\/\/apuntesdesanluis.com\/index.php\/2024\/07\/01\/en-el-primer-finde-de-vacaciones-vuelve-a-merlo-el-rally-puntano\/"},"author":{"name":"apuntesdesanluis.com","@id":"https:\/\/apuntesdesanluis.com\/#\/schema\/person\/b55151d52296fcce64d1a72538a70b90"},"headline":"EN EL PRIMER FINDE DE VACACIONES, VUELVE A MERLO EL RALLY PUNTANO","datePublished":"2024-07-01T18:51:40+00:00","mainEntityOfPage":{"@id":"https:\/\/apuntesdesanluis.com\/index.php\/2024\/07\/01\/en-el-primer-finde-de-vacaciones-vuelve-a-merlo-el-rally-puntano\/"},"wordCount":335,"publisher":{"@id":"https:\/\/apuntesdesanluis.com\/#\/schema\/person\/b55151d52296fcce64d1a72538a70b90"},"image":{"@id":"https:\/\/apuntesdesanluis.com\/index.php\/2024\/07\/01\/en-el-primer-finde-de-vacaciones-vuelve-a-merlo-el-rally-puntano\/#primaryimage"},"thumbnailUrl":"https:\/\/apuntesdesanluis.com\/wp-content\/uploads\/2024\/07\/RALLY-PUNTANO.jpg","articleSection":["Ciudad\/Provincia","Deportes"],"inLanguage":"es-AR"},{"@type":"WebPage","@id":"https:\/\/apuntesdesanluis.com\/index.php\/2024\/07\/01\/en-el-primer-finde-de-vacaciones-vuelve-a-merlo-el-rally-puntano\/","url":"https:\/\/apuntesdesanluis.com\/index.php\/2024\/07\/01\/en-el-primer-finde-de-vacaciones-vuelve-a-merlo-el-rally-puntano\/","name":"EN EL PRIMER FINDE DE VACACIONES, VUELVE A MERLO EL RALLY PUNTANO - Apuntes de San Luis","isPartOf":{"@id":"https:\/\/apuntesdesanluis.com\/#website"},"primaryImageOfPage":{"@id":"https:\/\/apuntesdesanluis.com\/index.php\/2024\/07\/01\/en-el-primer-finde-de-vacaciones-vuelve-a-merlo-el-rally-puntano\/#primaryimage"},"image":{"@id":"https:\/\/apuntesdesanluis.com\/index.php\/2024\/07\/01\/en-el-primer-finde-de-vacaciones-vuelve-a-merlo-el-rally-puntano\/#primaryimage"},"thumbnailUrl":"https:\/\/apuntesdesanluis.com\/wp-content\/uploads\/2024\/07\/RALLY-PUNTANO.jpg","datePublished":"2024-07-01T18:51:40+00:00","breadcrumb":{"@id":"https:\/\/apuntesdesanluis.com\/index.php\/2024\/07\/01\/en-el-primer-finde-de-vacaciones-vuelve-a-merlo-el-rally-puntano\/#breadcrumb"},"inLanguage":"es-AR","potentialAction":[{"@type":"ReadAction","target":["https:\/\/apuntesdesanluis.com\/index.php\/2024\/07\/01\/en-el-primer-finde-de-vacaciones-vuelve-a-merlo-el-rally-puntano\/"]}]},{"@type":"ImageObject","inLanguage":"es-AR","@id":"https:\/\/apuntesdesanluis.com\/index.php\/2024\/07\/01\/en-el-primer-finde-de-vacaciones-vuelve-a-merlo-el-rally-puntano\/#primaryimage","url":"https:\/\/apuntesdesanluis.com\/wp-content\/uploads\/2024\/07\/RALLY-PUNTANO.jpg","contentUrl":"https:\/\/apuntesdesanluis.com\/wp-content\/uploads\/2024\/07\/RALLY-PUNTANO.jpg","width":600,"height":348},{"@type":"BreadcrumbList","@id":"https:\/\/apuntesdesanluis.com\/index.php\/2024\/07\/01\/en-el-primer-finde-de-vacaciones-vuelve-a-merlo-el-rally-puntano\/#breadcrumb","itemListElement":[{"@type":"ListItem","position":1,"name":"Inicio","item":"https:\/\/apuntesdesanluis.com\/"},{"@type":"ListItem","position":2,"name":"EN EL PRIMER FINDE DE VACACIONES, VUELVE A MERLO EL RALLY PUNTANO"}]},{"@type":"WebSite","@id":"https:\/\/apuntesdesanluis.com\/#website","url":"https:\/\/apuntesdesanluis.com\/","name":"Apuntes de San Luis","description":"","publisher":{"@id":"https:\/\/apuntesdesanluis.com\/#\/schema\/person\/b55151d52296fcce64d1a72538a70b90"},"potentialAction":[{"@type":"SearchAction","target":{"@type":"EntryPoint","urlTemplate":"https:\/\/apuntesdesanluis.com\/?s={search_term_string}"},"query-input":{"@type":"PropertyValueSpecification","valueRequired":true,"valueName":"search_term_string"}}],"inLanguage":"es-AR"},{"@type":["Person","Organization"],"@id":"https:\/\/apuntesdesanluis.com\/#\/schema\/person\/b55151d52296fcce64d1a72538a70b90","name":"apuntesdesanluis.com","image":{"@type":"ImageObject","inLanguage":"es-AR","@id":"https:\/\/apuntesdesanluis.com\/#\/schema\/person\/image\/","url":"https:\/\/apuntesdesanluis.com\/wp-content\/uploads\/2023\/07\/cropped-apuntesdesanluis.png","contentUrl":"https:\/\/apuntesdesanluis.com\/wp-content\/uploads\/2023\/07\/cropped-apuntesdesanluis.png","width":450,"height":112,"caption":"apuntesdesanluis.com"},"logo":{"@id":"https:\/\/apuntesdesanluis.com\/#\/schema\/person\/image\/"},"sameAs":["https:\/\/apuntesdesanluis.com"],"url":"https:\/\/apuntesdesanluis.com\/index.php\/author\/apuntesdesanluis-com\/"}]}},"featured_image_urls":{"full":["https:\/\/apuntesdesanluis.com\/wp-content\/uploads\/2024\/07\/RALLY-PUNTANO.jpg",600,348,false],"thumbnail":["https:\/\/apuntesdesanluis.com\/wp-content\/uploads\/2024\/07\/RALLY-PUNTANO-150x150.jpg",150,150,true],"medium":["https:\/\/apuntesdesanluis.com\/wp-content\/uploads\/2024\/07\/RALLY-PUNTANO-300x174.jpg",300,174,true],"medium_large":["https:\/\/apuntesdesanluis.com\/wp-content\/uploads\/2024\/07\/RALLY-PUNTANO.jpg",600,348,false],"large":["https:\/\/apuntesdesanluis.com\/wp-content\/uploads\/2024\/07\/RALLY-PUNTANO.jpg",600,348,false],"1536x1536":["https:\/\/apuntesdesanluis.com\/wp-content\/uploads\/2024\/07\/RALLY-PUNTANO.jpg",600,348,false],"2048x2048":["https:\/\/apuntesdesanluis.com\/wp-content\/uploads\/2024\/07\/RALLY-PUNTANO.jpg",600,348,false],"newsever-slider-full":["https:\/\/apuntesdesanluis.com\/wp-content\/uploads\/2024\/07\/RALLY-PUNTANO.jpg",600,348,false],"newsever-featured":["https:\/\/apuntesdesanluis.com\/wp-content\/uploads\/2024\/07\/RALLY-PUNTANO.jpg",600,348,false],"newsever-medium":["https:\/\/apuntesdesanluis.com\/wp-content\/uploads\/2024\/07\/RALLY-PUNTANO.jpg",600,348,false]},"author_info":{"display_name":"apuntesdesanluis.com","author_link":"https:\/\/apuntesdesanluis.com\/index.php\/author\/apuntesdesanluis-com\/"},"category_info":"<a href=\"https:\/\/apuntesdesanluis.com\/index.php\/category\/ciudad-provincia\/\" rel=\"category tag\">Ciudad\/Provincia<\/a> <a href=\"https:\/\/apuntesdesanluis.com\/index.php\/category\/deportes\/\" rel=\"category tag\">Deportes<\/a>","tag_info":"Deportes","comment_count":"0","_links":{"self":[{"href":"https:\/\/apuntesdesanluis.com\/index.php\/wp-json\/wp\/v2\/posts\/18618","targetHints":{"allow":["GET"]}}],"collection":[{"href":"https:\/\/apuntesdesanluis.com\/index.php\/wp-json\/wp\/v2\/posts"}],"about":[{"href":"https:\/\/apuntesdesanluis.com\/index.php\/wp-json\/wp\/v2\/types\/post"}],"author":[{"embeddable":true,"href":"https:\/\/apuntesdesanluis.com\/index.php\/wp-json\/wp\/v2\/users\/1"}],"replies":[{"embeddable":true,"href":"https:\/\/apuntesdesanluis.com\/index.php\/wp-json\/wp\/v2\/comments?post=18618"}],"version-history":[{"count":1,"href":"https:\/\/apuntesdesanluis.com\/index.php\/wp-json\/wp\/v2\/posts\/18618\/revisions"}],"predecessor-version":[{"id":18620,"href":"https:\/\/apuntesdesanluis.com\/index.php\/wp-json\/wp\/v2\/posts\/18618\/revisions\/18620"}],"wp:featuredmedia":[{"embeddable":true,"href":"https:\/\/apuntesdesanluis.com\/index.php\/wp-json\/wp\/v2\/media\/18619"}],"wp:attachment":[{"href":"https:\/\/apuntesdesanluis.com\/index.php\/wp-json\/wp\/v2\/media?parent=18618"}],"wp:term":[{"taxonomy":"category","embeddable":true,"href":"https:\/\/apuntesdesanluis.com\/index.php\/wp-json\/wp\/v2\/categories?post=18618"},{"taxonomy":"post_tag","embeddable":true,"href":"https:\/\/apuntesdesanluis.com\/index.php\/wp-json\/wp\/v2\/tags?post=18618"}],"curies":[{"name":"wp","href":"https:\/\/api.w.org\/{rel}","templated":true}]}}