{"id":18621,"date":"2024-07-01T15:56:10","date_gmt":"2024-07-01T18:56:10","guid":{"rendered":"https:\/\/apuntesdesanluis.com\/?p=18621"},"modified":"2024-07-01T15:56:10","modified_gmt":"2024-07-01T18:56:10","slug":"el-gobierno-informo-otra-fuerte-caida-de-la-coparticipacion-federal-en-junio","status":"publish","type":"post","link":"https:\/\/apuntesdesanluis.com\/index.php\/2024\/07\/01\/el-gobierno-informo-otra-fuerte-caida-de-la-coparticipacion-federal-en-junio\/","title":{"rendered":"EL GOBIERNO INFORM\u00d3 OTRA FUERTE CA\u00cdDA DE LA COPARTICIPACI\u00d3N FEDERAL EN JUNIO"},"content":{"rendered":"<h3>Este mes se registr\u00f3 un desplome interanual del 25% en t\u00e9rminos reales. La misma situaci\u00f3n se ha registrado todos los meses con la \u00fanica excepci\u00f3n de mayo.<\/h3>\n<h3>Las provincias recibieron al cierre de junio un importe real menor que el a\u00f1o anterior. Ello respondi\u00f3 al comportamiento de los impuestos nacionales que conforman la masa coparticipable a provincias, principalmente en el IVA y en el Impuesto a las Ganancias, adem\u00e1s de lo recaudado en el Impuesto a los Bienes Personales.<\/h3>\n<h3>Tambi\u00e9n la coparticipaci\u00f3n cay\u00f3 sustancialmente con respecto al mes de mayo de este a\u00f1o, inclusive en valores nominales, como consecuencia de la recaudaci\u00f3n excepcional experimentada en dicho per\u00edodo, producto del vencimiento de la liquidaci\u00f3n del impuesto a las ganancias, con el efecto extraordinario devaluatorio de diciembre pasado.<\/h3>\n<h3>De esta manera, en el acumulado del primer semestre del a\u00f1o 2024 las transferencias autom\u00e1ticas giradas a las jurisdicciones provinciales registraron una disminuci\u00f3n en t\u00e9rminos reales superior al 10%. En su conjunto se estima que la p\u00e9rdida para el total de las jurisdicciones lleg\u00f3 a $ 2,96 millones.<\/h3>\n<h3>Por su parte, para el mes de julio, las proyecciones de la CFI prev\u00e9n que la coparticipaci\u00f3n caer\u00e1 en valores nominales con respecto a junio y en valores reales con respecto al mismo mes del a\u00f1o anterior.<\/h3>\n<h3>Sobre la situaci\u00f3n, la directora de Finanzas y Recursos de la Provincia, Eugenia Sosa Herrera, recalc\u00f3: \u201cTodos los meses del a\u00f1o cerraron en rojo menos el mes pasado que fue excepcional. De esta manera en la primera mitad del a\u00f1o la coparticipaci\u00f3n cay\u00f3 en t\u00e9rminos reales\u201d.<\/h3>\n<h3><\/h3>\n<p>&nbsp;<\/p>\n<p>&nbsp;<\/p>\n<p>&nbsp;<\/p>\n<p>&nbsp;<\/p>\n<p>&nbsp;<\/p>\n<p>&nbsp;<\/p>\n","protected":false},"excerpt":{"rendered":"<p>Este mes se registr\u00f3 un desplome interanual del 25% en t\u00e9rminos reales. La misma situaci\u00f3n&#8230;<\/p>\n","protected":false},"author":1,"featured_media":18622,"comment_status":"closed","ping_status":"closed","sticky":false,"template":"","format":"standard","meta":{"footnotes":""},"categories":[6],"tags":[],"class_list":["post-18621","post","type-post","status-publish","format-standard","has-post-thumbnail","hentry","category-ciudad-provincia"],"yoast_head":"<!-- This site is optimized with the Yoast SEO plugin v26.1.1 - https:\/\/yoast.com\/wordpress\/plugins\/seo\/ -->\n<title>EL GOBIERNO INFORM\u00d3 OTRA FUERTE CA\u00cdDA DE LA COPARTICIPACI\u00d3N FEDERAL EN JUNIO - Apuntes de San Luis<\/title>\n<meta name=\"robots\" content=\"index, follow, max-snippet:-1, max-image-preview:large, max-video-preview:-1\" \/>\n<link rel=\"canonical\" href=\"https:\/\/apuntesdesanluis.com\/index.php\/2024\/07\/01\/el-gobierno-informo-otra-fuerte-caida-de-la-coparticipacion-federal-en-junio\/\" \/>\n<meta property=\"og:locale\" content=\"es_ES\" \/>\n<meta property=\"og:type\" content=\"article\" \/>\n<meta property=\"og:title\" content=\"EL GOBIERNO INFORM\u00d3 OTRA FUERTE CA\u00cdDA DE LA COPARTICIPACI\u00d3N FEDERAL EN JUNIO - Apuntes de San Luis\" \/>\n<meta property=\"og:description\" content=\"Este mes se registr\u00f3 un desplome interanual del 25% en t\u00e9rminos reales. La misma situaci\u00f3n...\" \/>\n<meta property=\"og:url\" content=\"https:\/\/apuntesdesanluis.com\/index.php\/2024\/07\/01\/el-gobierno-informo-otra-fuerte-caida-de-la-coparticipacion-federal-en-junio\/\" \/>\n<meta property=\"og:site_name\" content=\"Apuntes de San Luis\" \/>\n<meta property=\"article:published_time\" content=\"2024-07-01T18:56:10+00:00\" \/>\n<meta property=\"og:image\" content=\"https:\/\/apuntesdesanluis.com\/wp-content\/uploads\/2024\/07\/EUGENIA-SOSA-HERRERA.png\" \/>\n\t<meta property=\"og:image:width\" content=\"600\" \/>\n\t<meta property=\"og:image:height\" content=\"391\" \/>\n\t<meta property=\"og:image:type\" content=\"image\/png\" \/>\n<meta name=\"author\" content=\"apuntesdesanluis.com\" \/>\n<meta name=\"twitter:card\" content=\"summary_large_image\" \/>\n<meta name=\"twitter:label1\" content=\"Escrito por\" \/>\n\t<meta name=\"twitter:data1\" content=\"apuntesdesanluis.com\" \/>\n\t<meta name=\"twitter:label2\" content=\"Tiempo de lectura\" \/>\n\t<meta name=\"twitter:data2\" content=\"2 minutos\" \/>\n<script type=\"application\/ld+json\" class=\"yoast-schema-graph\">{\"@context\":\"https:\/\/schema.org\",\"@graph\":[{\"@type\":\"Article\",\"@id\":\"https:\/\/apuntesdesanluis.com\/index.php\/2024\/07\/01\/el-gobierno-informo-otra-fuerte-caida-de-la-coparticipacion-federal-en-junio\/#article\",\"isPartOf\":{\"@id\":\"https:\/\/apuntesdesanluis.com\/index.php\/2024\/07\/01\/el-gobierno-informo-otra-fuerte-caida-de-la-coparticipacion-federal-en-junio\/\"},\"author\":{\"name\":\"apuntesdesanluis.com\",\"@id\":\"https:\/\/apuntesdesanluis.com\/#\/schema\/person\/b55151d52296fcce64d1a72538a70b90\"},\"headline\":\"EL GOBIERNO INFORM\u00d3 OTRA FUERTE CA\u00cdDA DE LA COPARTICIPACI\u00d3N FEDERAL EN JUNIO\",\"datePublished\":\"2024-07-01T18:56:10+00:00\",\"mainEntityOfPage\":{\"@id\":\"https:\/\/apuntesdesanluis.com\/index.php\/2024\/07\/01\/el-gobierno-informo-otra-fuerte-caida-de-la-coparticipacion-federal-en-junio\/\"},\"wordCount\":296,\"publisher\":{\"@id\":\"https:\/\/apuntesdesanluis.com\/#\/schema\/person\/b55151d52296fcce64d1a72538a70b90\"},\"image\":{\"@id\":\"https:\/\/apuntesdesanluis.com\/index.php\/2024\/07\/01\/el-gobierno-informo-otra-fuerte-caida-de-la-coparticipacion-federal-en-junio\/#primaryimage\"},\"thumbnailUrl\":\"https:\/\/apuntesdesanluis.com\/wp-content\/uploads\/2024\/07\/EUGENIA-SOSA-HERRERA.png\",\"articleSection\":[\"Ciudad\/Provincia\"],\"inLanguage\":\"es-AR\"},{\"@type\":\"WebPage\",\"@id\":\"https:\/\/apuntesdesanluis.com\/index.php\/2024\/07\/01\/el-gobierno-informo-otra-fuerte-caida-de-la-coparticipacion-federal-en-junio\/\",\"url\":\"https:\/\/apuntesdesanluis.com\/index.php\/2024\/07\/01\/el-gobierno-informo-otra-fuerte-caida-de-la-coparticipacion-federal-en-junio\/\",\"name\":\"EL GOBIERNO INFORM\u00d3 OTRA FUERTE CA\u00cdDA DE LA COPARTICIPACI\u00d3N FEDERAL EN JUNIO - Apuntes de San Luis\",\"isPartOf\":{\"@id\":\"https:\/\/apuntesdesanluis.com\/#website\"},\"primaryImageOfPage\":{\"@id\":\"https:\/\/apuntesdesanluis.com\/index.php\/2024\/07\/01\/el-gobierno-informo-otra-fuerte-caida-de-la-coparticipacion-federal-en-junio\/#primaryimage\"},\"image\":{\"@id\":\"https:\/\/apuntesdesanluis.com\/index.php\/2024\/07\/01\/el-gobierno-informo-otra-fuerte-caida-de-la-coparticipacion-federal-en-junio\/#primaryimage\"},\"thumbnailUrl\":\"https:\/\/apuntesdesanluis.com\/wp-content\/uploads\/2024\/07\/EUGENIA-SOSA-HERRERA.png\",\"datePublished\":\"2024-07-01T18:56:10+00:00\",\"breadcrumb\":{\"@id\":\"https:\/\/apuntesdesanluis.com\/index.php\/2024\/07\/01\/el-gobierno-informo-otra-fuerte-caida-de-la-coparticipacion-federal-en-junio\/#breadcrumb\"},\"inLanguage\":\"es-AR\",\"potentialAction\":[{\"@type\":\"ReadAction\",\"target\":[\"https:\/\/apuntesdesanluis.com\/index.php\/2024\/07\/01\/el-gobierno-informo-otra-fuerte-caida-de-la-coparticipacion-federal-en-junio\/\"]}]},{\"@type\":\"ImageObject\",\"inLanguage\":\"es-AR\",\"@id\":\"https:\/\/apuntesdesanluis.com\/index.php\/2024\/07\/01\/el-gobierno-informo-otra-fuerte-caida-de-la-coparticipacion-federal-en-junio\/#primaryimage\",\"url\":\"https:\/\/apuntesdesanluis.com\/wp-content\/uploads\/2024\/07\/EUGENIA-SOSA-HERRERA.png\",\"contentUrl\":\"https:\/\/apuntesdesanluis.com\/wp-content\/uploads\/2024\/07\/EUGENIA-SOSA-HERRERA.png\",\"width\":600,\"height\":391},{\"@type\":\"BreadcrumbList\",\"@id\":\"https:\/\/apuntesdesanluis.com\/index.php\/2024\/07\/01\/el-gobierno-informo-otra-fuerte-caida-de-la-coparticipacion-federal-en-junio\/#breadcrumb\",\"itemListElement\":[{\"@type\":\"ListItem\",\"position\":1,\"name\":\"Inicio\",\"item\":\"https:\/\/apuntesdesanluis.com\/\"},{\"@type\":\"ListItem\",\"position\":2,\"name\":\"EL GOBIERNO INFORM\u00d3 OTRA FUERTE CA\u00cdDA DE LA COPARTICIPACI\u00d3N FEDERAL EN JUNIO\"}]},{\"@type\":\"WebSite\",\"@id\":\"https:\/\/apuntesdesanluis.com\/#website\",\"url\":\"https:\/\/apuntesdesanluis.com\/\",\"name\":\"Apuntes de San Luis\",\"description\":\"\",\"publisher\":{\"@id\":\"https:\/\/apuntesdesanluis.com\/#\/schema\/person\/b55151d52296fcce64d1a72538a70b90\"},\"potentialAction\":[{\"@type\":\"SearchAction\",\"target\":{\"@type\":\"EntryPoint\",\"urlTemplate\":\"https:\/\/apuntesdesanluis.com\/?s={search_term_string}\"},\"query-input\":{\"@type\":\"PropertyValueSpecification\",\"valueRequired\":true,\"valueName\":\"search_term_string\"}}],\"inLanguage\":\"es-AR\"},{\"@type\":[\"Person\",\"Organization\"],\"@id\":\"https:\/\/apuntesdesanluis.com\/#\/schema\/person\/b55151d52296fcce64d1a72538a70b90\",\"name\":\"apuntesdesanluis.com\",\"image\":{\"@type\":\"ImageObject\",\"inLanguage\":\"es-AR\",\"@id\":\"https:\/\/apuntesdesanluis.com\/#\/schema\/person\/image\/\",\"url\":\"https:\/\/apuntesdesanluis.com\/wp-content\/uploads\/2023\/07\/cropped-apuntesdesanluis.png\",\"contentUrl\":\"https:\/\/apuntesdesanluis.com\/wp-content\/uploads\/2023\/07\/cropped-apuntesdesanluis.png\",\"width\":450,\"height\":112,\"caption\":\"apuntesdesanluis.com\"},\"logo\":{\"@id\":\"https:\/\/apuntesdesanluis.com\/#\/schema\/person\/image\/\"},\"sameAs\":[\"https:\/\/apuntesdesanluis.com\"],\"url\":\"https:\/\/apuntesdesanluis.com\/index.php\/author\/apuntesdesanluis-com\/\"}]}<\/script>\n<!-- \/ Yoast SEO plugin. -->","yoast_head_json":{"title":"EL GOBIERNO INFORM\u00d3 OTRA FUERTE CA\u00cdDA DE LA COPARTICIPACI\u00d3N FEDERAL EN JUNIO - Apuntes de San Luis","robots":{"index":"index","follow":"follow","max-snippet":"max-snippet:-1","max-image-preview":"max-image-preview:large","max-video-preview":"max-video-preview:-1"},"canonical":"https:\/\/apuntesdesanluis.com\/index.php\/2024\/07\/01\/el-gobierno-informo-otra-fuerte-caida-de-la-coparticipacion-federal-en-junio\/","og_locale":"es_ES","og_type":"article","og_title":"EL GOBIERNO INFORM\u00d3 OTRA FUERTE CA\u00cdDA DE LA COPARTICIPACI\u00d3N FEDERAL EN JUNIO - Apuntes de San Luis","og_description":"Este mes se registr\u00f3 un desplome interanual del 25% en t\u00e9rminos reales. La misma situaci\u00f3n...","og_url":"https:\/\/apuntesdesanluis.com\/index.php\/2024\/07\/01\/el-gobierno-informo-otra-fuerte-caida-de-la-coparticipacion-federal-en-junio\/","og_site_name":"Apuntes de San Luis","article_published_time":"2024-07-01T18:56:10+00:00","og_image":[{"width":600,"height":391,"url":"https:\/\/apuntesdesanluis.com\/wp-content\/uploads\/2024\/07\/EUGENIA-SOSA-HERRERA.png","type":"image\/png"}],"author":"apuntesdesanluis.com","twitter_card":"summary_large_image","twitter_misc":{"Escrito por":"apuntesdesanluis.com","Tiempo de lectura":"2 minutos"},"schema":{"@context":"https:\/\/schema.org","@graph":[{"@type":"Article","@id":"https:\/\/apuntesdesanluis.com\/index.php\/2024\/07\/01\/el-gobierno-informo-otra-fuerte-caida-de-la-coparticipacion-federal-en-junio\/#article","isPartOf":{"@id":"https:\/\/apuntesdesanluis.com\/index.php\/2024\/07\/01\/el-gobierno-informo-otra-fuerte-caida-de-la-coparticipacion-federal-en-junio\/"},"author":{"name":"apuntesdesanluis.com","@id":"https:\/\/apuntesdesanluis.com\/#\/schema\/person\/b55151d52296fcce64d1a72538a70b90"},"headline":"EL GOBIERNO INFORM\u00d3 OTRA FUERTE CA\u00cdDA DE LA COPARTICIPACI\u00d3N FEDERAL EN JUNIO","datePublished":"2024-07-01T18:56:10+00:00","mainEntityOfPage":{"@id":"https:\/\/apuntesdesanluis.com\/index.php\/2024\/07\/01\/el-gobierno-informo-otra-fuerte-caida-de-la-coparticipacion-federal-en-junio\/"},"wordCount":296,"publisher":{"@id":"https:\/\/apuntesdesanluis.com\/#\/schema\/person\/b55151d52296fcce64d1a72538a70b90"},"image":{"@id":"https:\/\/apuntesdesanluis.com\/index.php\/2024\/07\/01\/el-gobierno-informo-otra-fuerte-caida-de-la-coparticipacion-federal-en-junio\/#primaryimage"},"thumbnailUrl":"https:\/\/apuntesdesanluis.com\/wp-content\/uploads\/2024\/07\/EUGENIA-SOSA-HERRERA.png","articleSection":["Ciudad\/Provincia"],"inLanguage":"es-AR"},{"@type":"WebPage","@id":"https:\/\/apuntesdesanluis.com\/index.php\/2024\/07\/01\/el-gobierno-informo-otra-fuerte-caida-de-la-coparticipacion-federal-en-junio\/","url":"https:\/\/apuntesdesanluis.com\/index.php\/2024\/07\/01\/el-gobierno-informo-otra-fuerte-caida-de-la-coparticipacion-federal-en-junio\/","name":"EL GOBIERNO INFORM\u00d3 OTRA FUERTE CA\u00cdDA DE LA COPARTICIPACI\u00d3N FEDERAL EN JUNIO - Apuntes de San Luis","isPartOf":{"@id":"https:\/\/apuntesdesanluis.com\/#website"},"primaryImageOfPage":{"@id":"https:\/\/apuntesdesanluis.com\/index.php\/2024\/07\/01\/el-gobierno-informo-otra-fuerte-caida-de-la-coparticipacion-federal-en-junio\/#primaryimage"},"image":{"@id":"https:\/\/apuntesdesanluis.com\/index.php\/2024\/07\/01\/el-gobierno-informo-otra-fuerte-caida-de-la-coparticipacion-federal-en-junio\/#primaryimage"},"thumbnailUrl":"https:\/\/apuntesdesanluis.com\/wp-content\/uploads\/2024\/07\/EUGENIA-SOSA-HERRERA.png","datePublished":"2024-07-01T18:56:10+00:00","breadcrumb":{"@id":"https:\/\/apuntesdesanluis.com\/index.php\/2024\/07\/01\/el-gobierno-informo-otra-fuerte-caida-de-la-coparticipacion-federal-en-junio\/#breadcrumb"},"inLanguage":"es-AR","potentialAction":[{"@type":"ReadAction","target":["https:\/\/apuntesdesanluis.com\/index.php\/2024\/07\/01\/el-gobierno-informo-otra-fuerte-caida-de-la-coparticipacion-federal-en-junio\/"]}]},{"@type":"ImageObject","inLanguage":"es-AR","@id":"https:\/\/apuntesdesanluis.com\/index.php\/2024\/07\/01\/el-gobierno-informo-otra-fuerte-caida-de-la-coparticipacion-federal-en-junio\/#primaryimage","url":"https:\/\/apuntesdesanluis.com\/wp-content\/uploads\/2024\/07\/EUGENIA-SOSA-HERRERA.png","contentUrl":"https:\/\/apuntesdesanluis.com\/wp-content\/uploads\/2024\/07\/EUGENIA-SOSA-HERRERA.png","width":600,"height":391},{"@type":"BreadcrumbList","@id":"https:\/\/apuntesdesanluis.com\/index.php\/2024\/07\/01\/el-gobierno-informo-otra-fuerte-caida-de-la-coparticipacion-federal-en-junio\/#breadcrumb","itemListElement":[{"@type":"ListItem","position":1,"name":"Inicio","item":"https:\/\/apuntesdesanluis.com\/"},{"@type":"ListItem","position":2,"name":"EL GOBIERNO INFORM\u00d3 OTRA FUERTE CA\u00cdDA DE LA COPARTICIPACI\u00d3N FEDERAL EN JUNIO"}]},{"@type":"WebSite","@id":"https:\/\/apuntesdesanluis.com\/#website","url":"https:\/\/apuntesdesanluis.com\/","name":"Apuntes de San Luis","description":"","publisher":{"@id":"https:\/\/apuntesdesanluis.com\/#\/schema\/person\/b55151d52296fcce64d1a72538a70b90"},"potentialAction":[{"@type":"SearchAction","target":{"@type":"EntryPoint","urlTemplate":"https:\/\/apuntesdesanluis.com\/?s={search_term_string}"},"query-input":{"@type":"PropertyValueSpecification","valueRequired":true,"valueName":"search_term_string"}}],"inLanguage":"es-AR"},{"@type":["Person","Organization"],"@id":"https:\/\/apuntesdesanluis.com\/#\/schema\/person\/b55151d52296fcce64d1a72538a70b90","name":"apuntesdesanluis.com","image":{"@type":"ImageObject","inLanguage":"es-AR","@id":"https:\/\/apuntesdesanluis.com\/#\/schema\/person\/image\/","url":"https:\/\/apuntesdesanluis.com\/wp-content\/uploads\/2023\/07\/cropped-apuntesdesanluis.png","contentUrl":"https:\/\/apuntesdesanluis.com\/wp-content\/uploads\/2023\/07\/cropped-apuntesdesanluis.png","width":450,"height":112,"caption":"apuntesdesanluis.com"},"logo":{"@id":"https:\/\/apuntesdesanluis.com\/#\/schema\/person\/image\/"},"sameAs":["https:\/\/apuntesdesanluis.com"],"url":"https:\/\/apuntesdesanluis.com\/index.php\/author\/apuntesdesanluis-com\/"}]}},"featured_image_urls":{"full":["https:\/\/apuntesdesanluis.com\/wp-content\/uploads\/2024\/07\/EUGENIA-SOSA-HERRERA.png",600,391,false],"thumbnail":["https:\/\/apuntesdesanluis.com\/wp-content\/uploads\/2024\/07\/EUGENIA-SOSA-HERRERA-150x150.png",150,150,true],"medium":["https:\/\/apuntesdesanluis.com\/wp-content\/uploads\/2024\/07\/EUGENIA-SOSA-HERRERA-300x196.png",300,196,true],"medium_large":["https:\/\/apuntesdesanluis.com\/wp-content\/uploads\/2024\/07\/EUGENIA-SOSA-HERRERA.png",600,391,false],"large":["https:\/\/apuntesdesanluis.com\/wp-content\/uploads\/2024\/07\/EUGENIA-SOSA-HERRERA.png",600,391,false],"1536x1536":["https:\/\/apuntesdesanluis.com\/wp-content\/uploads\/2024\/07\/EUGENIA-SOSA-HERRERA.png",600,391,false],"2048x2048":["https:\/\/apuntesdesanluis.com\/wp-content\/uploads\/2024\/07\/EUGENIA-SOSA-HERRERA.png",600,391,false],"newsever-slider-full":["https:\/\/apuntesdesanluis.com\/wp-content\/uploads\/2024\/07\/EUGENIA-SOSA-HERRERA.png",600,391,false],"newsever-featured":["https:\/\/apuntesdesanluis.com\/wp-content\/uploads\/2024\/07\/EUGENIA-SOSA-HERRERA.png",600,391,false],"newsever-medium":["https:\/\/apuntesdesanluis.com\/wp-content\/uploads\/2024\/07\/EUGENIA-SOSA-HERRERA.png",600,391,false]},"author_info":{"display_name":"apuntesdesanluis.com","author_link":"https:\/\/apuntesdesanluis.com\/index.php\/author\/apuntesdesanluis-com\/"},"category_info":"<a href=\"https:\/\/apuntesdesanluis.com\/index.php\/category\/ciudad-provincia\/\" rel=\"category tag\">Ciudad\/Provincia<\/a>","tag_info":"Ciudad\/Provincia","comment_count":"0","_links":{"self":[{"href":"https:\/\/apuntesdesanluis.com\/index.php\/wp-json\/wp\/v2\/posts\/18621","targetHints":{"allow":["GET"]}}],"collection":[{"href":"https:\/\/apuntesdesanluis.com\/index.php\/wp-json\/wp\/v2\/posts"}],"about":[{"href":"https:\/\/apuntesdesanluis.com\/index.php\/wp-json\/wp\/v2\/types\/post"}],"author":[{"embeddable":true,"href":"https:\/\/apuntesdesanluis.com\/index.php\/wp-json\/wp\/v2\/users\/1"}],"replies":[{"embeddable":true,"href":"https:\/\/apuntesdesanluis.com\/index.php\/wp-json\/wp\/v2\/comments?post=18621"}],"version-history":[{"count":1,"href":"https:\/\/apuntesdesanluis.com\/index.php\/wp-json\/wp\/v2\/posts\/18621\/revisions"}],"predecessor-version":[{"id":18623,"href":"https:\/\/apuntesdesanluis.com\/index.php\/wp-json\/wp\/v2\/posts\/18621\/revisions\/18623"}],"wp:featuredmedia":[{"embeddable":true,"href":"https:\/\/apuntesdesanluis.com\/index.php\/wp-json\/wp\/v2\/media\/18622"}],"wp:attachment":[{"href":"https:\/\/apuntesdesanluis.com\/index.php\/wp-json\/wp\/v2\/media?parent=18621"}],"wp:term":[{"taxonomy":"category","embeddable":true,"href":"https:\/\/apuntesdesanluis.com\/index.php\/wp-json\/wp\/v2\/categories?post=18621"},{"taxonomy":"post_tag","embeddable":true,"href":"https:\/\/apuntesdesanluis.com\/index.php\/wp-json\/wp\/v2\/tags?post=18621"}],"curies":[{"name":"wp","href":"https:\/\/api.w.org\/{rel}","templated":true}]}}