{"id":18634,"date":"2024-07-01T17:12:30","date_gmt":"2024-07-01T20:12:30","guid":{"rendered":"https:\/\/apuntesdesanluis.com\/?p=18634"},"modified":"2024-07-01T17:12:30","modified_gmt":"2024-07-01T20:12:30","slug":"milei-confirmo-que-el-pacto-de-mayo-se-firmara-en-la-vigilia-del-8-al-9-de-julio","status":"publish","type":"post","link":"https:\/\/apuntesdesanluis.com\/index.php\/2024\/07\/01\/milei-confirmo-que-el-pacto-de-mayo-se-firmara-en-la-vigilia-del-8-al-9-de-julio\/","title":{"rendered":"MILEI CONFIRM\u00d3 QUE EL PACTO DE MAYO SE FIRMAR\u00c1 &#8220;EN LA VIGILIA DEL 8 AL 9 DE JULIO&#8221;"},"content":{"rendered":"<h3>El presidente <strong>Javier Milei<\/strong> confirm\u00f3 que el Pacto de Mayo se firmar\u00e1 en Tucum\u00e1n en los primeros minutos del 9 de Julio junto a los gobernadores y dirigentes pol\u00edticos que decidan participar, tras concretar la sanci\u00f3n de la Ley de Bases.<\/h3>\n<h3>&#8220;En la vigilia del 8 hacia el 9 de julio vamos a firmar el Pacto de Mayo. Agradezco fuertemente a todos los que acompa\u00f1amos en este momento&#8221;, se\u00f1al\u00f3 Milei en declaraciones al canal TN.<\/h3>\n<h3>Seg\u00fan sostuvo, &#8220;hay una convocatoria&#8221; amplia a asistir y expres\u00f3: &#8220;El que quiera venir va a venir, el que no quiera venir no va a venir. No voy a obligar a nadie, todas las fueras que integran el arco pol\u00edtico est\u00e1n invitados&#8221;.<\/h3>\n<h3>El Presidente, en tanto, confirm\u00f3 que la pr\u00f3xima semana jurar\u00e1 como ministro Federico Sturzenegger, aunque todav\u00eda no defini\u00f3 cu\u00e1l ser\u00e1 el nombre de su nueva cartera.<\/h3>\n<h3>&#8220;No habr\u00e1 m\u00e1s cambios en el Gabinete. Estoy feliz con mi equipo&#8221;, sostuvo Milei, al ser consultado sobre si podr\u00eda haber nuevas modificaciones en su entorno.<\/h3>\n<h3>En ese marco, detall\u00f3 que la pr\u00f3xima semana se presentar\u00e1 una ley que buscar\u00e1 &#8220;la eliminaci\u00f3n de m\u00e1s de cien leyes&#8221;, que servir\u00e1n para modernizar el sistema.<\/h3>\n<h3>Al referirse a sospechas de corrupci\u00f3n que sobrevolaron distintas \u00e1reas de su gesti\u00f3n, destac\u00f3 que no dud\u00f3 en echar a los se\u00f1alados.<\/h3>\n<h3>&#8220;Le pongo un torpedo en la cabeza (si roba), sea el que sea, me importa nada quien sea&#8221;, enfatiz\u00f3 el Presidente, que dijo que implementar\u00eda un &#8220;esquema Bersa (marca de armas)&#8221;, es decir: &#8220;Te agarro robando, te corto la mano&#8221;.<\/h3>\n<h3>\u201cEL QUE LAS HACE LAS PAGA\u201d<\/h3>\n<h3>El mandatario nacional tambi\u00e9n resalt\u00f3 el env\u00edo al Congreso de un nuevo R\u00e9gimen Penal Juvenil para bajar la edad de imputabilidad de los menores en el pa\u00eds a los 13 a\u00f1os.<\/h3>\n<h3>&#8220;Si tiene consciencia para cometer un delito de adulto, por qu\u00e9 no va a pagar como adulto. El que las hace las paga&#8221;, destac\u00f3 Milei.<\/h3>\n<h3>&#8220;Despu\u00e9s se ver\u00e1n los mecanismos para el acompa\u00f1amiento. La gente responde a los incentivos, si vos les hac\u00e9s menos rentable el delito, delinquen menos, y en eso estamos trabajando muy activamente y est\u00e1 funcionando. En Rosario cayeron los delitos un 70 por ciento\u201d, indic\u00f3.<\/h3>\n<h3>El Presidente se manifest\u00f3 as\u00ed luego de que esta semana los Ministerios de Seguridad y Justicia presentaran oficialmente el proyecto de baja de la edad de imputabilidad a 13 a\u00f1os.<\/h3>\n<h3><strong>NUEVAS CR\u00cdTICAS A L\u00d3PEZ MURPHY Y MELCONIAN<\/strong><\/h3>\n<h3>El Presidente sostuvo: &#8220;Yo no voy a hacer planes productivistas, eso es un socialista. Yo soy liberal libertario, no soy liberal libertarado&#8221;.<\/h3>\n<h3>&#8220;Algunos viven en Narnia y le hacen mucho da\u00f1o a las ideas de la libertad, porque proponen idioteces&#8221;, consider\u00f3 Milei.<\/h3>\n<h3>En ese sentido, apunt\u00f3 al diputado Ricardo L\u00f3pez Murphy y al economista Carlos Melconian, a quienes tild\u00f3 de &#8220;fracasados&#8221;.<\/h3>\n<h3>&#8220;Ni es cierto lo que dice el fracasado de Lopez Murphy, ni lo que dice el resentido fracasado de Melconian, que adem\u00e1s son parte del problema&#8221;, enfatiz\u00f3.<\/h3>\n<p>&nbsp;<\/p>\n<p>&nbsp;<\/p>\n<p>&nbsp;<\/p>\n","protected":false},"excerpt":{"rendered":"<p>El presidente Javier Milei confirm\u00f3 que el Pacto de Mayo se firmar\u00e1 en Tucum\u00e1n en&#8230;<\/p>\n","protected":false},"author":1,"featured_media":15560,"comment_status":"closed","ping_status":"closed","sticky":false,"template":"","format":"standard","meta":{"footnotes":""},"categories":[5],"tags":[],"class_list":["post-18634","post","type-post","status-publish","format-standard","has-post-thumbnail","hentry","category-nacionales-internacionales"],"yoast_head":"<!-- This site is optimized with the Yoast SEO plugin v26.1.1 - https:\/\/yoast.com\/wordpress\/plugins\/seo\/ -->\n<title>MILEI CONFIRM\u00d3 QUE EL PACTO DE MAYO SE FIRMAR\u00c1 &quot;EN LA VIGILIA DEL 8 AL 9 DE JULIO&quot; - Apuntes de San Luis<\/title>\n<meta name=\"robots\" content=\"index, follow, max-snippet:-1, max-image-preview:large, max-video-preview:-1\" \/>\n<link rel=\"canonical\" href=\"https:\/\/apuntesdesanluis.com\/index.php\/2024\/07\/01\/milei-confirmo-que-el-pacto-de-mayo-se-firmara-en-la-vigilia-del-8-al-9-de-julio\/\" \/>\n<meta property=\"og:locale\" content=\"es_ES\" \/>\n<meta property=\"og:type\" content=\"article\" \/>\n<meta property=\"og:title\" content=\"MILEI CONFIRM\u00d3 QUE EL PACTO DE MAYO SE FIRMAR\u00c1 &quot;EN LA VIGILIA DEL 8 AL 9 DE JULIO&quot; - Apuntes de San Luis\" \/>\n<meta property=\"og:description\" content=\"El presidente Javier Milei confirm\u00f3 que el Pacto de Mayo se firmar\u00e1 en Tucum\u00e1n en...\" \/>\n<meta property=\"og:url\" content=\"https:\/\/apuntesdesanluis.com\/index.php\/2024\/07\/01\/milei-confirmo-que-el-pacto-de-mayo-se-firmara-en-la-vigilia-del-8-al-9-de-julio\/\" \/>\n<meta property=\"og:site_name\" content=\"Apuntes de San Luis\" \/>\n<meta property=\"article:published_time\" content=\"2024-07-01T20:12:30+00:00\" \/>\n<meta property=\"og:image\" content=\"https:\/\/apuntesdesanluis.com\/wp-content\/uploads\/2024\/04\/milei-7.png\" \/>\n\t<meta property=\"og:image:width\" content=\"720\" \/>\n\t<meta property=\"og:image:height\" content=\"441\" \/>\n\t<meta property=\"og:image:type\" content=\"image\/png\" \/>\n<meta name=\"author\" content=\"apuntesdesanluis.com\" \/>\n<meta name=\"twitter:card\" content=\"summary_large_image\" \/>\n<meta name=\"twitter:label1\" content=\"Escrito por\" \/>\n\t<meta name=\"twitter:data1\" content=\"apuntesdesanluis.com\" \/>\n\t<meta name=\"twitter:label2\" content=\"Tiempo de lectura\" \/>\n\t<meta name=\"twitter:data2\" content=\"3 minutos\" \/>\n<script type=\"application\/ld+json\" class=\"yoast-schema-graph\">{\"@context\":\"https:\/\/schema.org\",\"@graph\":[{\"@type\":\"Article\",\"@id\":\"https:\/\/apuntesdesanluis.com\/index.php\/2024\/07\/01\/milei-confirmo-que-el-pacto-de-mayo-se-firmara-en-la-vigilia-del-8-al-9-de-julio\/#article\",\"isPartOf\":{\"@id\":\"https:\/\/apuntesdesanluis.com\/index.php\/2024\/07\/01\/milei-confirmo-que-el-pacto-de-mayo-se-firmara-en-la-vigilia-del-8-al-9-de-julio\/\"},\"author\":{\"name\":\"apuntesdesanluis.com\",\"@id\":\"https:\/\/apuntesdesanluis.com\/#\/schema\/person\/b55151d52296fcce64d1a72538a70b90\"},\"headline\":\"MILEI CONFIRM\u00d3 QUE EL PACTO DE MAYO SE FIRMAR\u00c1 &#8220;EN LA VIGILIA DEL 8 AL 9 DE JULIO&#8221;\",\"datePublished\":\"2024-07-01T20:12:30+00:00\",\"mainEntityOfPage\":{\"@id\":\"https:\/\/apuntesdesanluis.com\/index.php\/2024\/07\/01\/milei-confirmo-que-el-pacto-de-mayo-se-firmara-en-la-vigilia-del-8-al-9-de-julio\/\"},\"wordCount\":538,\"publisher\":{\"@id\":\"https:\/\/apuntesdesanluis.com\/#\/schema\/person\/b55151d52296fcce64d1a72538a70b90\"},\"image\":{\"@id\":\"https:\/\/apuntesdesanluis.com\/index.php\/2024\/07\/01\/milei-confirmo-que-el-pacto-de-mayo-se-firmara-en-la-vigilia-del-8-al-9-de-julio\/#primaryimage\"},\"thumbnailUrl\":\"https:\/\/apuntesdesanluis.com\/wp-content\/uploads\/2024\/04\/milei-7.png\",\"articleSection\":[\"Nacionales\/Internacionales\"],\"inLanguage\":\"es-AR\"},{\"@type\":\"WebPage\",\"@id\":\"https:\/\/apuntesdesanluis.com\/index.php\/2024\/07\/01\/milei-confirmo-que-el-pacto-de-mayo-se-firmara-en-la-vigilia-del-8-al-9-de-julio\/\",\"url\":\"https:\/\/apuntesdesanluis.com\/index.php\/2024\/07\/01\/milei-confirmo-que-el-pacto-de-mayo-se-firmara-en-la-vigilia-del-8-al-9-de-julio\/\",\"name\":\"MILEI CONFIRM\u00d3 QUE EL PACTO DE MAYO SE FIRMAR\u00c1 \\\"EN LA VIGILIA DEL 8 AL 9 DE JULIO\\\" - Apuntes de San Luis\",\"isPartOf\":{\"@id\":\"https:\/\/apuntesdesanluis.com\/#website\"},\"primaryImageOfPage\":{\"@id\":\"https:\/\/apuntesdesanluis.com\/index.php\/2024\/07\/01\/milei-confirmo-que-el-pacto-de-mayo-se-firmara-en-la-vigilia-del-8-al-9-de-julio\/#primaryimage\"},\"image\":{\"@id\":\"https:\/\/apuntesdesanluis.com\/index.php\/2024\/07\/01\/milei-confirmo-que-el-pacto-de-mayo-se-firmara-en-la-vigilia-del-8-al-9-de-julio\/#primaryimage\"},\"thumbnailUrl\":\"https:\/\/apuntesdesanluis.com\/wp-content\/uploads\/2024\/04\/milei-7.png\",\"datePublished\":\"2024-07-01T20:12:30+00:00\",\"breadcrumb\":{\"@id\":\"https:\/\/apuntesdesanluis.com\/index.php\/2024\/07\/01\/milei-confirmo-que-el-pacto-de-mayo-se-firmara-en-la-vigilia-del-8-al-9-de-julio\/#breadcrumb\"},\"inLanguage\":\"es-AR\",\"potentialAction\":[{\"@type\":\"ReadAction\",\"target\":[\"https:\/\/apuntesdesanluis.com\/index.php\/2024\/07\/01\/milei-confirmo-que-el-pacto-de-mayo-se-firmara-en-la-vigilia-del-8-al-9-de-julio\/\"]}]},{\"@type\":\"ImageObject\",\"inLanguage\":\"es-AR\",\"@id\":\"https:\/\/apuntesdesanluis.com\/index.php\/2024\/07\/01\/milei-confirmo-que-el-pacto-de-mayo-se-firmara-en-la-vigilia-del-8-al-9-de-julio\/#primaryimage\",\"url\":\"https:\/\/apuntesdesanluis.com\/wp-content\/uploads\/2024\/04\/milei-7.png\",\"contentUrl\":\"https:\/\/apuntesdesanluis.com\/wp-content\/uploads\/2024\/04\/milei-7.png\",\"width\":720,\"height\":441},{\"@type\":\"BreadcrumbList\",\"@id\":\"https:\/\/apuntesdesanluis.com\/index.php\/2024\/07\/01\/milei-confirmo-que-el-pacto-de-mayo-se-firmara-en-la-vigilia-del-8-al-9-de-julio\/#breadcrumb\",\"itemListElement\":[{\"@type\":\"ListItem\",\"position\":1,\"name\":\"Inicio\",\"item\":\"https:\/\/apuntesdesanluis.com\/\"},{\"@type\":\"ListItem\",\"position\":2,\"name\":\"MILEI CONFIRM\u00d3 QUE EL PACTO DE MAYO SE FIRMAR\u00c1 &#8220;EN LA VIGILIA DEL 8 AL 9 DE JULIO&#8221;\"}]},{\"@type\":\"WebSite\",\"@id\":\"https:\/\/apuntesdesanluis.com\/#website\",\"url\":\"https:\/\/apuntesdesanluis.com\/\",\"name\":\"Apuntes de San Luis\",\"description\":\"\",\"publisher\":{\"@id\":\"https:\/\/apuntesdesanluis.com\/#\/schema\/person\/b55151d52296fcce64d1a72538a70b90\"},\"potentialAction\":[{\"@type\":\"SearchAction\",\"target\":{\"@type\":\"EntryPoint\",\"urlTemplate\":\"https:\/\/apuntesdesanluis.com\/?s={search_term_string}\"},\"query-input\":{\"@type\":\"PropertyValueSpecification\",\"valueRequired\":true,\"valueName\":\"search_term_string\"}}],\"inLanguage\":\"es-AR\"},{\"@type\":[\"Person\",\"Organization\"],\"@id\":\"https:\/\/apuntesdesanluis.com\/#\/schema\/person\/b55151d52296fcce64d1a72538a70b90\",\"name\":\"apuntesdesanluis.com\",\"image\":{\"@type\":\"ImageObject\",\"inLanguage\":\"es-AR\",\"@id\":\"https:\/\/apuntesdesanluis.com\/#\/schema\/person\/image\/\",\"url\":\"https:\/\/apuntesdesanluis.com\/wp-content\/uploads\/2023\/07\/cropped-apuntesdesanluis.png\",\"contentUrl\":\"https:\/\/apuntesdesanluis.com\/wp-content\/uploads\/2023\/07\/cropped-apuntesdesanluis.png\",\"width\":450,\"height\":112,\"caption\":\"apuntesdesanluis.com\"},\"logo\":{\"@id\":\"https:\/\/apuntesdesanluis.com\/#\/schema\/person\/image\/\"},\"sameAs\":[\"https:\/\/apuntesdesanluis.com\"],\"url\":\"https:\/\/apuntesdesanluis.com\/index.php\/author\/apuntesdesanluis-com\/\"}]}<\/script>\n<!-- \/ Yoast SEO plugin. -->","yoast_head_json":{"title":"MILEI CONFIRM\u00d3 QUE EL PACTO DE MAYO SE FIRMAR\u00c1 \"EN LA VIGILIA DEL 8 AL 9 DE JULIO\" - Apuntes de San Luis","robots":{"index":"index","follow":"follow","max-snippet":"max-snippet:-1","max-image-preview":"max-image-preview:large","max-video-preview":"max-video-preview:-1"},"canonical":"https:\/\/apuntesdesanluis.com\/index.php\/2024\/07\/01\/milei-confirmo-que-el-pacto-de-mayo-se-firmara-en-la-vigilia-del-8-al-9-de-julio\/","og_locale":"es_ES","og_type":"article","og_title":"MILEI CONFIRM\u00d3 QUE EL PACTO DE MAYO SE FIRMAR\u00c1 \"EN LA VIGILIA DEL 8 AL 9 DE JULIO\" - Apuntes de San Luis","og_description":"El presidente Javier Milei confirm\u00f3 que el Pacto de Mayo se firmar\u00e1 en Tucum\u00e1n en...","og_url":"https:\/\/apuntesdesanluis.com\/index.php\/2024\/07\/01\/milei-confirmo-que-el-pacto-de-mayo-se-firmara-en-la-vigilia-del-8-al-9-de-julio\/","og_site_name":"Apuntes de San Luis","article_published_time":"2024-07-01T20:12:30+00:00","og_image":[{"width":720,"height":441,"url":"https:\/\/apuntesdesanluis.com\/wp-content\/uploads\/2024\/04\/milei-7.png","type":"image\/png"}],"author":"apuntesdesanluis.com","twitter_card":"summary_large_image","twitter_misc":{"Escrito por":"apuntesdesanluis.com","Tiempo de lectura":"3 minutos"},"schema":{"@context":"https:\/\/schema.org","@graph":[{"@type":"Article","@id":"https:\/\/apuntesdesanluis.com\/index.php\/2024\/07\/01\/milei-confirmo-que-el-pacto-de-mayo-se-firmara-en-la-vigilia-del-8-al-9-de-julio\/#article","isPartOf":{"@id":"https:\/\/apuntesdesanluis.com\/index.php\/2024\/07\/01\/milei-confirmo-que-el-pacto-de-mayo-se-firmara-en-la-vigilia-del-8-al-9-de-julio\/"},"author":{"name":"apuntesdesanluis.com","@id":"https:\/\/apuntesdesanluis.com\/#\/schema\/person\/b55151d52296fcce64d1a72538a70b90"},"headline":"MILEI CONFIRM\u00d3 QUE EL PACTO DE MAYO SE FIRMAR\u00c1 &#8220;EN LA VIGILIA DEL 8 AL 9 DE JULIO&#8221;","datePublished":"2024-07-01T20:12:30+00:00","mainEntityOfPage":{"@id":"https:\/\/apuntesdesanluis.com\/index.php\/2024\/07\/01\/milei-confirmo-que-el-pacto-de-mayo-se-firmara-en-la-vigilia-del-8-al-9-de-julio\/"},"wordCount":538,"publisher":{"@id":"https:\/\/apuntesdesanluis.com\/#\/schema\/person\/b55151d52296fcce64d1a72538a70b90"},"image":{"@id":"https:\/\/apuntesdesanluis.com\/index.php\/2024\/07\/01\/milei-confirmo-que-el-pacto-de-mayo-se-firmara-en-la-vigilia-del-8-al-9-de-julio\/#primaryimage"},"thumbnailUrl":"https:\/\/apuntesdesanluis.com\/wp-content\/uploads\/2024\/04\/milei-7.png","articleSection":["Nacionales\/Internacionales"],"inLanguage":"es-AR"},{"@type":"WebPage","@id":"https:\/\/apuntesdesanluis.com\/index.php\/2024\/07\/01\/milei-confirmo-que-el-pacto-de-mayo-se-firmara-en-la-vigilia-del-8-al-9-de-julio\/","url":"https:\/\/apuntesdesanluis.com\/index.php\/2024\/07\/01\/milei-confirmo-que-el-pacto-de-mayo-se-firmara-en-la-vigilia-del-8-al-9-de-julio\/","name":"MILEI CONFIRM\u00d3 QUE EL PACTO DE MAYO SE FIRMAR\u00c1 \"EN LA VIGILIA DEL 8 AL 9 DE JULIO\" - Apuntes de San Luis","isPartOf":{"@id":"https:\/\/apuntesdesanluis.com\/#website"},"primaryImageOfPage":{"@id":"https:\/\/apuntesdesanluis.com\/index.php\/2024\/07\/01\/milei-confirmo-que-el-pacto-de-mayo-se-firmara-en-la-vigilia-del-8-al-9-de-julio\/#primaryimage"},"image":{"@id":"https:\/\/apuntesdesanluis.com\/index.php\/2024\/07\/01\/milei-confirmo-que-el-pacto-de-mayo-se-firmara-en-la-vigilia-del-8-al-9-de-julio\/#primaryimage"},"thumbnailUrl":"https:\/\/apuntesdesanluis.com\/wp-content\/uploads\/2024\/04\/milei-7.png","datePublished":"2024-07-01T20:12:30+00:00","breadcrumb":{"@id":"https:\/\/apuntesdesanluis.com\/index.php\/2024\/07\/01\/milei-confirmo-que-el-pacto-de-mayo-se-firmara-en-la-vigilia-del-8-al-9-de-julio\/#breadcrumb"},"inLanguage":"es-AR","potentialAction":[{"@type":"ReadAction","target":["https:\/\/apuntesdesanluis.com\/index.php\/2024\/07\/01\/milei-confirmo-que-el-pacto-de-mayo-se-firmara-en-la-vigilia-del-8-al-9-de-julio\/"]}]},{"@type":"ImageObject","inLanguage":"es-AR","@id":"https:\/\/apuntesdesanluis.com\/index.php\/2024\/07\/01\/milei-confirmo-que-el-pacto-de-mayo-se-firmara-en-la-vigilia-del-8-al-9-de-julio\/#primaryimage","url":"https:\/\/apuntesdesanluis.com\/wp-content\/uploads\/2024\/04\/milei-7.png","contentUrl":"https:\/\/apuntesdesanluis.com\/wp-content\/uploads\/2024\/04\/milei-7.png","width":720,"height":441},{"@type":"BreadcrumbList","@id":"https:\/\/apuntesdesanluis.com\/index.php\/2024\/07\/01\/milei-confirmo-que-el-pacto-de-mayo-se-firmara-en-la-vigilia-del-8-al-9-de-julio\/#breadcrumb","itemListElement":[{"@type":"ListItem","position":1,"name":"Inicio","item":"https:\/\/apuntesdesanluis.com\/"},{"@type":"ListItem","position":2,"name":"MILEI CONFIRM\u00d3 QUE EL PACTO DE MAYO SE FIRMAR\u00c1 &#8220;EN LA VIGILIA DEL 8 AL 9 DE JULIO&#8221;"}]},{"@type":"WebSite","@id":"https:\/\/apuntesdesanluis.com\/#website","url":"https:\/\/apuntesdesanluis.com\/","name":"Apuntes de San Luis","description":"","publisher":{"@id":"https:\/\/apuntesdesanluis.com\/#\/schema\/person\/b55151d52296fcce64d1a72538a70b90"},"potentialAction":[{"@type":"SearchAction","target":{"@type":"EntryPoint","urlTemplate":"https:\/\/apuntesdesanluis.com\/?s={search_term_string}"},"query-input":{"@type":"PropertyValueSpecification","valueRequired":true,"valueName":"search_term_string"}}],"inLanguage":"es-AR"},{"@type":["Person","Organization"],"@id":"https:\/\/apuntesdesanluis.com\/#\/schema\/person\/b55151d52296fcce64d1a72538a70b90","name":"apuntesdesanluis.com","image":{"@type":"ImageObject","inLanguage":"es-AR","@id":"https:\/\/apuntesdesanluis.com\/#\/schema\/person\/image\/","url":"https:\/\/apuntesdesanluis.com\/wp-content\/uploads\/2023\/07\/cropped-apuntesdesanluis.png","contentUrl":"https:\/\/apuntesdesanluis.com\/wp-content\/uploads\/2023\/07\/cropped-apuntesdesanluis.png","width":450,"height":112,"caption":"apuntesdesanluis.com"},"logo":{"@id":"https:\/\/apuntesdesanluis.com\/#\/schema\/person\/image\/"},"sameAs":["https:\/\/apuntesdesanluis.com"],"url":"https:\/\/apuntesdesanluis.com\/index.php\/author\/apuntesdesanluis-com\/"}]}},"featured_image_urls":{"full":["https:\/\/apuntesdesanluis.com\/wp-content\/uploads\/2024\/04\/milei-7.png",720,441,false],"thumbnail":["https:\/\/apuntesdesanluis.com\/wp-content\/uploads\/2024\/04\/milei-7-150x150.png",150,150,true],"medium":["https:\/\/apuntesdesanluis.com\/wp-content\/uploads\/2024\/04\/milei-7-300x184.png",300,184,true],"medium_large":["https:\/\/apuntesdesanluis.com\/wp-content\/uploads\/2024\/04\/milei-7.png",640,392,false],"large":["https:\/\/apuntesdesanluis.com\/wp-content\/uploads\/2024\/04\/milei-7.png",640,392,false],"1536x1536":["https:\/\/apuntesdesanluis.com\/wp-content\/uploads\/2024\/04\/milei-7.png",720,441,false],"2048x2048":["https:\/\/apuntesdesanluis.com\/wp-content\/uploads\/2024\/04\/milei-7.png",720,441,false],"newsever-slider-full":["https:\/\/apuntesdesanluis.com\/wp-content\/uploads\/2024\/04\/milei-7.png",720,441,false],"newsever-featured":["https:\/\/apuntesdesanluis.com\/wp-content\/uploads\/2024\/04\/milei-7.png",720,441,false],"newsever-medium":["https:\/\/apuntesdesanluis.com\/wp-content\/uploads\/2024\/04\/milei-7.png",720,441,false]},"author_info":{"display_name":"apuntesdesanluis.com","author_link":"https:\/\/apuntesdesanluis.com\/index.php\/author\/apuntesdesanluis-com\/"},"category_info":"<a href=\"https:\/\/apuntesdesanluis.com\/index.php\/category\/nacionales-internacionales\/\" rel=\"category tag\">Nacionales\/Internacionales<\/a>","tag_info":"Nacionales\/Internacionales","comment_count":"0","_links":{"self":[{"href":"https:\/\/apuntesdesanluis.com\/index.php\/wp-json\/wp\/v2\/posts\/18634","targetHints":{"allow":["GET"]}}],"collection":[{"href":"https:\/\/apuntesdesanluis.com\/index.php\/wp-json\/wp\/v2\/posts"}],"about":[{"href":"https:\/\/apuntesdesanluis.com\/index.php\/wp-json\/wp\/v2\/types\/post"}],"author":[{"embeddable":true,"href":"https:\/\/apuntesdesanluis.com\/index.php\/wp-json\/wp\/v2\/users\/1"}],"replies":[{"embeddable":true,"href":"https:\/\/apuntesdesanluis.com\/index.php\/wp-json\/wp\/v2\/comments?post=18634"}],"version-history":[{"count":1,"href":"https:\/\/apuntesdesanluis.com\/index.php\/wp-json\/wp\/v2\/posts\/18634\/revisions"}],"predecessor-version":[{"id":18635,"href":"https:\/\/apuntesdesanluis.com\/index.php\/wp-json\/wp\/v2\/posts\/18634\/revisions\/18635"}],"wp:featuredmedia":[{"embeddable":true,"href":"https:\/\/apuntesdesanluis.com\/index.php\/wp-json\/wp\/v2\/media\/15560"}],"wp:attachment":[{"href":"https:\/\/apuntesdesanluis.com\/index.php\/wp-json\/wp\/v2\/media?parent=18634"}],"wp:term":[{"taxonomy":"category","embeddable":true,"href":"https:\/\/apuntesdesanluis.com\/index.php\/wp-json\/wp\/v2\/categories?post=18634"},{"taxonomy":"post_tag","embeddable":true,"href":"https:\/\/apuntesdesanluis.com\/index.php\/wp-json\/wp\/v2\/tags?post=18634"}],"curies":[{"name":"wp","href":"https:\/\/api.w.org\/{rel}","templated":true}]}}