{"id":18639,"date":"2024-07-01T17:30:27","date_gmt":"2024-07-01T20:30:27","guid":{"rendered":"https:\/\/apuntesdesanluis.com\/?p=18639"},"modified":"2024-07-01T17:32:33","modified_gmt":"2024-07-01T20:32:33","slug":"trabajadores-del-inti-repudiaron-los-despidos-y-el-cierre-de-sedes-regionales-en-todo-el-pais","status":"publish","type":"post","link":"https:\/\/apuntesdesanluis.com\/index.php\/2024\/07\/01\/trabajadores-del-inti-repudiaron-los-despidos-y-el-cierre-de-sedes-regionales-en-todo-el-pais\/","title":{"rendered":"TRABAJADORES DEL INTI REPUDIARON LOS DESPIDOS Y EL CIERRE DE SEDES REGIONALES EN TODO EL PA\u00cdS"},"content":{"rendered":"<h3>Trabajadores del <strong>Instituto Nacional de Tecnolog\u00eda Industrial<\/strong> (INTI) se concentraron en el Parque Tecnol\u00f3gico Migueletes en repudio a los despidos y al cierre de sedes regionales en todo el pa\u00eds; adem\u00e1s, se vencieron alrededor de 300 contratos de empleados monotributistas que a\u00fan desconocen si se renovar\u00e1n o quedar\u00e1n sin efecto.<\/h3>\n<h3>Entre los puestos que peligran hay empleadas embarazadas, otras con licencia por maternidad, personas con enfermedades cr\u00f3nicas y madres que llevan a sus hijos al jard\u00edn del INTI que se quedar\u00edan sin trabajo y sin escolaridad.<\/h3>\n<h3>En di\u00e1logo con Noticias Argentinas, <strong>Giselle Santana<\/strong>, delegada del INTI, inform\u00f3 que \u201choy quer\u00edan garantizar el ingreso&#8221; de todos los compa\u00f1eros despedidos, en la vereda, en la entrada del INTI, \u201cni siquiera cortando la colectora ni impidiendo el tr\u00e1nsito\u201d y el operativo policial de la Polic\u00eda de la Ciudad de Buenos Aires, \u201cavanz\u00f3 sobre cualquier tipo de libertad democr\u00e1tica\u201d.<\/h3>\n<h3>\u201cSe formaron en la puerta y avanzaron sobre nosotros con gases, palos, escudos. Tenemos varios compa\u00f1eros y compa\u00f1eras lastimados, afectados por los gases, algunos sangrando por los palazos, simplemente por estar en el ingreso de nuestro lugar de trabajo. Ahora el cord\u00f3n policial nos est\u00e1 impidiendo el ingreso a nuestro trabajo cuando nuestro horario es entre las 8 y las 9 de la ma\u00f1ana. Es un atropello para todos los trabajadores y las trabajadoras del Estado, que estamos encontr\u00e1ndonos con miles de despidos en nuestros sectores, con el desmantelamiento de l\u00edneas de trabajo y de pol\u00edticas p\u00fablicas fundamentales para este pa\u00eds\u201d, se\u00f1al\u00f3 Santana.<\/h3>\n<h3>En la misma l\u00ednea, afirm\u00f3 que la protesta que llevan adelante es un derecho porque \u201ctodav\u00eda vivimos en democracia&#8221; aunque, no pudieron estar \u201dni siquiera en la puerta del organismo sin ser brutalmente reprimidos&#8221; por la polic\u00eda.<\/h3>\n<p><img fetchpriority=\"high\" decoding=\"async\" class=\"wp-image-18641 aligncenter\" src=\"https:\/\/apuntesdesanluis.com\/wp-content\/uploads\/2024\/07\/IINTI-REPRESION-300x197.png\" alt=\"\" width=\"646\" height=\"424\" srcset=\"https:\/\/apuntesdesanluis.com\/wp-content\/uploads\/2024\/07\/IINTI-REPRESION-300x197.png 300w, https:\/\/apuntesdesanluis.com\/wp-content\/uploads\/2024\/07\/IINTI-REPRESION.png 700w\" sizes=\"(max-width: 646px) 100vw, 646px\" \/><\/p>\n<h3>\u201cDenunciamos y hacemos responsable al gobierno de (Javier) Milei, a Patricia Bullrich y a Jorge Macri de cualquier hecho que pueda ocurrir ac\u00e1. Nosotros estamos dispuestos a hacer una asamblea y a seguir votando medidas de lucha. En el INTI y en el Estado no sobra nadie\u201d, sentenci\u00f3 la delegada.<\/h3>\n<h3>Lo que asumen desde el organismo es que, no s\u00f3lo esta concentraci\u00f3n es en contra de los despidos sino que tambi\u00e9n es en repudio \u201cal comienzo de un vaciamiento\u201d de una instituci\u00f3n \u201cestrat\u00e9gica para el desarrollo productivo nacional\u201d.<\/h3>\n<h3>Tambi\u00e9n confirmaron que hay laboratorios que quedan \u201cpr\u00e1cticamente vac\u00edos\u201d porque no hay personal que lleve adelante las tareas, al igual que las \u00e1reas y l\u00edneas de trabajo enteras afectadas por los despidos a nivel federal, con el cierre de sedes regionales en todo el pa\u00eds.<\/h3>\n<h3><\/h3>\n<p>&nbsp;<\/p>\n<p>&nbsp;<\/p>\n<p>&nbsp;<\/p>\n<h3><\/h3>\n<h3><\/h3>\n<h3><\/h3>\n<p>&nbsp;<\/p>\n<p>&nbsp;<\/p>\n<p>&nbsp;<\/p>\n","protected":false},"excerpt":{"rendered":"<p>Trabajadores del Instituto Nacional de Tecnolog\u00eda Industrial (INTI) se concentraron en el Parque Tecnol\u00f3gico Migueletes&#8230;<\/p>\n","protected":false},"author":1,"featured_media":18640,"comment_status":"closed","ping_status":"closed","sticky":false,"template":"","format":"standard","meta":{"footnotes":""},"categories":[5],"tags":[],"class_list":["post-18639","post","type-post","status-publish","format-standard","has-post-thumbnail","hentry","category-nacionales-internacionales"],"yoast_head":"<!-- This site is optimized with the Yoast SEO plugin v26.1.1 - https:\/\/yoast.com\/wordpress\/plugins\/seo\/ -->\n<title>TRABAJADORES DEL INTI REPUDIARON LOS DESPIDOS Y EL CIERRE DE SEDES REGIONALES EN TODO EL PA\u00cdS - Apuntes de San Luis<\/title>\n<meta name=\"robots\" content=\"index, follow, max-snippet:-1, max-image-preview:large, max-video-preview:-1\" \/>\n<link rel=\"canonical\" href=\"https:\/\/apuntesdesanluis.com\/index.php\/2024\/07\/01\/trabajadores-del-inti-repudiaron-los-despidos-y-el-cierre-de-sedes-regionales-en-todo-el-pais\/\" \/>\n<meta property=\"og:locale\" content=\"es_ES\" \/>\n<meta property=\"og:type\" content=\"article\" \/>\n<meta property=\"og:title\" content=\"TRABAJADORES DEL INTI REPUDIARON LOS DESPIDOS Y EL CIERRE DE SEDES REGIONALES EN TODO EL PA\u00cdS - Apuntes de San Luis\" \/>\n<meta property=\"og:description\" content=\"Trabajadores del Instituto Nacional de Tecnolog\u00eda Industrial (INTI) se concentraron en el Parque Tecnol\u00f3gico Migueletes...\" \/>\n<meta property=\"og:url\" content=\"https:\/\/apuntesdesanluis.com\/index.php\/2024\/07\/01\/trabajadores-del-inti-repudiaron-los-despidos-y-el-cierre-de-sedes-regionales-en-todo-el-pais\/\" \/>\n<meta property=\"og:site_name\" content=\"Apuntes de San Luis\" \/>\n<meta property=\"article:published_time\" content=\"2024-07-01T20:30:27+00:00\" \/>\n<meta property=\"article:modified_time\" content=\"2024-07-01T20:32:33+00:00\" \/>\n<meta property=\"og:image\" content=\"https:\/\/apuntesdesanluis.com\/wp-content\/uploads\/2024\/07\/INTI-PROTESTA.png\" \/>\n\t<meta property=\"og:image:width\" content=\"600\" \/>\n\t<meta property=\"og:image:height\" content=\"337\" \/>\n\t<meta property=\"og:image:type\" content=\"image\/png\" \/>\n<meta name=\"author\" content=\"apuntesdesanluis.com\" \/>\n<meta name=\"twitter:card\" content=\"summary_large_image\" \/>\n<meta name=\"twitter:label1\" content=\"Escrito por\" \/>\n\t<meta name=\"twitter:data1\" content=\"apuntesdesanluis.com\" \/>\n\t<meta name=\"twitter:label2\" content=\"Tiempo de lectura\" \/>\n\t<meta name=\"twitter:data2\" content=\"3 minutos\" \/>\n<script type=\"application\/ld+json\" class=\"yoast-schema-graph\">{\"@context\":\"https:\/\/schema.org\",\"@graph\":[{\"@type\":\"Article\",\"@id\":\"https:\/\/apuntesdesanluis.com\/index.php\/2024\/07\/01\/trabajadores-del-inti-repudiaron-los-despidos-y-el-cierre-de-sedes-regionales-en-todo-el-pais\/#article\",\"isPartOf\":{\"@id\":\"https:\/\/apuntesdesanluis.com\/index.php\/2024\/07\/01\/trabajadores-del-inti-repudiaron-los-despidos-y-el-cierre-de-sedes-regionales-en-todo-el-pais\/\"},\"author\":{\"name\":\"apuntesdesanluis.com\",\"@id\":\"https:\/\/apuntesdesanluis.com\/#\/schema\/person\/b55151d52296fcce64d1a72538a70b90\"},\"headline\":\"TRABAJADORES DEL INTI REPUDIARON LOS DESPIDOS Y EL CIERRE DE SEDES REGIONALES EN TODO EL PA\u00cdS\",\"datePublished\":\"2024-07-01T20:30:27+00:00\",\"dateModified\":\"2024-07-01T20:32:33+00:00\",\"mainEntityOfPage\":{\"@id\":\"https:\/\/apuntesdesanluis.com\/index.php\/2024\/07\/01\/trabajadores-del-inti-repudiaron-los-despidos-y-el-cierre-de-sedes-regionales-en-todo-el-pais\/\"},\"wordCount\":477,\"publisher\":{\"@id\":\"https:\/\/apuntesdesanluis.com\/#\/schema\/person\/b55151d52296fcce64d1a72538a70b90\"},\"image\":{\"@id\":\"https:\/\/apuntesdesanluis.com\/index.php\/2024\/07\/01\/trabajadores-del-inti-repudiaron-los-despidos-y-el-cierre-de-sedes-regionales-en-todo-el-pais\/#primaryimage\"},\"thumbnailUrl\":\"https:\/\/apuntesdesanluis.com\/wp-content\/uploads\/2024\/07\/INTI-PROTESTA.png\",\"articleSection\":[\"Nacionales\/Internacionales\"],\"inLanguage\":\"es-AR\"},{\"@type\":\"WebPage\",\"@id\":\"https:\/\/apuntesdesanluis.com\/index.php\/2024\/07\/01\/trabajadores-del-inti-repudiaron-los-despidos-y-el-cierre-de-sedes-regionales-en-todo-el-pais\/\",\"url\":\"https:\/\/apuntesdesanluis.com\/index.php\/2024\/07\/01\/trabajadores-del-inti-repudiaron-los-despidos-y-el-cierre-de-sedes-regionales-en-todo-el-pais\/\",\"name\":\"TRABAJADORES DEL INTI REPUDIARON LOS DESPIDOS Y EL CIERRE DE SEDES REGIONALES EN TODO EL PA\u00cdS - Apuntes de San Luis\",\"isPartOf\":{\"@id\":\"https:\/\/apuntesdesanluis.com\/#website\"},\"primaryImageOfPage\":{\"@id\":\"https:\/\/apuntesdesanluis.com\/index.php\/2024\/07\/01\/trabajadores-del-inti-repudiaron-los-despidos-y-el-cierre-de-sedes-regionales-en-todo-el-pais\/#primaryimage\"},\"image\":{\"@id\":\"https:\/\/apuntesdesanluis.com\/index.php\/2024\/07\/01\/trabajadores-del-inti-repudiaron-los-despidos-y-el-cierre-de-sedes-regionales-en-todo-el-pais\/#primaryimage\"},\"thumbnailUrl\":\"https:\/\/apuntesdesanluis.com\/wp-content\/uploads\/2024\/07\/INTI-PROTESTA.png\",\"datePublished\":\"2024-07-01T20:30:27+00:00\",\"dateModified\":\"2024-07-01T20:32:33+00:00\",\"breadcrumb\":{\"@id\":\"https:\/\/apuntesdesanluis.com\/index.php\/2024\/07\/01\/trabajadores-del-inti-repudiaron-los-despidos-y-el-cierre-de-sedes-regionales-en-todo-el-pais\/#breadcrumb\"},\"inLanguage\":\"es-AR\",\"potentialAction\":[{\"@type\":\"ReadAction\",\"target\":[\"https:\/\/apuntesdesanluis.com\/index.php\/2024\/07\/01\/trabajadores-del-inti-repudiaron-los-despidos-y-el-cierre-de-sedes-regionales-en-todo-el-pais\/\"]}]},{\"@type\":\"ImageObject\",\"inLanguage\":\"es-AR\",\"@id\":\"https:\/\/apuntesdesanluis.com\/index.php\/2024\/07\/01\/trabajadores-del-inti-repudiaron-los-despidos-y-el-cierre-de-sedes-regionales-en-todo-el-pais\/#primaryimage\",\"url\":\"https:\/\/apuntesdesanluis.com\/wp-content\/uploads\/2024\/07\/INTI-PROTESTA.png\",\"contentUrl\":\"https:\/\/apuntesdesanluis.com\/wp-content\/uploads\/2024\/07\/INTI-PROTESTA.png\",\"width\":600,\"height\":337},{\"@type\":\"BreadcrumbList\",\"@id\":\"https:\/\/apuntesdesanluis.com\/index.php\/2024\/07\/01\/trabajadores-del-inti-repudiaron-los-despidos-y-el-cierre-de-sedes-regionales-en-todo-el-pais\/#breadcrumb\",\"itemListElement\":[{\"@type\":\"ListItem\",\"position\":1,\"name\":\"Inicio\",\"item\":\"https:\/\/apuntesdesanluis.com\/\"},{\"@type\":\"ListItem\",\"position\":2,\"name\":\"TRABAJADORES DEL INTI REPUDIARON LOS DESPIDOS Y EL CIERRE DE SEDES REGIONALES EN TODO EL PA\u00cdS\"}]},{\"@type\":\"WebSite\",\"@id\":\"https:\/\/apuntesdesanluis.com\/#website\",\"url\":\"https:\/\/apuntesdesanluis.com\/\",\"name\":\"Apuntes de San Luis\",\"description\":\"\",\"publisher\":{\"@id\":\"https:\/\/apuntesdesanluis.com\/#\/schema\/person\/b55151d52296fcce64d1a72538a70b90\"},\"potentialAction\":[{\"@type\":\"SearchAction\",\"target\":{\"@type\":\"EntryPoint\",\"urlTemplate\":\"https:\/\/apuntesdesanluis.com\/?s={search_term_string}\"},\"query-input\":{\"@type\":\"PropertyValueSpecification\",\"valueRequired\":true,\"valueName\":\"search_term_string\"}}],\"inLanguage\":\"es-AR\"},{\"@type\":[\"Person\",\"Organization\"],\"@id\":\"https:\/\/apuntesdesanluis.com\/#\/schema\/person\/b55151d52296fcce64d1a72538a70b90\",\"name\":\"apuntesdesanluis.com\",\"image\":{\"@type\":\"ImageObject\",\"inLanguage\":\"es-AR\",\"@id\":\"https:\/\/apuntesdesanluis.com\/#\/schema\/person\/image\/\",\"url\":\"https:\/\/apuntesdesanluis.com\/wp-content\/uploads\/2023\/07\/cropped-apuntesdesanluis.png\",\"contentUrl\":\"https:\/\/apuntesdesanluis.com\/wp-content\/uploads\/2023\/07\/cropped-apuntesdesanluis.png\",\"width\":450,\"height\":112,\"caption\":\"apuntesdesanluis.com\"},\"logo\":{\"@id\":\"https:\/\/apuntesdesanluis.com\/#\/schema\/person\/image\/\"},\"sameAs\":[\"https:\/\/apuntesdesanluis.com\"],\"url\":\"https:\/\/apuntesdesanluis.com\/index.php\/author\/apuntesdesanluis-com\/\"}]}<\/script>\n<!-- \/ Yoast SEO plugin. -->","yoast_head_json":{"title":"TRABAJADORES DEL INTI REPUDIARON LOS DESPIDOS Y EL CIERRE DE SEDES REGIONALES EN TODO EL PA\u00cdS - Apuntes de San Luis","robots":{"index":"index","follow":"follow","max-snippet":"max-snippet:-1","max-image-preview":"max-image-preview:large","max-video-preview":"max-video-preview:-1"},"canonical":"https:\/\/apuntesdesanluis.com\/index.php\/2024\/07\/01\/trabajadores-del-inti-repudiaron-los-despidos-y-el-cierre-de-sedes-regionales-en-todo-el-pais\/","og_locale":"es_ES","og_type":"article","og_title":"TRABAJADORES DEL INTI REPUDIARON LOS DESPIDOS Y EL CIERRE DE SEDES REGIONALES EN TODO EL PA\u00cdS - Apuntes de San Luis","og_description":"Trabajadores del Instituto Nacional de Tecnolog\u00eda Industrial (INTI) se concentraron en el Parque Tecnol\u00f3gico Migueletes...","og_url":"https:\/\/apuntesdesanluis.com\/index.php\/2024\/07\/01\/trabajadores-del-inti-repudiaron-los-despidos-y-el-cierre-de-sedes-regionales-en-todo-el-pais\/","og_site_name":"Apuntes de San Luis","article_published_time":"2024-07-01T20:30:27+00:00","article_modified_time":"2024-07-01T20:32:33+00:00","og_image":[{"width":600,"height":337,"url":"https:\/\/apuntesdesanluis.com\/wp-content\/uploads\/2024\/07\/INTI-PROTESTA.png","type":"image\/png"}],"author":"apuntesdesanluis.com","twitter_card":"summary_large_image","twitter_misc":{"Escrito por":"apuntesdesanluis.com","Tiempo de lectura":"3 minutos"},"schema":{"@context":"https:\/\/schema.org","@graph":[{"@type":"Article","@id":"https:\/\/apuntesdesanluis.com\/index.php\/2024\/07\/01\/trabajadores-del-inti-repudiaron-los-despidos-y-el-cierre-de-sedes-regionales-en-todo-el-pais\/#article","isPartOf":{"@id":"https:\/\/apuntesdesanluis.com\/index.php\/2024\/07\/01\/trabajadores-del-inti-repudiaron-los-despidos-y-el-cierre-de-sedes-regionales-en-todo-el-pais\/"},"author":{"name":"apuntesdesanluis.com","@id":"https:\/\/apuntesdesanluis.com\/#\/schema\/person\/b55151d52296fcce64d1a72538a70b90"},"headline":"TRABAJADORES DEL INTI REPUDIARON LOS DESPIDOS Y EL CIERRE DE SEDES REGIONALES EN TODO EL PA\u00cdS","datePublished":"2024-07-01T20:30:27+00:00","dateModified":"2024-07-01T20:32:33+00:00","mainEntityOfPage":{"@id":"https:\/\/apuntesdesanluis.com\/index.php\/2024\/07\/01\/trabajadores-del-inti-repudiaron-los-despidos-y-el-cierre-de-sedes-regionales-en-todo-el-pais\/"},"wordCount":477,"publisher":{"@id":"https:\/\/apuntesdesanluis.com\/#\/schema\/person\/b55151d52296fcce64d1a72538a70b90"},"image":{"@id":"https:\/\/apuntesdesanluis.com\/index.php\/2024\/07\/01\/trabajadores-del-inti-repudiaron-los-despidos-y-el-cierre-de-sedes-regionales-en-todo-el-pais\/#primaryimage"},"thumbnailUrl":"https:\/\/apuntesdesanluis.com\/wp-content\/uploads\/2024\/07\/INTI-PROTESTA.png","articleSection":["Nacionales\/Internacionales"],"inLanguage":"es-AR"},{"@type":"WebPage","@id":"https:\/\/apuntesdesanluis.com\/index.php\/2024\/07\/01\/trabajadores-del-inti-repudiaron-los-despidos-y-el-cierre-de-sedes-regionales-en-todo-el-pais\/","url":"https:\/\/apuntesdesanluis.com\/index.php\/2024\/07\/01\/trabajadores-del-inti-repudiaron-los-despidos-y-el-cierre-de-sedes-regionales-en-todo-el-pais\/","name":"TRABAJADORES DEL INTI REPUDIARON LOS DESPIDOS Y EL CIERRE DE SEDES REGIONALES EN TODO EL PA\u00cdS - Apuntes de San Luis","isPartOf":{"@id":"https:\/\/apuntesdesanluis.com\/#website"},"primaryImageOfPage":{"@id":"https:\/\/apuntesdesanluis.com\/index.php\/2024\/07\/01\/trabajadores-del-inti-repudiaron-los-despidos-y-el-cierre-de-sedes-regionales-en-todo-el-pais\/#primaryimage"},"image":{"@id":"https:\/\/apuntesdesanluis.com\/index.php\/2024\/07\/01\/trabajadores-del-inti-repudiaron-los-despidos-y-el-cierre-de-sedes-regionales-en-todo-el-pais\/#primaryimage"},"thumbnailUrl":"https:\/\/apuntesdesanluis.com\/wp-content\/uploads\/2024\/07\/INTI-PROTESTA.png","datePublished":"2024-07-01T20:30:27+00:00","dateModified":"2024-07-01T20:32:33+00:00","breadcrumb":{"@id":"https:\/\/apuntesdesanluis.com\/index.php\/2024\/07\/01\/trabajadores-del-inti-repudiaron-los-despidos-y-el-cierre-de-sedes-regionales-en-todo-el-pais\/#breadcrumb"},"inLanguage":"es-AR","potentialAction":[{"@type":"ReadAction","target":["https:\/\/apuntesdesanluis.com\/index.php\/2024\/07\/01\/trabajadores-del-inti-repudiaron-los-despidos-y-el-cierre-de-sedes-regionales-en-todo-el-pais\/"]}]},{"@type":"ImageObject","inLanguage":"es-AR","@id":"https:\/\/apuntesdesanluis.com\/index.php\/2024\/07\/01\/trabajadores-del-inti-repudiaron-los-despidos-y-el-cierre-de-sedes-regionales-en-todo-el-pais\/#primaryimage","url":"https:\/\/apuntesdesanluis.com\/wp-content\/uploads\/2024\/07\/INTI-PROTESTA.png","contentUrl":"https:\/\/apuntesdesanluis.com\/wp-content\/uploads\/2024\/07\/INTI-PROTESTA.png","width":600,"height":337},{"@type":"BreadcrumbList","@id":"https:\/\/apuntesdesanluis.com\/index.php\/2024\/07\/01\/trabajadores-del-inti-repudiaron-los-despidos-y-el-cierre-de-sedes-regionales-en-todo-el-pais\/#breadcrumb","itemListElement":[{"@type":"ListItem","position":1,"name":"Inicio","item":"https:\/\/apuntesdesanluis.com\/"},{"@type":"ListItem","position":2,"name":"TRABAJADORES DEL INTI REPUDIARON LOS DESPIDOS Y EL CIERRE DE SEDES REGIONALES EN TODO EL PA\u00cdS"}]},{"@type":"WebSite","@id":"https:\/\/apuntesdesanluis.com\/#website","url":"https:\/\/apuntesdesanluis.com\/","name":"Apuntes de San Luis","description":"","publisher":{"@id":"https:\/\/apuntesdesanluis.com\/#\/schema\/person\/b55151d52296fcce64d1a72538a70b90"},"potentialAction":[{"@type":"SearchAction","target":{"@type":"EntryPoint","urlTemplate":"https:\/\/apuntesdesanluis.com\/?s={search_term_string}"},"query-input":{"@type":"PropertyValueSpecification","valueRequired":true,"valueName":"search_term_string"}}],"inLanguage":"es-AR"},{"@type":["Person","Organization"],"@id":"https:\/\/apuntesdesanluis.com\/#\/schema\/person\/b55151d52296fcce64d1a72538a70b90","name":"apuntesdesanluis.com","image":{"@type":"ImageObject","inLanguage":"es-AR","@id":"https:\/\/apuntesdesanluis.com\/#\/schema\/person\/image\/","url":"https:\/\/apuntesdesanluis.com\/wp-content\/uploads\/2023\/07\/cropped-apuntesdesanluis.png","contentUrl":"https:\/\/apuntesdesanluis.com\/wp-content\/uploads\/2023\/07\/cropped-apuntesdesanluis.png","width":450,"height":112,"caption":"apuntesdesanluis.com"},"logo":{"@id":"https:\/\/apuntesdesanluis.com\/#\/schema\/person\/image\/"},"sameAs":["https:\/\/apuntesdesanluis.com"],"url":"https:\/\/apuntesdesanluis.com\/index.php\/author\/apuntesdesanluis-com\/"}]}},"featured_image_urls":{"full":["https:\/\/apuntesdesanluis.com\/wp-content\/uploads\/2024\/07\/INTI-PROTESTA.png",600,337,false],"thumbnail":["https:\/\/apuntesdesanluis.com\/wp-content\/uploads\/2024\/07\/INTI-PROTESTA-150x150.png",150,150,true],"medium":["https:\/\/apuntesdesanluis.com\/wp-content\/uploads\/2024\/07\/INTI-PROTESTA-300x169.png",300,169,true],"medium_large":["https:\/\/apuntesdesanluis.com\/wp-content\/uploads\/2024\/07\/INTI-PROTESTA.png",600,337,false],"large":["https:\/\/apuntesdesanluis.com\/wp-content\/uploads\/2024\/07\/INTI-PROTESTA.png",600,337,false],"1536x1536":["https:\/\/apuntesdesanluis.com\/wp-content\/uploads\/2024\/07\/INTI-PROTESTA.png",600,337,false],"2048x2048":["https:\/\/apuntesdesanluis.com\/wp-content\/uploads\/2024\/07\/INTI-PROTESTA.png",600,337,false],"newsever-slider-full":["https:\/\/apuntesdesanluis.com\/wp-content\/uploads\/2024\/07\/INTI-PROTESTA.png",600,337,false],"newsever-featured":["https:\/\/apuntesdesanluis.com\/wp-content\/uploads\/2024\/07\/INTI-PROTESTA.png",600,337,false],"newsever-medium":["https:\/\/apuntesdesanluis.com\/wp-content\/uploads\/2024\/07\/INTI-PROTESTA.png",600,337,false]},"author_info":{"display_name":"apuntesdesanluis.com","author_link":"https:\/\/apuntesdesanluis.com\/index.php\/author\/apuntesdesanluis-com\/"},"category_info":"<a href=\"https:\/\/apuntesdesanluis.com\/index.php\/category\/nacionales-internacionales\/\" rel=\"category tag\">Nacionales\/Internacionales<\/a>","tag_info":"Nacionales\/Internacionales","comment_count":"0","_links":{"self":[{"href":"https:\/\/apuntesdesanluis.com\/index.php\/wp-json\/wp\/v2\/posts\/18639","targetHints":{"allow":["GET"]}}],"collection":[{"href":"https:\/\/apuntesdesanluis.com\/index.php\/wp-json\/wp\/v2\/posts"}],"about":[{"href":"https:\/\/apuntesdesanluis.com\/index.php\/wp-json\/wp\/v2\/types\/post"}],"author":[{"embeddable":true,"href":"https:\/\/apuntesdesanluis.com\/index.php\/wp-json\/wp\/v2\/users\/1"}],"replies":[{"embeddable":true,"href":"https:\/\/apuntesdesanluis.com\/index.php\/wp-json\/wp\/v2\/comments?post=18639"}],"version-history":[{"count":4,"href":"https:\/\/apuntesdesanluis.com\/index.php\/wp-json\/wp\/v2\/posts\/18639\/revisions"}],"predecessor-version":[{"id":18645,"href":"https:\/\/apuntesdesanluis.com\/index.php\/wp-json\/wp\/v2\/posts\/18639\/revisions\/18645"}],"wp:featuredmedia":[{"embeddable":true,"href":"https:\/\/apuntesdesanluis.com\/index.php\/wp-json\/wp\/v2\/media\/18640"}],"wp:attachment":[{"href":"https:\/\/apuntesdesanluis.com\/index.php\/wp-json\/wp\/v2\/media?parent=18639"}],"wp:term":[{"taxonomy":"category","embeddable":true,"href":"https:\/\/apuntesdesanluis.com\/index.php\/wp-json\/wp\/v2\/categories?post=18639"},{"taxonomy":"post_tag","embeddable":true,"href":"https:\/\/apuntesdesanluis.com\/index.php\/wp-json\/wp\/v2\/tags?post=18639"}],"curies":[{"name":"wp","href":"https:\/\/api.w.org\/{rel}","templated":true}]}}