{"id":18650,"date":"2024-07-01T17:54:36","date_gmt":"2024-07-01T20:54:36","guid":{"rendered":"https:\/\/apuntesdesanluis.com\/?p=18650"},"modified":"2024-07-01T17:54:36","modified_gmt":"2024-07-01T20:54:36","slug":"confirman-la-venta-de-procter-gamble-y-continuaria-operando-la-panalera","status":"publish","type":"post","link":"https:\/\/apuntesdesanluis.com\/index.php\/2024\/07\/01\/confirman-la-venta-de-procter-gamble-y-continuaria-operando-la-panalera\/","title":{"rendered":"CONFIRMAN LA VENTA DE PROCTER &#038; GAMBLE Y CONTINUAR\u00cdA OPERANDO LA PA\u00d1ALERA"},"content":{"rendered":"<h3>Grupo Newsan, el holding de electr\u00f3nica y alimentos que encabeza <strong>Rub\u00e9n Cher\u00f1ajovsky<\/strong>, se qued\u00f3 con el negocio de P<strong>rocter &amp; Gamble<\/strong> en la Argentina. Una de las plantas es la pa\u00f1alera ubicada en Villa Mercedes.<\/h3>\n<h3>Se trata del desembarco del grupo en el sector del consumo masivo y tambi\u00e9n la salida del pa\u00eds del gigante global, que hab\u00eda vendido parte de su negocio meses atr\u00e1s.<\/h3>\n<h3>Seg\u00fan trascendi\u00f3, la operaci\u00f3n, que ven\u00eda negoci\u00e1ndose hace varias semanas, se cerr\u00f3 en las \u00faltimas horas. Otros grupos grandes locales hab\u00edan pujado tambi\u00e9n por quedarse con el negocio local de P&amp;G, pero se impuso la firma cuyo CEO y presidente es Luis Galli. No trascendi\u00f3 el monto de la operaci\u00f3n por el momento.<\/h3>\n<h3>La compa\u00f1\u00eda local se quedar\u00e1 de esa manera con marcas emblem\u00e1ticas, como Gillette, Pampers, Always, Head &amp; Shoulders, Oral-B, y la f\u00e1brica que tiene la empresa americana en Villa Mercedes, en San Luis, donde se seguir\u00e1n produciendo pa\u00f1ales y toallitas femeninas y las oficinas generales en Munro). Tambi\u00e9n negoci\u00f3 la potestad de operar en el pa\u00eds otras marcas de P&amp;G que a\u00fan no desembarcaron localmente.<\/h3>\n<p><img fetchpriority=\"high\" decoding=\"async\" class=\"wp-image-18654 aligncenter\" src=\"https:\/\/apuntesdesanluis.com\/wp-content\/uploads\/2024\/07\/PANAERA-300x157.png\" alt=\"\" width=\"568\" height=\"297\" srcset=\"https:\/\/apuntesdesanluis.com\/wp-content\/uploads\/2024\/07\/PANAERA-300x157.png 300w, https:\/\/apuntesdesanluis.com\/wp-content\/uploads\/2024\/07\/PANAERA-768x402.png 768w, https:\/\/apuntesdesanluis.com\/wp-content\/uploads\/2024\/07\/PANAERA.png 871w\" sizes=\"(max-width: 568px) 100vw, 568px\" \/><\/p>\n<h3>\u201cNewsan mantendr\u00e1 la continuidad laboral de todos los empleados y proseguir\u00e1 con la operaci\u00f3n comercial en la Argentina de los negocios actuales y desarrollos futuros\u201d, se detall\u00f3 en un comunicado. \u201cEsta operaci\u00f3n permite que las marcas de P&amp;G sigan estando presente en el pa\u00eds, bajo un mejor modelo de negocio, proveyendo de productos a trav\u00e9s de Newsan, mientras contin\u00faa creando valor a trav\u00e9s de productos superiores para mejorar la vida de los consumidores, ahora y en las generaciones venideras\u201d, agreg\u00f3 el texto.<\/h3>\n<h3>Este medio pudo saber que este es apenas el desembarco de Newsan en el rubro y que a partir de ahora buscar\u00e1 convertirse en un referente local de consumo masivo que buscar\u00e1 r\u00e1pido sumar otros rubros, como podr\u00eda ser alimentos y bebidas y limpieza.<\/h3>\n<p><img decoding=\"async\" class=\"wp-image-18652 aligncenter\" src=\"https:\/\/apuntesdesanluis.com\/wp-content\/uploads\/2024\/07\/RUBEN-300x167.png\" alt=\"\" width=\"623\" height=\"347\" srcset=\"https:\/\/apuntesdesanluis.com\/wp-content\/uploads\/2024\/07\/RUBEN-300x167.png 300w, https:\/\/apuntesdesanluis.com\/wp-content\/uploads\/2024\/07\/RUBEN-768x427.png 768w, https:\/\/apuntesdesanluis.com\/wp-content\/uploads\/2024\/07\/RUBEN.png 842w\" sizes=\"(max-width: 623px) 100vw, 623px\" \/><\/p>\n<h4 style=\"text-align: center;\"><em><strong>Rub\u00e9n Cher\u00f1ajovsky.<\/strong><\/em><\/h4>\n<h3>Newsan tiene 33 a\u00f1os en el mercado local, 9.000 empleados y, seg\u00fan reportes propios recientes, USD 300 millones de invertidos en los \u00faltimos 10 a\u00f1os. Hasta el momento tiene tres grandes modelos de negocio:<\/h3>\n<ul>\n<li>\n<h3>Electr\u00f3nica de consumo y electrodom\u00e9sticos: es una de las grandes compa\u00f1\u00edas que est\u00e1n dentro del r\u00e9gimen de Tierra del Fuego, donde fabrican, importan, comercializan y distribuyen electr\u00f3nica de consumo y electrodom\u00e9sticos. Tiene marcas propias como Noblex, Atma Philco y Siam, y alianzas con Motorola, LG, Hisense y Whirlpool.<\/h3>\n<\/li>\n<li>\n<h3>Food: son uno de los principales exportadores de pesca y productos agr\u00edcolas del pa\u00eds. Exporta a 70 pa\u00edses langostinos, merluza hubbsi, merluza negra, calamar y otras especies y harina de pescado. Opera en los puertos de Ushuaia, Puerto Madryn, Puerto Deseado, Mar del Plata, Buenos Aires y Rawson. Tambi\u00e9n vende al exterior miel, aceite de oliva, man\u00ed, aceite de man\u00ed y expeller de man\u00ed.<\/h3>\n<\/li>\n<li>\n<h3>Movilidad urbana: bicicletas, monopatines el\u00e9ctricos y motos el\u00e9ctricas y a combusti\u00f3n.<\/h3>\n<\/li>\n<\/ul>\n<h3><img decoding=\"async\" class=\"wp-image-18653 aligncenter\" src=\"https:\/\/apuntesdesanluis.com\/wp-content\/uploads\/2024\/07\/LUIS-GALLI-300x206.png\" alt=\"\" width=\"603\" height=\"414\" srcset=\"https:\/\/apuntesdesanluis.com\/wp-content\/uploads\/2024\/07\/LUIS-GALLI-300x206.png 300w, https:\/\/apuntesdesanluis.com\/wp-content\/uploads\/2024\/07\/LUIS-GALLI.png 689w\" sizes=\"(max-width: 603px) 100vw, 603px\" \/><\/h3>\n<h4 style=\"text-align: center;\"><em>Luis Galli es el presidente de Newsan.<\/em><\/h4>\n<h3>\u201cEstamos muy felices de anunciar el desembarco de Newsan en consumo masivo; sumando los negocios de P&amp;G, incorporando marcas ic\u00f3nicas, el conocimiento del mercado de una compa\u00f1\u00eda l\u00edder y un gran equipo de colaboradores. Este es un paso m\u00e1s en el proceso de expansi\u00f3n, diversificaci\u00f3n y crecimiento de nuestra compa\u00f1\u00eda, y el primero en este segmento. La unidad de negocios de Consumo Masivo ser\u00e1 independiente, y se suma a las tres unidades ya existentes: electr\u00f3nica y electrodom\u00e9sticos, movilidad urbana y exportaci\u00f3n de alimentos. Tenemos grandes planes y altas expectativas para la Unidad de Negocios de Consumo Masivo que hoy estamos presentando. Este acuerdo con P&amp;G marca un hito en la historia de nuestra compa\u00f1\u00eda y renueva el compromiso continuo, como grupo local, con la inversi\u00f3n, la generaci\u00f3n de empleo, el desarrollo tecnol\u00f3gico y la innovaci\u00f3n\u201d, dijo Galli.<\/h3>\n<h3>\u201cNewsan es un socio robusto para esta pr\u00f3xima etapa de P&amp;G y las marcas de P&amp;G en la Argentina. Nuestro acuerdo permite que la innovaci\u00f3n continua de P&amp;G sirva a los consumidores a trav\u00e9s de la presencia de marcas l\u00edderes en el pa\u00eds, al tiempo que permite la continuidad de la producci\u00f3n local y el empleo. Todo esto con la flexibilidad, el respaldo y la experiencia de una empresa que conoce el mercado local\u201d; expres\u00f3, por su parte Alejandro Lorusso, quien continuar\u00e1 supervisando la operaci\u00f3n desde P&amp;G Company como Senior Vice President L\u00edder de transici\u00f3n.<\/h3>\n<h3>En 2023, Newsan tuvo ventas por USD 1.568 millones por sus negocios de electr\u00f3nica y movilidad, y de 246 millones por Newsan Food.<\/h3>\n<h3><strong>LA OTRA VENTA DE PROCTER<\/strong><\/h3>\n<h3>P&amp;G est\u00e1 saliendo de algunos pa\u00edses con entornos macroecon\u00f3micos que definieron en su momento a nivel global como \u201cdif\u00edciles\u201d.<\/h3>\n<h3>Su CFO global, Andre Schulten, hab\u00eda asegurado en diciembre pasado que es dif\u00edcil crear valor y operar en el pa\u00eds por el entorno.<\/h3>\n<h3>En marzo de este a\u00f1o, la firma local Dreamco cerr\u00f3 el acuerdo para el traspaso de dos ic\u00f3nicas marcas de consumo masivo local que eran operadas por la multinacional P&amp;G: Ariel y Magistral. Dreamco es due\u00f1a, adem\u00e1s, de marcas que le compr\u00f3 a la peruana Alicorp, que se fue del pa\u00eds hace dos a\u00f1os. Es el caso de Plusbelle, Campos Verdes, Limol, Zorro, Federal, Okeb\u00f3n, Molino Natural, Girotondo y Panal en galletas.<\/h3>\n<p>&nbsp;<\/p>\n<p>&nbsp;<\/p>\n<p>&nbsp;<\/p>\n<h3><\/h3>\n<h3><\/h3>\n<h3><\/h3>\n","protected":false},"excerpt":{"rendered":"<p>Grupo Newsan, el holding de electr\u00f3nica y alimentos que encabeza Rub\u00e9n Cher\u00f1ajovsky, se qued\u00f3 con&#8230;<\/p>\n","protected":false},"author":1,"featured_media":18651,"comment_status":"closed","ping_status":"closed","sticky":false,"template":"","format":"standard","meta":{"footnotes":""},"categories":[5],"tags":[],"class_list":["post-18650","post","type-post","status-publish","format-standard","has-post-thumbnail","hentry","category-nacionales-internacionales"],"yoast_head":"<!-- This site is optimized with the Yoast SEO plugin v26.1.1 - https:\/\/yoast.com\/wordpress\/plugins\/seo\/ -->\n<title>CONFIRMAN LA VENTA DE PROCTER &amp; GAMBLE Y CONTINUAR\u00cdA OPERANDO LA PA\u00d1ALERA - Apuntes de San Luis<\/title>\n<meta name=\"robots\" content=\"index, follow, max-snippet:-1, max-image-preview:large, max-video-preview:-1\" \/>\n<link rel=\"canonical\" href=\"https:\/\/apuntesdesanluis.com\/index.php\/2024\/07\/01\/confirman-la-venta-de-procter-gamble-y-continuaria-operando-la-panalera\/\" \/>\n<meta property=\"og:locale\" content=\"es_ES\" \/>\n<meta property=\"og:type\" content=\"article\" \/>\n<meta property=\"og:title\" content=\"CONFIRMAN LA VENTA DE PROCTER &amp; GAMBLE Y CONTINUAR\u00cdA OPERANDO LA PA\u00d1ALERA - Apuntes de San Luis\" \/>\n<meta property=\"og:description\" content=\"Grupo Newsan, el holding de electr\u00f3nica y alimentos que encabeza Rub\u00e9n Cher\u00f1ajovsky, se qued\u00f3 con...\" \/>\n<meta property=\"og:url\" content=\"https:\/\/apuntesdesanluis.com\/index.php\/2024\/07\/01\/confirman-la-venta-de-procter-gamble-y-continuaria-operando-la-panalera\/\" \/>\n<meta property=\"og:site_name\" content=\"Apuntes de San Luis\" \/>\n<meta property=\"article:published_time\" content=\"2024-07-01T20:54:36+00:00\" \/>\n<meta property=\"og:image\" content=\"https:\/\/apuntesdesanluis.com\/wp-content\/uploads\/2024\/07\/PROCTER.png\" \/>\n\t<meta property=\"og:image:width\" content=\"697\" \/>\n\t<meta property=\"og:image:height\" content=\"473\" \/>\n\t<meta property=\"og:image:type\" content=\"image\/png\" \/>\n<meta name=\"author\" content=\"apuntesdesanluis.com\" \/>\n<meta name=\"twitter:card\" content=\"summary_large_image\" \/>\n<meta name=\"twitter:label1\" content=\"Escrito por\" \/>\n\t<meta name=\"twitter:data1\" content=\"apuntesdesanluis.com\" \/>\n\t<meta name=\"twitter:label2\" content=\"Tiempo de lectura\" \/>\n\t<meta name=\"twitter:data2\" content=\"5 minutos\" \/>\n<script type=\"application\/ld+json\" class=\"yoast-schema-graph\">{\"@context\":\"https:\/\/schema.org\",\"@graph\":[{\"@type\":\"Article\",\"@id\":\"https:\/\/apuntesdesanluis.com\/index.php\/2024\/07\/01\/confirman-la-venta-de-procter-gamble-y-continuaria-operando-la-panalera\/#article\",\"isPartOf\":{\"@id\":\"https:\/\/apuntesdesanluis.com\/index.php\/2024\/07\/01\/confirman-la-venta-de-procter-gamble-y-continuaria-operando-la-panalera\/\"},\"author\":{\"name\":\"apuntesdesanluis.com\",\"@id\":\"https:\/\/apuntesdesanluis.com\/#\/schema\/person\/b55151d52296fcce64d1a72538a70b90\"},\"headline\":\"CONFIRMAN LA VENTA DE PROCTER &#038; GAMBLE Y CONTINUAR\u00cdA OPERANDO LA PA\u00d1ALERA\",\"datePublished\":\"2024-07-01T20:54:36+00:00\",\"mainEntityOfPage\":{\"@id\":\"https:\/\/apuntesdesanluis.com\/index.php\/2024\/07\/01\/confirman-la-venta-de-procter-gamble-y-continuaria-operando-la-panalera\/\"},\"wordCount\":967,\"publisher\":{\"@id\":\"https:\/\/apuntesdesanluis.com\/#\/schema\/person\/b55151d52296fcce64d1a72538a70b90\"},\"image\":{\"@id\":\"https:\/\/apuntesdesanluis.com\/index.php\/2024\/07\/01\/confirman-la-venta-de-procter-gamble-y-continuaria-operando-la-panalera\/#primaryimage\"},\"thumbnailUrl\":\"https:\/\/apuntesdesanluis.com\/wp-content\/uploads\/2024\/07\/PROCTER.png\",\"articleSection\":[\"Nacionales\/Internacionales\"],\"inLanguage\":\"es-AR\"},{\"@type\":\"WebPage\",\"@id\":\"https:\/\/apuntesdesanluis.com\/index.php\/2024\/07\/01\/confirman-la-venta-de-procter-gamble-y-continuaria-operando-la-panalera\/\",\"url\":\"https:\/\/apuntesdesanluis.com\/index.php\/2024\/07\/01\/confirman-la-venta-de-procter-gamble-y-continuaria-operando-la-panalera\/\",\"name\":\"CONFIRMAN LA VENTA DE PROCTER & GAMBLE Y CONTINUAR\u00cdA OPERANDO LA PA\u00d1ALERA - Apuntes de San Luis\",\"isPartOf\":{\"@id\":\"https:\/\/apuntesdesanluis.com\/#website\"},\"primaryImageOfPage\":{\"@id\":\"https:\/\/apuntesdesanluis.com\/index.php\/2024\/07\/01\/confirman-la-venta-de-procter-gamble-y-continuaria-operando-la-panalera\/#primaryimage\"},\"image\":{\"@id\":\"https:\/\/apuntesdesanluis.com\/index.php\/2024\/07\/01\/confirman-la-venta-de-procter-gamble-y-continuaria-operando-la-panalera\/#primaryimage\"},\"thumbnailUrl\":\"https:\/\/apuntesdesanluis.com\/wp-content\/uploads\/2024\/07\/PROCTER.png\",\"datePublished\":\"2024-07-01T20:54:36+00:00\",\"breadcrumb\":{\"@id\":\"https:\/\/apuntesdesanluis.com\/index.php\/2024\/07\/01\/confirman-la-venta-de-procter-gamble-y-continuaria-operando-la-panalera\/#breadcrumb\"},\"inLanguage\":\"es-AR\",\"potentialAction\":[{\"@type\":\"ReadAction\",\"target\":[\"https:\/\/apuntesdesanluis.com\/index.php\/2024\/07\/01\/confirman-la-venta-de-procter-gamble-y-continuaria-operando-la-panalera\/\"]}]},{\"@type\":\"ImageObject\",\"inLanguage\":\"es-AR\",\"@id\":\"https:\/\/apuntesdesanluis.com\/index.php\/2024\/07\/01\/confirman-la-venta-de-procter-gamble-y-continuaria-operando-la-panalera\/#primaryimage\",\"url\":\"https:\/\/apuntesdesanluis.com\/wp-content\/uploads\/2024\/07\/PROCTER.png\",\"contentUrl\":\"https:\/\/apuntesdesanluis.com\/wp-content\/uploads\/2024\/07\/PROCTER.png\",\"width\":697,\"height\":473},{\"@type\":\"BreadcrumbList\",\"@id\":\"https:\/\/apuntesdesanluis.com\/index.php\/2024\/07\/01\/confirman-la-venta-de-procter-gamble-y-continuaria-operando-la-panalera\/#breadcrumb\",\"itemListElement\":[{\"@type\":\"ListItem\",\"position\":1,\"name\":\"Inicio\",\"item\":\"https:\/\/apuntesdesanluis.com\/\"},{\"@type\":\"ListItem\",\"position\":2,\"name\":\"CONFIRMAN LA VENTA DE PROCTER &#038; GAMBLE Y CONTINUAR\u00cdA OPERANDO LA PA\u00d1ALERA\"}]},{\"@type\":\"WebSite\",\"@id\":\"https:\/\/apuntesdesanluis.com\/#website\",\"url\":\"https:\/\/apuntesdesanluis.com\/\",\"name\":\"Apuntes de San Luis\",\"description\":\"\",\"publisher\":{\"@id\":\"https:\/\/apuntesdesanluis.com\/#\/schema\/person\/b55151d52296fcce64d1a72538a70b90\"},\"potentialAction\":[{\"@type\":\"SearchAction\",\"target\":{\"@type\":\"EntryPoint\",\"urlTemplate\":\"https:\/\/apuntesdesanluis.com\/?s={search_term_string}\"},\"query-input\":{\"@type\":\"PropertyValueSpecification\",\"valueRequired\":true,\"valueName\":\"search_term_string\"}}],\"inLanguage\":\"es-AR\"},{\"@type\":[\"Person\",\"Organization\"],\"@id\":\"https:\/\/apuntesdesanluis.com\/#\/schema\/person\/b55151d52296fcce64d1a72538a70b90\",\"name\":\"apuntesdesanluis.com\",\"image\":{\"@type\":\"ImageObject\",\"inLanguage\":\"es-AR\",\"@id\":\"https:\/\/apuntesdesanluis.com\/#\/schema\/person\/image\/\",\"url\":\"https:\/\/apuntesdesanluis.com\/wp-content\/uploads\/2023\/07\/cropped-apuntesdesanluis.png\",\"contentUrl\":\"https:\/\/apuntesdesanluis.com\/wp-content\/uploads\/2023\/07\/cropped-apuntesdesanluis.png\",\"width\":450,\"height\":112,\"caption\":\"apuntesdesanluis.com\"},\"logo\":{\"@id\":\"https:\/\/apuntesdesanluis.com\/#\/schema\/person\/image\/\"},\"sameAs\":[\"https:\/\/apuntesdesanluis.com\"],\"url\":\"https:\/\/apuntesdesanluis.com\/index.php\/author\/apuntesdesanluis-com\/\"}]}<\/script>\n<!-- \/ Yoast SEO plugin. -->","yoast_head_json":{"title":"CONFIRMAN LA VENTA DE PROCTER & GAMBLE Y CONTINUAR\u00cdA OPERANDO LA PA\u00d1ALERA - Apuntes de San Luis","robots":{"index":"index","follow":"follow","max-snippet":"max-snippet:-1","max-image-preview":"max-image-preview:large","max-video-preview":"max-video-preview:-1"},"canonical":"https:\/\/apuntesdesanluis.com\/index.php\/2024\/07\/01\/confirman-la-venta-de-procter-gamble-y-continuaria-operando-la-panalera\/","og_locale":"es_ES","og_type":"article","og_title":"CONFIRMAN LA VENTA DE PROCTER & GAMBLE Y CONTINUAR\u00cdA OPERANDO LA PA\u00d1ALERA - Apuntes de San Luis","og_description":"Grupo Newsan, el holding de electr\u00f3nica y alimentos que encabeza Rub\u00e9n Cher\u00f1ajovsky, se qued\u00f3 con...","og_url":"https:\/\/apuntesdesanluis.com\/index.php\/2024\/07\/01\/confirman-la-venta-de-procter-gamble-y-continuaria-operando-la-panalera\/","og_site_name":"Apuntes de San Luis","article_published_time":"2024-07-01T20:54:36+00:00","og_image":[{"width":697,"height":473,"url":"https:\/\/apuntesdesanluis.com\/wp-content\/uploads\/2024\/07\/PROCTER.png","type":"image\/png"}],"author":"apuntesdesanluis.com","twitter_card":"summary_large_image","twitter_misc":{"Escrito por":"apuntesdesanluis.com","Tiempo de lectura":"5 minutos"},"schema":{"@context":"https:\/\/schema.org","@graph":[{"@type":"Article","@id":"https:\/\/apuntesdesanluis.com\/index.php\/2024\/07\/01\/confirman-la-venta-de-procter-gamble-y-continuaria-operando-la-panalera\/#article","isPartOf":{"@id":"https:\/\/apuntesdesanluis.com\/index.php\/2024\/07\/01\/confirman-la-venta-de-procter-gamble-y-continuaria-operando-la-panalera\/"},"author":{"name":"apuntesdesanluis.com","@id":"https:\/\/apuntesdesanluis.com\/#\/schema\/person\/b55151d52296fcce64d1a72538a70b90"},"headline":"CONFIRMAN LA VENTA DE PROCTER &#038; GAMBLE Y CONTINUAR\u00cdA OPERANDO LA PA\u00d1ALERA","datePublished":"2024-07-01T20:54:36+00:00","mainEntityOfPage":{"@id":"https:\/\/apuntesdesanluis.com\/index.php\/2024\/07\/01\/confirman-la-venta-de-procter-gamble-y-continuaria-operando-la-panalera\/"},"wordCount":967,"publisher":{"@id":"https:\/\/apuntesdesanluis.com\/#\/schema\/person\/b55151d52296fcce64d1a72538a70b90"},"image":{"@id":"https:\/\/apuntesdesanluis.com\/index.php\/2024\/07\/01\/confirman-la-venta-de-procter-gamble-y-continuaria-operando-la-panalera\/#primaryimage"},"thumbnailUrl":"https:\/\/apuntesdesanluis.com\/wp-content\/uploads\/2024\/07\/PROCTER.png","articleSection":["Nacionales\/Internacionales"],"inLanguage":"es-AR"},{"@type":"WebPage","@id":"https:\/\/apuntesdesanluis.com\/index.php\/2024\/07\/01\/confirman-la-venta-de-procter-gamble-y-continuaria-operando-la-panalera\/","url":"https:\/\/apuntesdesanluis.com\/index.php\/2024\/07\/01\/confirman-la-venta-de-procter-gamble-y-continuaria-operando-la-panalera\/","name":"CONFIRMAN LA VENTA DE PROCTER & GAMBLE Y CONTINUAR\u00cdA OPERANDO LA PA\u00d1ALERA - Apuntes de San Luis","isPartOf":{"@id":"https:\/\/apuntesdesanluis.com\/#website"},"primaryImageOfPage":{"@id":"https:\/\/apuntesdesanluis.com\/index.php\/2024\/07\/01\/confirman-la-venta-de-procter-gamble-y-continuaria-operando-la-panalera\/#primaryimage"},"image":{"@id":"https:\/\/apuntesdesanluis.com\/index.php\/2024\/07\/01\/confirman-la-venta-de-procter-gamble-y-continuaria-operando-la-panalera\/#primaryimage"},"thumbnailUrl":"https:\/\/apuntesdesanluis.com\/wp-content\/uploads\/2024\/07\/PROCTER.png","datePublished":"2024-07-01T20:54:36+00:00","breadcrumb":{"@id":"https:\/\/apuntesdesanluis.com\/index.php\/2024\/07\/01\/confirman-la-venta-de-procter-gamble-y-continuaria-operando-la-panalera\/#breadcrumb"},"inLanguage":"es-AR","potentialAction":[{"@type":"ReadAction","target":["https:\/\/apuntesdesanluis.com\/index.php\/2024\/07\/01\/confirman-la-venta-de-procter-gamble-y-continuaria-operando-la-panalera\/"]}]},{"@type":"ImageObject","inLanguage":"es-AR","@id":"https:\/\/apuntesdesanluis.com\/index.php\/2024\/07\/01\/confirman-la-venta-de-procter-gamble-y-continuaria-operando-la-panalera\/#primaryimage","url":"https:\/\/apuntesdesanluis.com\/wp-content\/uploads\/2024\/07\/PROCTER.png","contentUrl":"https:\/\/apuntesdesanluis.com\/wp-content\/uploads\/2024\/07\/PROCTER.png","width":697,"height":473},{"@type":"BreadcrumbList","@id":"https:\/\/apuntesdesanluis.com\/index.php\/2024\/07\/01\/confirman-la-venta-de-procter-gamble-y-continuaria-operando-la-panalera\/#breadcrumb","itemListElement":[{"@type":"ListItem","position":1,"name":"Inicio","item":"https:\/\/apuntesdesanluis.com\/"},{"@type":"ListItem","position":2,"name":"CONFIRMAN LA VENTA DE PROCTER &#038; GAMBLE Y CONTINUAR\u00cdA OPERANDO LA PA\u00d1ALERA"}]},{"@type":"WebSite","@id":"https:\/\/apuntesdesanluis.com\/#website","url":"https:\/\/apuntesdesanluis.com\/","name":"Apuntes de San Luis","description":"","publisher":{"@id":"https:\/\/apuntesdesanluis.com\/#\/schema\/person\/b55151d52296fcce64d1a72538a70b90"},"potentialAction":[{"@type":"SearchAction","target":{"@type":"EntryPoint","urlTemplate":"https:\/\/apuntesdesanluis.com\/?s={search_term_string}"},"query-input":{"@type":"PropertyValueSpecification","valueRequired":true,"valueName":"search_term_string"}}],"inLanguage":"es-AR"},{"@type":["Person","Organization"],"@id":"https:\/\/apuntesdesanluis.com\/#\/schema\/person\/b55151d52296fcce64d1a72538a70b90","name":"apuntesdesanluis.com","image":{"@type":"ImageObject","inLanguage":"es-AR","@id":"https:\/\/apuntesdesanluis.com\/#\/schema\/person\/image\/","url":"https:\/\/apuntesdesanluis.com\/wp-content\/uploads\/2023\/07\/cropped-apuntesdesanluis.png","contentUrl":"https:\/\/apuntesdesanluis.com\/wp-content\/uploads\/2023\/07\/cropped-apuntesdesanluis.png","width":450,"height":112,"caption":"apuntesdesanluis.com"},"logo":{"@id":"https:\/\/apuntesdesanluis.com\/#\/schema\/person\/image\/"},"sameAs":["https:\/\/apuntesdesanluis.com"],"url":"https:\/\/apuntesdesanluis.com\/index.php\/author\/apuntesdesanluis-com\/"}]}},"featured_image_urls":{"full":["https:\/\/apuntesdesanluis.com\/wp-content\/uploads\/2024\/07\/PROCTER.png",697,473,false],"thumbnail":["https:\/\/apuntesdesanluis.com\/wp-content\/uploads\/2024\/07\/PROCTER-150x150.png",150,150,true],"medium":["https:\/\/apuntesdesanluis.com\/wp-content\/uploads\/2024\/07\/PROCTER-300x204.png",300,204,true],"medium_large":["https:\/\/apuntesdesanluis.com\/wp-content\/uploads\/2024\/07\/PROCTER.png",640,434,false],"large":["https:\/\/apuntesdesanluis.com\/wp-content\/uploads\/2024\/07\/PROCTER.png",640,434,false],"1536x1536":["https:\/\/apuntesdesanluis.com\/wp-content\/uploads\/2024\/07\/PROCTER.png",697,473,false],"2048x2048":["https:\/\/apuntesdesanluis.com\/wp-content\/uploads\/2024\/07\/PROCTER.png",697,473,false],"newsever-slider-full":["https:\/\/apuntesdesanluis.com\/wp-content\/uploads\/2024\/07\/PROCTER.png",697,473,false],"newsever-featured":["https:\/\/apuntesdesanluis.com\/wp-content\/uploads\/2024\/07\/PROCTER.png",697,473,false],"newsever-medium":["https:\/\/apuntesdesanluis.com\/wp-content\/uploads\/2024\/07\/PROCTER.png",697,473,false]},"author_info":{"display_name":"apuntesdesanluis.com","author_link":"https:\/\/apuntesdesanluis.com\/index.php\/author\/apuntesdesanluis-com\/"},"category_info":"<a href=\"https:\/\/apuntesdesanluis.com\/index.php\/category\/nacionales-internacionales\/\" rel=\"category tag\">Nacionales\/Internacionales<\/a>","tag_info":"Nacionales\/Internacionales","comment_count":"0","_links":{"self":[{"href":"https:\/\/apuntesdesanluis.com\/index.php\/wp-json\/wp\/v2\/posts\/18650","targetHints":{"allow":["GET"]}}],"collection":[{"href":"https:\/\/apuntesdesanluis.com\/index.php\/wp-json\/wp\/v2\/posts"}],"about":[{"href":"https:\/\/apuntesdesanluis.com\/index.php\/wp-json\/wp\/v2\/types\/post"}],"author":[{"embeddable":true,"href":"https:\/\/apuntesdesanluis.com\/index.php\/wp-json\/wp\/v2\/users\/1"}],"replies":[{"embeddable":true,"href":"https:\/\/apuntesdesanluis.com\/index.php\/wp-json\/wp\/v2\/comments?post=18650"}],"version-history":[{"count":1,"href":"https:\/\/apuntesdesanluis.com\/index.php\/wp-json\/wp\/v2\/posts\/18650\/revisions"}],"predecessor-version":[{"id":18655,"href":"https:\/\/apuntesdesanluis.com\/index.php\/wp-json\/wp\/v2\/posts\/18650\/revisions\/18655"}],"wp:featuredmedia":[{"embeddable":true,"href":"https:\/\/apuntesdesanluis.com\/index.php\/wp-json\/wp\/v2\/media\/18651"}],"wp:attachment":[{"href":"https:\/\/apuntesdesanluis.com\/index.php\/wp-json\/wp\/v2\/media?parent=18650"}],"wp:term":[{"taxonomy":"category","embeddable":true,"href":"https:\/\/apuntesdesanluis.com\/index.php\/wp-json\/wp\/v2\/categories?post=18650"},{"taxonomy":"post_tag","embeddable":true,"href":"https:\/\/apuntesdesanluis.com\/index.php\/wp-json\/wp\/v2\/tags?post=18650"}],"curies":[{"name":"wp","href":"https:\/\/api.w.org\/{rel}","templated":true}]}}