{"id":18659,"date":"2024-07-02T23:04:37","date_gmt":"2024-07-03T02:04:37","guid":{"rendered":"https:\/\/apuntesdesanluis.com\/?p=18659"},"modified":"2024-07-02T23:04:37","modified_gmt":"2024-07-03T02:04:37","slug":"caso-amancay-comenzo-el-juicio-contra-el-conductor-de-la-camioneta","status":"publish","type":"post","link":"https:\/\/apuntesdesanluis.com\/index.php\/2024\/07\/02\/caso-amancay-comenzo-el-juicio-contra-el-conductor-de-la-camioneta\/","title":{"rendered":"CASO AMANCAY: COMENZ\u00d3 EL JUICIO CONTRA EL CONDUCTOR DE LA CAMIONETA"},"content":{"rendered":"<h3>La madrugada del 29 de julio del 2023, <strong>Roc\u00edo Amancay Pedernera<\/strong> transitaba en su motocicleta Keller 110 cent\u00edmetros c\u00fabicos por la Autov\u00eda Santos Ort\u00edz de regreso a su casa, cuando fue embestida desde atr\u00e1s por una camioneta Hilux conducida por <strong>Jonathan Sandoval<\/strong>. De acuerdo a la acusaci\u00f3n fiscal, el conductor de la camioneta \u201cde forma inmediata y a toda velocidad, se dio a la fuga, por la misma autopista, con direcci\u00f3n a Juana Koslay\u201d.<\/h3>\n<h3>Por este hecho, el ingeniero agrimensor de 39 a\u00f1os comenz\u00f3 a ser juzgado este lunes por un tribunal del Colegio de Jueces de la ciudad de San Luis, donde llega imputado por homicidio simple con dolo eventual con un pedido de pena de 16 a\u00f1os de prisi\u00f3n.<\/h3>\n<h3>\u201cEste hecho fue mucho m\u00e1s que un accidente de tr\u00e1nsito, sino que hubo un plus de subjetividades que se van a demostrar a lo largo del debate y que mostrar\u00e1n la actitud del imputado antes, durante y despu\u00e9s del hecho. Por esto, esta Fiscal\u00eda del Juicio va a sostener la acusaci\u00f3n realizada por el fiscal de Instrucci\u00f3n Esteban Roche con la que Sandoval llega acusado\u201d, dijo la fiscal Virginia Palacios en sus alegatos de apertura.<\/h3>\n<p><img fetchpriority=\"high\" decoding=\"async\" class=\"wp-image-18660 aligncenter\" src=\"https:\/\/apuntesdesanluis.com\/wp-content\/uploads\/2024\/07\/CASO-AMANCAY-300x178.png\" alt=\"\" width=\"666\" height=\"395\" srcset=\"https:\/\/apuntesdesanluis.com\/wp-content\/uploads\/2024\/07\/CASO-AMANCAY-300x178.png 300w, https:\/\/apuntesdesanluis.com\/wp-content\/uploads\/2024\/07\/CASO-AMANCAY.png 600w\" sizes=\"(max-width: 666px) 100vw, 666px\" \/><\/p>\n<h3>En t\u00e9rminos sencillos, un homicidio simple con dolo eventual es calificaci\u00f3n legal que se refiere a un tipo de homicidio donde la persona no ten\u00eda la intenci\u00f3n directa de matar, pero actu\u00f3 de manera tan imprudente o negligente que era muy probable que causara la muerte de alguien y, aun as\u00ed, sigui\u00f3 adelante con su conducta.<\/h3>\n<h3>Seg\u00fan la acusaci\u00f3n fiscal, Sandoval, el d\u00eda previo al suceso, viaj\u00f3 temprano a C\u00f3rdoba, para regresar a San Luis por la noche. Luego, cerca de las 21 horas, asisti\u00f3 a \u201cuna fiesta en la cual estuvo ingiriendo bebidas alcoh\u00f3licas durante toda la noche\u201d.<\/h3>\n<h3>Y agrega: \u201cAproximadamente entre las 4:15 y las 4:30 am y luego de salir del Boliche \u201cLa Comuna\u201d, y de incorporarse a la Avenida Santos Ortiz, tras pasar un sem\u00e1foro en rojo, instantes previos al suceso investigado, advirti\u00e9ndose que no le importaba las consecuencias que su conducta podr\u00eda llegar a provocar al conducir su camioneta Toyota Hilux, ingres\u00f3 a la Avenida Santos Ortiz con sentido oeste a este, y es en dicho contexto, que a la altura del Barrio Tibiletti, a gran velocidad, con la parte frontal de la camioneta, impact\u00f3 desde atr\u00e1s, a la ciudadana Pedernera\u201d. La v\u00edctima ten\u00eda 20 a\u00f1os y volv\u00eda de su trabajo.<\/h3>\n<h3>Para la fiscal\u00eda, es clave el comportamiento del imputado previo al hecho. Lo que la fiscal Palacios denomin\u00f3 como \u201cex ante\u201d que es un t\u00e9rmino que significa que significa \u201cantes del suceso\u201d. \u201cEl accionar de Sandoval debe encuadrarse en la figura del art\u00edculo 79 del C\u00f3digo Penal, por cuanto resulta claro a partir de la conducta \u00b4ex ante\u00b4 asumida por el imputado, que se represent\u00f3 las consecuencias que traer\u00eda aparejado para el resto de las personas, el conducir su camioneta en las malas condiciones f\u00edsicas y ps\u00edquicas en las cuales se encontraba, y aun as\u00ed no le import\u00f3\u201d, dice la acusaci\u00f3n del Ministerio P\u00fablico Fiscal.<\/h3>\n<h3>En la primera jornada del debate, las partes expresaron sus teor\u00edas del caso y luego se dio apertura de las testimoniales. Se prev\u00e9 que a lo largo de cuatro audiencias m\u00e1s de 40 personas declaren ante el tribunal, que est\u00e1 integrado por Fernando Julio De Viana en la presidencia y las vocal\u00edas de Adriana Lucero Alfonso y Hugo Guillermo Saa Petrino.<\/h3>\n<h3>La defensa de Sandoval, representada por Marcos Ju\u00e1rez y Ramiro Rubio, dijo que no iban a discutir ni el hecho ni la participaci\u00f3n del acusado sino la calificaci\u00f3n: \u201cCreemos que no se corresponde ni con las evidencias ni con las pruebas que vamos a ventilar a lo largo del debate, por esto, la acusaci\u00f3n no debe sobrepasar la figura del homicidio culposo. Tenemos dudas a\u00fan si aplica el art\u00edculo 84 del C\u00f3digo Penal Argentino o el art\u00edculo 84 bis\u201d, dijo Ju\u00e1rez.<\/h3>\n<h3>Entre ambos art\u00edculos, las diferencias claves est\u00e1n en la gravedad de la conducta y las circunstancias en que ocurre el homicidio culposo. El art\u00edculo 84 bis impone penas m\u00e1s severas para ciertos casos espec\u00edficos.<\/h3>\n<h3>La querella es representada por Augusto Aguilera Marturano y Guillermo S\u00e1nchez Pagano, abogados de la madre y el padre de la v\u00edctima. \u201cSandoval viol\u00f3 sistem\u00e1ticamente las normas de tr\u00e1nsito. Volvi\u00f3 de C\u00f3rdoba y, desde el peaje de La Toma hasta la avenida Lafinur de San Luis demor\u00f3 40 minutos porque viajaba a 150 kil\u00f3metros por hora. El d\u00eda del hecho, la visibilidad era buena y no estaba mojada la carpeta asf\u00e1ltica\u201d, sostuvo S\u00e1nchez Pagano.<\/h3>\n<h3>El debate contin\u00faa este martes a las 8:30 con la declaraci\u00f3n de 16 testigos.<\/h3>\n<p>&nbsp;<\/p>\n<p>&nbsp;<\/p>\n<p>&nbsp;<\/p>\n<p>&nbsp;<\/p>\n<p>&nbsp;<\/p>\n<p>&nbsp;<\/p>\n","protected":false},"excerpt":{"rendered":"<p>La madrugada del 29 de julio del 2023, Roc\u00edo Amancay Pedernera transitaba en su motocicleta&#8230;<\/p>\n","protected":false},"author":1,"featured_media":12768,"comment_status":"closed","ping_status":"closed","sticky":false,"template":"","format":"standard","meta":{"footnotes":""},"categories":[6],"tags":[],"class_list":["post-18659","post","type-post","status-publish","format-standard","has-post-thumbnail","hentry","category-ciudad-provincia"],"yoast_head":"<!-- This site is optimized with the Yoast SEO plugin v26.1.1 - https:\/\/yoast.com\/wordpress\/plugins\/seo\/ -->\n<title>CASO AMANCAY: COMENZ\u00d3 EL JUICIO CONTRA EL CONDUCTOR DE LA CAMIONETA - Apuntes de San Luis<\/title>\n<meta name=\"robots\" content=\"index, follow, max-snippet:-1, max-image-preview:large, max-video-preview:-1\" \/>\n<link rel=\"canonical\" href=\"https:\/\/apuntesdesanluis.com\/index.php\/2024\/07\/02\/caso-amancay-comenzo-el-juicio-contra-el-conductor-de-la-camioneta\/\" \/>\n<meta property=\"og:locale\" content=\"es_ES\" \/>\n<meta property=\"og:type\" content=\"article\" \/>\n<meta property=\"og:title\" content=\"CASO AMANCAY: COMENZ\u00d3 EL JUICIO CONTRA EL CONDUCTOR DE LA CAMIONETA - Apuntes de San Luis\" \/>\n<meta property=\"og:description\" content=\"La madrugada del 29 de julio del 2023, Roc\u00edo Amancay Pedernera transitaba en su motocicleta...\" \/>\n<meta property=\"og:url\" content=\"https:\/\/apuntesdesanluis.com\/index.php\/2024\/07\/02\/caso-amancay-comenzo-el-juicio-contra-el-conductor-de-la-camioneta\/\" \/>\n<meta property=\"og:site_name\" content=\"Apuntes de San Luis\" \/>\n<meta property=\"article:published_time\" content=\"2024-07-03T02:04:37+00:00\" \/>\n<meta property=\"og:image\" content=\"https:\/\/apuntesdesanluis.com\/wp-content\/uploads\/2024\/03\/AMANCAY.png\" \/>\n\t<meta property=\"og:image:width\" content=\"576\" \/>\n\t<meta property=\"og:image:height\" content=\"355\" \/>\n\t<meta property=\"og:image:type\" content=\"image\/png\" \/>\n<meta name=\"author\" content=\"apuntesdesanluis.com\" \/>\n<meta name=\"twitter:card\" content=\"summary_large_image\" \/>\n<meta name=\"twitter:label1\" content=\"Escrito por\" \/>\n\t<meta name=\"twitter:data1\" content=\"apuntesdesanluis.com\" \/>\n\t<meta name=\"twitter:label2\" content=\"Tiempo de lectura\" \/>\n\t<meta name=\"twitter:data2\" content=\"4 minutos\" \/>\n<script type=\"application\/ld+json\" class=\"yoast-schema-graph\">{\"@context\":\"https:\/\/schema.org\",\"@graph\":[{\"@type\":\"Article\",\"@id\":\"https:\/\/apuntesdesanluis.com\/index.php\/2024\/07\/02\/caso-amancay-comenzo-el-juicio-contra-el-conductor-de-la-camioneta\/#article\",\"isPartOf\":{\"@id\":\"https:\/\/apuntesdesanluis.com\/index.php\/2024\/07\/02\/caso-amancay-comenzo-el-juicio-contra-el-conductor-de-la-camioneta\/\"},\"author\":{\"name\":\"apuntesdesanluis.com\",\"@id\":\"https:\/\/apuntesdesanluis.com\/#\/schema\/person\/b55151d52296fcce64d1a72538a70b90\"},\"headline\":\"CASO AMANCAY: COMENZ\u00d3 EL JUICIO CONTRA EL CONDUCTOR DE LA CAMIONETA\",\"datePublished\":\"2024-07-03T02:04:37+00:00\",\"mainEntityOfPage\":{\"@id\":\"https:\/\/apuntesdesanluis.com\/index.php\/2024\/07\/02\/caso-amancay-comenzo-el-juicio-contra-el-conductor-de-la-camioneta\/\"},\"wordCount\":842,\"publisher\":{\"@id\":\"https:\/\/apuntesdesanluis.com\/#\/schema\/person\/b55151d52296fcce64d1a72538a70b90\"},\"image\":{\"@id\":\"https:\/\/apuntesdesanluis.com\/index.php\/2024\/07\/02\/caso-amancay-comenzo-el-juicio-contra-el-conductor-de-la-camioneta\/#primaryimage\"},\"thumbnailUrl\":\"https:\/\/apuntesdesanluis.com\/wp-content\/uploads\/2024\/03\/AMANCAY.png\",\"articleSection\":[\"Ciudad\/Provincia\"],\"inLanguage\":\"es-AR\"},{\"@type\":\"WebPage\",\"@id\":\"https:\/\/apuntesdesanluis.com\/index.php\/2024\/07\/02\/caso-amancay-comenzo-el-juicio-contra-el-conductor-de-la-camioneta\/\",\"url\":\"https:\/\/apuntesdesanluis.com\/index.php\/2024\/07\/02\/caso-amancay-comenzo-el-juicio-contra-el-conductor-de-la-camioneta\/\",\"name\":\"CASO AMANCAY: COMENZ\u00d3 EL JUICIO CONTRA EL CONDUCTOR DE LA CAMIONETA - Apuntes de San Luis\",\"isPartOf\":{\"@id\":\"https:\/\/apuntesdesanluis.com\/#website\"},\"primaryImageOfPage\":{\"@id\":\"https:\/\/apuntesdesanluis.com\/index.php\/2024\/07\/02\/caso-amancay-comenzo-el-juicio-contra-el-conductor-de-la-camioneta\/#primaryimage\"},\"image\":{\"@id\":\"https:\/\/apuntesdesanluis.com\/index.php\/2024\/07\/02\/caso-amancay-comenzo-el-juicio-contra-el-conductor-de-la-camioneta\/#primaryimage\"},\"thumbnailUrl\":\"https:\/\/apuntesdesanluis.com\/wp-content\/uploads\/2024\/03\/AMANCAY.png\",\"datePublished\":\"2024-07-03T02:04:37+00:00\",\"breadcrumb\":{\"@id\":\"https:\/\/apuntesdesanluis.com\/index.php\/2024\/07\/02\/caso-amancay-comenzo-el-juicio-contra-el-conductor-de-la-camioneta\/#breadcrumb\"},\"inLanguage\":\"es-AR\",\"potentialAction\":[{\"@type\":\"ReadAction\",\"target\":[\"https:\/\/apuntesdesanluis.com\/index.php\/2024\/07\/02\/caso-amancay-comenzo-el-juicio-contra-el-conductor-de-la-camioneta\/\"]}]},{\"@type\":\"ImageObject\",\"inLanguage\":\"es-AR\",\"@id\":\"https:\/\/apuntesdesanluis.com\/index.php\/2024\/07\/02\/caso-amancay-comenzo-el-juicio-contra-el-conductor-de-la-camioneta\/#primaryimage\",\"url\":\"https:\/\/apuntesdesanluis.com\/wp-content\/uploads\/2024\/03\/AMANCAY.png\",\"contentUrl\":\"https:\/\/apuntesdesanluis.com\/wp-content\/uploads\/2024\/03\/AMANCAY.png\",\"width\":576,\"height\":355},{\"@type\":\"BreadcrumbList\",\"@id\":\"https:\/\/apuntesdesanluis.com\/index.php\/2024\/07\/02\/caso-amancay-comenzo-el-juicio-contra-el-conductor-de-la-camioneta\/#breadcrumb\",\"itemListElement\":[{\"@type\":\"ListItem\",\"position\":1,\"name\":\"Inicio\",\"item\":\"https:\/\/apuntesdesanluis.com\/\"},{\"@type\":\"ListItem\",\"position\":2,\"name\":\"CASO AMANCAY: COMENZ\u00d3 EL JUICIO CONTRA EL CONDUCTOR DE LA CAMIONETA\"}]},{\"@type\":\"WebSite\",\"@id\":\"https:\/\/apuntesdesanluis.com\/#website\",\"url\":\"https:\/\/apuntesdesanluis.com\/\",\"name\":\"Apuntes de San Luis\",\"description\":\"\",\"publisher\":{\"@id\":\"https:\/\/apuntesdesanluis.com\/#\/schema\/person\/b55151d52296fcce64d1a72538a70b90\"},\"potentialAction\":[{\"@type\":\"SearchAction\",\"target\":{\"@type\":\"EntryPoint\",\"urlTemplate\":\"https:\/\/apuntesdesanluis.com\/?s={search_term_string}\"},\"query-input\":{\"@type\":\"PropertyValueSpecification\",\"valueRequired\":true,\"valueName\":\"search_term_string\"}}],\"inLanguage\":\"es-AR\"},{\"@type\":[\"Person\",\"Organization\"],\"@id\":\"https:\/\/apuntesdesanluis.com\/#\/schema\/person\/b55151d52296fcce64d1a72538a70b90\",\"name\":\"apuntesdesanluis.com\",\"image\":{\"@type\":\"ImageObject\",\"inLanguage\":\"es-AR\",\"@id\":\"https:\/\/apuntesdesanluis.com\/#\/schema\/person\/image\/\",\"url\":\"https:\/\/apuntesdesanluis.com\/wp-content\/uploads\/2023\/07\/cropped-apuntesdesanluis.png\",\"contentUrl\":\"https:\/\/apuntesdesanluis.com\/wp-content\/uploads\/2023\/07\/cropped-apuntesdesanluis.png\",\"width\":450,\"height\":112,\"caption\":\"apuntesdesanluis.com\"},\"logo\":{\"@id\":\"https:\/\/apuntesdesanluis.com\/#\/schema\/person\/image\/\"},\"sameAs\":[\"https:\/\/apuntesdesanluis.com\"],\"url\":\"https:\/\/apuntesdesanluis.com\/index.php\/author\/apuntesdesanluis-com\/\"}]}<\/script>\n<!-- \/ Yoast SEO plugin. -->","yoast_head_json":{"title":"CASO AMANCAY: COMENZ\u00d3 EL JUICIO CONTRA EL CONDUCTOR DE LA CAMIONETA - Apuntes de San Luis","robots":{"index":"index","follow":"follow","max-snippet":"max-snippet:-1","max-image-preview":"max-image-preview:large","max-video-preview":"max-video-preview:-1"},"canonical":"https:\/\/apuntesdesanluis.com\/index.php\/2024\/07\/02\/caso-amancay-comenzo-el-juicio-contra-el-conductor-de-la-camioneta\/","og_locale":"es_ES","og_type":"article","og_title":"CASO AMANCAY: COMENZ\u00d3 EL JUICIO CONTRA EL CONDUCTOR DE LA CAMIONETA - Apuntes de San Luis","og_description":"La madrugada del 29 de julio del 2023, Roc\u00edo Amancay Pedernera transitaba en su motocicleta...","og_url":"https:\/\/apuntesdesanluis.com\/index.php\/2024\/07\/02\/caso-amancay-comenzo-el-juicio-contra-el-conductor-de-la-camioneta\/","og_site_name":"Apuntes de San Luis","article_published_time":"2024-07-03T02:04:37+00:00","og_image":[{"width":576,"height":355,"url":"https:\/\/apuntesdesanluis.com\/wp-content\/uploads\/2024\/03\/AMANCAY.png","type":"image\/png"}],"author":"apuntesdesanluis.com","twitter_card":"summary_large_image","twitter_misc":{"Escrito por":"apuntesdesanluis.com","Tiempo de lectura":"4 minutos"},"schema":{"@context":"https:\/\/schema.org","@graph":[{"@type":"Article","@id":"https:\/\/apuntesdesanluis.com\/index.php\/2024\/07\/02\/caso-amancay-comenzo-el-juicio-contra-el-conductor-de-la-camioneta\/#article","isPartOf":{"@id":"https:\/\/apuntesdesanluis.com\/index.php\/2024\/07\/02\/caso-amancay-comenzo-el-juicio-contra-el-conductor-de-la-camioneta\/"},"author":{"name":"apuntesdesanluis.com","@id":"https:\/\/apuntesdesanluis.com\/#\/schema\/person\/b55151d52296fcce64d1a72538a70b90"},"headline":"CASO AMANCAY: COMENZ\u00d3 EL JUICIO CONTRA EL CONDUCTOR DE LA CAMIONETA","datePublished":"2024-07-03T02:04:37+00:00","mainEntityOfPage":{"@id":"https:\/\/apuntesdesanluis.com\/index.php\/2024\/07\/02\/caso-amancay-comenzo-el-juicio-contra-el-conductor-de-la-camioneta\/"},"wordCount":842,"publisher":{"@id":"https:\/\/apuntesdesanluis.com\/#\/schema\/person\/b55151d52296fcce64d1a72538a70b90"},"image":{"@id":"https:\/\/apuntesdesanluis.com\/index.php\/2024\/07\/02\/caso-amancay-comenzo-el-juicio-contra-el-conductor-de-la-camioneta\/#primaryimage"},"thumbnailUrl":"https:\/\/apuntesdesanluis.com\/wp-content\/uploads\/2024\/03\/AMANCAY.png","articleSection":["Ciudad\/Provincia"],"inLanguage":"es-AR"},{"@type":"WebPage","@id":"https:\/\/apuntesdesanluis.com\/index.php\/2024\/07\/02\/caso-amancay-comenzo-el-juicio-contra-el-conductor-de-la-camioneta\/","url":"https:\/\/apuntesdesanluis.com\/index.php\/2024\/07\/02\/caso-amancay-comenzo-el-juicio-contra-el-conductor-de-la-camioneta\/","name":"CASO AMANCAY: COMENZ\u00d3 EL JUICIO CONTRA EL CONDUCTOR DE LA CAMIONETA - Apuntes de San Luis","isPartOf":{"@id":"https:\/\/apuntesdesanluis.com\/#website"},"primaryImageOfPage":{"@id":"https:\/\/apuntesdesanluis.com\/index.php\/2024\/07\/02\/caso-amancay-comenzo-el-juicio-contra-el-conductor-de-la-camioneta\/#primaryimage"},"image":{"@id":"https:\/\/apuntesdesanluis.com\/index.php\/2024\/07\/02\/caso-amancay-comenzo-el-juicio-contra-el-conductor-de-la-camioneta\/#primaryimage"},"thumbnailUrl":"https:\/\/apuntesdesanluis.com\/wp-content\/uploads\/2024\/03\/AMANCAY.png","datePublished":"2024-07-03T02:04:37+00:00","breadcrumb":{"@id":"https:\/\/apuntesdesanluis.com\/index.php\/2024\/07\/02\/caso-amancay-comenzo-el-juicio-contra-el-conductor-de-la-camioneta\/#breadcrumb"},"inLanguage":"es-AR","potentialAction":[{"@type":"ReadAction","target":["https:\/\/apuntesdesanluis.com\/index.php\/2024\/07\/02\/caso-amancay-comenzo-el-juicio-contra-el-conductor-de-la-camioneta\/"]}]},{"@type":"ImageObject","inLanguage":"es-AR","@id":"https:\/\/apuntesdesanluis.com\/index.php\/2024\/07\/02\/caso-amancay-comenzo-el-juicio-contra-el-conductor-de-la-camioneta\/#primaryimage","url":"https:\/\/apuntesdesanluis.com\/wp-content\/uploads\/2024\/03\/AMANCAY.png","contentUrl":"https:\/\/apuntesdesanluis.com\/wp-content\/uploads\/2024\/03\/AMANCAY.png","width":576,"height":355},{"@type":"BreadcrumbList","@id":"https:\/\/apuntesdesanluis.com\/index.php\/2024\/07\/02\/caso-amancay-comenzo-el-juicio-contra-el-conductor-de-la-camioneta\/#breadcrumb","itemListElement":[{"@type":"ListItem","position":1,"name":"Inicio","item":"https:\/\/apuntesdesanluis.com\/"},{"@type":"ListItem","position":2,"name":"CASO AMANCAY: COMENZ\u00d3 EL JUICIO CONTRA EL CONDUCTOR DE LA CAMIONETA"}]},{"@type":"WebSite","@id":"https:\/\/apuntesdesanluis.com\/#website","url":"https:\/\/apuntesdesanluis.com\/","name":"Apuntes de San Luis","description":"","publisher":{"@id":"https:\/\/apuntesdesanluis.com\/#\/schema\/person\/b55151d52296fcce64d1a72538a70b90"},"potentialAction":[{"@type":"SearchAction","target":{"@type":"EntryPoint","urlTemplate":"https:\/\/apuntesdesanluis.com\/?s={search_term_string}"},"query-input":{"@type":"PropertyValueSpecification","valueRequired":true,"valueName":"search_term_string"}}],"inLanguage":"es-AR"},{"@type":["Person","Organization"],"@id":"https:\/\/apuntesdesanluis.com\/#\/schema\/person\/b55151d52296fcce64d1a72538a70b90","name":"apuntesdesanluis.com","image":{"@type":"ImageObject","inLanguage":"es-AR","@id":"https:\/\/apuntesdesanluis.com\/#\/schema\/person\/image\/","url":"https:\/\/apuntesdesanluis.com\/wp-content\/uploads\/2023\/07\/cropped-apuntesdesanluis.png","contentUrl":"https:\/\/apuntesdesanluis.com\/wp-content\/uploads\/2023\/07\/cropped-apuntesdesanluis.png","width":450,"height":112,"caption":"apuntesdesanluis.com"},"logo":{"@id":"https:\/\/apuntesdesanluis.com\/#\/schema\/person\/image\/"},"sameAs":["https:\/\/apuntesdesanluis.com"],"url":"https:\/\/apuntesdesanluis.com\/index.php\/author\/apuntesdesanluis-com\/"}]}},"featured_image_urls":{"full":["https:\/\/apuntesdesanluis.com\/wp-content\/uploads\/2024\/03\/AMANCAY.png",576,355,false],"thumbnail":["https:\/\/apuntesdesanluis.com\/wp-content\/uploads\/2024\/03\/AMANCAY-150x150.png",150,150,true],"medium":["https:\/\/apuntesdesanluis.com\/wp-content\/uploads\/2024\/03\/AMANCAY-300x185.png",300,185,true],"medium_large":["https:\/\/apuntesdesanluis.com\/wp-content\/uploads\/2024\/03\/AMANCAY.png",576,355,false],"large":["https:\/\/apuntesdesanluis.com\/wp-content\/uploads\/2024\/03\/AMANCAY.png",576,355,false],"1536x1536":["https:\/\/apuntesdesanluis.com\/wp-content\/uploads\/2024\/03\/AMANCAY.png",576,355,false],"2048x2048":["https:\/\/apuntesdesanluis.com\/wp-content\/uploads\/2024\/03\/AMANCAY.png",576,355,false],"newsever-slider-full":["https:\/\/apuntesdesanluis.com\/wp-content\/uploads\/2024\/03\/AMANCAY.png",576,355,false],"newsever-featured":["https:\/\/apuntesdesanluis.com\/wp-content\/uploads\/2024\/03\/AMANCAY.png",576,355,false],"newsever-medium":["https:\/\/apuntesdesanluis.com\/wp-content\/uploads\/2024\/03\/AMANCAY.png",576,355,false]},"author_info":{"display_name":"apuntesdesanluis.com","author_link":"https:\/\/apuntesdesanluis.com\/index.php\/author\/apuntesdesanluis-com\/"},"category_info":"<a href=\"https:\/\/apuntesdesanluis.com\/index.php\/category\/ciudad-provincia\/\" rel=\"category tag\">Ciudad\/Provincia<\/a>","tag_info":"Ciudad\/Provincia","comment_count":"0","_links":{"self":[{"href":"https:\/\/apuntesdesanluis.com\/index.php\/wp-json\/wp\/v2\/posts\/18659","targetHints":{"allow":["GET"]}}],"collection":[{"href":"https:\/\/apuntesdesanluis.com\/index.php\/wp-json\/wp\/v2\/posts"}],"about":[{"href":"https:\/\/apuntesdesanluis.com\/index.php\/wp-json\/wp\/v2\/types\/post"}],"author":[{"embeddable":true,"href":"https:\/\/apuntesdesanluis.com\/index.php\/wp-json\/wp\/v2\/users\/1"}],"replies":[{"embeddable":true,"href":"https:\/\/apuntesdesanluis.com\/index.php\/wp-json\/wp\/v2\/comments?post=18659"}],"version-history":[{"count":1,"href":"https:\/\/apuntesdesanluis.com\/index.php\/wp-json\/wp\/v2\/posts\/18659\/revisions"}],"predecessor-version":[{"id":18661,"href":"https:\/\/apuntesdesanluis.com\/index.php\/wp-json\/wp\/v2\/posts\/18659\/revisions\/18661"}],"wp:featuredmedia":[{"embeddable":true,"href":"https:\/\/apuntesdesanluis.com\/index.php\/wp-json\/wp\/v2\/media\/12768"}],"wp:attachment":[{"href":"https:\/\/apuntesdesanluis.com\/index.php\/wp-json\/wp\/v2\/media?parent=18659"}],"wp:term":[{"taxonomy":"category","embeddable":true,"href":"https:\/\/apuntesdesanluis.com\/index.php\/wp-json\/wp\/v2\/categories?post=18659"},{"taxonomy":"post_tag","embeddable":true,"href":"https:\/\/apuntesdesanluis.com\/index.php\/wp-json\/wp\/v2\/tags?post=18659"}],"curies":[{"name":"wp","href":"https:\/\/api.w.org\/{rel}","templated":true}]}}