{"id":18670,"date":"2024-07-02T22:59:21","date_gmt":"2024-07-03T01:59:21","guid":{"rendered":"https:\/\/apuntesdesanluis.com\/?p=18670"},"modified":"2024-07-02T23:59:38","modified_gmt":"2024-07-03T02:59:38","slug":"impulsan-la-insercion-laboral-de-personas-con-discapacidad","status":"publish","type":"post","link":"https:\/\/apuntesdesanluis.com\/index.php\/2024\/07\/02\/impulsan-la-insercion-laboral-de-personas-con-discapacidad\/","title":{"rendered":"IMPULSAN LA INSERCI\u00d3N LABORAL DE PERSONAS CON DISCAPACIDAD"},"content":{"rendered":"<h3>El director de Relaciones Laborales del ministerio de Gobierno, <strong>Alberto Lindow<\/strong>, mantuvo un encuentro con el secretario de Personas con Discapacidad, <strong>Luis Giraudo<\/strong>, en el que firmaron un pacto destinado a promover la inserci\u00f3n laboral de las personas con discapacidad.<\/h3>\n<h3>Lindow explic\u00f3 los alcances y objetivos que se plantearon al diagramar la iniciativa. \u201cConsideramos que para que haya una verdadera justicia social y un verdadero acceso al trabajo decente, debemos darle igualdad de oportunidades y de trato a todas las personas\u201d, manifest\u00f3.<\/h3>\n<h3>Se\u00f1al\u00f3 que, para lograr el cometido, deber\u00e1n cumplir con cuatro metas estrat\u00e9gicas que guardan relaci\u00f3n entre s\u00ed. \u201cTenemos que establecer normativas y leyes que aseguren la igualdad que sugerimos; generar condiciones para que todos tengan libertad para acceder al empleo; fomentar el di\u00e1logo social con representantes de trabajadores, empresas, gobiernos y organizaciones no gubernamentales; y el \u00faltimo objetivo es garantizar la protecci\u00f3n social a todos los ciudadanos\u201d, enumer\u00f3 el funcionario.<\/h3>\n<h3>Giraudo destac\u00f3 que la concreci\u00f3n del acuerdo \u201ces un trabajo que venimos haciendo hace tiempo con Lindow. Habla de leyes, de inclusi\u00f3n, no es algo hecho a la ligera\u201d. A su vez, indic\u00f3 que la provincia carec\u00eda de pol\u00edtica en esta materia. \u201cNadie nos escuchaba, pero hace seis meses que nuestro gobernador Claudio Poggi nos est\u00e1 escuchando. Que yo sea secretario con rango ministerial significa que me siento con \u00e9l permanentemente para arreglar estas inquietudes. Entonces, que nos haya prestado el o\u00eddo y nos d\u00e9 voz es muy importante, estoy m\u00e1s que agradecido. Esto reci\u00e9n empieza\u201d, asegur\u00f3.<\/h3>\n<p><img fetchpriority=\"high\" decoding=\"async\" class=\"wp-image-18672 aligncenter\" src=\"https:\/\/apuntesdesanluis.com\/wp-content\/uploads\/2024\/07\/ENDEIZA-300x163.png\" alt=\"\" width=\"687\" height=\"373\" srcset=\"https:\/\/apuntesdesanluis.com\/wp-content\/uploads\/2024\/07\/ENDEIZA-300x163.png 300w, https:\/\/apuntesdesanluis.com\/wp-content\/uploads\/2024\/07\/ENDEIZA.png 600w\" sizes=\"(max-width: 687px) 100vw, 687px\" \/><\/p>\n<h3>El cierre estuvo a cargo del ministro de Gobierno, <strong>Facundo Endeiza<\/strong>, quien destac\u00f3 que la propuesta \u201ccondice con uno de los ejes fundamentales de este Gobierno, que es la reconstrucci\u00f3n del tejido social. Sabemos que en San Luis estamos transitando una nueva etapa, en la que es fundamental integrarnos y trabajar codo a codo, sobre todo para los que m\u00e1s lo necesitan\u201d.<\/h3>\n<h3>El funcionario subray\u00f3 la importancia del trabajo mancomunado, la coordinaci\u00f3n y la integraci\u00f3n entre las distintas \u00e1reas de Gobierno. \u201cEs importante estar a disposici\u00f3n en lo que sea para que podamos ir trabajando d\u00eda a d\u00eda por un servicio mejor, que es el objetivo de todos\u201d, remarc\u00f3.<\/h3>\n<h3>Respecto a los detalles del acta, Relaciones Laborales inform\u00f3 que buscar\u00e1 la vinculaci\u00f3n e incorporaci\u00f3n laboral de las personas con discapacidades, bregando por una real inserci\u00f3n. En su interior, tendr\u00e1 definido situaciones y procedimientos de acci\u00f3n para que el sector p\u00fablico y empresas o comercios del ala privada puedan fomentar la inclusi\u00f3n.<\/h3>\n<h3>A trav\u00e9s de esta firma, las partes acuerdan llevar a cabo acciones que aborden la integraci\u00f3n laboral con universidades nacionales y provinciales, organizaciones empresariales y gremios. Adem\u00e1s, generar\u00e1n espacios de capacitaci\u00f3n sobre el tema destinado a personal de la administraci\u00f3n p\u00fablica.<\/h3>\n<h3>Ambas carteras conformar\u00e1n grupos de trabajo en conjunto para realizar evaluaciones de puestos de trabajo destinados a personas con discapacidad, detectando y eliminando aquello que sea considerado una barrera para la inclusi\u00f3n y la igualdad de oportunidades.<\/h3>\n<p>&nbsp;<\/p>\n<p>&nbsp;<\/p>\n<p>&nbsp;<\/p>\n<p>&nbsp;<\/p>\n<p>&nbsp;<\/p>\n<p>&nbsp;<\/p>\n","protected":false},"excerpt":{"rendered":"<p>El director de Relaciones Laborales del ministerio de Gobierno, Alberto Lindow, mantuvo un encuentro con&#8230;<\/p>\n","protected":false},"author":1,"featured_media":18671,"comment_status":"closed","ping_status":"closed","sticky":false,"template":"","format":"standard","meta":{"footnotes":""},"categories":[6],"tags":[],"class_list":["post-18670","post","type-post","status-publish","format-standard","has-post-thumbnail","hentry","category-ciudad-provincia"],"yoast_head":"<!-- This site is optimized with the Yoast SEO plugin v26.1.1 - https:\/\/yoast.com\/wordpress\/plugins\/seo\/ -->\n<title>IMPULSAN LA INSERCI\u00d3N LABORAL DE PERSONAS CON DISCAPACIDAD - Apuntes de San Luis<\/title>\n<meta name=\"robots\" content=\"index, follow, max-snippet:-1, max-image-preview:large, max-video-preview:-1\" \/>\n<link rel=\"canonical\" href=\"https:\/\/apuntesdesanluis.com\/index.php\/2024\/07\/02\/impulsan-la-insercion-laboral-de-personas-con-discapacidad\/\" \/>\n<meta property=\"og:locale\" content=\"es_ES\" \/>\n<meta property=\"og:type\" content=\"article\" \/>\n<meta property=\"og:title\" content=\"IMPULSAN LA INSERCI\u00d3N LABORAL DE PERSONAS CON DISCAPACIDAD - Apuntes de San Luis\" \/>\n<meta property=\"og:description\" content=\"El director de Relaciones Laborales del ministerio de Gobierno, Alberto Lindow, mantuvo un encuentro con...\" \/>\n<meta property=\"og:url\" content=\"https:\/\/apuntesdesanluis.com\/index.php\/2024\/07\/02\/impulsan-la-insercion-laboral-de-personas-con-discapacidad\/\" \/>\n<meta property=\"og:site_name\" content=\"Apuntes de San Luis\" \/>\n<meta property=\"article:published_time\" content=\"2024-07-03T01:59:21+00:00\" \/>\n<meta property=\"article:modified_time\" content=\"2024-07-03T02:59:38+00:00\" \/>\n<meta property=\"og:image\" content=\"https:\/\/apuntesdesanluis.com\/wp-content\/uploads\/2024\/07\/CONVENIO.png\" \/>\n\t<meta property=\"og:image:width\" content=\"600\" \/>\n\t<meta property=\"og:image:height\" content=\"372\" \/>\n\t<meta property=\"og:image:type\" content=\"image\/png\" \/>\n<meta name=\"author\" content=\"apuntesdesanluis.com\" \/>\n<meta name=\"twitter:card\" content=\"summary_large_image\" \/>\n<meta name=\"twitter:label1\" content=\"Escrito por\" \/>\n\t<meta name=\"twitter:data1\" content=\"apuntesdesanluis.com\" \/>\n\t<meta name=\"twitter:label2\" content=\"Tiempo de lectura\" \/>\n\t<meta name=\"twitter:data2\" content=\"3 minutos\" \/>\n<script type=\"application\/ld+json\" class=\"yoast-schema-graph\">{\"@context\":\"https:\/\/schema.org\",\"@graph\":[{\"@type\":\"Article\",\"@id\":\"https:\/\/apuntesdesanluis.com\/index.php\/2024\/07\/02\/impulsan-la-insercion-laboral-de-personas-con-discapacidad\/#article\",\"isPartOf\":{\"@id\":\"https:\/\/apuntesdesanluis.com\/index.php\/2024\/07\/02\/impulsan-la-insercion-laboral-de-personas-con-discapacidad\/\"},\"author\":{\"name\":\"apuntesdesanluis.com\",\"@id\":\"https:\/\/apuntesdesanluis.com\/#\/schema\/person\/b55151d52296fcce64d1a72538a70b90\"},\"headline\":\"IMPULSAN LA INSERCI\u00d3N LABORAL DE PERSONAS CON DISCAPACIDAD\",\"datePublished\":\"2024-07-03T01:59:21+00:00\",\"dateModified\":\"2024-07-03T02:59:38+00:00\",\"mainEntityOfPage\":{\"@id\":\"https:\/\/apuntesdesanluis.com\/index.php\/2024\/07\/02\/impulsan-la-insercion-laboral-de-personas-con-discapacidad\/\"},\"wordCount\":539,\"publisher\":{\"@id\":\"https:\/\/apuntesdesanluis.com\/#\/schema\/person\/b55151d52296fcce64d1a72538a70b90\"},\"image\":{\"@id\":\"https:\/\/apuntesdesanluis.com\/index.php\/2024\/07\/02\/impulsan-la-insercion-laboral-de-personas-con-discapacidad\/#primaryimage\"},\"thumbnailUrl\":\"https:\/\/apuntesdesanluis.com\/wp-content\/uploads\/2024\/07\/CONVENIO.png\",\"articleSection\":[\"Ciudad\/Provincia\"],\"inLanguage\":\"es-AR\"},{\"@type\":\"WebPage\",\"@id\":\"https:\/\/apuntesdesanluis.com\/index.php\/2024\/07\/02\/impulsan-la-insercion-laboral-de-personas-con-discapacidad\/\",\"url\":\"https:\/\/apuntesdesanluis.com\/index.php\/2024\/07\/02\/impulsan-la-insercion-laboral-de-personas-con-discapacidad\/\",\"name\":\"IMPULSAN LA INSERCI\u00d3N LABORAL DE PERSONAS CON DISCAPACIDAD - Apuntes de San Luis\",\"isPartOf\":{\"@id\":\"https:\/\/apuntesdesanluis.com\/#website\"},\"primaryImageOfPage\":{\"@id\":\"https:\/\/apuntesdesanluis.com\/index.php\/2024\/07\/02\/impulsan-la-insercion-laboral-de-personas-con-discapacidad\/#primaryimage\"},\"image\":{\"@id\":\"https:\/\/apuntesdesanluis.com\/index.php\/2024\/07\/02\/impulsan-la-insercion-laboral-de-personas-con-discapacidad\/#primaryimage\"},\"thumbnailUrl\":\"https:\/\/apuntesdesanluis.com\/wp-content\/uploads\/2024\/07\/CONVENIO.png\",\"datePublished\":\"2024-07-03T01:59:21+00:00\",\"dateModified\":\"2024-07-03T02:59:38+00:00\",\"breadcrumb\":{\"@id\":\"https:\/\/apuntesdesanluis.com\/index.php\/2024\/07\/02\/impulsan-la-insercion-laboral-de-personas-con-discapacidad\/#breadcrumb\"},\"inLanguage\":\"es-AR\",\"potentialAction\":[{\"@type\":\"ReadAction\",\"target\":[\"https:\/\/apuntesdesanluis.com\/index.php\/2024\/07\/02\/impulsan-la-insercion-laboral-de-personas-con-discapacidad\/\"]}]},{\"@type\":\"ImageObject\",\"inLanguage\":\"es-AR\",\"@id\":\"https:\/\/apuntesdesanluis.com\/index.php\/2024\/07\/02\/impulsan-la-insercion-laboral-de-personas-con-discapacidad\/#primaryimage\",\"url\":\"https:\/\/apuntesdesanluis.com\/wp-content\/uploads\/2024\/07\/CONVENIO.png\",\"contentUrl\":\"https:\/\/apuntesdesanluis.com\/wp-content\/uploads\/2024\/07\/CONVENIO.png\",\"width\":600,\"height\":372},{\"@type\":\"BreadcrumbList\",\"@id\":\"https:\/\/apuntesdesanluis.com\/index.php\/2024\/07\/02\/impulsan-la-insercion-laboral-de-personas-con-discapacidad\/#breadcrumb\",\"itemListElement\":[{\"@type\":\"ListItem\",\"position\":1,\"name\":\"Inicio\",\"item\":\"https:\/\/apuntesdesanluis.com\/\"},{\"@type\":\"ListItem\",\"position\":2,\"name\":\"IMPULSAN LA INSERCI\u00d3N LABORAL DE PERSONAS CON DISCAPACIDAD\"}]},{\"@type\":\"WebSite\",\"@id\":\"https:\/\/apuntesdesanluis.com\/#website\",\"url\":\"https:\/\/apuntesdesanluis.com\/\",\"name\":\"Apuntes de San Luis\",\"description\":\"\",\"publisher\":{\"@id\":\"https:\/\/apuntesdesanluis.com\/#\/schema\/person\/b55151d52296fcce64d1a72538a70b90\"},\"potentialAction\":[{\"@type\":\"SearchAction\",\"target\":{\"@type\":\"EntryPoint\",\"urlTemplate\":\"https:\/\/apuntesdesanluis.com\/?s={search_term_string}\"},\"query-input\":{\"@type\":\"PropertyValueSpecification\",\"valueRequired\":true,\"valueName\":\"search_term_string\"}}],\"inLanguage\":\"es-AR\"},{\"@type\":[\"Person\",\"Organization\"],\"@id\":\"https:\/\/apuntesdesanluis.com\/#\/schema\/person\/b55151d52296fcce64d1a72538a70b90\",\"name\":\"apuntesdesanluis.com\",\"image\":{\"@type\":\"ImageObject\",\"inLanguage\":\"es-AR\",\"@id\":\"https:\/\/apuntesdesanluis.com\/#\/schema\/person\/image\/\",\"url\":\"https:\/\/apuntesdesanluis.com\/wp-content\/uploads\/2023\/07\/cropped-apuntesdesanluis.png\",\"contentUrl\":\"https:\/\/apuntesdesanluis.com\/wp-content\/uploads\/2023\/07\/cropped-apuntesdesanluis.png\",\"width\":450,\"height\":112,\"caption\":\"apuntesdesanluis.com\"},\"logo\":{\"@id\":\"https:\/\/apuntesdesanluis.com\/#\/schema\/person\/image\/\"},\"sameAs\":[\"https:\/\/apuntesdesanluis.com\"],\"url\":\"https:\/\/apuntesdesanluis.com\/index.php\/author\/apuntesdesanluis-com\/\"}]}<\/script>\n<!-- \/ Yoast SEO plugin. -->","yoast_head_json":{"title":"IMPULSAN LA INSERCI\u00d3N LABORAL DE PERSONAS CON DISCAPACIDAD - Apuntes de San Luis","robots":{"index":"index","follow":"follow","max-snippet":"max-snippet:-1","max-image-preview":"max-image-preview:large","max-video-preview":"max-video-preview:-1"},"canonical":"https:\/\/apuntesdesanluis.com\/index.php\/2024\/07\/02\/impulsan-la-insercion-laboral-de-personas-con-discapacidad\/","og_locale":"es_ES","og_type":"article","og_title":"IMPULSAN LA INSERCI\u00d3N LABORAL DE PERSONAS CON DISCAPACIDAD - Apuntes de San Luis","og_description":"El director de Relaciones Laborales del ministerio de Gobierno, Alberto Lindow, mantuvo un encuentro con...","og_url":"https:\/\/apuntesdesanluis.com\/index.php\/2024\/07\/02\/impulsan-la-insercion-laboral-de-personas-con-discapacidad\/","og_site_name":"Apuntes de San Luis","article_published_time":"2024-07-03T01:59:21+00:00","article_modified_time":"2024-07-03T02:59:38+00:00","og_image":[{"width":600,"height":372,"url":"https:\/\/apuntesdesanluis.com\/wp-content\/uploads\/2024\/07\/CONVENIO.png","type":"image\/png"}],"author":"apuntesdesanluis.com","twitter_card":"summary_large_image","twitter_misc":{"Escrito por":"apuntesdesanluis.com","Tiempo de lectura":"3 minutos"},"schema":{"@context":"https:\/\/schema.org","@graph":[{"@type":"Article","@id":"https:\/\/apuntesdesanluis.com\/index.php\/2024\/07\/02\/impulsan-la-insercion-laboral-de-personas-con-discapacidad\/#article","isPartOf":{"@id":"https:\/\/apuntesdesanluis.com\/index.php\/2024\/07\/02\/impulsan-la-insercion-laboral-de-personas-con-discapacidad\/"},"author":{"name":"apuntesdesanluis.com","@id":"https:\/\/apuntesdesanluis.com\/#\/schema\/person\/b55151d52296fcce64d1a72538a70b90"},"headline":"IMPULSAN LA INSERCI\u00d3N LABORAL DE PERSONAS CON DISCAPACIDAD","datePublished":"2024-07-03T01:59:21+00:00","dateModified":"2024-07-03T02:59:38+00:00","mainEntityOfPage":{"@id":"https:\/\/apuntesdesanluis.com\/index.php\/2024\/07\/02\/impulsan-la-insercion-laboral-de-personas-con-discapacidad\/"},"wordCount":539,"publisher":{"@id":"https:\/\/apuntesdesanluis.com\/#\/schema\/person\/b55151d52296fcce64d1a72538a70b90"},"image":{"@id":"https:\/\/apuntesdesanluis.com\/index.php\/2024\/07\/02\/impulsan-la-insercion-laboral-de-personas-con-discapacidad\/#primaryimage"},"thumbnailUrl":"https:\/\/apuntesdesanluis.com\/wp-content\/uploads\/2024\/07\/CONVENIO.png","articleSection":["Ciudad\/Provincia"],"inLanguage":"es-AR"},{"@type":"WebPage","@id":"https:\/\/apuntesdesanluis.com\/index.php\/2024\/07\/02\/impulsan-la-insercion-laboral-de-personas-con-discapacidad\/","url":"https:\/\/apuntesdesanluis.com\/index.php\/2024\/07\/02\/impulsan-la-insercion-laboral-de-personas-con-discapacidad\/","name":"IMPULSAN LA INSERCI\u00d3N LABORAL DE PERSONAS CON DISCAPACIDAD - Apuntes de San Luis","isPartOf":{"@id":"https:\/\/apuntesdesanluis.com\/#website"},"primaryImageOfPage":{"@id":"https:\/\/apuntesdesanluis.com\/index.php\/2024\/07\/02\/impulsan-la-insercion-laboral-de-personas-con-discapacidad\/#primaryimage"},"image":{"@id":"https:\/\/apuntesdesanluis.com\/index.php\/2024\/07\/02\/impulsan-la-insercion-laboral-de-personas-con-discapacidad\/#primaryimage"},"thumbnailUrl":"https:\/\/apuntesdesanluis.com\/wp-content\/uploads\/2024\/07\/CONVENIO.png","datePublished":"2024-07-03T01:59:21+00:00","dateModified":"2024-07-03T02:59:38+00:00","breadcrumb":{"@id":"https:\/\/apuntesdesanluis.com\/index.php\/2024\/07\/02\/impulsan-la-insercion-laboral-de-personas-con-discapacidad\/#breadcrumb"},"inLanguage":"es-AR","potentialAction":[{"@type":"ReadAction","target":["https:\/\/apuntesdesanluis.com\/index.php\/2024\/07\/02\/impulsan-la-insercion-laboral-de-personas-con-discapacidad\/"]}]},{"@type":"ImageObject","inLanguage":"es-AR","@id":"https:\/\/apuntesdesanluis.com\/index.php\/2024\/07\/02\/impulsan-la-insercion-laboral-de-personas-con-discapacidad\/#primaryimage","url":"https:\/\/apuntesdesanluis.com\/wp-content\/uploads\/2024\/07\/CONVENIO.png","contentUrl":"https:\/\/apuntesdesanluis.com\/wp-content\/uploads\/2024\/07\/CONVENIO.png","width":600,"height":372},{"@type":"BreadcrumbList","@id":"https:\/\/apuntesdesanluis.com\/index.php\/2024\/07\/02\/impulsan-la-insercion-laboral-de-personas-con-discapacidad\/#breadcrumb","itemListElement":[{"@type":"ListItem","position":1,"name":"Inicio","item":"https:\/\/apuntesdesanluis.com\/"},{"@type":"ListItem","position":2,"name":"IMPULSAN LA INSERCI\u00d3N LABORAL DE PERSONAS CON DISCAPACIDAD"}]},{"@type":"WebSite","@id":"https:\/\/apuntesdesanluis.com\/#website","url":"https:\/\/apuntesdesanluis.com\/","name":"Apuntes de San Luis","description":"","publisher":{"@id":"https:\/\/apuntesdesanluis.com\/#\/schema\/person\/b55151d52296fcce64d1a72538a70b90"},"potentialAction":[{"@type":"SearchAction","target":{"@type":"EntryPoint","urlTemplate":"https:\/\/apuntesdesanluis.com\/?s={search_term_string}"},"query-input":{"@type":"PropertyValueSpecification","valueRequired":true,"valueName":"search_term_string"}}],"inLanguage":"es-AR"},{"@type":["Person","Organization"],"@id":"https:\/\/apuntesdesanluis.com\/#\/schema\/person\/b55151d52296fcce64d1a72538a70b90","name":"apuntesdesanluis.com","image":{"@type":"ImageObject","inLanguage":"es-AR","@id":"https:\/\/apuntesdesanluis.com\/#\/schema\/person\/image\/","url":"https:\/\/apuntesdesanluis.com\/wp-content\/uploads\/2023\/07\/cropped-apuntesdesanluis.png","contentUrl":"https:\/\/apuntesdesanluis.com\/wp-content\/uploads\/2023\/07\/cropped-apuntesdesanluis.png","width":450,"height":112,"caption":"apuntesdesanluis.com"},"logo":{"@id":"https:\/\/apuntesdesanluis.com\/#\/schema\/person\/image\/"},"sameAs":["https:\/\/apuntesdesanluis.com"],"url":"https:\/\/apuntesdesanluis.com\/index.php\/author\/apuntesdesanluis-com\/"}]}},"featured_image_urls":{"full":["https:\/\/apuntesdesanluis.com\/wp-content\/uploads\/2024\/07\/CONVENIO.png",600,372,false],"thumbnail":["https:\/\/apuntesdesanluis.com\/wp-content\/uploads\/2024\/07\/CONVENIO-150x150.png",150,150,true],"medium":["https:\/\/apuntesdesanluis.com\/wp-content\/uploads\/2024\/07\/CONVENIO-300x186.png",300,186,true],"medium_large":["https:\/\/apuntesdesanluis.com\/wp-content\/uploads\/2024\/07\/CONVENIO.png",600,372,false],"large":["https:\/\/apuntesdesanluis.com\/wp-content\/uploads\/2024\/07\/CONVENIO.png",600,372,false],"1536x1536":["https:\/\/apuntesdesanluis.com\/wp-content\/uploads\/2024\/07\/CONVENIO.png",600,372,false],"2048x2048":["https:\/\/apuntesdesanluis.com\/wp-content\/uploads\/2024\/07\/CONVENIO.png",600,372,false],"newsever-slider-full":["https:\/\/apuntesdesanluis.com\/wp-content\/uploads\/2024\/07\/CONVENIO.png",600,372,false],"newsever-featured":["https:\/\/apuntesdesanluis.com\/wp-content\/uploads\/2024\/07\/CONVENIO.png",600,372,false],"newsever-medium":["https:\/\/apuntesdesanluis.com\/wp-content\/uploads\/2024\/07\/CONVENIO.png",600,372,false]},"author_info":{"display_name":"apuntesdesanluis.com","author_link":"https:\/\/apuntesdesanluis.com\/index.php\/author\/apuntesdesanluis-com\/"},"category_info":"<a href=\"https:\/\/apuntesdesanluis.com\/index.php\/category\/ciudad-provincia\/\" rel=\"category tag\">Ciudad\/Provincia<\/a>","tag_info":"Ciudad\/Provincia","comment_count":"0","_links":{"self":[{"href":"https:\/\/apuntesdesanluis.com\/index.php\/wp-json\/wp\/v2\/posts\/18670","targetHints":{"allow":["GET"]}}],"collection":[{"href":"https:\/\/apuntesdesanluis.com\/index.php\/wp-json\/wp\/v2\/posts"}],"about":[{"href":"https:\/\/apuntesdesanluis.com\/index.php\/wp-json\/wp\/v2\/types\/post"}],"author":[{"embeddable":true,"href":"https:\/\/apuntesdesanluis.com\/index.php\/wp-json\/wp\/v2\/users\/1"}],"replies":[{"embeddable":true,"href":"https:\/\/apuntesdesanluis.com\/index.php\/wp-json\/wp\/v2\/comments?post=18670"}],"version-history":[{"count":1,"href":"https:\/\/apuntesdesanluis.com\/index.php\/wp-json\/wp\/v2\/posts\/18670\/revisions"}],"predecessor-version":[{"id":18673,"href":"https:\/\/apuntesdesanluis.com\/index.php\/wp-json\/wp\/v2\/posts\/18670\/revisions\/18673"}],"wp:featuredmedia":[{"embeddable":true,"href":"https:\/\/apuntesdesanluis.com\/index.php\/wp-json\/wp\/v2\/media\/18671"}],"wp:attachment":[{"href":"https:\/\/apuntesdesanluis.com\/index.php\/wp-json\/wp\/v2\/media?parent=18670"}],"wp:term":[{"taxonomy":"category","embeddable":true,"href":"https:\/\/apuntesdesanluis.com\/index.php\/wp-json\/wp\/v2\/categories?post=18670"},{"taxonomy":"post_tag","embeddable":true,"href":"https:\/\/apuntesdesanluis.com\/index.php\/wp-json\/wp\/v2\/tags?post=18670"}],"curies":[{"name":"wp","href":"https:\/\/api.w.org\/{rel}","templated":true}]}}