{"id":18693,"date":"2024-07-03T01:07:50","date_gmt":"2024-07-03T04:07:50","guid":{"rendered":"https:\/\/apuntesdesanluis.com\/?p=18693"},"modified":"2024-07-03T01:07:50","modified_gmt":"2024-07-03T04:07:50","slug":"dia-de-la-independencia-tras-el-pacto-de-mayo-en-tucuman-milei-encabezara-el-tedeum-y-un-desfile-militar-en-caba","status":"publish","type":"post","link":"https:\/\/apuntesdesanluis.com\/index.php\/2024\/07\/03\/dia-de-la-independencia-tras-el-pacto-de-mayo-en-tucuman-milei-encabezara-el-tedeum-y-un-desfile-militar-en-caba\/","title":{"rendered":"D\u00cdA DE LA INDEPENDENCIA: TRAS EL PACTO DE MAYO EN TUCUM\u00c1N, MILEI ENCABEZAR\u00c1 EL TEDEUM Y UN DESFILE MILITAR EN CABA"},"content":{"rendered":"<h3>En el marco del D\u00eda de la Independencia, el presidente <strong>Javier Milei<\/strong> firmar\u00e1 el Pacto de Mayo en Tucum\u00e1n con algunos gobernadores y luego viajar\u00e1 a la Ciudad de Buenos Aires para participar del tradicional desfile militar, que se llevar\u00e1 a cabo despu\u00e9s del Tedeum en la Catedral Metropolitana.<\/h3>\n<h3>El jefe de Estado desembarcar\u00e1 el pr\u00f3ximo lunes 8 de julio en Tucum\u00e1n para encabezar una vigilia del D\u00eda de la Independencia, durante la cual se llevar\u00e1 a cabo la ceremonia de firma del Pacto de Mayo con los gobernadores que adhieran a esos diez puntos que Milei devel\u00f3 durante su discurso de la apertura de sesiones ordinarias del Congreso, el 1 de marzo pasado.<\/h3>\n<h3>En la madrugada del martes, el l\u00edder libertario tiene previsto regresar a Buenos Aires para ese mismo d\u00eda por la ma\u00f1ana encabezar el Tedeum en la Catedral Metropolitana.<\/h3>\n<h3>Luego, Milei y los ministros de su Gabinete se trasladar\u00e1n al desfile militar que se llevar\u00e1 a cabo desde las 10.30 en el cruce de la Avenida del Libertador y Ag\u00fcero, en la zona del Museo de Bellas Artes, y se extender\u00e1 por toda la avenida hasta Olleros, en las inmediaciones de la estaci\u00f3n de tren Lisandro de la Torre.<\/h3>\n<h3>El evento tendr\u00e1 unas dos horas de duraci\u00f3n y van a desfilar veteranos, las fuerzas armadas y de seguridad, trascendi\u00f3.<\/h3>\n<h3>&#8220;Trae tu bandera y festejemos todos juntos nuestra libertad&#8221;, escribi\u00f3 el ministro de Defensa, Luis Petri, al convocar al evento a trav\u00e9s de su cuenta oficial de X.<\/h3>\n<h3>El d\u00eda anterior, el lunes 8 de julio, el Presidente estar\u00e1 por la noche en Tucum\u00e1n para la firma del &#8220;Pacto de Mayo&#8221; en la Casa Hist\u00f3rica de esa provincia, donde el anfitri\u00f3n ser\u00e1 el gobernador Osvaldo Jaldo.<\/h3>\n<h3>El acuerdo estaba estipulado para ser firmado el 25 de mayo, pero las demoras en el tratamiento y aprobaci\u00f3n de la Ley Bases y el acuerdo fiscal lo postergaron.<\/h3>\n<h3>Milei convoc\u00f3 a los distintos mandatarios provinciales, ex presidentes, legisladores, empresarios y distintos sectores de la sociedad para la firma de los 10 puntos que impulsa el economista libertario sobre el que se deber\u00e1n construir futuros consensos.<\/h3>\n<p>&nbsp;<\/p>\n<p>&nbsp;<\/p>\n<p>&nbsp;<\/p>\n<h3><\/h3>\n<p>&nbsp;<\/p>\n<p>&nbsp;<\/p>\n","protected":false},"excerpt":{"rendered":"<p>En el marco del D\u00eda de la Independencia, el presidente Javier Milei firmar\u00e1 el Pacto&#8230;<\/p>\n","protected":false},"author":1,"featured_media":18694,"comment_status":"closed","ping_status":"closed","sticky":false,"template":"","format":"standard","meta":{"footnotes":""},"categories":[5],"tags":[],"class_list":["post-18693","post","type-post","status-publish","format-standard","has-post-thumbnail","hentry","category-nacionales-internacionales"],"yoast_head":"<!-- This site is optimized with the Yoast SEO plugin v26.1.1 - https:\/\/yoast.com\/wordpress\/plugins\/seo\/ -->\n<title>D\u00cdA DE LA INDEPENDENCIA: TRAS EL PACTO DE MAYO EN TUCUM\u00c1N, MILEI ENCABEZAR\u00c1 EL TEDEUM Y UN DESFILE MILITAR EN CABA - Apuntes de San Luis<\/title>\n<meta name=\"robots\" content=\"index, follow, max-snippet:-1, max-image-preview:large, max-video-preview:-1\" \/>\n<link rel=\"canonical\" href=\"https:\/\/apuntesdesanluis.com\/index.php\/2024\/07\/03\/dia-de-la-independencia-tras-el-pacto-de-mayo-en-tucuman-milei-encabezara-el-tedeum-y-un-desfile-militar-en-caba\/\" \/>\n<meta property=\"og:locale\" content=\"es_ES\" \/>\n<meta property=\"og:type\" content=\"article\" \/>\n<meta property=\"og:title\" content=\"D\u00cdA DE LA INDEPENDENCIA: TRAS EL PACTO DE MAYO EN TUCUM\u00c1N, MILEI ENCABEZAR\u00c1 EL TEDEUM Y UN DESFILE MILITAR EN CABA - Apuntes de San Luis\" \/>\n<meta property=\"og:description\" content=\"En el marco del D\u00eda de la Independencia, el presidente Javier Milei firmar\u00e1 el Pacto...\" \/>\n<meta property=\"og:url\" content=\"https:\/\/apuntesdesanluis.com\/index.php\/2024\/07\/03\/dia-de-la-independencia-tras-el-pacto-de-mayo-en-tucuman-milei-encabezara-el-tedeum-y-un-desfile-militar-en-caba\/\" \/>\n<meta property=\"og:site_name\" content=\"Apuntes de San Luis\" \/>\n<meta property=\"article:published_time\" content=\"2024-07-03T04:07:50+00:00\" \/>\n<meta property=\"og:image\" content=\"https:\/\/apuntesdesanluis.com\/wp-content\/uploads\/2024\/07\/JAVIER-MILEI.png\" \/>\n\t<meta property=\"og:image:width\" content=\"709\" \/>\n\t<meta property=\"og:image:height\" content=\"420\" \/>\n\t<meta property=\"og:image:type\" content=\"image\/png\" \/>\n<meta name=\"author\" content=\"apuntesdesanluis.com\" \/>\n<meta name=\"twitter:card\" content=\"summary_large_image\" \/>\n<meta name=\"twitter:label1\" content=\"Escrito por\" \/>\n\t<meta name=\"twitter:data1\" content=\"apuntesdesanluis.com\" \/>\n\t<meta name=\"twitter:label2\" content=\"Tiempo de lectura\" \/>\n\t<meta name=\"twitter:data2\" content=\"2 minutos\" \/>\n<script type=\"application\/ld+json\" class=\"yoast-schema-graph\">{\"@context\":\"https:\/\/schema.org\",\"@graph\":[{\"@type\":\"Article\",\"@id\":\"https:\/\/apuntesdesanluis.com\/index.php\/2024\/07\/03\/dia-de-la-independencia-tras-el-pacto-de-mayo-en-tucuman-milei-encabezara-el-tedeum-y-un-desfile-militar-en-caba\/#article\",\"isPartOf\":{\"@id\":\"https:\/\/apuntesdesanluis.com\/index.php\/2024\/07\/03\/dia-de-la-independencia-tras-el-pacto-de-mayo-en-tucuman-milei-encabezara-el-tedeum-y-un-desfile-militar-en-caba\/\"},\"author\":{\"name\":\"apuntesdesanluis.com\",\"@id\":\"https:\/\/apuntesdesanluis.com\/#\/schema\/person\/b55151d52296fcce64d1a72538a70b90\"},\"headline\":\"D\u00cdA DE LA INDEPENDENCIA: TRAS EL PACTO DE MAYO EN TUCUM\u00c1N, MILEI ENCABEZAR\u00c1 EL TEDEUM Y UN DESFILE MILITAR EN CABA\",\"datePublished\":\"2024-07-03T04:07:50+00:00\",\"mainEntityOfPage\":{\"@id\":\"https:\/\/apuntesdesanluis.com\/index.php\/2024\/07\/03\/dia-de-la-independencia-tras-el-pacto-de-mayo-en-tucuman-milei-encabezara-el-tedeum-y-un-desfile-militar-en-caba\/\"},\"wordCount\":396,\"publisher\":{\"@id\":\"https:\/\/apuntesdesanluis.com\/#\/schema\/person\/b55151d52296fcce64d1a72538a70b90\"},\"image\":{\"@id\":\"https:\/\/apuntesdesanluis.com\/index.php\/2024\/07\/03\/dia-de-la-independencia-tras-el-pacto-de-mayo-en-tucuman-milei-encabezara-el-tedeum-y-un-desfile-militar-en-caba\/#primaryimage\"},\"thumbnailUrl\":\"https:\/\/apuntesdesanluis.com\/wp-content\/uploads\/2024\/07\/JAVIER-MILEI.png\",\"articleSection\":[\"Nacionales\/Internacionales\"],\"inLanguage\":\"es-AR\"},{\"@type\":\"WebPage\",\"@id\":\"https:\/\/apuntesdesanluis.com\/index.php\/2024\/07\/03\/dia-de-la-independencia-tras-el-pacto-de-mayo-en-tucuman-milei-encabezara-el-tedeum-y-un-desfile-militar-en-caba\/\",\"url\":\"https:\/\/apuntesdesanluis.com\/index.php\/2024\/07\/03\/dia-de-la-independencia-tras-el-pacto-de-mayo-en-tucuman-milei-encabezara-el-tedeum-y-un-desfile-militar-en-caba\/\",\"name\":\"D\u00cdA DE LA INDEPENDENCIA: TRAS EL PACTO DE MAYO EN TUCUM\u00c1N, MILEI ENCABEZAR\u00c1 EL TEDEUM Y UN DESFILE MILITAR EN CABA - Apuntes de San Luis\",\"isPartOf\":{\"@id\":\"https:\/\/apuntesdesanluis.com\/#website\"},\"primaryImageOfPage\":{\"@id\":\"https:\/\/apuntesdesanluis.com\/index.php\/2024\/07\/03\/dia-de-la-independencia-tras-el-pacto-de-mayo-en-tucuman-milei-encabezara-el-tedeum-y-un-desfile-militar-en-caba\/#primaryimage\"},\"image\":{\"@id\":\"https:\/\/apuntesdesanluis.com\/index.php\/2024\/07\/03\/dia-de-la-independencia-tras-el-pacto-de-mayo-en-tucuman-milei-encabezara-el-tedeum-y-un-desfile-militar-en-caba\/#primaryimage\"},\"thumbnailUrl\":\"https:\/\/apuntesdesanluis.com\/wp-content\/uploads\/2024\/07\/JAVIER-MILEI.png\",\"datePublished\":\"2024-07-03T04:07:50+00:00\",\"breadcrumb\":{\"@id\":\"https:\/\/apuntesdesanluis.com\/index.php\/2024\/07\/03\/dia-de-la-independencia-tras-el-pacto-de-mayo-en-tucuman-milei-encabezara-el-tedeum-y-un-desfile-militar-en-caba\/#breadcrumb\"},\"inLanguage\":\"es-AR\",\"potentialAction\":[{\"@type\":\"ReadAction\",\"target\":[\"https:\/\/apuntesdesanluis.com\/index.php\/2024\/07\/03\/dia-de-la-independencia-tras-el-pacto-de-mayo-en-tucuman-milei-encabezara-el-tedeum-y-un-desfile-militar-en-caba\/\"]}]},{\"@type\":\"ImageObject\",\"inLanguage\":\"es-AR\",\"@id\":\"https:\/\/apuntesdesanluis.com\/index.php\/2024\/07\/03\/dia-de-la-independencia-tras-el-pacto-de-mayo-en-tucuman-milei-encabezara-el-tedeum-y-un-desfile-militar-en-caba\/#primaryimage\",\"url\":\"https:\/\/apuntesdesanluis.com\/wp-content\/uploads\/2024\/07\/JAVIER-MILEI.png\",\"contentUrl\":\"https:\/\/apuntesdesanluis.com\/wp-content\/uploads\/2024\/07\/JAVIER-MILEI.png\",\"width\":709,\"height\":420},{\"@type\":\"BreadcrumbList\",\"@id\":\"https:\/\/apuntesdesanluis.com\/index.php\/2024\/07\/03\/dia-de-la-independencia-tras-el-pacto-de-mayo-en-tucuman-milei-encabezara-el-tedeum-y-un-desfile-militar-en-caba\/#breadcrumb\",\"itemListElement\":[{\"@type\":\"ListItem\",\"position\":1,\"name\":\"Inicio\",\"item\":\"https:\/\/apuntesdesanluis.com\/\"},{\"@type\":\"ListItem\",\"position\":2,\"name\":\"D\u00cdA DE LA INDEPENDENCIA: TRAS EL PACTO DE MAYO EN TUCUM\u00c1N, MILEI ENCABEZAR\u00c1 EL TEDEUM Y UN DESFILE MILITAR EN CABA\"}]},{\"@type\":\"WebSite\",\"@id\":\"https:\/\/apuntesdesanluis.com\/#website\",\"url\":\"https:\/\/apuntesdesanluis.com\/\",\"name\":\"Apuntes de San Luis\",\"description\":\"\",\"publisher\":{\"@id\":\"https:\/\/apuntesdesanluis.com\/#\/schema\/person\/b55151d52296fcce64d1a72538a70b90\"},\"potentialAction\":[{\"@type\":\"SearchAction\",\"target\":{\"@type\":\"EntryPoint\",\"urlTemplate\":\"https:\/\/apuntesdesanluis.com\/?s={search_term_string}\"},\"query-input\":{\"@type\":\"PropertyValueSpecification\",\"valueRequired\":true,\"valueName\":\"search_term_string\"}}],\"inLanguage\":\"es-AR\"},{\"@type\":[\"Person\",\"Organization\"],\"@id\":\"https:\/\/apuntesdesanluis.com\/#\/schema\/person\/b55151d52296fcce64d1a72538a70b90\",\"name\":\"apuntesdesanluis.com\",\"image\":{\"@type\":\"ImageObject\",\"inLanguage\":\"es-AR\",\"@id\":\"https:\/\/apuntesdesanluis.com\/#\/schema\/person\/image\/\",\"url\":\"https:\/\/apuntesdesanluis.com\/wp-content\/uploads\/2023\/07\/cropped-apuntesdesanluis.png\",\"contentUrl\":\"https:\/\/apuntesdesanluis.com\/wp-content\/uploads\/2023\/07\/cropped-apuntesdesanluis.png\",\"width\":450,\"height\":112,\"caption\":\"apuntesdesanluis.com\"},\"logo\":{\"@id\":\"https:\/\/apuntesdesanluis.com\/#\/schema\/person\/image\/\"},\"sameAs\":[\"https:\/\/apuntesdesanluis.com\"],\"url\":\"https:\/\/apuntesdesanluis.com\/index.php\/author\/apuntesdesanluis-com\/\"}]}<\/script>\n<!-- \/ Yoast SEO plugin. -->","yoast_head_json":{"title":"D\u00cdA DE LA INDEPENDENCIA: TRAS EL PACTO DE MAYO EN TUCUM\u00c1N, MILEI ENCABEZAR\u00c1 EL TEDEUM Y UN DESFILE MILITAR EN CABA - Apuntes de San Luis","robots":{"index":"index","follow":"follow","max-snippet":"max-snippet:-1","max-image-preview":"max-image-preview:large","max-video-preview":"max-video-preview:-1"},"canonical":"https:\/\/apuntesdesanluis.com\/index.php\/2024\/07\/03\/dia-de-la-independencia-tras-el-pacto-de-mayo-en-tucuman-milei-encabezara-el-tedeum-y-un-desfile-militar-en-caba\/","og_locale":"es_ES","og_type":"article","og_title":"D\u00cdA DE LA INDEPENDENCIA: TRAS EL PACTO DE MAYO EN TUCUM\u00c1N, MILEI ENCABEZAR\u00c1 EL TEDEUM Y UN DESFILE MILITAR EN CABA - Apuntes de San Luis","og_description":"En el marco del D\u00eda de la Independencia, el presidente Javier Milei firmar\u00e1 el Pacto...","og_url":"https:\/\/apuntesdesanluis.com\/index.php\/2024\/07\/03\/dia-de-la-independencia-tras-el-pacto-de-mayo-en-tucuman-milei-encabezara-el-tedeum-y-un-desfile-militar-en-caba\/","og_site_name":"Apuntes de San Luis","article_published_time":"2024-07-03T04:07:50+00:00","og_image":[{"width":709,"height":420,"url":"https:\/\/apuntesdesanluis.com\/wp-content\/uploads\/2024\/07\/JAVIER-MILEI.png","type":"image\/png"}],"author":"apuntesdesanluis.com","twitter_card":"summary_large_image","twitter_misc":{"Escrito por":"apuntesdesanluis.com","Tiempo de lectura":"2 minutos"},"schema":{"@context":"https:\/\/schema.org","@graph":[{"@type":"Article","@id":"https:\/\/apuntesdesanluis.com\/index.php\/2024\/07\/03\/dia-de-la-independencia-tras-el-pacto-de-mayo-en-tucuman-milei-encabezara-el-tedeum-y-un-desfile-militar-en-caba\/#article","isPartOf":{"@id":"https:\/\/apuntesdesanluis.com\/index.php\/2024\/07\/03\/dia-de-la-independencia-tras-el-pacto-de-mayo-en-tucuman-milei-encabezara-el-tedeum-y-un-desfile-militar-en-caba\/"},"author":{"name":"apuntesdesanluis.com","@id":"https:\/\/apuntesdesanluis.com\/#\/schema\/person\/b55151d52296fcce64d1a72538a70b90"},"headline":"D\u00cdA DE LA INDEPENDENCIA: TRAS EL PACTO DE MAYO EN TUCUM\u00c1N, MILEI ENCABEZAR\u00c1 EL TEDEUM Y UN DESFILE MILITAR EN CABA","datePublished":"2024-07-03T04:07:50+00:00","mainEntityOfPage":{"@id":"https:\/\/apuntesdesanluis.com\/index.php\/2024\/07\/03\/dia-de-la-independencia-tras-el-pacto-de-mayo-en-tucuman-milei-encabezara-el-tedeum-y-un-desfile-militar-en-caba\/"},"wordCount":396,"publisher":{"@id":"https:\/\/apuntesdesanluis.com\/#\/schema\/person\/b55151d52296fcce64d1a72538a70b90"},"image":{"@id":"https:\/\/apuntesdesanluis.com\/index.php\/2024\/07\/03\/dia-de-la-independencia-tras-el-pacto-de-mayo-en-tucuman-milei-encabezara-el-tedeum-y-un-desfile-militar-en-caba\/#primaryimage"},"thumbnailUrl":"https:\/\/apuntesdesanluis.com\/wp-content\/uploads\/2024\/07\/JAVIER-MILEI.png","articleSection":["Nacionales\/Internacionales"],"inLanguage":"es-AR"},{"@type":"WebPage","@id":"https:\/\/apuntesdesanluis.com\/index.php\/2024\/07\/03\/dia-de-la-independencia-tras-el-pacto-de-mayo-en-tucuman-milei-encabezara-el-tedeum-y-un-desfile-militar-en-caba\/","url":"https:\/\/apuntesdesanluis.com\/index.php\/2024\/07\/03\/dia-de-la-independencia-tras-el-pacto-de-mayo-en-tucuman-milei-encabezara-el-tedeum-y-un-desfile-militar-en-caba\/","name":"D\u00cdA DE LA INDEPENDENCIA: TRAS EL PACTO DE MAYO EN TUCUM\u00c1N, MILEI ENCABEZAR\u00c1 EL TEDEUM Y UN DESFILE MILITAR EN CABA - Apuntes de San Luis","isPartOf":{"@id":"https:\/\/apuntesdesanluis.com\/#website"},"primaryImageOfPage":{"@id":"https:\/\/apuntesdesanluis.com\/index.php\/2024\/07\/03\/dia-de-la-independencia-tras-el-pacto-de-mayo-en-tucuman-milei-encabezara-el-tedeum-y-un-desfile-militar-en-caba\/#primaryimage"},"image":{"@id":"https:\/\/apuntesdesanluis.com\/index.php\/2024\/07\/03\/dia-de-la-independencia-tras-el-pacto-de-mayo-en-tucuman-milei-encabezara-el-tedeum-y-un-desfile-militar-en-caba\/#primaryimage"},"thumbnailUrl":"https:\/\/apuntesdesanluis.com\/wp-content\/uploads\/2024\/07\/JAVIER-MILEI.png","datePublished":"2024-07-03T04:07:50+00:00","breadcrumb":{"@id":"https:\/\/apuntesdesanluis.com\/index.php\/2024\/07\/03\/dia-de-la-independencia-tras-el-pacto-de-mayo-en-tucuman-milei-encabezara-el-tedeum-y-un-desfile-militar-en-caba\/#breadcrumb"},"inLanguage":"es-AR","potentialAction":[{"@type":"ReadAction","target":["https:\/\/apuntesdesanluis.com\/index.php\/2024\/07\/03\/dia-de-la-independencia-tras-el-pacto-de-mayo-en-tucuman-milei-encabezara-el-tedeum-y-un-desfile-militar-en-caba\/"]}]},{"@type":"ImageObject","inLanguage":"es-AR","@id":"https:\/\/apuntesdesanluis.com\/index.php\/2024\/07\/03\/dia-de-la-independencia-tras-el-pacto-de-mayo-en-tucuman-milei-encabezara-el-tedeum-y-un-desfile-militar-en-caba\/#primaryimage","url":"https:\/\/apuntesdesanluis.com\/wp-content\/uploads\/2024\/07\/JAVIER-MILEI.png","contentUrl":"https:\/\/apuntesdesanluis.com\/wp-content\/uploads\/2024\/07\/JAVIER-MILEI.png","width":709,"height":420},{"@type":"BreadcrumbList","@id":"https:\/\/apuntesdesanluis.com\/index.php\/2024\/07\/03\/dia-de-la-independencia-tras-el-pacto-de-mayo-en-tucuman-milei-encabezara-el-tedeum-y-un-desfile-militar-en-caba\/#breadcrumb","itemListElement":[{"@type":"ListItem","position":1,"name":"Inicio","item":"https:\/\/apuntesdesanluis.com\/"},{"@type":"ListItem","position":2,"name":"D\u00cdA DE LA INDEPENDENCIA: TRAS EL PACTO DE MAYO EN TUCUM\u00c1N, MILEI ENCABEZAR\u00c1 EL TEDEUM Y UN DESFILE MILITAR EN CABA"}]},{"@type":"WebSite","@id":"https:\/\/apuntesdesanluis.com\/#website","url":"https:\/\/apuntesdesanluis.com\/","name":"Apuntes de San Luis","description":"","publisher":{"@id":"https:\/\/apuntesdesanluis.com\/#\/schema\/person\/b55151d52296fcce64d1a72538a70b90"},"potentialAction":[{"@type":"SearchAction","target":{"@type":"EntryPoint","urlTemplate":"https:\/\/apuntesdesanluis.com\/?s={search_term_string}"},"query-input":{"@type":"PropertyValueSpecification","valueRequired":true,"valueName":"search_term_string"}}],"inLanguage":"es-AR"},{"@type":["Person","Organization"],"@id":"https:\/\/apuntesdesanluis.com\/#\/schema\/person\/b55151d52296fcce64d1a72538a70b90","name":"apuntesdesanluis.com","image":{"@type":"ImageObject","inLanguage":"es-AR","@id":"https:\/\/apuntesdesanluis.com\/#\/schema\/person\/image\/","url":"https:\/\/apuntesdesanluis.com\/wp-content\/uploads\/2023\/07\/cropped-apuntesdesanluis.png","contentUrl":"https:\/\/apuntesdesanluis.com\/wp-content\/uploads\/2023\/07\/cropped-apuntesdesanluis.png","width":450,"height":112,"caption":"apuntesdesanluis.com"},"logo":{"@id":"https:\/\/apuntesdesanluis.com\/#\/schema\/person\/image\/"},"sameAs":["https:\/\/apuntesdesanluis.com"],"url":"https:\/\/apuntesdesanluis.com\/index.php\/author\/apuntesdesanluis-com\/"}]}},"featured_image_urls":{"full":["https:\/\/apuntesdesanluis.com\/wp-content\/uploads\/2024\/07\/JAVIER-MILEI.png",709,420,false],"thumbnail":["https:\/\/apuntesdesanluis.com\/wp-content\/uploads\/2024\/07\/JAVIER-MILEI-150x150.png",150,150,true],"medium":["https:\/\/apuntesdesanluis.com\/wp-content\/uploads\/2024\/07\/JAVIER-MILEI-300x178.png",300,178,true],"medium_large":["https:\/\/apuntesdesanluis.com\/wp-content\/uploads\/2024\/07\/JAVIER-MILEI.png",640,379,false],"large":["https:\/\/apuntesdesanluis.com\/wp-content\/uploads\/2024\/07\/JAVIER-MILEI.png",640,379,false],"1536x1536":["https:\/\/apuntesdesanluis.com\/wp-content\/uploads\/2024\/07\/JAVIER-MILEI.png",709,420,false],"2048x2048":["https:\/\/apuntesdesanluis.com\/wp-content\/uploads\/2024\/07\/JAVIER-MILEI.png",709,420,false],"newsever-slider-full":["https:\/\/apuntesdesanluis.com\/wp-content\/uploads\/2024\/07\/JAVIER-MILEI.png",709,420,false],"newsever-featured":["https:\/\/apuntesdesanluis.com\/wp-content\/uploads\/2024\/07\/JAVIER-MILEI.png",709,420,false],"newsever-medium":["https:\/\/apuntesdesanluis.com\/wp-content\/uploads\/2024\/07\/JAVIER-MILEI.png",709,420,false]},"author_info":{"display_name":"apuntesdesanluis.com","author_link":"https:\/\/apuntesdesanluis.com\/index.php\/author\/apuntesdesanluis-com\/"},"category_info":"<a href=\"https:\/\/apuntesdesanluis.com\/index.php\/category\/nacionales-internacionales\/\" rel=\"category tag\">Nacionales\/Internacionales<\/a>","tag_info":"Nacionales\/Internacionales","comment_count":"0","_links":{"self":[{"href":"https:\/\/apuntesdesanluis.com\/index.php\/wp-json\/wp\/v2\/posts\/18693","targetHints":{"allow":["GET"]}}],"collection":[{"href":"https:\/\/apuntesdesanluis.com\/index.php\/wp-json\/wp\/v2\/posts"}],"about":[{"href":"https:\/\/apuntesdesanluis.com\/index.php\/wp-json\/wp\/v2\/types\/post"}],"author":[{"embeddable":true,"href":"https:\/\/apuntesdesanluis.com\/index.php\/wp-json\/wp\/v2\/users\/1"}],"replies":[{"embeddable":true,"href":"https:\/\/apuntesdesanluis.com\/index.php\/wp-json\/wp\/v2\/comments?post=18693"}],"version-history":[{"count":1,"href":"https:\/\/apuntesdesanluis.com\/index.php\/wp-json\/wp\/v2\/posts\/18693\/revisions"}],"predecessor-version":[{"id":18695,"href":"https:\/\/apuntesdesanluis.com\/index.php\/wp-json\/wp\/v2\/posts\/18693\/revisions\/18695"}],"wp:featuredmedia":[{"embeddable":true,"href":"https:\/\/apuntesdesanluis.com\/index.php\/wp-json\/wp\/v2\/media\/18694"}],"wp:attachment":[{"href":"https:\/\/apuntesdesanluis.com\/index.php\/wp-json\/wp\/v2\/media?parent=18693"}],"wp:term":[{"taxonomy":"category","embeddable":true,"href":"https:\/\/apuntesdesanluis.com\/index.php\/wp-json\/wp\/v2\/categories?post=18693"},{"taxonomy":"post_tag","embeddable":true,"href":"https:\/\/apuntesdesanluis.com\/index.php\/wp-json\/wp\/v2\/tags?post=18693"}],"curies":[{"name":"wp","href":"https:\/\/api.w.org\/{rel}","templated":true}]}}