{"id":18705,"date":"2024-07-03T09:00:03","date_gmt":"2024-07-03T12:00:03","guid":{"rendered":"https:\/\/apuntesdesanluis.com\/?p=18705"},"modified":"2024-07-03T09:02:31","modified_gmt":"2024-07-03T12:02:31","slug":"los-judiciales-se-movilizan-con-la-adhesion-de-tecnicos-y-profesionales-de-la-salud","status":"publish","type":"post","link":"https:\/\/apuntesdesanluis.com\/index.php\/2024\/07\/03\/los-judiciales-se-movilizan-con-la-adhesion-de-tecnicos-y-profesionales-de-la-salud\/","title":{"rendered":"LOS JUDICIALES SE MOVILIZAN CON LA ADHESI\u00d3N DE T\u00c9CNICOS Y PROFESIONALES DE LA SALUD"},"content":{"rendered":"<h3>Como parte del plan de lucha que comenz\u00f3 el 6 de mayo, los trabajadores del Poder Judicial nucleados en el <strong>SiJuPu<\/strong> cumplir\u00e1n hoy una movilizaci\u00f3n a Casa de Gobierno, pasado el mediod\u00eda, para continuar reclamando una recomposici\u00f3n salarial.<\/h3>\n<h3>Ayer se conoci\u00f3 que la <strong>Asociaci\u00f3n de Profesionales y T\u00e9cnicos de la Salud<\/strong> (APTS) se sum\u00f3 a la protesta convocada por el Sindicato Judiciales Puntanos , puesto que comparte el reclamo y se ha movilizado en otras ocasiones con el resto de los gremios estatales.<\/h3>\n<p><img fetchpriority=\"high\" decoding=\"async\" class=\"wp-image-18712 aligncenter\" src=\"https:\/\/apuntesdesanluis.com\/wp-content\/uploads\/2024\/07\/449709762_993858162750960_6479006562160280470_n-300x300.jpg\" alt=\"\" width=\"500\" height=\"500\" srcset=\"https:\/\/apuntesdesanluis.com\/wp-content\/uploads\/2024\/07\/449709762_993858162750960_6479006562160280470_n-300x300.jpg 300w, https:\/\/apuntesdesanluis.com\/wp-content\/uploads\/2024\/07\/449709762_993858162750960_6479006562160280470_n-150x150.jpg 150w, https:\/\/apuntesdesanluis.com\/wp-content\/uploads\/2024\/07\/449709762_993858162750960_6479006562160280470_n.jpg 526w\" sizes=\"(max-width: 500px) 100vw, 500px\" \/><\/p>\n<h3>No se descarta que puedan sumarse otros sectores que se encuentran en estado de asamblea permanente, a partir de que el gobierno provincial mantiene el virtual congelamiento salarial, dado que en casi siete meses de gesti\u00f3n apenas otorg\u00f3 15% de aumento salarial, cuando la inflaci\u00f3n acumulada supera el 60%.<\/h3>\n<h3>El pasado viernes 28 de junio el gremio judicial realiz\u00f3 asambleas en las tres circunscripciones y como resultado aprob\u00f3 la movilizaci\u00f3n de este mi\u00e9rcoles con tres horas de cese de actividades. El plan de lucha incluy\u00f3:<\/h3>\n<ul>\n<li>\n<h3>Continuar con el Cese de Actividades de DOS HORAS en horario de oficina, en las tres Circunscripciones Judiciales, asegurando una guardia m\u00ednima en caso de adhesi\u00f3n total, donde se garantizar\u00e1n los actos procesales y prove\u00eddos solamente habilitados y comprendidos en el Art\u00edculo 20 de la Ley Org\u00e1nica de Administraci\u00f3n de Justicia (LOAJ). Con quita de colaboraci\u00f3n posterior a las 14 horas y en d\u00edas y horas inh\u00e1biles.<\/h3>\n<\/li>\n<li>\n<h3>Continuar con la SUSPENSI\u00d3N de la medida relacionada con proveer solo escritos habilitados y comprendidos en el Art\u00edculo 20 de la Ley Org\u00e1nica de Administraci\u00f3n de Justicia (LOAJ), durante el horario de oficina y de prestaci\u00f3n de servicio, llevando a cabo todas las actividades de manera normal.<\/h3>\n<\/li>\n<li>\n<h3>Durante el receso judicial (Feria judicial), se trabajar\u00e1 con horario normal, y se proveer\u00e1n solo escritos habilitados y comprendidos en el Art\u00edculo 20 de la Ley Org\u00e1nica de Administraci\u00f3n de Justicia (LOAJ), durante el horario de oficina y de prestaci\u00f3n de servicio, y con quita de colaboraci\u00f3n posterior a las 13:00 horas.<\/h3>\n<\/li>\n<\/ul>\n<h3><img decoding=\"async\" class=\"wp-image-18713 aligncenter\" src=\"https:\/\/apuntesdesanluis.com\/wp-content\/uploads\/2024\/07\/Judiciales.marcha-1-169x300.jpg\" alt=\"\" width=\"444\" height=\"788\" srcset=\"https:\/\/apuntesdesanluis.com\/wp-content\/uploads\/2024\/07\/Judiciales.marcha-1-169x300.jpg 169w, https:\/\/apuntesdesanluis.com\/wp-content\/uploads\/2024\/07\/Judiciales.marcha-1-576x1024.jpg 576w, https:\/\/apuntesdesanluis.com\/wp-content\/uploads\/2024\/07\/Judiciales.marcha-1.jpg 600w\" sizes=\"(max-width: 444px) 100vw, 444px\" \/><\/h3>\n<h3><strong>RECLAMO<\/strong><\/h3>\n<h3>La Asociaci\u00f3n de Profesionales y T\u00e9cnicos de la Salud (APTS) junto al Sindicato de Empleados Provinciales (SIEP), el Sindicato de Judiciales Puntanos (SiJuPu) y la Uni\u00f3n de Trabajadores de la Educaci\u00f3n Provincial (UTEP-SL), presentaron a fines de junio un nuevo pedido al gobernador de la provincia, CPN Claudio Poggi, solicitando la\u201d urgente implementaci\u00f3n de pol\u00edticas concretas que recompongan los salarios de los y las trabajadoras estatales\u201d.<\/h3>\n<h3>\u201cAnte el escaso aumento del 15% otorgado luego de 6 meses de congelamiento salarial, y con salarios que est\u00e1n por debajo de la l\u00ednea de pobreza, e incluso de indigencia, consideramos imprescindible una recomposici\u00f3n salarial urgente y sustancial\u201d, expresaron.<\/h3>\n<h3>\u201cEsperamos que esta solicitud sea atendida con la urgencia que la situaci\u00f3n amerita y quedamos a disposici\u00f3n para establecer los mecanismos de di\u00e1logo y trabajo necesarios para alcanzar una soluci\u00f3n justa y equitativa\u201d, concluye el pedido, que a\u00fan no tuvo respuesta.<\/h3>\n<p>&nbsp;<\/p>\n<p>&nbsp;<\/p>\n<p>&nbsp;<\/p>\n","protected":false},"excerpt":{"rendered":"<p>Como parte del plan de lucha que comenz\u00f3 el 6 de mayo, los trabajadores del&#8230;<\/p>\n","protected":false},"author":1,"featured_media":18711,"comment_status":"closed","ping_status":"closed","sticky":false,"template":"","format":"standard","meta":{"footnotes":""},"categories":[6],"tags":[],"class_list":["post-18705","post","type-post","status-publish","format-standard","has-post-thumbnail","hentry","category-ciudad-provincia"],"yoast_head":"<!-- This site is optimized with the Yoast SEO plugin v26.1.1 - https:\/\/yoast.com\/wordpress\/plugins\/seo\/ -->\n<title>LOS JUDICIALES SE MOVILIZAN CON LA ADHESI\u00d3N DE T\u00c9CNICOS Y PROFESIONALES DE LA SALUD - Apuntes de San Luis<\/title>\n<meta name=\"robots\" content=\"index, follow, max-snippet:-1, max-image-preview:large, max-video-preview:-1\" \/>\n<link rel=\"canonical\" href=\"https:\/\/apuntesdesanluis.com\/index.php\/2024\/07\/03\/los-judiciales-se-movilizan-con-la-adhesion-de-tecnicos-y-profesionales-de-la-salud\/\" \/>\n<meta property=\"og:locale\" content=\"es_ES\" \/>\n<meta property=\"og:type\" content=\"article\" \/>\n<meta property=\"og:title\" content=\"LOS JUDICIALES SE MOVILIZAN CON LA ADHESI\u00d3N DE T\u00c9CNICOS Y PROFESIONALES DE LA SALUD - Apuntes de San Luis\" \/>\n<meta property=\"og:description\" content=\"Como parte del plan de lucha que comenz\u00f3 el 6 de mayo, los trabajadores del...\" \/>\n<meta property=\"og:url\" content=\"https:\/\/apuntesdesanluis.com\/index.php\/2024\/07\/03\/los-judiciales-se-movilizan-con-la-adhesion-de-tecnicos-y-profesionales-de-la-salud\/\" \/>\n<meta property=\"og:site_name\" content=\"Apuntes de San Luis\" \/>\n<meta property=\"article:published_time\" content=\"2024-07-03T12:00:03+00:00\" \/>\n<meta property=\"article:modified_time\" content=\"2024-07-03T12:02:31+00:00\" \/>\n<meta property=\"og:image\" content=\"https:\/\/apuntesdesanluis.com\/wp-content\/uploads\/2024\/07\/movilizacion-judiciales.png\" \/>\n\t<meta property=\"og:image:width\" content=\"600\" \/>\n\t<meta property=\"og:image:height\" content=\"334\" \/>\n\t<meta property=\"og:image:type\" content=\"image\/png\" \/>\n<meta name=\"author\" content=\"apuntesdesanluis.com\" \/>\n<meta name=\"twitter:card\" content=\"summary_large_image\" \/>\n<meta name=\"twitter:label1\" content=\"Escrito por\" \/>\n\t<meta name=\"twitter:data1\" content=\"apuntesdesanluis.com\" \/>\n\t<meta name=\"twitter:label2\" content=\"Tiempo de lectura\" \/>\n\t<meta name=\"twitter:data2\" content=\"3 minutos\" \/>\n<script type=\"application\/ld+json\" class=\"yoast-schema-graph\">{\"@context\":\"https:\/\/schema.org\",\"@graph\":[{\"@type\":\"Article\",\"@id\":\"https:\/\/apuntesdesanluis.com\/index.php\/2024\/07\/03\/los-judiciales-se-movilizan-con-la-adhesion-de-tecnicos-y-profesionales-de-la-salud\/#article\",\"isPartOf\":{\"@id\":\"https:\/\/apuntesdesanluis.com\/index.php\/2024\/07\/03\/los-judiciales-se-movilizan-con-la-adhesion-de-tecnicos-y-profesionales-de-la-salud\/\"},\"author\":{\"name\":\"apuntesdesanluis.com\",\"@id\":\"https:\/\/apuntesdesanluis.com\/#\/schema\/person\/b55151d52296fcce64d1a72538a70b90\"},\"headline\":\"LOS JUDICIALES SE MOVILIZAN CON LA ADHESI\u00d3N DE T\u00c9CNICOS Y PROFESIONALES DE LA SALUD\",\"datePublished\":\"2024-07-03T12:00:03+00:00\",\"dateModified\":\"2024-07-03T12:02:31+00:00\",\"mainEntityOfPage\":{\"@id\":\"https:\/\/apuntesdesanluis.com\/index.php\/2024\/07\/03\/los-judiciales-se-movilizan-con-la-adhesion-de-tecnicos-y-profesionales-de-la-salud\/\"},\"wordCount\":533,\"publisher\":{\"@id\":\"https:\/\/apuntesdesanluis.com\/#\/schema\/person\/b55151d52296fcce64d1a72538a70b90\"},\"image\":{\"@id\":\"https:\/\/apuntesdesanluis.com\/index.php\/2024\/07\/03\/los-judiciales-se-movilizan-con-la-adhesion-de-tecnicos-y-profesionales-de-la-salud\/#primaryimage\"},\"thumbnailUrl\":\"https:\/\/apuntesdesanluis.com\/wp-content\/uploads\/2024\/07\/movilizacion-judiciales.png\",\"articleSection\":[\"Ciudad\/Provincia\"],\"inLanguage\":\"es-AR\"},{\"@type\":\"WebPage\",\"@id\":\"https:\/\/apuntesdesanluis.com\/index.php\/2024\/07\/03\/los-judiciales-se-movilizan-con-la-adhesion-de-tecnicos-y-profesionales-de-la-salud\/\",\"url\":\"https:\/\/apuntesdesanluis.com\/index.php\/2024\/07\/03\/los-judiciales-se-movilizan-con-la-adhesion-de-tecnicos-y-profesionales-de-la-salud\/\",\"name\":\"LOS JUDICIALES SE MOVILIZAN CON LA ADHESI\u00d3N DE T\u00c9CNICOS Y PROFESIONALES DE LA SALUD - Apuntes de San Luis\",\"isPartOf\":{\"@id\":\"https:\/\/apuntesdesanluis.com\/#website\"},\"primaryImageOfPage\":{\"@id\":\"https:\/\/apuntesdesanluis.com\/index.php\/2024\/07\/03\/los-judiciales-se-movilizan-con-la-adhesion-de-tecnicos-y-profesionales-de-la-salud\/#primaryimage\"},\"image\":{\"@id\":\"https:\/\/apuntesdesanluis.com\/index.php\/2024\/07\/03\/los-judiciales-se-movilizan-con-la-adhesion-de-tecnicos-y-profesionales-de-la-salud\/#primaryimage\"},\"thumbnailUrl\":\"https:\/\/apuntesdesanluis.com\/wp-content\/uploads\/2024\/07\/movilizacion-judiciales.png\",\"datePublished\":\"2024-07-03T12:00:03+00:00\",\"dateModified\":\"2024-07-03T12:02:31+00:00\",\"breadcrumb\":{\"@id\":\"https:\/\/apuntesdesanluis.com\/index.php\/2024\/07\/03\/los-judiciales-se-movilizan-con-la-adhesion-de-tecnicos-y-profesionales-de-la-salud\/#breadcrumb\"},\"inLanguage\":\"es-AR\",\"potentialAction\":[{\"@type\":\"ReadAction\",\"target\":[\"https:\/\/apuntesdesanluis.com\/index.php\/2024\/07\/03\/los-judiciales-se-movilizan-con-la-adhesion-de-tecnicos-y-profesionales-de-la-salud\/\"]}]},{\"@type\":\"ImageObject\",\"inLanguage\":\"es-AR\",\"@id\":\"https:\/\/apuntesdesanluis.com\/index.php\/2024\/07\/03\/los-judiciales-se-movilizan-con-la-adhesion-de-tecnicos-y-profesionales-de-la-salud\/#primaryimage\",\"url\":\"https:\/\/apuntesdesanluis.com\/wp-content\/uploads\/2024\/07\/movilizacion-judiciales.png\",\"contentUrl\":\"https:\/\/apuntesdesanluis.com\/wp-content\/uploads\/2024\/07\/movilizacion-judiciales.png\",\"width\":600,\"height\":334},{\"@type\":\"BreadcrumbList\",\"@id\":\"https:\/\/apuntesdesanluis.com\/index.php\/2024\/07\/03\/los-judiciales-se-movilizan-con-la-adhesion-de-tecnicos-y-profesionales-de-la-salud\/#breadcrumb\",\"itemListElement\":[{\"@type\":\"ListItem\",\"position\":1,\"name\":\"Inicio\",\"item\":\"https:\/\/apuntesdesanluis.com\/\"},{\"@type\":\"ListItem\",\"position\":2,\"name\":\"LOS JUDICIALES SE MOVILIZAN CON LA ADHESI\u00d3N DE T\u00c9CNICOS Y PROFESIONALES DE LA SALUD\"}]},{\"@type\":\"WebSite\",\"@id\":\"https:\/\/apuntesdesanluis.com\/#website\",\"url\":\"https:\/\/apuntesdesanluis.com\/\",\"name\":\"Apuntes de San Luis\",\"description\":\"\",\"publisher\":{\"@id\":\"https:\/\/apuntesdesanluis.com\/#\/schema\/person\/b55151d52296fcce64d1a72538a70b90\"},\"potentialAction\":[{\"@type\":\"SearchAction\",\"target\":{\"@type\":\"EntryPoint\",\"urlTemplate\":\"https:\/\/apuntesdesanluis.com\/?s={search_term_string}\"},\"query-input\":{\"@type\":\"PropertyValueSpecification\",\"valueRequired\":true,\"valueName\":\"search_term_string\"}}],\"inLanguage\":\"es-AR\"},{\"@type\":[\"Person\",\"Organization\"],\"@id\":\"https:\/\/apuntesdesanluis.com\/#\/schema\/person\/b55151d52296fcce64d1a72538a70b90\",\"name\":\"apuntesdesanluis.com\",\"image\":{\"@type\":\"ImageObject\",\"inLanguage\":\"es-AR\",\"@id\":\"https:\/\/apuntesdesanluis.com\/#\/schema\/person\/image\/\",\"url\":\"https:\/\/apuntesdesanluis.com\/wp-content\/uploads\/2023\/07\/cropped-apuntesdesanluis.png\",\"contentUrl\":\"https:\/\/apuntesdesanluis.com\/wp-content\/uploads\/2023\/07\/cropped-apuntesdesanluis.png\",\"width\":450,\"height\":112,\"caption\":\"apuntesdesanluis.com\"},\"logo\":{\"@id\":\"https:\/\/apuntesdesanluis.com\/#\/schema\/person\/image\/\"},\"sameAs\":[\"https:\/\/apuntesdesanluis.com\"],\"url\":\"https:\/\/apuntesdesanluis.com\/index.php\/author\/apuntesdesanluis-com\/\"}]}<\/script>\n<!-- \/ Yoast SEO plugin. -->","yoast_head_json":{"title":"LOS JUDICIALES SE MOVILIZAN CON LA ADHESI\u00d3N DE T\u00c9CNICOS Y PROFESIONALES DE LA SALUD - Apuntes de San Luis","robots":{"index":"index","follow":"follow","max-snippet":"max-snippet:-1","max-image-preview":"max-image-preview:large","max-video-preview":"max-video-preview:-1"},"canonical":"https:\/\/apuntesdesanluis.com\/index.php\/2024\/07\/03\/los-judiciales-se-movilizan-con-la-adhesion-de-tecnicos-y-profesionales-de-la-salud\/","og_locale":"es_ES","og_type":"article","og_title":"LOS JUDICIALES SE MOVILIZAN CON LA ADHESI\u00d3N DE T\u00c9CNICOS Y PROFESIONALES DE LA SALUD - Apuntes de San Luis","og_description":"Como parte del plan de lucha que comenz\u00f3 el 6 de mayo, los trabajadores del...","og_url":"https:\/\/apuntesdesanluis.com\/index.php\/2024\/07\/03\/los-judiciales-se-movilizan-con-la-adhesion-de-tecnicos-y-profesionales-de-la-salud\/","og_site_name":"Apuntes de San Luis","article_published_time":"2024-07-03T12:00:03+00:00","article_modified_time":"2024-07-03T12:02:31+00:00","og_image":[{"width":600,"height":334,"url":"https:\/\/apuntesdesanluis.com\/wp-content\/uploads\/2024\/07\/movilizacion-judiciales.png","type":"image\/png"}],"author":"apuntesdesanluis.com","twitter_card":"summary_large_image","twitter_misc":{"Escrito por":"apuntesdesanluis.com","Tiempo de lectura":"3 minutos"},"schema":{"@context":"https:\/\/schema.org","@graph":[{"@type":"Article","@id":"https:\/\/apuntesdesanluis.com\/index.php\/2024\/07\/03\/los-judiciales-se-movilizan-con-la-adhesion-de-tecnicos-y-profesionales-de-la-salud\/#article","isPartOf":{"@id":"https:\/\/apuntesdesanluis.com\/index.php\/2024\/07\/03\/los-judiciales-se-movilizan-con-la-adhesion-de-tecnicos-y-profesionales-de-la-salud\/"},"author":{"name":"apuntesdesanluis.com","@id":"https:\/\/apuntesdesanluis.com\/#\/schema\/person\/b55151d52296fcce64d1a72538a70b90"},"headline":"LOS JUDICIALES SE MOVILIZAN CON LA ADHESI\u00d3N DE T\u00c9CNICOS Y PROFESIONALES DE LA SALUD","datePublished":"2024-07-03T12:00:03+00:00","dateModified":"2024-07-03T12:02:31+00:00","mainEntityOfPage":{"@id":"https:\/\/apuntesdesanluis.com\/index.php\/2024\/07\/03\/los-judiciales-se-movilizan-con-la-adhesion-de-tecnicos-y-profesionales-de-la-salud\/"},"wordCount":533,"publisher":{"@id":"https:\/\/apuntesdesanluis.com\/#\/schema\/person\/b55151d52296fcce64d1a72538a70b90"},"image":{"@id":"https:\/\/apuntesdesanluis.com\/index.php\/2024\/07\/03\/los-judiciales-se-movilizan-con-la-adhesion-de-tecnicos-y-profesionales-de-la-salud\/#primaryimage"},"thumbnailUrl":"https:\/\/apuntesdesanluis.com\/wp-content\/uploads\/2024\/07\/movilizacion-judiciales.png","articleSection":["Ciudad\/Provincia"],"inLanguage":"es-AR"},{"@type":"WebPage","@id":"https:\/\/apuntesdesanluis.com\/index.php\/2024\/07\/03\/los-judiciales-se-movilizan-con-la-adhesion-de-tecnicos-y-profesionales-de-la-salud\/","url":"https:\/\/apuntesdesanluis.com\/index.php\/2024\/07\/03\/los-judiciales-se-movilizan-con-la-adhesion-de-tecnicos-y-profesionales-de-la-salud\/","name":"LOS JUDICIALES SE MOVILIZAN CON LA ADHESI\u00d3N DE T\u00c9CNICOS Y PROFESIONALES DE LA SALUD - Apuntes de San Luis","isPartOf":{"@id":"https:\/\/apuntesdesanluis.com\/#website"},"primaryImageOfPage":{"@id":"https:\/\/apuntesdesanluis.com\/index.php\/2024\/07\/03\/los-judiciales-se-movilizan-con-la-adhesion-de-tecnicos-y-profesionales-de-la-salud\/#primaryimage"},"image":{"@id":"https:\/\/apuntesdesanluis.com\/index.php\/2024\/07\/03\/los-judiciales-se-movilizan-con-la-adhesion-de-tecnicos-y-profesionales-de-la-salud\/#primaryimage"},"thumbnailUrl":"https:\/\/apuntesdesanluis.com\/wp-content\/uploads\/2024\/07\/movilizacion-judiciales.png","datePublished":"2024-07-03T12:00:03+00:00","dateModified":"2024-07-03T12:02:31+00:00","breadcrumb":{"@id":"https:\/\/apuntesdesanluis.com\/index.php\/2024\/07\/03\/los-judiciales-se-movilizan-con-la-adhesion-de-tecnicos-y-profesionales-de-la-salud\/#breadcrumb"},"inLanguage":"es-AR","potentialAction":[{"@type":"ReadAction","target":["https:\/\/apuntesdesanluis.com\/index.php\/2024\/07\/03\/los-judiciales-se-movilizan-con-la-adhesion-de-tecnicos-y-profesionales-de-la-salud\/"]}]},{"@type":"ImageObject","inLanguage":"es-AR","@id":"https:\/\/apuntesdesanluis.com\/index.php\/2024\/07\/03\/los-judiciales-se-movilizan-con-la-adhesion-de-tecnicos-y-profesionales-de-la-salud\/#primaryimage","url":"https:\/\/apuntesdesanluis.com\/wp-content\/uploads\/2024\/07\/movilizacion-judiciales.png","contentUrl":"https:\/\/apuntesdesanluis.com\/wp-content\/uploads\/2024\/07\/movilizacion-judiciales.png","width":600,"height":334},{"@type":"BreadcrumbList","@id":"https:\/\/apuntesdesanluis.com\/index.php\/2024\/07\/03\/los-judiciales-se-movilizan-con-la-adhesion-de-tecnicos-y-profesionales-de-la-salud\/#breadcrumb","itemListElement":[{"@type":"ListItem","position":1,"name":"Inicio","item":"https:\/\/apuntesdesanluis.com\/"},{"@type":"ListItem","position":2,"name":"LOS JUDICIALES SE MOVILIZAN CON LA ADHESI\u00d3N DE T\u00c9CNICOS Y PROFESIONALES DE LA SALUD"}]},{"@type":"WebSite","@id":"https:\/\/apuntesdesanluis.com\/#website","url":"https:\/\/apuntesdesanluis.com\/","name":"Apuntes de San Luis","description":"","publisher":{"@id":"https:\/\/apuntesdesanluis.com\/#\/schema\/person\/b55151d52296fcce64d1a72538a70b90"},"potentialAction":[{"@type":"SearchAction","target":{"@type":"EntryPoint","urlTemplate":"https:\/\/apuntesdesanluis.com\/?s={search_term_string}"},"query-input":{"@type":"PropertyValueSpecification","valueRequired":true,"valueName":"search_term_string"}}],"inLanguage":"es-AR"},{"@type":["Person","Organization"],"@id":"https:\/\/apuntesdesanluis.com\/#\/schema\/person\/b55151d52296fcce64d1a72538a70b90","name":"apuntesdesanluis.com","image":{"@type":"ImageObject","inLanguage":"es-AR","@id":"https:\/\/apuntesdesanluis.com\/#\/schema\/person\/image\/","url":"https:\/\/apuntesdesanluis.com\/wp-content\/uploads\/2023\/07\/cropped-apuntesdesanluis.png","contentUrl":"https:\/\/apuntesdesanluis.com\/wp-content\/uploads\/2023\/07\/cropped-apuntesdesanluis.png","width":450,"height":112,"caption":"apuntesdesanluis.com"},"logo":{"@id":"https:\/\/apuntesdesanluis.com\/#\/schema\/person\/image\/"},"sameAs":["https:\/\/apuntesdesanluis.com"],"url":"https:\/\/apuntesdesanluis.com\/index.php\/author\/apuntesdesanluis-com\/"}]}},"featured_image_urls":{"full":["https:\/\/apuntesdesanluis.com\/wp-content\/uploads\/2024\/07\/movilizacion-judiciales.png",600,334,false],"thumbnail":["https:\/\/apuntesdesanluis.com\/wp-content\/uploads\/2024\/07\/movilizacion-judiciales-150x150.png",150,150,true],"medium":["https:\/\/apuntesdesanluis.com\/wp-content\/uploads\/2024\/07\/movilizacion-judiciales-300x167.png",300,167,true],"medium_large":["https:\/\/apuntesdesanluis.com\/wp-content\/uploads\/2024\/07\/movilizacion-judiciales.png",600,334,false],"large":["https:\/\/apuntesdesanluis.com\/wp-content\/uploads\/2024\/07\/movilizacion-judiciales.png",600,334,false],"1536x1536":["https:\/\/apuntesdesanluis.com\/wp-content\/uploads\/2024\/07\/movilizacion-judiciales.png",600,334,false],"2048x2048":["https:\/\/apuntesdesanluis.com\/wp-content\/uploads\/2024\/07\/movilizacion-judiciales.png",600,334,false],"newsever-slider-full":["https:\/\/apuntesdesanluis.com\/wp-content\/uploads\/2024\/07\/movilizacion-judiciales.png",600,334,false],"newsever-featured":["https:\/\/apuntesdesanluis.com\/wp-content\/uploads\/2024\/07\/movilizacion-judiciales.png",600,334,false],"newsever-medium":["https:\/\/apuntesdesanluis.com\/wp-content\/uploads\/2024\/07\/movilizacion-judiciales.png",600,334,false]},"author_info":{"display_name":"apuntesdesanluis.com","author_link":"https:\/\/apuntesdesanluis.com\/index.php\/author\/apuntesdesanluis-com\/"},"category_info":"<a href=\"https:\/\/apuntesdesanluis.com\/index.php\/category\/ciudad-provincia\/\" rel=\"category tag\">Ciudad\/Provincia<\/a>","tag_info":"Ciudad\/Provincia","comment_count":"0","_links":{"self":[{"href":"https:\/\/apuntesdesanluis.com\/index.php\/wp-json\/wp\/v2\/posts\/18705","targetHints":{"allow":["GET"]}}],"collection":[{"href":"https:\/\/apuntesdesanluis.com\/index.php\/wp-json\/wp\/v2\/posts"}],"about":[{"href":"https:\/\/apuntesdesanluis.com\/index.php\/wp-json\/wp\/v2\/types\/post"}],"author":[{"embeddable":true,"href":"https:\/\/apuntesdesanluis.com\/index.php\/wp-json\/wp\/v2\/users\/1"}],"replies":[{"embeddable":true,"href":"https:\/\/apuntesdesanluis.com\/index.php\/wp-json\/wp\/v2\/comments?post=18705"}],"version-history":[{"count":3,"href":"https:\/\/apuntesdesanluis.com\/index.php\/wp-json\/wp\/v2\/posts\/18705\/revisions"}],"predecessor-version":[{"id":18715,"href":"https:\/\/apuntesdesanluis.com\/index.php\/wp-json\/wp\/v2\/posts\/18705\/revisions\/18715"}],"wp:featuredmedia":[{"embeddable":true,"href":"https:\/\/apuntesdesanluis.com\/index.php\/wp-json\/wp\/v2\/media\/18711"}],"wp:attachment":[{"href":"https:\/\/apuntesdesanluis.com\/index.php\/wp-json\/wp\/v2\/media?parent=18705"}],"wp:term":[{"taxonomy":"category","embeddable":true,"href":"https:\/\/apuntesdesanluis.com\/index.php\/wp-json\/wp\/v2\/categories?post=18705"},{"taxonomy":"post_tag","embeddable":true,"href":"https:\/\/apuntesdesanluis.com\/index.php\/wp-json\/wp\/v2\/tags?post=18705"}],"curies":[{"name":"wp","href":"https:\/\/api.w.org\/{rel}","templated":true}]}}