{"id":18716,"date":"2024-07-03T13:22:53","date_gmt":"2024-07-03T16:22:53","guid":{"rendered":"https:\/\/apuntesdesanluis.com\/?p=18716"},"modified":"2024-07-03T13:23:52","modified_gmt":"2024-07-03T16:23:52","slug":"el-gobierno-actualizo-los-10-puntos-del-pacto-de-mayo-incluyo-la-educacion-como-habia-pedido-la-oposicion","status":"publish","type":"post","link":"https:\/\/apuntesdesanluis.com\/index.php\/2024\/07\/03\/el-gobierno-actualizo-los-10-puntos-del-pacto-de-mayo-incluyo-la-educacion-como-habia-pedido-la-oposicion\/","title":{"rendered":"EL GOBIERNO ACTUALIZ\u00d3 LOS 10 PUNTOS DEL PACTO DE MAYO: INCLUY\u00d3 LA EDUCACI\u00d3N COMO HAB\u00cdA PEDIDO LA OPOSICI\u00d3N"},"content":{"rendered":"<h3>El Gobierno difundi\u00f3 esta ma\u00f1ana la actualizaci\u00f3n del contenido del Pacto de Mayo e incluy\u00f3 entre los diez puntos la educaci\u00f3n, un reclamo que hab\u00eda presentado la oposici\u00f3n, frente a la versi\u00f3n original que el presidente Javier Milei present\u00f3 ante la Asamblea Legislativa en marzo pasado.<\/h3>\n<h3>En concreto, nueve de los diez \u00edtems se mantienen iguales, pero se incorpora en el punto 4 \u201cUna educaci\u00f3n inicial, primaria y secundaria \u00fatil y moderna, con alfabetizaci\u00f3n plena y sin abandono escolar\u201d, una decisi\u00f3n que fue anticipada por Infobae la semana pasada. Reemplaz\u00f3 al art\u00edculo 9 que inicialmente establec\u00eda \u201cUna reforma pol\u00edtica estructural, que modifique el sistema actual y vuelva a alinear los intereses de los representantes y los representados\u201d.<\/h3>\n<h3>Este texto, que fue difundido esta ma\u00f1ana por el vocero presidencial Manuel Adorni, es el que se presentar\u00e1 en la vigilia del 8 al 9 de Julio en Tucum\u00e1n, en el marco de la celebraci\u00f3n por el D\u00eda de la Independencia. All\u00ed, Milei, gobernadores, ex presidentes y otros referentes nacionales, firmar\u00e1n el Pacto de Mayo que propuso el jefe de Estado.<\/h3>\n<h3>El texto completo del acuerdo qued\u00f3 del siguiente modo:<\/h3>\n<h3><strong>Pacto de Mayo<\/strong><\/h3>\n<h3>1. La inviolabilidad de la propiedad privada.<\/h3>\n<h3>2. El equilibrio fiscal innegociable.<\/h3>\n<h3>3. La reducci\u00f3n del gasto p\u00fablico a niveles hist\u00f3ricos, en torno al 25% del Producto Bruto Interno.<\/h3>\n<h3>4. Una educaci\u00f3n inicial, primaria y secundaria \u00fatil y moderna, con alfabetizaci\u00f3n plena y sin abandono escolar.<\/h3>\n<h3>5. Una reforma tributaria que reduzca la presi\u00f3n impositiva, simplifique la vida de los argentinos promueva el comercio.<\/h3>\n<h3>6. La rediscusi\u00f3n de la coparticipaci\u00f3n federal de impuestos para terminar para siempre con el modelo extorsivo actual que padecen las provincias.<\/h3>\n<h3>7. El compromiso de las provincias argentinas de avanzar en la explotaci\u00f3n de los recursos naturales del pa\u00eds.<\/h3>\n<h3>8. Una reforma laboral moderna que promueva el trabajo formal.<\/h3>\n<h3>9. Una reforma previsional que le d\u00e9 sostenibilidad al sistema y respete a quienes aportaron.<\/h3>\n<h3>10. La apertura al comercio internacional, de manera que la Argentina vuelva a ser protagonista del mercado global.<\/h3>\n<p>&nbsp;<\/p>\n<p>&nbsp;<\/p>\n<h3><\/h3>\n<h3><\/h3>\n<h3><\/h3>\n<h3><\/h3>\n","protected":false},"excerpt":{"rendered":"<p>El Gobierno difundi\u00f3 esta ma\u00f1ana la actualizaci\u00f3n del contenido del Pacto de Mayo e incluy\u00f3&#8230;<\/p>\n","protected":false},"author":1,"featured_media":13199,"comment_status":"closed","ping_status":"closed","sticky":false,"template":"","format":"standard","meta":{"footnotes":""},"categories":[5],"tags":[],"class_list":["post-18716","post","type-post","status-publish","format-standard","has-post-thumbnail","hentry","category-nacionales-internacionales"],"yoast_head":"<!-- This site is optimized with the Yoast SEO plugin v26.1.1 - https:\/\/yoast.com\/wordpress\/plugins\/seo\/ -->\n<title>EL GOBIERNO ACTUALIZ\u00d3 LOS 10 PUNTOS DEL PACTO DE MAYO: INCLUY\u00d3 LA EDUCACI\u00d3N COMO HAB\u00cdA PEDIDO LA OPOSICI\u00d3N - Apuntes de San Luis<\/title>\n<meta name=\"robots\" content=\"index, follow, max-snippet:-1, max-image-preview:large, max-video-preview:-1\" \/>\n<link rel=\"canonical\" href=\"https:\/\/apuntesdesanluis.com\/index.php\/2024\/07\/03\/el-gobierno-actualizo-los-10-puntos-del-pacto-de-mayo-incluyo-la-educacion-como-habia-pedido-la-oposicion\/\" \/>\n<meta property=\"og:locale\" content=\"es_ES\" \/>\n<meta property=\"og:type\" content=\"article\" \/>\n<meta property=\"og:title\" content=\"EL GOBIERNO ACTUALIZ\u00d3 LOS 10 PUNTOS DEL PACTO DE MAYO: INCLUY\u00d3 LA EDUCACI\u00d3N COMO HAB\u00cdA PEDIDO LA OPOSICI\u00d3N - Apuntes de San Luis\" \/>\n<meta property=\"og:description\" content=\"El Gobierno difundi\u00f3 esta ma\u00f1ana la actualizaci\u00f3n del contenido del Pacto de Mayo e incluy\u00f3...\" \/>\n<meta property=\"og:url\" content=\"https:\/\/apuntesdesanluis.com\/index.php\/2024\/07\/03\/el-gobierno-actualizo-los-10-puntos-del-pacto-de-mayo-incluyo-la-educacion-como-habia-pedido-la-oposicion\/\" \/>\n<meta property=\"og:site_name\" content=\"Apuntes de San Luis\" \/>\n<meta property=\"article:published_time\" content=\"2024-07-03T16:22:53+00:00\" \/>\n<meta property=\"article:modified_time\" content=\"2024-07-03T16:23:52+00:00\" \/>\n<meta property=\"og:image\" content=\"https:\/\/apuntesdesanluis.com\/wp-content\/uploads\/2024\/03\/milei-5.png\" \/>\n\t<meta property=\"og:image:width\" content=\"619\" \/>\n\t<meta property=\"og:image:height\" content=\"365\" \/>\n\t<meta property=\"og:image:type\" content=\"image\/png\" \/>\n<meta name=\"author\" content=\"apuntesdesanluis.com\" \/>\n<meta name=\"twitter:card\" content=\"summary_large_image\" \/>\n<meta name=\"twitter:label1\" content=\"Escrito por\" \/>\n\t<meta name=\"twitter:data1\" content=\"apuntesdesanluis.com\" \/>\n\t<meta name=\"twitter:label2\" content=\"Tiempo de lectura\" \/>\n\t<meta name=\"twitter:data2\" content=\"2 minutos\" \/>\n<script type=\"application\/ld+json\" class=\"yoast-schema-graph\">{\"@context\":\"https:\/\/schema.org\",\"@graph\":[{\"@type\":\"Article\",\"@id\":\"https:\/\/apuntesdesanluis.com\/index.php\/2024\/07\/03\/el-gobierno-actualizo-los-10-puntos-del-pacto-de-mayo-incluyo-la-educacion-como-habia-pedido-la-oposicion\/#article\",\"isPartOf\":{\"@id\":\"https:\/\/apuntesdesanluis.com\/index.php\/2024\/07\/03\/el-gobierno-actualizo-los-10-puntos-del-pacto-de-mayo-incluyo-la-educacion-como-habia-pedido-la-oposicion\/\"},\"author\":{\"name\":\"apuntesdesanluis.com\",\"@id\":\"https:\/\/apuntesdesanluis.com\/#\/schema\/person\/b55151d52296fcce64d1a72538a70b90\"},\"headline\":\"EL GOBIERNO ACTUALIZ\u00d3 LOS 10 PUNTOS DEL PACTO DE MAYO: INCLUY\u00d3 LA EDUCACI\u00d3N COMO HAB\u00cdA PEDIDO LA OPOSICI\u00d3N\",\"datePublished\":\"2024-07-03T16:22:53+00:00\",\"dateModified\":\"2024-07-03T16:23:52+00:00\",\"mainEntityOfPage\":{\"@id\":\"https:\/\/apuntesdesanluis.com\/index.php\/2024\/07\/03\/el-gobierno-actualizo-los-10-puntos-del-pacto-de-mayo-incluyo-la-educacion-como-habia-pedido-la-oposicion\/\"},\"wordCount\":371,\"publisher\":{\"@id\":\"https:\/\/apuntesdesanluis.com\/#\/schema\/person\/b55151d52296fcce64d1a72538a70b90\"},\"image\":{\"@id\":\"https:\/\/apuntesdesanluis.com\/index.php\/2024\/07\/03\/el-gobierno-actualizo-los-10-puntos-del-pacto-de-mayo-incluyo-la-educacion-como-habia-pedido-la-oposicion\/#primaryimage\"},\"thumbnailUrl\":\"https:\/\/apuntesdesanluis.com\/wp-content\/uploads\/2024\/03\/milei-5.png\",\"articleSection\":[\"Nacionales\/Internacionales\"],\"inLanguage\":\"es-AR\"},{\"@type\":\"WebPage\",\"@id\":\"https:\/\/apuntesdesanluis.com\/index.php\/2024\/07\/03\/el-gobierno-actualizo-los-10-puntos-del-pacto-de-mayo-incluyo-la-educacion-como-habia-pedido-la-oposicion\/\",\"url\":\"https:\/\/apuntesdesanluis.com\/index.php\/2024\/07\/03\/el-gobierno-actualizo-los-10-puntos-del-pacto-de-mayo-incluyo-la-educacion-como-habia-pedido-la-oposicion\/\",\"name\":\"EL GOBIERNO ACTUALIZ\u00d3 LOS 10 PUNTOS DEL PACTO DE MAYO: INCLUY\u00d3 LA EDUCACI\u00d3N COMO HAB\u00cdA PEDIDO LA OPOSICI\u00d3N - Apuntes de San Luis\",\"isPartOf\":{\"@id\":\"https:\/\/apuntesdesanluis.com\/#website\"},\"primaryImageOfPage\":{\"@id\":\"https:\/\/apuntesdesanluis.com\/index.php\/2024\/07\/03\/el-gobierno-actualizo-los-10-puntos-del-pacto-de-mayo-incluyo-la-educacion-como-habia-pedido-la-oposicion\/#primaryimage\"},\"image\":{\"@id\":\"https:\/\/apuntesdesanluis.com\/index.php\/2024\/07\/03\/el-gobierno-actualizo-los-10-puntos-del-pacto-de-mayo-incluyo-la-educacion-como-habia-pedido-la-oposicion\/#primaryimage\"},\"thumbnailUrl\":\"https:\/\/apuntesdesanluis.com\/wp-content\/uploads\/2024\/03\/milei-5.png\",\"datePublished\":\"2024-07-03T16:22:53+00:00\",\"dateModified\":\"2024-07-03T16:23:52+00:00\",\"breadcrumb\":{\"@id\":\"https:\/\/apuntesdesanluis.com\/index.php\/2024\/07\/03\/el-gobierno-actualizo-los-10-puntos-del-pacto-de-mayo-incluyo-la-educacion-como-habia-pedido-la-oposicion\/#breadcrumb\"},\"inLanguage\":\"es-AR\",\"potentialAction\":[{\"@type\":\"ReadAction\",\"target\":[\"https:\/\/apuntesdesanluis.com\/index.php\/2024\/07\/03\/el-gobierno-actualizo-los-10-puntos-del-pacto-de-mayo-incluyo-la-educacion-como-habia-pedido-la-oposicion\/\"]}]},{\"@type\":\"ImageObject\",\"inLanguage\":\"es-AR\",\"@id\":\"https:\/\/apuntesdesanluis.com\/index.php\/2024\/07\/03\/el-gobierno-actualizo-los-10-puntos-del-pacto-de-mayo-incluyo-la-educacion-como-habia-pedido-la-oposicion\/#primaryimage\",\"url\":\"https:\/\/apuntesdesanluis.com\/wp-content\/uploads\/2024\/03\/milei-5.png\",\"contentUrl\":\"https:\/\/apuntesdesanluis.com\/wp-content\/uploads\/2024\/03\/milei-5.png\",\"width\":619,\"height\":365},{\"@type\":\"BreadcrumbList\",\"@id\":\"https:\/\/apuntesdesanluis.com\/index.php\/2024\/07\/03\/el-gobierno-actualizo-los-10-puntos-del-pacto-de-mayo-incluyo-la-educacion-como-habia-pedido-la-oposicion\/#breadcrumb\",\"itemListElement\":[{\"@type\":\"ListItem\",\"position\":1,\"name\":\"Inicio\",\"item\":\"https:\/\/apuntesdesanluis.com\/\"},{\"@type\":\"ListItem\",\"position\":2,\"name\":\"EL GOBIERNO ACTUALIZ\u00d3 LOS 10 PUNTOS DEL PACTO DE MAYO: INCLUY\u00d3 LA EDUCACI\u00d3N COMO HAB\u00cdA PEDIDO LA OPOSICI\u00d3N\"}]},{\"@type\":\"WebSite\",\"@id\":\"https:\/\/apuntesdesanluis.com\/#website\",\"url\":\"https:\/\/apuntesdesanluis.com\/\",\"name\":\"Apuntes de San Luis\",\"description\":\"\",\"publisher\":{\"@id\":\"https:\/\/apuntesdesanluis.com\/#\/schema\/person\/b55151d52296fcce64d1a72538a70b90\"},\"potentialAction\":[{\"@type\":\"SearchAction\",\"target\":{\"@type\":\"EntryPoint\",\"urlTemplate\":\"https:\/\/apuntesdesanluis.com\/?s={search_term_string}\"},\"query-input\":{\"@type\":\"PropertyValueSpecification\",\"valueRequired\":true,\"valueName\":\"search_term_string\"}}],\"inLanguage\":\"es-AR\"},{\"@type\":[\"Person\",\"Organization\"],\"@id\":\"https:\/\/apuntesdesanluis.com\/#\/schema\/person\/b55151d52296fcce64d1a72538a70b90\",\"name\":\"apuntesdesanluis.com\",\"image\":{\"@type\":\"ImageObject\",\"inLanguage\":\"es-AR\",\"@id\":\"https:\/\/apuntesdesanluis.com\/#\/schema\/person\/image\/\",\"url\":\"https:\/\/apuntesdesanluis.com\/wp-content\/uploads\/2023\/07\/cropped-apuntesdesanluis.png\",\"contentUrl\":\"https:\/\/apuntesdesanluis.com\/wp-content\/uploads\/2023\/07\/cropped-apuntesdesanluis.png\",\"width\":450,\"height\":112,\"caption\":\"apuntesdesanluis.com\"},\"logo\":{\"@id\":\"https:\/\/apuntesdesanluis.com\/#\/schema\/person\/image\/\"},\"sameAs\":[\"https:\/\/apuntesdesanluis.com\"],\"url\":\"https:\/\/apuntesdesanluis.com\/index.php\/author\/apuntesdesanluis-com\/\"}]}<\/script>\n<!-- \/ Yoast SEO plugin. -->","yoast_head_json":{"title":"EL GOBIERNO ACTUALIZ\u00d3 LOS 10 PUNTOS DEL PACTO DE MAYO: INCLUY\u00d3 LA EDUCACI\u00d3N COMO HAB\u00cdA PEDIDO LA OPOSICI\u00d3N - Apuntes de San Luis","robots":{"index":"index","follow":"follow","max-snippet":"max-snippet:-1","max-image-preview":"max-image-preview:large","max-video-preview":"max-video-preview:-1"},"canonical":"https:\/\/apuntesdesanluis.com\/index.php\/2024\/07\/03\/el-gobierno-actualizo-los-10-puntos-del-pacto-de-mayo-incluyo-la-educacion-como-habia-pedido-la-oposicion\/","og_locale":"es_ES","og_type":"article","og_title":"EL GOBIERNO ACTUALIZ\u00d3 LOS 10 PUNTOS DEL PACTO DE MAYO: INCLUY\u00d3 LA EDUCACI\u00d3N COMO HAB\u00cdA PEDIDO LA OPOSICI\u00d3N - Apuntes de San Luis","og_description":"El Gobierno difundi\u00f3 esta ma\u00f1ana la actualizaci\u00f3n del contenido del Pacto de Mayo e incluy\u00f3...","og_url":"https:\/\/apuntesdesanluis.com\/index.php\/2024\/07\/03\/el-gobierno-actualizo-los-10-puntos-del-pacto-de-mayo-incluyo-la-educacion-como-habia-pedido-la-oposicion\/","og_site_name":"Apuntes de San Luis","article_published_time":"2024-07-03T16:22:53+00:00","article_modified_time":"2024-07-03T16:23:52+00:00","og_image":[{"width":619,"height":365,"url":"https:\/\/apuntesdesanluis.com\/wp-content\/uploads\/2024\/03\/milei-5.png","type":"image\/png"}],"author":"apuntesdesanluis.com","twitter_card":"summary_large_image","twitter_misc":{"Escrito por":"apuntesdesanluis.com","Tiempo de lectura":"2 minutos"},"schema":{"@context":"https:\/\/schema.org","@graph":[{"@type":"Article","@id":"https:\/\/apuntesdesanluis.com\/index.php\/2024\/07\/03\/el-gobierno-actualizo-los-10-puntos-del-pacto-de-mayo-incluyo-la-educacion-como-habia-pedido-la-oposicion\/#article","isPartOf":{"@id":"https:\/\/apuntesdesanluis.com\/index.php\/2024\/07\/03\/el-gobierno-actualizo-los-10-puntos-del-pacto-de-mayo-incluyo-la-educacion-como-habia-pedido-la-oposicion\/"},"author":{"name":"apuntesdesanluis.com","@id":"https:\/\/apuntesdesanluis.com\/#\/schema\/person\/b55151d52296fcce64d1a72538a70b90"},"headline":"EL GOBIERNO ACTUALIZ\u00d3 LOS 10 PUNTOS DEL PACTO DE MAYO: INCLUY\u00d3 LA EDUCACI\u00d3N COMO HAB\u00cdA PEDIDO LA OPOSICI\u00d3N","datePublished":"2024-07-03T16:22:53+00:00","dateModified":"2024-07-03T16:23:52+00:00","mainEntityOfPage":{"@id":"https:\/\/apuntesdesanluis.com\/index.php\/2024\/07\/03\/el-gobierno-actualizo-los-10-puntos-del-pacto-de-mayo-incluyo-la-educacion-como-habia-pedido-la-oposicion\/"},"wordCount":371,"publisher":{"@id":"https:\/\/apuntesdesanluis.com\/#\/schema\/person\/b55151d52296fcce64d1a72538a70b90"},"image":{"@id":"https:\/\/apuntesdesanluis.com\/index.php\/2024\/07\/03\/el-gobierno-actualizo-los-10-puntos-del-pacto-de-mayo-incluyo-la-educacion-como-habia-pedido-la-oposicion\/#primaryimage"},"thumbnailUrl":"https:\/\/apuntesdesanluis.com\/wp-content\/uploads\/2024\/03\/milei-5.png","articleSection":["Nacionales\/Internacionales"],"inLanguage":"es-AR"},{"@type":"WebPage","@id":"https:\/\/apuntesdesanluis.com\/index.php\/2024\/07\/03\/el-gobierno-actualizo-los-10-puntos-del-pacto-de-mayo-incluyo-la-educacion-como-habia-pedido-la-oposicion\/","url":"https:\/\/apuntesdesanluis.com\/index.php\/2024\/07\/03\/el-gobierno-actualizo-los-10-puntos-del-pacto-de-mayo-incluyo-la-educacion-como-habia-pedido-la-oposicion\/","name":"EL GOBIERNO ACTUALIZ\u00d3 LOS 10 PUNTOS DEL PACTO DE MAYO: INCLUY\u00d3 LA EDUCACI\u00d3N COMO HAB\u00cdA PEDIDO LA OPOSICI\u00d3N - Apuntes de San Luis","isPartOf":{"@id":"https:\/\/apuntesdesanluis.com\/#website"},"primaryImageOfPage":{"@id":"https:\/\/apuntesdesanluis.com\/index.php\/2024\/07\/03\/el-gobierno-actualizo-los-10-puntos-del-pacto-de-mayo-incluyo-la-educacion-como-habia-pedido-la-oposicion\/#primaryimage"},"image":{"@id":"https:\/\/apuntesdesanluis.com\/index.php\/2024\/07\/03\/el-gobierno-actualizo-los-10-puntos-del-pacto-de-mayo-incluyo-la-educacion-como-habia-pedido-la-oposicion\/#primaryimage"},"thumbnailUrl":"https:\/\/apuntesdesanluis.com\/wp-content\/uploads\/2024\/03\/milei-5.png","datePublished":"2024-07-03T16:22:53+00:00","dateModified":"2024-07-03T16:23:52+00:00","breadcrumb":{"@id":"https:\/\/apuntesdesanluis.com\/index.php\/2024\/07\/03\/el-gobierno-actualizo-los-10-puntos-del-pacto-de-mayo-incluyo-la-educacion-como-habia-pedido-la-oposicion\/#breadcrumb"},"inLanguage":"es-AR","potentialAction":[{"@type":"ReadAction","target":["https:\/\/apuntesdesanluis.com\/index.php\/2024\/07\/03\/el-gobierno-actualizo-los-10-puntos-del-pacto-de-mayo-incluyo-la-educacion-como-habia-pedido-la-oposicion\/"]}]},{"@type":"ImageObject","inLanguage":"es-AR","@id":"https:\/\/apuntesdesanluis.com\/index.php\/2024\/07\/03\/el-gobierno-actualizo-los-10-puntos-del-pacto-de-mayo-incluyo-la-educacion-como-habia-pedido-la-oposicion\/#primaryimage","url":"https:\/\/apuntesdesanluis.com\/wp-content\/uploads\/2024\/03\/milei-5.png","contentUrl":"https:\/\/apuntesdesanluis.com\/wp-content\/uploads\/2024\/03\/milei-5.png","width":619,"height":365},{"@type":"BreadcrumbList","@id":"https:\/\/apuntesdesanluis.com\/index.php\/2024\/07\/03\/el-gobierno-actualizo-los-10-puntos-del-pacto-de-mayo-incluyo-la-educacion-como-habia-pedido-la-oposicion\/#breadcrumb","itemListElement":[{"@type":"ListItem","position":1,"name":"Inicio","item":"https:\/\/apuntesdesanluis.com\/"},{"@type":"ListItem","position":2,"name":"EL GOBIERNO ACTUALIZ\u00d3 LOS 10 PUNTOS DEL PACTO DE MAYO: INCLUY\u00d3 LA EDUCACI\u00d3N COMO HAB\u00cdA PEDIDO LA OPOSICI\u00d3N"}]},{"@type":"WebSite","@id":"https:\/\/apuntesdesanluis.com\/#website","url":"https:\/\/apuntesdesanluis.com\/","name":"Apuntes de San Luis","description":"","publisher":{"@id":"https:\/\/apuntesdesanluis.com\/#\/schema\/person\/b55151d52296fcce64d1a72538a70b90"},"potentialAction":[{"@type":"SearchAction","target":{"@type":"EntryPoint","urlTemplate":"https:\/\/apuntesdesanluis.com\/?s={search_term_string}"},"query-input":{"@type":"PropertyValueSpecification","valueRequired":true,"valueName":"search_term_string"}}],"inLanguage":"es-AR"},{"@type":["Person","Organization"],"@id":"https:\/\/apuntesdesanluis.com\/#\/schema\/person\/b55151d52296fcce64d1a72538a70b90","name":"apuntesdesanluis.com","image":{"@type":"ImageObject","inLanguage":"es-AR","@id":"https:\/\/apuntesdesanluis.com\/#\/schema\/person\/image\/","url":"https:\/\/apuntesdesanluis.com\/wp-content\/uploads\/2023\/07\/cropped-apuntesdesanluis.png","contentUrl":"https:\/\/apuntesdesanluis.com\/wp-content\/uploads\/2023\/07\/cropped-apuntesdesanluis.png","width":450,"height":112,"caption":"apuntesdesanluis.com"},"logo":{"@id":"https:\/\/apuntesdesanluis.com\/#\/schema\/person\/image\/"},"sameAs":["https:\/\/apuntesdesanluis.com"],"url":"https:\/\/apuntesdesanluis.com\/index.php\/author\/apuntesdesanluis-com\/"}]}},"featured_image_urls":{"full":["https:\/\/apuntesdesanluis.com\/wp-content\/uploads\/2024\/03\/milei-5.png",619,365,false],"thumbnail":["https:\/\/apuntesdesanluis.com\/wp-content\/uploads\/2024\/03\/milei-5-150x150.png",150,150,true],"medium":["https:\/\/apuntesdesanluis.com\/wp-content\/uploads\/2024\/03\/milei-5-300x177.png",300,177,true],"medium_large":["https:\/\/apuntesdesanluis.com\/wp-content\/uploads\/2024\/03\/milei-5.png",619,365,false],"large":["https:\/\/apuntesdesanluis.com\/wp-content\/uploads\/2024\/03\/milei-5.png",619,365,false],"1536x1536":["https:\/\/apuntesdesanluis.com\/wp-content\/uploads\/2024\/03\/milei-5.png",619,365,false],"2048x2048":["https:\/\/apuntesdesanluis.com\/wp-content\/uploads\/2024\/03\/milei-5.png",619,365,false],"newsever-slider-full":["https:\/\/apuntesdesanluis.com\/wp-content\/uploads\/2024\/03\/milei-5.png",619,365,false],"newsever-featured":["https:\/\/apuntesdesanluis.com\/wp-content\/uploads\/2024\/03\/milei-5.png",619,365,false],"newsever-medium":["https:\/\/apuntesdesanluis.com\/wp-content\/uploads\/2024\/03\/milei-5.png",619,365,false]},"author_info":{"display_name":"apuntesdesanluis.com","author_link":"https:\/\/apuntesdesanluis.com\/index.php\/author\/apuntesdesanluis-com\/"},"category_info":"<a href=\"https:\/\/apuntesdesanluis.com\/index.php\/category\/nacionales-internacionales\/\" rel=\"category tag\">Nacionales\/Internacionales<\/a>","tag_info":"Nacionales\/Internacionales","comment_count":"0","_links":{"self":[{"href":"https:\/\/apuntesdesanluis.com\/index.php\/wp-json\/wp\/v2\/posts\/18716","targetHints":{"allow":["GET"]}}],"collection":[{"href":"https:\/\/apuntesdesanluis.com\/index.php\/wp-json\/wp\/v2\/posts"}],"about":[{"href":"https:\/\/apuntesdesanluis.com\/index.php\/wp-json\/wp\/v2\/types\/post"}],"author":[{"embeddable":true,"href":"https:\/\/apuntesdesanluis.com\/index.php\/wp-json\/wp\/v2\/users\/1"}],"replies":[{"embeddable":true,"href":"https:\/\/apuntesdesanluis.com\/index.php\/wp-json\/wp\/v2\/comments?post=18716"}],"version-history":[{"count":2,"href":"https:\/\/apuntesdesanluis.com\/index.php\/wp-json\/wp\/v2\/posts\/18716\/revisions"}],"predecessor-version":[{"id":18718,"href":"https:\/\/apuntesdesanluis.com\/index.php\/wp-json\/wp\/v2\/posts\/18716\/revisions\/18718"}],"wp:featuredmedia":[{"embeddable":true,"href":"https:\/\/apuntesdesanluis.com\/index.php\/wp-json\/wp\/v2\/media\/13199"}],"wp:attachment":[{"href":"https:\/\/apuntesdesanluis.com\/index.php\/wp-json\/wp\/v2\/media?parent=18716"}],"wp:term":[{"taxonomy":"category","embeddable":true,"href":"https:\/\/apuntesdesanluis.com\/index.php\/wp-json\/wp\/v2\/categories?post=18716"},{"taxonomy":"post_tag","embeddable":true,"href":"https:\/\/apuntesdesanluis.com\/index.php\/wp-json\/wp\/v2\/tags?post=18716"}],"curies":[{"name":"wp","href":"https:\/\/api.w.org\/{rel}","templated":true}]}}