{"id":18719,"date":"2024-07-03T18:19:49","date_gmt":"2024-07-03T21:19:49","guid":{"rendered":"https:\/\/apuntesdesanluis.com\/?p=18719"},"modified":"2024-07-03T18:19:49","modified_gmt":"2024-07-03T21:19:49","slug":"ofreceran-asesoramiento-legal-a-personas-con-discapacidad-y-de-bajos-recursos","status":"publish","type":"post","link":"https:\/\/apuntesdesanluis.com\/index.php\/2024\/07\/03\/ofreceran-asesoramiento-legal-a-personas-con-discapacidad-y-de-bajos-recursos\/","title":{"rendered":"OFRECER\u00c1N ASESORAMIENTO LEGAL A PERSONAS CON DISCAPACIDAD Y DE BAJOS RECURSOS"},"content":{"rendered":"<h3>La iniciativa apunta a facilitar la acci\u00f3n de amparo ante la Justicia Federal y se realizar\u00e1 gracias a un acuerdo suscripto por la <strong>Secretar\u00eda de Personas con Discapacidad<\/strong> y el <strong>Colegio de Abogados y Procuradores de San Luis<\/strong> (CAPSL).<\/h3>\n<h3>La secretar\u00eda de Personas con Discapacidad cuenta con asesor\u00eda jur\u00eddica pero no tiene la posibilidad de representar directamente ante la Justicia Federal a las personas con discapacidad de bajos recursos, que vean vulnerados sus derechos o interrumpidas las prestaciones de salud y necesiten asistencia legal.<\/h3>\n<h3>Ante esta situaci\u00f3n, el titular de la cartera, <strong>Luis Giraudo<\/strong>, acompa\u00f1ado por el jefe del \u00e1rea coordinaci\u00f3n general, Daniel Scappini, se reuni\u00f3 con el presidente del Colegio de Abogados de San Luis (CAPSL), <strong>Gabriel Alessandro<\/strong>, y el prosecretario, <strong>Sebasti\u00e1n Aravena<\/strong>, para solicitar asesoramiento legal y patrocinio letrado.<\/h3>\n<h3>Alessandro, inform\u00f3 que la propuesta \u201cfue bien recibida por los matriculados del directorio, quienes estar\u00e1n disponibles para patrocinar a las familias que requieran presentar recursos de amparo\u201d.<\/h3>\n<h3>Se acord\u00f3 que las familias \u00fanicamente deber\u00e1n cubrir las tasas, sellados o un bono ley para iniciar el reclamo, lo cual representa un costo considerablemente menor a lo que deber\u00edan abonar en total. Generalmente los recursos de amparo tienen buenos resultados y las obras sociales suelen hacerse cargo de los honorarios legales. El proceso se divide en dos etapas: la presentaci\u00f3n del amparo y posteriormente, la demanda. En muchos casos, se concluye con la entrega de un informe judicial, aunque en otros casos el amparo se judicializa para garantizar la prestaci\u00f3n a la persona con discapacidad.<\/h3>\n<h3>Se estableci\u00f3 adem\u00e1s la creaci\u00f3n de un registro por parte del Colegio de Abogados para asignar casos a medida que surjan, con la posibilidad de realizar capacitaciones a los matriculados sobre este tema espec\u00edfico con el objetivo de sensibilizar a las obras sociales sobre la importancia de no interrumpir la prestaci\u00f3n a personas con discapacidad.<\/h3>\n<p>&nbsp;<\/p>\n<p>&nbsp;<\/p>\n<p>&nbsp;<\/p>\n<p>&nbsp;<\/p>\n","protected":false},"excerpt":{"rendered":"<p>La iniciativa apunta a facilitar la acci\u00f3n de amparo ante la Justicia Federal y se&#8230;<\/p>\n","protected":false},"author":1,"featured_media":18720,"comment_status":"closed","ping_status":"closed","sticky":false,"template":"","format":"standard","meta":{"footnotes":""},"categories":[6],"tags":[],"class_list":["post-18719","post","type-post","status-publish","format-standard","has-post-thumbnail","hentry","category-ciudad-provincia"],"yoast_head":"<!-- This site is optimized with the Yoast SEO plugin v26.1.1 - https:\/\/yoast.com\/wordpress\/plugins\/seo\/ -->\n<title>OFRECER\u00c1N ASESORAMIENTO LEGAL A PERSONAS CON DISCAPACIDAD Y DE BAJOS RECURSOS - Apuntes de San Luis<\/title>\n<meta name=\"robots\" content=\"index, follow, max-snippet:-1, max-image-preview:large, max-video-preview:-1\" \/>\n<link rel=\"canonical\" href=\"https:\/\/apuntesdesanluis.com\/index.php\/2024\/07\/03\/ofreceran-asesoramiento-legal-a-personas-con-discapacidad-y-de-bajos-recursos\/\" \/>\n<meta property=\"og:locale\" content=\"es_ES\" \/>\n<meta property=\"og:type\" content=\"article\" \/>\n<meta property=\"og:title\" content=\"OFRECER\u00c1N ASESORAMIENTO LEGAL A PERSONAS CON DISCAPACIDAD Y DE BAJOS RECURSOS - Apuntes de San Luis\" \/>\n<meta property=\"og:description\" content=\"La iniciativa apunta a facilitar la acci\u00f3n de amparo ante la Justicia Federal y se...\" \/>\n<meta property=\"og:url\" content=\"https:\/\/apuntesdesanluis.com\/index.php\/2024\/07\/03\/ofreceran-asesoramiento-legal-a-personas-con-discapacidad-y-de-bajos-recursos\/\" \/>\n<meta property=\"og:site_name\" content=\"Apuntes de San Luis\" \/>\n<meta property=\"article:published_time\" content=\"2024-07-03T21:19:49+00:00\" \/>\n<meta property=\"og:image\" content=\"https:\/\/apuntesdesanluis.com\/wp-content\/uploads\/2024\/07\/asesioramiento-legal.png\" \/>\n\t<meta property=\"og:image:width\" content=\"600\" \/>\n\t<meta property=\"og:image:height\" content=\"319\" \/>\n\t<meta property=\"og:image:type\" content=\"image\/png\" \/>\n<meta name=\"author\" content=\"apuntesdesanluis.com\" \/>\n<meta name=\"twitter:card\" content=\"summary_large_image\" \/>\n<meta name=\"twitter:label1\" content=\"Escrito por\" \/>\n\t<meta name=\"twitter:data1\" content=\"apuntesdesanluis.com\" \/>\n\t<meta name=\"twitter:label2\" content=\"Tiempo de lectura\" \/>\n\t<meta name=\"twitter:data2\" content=\"2 minutos\" \/>\n<script type=\"application\/ld+json\" class=\"yoast-schema-graph\">{\"@context\":\"https:\/\/schema.org\",\"@graph\":[{\"@type\":\"Article\",\"@id\":\"https:\/\/apuntesdesanluis.com\/index.php\/2024\/07\/03\/ofreceran-asesoramiento-legal-a-personas-con-discapacidad-y-de-bajos-recursos\/#article\",\"isPartOf\":{\"@id\":\"https:\/\/apuntesdesanluis.com\/index.php\/2024\/07\/03\/ofreceran-asesoramiento-legal-a-personas-con-discapacidad-y-de-bajos-recursos\/\"},\"author\":{\"name\":\"apuntesdesanluis.com\",\"@id\":\"https:\/\/apuntesdesanluis.com\/#\/schema\/person\/b55151d52296fcce64d1a72538a70b90\"},\"headline\":\"OFRECER\u00c1N ASESORAMIENTO LEGAL A PERSONAS CON DISCAPACIDAD Y DE BAJOS RECURSOS\",\"datePublished\":\"2024-07-03T21:19:49+00:00\",\"mainEntityOfPage\":{\"@id\":\"https:\/\/apuntesdesanluis.com\/index.php\/2024\/07\/03\/ofreceran-asesoramiento-legal-a-personas-con-discapacidad-y-de-bajos-recursos\/\"},\"wordCount\":343,\"publisher\":{\"@id\":\"https:\/\/apuntesdesanluis.com\/#\/schema\/person\/b55151d52296fcce64d1a72538a70b90\"},\"image\":{\"@id\":\"https:\/\/apuntesdesanluis.com\/index.php\/2024\/07\/03\/ofreceran-asesoramiento-legal-a-personas-con-discapacidad-y-de-bajos-recursos\/#primaryimage\"},\"thumbnailUrl\":\"https:\/\/apuntesdesanluis.com\/wp-content\/uploads\/2024\/07\/asesioramiento-legal.png\",\"articleSection\":[\"Ciudad\/Provincia\"],\"inLanguage\":\"es-AR\"},{\"@type\":\"WebPage\",\"@id\":\"https:\/\/apuntesdesanluis.com\/index.php\/2024\/07\/03\/ofreceran-asesoramiento-legal-a-personas-con-discapacidad-y-de-bajos-recursos\/\",\"url\":\"https:\/\/apuntesdesanluis.com\/index.php\/2024\/07\/03\/ofreceran-asesoramiento-legal-a-personas-con-discapacidad-y-de-bajos-recursos\/\",\"name\":\"OFRECER\u00c1N ASESORAMIENTO LEGAL A PERSONAS CON DISCAPACIDAD Y DE BAJOS RECURSOS - Apuntes de San Luis\",\"isPartOf\":{\"@id\":\"https:\/\/apuntesdesanluis.com\/#website\"},\"primaryImageOfPage\":{\"@id\":\"https:\/\/apuntesdesanluis.com\/index.php\/2024\/07\/03\/ofreceran-asesoramiento-legal-a-personas-con-discapacidad-y-de-bajos-recursos\/#primaryimage\"},\"image\":{\"@id\":\"https:\/\/apuntesdesanluis.com\/index.php\/2024\/07\/03\/ofreceran-asesoramiento-legal-a-personas-con-discapacidad-y-de-bajos-recursos\/#primaryimage\"},\"thumbnailUrl\":\"https:\/\/apuntesdesanluis.com\/wp-content\/uploads\/2024\/07\/asesioramiento-legal.png\",\"datePublished\":\"2024-07-03T21:19:49+00:00\",\"breadcrumb\":{\"@id\":\"https:\/\/apuntesdesanluis.com\/index.php\/2024\/07\/03\/ofreceran-asesoramiento-legal-a-personas-con-discapacidad-y-de-bajos-recursos\/#breadcrumb\"},\"inLanguage\":\"es-AR\",\"potentialAction\":[{\"@type\":\"ReadAction\",\"target\":[\"https:\/\/apuntesdesanluis.com\/index.php\/2024\/07\/03\/ofreceran-asesoramiento-legal-a-personas-con-discapacidad-y-de-bajos-recursos\/\"]}]},{\"@type\":\"ImageObject\",\"inLanguage\":\"es-AR\",\"@id\":\"https:\/\/apuntesdesanluis.com\/index.php\/2024\/07\/03\/ofreceran-asesoramiento-legal-a-personas-con-discapacidad-y-de-bajos-recursos\/#primaryimage\",\"url\":\"https:\/\/apuntesdesanluis.com\/wp-content\/uploads\/2024\/07\/asesioramiento-legal.png\",\"contentUrl\":\"https:\/\/apuntesdesanluis.com\/wp-content\/uploads\/2024\/07\/asesioramiento-legal.png\",\"width\":600,\"height\":319},{\"@type\":\"BreadcrumbList\",\"@id\":\"https:\/\/apuntesdesanluis.com\/index.php\/2024\/07\/03\/ofreceran-asesoramiento-legal-a-personas-con-discapacidad-y-de-bajos-recursos\/#breadcrumb\",\"itemListElement\":[{\"@type\":\"ListItem\",\"position\":1,\"name\":\"Inicio\",\"item\":\"https:\/\/apuntesdesanluis.com\/\"},{\"@type\":\"ListItem\",\"position\":2,\"name\":\"OFRECER\u00c1N ASESORAMIENTO LEGAL A PERSONAS CON DISCAPACIDAD Y DE BAJOS RECURSOS\"}]},{\"@type\":\"WebSite\",\"@id\":\"https:\/\/apuntesdesanluis.com\/#website\",\"url\":\"https:\/\/apuntesdesanluis.com\/\",\"name\":\"Apuntes de San Luis\",\"description\":\"\",\"publisher\":{\"@id\":\"https:\/\/apuntesdesanluis.com\/#\/schema\/person\/b55151d52296fcce64d1a72538a70b90\"},\"potentialAction\":[{\"@type\":\"SearchAction\",\"target\":{\"@type\":\"EntryPoint\",\"urlTemplate\":\"https:\/\/apuntesdesanluis.com\/?s={search_term_string}\"},\"query-input\":{\"@type\":\"PropertyValueSpecification\",\"valueRequired\":true,\"valueName\":\"search_term_string\"}}],\"inLanguage\":\"es-AR\"},{\"@type\":[\"Person\",\"Organization\"],\"@id\":\"https:\/\/apuntesdesanluis.com\/#\/schema\/person\/b55151d52296fcce64d1a72538a70b90\",\"name\":\"apuntesdesanluis.com\",\"image\":{\"@type\":\"ImageObject\",\"inLanguage\":\"es-AR\",\"@id\":\"https:\/\/apuntesdesanluis.com\/#\/schema\/person\/image\/\",\"url\":\"https:\/\/apuntesdesanluis.com\/wp-content\/uploads\/2023\/07\/cropped-apuntesdesanluis.png\",\"contentUrl\":\"https:\/\/apuntesdesanluis.com\/wp-content\/uploads\/2023\/07\/cropped-apuntesdesanluis.png\",\"width\":450,\"height\":112,\"caption\":\"apuntesdesanluis.com\"},\"logo\":{\"@id\":\"https:\/\/apuntesdesanluis.com\/#\/schema\/person\/image\/\"},\"sameAs\":[\"https:\/\/apuntesdesanluis.com\"],\"url\":\"https:\/\/apuntesdesanluis.com\/index.php\/author\/apuntesdesanluis-com\/\"}]}<\/script>\n<!-- \/ Yoast SEO plugin. -->","yoast_head_json":{"title":"OFRECER\u00c1N ASESORAMIENTO LEGAL A PERSONAS CON DISCAPACIDAD Y DE BAJOS RECURSOS - Apuntes de San Luis","robots":{"index":"index","follow":"follow","max-snippet":"max-snippet:-1","max-image-preview":"max-image-preview:large","max-video-preview":"max-video-preview:-1"},"canonical":"https:\/\/apuntesdesanluis.com\/index.php\/2024\/07\/03\/ofreceran-asesoramiento-legal-a-personas-con-discapacidad-y-de-bajos-recursos\/","og_locale":"es_ES","og_type":"article","og_title":"OFRECER\u00c1N ASESORAMIENTO LEGAL A PERSONAS CON DISCAPACIDAD Y DE BAJOS RECURSOS - Apuntes de San Luis","og_description":"La iniciativa apunta a facilitar la acci\u00f3n de amparo ante la Justicia Federal y se...","og_url":"https:\/\/apuntesdesanluis.com\/index.php\/2024\/07\/03\/ofreceran-asesoramiento-legal-a-personas-con-discapacidad-y-de-bajos-recursos\/","og_site_name":"Apuntes de San Luis","article_published_time":"2024-07-03T21:19:49+00:00","og_image":[{"width":600,"height":319,"url":"https:\/\/apuntesdesanluis.com\/wp-content\/uploads\/2024\/07\/asesioramiento-legal.png","type":"image\/png"}],"author":"apuntesdesanluis.com","twitter_card":"summary_large_image","twitter_misc":{"Escrito por":"apuntesdesanluis.com","Tiempo de lectura":"2 minutos"},"schema":{"@context":"https:\/\/schema.org","@graph":[{"@type":"Article","@id":"https:\/\/apuntesdesanluis.com\/index.php\/2024\/07\/03\/ofreceran-asesoramiento-legal-a-personas-con-discapacidad-y-de-bajos-recursos\/#article","isPartOf":{"@id":"https:\/\/apuntesdesanluis.com\/index.php\/2024\/07\/03\/ofreceran-asesoramiento-legal-a-personas-con-discapacidad-y-de-bajos-recursos\/"},"author":{"name":"apuntesdesanluis.com","@id":"https:\/\/apuntesdesanluis.com\/#\/schema\/person\/b55151d52296fcce64d1a72538a70b90"},"headline":"OFRECER\u00c1N ASESORAMIENTO LEGAL A PERSONAS CON DISCAPACIDAD Y DE BAJOS RECURSOS","datePublished":"2024-07-03T21:19:49+00:00","mainEntityOfPage":{"@id":"https:\/\/apuntesdesanluis.com\/index.php\/2024\/07\/03\/ofreceran-asesoramiento-legal-a-personas-con-discapacidad-y-de-bajos-recursos\/"},"wordCount":343,"publisher":{"@id":"https:\/\/apuntesdesanluis.com\/#\/schema\/person\/b55151d52296fcce64d1a72538a70b90"},"image":{"@id":"https:\/\/apuntesdesanluis.com\/index.php\/2024\/07\/03\/ofreceran-asesoramiento-legal-a-personas-con-discapacidad-y-de-bajos-recursos\/#primaryimage"},"thumbnailUrl":"https:\/\/apuntesdesanluis.com\/wp-content\/uploads\/2024\/07\/asesioramiento-legal.png","articleSection":["Ciudad\/Provincia"],"inLanguage":"es-AR"},{"@type":"WebPage","@id":"https:\/\/apuntesdesanluis.com\/index.php\/2024\/07\/03\/ofreceran-asesoramiento-legal-a-personas-con-discapacidad-y-de-bajos-recursos\/","url":"https:\/\/apuntesdesanluis.com\/index.php\/2024\/07\/03\/ofreceran-asesoramiento-legal-a-personas-con-discapacidad-y-de-bajos-recursos\/","name":"OFRECER\u00c1N ASESORAMIENTO LEGAL A PERSONAS CON DISCAPACIDAD Y DE BAJOS RECURSOS - Apuntes de San Luis","isPartOf":{"@id":"https:\/\/apuntesdesanluis.com\/#website"},"primaryImageOfPage":{"@id":"https:\/\/apuntesdesanluis.com\/index.php\/2024\/07\/03\/ofreceran-asesoramiento-legal-a-personas-con-discapacidad-y-de-bajos-recursos\/#primaryimage"},"image":{"@id":"https:\/\/apuntesdesanluis.com\/index.php\/2024\/07\/03\/ofreceran-asesoramiento-legal-a-personas-con-discapacidad-y-de-bajos-recursos\/#primaryimage"},"thumbnailUrl":"https:\/\/apuntesdesanluis.com\/wp-content\/uploads\/2024\/07\/asesioramiento-legal.png","datePublished":"2024-07-03T21:19:49+00:00","breadcrumb":{"@id":"https:\/\/apuntesdesanluis.com\/index.php\/2024\/07\/03\/ofreceran-asesoramiento-legal-a-personas-con-discapacidad-y-de-bajos-recursos\/#breadcrumb"},"inLanguage":"es-AR","potentialAction":[{"@type":"ReadAction","target":["https:\/\/apuntesdesanluis.com\/index.php\/2024\/07\/03\/ofreceran-asesoramiento-legal-a-personas-con-discapacidad-y-de-bajos-recursos\/"]}]},{"@type":"ImageObject","inLanguage":"es-AR","@id":"https:\/\/apuntesdesanluis.com\/index.php\/2024\/07\/03\/ofreceran-asesoramiento-legal-a-personas-con-discapacidad-y-de-bajos-recursos\/#primaryimage","url":"https:\/\/apuntesdesanluis.com\/wp-content\/uploads\/2024\/07\/asesioramiento-legal.png","contentUrl":"https:\/\/apuntesdesanluis.com\/wp-content\/uploads\/2024\/07\/asesioramiento-legal.png","width":600,"height":319},{"@type":"BreadcrumbList","@id":"https:\/\/apuntesdesanluis.com\/index.php\/2024\/07\/03\/ofreceran-asesoramiento-legal-a-personas-con-discapacidad-y-de-bajos-recursos\/#breadcrumb","itemListElement":[{"@type":"ListItem","position":1,"name":"Inicio","item":"https:\/\/apuntesdesanluis.com\/"},{"@type":"ListItem","position":2,"name":"OFRECER\u00c1N ASESORAMIENTO LEGAL A PERSONAS CON DISCAPACIDAD Y DE BAJOS RECURSOS"}]},{"@type":"WebSite","@id":"https:\/\/apuntesdesanluis.com\/#website","url":"https:\/\/apuntesdesanluis.com\/","name":"Apuntes de San Luis","description":"","publisher":{"@id":"https:\/\/apuntesdesanluis.com\/#\/schema\/person\/b55151d52296fcce64d1a72538a70b90"},"potentialAction":[{"@type":"SearchAction","target":{"@type":"EntryPoint","urlTemplate":"https:\/\/apuntesdesanluis.com\/?s={search_term_string}"},"query-input":{"@type":"PropertyValueSpecification","valueRequired":true,"valueName":"search_term_string"}}],"inLanguage":"es-AR"},{"@type":["Person","Organization"],"@id":"https:\/\/apuntesdesanluis.com\/#\/schema\/person\/b55151d52296fcce64d1a72538a70b90","name":"apuntesdesanluis.com","image":{"@type":"ImageObject","inLanguage":"es-AR","@id":"https:\/\/apuntesdesanluis.com\/#\/schema\/person\/image\/","url":"https:\/\/apuntesdesanluis.com\/wp-content\/uploads\/2023\/07\/cropped-apuntesdesanluis.png","contentUrl":"https:\/\/apuntesdesanluis.com\/wp-content\/uploads\/2023\/07\/cropped-apuntesdesanluis.png","width":450,"height":112,"caption":"apuntesdesanluis.com"},"logo":{"@id":"https:\/\/apuntesdesanluis.com\/#\/schema\/person\/image\/"},"sameAs":["https:\/\/apuntesdesanluis.com"],"url":"https:\/\/apuntesdesanluis.com\/index.php\/author\/apuntesdesanluis-com\/"}]}},"featured_image_urls":{"full":["https:\/\/apuntesdesanluis.com\/wp-content\/uploads\/2024\/07\/asesioramiento-legal.png",600,319,false],"thumbnail":["https:\/\/apuntesdesanluis.com\/wp-content\/uploads\/2024\/07\/asesioramiento-legal-150x150.png",150,150,true],"medium":["https:\/\/apuntesdesanluis.com\/wp-content\/uploads\/2024\/07\/asesioramiento-legal-300x160.png",300,160,true],"medium_large":["https:\/\/apuntesdesanluis.com\/wp-content\/uploads\/2024\/07\/asesioramiento-legal.png",600,319,false],"large":["https:\/\/apuntesdesanluis.com\/wp-content\/uploads\/2024\/07\/asesioramiento-legal.png",600,319,false],"1536x1536":["https:\/\/apuntesdesanluis.com\/wp-content\/uploads\/2024\/07\/asesioramiento-legal.png",600,319,false],"2048x2048":["https:\/\/apuntesdesanluis.com\/wp-content\/uploads\/2024\/07\/asesioramiento-legal.png",600,319,false],"newsever-slider-full":["https:\/\/apuntesdesanluis.com\/wp-content\/uploads\/2024\/07\/asesioramiento-legal.png",600,319,false],"newsever-featured":["https:\/\/apuntesdesanluis.com\/wp-content\/uploads\/2024\/07\/asesioramiento-legal.png",600,319,false],"newsever-medium":["https:\/\/apuntesdesanluis.com\/wp-content\/uploads\/2024\/07\/asesioramiento-legal.png",600,319,false]},"author_info":{"display_name":"apuntesdesanluis.com","author_link":"https:\/\/apuntesdesanluis.com\/index.php\/author\/apuntesdesanluis-com\/"},"category_info":"<a href=\"https:\/\/apuntesdesanluis.com\/index.php\/category\/ciudad-provincia\/\" rel=\"category tag\">Ciudad\/Provincia<\/a>","tag_info":"Ciudad\/Provincia","comment_count":"0","_links":{"self":[{"href":"https:\/\/apuntesdesanluis.com\/index.php\/wp-json\/wp\/v2\/posts\/18719","targetHints":{"allow":["GET"]}}],"collection":[{"href":"https:\/\/apuntesdesanluis.com\/index.php\/wp-json\/wp\/v2\/posts"}],"about":[{"href":"https:\/\/apuntesdesanluis.com\/index.php\/wp-json\/wp\/v2\/types\/post"}],"author":[{"embeddable":true,"href":"https:\/\/apuntesdesanluis.com\/index.php\/wp-json\/wp\/v2\/users\/1"}],"replies":[{"embeddable":true,"href":"https:\/\/apuntesdesanluis.com\/index.php\/wp-json\/wp\/v2\/comments?post=18719"}],"version-history":[{"count":1,"href":"https:\/\/apuntesdesanluis.com\/index.php\/wp-json\/wp\/v2\/posts\/18719\/revisions"}],"predecessor-version":[{"id":18721,"href":"https:\/\/apuntesdesanluis.com\/index.php\/wp-json\/wp\/v2\/posts\/18719\/revisions\/18721"}],"wp:featuredmedia":[{"embeddable":true,"href":"https:\/\/apuntesdesanluis.com\/index.php\/wp-json\/wp\/v2\/media\/18720"}],"wp:attachment":[{"href":"https:\/\/apuntesdesanluis.com\/index.php\/wp-json\/wp\/v2\/media?parent=18719"}],"wp:term":[{"taxonomy":"category","embeddable":true,"href":"https:\/\/apuntesdesanluis.com\/index.php\/wp-json\/wp\/v2\/categories?post=18719"},{"taxonomy":"post_tag","embeddable":true,"href":"https:\/\/apuntesdesanluis.com\/index.php\/wp-json\/wp\/v2\/tags?post=18719"}],"curies":[{"name":"wp","href":"https:\/\/api.w.org\/{rel}","templated":true}]}}