{"id":18722,"date":"2024-07-03T18:28:25","date_gmt":"2024-07-03T21:28:25","guid":{"rendered":"https:\/\/apuntesdesanluis.com\/?p=18722"},"modified":"2024-07-03T18:28:25","modified_gmt":"2024-07-03T21:28:25","slug":"modernizan-la-iluminacion-de-la-avenida-carlos-gardel-en-merlo","status":"publish","type":"post","link":"https:\/\/apuntesdesanluis.com\/index.php\/2024\/07\/03\/modernizan-la-iluminacion-de-la-avenida-carlos-gardel-en-merlo\/","title":{"rendered":"MODERNIZAN LA ILUMINACI\u00d3N DE LA AVENIDA CARLOS GARDEL EN MERLO"},"content":{"rendered":"<h3>Con el firme compromiso de seguir elevando la calidad de vida de nuestros vecinos, la <strong>Municipalidad de Merlo<\/strong>, a trav\u00e9s de la Secretar\u00eda de Servicios P\u00fablicos, est\u00e1 llevando a cabo una modernizaci\u00f3n integral de la iluminaci\u00f3n en la <strong>Avenida Carlos Gardel<\/strong>.<\/h3>\n<h3>Este proyecto se enmarca dentro del Plan de Embellecimiento Urbano, destinado a mejorar la infraestructura y el entorno urbano de nuestra querida ciudad.<\/h3>\n<p><img fetchpriority=\"high\" decoding=\"async\" class=\"wp-image-18724 aligncenter\" src=\"https:\/\/apuntesdesanluis.com\/wp-content\/uploads\/2024\/07\/ILUMINACION-LED-255x300.jpg\" alt=\"\" width=\"579\" height=\"681\" srcset=\"https:\/\/apuntesdesanluis.com\/wp-content\/uploads\/2024\/07\/ILUMINACION-LED-255x300.jpg 255w, https:\/\/apuntesdesanluis.com\/wp-content\/uploads\/2024\/07\/ILUMINACION-LED.jpg 600w\" sizes=\"(max-width: 579px) 100vw, 579px\" \/><\/p>\n<h3>La iniciativa incluye la sustituci\u00f3n progresiva de las l\u00e1mparas de sodio por tecnolog\u00eda LED de \u00faltima generaci\u00f3n. Al igual que en la modernizada Plaza Sobremonte, estas nuevas luminarias no solo proporcionan una iluminaci\u00f3n m\u00e1s eficiente y uniforme, sino que tambi\u00e9n contribuyen significativamente a la reducci\u00f3n del consumo energ\u00e9tico y a la preservaci\u00f3n del medio ambiente.<\/h3>\n<h3>Adem\u00e1s de mejorar la visibilidad y la seguridad nocturna, la modernizaci\u00f3n de la iluminaci\u00f3n en la Avenida Carlos Gardel est\u00e1 dise\u00f1ada para realzar la est\u00e9tica de este importante corredor urbano, promoviendo un entorno m\u00e1s seguro, atractivo y sostenible para todos los ciudadanos y visitantes de nuestra comunidad.<\/h3>\n<h3><\/h3>\n<h3><\/h3>\n<p>&nbsp;<\/p>\n","protected":false},"excerpt":{"rendered":"<p>Con el firme compromiso de seguir elevando la calidad de vida de nuestros vecinos, la&#8230;<\/p>\n","protected":false},"author":1,"featured_media":18723,"comment_status":"closed","ping_status":"closed","sticky":false,"template":"","format":"standard","meta":{"footnotes":""},"categories":[6],"tags":[],"class_list":["post-18722","post","type-post","status-publish","format-standard","has-post-thumbnail","hentry","category-ciudad-provincia"],"yoast_head":"<!-- This site is optimized with the Yoast SEO plugin v26.1.1 - https:\/\/yoast.com\/wordpress\/plugins\/seo\/ -->\n<title>MODERNIZAN LA ILUMINACI\u00d3N DE LA AVENIDA CARLOS GARDEL EN MERLO - Apuntes de San Luis<\/title>\n<meta name=\"robots\" content=\"index, follow, max-snippet:-1, max-image-preview:large, max-video-preview:-1\" \/>\n<link rel=\"canonical\" href=\"https:\/\/apuntesdesanluis.com\/index.php\/2024\/07\/03\/modernizan-la-iluminacion-de-la-avenida-carlos-gardel-en-merlo\/\" \/>\n<meta property=\"og:locale\" content=\"es_ES\" \/>\n<meta property=\"og:type\" content=\"article\" \/>\n<meta property=\"og:title\" content=\"MODERNIZAN LA ILUMINACI\u00d3N DE LA AVENIDA CARLOS GARDEL EN MERLO - Apuntes de San Luis\" \/>\n<meta property=\"og:description\" content=\"Con el firme compromiso de seguir elevando la calidad de vida de nuestros vecinos, la...\" \/>\n<meta property=\"og:url\" content=\"https:\/\/apuntesdesanluis.com\/index.php\/2024\/07\/03\/modernizan-la-iluminacion-de-la-avenida-carlos-gardel-en-merlo\/\" \/>\n<meta property=\"og:site_name\" content=\"Apuntes de San Luis\" \/>\n<meta property=\"article:published_time\" content=\"2024-07-03T21:28:25+00:00\" \/>\n<meta property=\"og:image\" content=\"https:\/\/apuntesdesanluis.com\/wp-content\/uploads\/2024\/07\/AVDA.-CARLOS-GARDEL.jpg\" \/>\n\t<meta property=\"og:image:width\" content=\"590\" \/>\n\t<meta property=\"og:image:height\" content=\"352\" \/>\n\t<meta property=\"og:image:type\" content=\"image\/jpeg\" \/>\n<meta name=\"author\" content=\"apuntesdesanluis.com\" \/>\n<meta name=\"twitter:card\" content=\"summary_large_image\" \/>\n<meta name=\"twitter:label1\" content=\"Escrito por\" \/>\n\t<meta name=\"twitter:data1\" content=\"apuntesdesanluis.com\" \/>\n\t<meta name=\"twitter:label2\" content=\"Tiempo de lectura\" \/>\n\t<meta name=\"twitter:data2\" content=\"2 minutos\" \/>\n<script type=\"application\/ld+json\" class=\"yoast-schema-graph\">{\"@context\":\"https:\/\/schema.org\",\"@graph\":[{\"@type\":\"Article\",\"@id\":\"https:\/\/apuntesdesanluis.com\/index.php\/2024\/07\/03\/modernizan-la-iluminacion-de-la-avenida-carlos-gardel-en-merlo\/#article\",\"isPartOf\":{\"@id\":\"https:\/\/apuntesdesanluis.com\/index.php\/2024\/07\/03\/modernizan-la-iluminacion-de-la-avenida-carlos-gardel-en-merlo\/\"},\"author\":{\"name\":\"apuntesdesanluis.com\",\"@id\":\"https:\/\/apuntesdesanluis.com\/#\/schema\/person\/b55151d52296fcce64d1a72538a70b90\"},\"headline\":\"MODERNIZAN LA ILUMINACI\u00d3N DE LA AVENIDA CARLOS GARDEL EN MERLO\",\"datePublished\":\"2024-07-03T21:28:25+00:00\",\"mainEntityOfPage\":{\"@id\":\"https:\/\/apuntesdesanluis.com\/index.php\/2024\/07\/03\/modernizan-la-iluminacion-de-la-avenida-carlos-gardel-en-merlo\/\"},\"wordCount\":199,\"publisher\":{\"@id\":\"https:\/\/apuntesdesanluis.com\/#\/schema\/person\/b55151d52296fcce64d1a72538a70b90\"},\"image\":{\"@id\":\"https:\/\/apuntesdesanluis.com\/index.php\/2024\/07\/03\/modernizan-la-iluminacion-de-la-avenida-carlos-gardel-en-merlo\/#primaryimage\"},\"thumbnailUrl\":\"https:\/\/apuntesdesanluis.com\/wp-content\/uploads\/2024\/07\/AVDA.-CARLOS-GARDEL.jpg\",\"articleSection\":[\"Ciudad\/Provincia\"],\"inLanguage\":\"es-AR\"},{\"@type\":\"WebPage\",\"@id\":\"https:\/\/apuntesdesanluis.com\/index.php\/2024\/07\/03\/modernizan-la-iluminacion-de-la-avenida-carlos-gardel-en-merlo\/\",\"url\":\"https:\/\/apuntesdesanluis.com\/index.php\/2024\/07\/03\/modernizan-la-iluminacion-de-la-avenida-carlos-gardel-en-merlo\/\",\"name\":\"MODERNIZAN LA ILUMINACI\u00d3N DE LA AVENIDA CARLOS GARDEL EN MERLO - Apuntes de San Luis\",\"isPartOf\":{\"@id\":\"https:\/\/apuntesdesanluis.com\/#website\"},\"primaryImageOfPage\":{\"@id\":\"https:\/\/apuntesdesanluis.com\/index.php\/2024\/07\/03\/modernizan-la-iluminacion-de-la-avenida-carlos-gardel-en-merlo\/#primaryimage\"},\"image\":{\"@id\":\"https:\/\/apuntesdesanluis.com\/index.php\/2024\/07\/03\/modernizan-la-iluminacion-de-la-avenida-carlos-gardel-en-merlo\/#primaryimage\"},\"thumbnailUrl\":\"https:\/\/apuntesdesanluis.com\/wp-content\/uploads\/2024\/07\/AVDA.-CARLOS-GARDEL.jpg\",\"datePublished\":\"2024-07-03T21:28:25+00:00\",\"breadcrumb\":{\"@id\":\"https:\/\/apuntesdesanluis.com\/index.php\/2024\/07\/03\/modernizan-la-iluminacion-de-la-avenida-carlos-gardel-en-merlo\/#breadcrumb\"},\"inLanguage\":\"es-AR\",\"potentialAction\":[{\"@type\":\"ReadAction\",\"target\":[\"https:\/\/apuntesdesanluis.com\/index.php\/2024\/07\/03\/modernizan-la-iluminacion-de-la-avenida-carlos-gardel-en-merlo\/\"]}]},{\"@type\":\"ImageObject\",\"inLanguage\":\"es-AR\",\"@id\":\"https:\/\/apuntesdesanluis.com\/index.php\/2024\/07\/03\/modernizan-la-iluminacion-de-la-avenida-carlos-gardel-en-merlo\/#primaryimage\",\"url\":\"https:\/\/apuntesdesanluis.com\/wp-content\/uploads\/2024\/07\/AVDA.-CARLOS-GARDEL.jpg\",\"contentUrl\":\"https:\/\/apuntesdesanluis.com\/wp-content\/uploads\/2024\/07\/AVDA.-CARLOS-GARDEL.jpg\",\"width\":590,\"height\":352},{\"@type\":\"BreadcrumbList\",\"@id\":\"https:\/\/apuntesdesanluis.com\/index.php\/2024\/07\/03\/modernizan-la-iluminacion-de-la-avenida-carlos-gardel-en-merlo\/#breadcrumb\",\"itemListElement\":[{\"@type\":\"ListItem\",\"position\":1,\"name\":\"Inicio\",\"item\":\"https:\/\/apuntesdesanluis.com\/\"},{\"@type\":\"ListItem\",\"position\":2,\"name\":\"MODERNIZAN LA ILUMINACI\u00d3N DE LA AVENIDA CARLOS GARDEL EN MERLO\"}]},{\"@type\":\"WebSite\",\"@id\":\"https:\/\/apuntesdesanluis.com\/#website\",\"url\":\"https:\/\/apuntesdesanluis.com\/\",\"name\":\"Apuntes de San Luis\",\"description\":\"\",\"publisher\":{\"@id\":\"https:\/\/apuntesdesanluis.com\/#\/schema\/person\/b55151d52296fcce64d1a72538a70b90\"},\"potentialAction\":[{\"@type\":\"SearchAction\",\"target\":{\"@type\":\"EntryPoint\",\"urlTemplate\":\"https:\/\/apuntesdesanluis.com\/?s={search_term_string}\"},\"query-input\":{\"@type\":\"PropertyValueSpecification\",\"valueRequired\":true,\"valueName\":\"search_term_string\"}}],\"inLanguage\":\"es-AR\"},{\"@type\":[\"Person\",\"Organization\"],\"@id\":\"https:\/\/apuntesdesanluis.com\/#\/schema\/person\/b55151d52296fcce64d1a72538a70b90\",\"name\":\"apuntesdesanluis.com\",\"image\":{\"@type\":\"ImageObject\",\"inLanguage\":\"es-AR\",\"@id\":\"https:\/\/apuntesdesanluis.com\/#\/schema\/person\/image\/\",\"url\":\"https:\/\/apuntesdesanluis.com\/wp-content\/uploads\/2023\/07\/cropped-apuntesdesanluis.png\",\"contentUrl\":\"https:\/\/apuntesdesanluis.com\/wp-content\/uploads\/2023\/07\/cropped-apuntesdesanluis.png\",\"width\":450,\"height\":112,\"caption\":\"apuntesdesanluis.com\"},\"logo\":{\"@id\":\"https:\/\/apuntesdesanluis.com\/#\/schema\/person\/image\/\"},\"sameAs\":[\"https:\/\/apuntesdesanluis.com\"],\"url\":\"https:\/\/apuntesdesanluis.com\/index.php\/author\/apuntesdesanluis-com\/\"}]}<\/script>\n<!-- \/ Yoast SEO plugin. -->","yoast_head_json":{"title":"MODERNIZAN LA ILUMINACI\u00d3N DE LA AVENIDA CARLOS GARDEL EN MERLO - Apuntes de San Luis","robots":{"index":"index","follow":"follow","max-snippet":"max-snippet:-1","max-image-preview":"max-image-preview:large","max-video-preview":"max-video-preview:-1"},"canonical":"https:\/\/apuntesdesanluis.com\/index.php\/2024\/07\/03\/modernizan-la-iluminacion-de-la-avenida-carlos-gardel-en-merlo\/","og_locale":"es_ES","og_type":"article","og_title":"MODERNIZAN LA ILUMINACI\u00d3N DE LA AVENIDA CARLOS GARDEL EN MERLO - Apuntes de San Luis","og_description":"Con el firme compromiso de seguir elevando la calidad de vida de nuestros vecinos, la...","og_url":"https:\/\/apuntesdesanluis.com\/index.php\/2024\/07\/03\/modernizan-la-iluminacion-de-la-avenida-carlos-gardel-en-merlo\/","og_site_name":"Apuntes de San Luis","article_published_time":"2024-07-03T21:28:25+00:00","og_image":[{"width":590,"height":352,"url":"https:\/\/apuntesdesanluis.com\/wp-content\/uploads\/2024\/07\/AVDA.-CARLOS-GARDEL.jpg","type":"image\/jpeg"}],"author":"apuntesdesanluis.com","twitter_card":"summary_large_image","twitter_misc":{"Escrito por":"apuntesdesanluis.com","Tiempo de lectura":"2 minutos"},"schema":{"@context":"https:\/\/schema.org","@graph":[{"@type":"Article","@id":"https:\/\/apuntesdesanluis.com\/index.php\/2024\/07\/03\/modernizan-la-iluminacion-de-la-avenida-carlos-gardel-en-merlo\/#article","isPartOf":{"@id":"https:\/\/apuntesdesanluis.com\/index.php\/2024\/07\/03\/modernizan-la-iluminacion-de-la-avenida-carlos-gardel-en-merlo\/"},"author":{"name":"apuntesdesanluis.com","@id":"https:\/\/apuntesdesanluis.com\/#\/schema\/person\/b55151d52296fcce64d1a72538a70b90"},"headline":"MODERNIZAN LA ILUMINACI\u00d3N DE LA AVENIDA CARLOS GARDEL EN MERLO","datePublished":"2024-07-03T21:28:25+00:00","mainEntityOfPage":{"@id":"https:\/\/apuntesdesanluis.com\/index.php\/2024\/07\/03\/modernizan-la-iluminacion-de-la-avenida-carlos-gardel-en-merlo\/"},"wordCount":199,"publisher":{"@id":"https:\/\/apuntesdesanluis.com\/#\/schema\/person\/b55151d52296fcce64d1a72538a70b90"},"image":{"@id":"https:\/\/apuntesdesanluis.com\/index.php\/2024\/07\/03\/modernizan-la-iluminacion-de-la-avenida-carlos-gardel-en-merlo\/#primaryimage"},"thumbnailUrl":"https:\/\/apuntesdesanluis.com\/wp-content\/uploads\/2024\/07\/AVDA.-CARLOS-GARDEL.jpg","articleSection":["Ciudad\/Provincia"],"inLanguage":"es-AR"},{"@type":"WebPage","@id":"https:\/\/apuntesdesanluis.com\/index.php\/2024\/07\/03\/modernizan-la-iluminacion-de-la-avenida-carlos-gardel-en-merlo\/","url":"https:\/\/apuntesdesanluis.com\/index.php\/2024\/07\/03\/modernizan-la-iluminacion-de-la-avenida-carlos-gardel-en-merlo\/","name":"MODERNIZAN LA ILUMINACI\u00d3N DE LA AVENIDA CARLOS GARDEL EN MERLO - Apuntes de San Luis","isPartOf":{"@id":"https:\/\/apuntesdesanluis.com\/#website"},"primaryImageOfPage":{"@id":"https:\/\/apuntesdesanluis.com\/index.php\/2024\/07\/03\/modernizan-la-iluminacion-de-la-avenida-carlos-gardel-en-merlo\/#primaryimage"},"image":{"@id":"https:\/\/apuntesdesanluis.com\/index.php\/2024\/07\/03\/modernizan-la-iluminacion-de-la-avenida-carlos-gardel-en-merlo\/#primaryimage"},"thumbnailUrl":"https:\/\/apuntesdesanluis.com\/wp-content\/uploads\/2024\/07\/AVDA.-CARLOS-GARDEL.jpg","datePublished":"2024-07-03T21:28:25+00:00","breadcrumb":{"@id":"https:\/\/apuntesdesanluis.com\/index.php\/2024\/07\/03\/modernizan-la-iluminacion-de-la-avenida-carlos-gardel-en-merlo\/#breadcrumb"},"inLanguage":"es-AR","potentialAction":[{"@type":"ReadAction","target":["https:\/\/apuntesdesanluis.com\/index.php\/2024\/07\/03\/modernizan-la-iluminacion-de-la-avenida-carlos-gardel-en-merlo\/"]}]},{"@type":"ImageObject","inLanguage":"es-AR","@id":"https:\/\/apuntesdesanluis.com\/index.php\/2024\/07\/03\/modernizan-la-iluminacion-de-la-avenida-carlos-gardel-en-merlo\/#primaryimage","url":"https:\/\/apuntesdesanluis.com\/wp-content\/uploads\/2024\/07\/AVDA.-CARLOS-GARDEL.jpg","contentUrl":"https:\/\/apuntesdesanluis.com\/wp-content\/uploads\/2024\/07\/AVDA.-CARLOS-GARDEL.jpg","width":590,"height":352},{"@type":"BreadcrumbList","@id":"https:\/\/apuntesdesanluis.com\/index.php\/2024\/07\/03\/modernizan-la-iluminacion-de-la-avenida-carlos-gardel-en-merlo\/#breadcrumb","itemListElement":[{"@type":"ListItem","position":1,"name":"Inicio","item":"https:\/\/apuntesdesanluis.com\/"},{"@type":"ListItem","position":2,"name":"MODERNIZAN LA ILUMINACI\u00d3N DE LA AVENIDA CARLOS GARDEL EN MERLO"}]},{"@type":"WebSite","@id":"https:\/\/apuntesdesanluis.com\/#website","url":"https:\/\/apuntesdesanluis.com\/","name":"Apuntes de San Luis","description":"","publisher":{"@id":"https:\/\/apuntesdesanluis.com\/#\/schema\/person\/b55151d52296fcce64d1a72538a70b90"},"potentialAction":[{"@type":"SearchAction","target":{"@type":"EntryPoint","urlTemplate":"https:\/\/apuntesdesanluis.com\/?s={search_term_string}"},"query-input":{"@type":"PropertyValueSpecification","valueRequired":true,"valueName":"search_term_string"}}],"inLanguage":"es-AR"},{"@type":["Person","Organization"],"@id":"https:\/\/apuntesdesanluis.com\/#\/schema\/person\/b55151d52296fcce64d1a72538a70b90","name":"apuntesdesanluis.com","image":{"@type":"ImageObject","inLanguage":"es-AR","@id":"https:\/\/apuntesdesanluis.com\/#\/schema\/person\/image\/","url":"https:\/\/apuntesdesanluis.com\/wp-content\/uploads\/2023\/07\/cropped-apuntesdesanluis.png","contentUrl":"https:\/\/apuntesdesanluis.com\/wp-content\/uploads\/2023\/07\/cropped-apuntesdesanluis.png","width":450,"height":112,"caption":"apuntesdesanluis.com"},"logo":{"@id":"https:\/\/apuntesdesanluis.com\/#\/schema\/person\/image\/"},"sameAs":["https:\/\/apuntesdesanluis.com"],"url":"https:\/\/apuntesdesanluis.com\/index.php\/author\/apuntesdesanluis-com\/"}]}},"featured_image_urls":{"full":["https:\/\/apuntesdesanluis.com\/wp-content\/uploads\/2024\/07\/AVDA.-CARLOS-GARDEL.jpg",590,352,false],"thumbnail":["https:\/\/apuntesdesanluis.com\/wp-content\/uploads\/2024\/07\/AVDA.-CARLOS-GARDEL-150x150.jpg",150,150,true],"medium":["https:\/\/apuntesdesanluis.com\/wp-content\/uploads\/2024\/07\/AVDA.-CARLOS-GARDEL-300x179.jpg",300,179,true],"medium_large":["https:\/\/apuntesdesanluis.com\/wp-content\/uploads\/2024\/07\/AVDA.-CARLOS-GARDEL.jpg",590,352,false],"large":["https:\/\/apuntesdesanluis.com\/wp-content\/uploads\/2024\/07\/AVDA.-CARLOS-GARDEL.jpg",590,352,false],"1536x1536":["https:\/\/apuntesdesanluis.com\/wp-content\/uploads\/2024\/07\/AVDA.-CARLOS-GARDEL.jpg",590,352,false],"2048x2048":["https:\/\/apuntesdesanluis.com\/wp-content\/uploads\/2024\/07\/AVDA.-CARLOS-GARDEL.jpg",590,352,false],"newsever-slider-full":["https:\/\/apuntesdesanluis.com\/wp-content\/uploads\/2024\/07\/AVDA.-CARLOS-GARDEL.jpg",590,352,false],"newsever-featured":["https:\/\/apuntesdesanluis.com\/wp-content\/uploads\/2024\/07\/AVDA.-CARLOS-GARDEL.jpg",590,352,false],"newsever-medium":["https:\/\/apuntesdesanluis.com\/wp-content\/uploads\/2024\/07\/AVDA.-CARLOS-GARDEL.jpg",590,352,false]},"author_info":{"display_name":"apuntesdesanluis.com","author_link":"https:\/\/apuntesdesanluis.com\/index.php\/author\/apuntesdesanluis-com\/"},"category_info":"<a href=\"https:\/\/apuntesdesanluis.com\/index.php\/category\/ciudad-provincia\/\" rel=\"category tag\">Ciudad\/Provincia<\/a>","tag_info":"Ciudad\/Provincia","comment_count":"0","_links":{"self":[{"href":"https:\/\/apuntesdesanluis.com\/index.php\/wp-json\/wp\/v2\/posts\/18722","targetHints":{"allow":["GET"]}}],"collection":[{"href":"https:\/\/apuntesdesanluis.com\/index.php\/wp-json\/wp\/v2\/posts"}],"about":[{"href":"https:\/\/apuntesdesanluis.com\/index.php\/wp-json\/wp\/v2\/types\/post"}],"author":[{"embeddable":true,"href":"https:\/\/apuntesdesanluis.com\/index.php\/wp-json\/wp\/v2\/users\/1"}],"replies":[{"embeddable":true,"href":"https:\/\/apuntesdesanluis.com\/index.php\/wp-json\/wp\/v2\/comments?post=18722"}],"version-history":[{"count":1,"href":"https:\/\/apuntesdesanluis.com\/index.php\/wp-json\/wp\/v2\/posts\/18722\/revisions"}],"predecessor-version":[{"id":18725,"href":"https:\/\/apuntesdesanluis.com\/index.php\/wp-json\/wp\/v2\/posts\/18722\/revisions\/18725"}],"wp:featuredmedia":[{"embeddable":true,"href":"https:\/\/apuntesdesanluis.com\/index.php\/wp-json\/wp\/v2\/media\/18723"}],"wp:attachment":[{"href":"https:\/\/apuntesdesanluis.com\/index.php\/wp-json\/wp\/v2\/media?parent=18722"}],"wp:term":[{"taxonomy":"category","embeddable":true,"href":"https:\/\/apuntesdesanluis.com\/index.php\/wp-json\/wp\/v2\/categories?post=18722"},{"taxonomy":"post_tag","embeddable":true,"href":"https:\/\/apuntesdesanluis.com\/index.php\/wp-json\/wp\/v2\/tags?post=18722"}],"curies":[{"name":"wp","href":"https:\/\/api.w.org\/{rel}","templated":true}]}}