{"id":18726,"date":"2024-07-03T18:39:57","date_gmt":"2024-07-03T21:39:57","guid":{"rendered":"https:\/\/apuntesdesanluis.com\/?p=18726"},"modified":"2024-07-03T18:40:13","modified_gmt":"2024-07-03T21:40:13","slug":"poggi-se-reunio-con-el-ministro-de-educacion-de-cordoba","status":"publish","type":"post","link":"https:\/\/apuntesdesanluis.com\/index.php\/2024\/07\/03\/poggi-se-reunio-con-el-ministro-de-educacion-de-cordoba\/","title":{"rendered":"POGGI SE REUNI\u00d3 CON EL MINISTRO DE EDUCACI\u00d3N DE C\u00d3RDOBA"},"content":{"rendered":"<h3>El Gobernador recibi\u00f3 este mi\u00e9rcoles los saludos protocolares de <strong>Horacio Ferreyra<\/strong>, quien lleg\u00f3 a San Luis para participar del encuentro de cooperativismo que comenzar\u00e1 este jueves en La Punta.<\/h3>\n<h3>La reuni\u00f3n se realiz\u00f3 en el despacho del Mandatario y cont\u00f3 adem\u00e1s con la presencia del ministro de Educaci\u00f3n de San Luis, <strong>Guillermo Araujo<\/strong>, y su par de Desarrollo Humano, <strong>Gustavo Bertolini<\/strong>.<\/h3>\n<h3><img fetchpriority=\"high\" decoding=\"async\" class=\"wp-image-18728 aligncenter\" src=\"https:\/\/apuntesdesanluis.com\/wp-content\/uploads\/2024\/07\/POGGI-CON-FERREYRA-300x184.png\" alt=\"\" width=\"598\" height=\"367\" srcset=\"https:\/\/apuntesdesanluis.com\/wp-content\/uploads\/2024\/07\/POGGI-CON-FERREYRA-300x184.png 300w, https:\/\/apuntesdesanluis.com\/wp-content\/uploads\/2024\/07\/POGGI-CON-FERREYRA.png 600w\" sizes=\"(max-width: 598px) 100vw, 598px\" \/><\/h3>\n<h3>Ferreyra ser\u00e1 uno de los disertantes en el certamen de cooperativismo escolar \u2018Cuyo nos espera\u2019 que se realizar\u00e1 los d\u00edas 4, 5 y 6 de julio en el Centro de Convenciones de la ciudad de La Punta.<\/h3>\n<h3>Durante el encuentro, Poggi dialog\u00f3 con los ministros sobre la realidad educativa general e intercambiaron ideas y puntos de vista, adem\u00e1s de informarle a Ferreyra sobre las pol\u00edticas educativas que el gobierno de San Luis lleva adelante.<\/h3>\n<h3><strong>DECLARACIONES<\/strong><\/h3>\n<h3>\u201cNo solo tenemos que ense\u00f1ar a buscar trabajo, sino tambi\u00e9n a generarlo\u201d, consider\u00f3 el ministro de Educaci\u00f3n de C\u00f3rdoba, Horacio Ferreyra, uno de los disertantes que expondr\u00e1n este jueves 4 en la apertura de las de 19\u00b0 Jornadas de Cooperativismo y Mutualismo Educacional, que se realizar\u00e1n desde este jueves 4 hasta el s\u00e1bado 6 de en el Centro de Convenciones de La Punta.<\/h3>\n<h3>Luego de reunirse con el gobernador, su par de San Luis y el ministro de Desarrollo Humano, Ferreyra dialog\u00f3 con ANSL y brind\u00f3 algunos conceptos sobre el valor del cooperativismo y el mutualismo en las instituciones educativas, como forma de sembrar la semilla de la autogesti\u00f3n y el emprededurismo en infancias y juventudes.<\/h3>\n<p>&nbsp;<\/p>\n<p><iframe title=\"Horacio Ferreyra, Ministro de Educaci\u00f3n de C\u00f3rdoba\" width=\"640\" height=\"360\" src=\"https:\/\/www.youtube.com\/embed\/xhjN84tqJEU?feature=oembed\" frameborder=\"0\" allow=\"accelerometer; autoplay; clipboard-write; encrypted-media; gyroscope; picture-in-picture; web-share\" referrerpolicy=\"strict-origin-when-cross-origin\" allowfullscreen><\/iframe><\/p>\n<p>&nbsp;<\/p>\n<p>&nbsp;<\/p>\n<p>&nbsp;<\/p>\n","protected":false},"excerpt":{"rendered":"<p>El Gobernador recibi\u00f3 este mi\u00e9rcoles los saludos protocolares de Horacio Ferreyra, quien lleg\u00f3 a San&#8230;<\/p>\n","protected":false},"author":1,"featured_media":18727,"comment_status":"closed","ping_status":"closed","sticky":false,"template":"","format":"standard","meta":{"footnotes":""},"categories":[6],"tags":[],"class_list":["post-18726","post","type-post","status-publish","format-standard","has-post-thumbnail","hentry","category-ciudad-provincia"],"yoast_head":"<!-- This site is optimized with the Yoast SEO plugin v26.1.1 - https:\/\/yoast.com\/wordpress\/plugins\/seo\/ -->\n<title>POGGI SE REUNI\u00d3 CON EL MINISTRO DE EDUCACI\u00d3N DE C\u00d3RDOBA - Apuntes de San Luis<\/title>\n<meta name=\"robots\" content=\"index, follow, max-snippet:-1, max-image-preview:large, max-video-preview:-1\" \/>\n<link rel=\"canonical\" href=\"https:\/\/apuntesdesanluis.com\/index.php\/2024\/07\/03\/poggi-se-reunio-con-el-ministro-de-educacion-de-cordoba\/\" \/>\n<meta property=\"og:locale\" content=\"es_ES\" \/>\n<meta property=\"og:type\" content=\"article\" \/>\n<meta property=\"og:title\" content=\"POGGI SE REUNI\u00d3 CON EL MINISTRO DE EDUCACI\u00d3N DE C\u00d3RDOBA - Apuntes de San Luis\" \/>\n<meta property=\"og:description\" content=\"El Gobernador recibi\u00f3 este mi\u00e9rcoles los saludos protocolares de Horacio Ferreyra, quien lleg\u00f3 a San...\" \/>\n<meta property=\"og:url\" content=\"https:\/\/apuntesdesanluis.com\/index.php\/2024\/07\/03\/poggi-se-reunio-con-el-ministro-de-educacion-de-cordoba\/\" \/>\n<meta property=\"og:site_name\" content=\"Apuntes de San Luis\" \/>\n<meta property=\"article:published_time\" content=\"2024-07-03T21:39:57+00:00\" \/>\n<meta property=\"article:modified_time\" content=\"2024-07-03T21:40:13+00:00\" \/>\n<meta property=\"og:image\" content=\"https:\/\/apuntesdesanluis.com\/wp-content\/uploads\/2024\/07\/POGGI-CON-MNIISTROS.png\" \/>\n\t<meta property=\"og:image:width\" content=\"600\" \/>\n\t<meta property=\"og:image:height\" content=\"363\" \/>\n\t<meta property=\"og:image:type\" content=\"image\/png\" \/>\n<meta name=\"author\" content=\"apuntesdesanluis.com\" \/>\n<meta name=\"twitter:card\" content=\"summary_large_image\" \/>\n<meta name=\"twitter:label1\" content=\"Escrito por\" \/>\n\t<meta name=\"twitter:data1\" content=\"apuntesdesanluis.com\" \/>\n\t<meta name=\"twitter:label2\" content=\"Tiempo de lectura\" \/>\n\t<meta name=\"twitter:data2\" content=\"2 minutos\" \/>\n<script type=\"application\/ld+json\" class=\"yoast-schema-graph\">{\"@context\":\"https:\/\/schema.org\",\"@graph\":[{\"@type\":\"Article\",\"@id\":\"https:\/\/apuntesdesanluis.com\/index.php\/2024\/07\/03\/poggi-se-reunio-con-el-ministro-de-educacion-de-cordoba\/#article\",\"isPartOf\":{\"@id\":\"https:\/\/apuntesdesanluis.com\/index.php\/2024\/07\/03\/poggi-se-reunio-con-el-ministro-de-educacion-de-cordoba\/\"},\"author\":{\"name\":\"apuntesdesanluis.com\",\"@id\":\"https:\/\/apuntesdesanluis.com\/#\/schema\/person\/b55151d52296fcce64d1a72538a70b90\"},\"headline\":\"POGGI SE REUNI\u00d3 CON EL MINISTRO DE EDUCACI\u00d3N DE C\u00d3RDOBA\",\"datePublished\":\"2024-07-03T21:39:57+00:00\",\"dateModified\":\"2024-07-03T21:40:13+00:00\",\"mainEntityOfPage\":{\"@id\":\"https:\/\/apuntesdesanluis.com\/index.php\/2024\/07\/03\/poggi-se-reunio-con-el-ministro-de-educacion-de-cordoba\/\"},\"wordCount\":283,\"publisher\":{\"@id\":\"https:\/\/apuntesdesanluis.com\/#\/schema\/person\/b55151d52296fcce64d1a72538a70b90\"},\"image\":{\"@id\":\"https:\/\/apuntesdesanluis.com\/index.php\/2024\/07\/03\/poggi-se-reunio-con-el-ministro-de-educacion-de-cordoba\/#primaryimage\"},\"thumbnailUrl\":\"https:\/\/apuntesdesanluis.com\/wp-content\/uploads\/2024\/07\/POGGI-CON-MNIISTROS.png\",\"articleSection\":[\"Ciudad\/Provincia\"],\"inLanguage\":\"es-AR\"},{\"@type\":\"WebPage\",\"@id\":\"https:\/\/apuntesdesanluis.com\/index.php\/2024\/07\/03\/poggi-se-reunio-con-el-ministro-de-educacion-de-cordoba\/\",\"url\":\"https:\/\/apuntesdesanluis.com\/index.php\/2024\/07\/03\/poggi-se-reunio-con-el-ministro-de-educacion-de-cordoba\/\",\"name\":\"POGGI SE REUNI\u00d3 CON EL MINISTRO DE EDUCACI\u00d3N DE C\u00d3RDOBA - Apuntes de San Luis\",\"isPartOf\":{\"@id\":\"https:\/\/apuntesdesanluis.com\/#website\"},\"primaryImageOfPage\":{\"@id\":\"https:\/\/apuntesdesanluis.com\/index.php\/2024\/07\/03\/poggi-se-reunio-con-el-ministro-de-educacion-de-cordoba\/#primaryimage\"},\"image\":{\"@id\":\"https:\/\/apuntesdesanluis.com\/index.php\/2024\/07\/03\/poggi-se-reunio-con-el-ministro-de-educacion-de-cordoba\/#primaryimage\"},\"thumbnailUrl\":\"https:\/\/apuntesdesanluis.com\/wp-content\/uploads\/2024\/07\/POGGI-CON-MNIISTROS.png\",\"datePublished\":\"2024-07-03T21:39:57+00:00\",\"dateModified\":\"2024-07-03T21:40:13+00:00\",\"breadcrumb\":{\"@id\":\"https:\/\/apuntesdesanluis.com\/index.php\/2024\/07\/03\/poggi-se-reunio-con-el-ministro-de-educacion-de-cordoba\/#breadcrumb\"},\"inLanguage\":\"es-AR\",\"potentialAction\":[{\"@type\":\"ReadAction\",\"target\":[\"https:\/\/apuntesdesanluis.com\/index.php\/2024\/07\/03\/poggi-se-reunio-con-el-ministro-de-educacion-de-cordoba\/\"]}]},{\"@type\":\"ImageObject\",\"inLanguage\":\"es-AR\",\"@id\":\"https:\/\/apuntesdesanluis.com\/index.php\/2024\/07\/03\/poggi-se-reunio-con-el-ministro-de-educacion-de-cordoba\/#primaryimage\",\"url\":\"https:\/\/apuntesdesanluis.com\/wp-content\/uploads\/2024\/07\/POGGI-CON-MNIISTROS.png\",\"contentUrl\":\"https:\/\/apuntesdesanluis.com\/wp-content\/uploads\/2024\/07\/POGGI-CON-MNIISTROS.png\",\"width\":600,\"height\":363},{\"@type\":\"BreadcrumbList\",\"@id\":\"https:\/\/apuntesdesanluis.com\/index.php\/2024\/07\/03\/poggi-se-reunio-con-el-ministro-de-educacion-de-cordoba\/#breadcrumb\",\"itemListElement\":[{\"@type\":\"ListItem\",\"position\":1,\"name\":\"Inicio\",\"item\":\"https:\/\/apuntesdesanluis.com\/\"},{\"@type\":\"ListItem\",\"position\":2,\"name\":\"POGGI SE REUNI\u00d3 CON EL MINISTRO DE EDUCACI\u00d3N DE C\u00d3RDOBA\"}]},{\"@type\":\"WebSite\",\"@id\":\"https:\/\/apuntesdesanluis.com\/#website\",\"url\":\"https:\/\/apuntesdesanluis.com\/\",\"name\":\"Apuntes de San Luis\",\"description\":\"\",\"publisher\":{\"@id\":\"https:\/\/apuntesdesanluis.com\/#\/schema\/person\/b55151d52296fcce64d1a72538a70b90\"},\"potentialAction\":[{\"@type\":\"SearchAction\",\"target\":{\"@type\":\"EntryPoint\",\"urlTemplate\":\"https:\/\/apuntesdesanluis.com\/?s={search_term_string}\"},\"query-input\":{\"@type\":\"PropertyValueSpecification\",\"valueRequired\":true,\"valueName\":\"search_term_string\"}}],\"inLanguage\":\"es-AR\"},{\"@type\":[\"Person\",\"Organization\"],\"@id\":\"https:\/\/apuntesdesanluis.com\/#\/schema\/person\/b55151d52296fcce64d1a72538a70b90\",\"name\":\"apuntesdesanluis.com\",\"image\":{\"@type\":\"ImageObject\",\"inLanguage\":\"es-AR\",\"@id\":\"https:\/\/apuntesdesanluis.com\/#\/schema\/person\/image\/\",\"url\":\"https:\/\/apuntesdesanluis.com\/wp-content\/uploads\/2023\/07\/cropped-apuntesdesanluis.png\",\"contentUrl\":\"https:\/\/apuntesdesanluis.com\/wp-content\/uploads\/2023\/07\/cropped-apuntesdesanluis.png\",\"width\":450,\"height\":112,\"caption\":\"apuntesdesanluis.com\"},\"logo\":{\"@id\":\"https:\/\/apuntesdesanluis.com\/#\/schema\/person\/image\/\"},\"sameAs\":[\"https:\/\/apuntesdesanluis.com\"],\"url\":\"https:\/\/apuntesdesanluis.com\/index.php\/author\/apuntesdesanluis-com\/\"}]}<\/script>\n<!-- \/ Yoast SEO plugin. -->","yoast_head_json":{"title":"POGGI SE REUNI\u00d3 CON EL MINISTRO DE EDUCACI\u00d3N DE C\u00d3RDOBA - Apuntes de San Luis","robots":{"index":"index","follow":"follow","max-snippet":"max-snippet:-1","max-image-preview":"max-image-preview:large","max-video-preview":"max-video-preview:-1"},"canonical":"https:\/\/apuntesdesanluis.com\/index.php\/2024\/07\/03\/poggi-se-reunio-con-el-ministro-de-educacion-de-cordoba\/","og_locale":"es_ES","og_type":"article","og_title":"POGGI SE REUNI\u00d3 CON EL MINISTRO DE EDUCACI\u00d3N DE C\u00d3RDOBA - Apuntes de San Luis","og_description":"El Gobernador recibi\u00f3 este mi\u00e9rcoles los saludos protocolares de Horacio Ferreyra, quien lleg\u00f3 a San...","og_url":"https:\/\/apuntesdesanluis.com\/index.php\/2024\/07\/03\/poggi-se-reunio-con-el-ministro-de-educacion-de-cordoba\/","og_site_name":"Apuntes de San Luis","article_published_time":"2024-07-03T21:39:57+00:00","article_modified_time":"2024-07-03T21:40:13+00:00","og_image":[{"width":600,"height":363,"url":"https:\/\/apuntesdesanluis.com\/wp-content\/uploads\/2024\/07\/POGGI-CON-MNIISTROS.png","type":"image\/png"}],"author":"apuntesdesanluis.com","twitter_card":"summary_large_image","twitter_misc":{"Escrito por":"apuntesdesanluis.com","Tiempo de lectura":"2 minutos"},"schema":{"@context":"https:\/\/schema.org","@graph":[{"@type":"Article","@id":"https:\/\/apuntesdesanluis.com\/index.php\/2024\/07\/03\/poggi-se-reunio-con-el-ministro-de-educacion-de-cordoba\/#article","isPartOf":{"@id":"https:\/\/apuntesdesanluis.com\/index.php\/2024\/07\/03\/poggi-se-reunio-con-el-ministro-de-educacion-de-cordoba\/"},"author":{"name":"apuntesdesanluis.com","@id":"https:\/\/apuntesdesanluis.com\/#\/schema\/person\/b55151d52296fcce64d1a72538a70b90"},"headline":"POGGI SE REUNI\u00d3 CON EL MINISTRO DE EDUCACI\u00d3N DE C\u00d3RDOBA","datePublished":"2024-07-03T21:39:57+00:00","dateModified":"2024-07-03T21:40:13+00:00","mainEntityOfPage":{"@id":"https:\/\/apuntesdesanluis.com\/index.php\/2024\/07\/03\/poggi-se-reunio-con-el-ministro-de-educacion-de-cordoba\/"},"wordCount":283,"publisher":{"@id":"https:\/\/apuntesdesanluis.com\/#\/schema\/person\/b55151d52296fcce64d1a72538a70b90"},"image":{"@id":"https:\/\/apuntesdesanluis.com\/index.php\/2024\/07\/03\/poggi-se-reunio-con-el-ministro-de-educacion-de-cordoba\/#primaryimage"},"thumbnailUrl":"https:\/\/apuntesdesanluis.com\/wp-content\/uploads\/2024\/07\/POGGI-CON-MNIISTROS.png","articleSection":["Ciudad\/Provincia"],"inLanguage":"es-AR"},{"@type":"WebPage","@id":"https:\/\/apuntesdesanluis.com\/index.php\/2024\/07\/03\/poggi-se-reunio-con-el-ministro-de-educacion-de-cordoba\/","url":"https:\/\/apuntesdesanluis.com\/index.php\/2024\/07\/03\/poggi-se-reunio-con-el-ministro-de-educacion-de-cordoba\/","name":"POGGI SE REUNI\u00d3 CON EL MINISTRO DE EDUCACI\u00d3N DE C\u00d3RDOBA - Apuntes de San Luis","isPartOf":{"@id":"https:\/\/apuntesdesanluis.com\/#website"},"primaryImageOfPage":{"@id":"https:\/\/apuntesdesanluis.com\/index.php\/2024\/07\/03\/poggi-se-reunio-con-el-ministro-de-educacion-de-cordoba\/#primaryimage"},"image":{"@id":"https:\/\/apuntesdesanluis.com\/index.php\/2024\/07\/03\/poggi-se-reunio-con-el-ministro-de-educacion-de-cordoba\/#primaryimage"},"thumbnailUrl":"https:\/\/apuntesdesanluis.com\/wp-content\/uploads\/2024\/07\/POGGI-CON-MNIISTROS.png","datePublished":"2024-07-03T21:39:57+00:00","dateModified":"2024-07-03T21:40:13+00:00","breadcrumb":{"@id":"https:\/\/apuntesdesanluis.com\/index.php\/2024\/07\/03\/poggi-se-reunio-con-el-ministro-de-educacion-de-cordoba\/#breadcrumb"},"inLanguage":"es-AR","potentialAction":[{"@type":"ReadAction","target":["https:\/\/apuntesdesanluis.com\/index.php\/2024\/07\/03\/poggi-se-reunio-con-el-ministro-de-educacion-de-cordoba\/"]}]},{"@type":"ImageObject","inLanguage":"es-AR","@id":"https:\/\/apuntesdesanluis.com\/index.php\/2024\/07\/03\/poggi-se-reunio-con-el-ministro-de-educacion-de-cordoba\/#primaryimage","url":"https:\/\/apuntesdesanluis.com\/wp-content\/uploads\/2024\/07\/POGGI-CON-MNIISTROS.png","contentUrl":"https:\/\/apuntesdesanluis.com\/wp-content\/uploads\/2024\/07\/POGGI-CON-MNIISTROS.png","width":600,"height":363},{"@type":"BreadcrumbList","@id":"https:\/\/apuntesdesanluis.com\/index.php\/2024\/07\/03\/poggi-se-reunio-con-el-ministro-de-educacion-de-cordoba\/#breadcrumb","itemListElement":[{"@type":"ListItem","position":1,"name":"Inicio","item":"https:\/\/apuntesdesanluis.com\/"},{"@type":"ListItem","position":2,"name":"POGGI SE REUNI\u00d3 CON EL MINISTRO DE EDUCACI\u00d3N DE C\u00d3RDOBA"}]},{"@type":"WebSite","@id":"https:\/\/apuntesdesanluis.com\/#website","url":"https:\/\/apuntesdesanluis.com\/","name":"Apuntes de San Luis","description":"","publisher":{"@id":"https:\/\/apuntesdesanluis.com\/#\/schema\/person\/b55151d52296fcce64d1a72538a70b90"},"potentialAction":[{"@type":"SearchAction","target":{"@type":"EntryPoint","urlTemplate":"https:\/\/apuntesdesanluis.com\/?s={search_term_string}"},"query-input":{"@type":"PropertyValueSpecification","valueRequired":true,"valueName":"search_term_string"}}],"inLanguage":"es-AR"},{"@type":["Person","Organization"],"@id":"https:\/\/apuntesdesanluis.com\/#\/schema\/person\/b55151d52296fcce64d1a72538a70b90","name":"apuntesdesanluis.com","image":{"@type":"ImageObject","inLanguage":"es-AR","@id":"https:\/\/apuntesdesanluis.com\/#\/schema\/person\/image\/","url":"https:\/\/apuntesdesanluis.com\/wp-content\/uploads\/2023\/07\/cropped-apuntesdesanluis.png","contentUrl":"https:\/\/apuntesdesanluis.com\/wp-content\/uploads\/2023\/07\/cropped-apuntesdesanluis.png","width":450,"height":112,"caption":"apuntesdesanluis.com"},"logo":{"@id":"https:\/\/apuntesdesanluis.com\/#\/schema\/person\/image\/"},"sameAs":["https:\/\/apuntesdesanluis.com"],"url":"https:\/\/apuntesdesanluis.com\/index.php\/author\/apuntesdesanluis-com\/"}]}},"featured_image_urls":{"full":["https:\/\/apuntesdesanluis.com\/wp-content\/uploads\/2024\/07\/POGGI-CON-MNIISTROS.png",600,363,false],"thumbnail":["https:\/\/apuntesdesanluis.com\/wp-content\/uploads\/2024\/07\/POGGI-CON-MNIISTROS-150x150.png",150,150,true],"medium":["https:\/\/apuntesdesanluis.com\/wp-content\/uploads\/2024\/07\/POGGI-CON-MNIISTROS-300x182.png",300,182,true],"medium_large":["https:\/\/apuntesdesanluis.com\/wp-content\/uploads\/2024\/07\/POGGI-CON-MNIISTROS.png",600,363,false],"large":["https:\/\/apuntesdesanluis.com\/wp-content\/uploads\/2024\/07\/POGGI-CON-MNIISTROS.png",600,363,false],"1536x1536":["https:\/\/apuntesdesanluis.com\/wp-content\/uploads\/2024\/07\/POGGI-CON-MNIISTROS.png",600,363,false],"2048x2048":["https:\/\/apuntesdesanluis.com\/wp-content\/uploads\/2024\/07\/POGGI-CON-MNIISTROS.png",600,363,false],"newsever-slider-full":["https:\/\/apuntesdesanluis.com\/wp-content\/uploads\/2024\/07\/POGGI-CON-MNIISTROS.png",600,363,false],"newsever-featured":["https:\/\/apuntesdesanluis.com\/wp-content\/uploads\/2024\/07\/POGGI-CON-MNIISTROS.png",600,363,false],"newsever-medium":["https:\/\/apuntesdesanluis.com\/wp-content\/uploads\/2024\/07\/POGGI-CON-MNIISTROS.png",600,363,false]},"author_info":{"display_name":"apuntesdesanluis.com","author_link":"https:\/\/apuntesdesanluis.com\/index.php\/author\/apuntesdesanluis-com\/"},"category_info":"<a href=\"https:\/\/apuntesdesanluis.com\/index.php\/category\/ciudad-provincia\/\" rel=\"category tag\">Ciudad\/Provincia<\/a>","tag_info":"Ciudad\/Provincia","comment_count":"0","_links":{"self":[{"href":"https:\/\/apuntesdesanluis.com\/index.php\/wp-json\/wp\/v2\/posts\/18726","targetHints":{"allow":["GET"]}}],"collection":[{"href":"https:\/\/apuntesdesanluis.com\/index.php\/wp-json\/wp\/v2\/posts"}],"about":[{"href":"https:\/\/apuntesdesanluis.com\/index.php\/wp-json\/wp\/v2\/types\/post"}],"author":[{"embeddable":true,"href":"https:\/\/apuntesdesanluis.com\/index.php\/wp-json\/wp\/v2\/users\/1"}],"replies":[{"embeddable":true,"href":"https:\/\/apuntesdesanluis.com\/index.php\/wp-json\/wp\/v2\/comments?post=18726"}],"version-history":[{"count":2,"href":"https:\/\/apuntesdesanluis.com\/index.php\/wp-json\/wp\/v2\/posts\/18726\/revisions"}],"predecessor-version":[{"id":18730,"href":"https:\/\/apuntesdesanluis.com\/index.php\/wp-json\/wp\/v2\/posts\/18726\/revisions\/18730"}],"wp:featuredmedia":[{"embeddable":true,"href":"https:\/\/apuntesdesanluis.com\/index.php\/wp-json\/wp\/v2\/media\/18727"}],"wp:attachment":[{"href":"https:\/\/apuntesdesanluis.com\/index.php\/wp-json\/wp\/v2\/media?parent=18726"}],"wp:term":[{"taxonomy":"category","embeddable":true,"href":"https:\/\/apuntesdesanluis.com\/index.php\/wp-json\/wp\/v2\/categories?post=18726"},{"taxonomy":"post_tag","embeddable":true,"href":"https:\/\/apuntesdesanluis.com\/index.php\/wp-json\/wp\/v2\/tags?post=18726"}],"curies":[{"name":"wp","href":"https:\/\/api.w.org\/{rel}","templated":true}]}}