{"id":18731,"date":"2024-07-03T18:46:41","date_gmt":"2024-07-03T21:46:41","guid":{"rendered":"https:\/\/apuntesdesanluis.com\/?p=18731"},"modified":"2024-07-03T18:46:41","modified_gmt":"2024-07-03T21:46:41","slug":"elevan-a-juicio-oral-una-causa-de-encubrimiento-agravado-contra-dos-sujetos","status":"publish","type":"post","link":"https:\/\/apuntesdesanluis.com\/index.php\/2024\/07\/03\/elevan-a-juicio-oral-una-causa-de-encubrimiento-agravado-contra-dos-sujetos\/","title":{"rendered":"ELEVAN A JUICIO ORAL UNA CAUSA DE ENCUBRIMIENTO AGRAVADO CONTRA DOS SUJETOS"},"content":{"rendered":"<h3>Esta audiencia de control de acusaci\u00f3n se desarroll\u00f3 en el Juzgado de Garant\u00eda N\u00ba 4 de la Segunda Circunscripci\u00f3n Judicial.<\/h3>\n<h3>El Juez de Garant\u00eda N\u00ba 4 \u2013 Dr. Santiago Ortiz- dispuso en una audiencia de control de acusaci\u00f3n, la apertura a juicio en contra de dos personas acusadas por encubrimiento agravado.<\/h3>\n<h3>Participaron de la audiencia la Dra. Daniela Torres \u2013Fiscal de Instrucci\u00f3n-, el Dr. Alberto Orellana \u2013Fiscal Adjunto- la Dra. Noelia P\u00e1ez \u2013Defensora Adjunta- y la Dra. Daniela L\u00f3pez Martin \u2013Secretaria-.<\/h3>\n<h3>Esta causa est\u00e1 relacionada a un hecho de robo ocurrido el 22 de enero de 2024.\u00a0 Un hombre se apoder\u00f3 de elementos de una vivienda, al d\u00eda siguiente, asisti\u00f3 en compa\u00f1\u00eda de los dos imputados por encubrimiento a vender los elementos robados.<\/h3>\n<h3>Los acusados, que no participaron del robo pero si de la venta de elementos,\u00a0 fueron identificados por registros de c\u00e1maras de seguridad del local y de la v\u00eda p\u00fablica.<\/h3>\n<h3>La fiscal\u00eda formul\u00f3 acusaci\u00f3n por el delito de encubrimiento agravado (previsto y penado en el art. 277 inc. tercero, apartado b, del C\u00f3digo Penal)\u00a0 y solicit\u00f3 la pena de tres a\u00f1os de prisi\u00f3n, accesorias legales y costas procesales.<\/h3>\n<h3>Luego de que las partes ofrecieran las pruebas instrumentales y\u00a0 testimoniales y fueran admitidas, el Juez orden\u00f3 la remisi\u00f3n de la causa a la oficina judicial a los efectos de la designaci\u00f3n del Tribunal de Juicio Colegiado y a la fijaci\u00f3n de fecha para el debate oral.<\/h3>\n<p>&nbsp;<\/p>\n<p>&nbsp;<\/p>\n<p>&nbsp;<\/p>\n","protected":false},"excerpt":{"rendered":"<p>Esta audiencia de control de acusaci\u00f3n se desarroll\u00f3 en el Juzgado de Garant\u00eda N\u00ba 4&#8230;<\/p>\n","protected":false},"author":1,"featured_media":764,"comment_status":"closed","ping_status":"closed","sticky":false,"template":"","format":"standard","meta":{"footnotes":""},"categories":[6],"tags":[],"class_list":["post-18731","post","type-post","status-publish","format-standard","has-post-thumbnail","hentry","category-ciudad-provincia"],"yoast_head":"<!-- This site is optimized with the Yoast SEO plugin v26.1.1 - https:\/\/yoast.com\/wordpress\/plugins\/seo\/ -->\n<title>ELEVAN A JUICIO ORAL UNA CAUSA DE ENCUBRIMIENTO AGRAVADO CONTRA DOS SUJETOS - Apuntes de San Luis<\/title>\n<meta name=\"robots\" content=\"index, follow, max-snippet:-1, max-image-preview:large, max-video-preview:-1\" \/>\n<link rel=\"canonical\" href=\"https:\/\/apuntesdesanluis.com\/index.php\/2024\/07\/03\/elevan-a-juicio-oral-una-causa-de-encubrimiento-agravado-contra-dos-sujetos\/\" \/>\n<meta property=\"og:locale\" content=\"es_ES\" \/>\n<meta property=\"og:type\" content=\"article\" \/>\n<meta property=\"og:title\" content=\"ELEVAN A JUICIO ORAL UNA CAUSA DE ENCUBRIMIENTO AGRAVADO CONTRA DOS SUJETOS - Apuntes de San Luis\" \/>\n<meta property=\"og:description\" content=\"Esta audiencia de control de acusaci\u00f3n se desarroll\u00f3 en el Juzgado de Garant\u00eda N\u00ba 4...\" \/>\n<meta property=\"og:url\" content=\"https:\/\/apuntesdesanluis.com\/index.php\/2024\/07\/03\/elevan-a-juicio-oral-una-causa-de-encubrimiento-agravado-contra-dos-sujetos\/\" \/>\n<meta property=\"og:site_name\" content=\"Apuntes de San Luis\" \/>\n<meta property=\"article:published_time\" content=\"2024-07-03T21:46:41+00:00\" \/>\n<meta property=\"og:image\" content=\"https:\/\/apuntesdesanluis.com\/wp-content\/uploads\/2023\/07\/tribunales-de-villa-mercedes.png\" \/>\n\t<meta property=\"og:image:width\" content=\"739\" \/>\n\t<meta property=\"og:image:height\" content=\"443\" \/>\n\t<meta property=\"og:image:type\" content=\"image\/png\" \/>\n<meta name=\"author\" content=\"apuntesdesanluis.com\" \/>\n<meta name=\"twitter:card\" content=\"summary_large_image\" \/>\n<meta name=\"twitter:label1\" content=\"Escrito por\" \/>\n\t<meta name=\"twitter:data1\" content=\"apuntesdesanluis.com\" \/>\n\t<meta name=\"twitter:label2\" content=\"Tiempo de lectura\" \/>\n\t<meta name=\"twitter:data2\" content=\"2 minutos\" \/>\n<script type=\"application\/ld+json\" class=\"yoast-schema-graph\">{\"@context\":\"https:\/\/schema.org\",\"@graph\":[{\"@type\":\"Article\",\"@id\":\"https:\/\/apuntesdesanluis.com\/index.php\/2024\/07\/03\/elevan-a-juicio-oral-una-causa-de-encubrimiento-agravado-contra-dos-sujetos\/#article\",\"isPartOf\":{\"@id\":\"https:\/\/apuntesdesanluis.com\/index.php\/2024\/07\/03\/elevan-a-juicio-oral-una-causa-de-encubrimiento-agravado-contra-dos-sujetos\/\"},\"author\":{\"name\":\"apuntesdesanluis.com\",\"@id\":\"https:\/\/apuntesdesanluis.com\/#\/schema\/person\/b55151d52296fcce64d1a72538a70b90\"},\"headline\":\"ELEVAN A JUICIO ORAL UNA CAUSA DE ENCUBRIMIENTO AGRAVADO CONTRA DOS SUJETOS\",\"datePublished\":\"2024-07-03T21:46:41+00:00\",\"mainEntityOfPage\":{\"@id\":\"https:\/\/apuntesdesanluis.com\/index.php\/2024\/07\/03\/elevan-a-juicio-oral-una-causa-de-encubrimiento-agravado-contra-dos-sujetos\/\"},\"wordCount\":267,\"publisher\":{\"@id\":\"https:\/\/apuntesdesanluis.com\/#\/schema\/person\/b55151d52296fcce64d1a72538a70b90\"},\"image\":{\"@id\":\"https:\/\/apuntesdesanluis.com\/index.php\/2024\/07\/03\/elevan-a-juicio-oral-una-causa-de-encubrimiento-agravado-contra-dos-sujetos\/#primaryimage\"},\"thumbnailUrl\":\"https:\/\/apuntesdesanluis.com\/wp-content\/uploads\/2023\/07\/tribunales-de-villa-mercedes.png\",\"articleSection\":[\"Ciudad\/Provincia\"],\"inLanguage\":\"es-AR\"},{\"@type\":\"WebPage\",\"@id\":\"https:\/\/apuntesdesanluis.com\/index.php\/2024\/07\/03\/elevan-a-juicio-oral-una-causa-de-encubrimiento-agravado-contra-dos-sujetos\/\",\"url\":\"https:\/\/apuntesdesanluis.com\/index.php\/2024\/07\/03\/elevan-a-juicio-oral-una-causa-de-encubrimiento-agravado-contra-dos-sujetos\/\",\"name\":\"ELEVAN A JUICIO ORAL UNA CAUSA DE ENCUBRIMIENTO AGRAVADO CONTRA DOS SUJETOS - Apuntes de San Luis\",\"isPartOf\":{\"@id\":\"https:\/\/apuntesdesanluis.com\/#website\"},\"primaryImageOfPage\":{\"@id\":\"https:\/\/apuntesdesanluis.com\/index.php\/2024\/07\/03\/elevan-a-juicio-oral-una-causa-de-encubrimiento-agravado-contra-dos-sujetos\/#primaryimage\"},\"image\":{\"@id\":\"https:\/\/apuntesdesanluis.com\/index.php\/2024\/07\/03\/elevan-a-juicio-oral-una-causa-de-encubrimiento-agravado-contra-dos-sujetos\/#primaryimage\"},\"thumbnailUrl\":\"https:\/\/apuntesdesanluis.com\/wp-content\/uploads\/2023\/07\/tribunales-de-villa-mercedes.png\",\"datePublished\":\"2024-07-03T21:46:41+00:00\",\"breadcrumb\":{\"@id\":\"https:\/\/apuntesdesanluis.com\/index.php\/2024\/07\/03\/elevan-a-juicio-oral-una-causa-de-encubrimiento-agravado-contra-dos-sujetos\/#breadcrumb\"},\"inLanguage\":\"es-AR\",\"potentialAction\":[{\"@type\":\"ReadAction\",\"target\":[\"https:\/\/apuntesdesanluis.com\/index.php\/2024\/07\/03\/elevan-a-juicio-oral-una-causa-de-encubrimiento-agravado-contra-dos-sujetos\/\"]}]},{\"@type\":\"ImageObject\",\"inLanguage\":\"es-AR\",\"@id\":\"https:\/\/apuntesdesanluis.com\/index.php\/2024\/07\/03\/elevan-a-juicio-oral-una-causa-de-encubrimiento-agravado-contra-dos-sujetos\/#primaryimage\",\"url\":\"https:\/\/apuntesdesanluis.com\/wp-content\/uploads\/2023\/07\/tribunales-de-villa-mercedes.png\",\"contentUrl\":\"https:\/\/apuntesdesanluis.com\/wp-content\/uploads\/2023\/07\/tribunales-de-villa-mercedes.png\",\"width\":739,\"height\":443},{\"@type\":\"BreadcrumbList\",\"@id\":\"https:\/\/apuntesdesanluis.com\/index.php\/2024\/07\/03\/elevan-a-juicio-oral-una-causa-de-encubrimiento-agravado-contra-dos-sujetos\/#breadcrumb\",\"itemListElement\":[{\"@type\":\"ListItem\",\"position\":1,\"name\":\"Inicio\",\"item\":\"https:\/\/apuntesdesanluis.com\/\"},{\"@type\":\"ListItem\",\"position\":2,\"name\":\"ELEVAN A JUICIO ORAL UNA CAUSA DE ENCUBRIMIENTO AGRAVADO CONTRA DOS SUJETOS\"}]},{\"@type\":\"WebSite\",\"@id\":\"https:\/\/apuntesdesanluis.com\/#website\",\"url\":\"https:\/\/apuntesdesanluis.com\/\",\"name\":\"Apuntes de San Luis\",\"description\":\"\",\"publisher\":{\"@id\":\"https:\/\/apuntesdesanluis.com\/#\/schema\/person\/b55151d52296fcce64d1a72538a70b90\"},\"potentialAction\":[{\"@type\":\"SearchAction\",\"target\":{\"@type\":\"EntryPoint\",\"urlTemplate\":\"https:\/\/apuntesdesanluis.com\/?s={search_term_string}\"},\"query-input\":{\"@type\":\"PropertyValueSpecification\",\"valueRequired\":true,\"valueName\":\"search_term_string\"}}],\"inLanguage\":\"es-AR\"},{\"@type\":[\"Person\",\"Organization\"],\"@id\":\"https:\/\/apuntesdesanluis.com\/#\/schema\/person\/b55151d52296fcce64d1a72538a70b90\",\"name\":\"apuntesdesanluis.com\",\"image\":{\"@type\":\"ImageObject\",\"inLanguage\":\"es-AR\",\"@id\":\"https:\/\/apuntesdesanluis.com\/#\/schema\/person\/image\/\",\"url\":\"https:\/\/apuntesdesanluis.com\/wp-content\/uploads\/2023\/07\/cropped-apuntesdesanluis.png\",\"contentUrl\":\"https:\/\/apuntesdesanluis.com\/wp-content\/uploads\/2023\/07\/cropped-apuntesdesanluis.png\",\"width\":450,\"height\":112,\"caption\":\"apuntesdesanluis.com\"},\"logo\":{\"@id\":\"https:\/\/apuntesdesanluis.com\/#\/schema\/person\/image\/\"},\"sameAs\":[\"https:\/\/apuntesdesanluis.com\"],\"url\":\"https:\/\/apuntesdesanluis.com\/index.php\/author\/apuntesdesanluis-com\/\"}]}<\/script>\n<!-- \/ Yoast SEO plugin. -->","yoast_head_json":{"title":"ELEVAN A JUICIO ORAL UNA CAUSA DE ENCUBRIMIENTO AGRAVADO CONTRA DOS SUJETOS - Apuntes de San Luis","robots":{"index":"index","follow":"follow","max-snippet":"max-snippet:-1","max-image-preview":"max-image-preview:large","max-video-preview":"max-video-preview:-1"},"canonical":"https:\/\/apuntesdesanluis.com\/index.php\/2024\/07\/03\/elevan-a-juicio-oral-una-causa-de-encubrimiento-agravado-contra-dos-sujetos\/","og_locale":"es_ES","og_type":"article","og_title":"ELEVAN A JUICIO ORAL UNA CAUSA DE ENCUBRIMIENTO AGRAVADO CONTRA DOS SUJETOS - Apuntes de San Luis","og_description":"Esta audiencia de control de acusaci\u00f3n se desarroll\u00f3 en el Juzgado de Garant\u00eda N\u00ba 4...","og_url":"https:\/\/apuntesdesanluis.com\/index.php\/2024\/07\/03\/elevan-a-juicio-oral-una-causa-de-encubrimiento-agravado-contra-dos-sujetos\/","og_site_name":"Apuntes de San Luis","article_published_time":"2024-07-03T21:46:41+00:00","og_image":[{"width":739,"height":443,"url":"https:\/\/apuntesdesanluis.com\/wp-content\/uploads\/2023\/07\/tribunales-de-villa-mercedes.png","type":"image\/png"}],"author":"apuntesdesanluis.com","twitter_card":"summary_large_image","twitter_misc":{"Escrito por":"apuntesdesanluis.com","Tiempo de lectura":"2 minutos"},"schema":{"@context":"https:\/\/schema.org","@graph":[{"@type":"Article","@id":"https:\/\/apuntesdesanluis.com\/index.php\/2024\/07\/03\/elevan-a-juicio-oral-una-causa-de-encubrimiento-agravado-contra-dos-sujetos\/#article","isPartOf":{"@id":"https:\/\/apuntesdesanluis.com\/index.php\/2024\/07\/03\/elevan-a-juicio-oral-una-causa-de-encubrimiento-agravado-contra-dos-sujetos\/"},"author":{"name":"apuntesdesanluis.com","@id":"https:\/\/apuntesdesanluis.com\/#\/schema\/person\/b55151d52296fcce64d1a72538a70b90"},"headline":"ELEVAN A JUICIO ORAL UNA CAUSA DE ENCUBRIMIENTO AGRAVADO CONTRA DOS SUJETOS","datePublished":"2024-07-03T21:46:41+00:00","mainEntityOfPage":{"@id":"https:\/\/apuntesdesanluis.com\/index.php\/2024\/07\/03\/elevan-a-juicio-oral-una-causa-de-encubrimiento-agravado-contra-dos-sujetos\/"},"wordCount":267,"publisher":{"@id":"https:\/\/apuntesdesanluis.com\/#\/schema\/person\/b55151d52296fcce64d1a72538a70b90"},"image":{"@id":"https:\/\/apuntesdesanluis.com\/index.php\/2024\/07\/03\/elevan-a-juicio-oral-una-causa-de-encubrimiento-agravado-contra-dos-sujetos\/#primaryimage"},"thumbnailUrl":"https:\/\/apuntesdesanluis.com\/wp-content\/uploads\/2023\/07\/tribunales-de-villa-mercedes.png","articleSection":["Ciudad\/Provincia"],"inLanguage":"es-AR"},{"@type":"WebPage","@id":"https:\/\/apuntesdesanluis.com\/index.php\/2024\/07\/03\/elevan-a-juicio-oral-una-causa-de-encubrimiento-agravado-contra-dos-sujetos\/","url":"https:\/\/apuntesdesanluis.com\/index.php\/2024\/07\/03\/elevan-a-juicio-oral-una-causa-de-encubrimiento-agravado-contra-dos-sujetos\/","name":"ELEVAN A JUICIO ORAL UNA CAUSA DE ENCUBRIMIENTO AGRAVADO CONTRA DOS SUJETOS - Apuntes de San Luis","isPartOf":{"@id":"https:\/\/apuntesdesanluis.com\/#website"},"primaryImageOfPage":{"@id":"https:\/\/apuntesdesanluis.com\/index.php\/2024\/07\/03\/elevan-a-juicio-oral-una-causa-de-encubrimiento-agravado-contra-dos-sujetos\/#primaryimage"},"image":{"@id":"https:\/\/apuntesdesanluis.com\/index.php\/2024\/07\/03\/elevan-a-juicio-oral-una-causa-de-encubrimiento-agravado-contra-dos-sujetos\/#primaryimage"},"thumbnailUrl":"https:\/\/apuntesdesanluis.com\/wp-content\/uploads\/2023\/07\/tribunales-de-villa-mercedes.png","datePublished":"2024-07-03T21:46:41+00:00","breadcrumb":{"@id":"https:\/\/apuntesdesanluis.com\/index.php\/2024\/07\/03\/elevan-a-juicio-oral-una-causa-de-encubrimiento-agravado-contra-dos-sujetos\/#breadcrumb"},"inLanguage":"es-AR","potentialAction":[{"@type":"ReadAction","target":["https:\/\/apuntesdesanluis.com\/index.php\/2024\/07\/03\/elevan-a-juicio-oral-una-causa-de-encubrimiento-agravado-contra-dos-sujetos\/"]}]},{"@type":"ImageObject","inLanguage":"es-AR","@id":"https:\/\/apuntesdesanluis.com\/index.php\/2024\/07\/03\/elevan-a-juicio-oral-una-causa-de-encubrimiento-agravado-contra-dos-sujetos\/#primaryimage","url":"https:\/\/apuntesdesanluis.com\/wp-content\/uploads\/2023\/07\/tribunales-de-villa-mercedes.png","contentUrl":"https:\/\/apuntesdesanluis.com\/wp-content\/uploads\/2023\/07\/tribunales-de-villa-mercedes.png","width":739,"height":443},{"@type":"BreadcrumbList","@id":"https:\/\/apuntesdesanluis.com\/index.php\/2024\/07\/03\/elevan-a-juicio-oral-una-causa-de-encubrimiento-agravado-contra-dos-sujetos\/#breadcrumb","itemListElement":[{"@type":"ListItem","position":1,"name":"Inicio","item":"https:\/\/apuntesdesanluis.com\/"},{"@type":"ListItem","position":2,"name":"ELEVAN A JUICIO ORAL UNA CAUSA DE ENCUBRIMIENTO AGRAVADO CONTRA DOS SUJETOS"}]},{"@type":"WebSite","@id":"https:\/\/apuntesdesanluis.com\/#website","url":"https:\/\/apuntesdesanluis.com\/","name":"Apuntes de San Luis","description":"","publisher":{"@id":"https:\/\/apuntesdesanluis.com\/#\/schema\/person\/b55151d52296fcce64d1a72538a70b90"},"potentialAction":[{"@type":"SearchAction","target":{"@type":"EntryPoint","urlTemplate":"https:\/\/apuntesdesanluis.com\/?s={search_term_string}"},"query-input":{"@type":"PropertyValueSpecification","valueRequired":true,"valueName":"search_term_string"}}],"inLanguage":"es-AR"},{"@type":["Person","Organization"],"@id":"https:\/\/apuntesdesanluis.com\/#\/schema\/person\/b55151d52296fcce64d1a72538a70b90","name":"apuntesdesanluis.com","image":{"@type":"ImageObject","inLanguage":"es-AR","@id":"https:\/\/apuntesdesanluis.com\/#\/schema\/person\/image\/","url":"https:\/\/apuntesdesanluis.com\/wp-content\/uploads\/2023\/07\/cropped-apuntesdesanluis.png","contentUrl":"https:\/\/apuntesdesanluis.com\/wp-content\/uploads\/2023\/07\/cropped-apuntesdesanluis.png","width":450,"height":112,"caption":"apuntesdesanluis.com"},"logo":{"@id":"https:\/\/apuntesdesanluis.com\/#\/schema\/person\/image\/"},"sameAs":["https:\/\/apuntesdesanluis.com"],"url":"https:\/\/apuntesdesanluis.com\/index.php\/author\/apuntesdesanluis-com\/"}]}},"featured_image_urls":{"full":["https:\/\/apuntesdesanluis.com\/wp-content\/uploads\/2023\/07\/tribunales-de-villa-mercedes.png",739,443,false],"thumbnail":["https:\/\/apuntesdesanluis.com\/wp-content\/uploads\/2023\/07\/tribunales-de-villa-mercedes-150x150.png",150,150,true],"medium":["https:\/\/apuntesdesanluis.com\/wp-content\/uploads\/2023\/07\/tribunales-de-villa-mercedes-300x180.png",300,180,true],"medium_large":["https:\/\/apuntesdesanluis.com\/wp-content\/uploads\/2023\/07\/tribunales-de-villa-mercedes.png",640,384,false],"large":["https:\/\/apuntesdesanluis.com\/wp-content\/uploads\/2023\/07\/tribunales-de-villa-mercedes.png",640,384,false],"1536x1536":["https:\/\/apuntesdesanluis.com\/wp-content\/uploads\/2023\/07\/tribunales-de-villa-mercedes.png",739,443,false],"2048x2048":["https:\/\/apuntesdesanluis.com\/wp-content\/uploads\/2023\/07\/tribunales-de-villa-mercedes.png",739,443,false],"newsever-slider-full":["https:\/\/apuntesdesanluis.com\/wp-content\/uploads\/2023\/07\/tribunales-de-villa-mercedes.png",739,443,false],"newsever-featured":["https:\/\/apuntesdesanluis.com\/wp-content\/uploads\/2023\/07\/tribunales-de-villa-mercedes.png",739,443,false],"newsever-medium":["https:\/\/apuntesdesanluis.com\/wp-content\/uploads\/2023\/07\/tribunales-de-villa-mercedes-720x443.png",720,443,true]},"author_info":{"display_name":"apuntesdesanluis.com","author_link":"https:\/\/apuntesdesanluis.com\/index.php\/author\/apuntesdesanluis-com\/"},"category_info":"<a href=\"https:\/\/apuntesdesanluis.com\/index.php\/category\/ciudad-provincia\/\" rel=\"category tag\">Ciudad\/Provincia<\/a>","tag_info":"Ciudad\/Provincia","comment_count":"0","_links":{"self":[{"href":"https:\/\/apuntesdesanluis.com\/index.php\/wp-json\/wp\/v2\/posts\/18731","targetHints":{"allow":["GET"]}}],"collection":[{"href":"https:\/\/apuntesdesanluis.com\/index.php\/wp-json\/wp\/v2\/posts"}],"about":[{"href":"https:\/\/apuntesdesanluis.com\/index.php\/wp-json\/wp\/v2\/types\/post"}],"author":[{"embeddable":true,"href":"https:\/\/apuntesdesanluis.com\/index.php\/wp-json\/wp\/v2\/users\/1"}],"replies":[{"embeddable":true,"href":"https:\/\/apuntesdesanluis.com\/index.php\/wp-json\/wp\/v2\/comments?post=18731"}],"version-history":[{"count":1,"href":"https:\/\/apuntesdesanluis.com\/index.php\/wp-json\/wp\/v2\/posts\/18731\/revisions"}],"predecessor-version":[{"id":18732,"href":"https:\/\/apuntesdesanluis.com\/index.php\/wp-json\/wp\/v2\/posts\/18731\/revisions\/18732"}],"wp:featuredmedia":[{"embeddable":true,"href":"https:\/\/apuntesdesanluis.com\/index.php\/wp-json\/wp\/v2\/media\/764"}],"wp:attachment":[{"href":"https:\/\/apuntesdesanluis.com\/index.php\/wp-json\/wp\/v2\/media?parent=18731"}],"wp:term":[{"taxonomy":"category","embeddable":true,"href":"https:\/\/apuntesdesanluis.com\/index.php\/wp-json\/wp\/v2\/categories?post=18731"},{"taxonomy":"post_tag","embeddable":true,"href":"https:\/\/apuntesdesanluis.com\/index.php\/wp-json\/wp\/v2\/tags?post=18731"}],"curies":[{"name":"wp","href":"https:\/\/api.w.org\/{rel}","templated":true}]}}