{"id":18733,"date":"2024-07-03T18:51:03","date_gmt":"2024-07-03T21:51:03","guid":{"rendered":"https:\/\/apuntesdesanluis.com\/?p=18733"},"modified":"2024-07-03T18:52:37","modified_gmt":"2024-07-03T21:52:37","slug":"san-luis-es-sede-de-un-importante-encuentro-de-cooperativismo-educacional","status":"publish","type":"post","link":"https:\/\/apuntesdesanluis.com\/index.php\/2024\/07\/03\/san-luis-es-sede-de-un-importante-encuentro-de-cooperativismo-educacional\/","title":{"rendered":"SAN LUIS ES SEDE DE UN IMPORTANTE ENCUENTRO DE COOPERATIVISMO EDUCACIONAL"},"content":{"rendered":"<h3>Desde este 4 de julio hasta el s\u00e1bado 6, en el Centro de Convenciones de la ciudad de La Punta tendr\u00e1n lugar las <strong>19\u00b0 Jornadas de Cooperativismo y Mutualismo Educacional<\/strong>. Ser\u00e1 el 13\u00b0 Encuentro del Mercosur y el 5\u00b0 Encuentro Latinoamericano. Participar\u00e1n autoridades y docentes de toda la Argentina y pa\u00edses lim\u00edtrofes.<\/h3>\n<h3>Se trata de un evento organizado por la C\u00e9lula Argentina y Latinoamericana de Cooperativismo y Mutualismo Educacional (CALCME), que se realiza todos los a\u00f1os en distintas provincias del pa\u00eds y que tiene por objetivo impulsar una educaci\u00f3n en valores que sea la base para un desarrollo comunitario sostenible.<\/h3>\n<h3>Este a\u00f1o fue elegida como anfitriona San Luis, convirti\u00e9ndose el Gobierno provincial en coorganizador a trav\u00e9s de la direcci\u00f3n de Cooperativas y Mutuales dependiente del Ministerio de Desarrollo Humano, que desde diciembre viene trabajando fuertemente en pol\u00edticas de cooperativismo y mutualismo. El cronograma de actividades, charlas y ponencias es el siguiente.<\/h3>\n<h3><strong>Cynthia Arriola<\/strong>, directora de Cooperativas y Mutuales, cont\u00f3 que los temas girar\u00e1n en torno a la cooperaci\u00f3n como desaf\u00edo pedag\u00f3gico. \u201cLas jornadas tienen previsto un cierre el s\u00e1bado 6 de julio, conmemorando el D\u00eda Internacional de las Cooperativas, con un panel dirigencial y la participaci\u00f3n de los diferentes pa\u00edses del Mercosur\u201d, agreg\u00f3. Las jornadas est\u00e1n dirigidas a docentes y 18 provincias ya han confirmado su presencia, con un total de 300 inscriptos, 100 de los cuales son de San Luis.<\/h3>\n<p>&nbsp;<\/p>\n<p><iframe title=\"Cynthia Arriola, directora de Cooperativas y Mutuales\" width=\"640\" height=\"360\" src=\"https:\/\/www.youtube.com\/embed\/khW3qwlbJkw?feature=oembed\" frameborder=\"0\" allow=\"accelerometer; autoplay; clipboard-write; encrypted-media; gyroscope; picture-in-picture; web-share\" referrerpolicy=\"strict-origin-when-cross-origin\" allowfullscreen><\/iframe><\/p>\n<h3>Debido al inter\u00e9s legislativo, ministerial y educativo, se otorgar\u00e1 puntaje docente. <strong>Gustavo Bertolini<\/strong>, ministro de Desarrollo Humano, indic\u00f3: \u201cSemejantes n\u00fameros de participaci\u00f3n ponen de manifiesto la envergadura de estos encuentros para docentes dedicados a la ense\u00f1anza del cooperativismo en la escuela. En San Luis no es algo habitual. Esto se est\u00e1 impulsando, desarrollando. Recordemos que el Gobernador plante\u00f3 p\u00fablicamente que el cooperativismo es una pol\u00edtica de Estado y est\u00e1 en nuestras manos la promoci\u00f3n de estas actividades que tienden a sensibilizar a la sociedad sobre este tipo de formas asociativas, tan importantes y tan necesarias para el desarrollo de una comunidad\u201d.<\/h3>\n<h3>Bertolini describi\u00f3 que tambi\u00e9n desarrollan en este momento un curso de capacitaci\u00f3n: \u201cSe dict\u00f3 la \u00faltima clase virtual el s\u00e1bado pasado con m\u00e1s de 40 docentes que ya han sido capacitados en cooperativismo y esperemos que de a poco, se empiece a trabajar con la ense\u00f1anza de los principios, valores y aspectos de la gesti\u00f3n cooperativa con los alumnos en los distintos niveles de ense\u00f1anza\u201d.<\/h3>\n<p>&nbsp;<\/p>\n<p><iframe title=\"Gustavo Bertolini  - 19\u00ba Jornadas de Cooperativismo y Mutualismo Educacional\" width=\"640\" height=\"360\" src=\"https:\/\/www.youtube.com\/embed\/1kEGpID6Hu8?feature=oembed\" frameborder=\"0\" allow=\"accelerometer; autoplay; clipboard-write; encrypted-media; gyroscope; picture-in-picture; web-share\" referrerpolicy=\"strict-origin-when-cross-origin\" allowfullscreen><\/iframe><\/p>\n<p>&nbsp;<\/p>\n<p>&nbsp;<\/p>\n<p>&nbsp;<\/p>\n<h3><\/h3>\n<p>&nbsp;<\/p>\n<p>&nbsp;<\/p>\n","protected":false},"excerpt":{"rendered":"<p>Desde este 4 de julio hasta el s\u00e1bado 6, en el Centro de Convenciones de&#8230;<\/p>\n","protected":false},"author":1,"featured_media":18734,"comment_status":"closed","ping_status":"closed","sticky":false,"template":"","format":"standard","meta":{"footnotes":""},"categories":[6],"tags":[],"class_list":["post-18733","post","type-post","status-publish","format-standard","has-post-thumbnail","hentry","category-ciudad-provincia"],"yoast_head":"<!-- This site is optimized with the Yoast SEO plugin v26.1.1 - https:\/\/yoast.com\/wordpress\/plugins\/seo\/ -->\n<title>SAN LUIS ES SEDE DE UN IMPORTANTE ENCUENTRO DE COOPERATIVISMO EDUCACIONAL - Apuntes de San Luis<\/title>\n<meta name=\"robots\" content=\"index, follow, max-snippet:-1, max-image-preview:large, max-video-preview:-1\" \/>\n<link rel=\"canonical\" href=\"https:\/\/apuntesdesanluis.com\/index.php\/2024\/07\/03\/san-luis-es-sede-de-un-importante-encuentro-de-cooperativismo-educacional\/\" \/>\n<meta property=\"og:locale\" content=\"es_ES\" \/>\n<meta property=\"og:type\" content=\"article\" \/>\n<meta property=\"og:title\" content=\"SAN LUIS ES SEDE DE UN IMPORTANTE ENCUENTRO DE COOPERATIVISMO EDUCACIONAL - Apuntes de San Luis\" \/>\n<meta property=\"og:description\" content=\"Desde este 4 de julio hasta el s\u00e1bado 6, en el Centro de Convenciones de...\" \/>\n<meta property=\"og:url\" content=\"https:\/\/apuntesdesanluis.com\/index.php\/2024\/07\/03\/san-luis-es-sede-de-un-importante-encuentro-de-cooperativismo-educacional\/\" \/>\n<meta property=\"og:site_name\" content=\"Apuntes de San Luis\" \/>\n<meta property=\"article:published_time\" content=\"2024-07-03T21:51:03+00:00\" \/>\n<meta property=\"article:modified_time\" content=\"2024-07-03T21:52:37+00:00\" \/>\n<meta property=\"og:image\" content=\"https:\/\/apuntesdesanluis.com\/wp-content\/uploads\/2024\/07\/encuentro-cooperativismo.png\" \/>\n\t<meta property=\"og:image:width\" content=\"600\" \/>\n\t<meta property=\"og:image:height\" content=\"365\" \/>\n\t<meta property=\"og:image:type\" content=\"image\/png\" \/>\n<meta name=\"author\" content=\"apuntesdesanluis.com\" \/>\n<meta name=\"twitter:card\" content=\"summary_large_image\" \/>\n<meta name=\"twitter:label1\" content=\"Escrito por\" \/>\n\t<meta name=\"twitter:data1\" content=\"apuntesdesanluis.com\" \/>\n\t<meta name=\"twitter:label2\" content=\"Tiempo de lectura\" \/>\n\t<meta name=\"twitter:data2\" content=\"3 minutos\" \/>\n<script type=\"application\/ld+json\" class=\"yoast-schema-graph\">{\"@context\":\"https:\/\/schema.org\",\"@graph\":[{\"@type\":\"Article\",\"@id\":\"https:\/\/apuntesdesanluis.com\/index.php\/2024\/07\/03\/san-luis-es-sede-de-un-importante-encuentro-de-cooperativismo-educacional\/#article\",\"isPartOf\":{\"@id\":\"https:\/\/apuntesdesanluis.com\/index.php\/2024\/07\/03\/san-luis-es-sede-de-un-importante-encuentro-de-cooperativismo-educacional\/\"},\"author\":{\"name\":\"apuntesdesanluis.com\",\"@id\":\"https:\/\/apuntesdesanluis.com\/#\/schema\/person\/b55151d52296fcce64d1a72538a70b90\"},\"headline\":\"SAN LUIS ES SEDE DE UN IMPORTANTE ENCUENTRO DE COOPERATIVISMO EDUCACIONAL\",\"datePublished\":\"2024-07-03T21:51:03+00:00\",\"dateModified\":\"2024-07-03T21:52:37+00:00\",\"mainEntityOfPage\":{\"@id\":\"https:\/\/apuntesdesanluis.com\/index.php\/2024\/07\/03\/san-luis-es-sede-de-un-importante-encuentro-de-cooperativismo-educacional\/\"},\"wordCount\":456,\"publisher\":{\"@id\":\"https:\/\/apuntesdesanluis.com\/#\/schema\/person\/b55151d52296fcce64d1a72538a70b90\"},\"image\":{\"@id\":\"https:\/\/apuntesdesanluis.com\/index.php\/2024\/07\/03\/san-luis-es-sede-de-un-importante-encuentro-de-cooperativismo-educacional\/#primaryimage\"},\"thumbnailUrl\":\"https:\/\/apuntesdesanluis.com\/wp-content\/uploads\/2024\/07\/encuentro-cooperativismo.png\",\"articleSection\":[\"Ciudad\/Provincia\"],\"inLanguage\":\"es-AR\"},{\"@type\":\"WebPage\",\"@id\":\"https:\/\/apuntesdesanluis.com\/index.php\/2024\/07\/03\/san-luis-es-sede-de-un-importante-encuentro-de-cooperativismo-educacional\/\",\"url\":\"https:\/\/apuntesdesanluis.com\/index.php\/2024\/07\/03\/san-luis-es-sede-de-un-importante-encuentro-de-cooperativismo-educacional\/\",\"name\":\"SAN LUIS ES SEDE DE UN IMPORTANTE ENCUENTRO DE COOPERATIVISMO EDUCACIONAL - Apuntes de San Luis\",\"isPartOf\":{\"@id\":\"https:\/\/apuntesdesanluis.com\/#website\"},\"primaryImageOfPage\":{\"@id\":\"https:\/\/apuntesdesanluis.com\/index.php\/2024\/07\/03\/san-luis-es-sede-de-un-importante-encuentro-de-cooperativismo-educacional\/#primaryimage\"},\"image\":{\"@id\":\"https:\/\/apuntesdesanluis.com\/index.php\/2024\/07\/03\/san-luis-es-sede-de-un-importante-encuentro-de-cooperativismo-educacional\/#primaryimage\"},\"thumbnailUrl\":\"https:\/\/apuntesdesanluis.com\/wp-content\/uploads\/2024\/07\/encuentro-cooperativismo.png\",\"datePublished\":\"2024-07-03T21:51:03+00:00\",\"dateModified\":\"2024-07-03T21:52:37+00:00\",\"breadcrumb\":{\"@id\":\"https:\/\/apuntesdesanluis.com\/index.php\/2024\/07\/03\/san-luis-es-sede-de-un-importante-encuentro-de-cooperativismo-educacional\/#breadcrumb\"},\"inLanguage\":\"es-AR\",\"potentialAction\":[{\"@type\":\"ReadAction\",\"target\":[\"https:\/\/apuntesdesanluis.com\/index.php\/2024\/07\/03\/san-luis-es-sede-de-un-importante-encuentro-de-cooperativismo-educacional\/\"]}]},{\"@type\":\"ImageObject\",\"inLanguage\":\"es-AR\",\"@id\":\"https:\/\/apuntesdesanluis.com\/index.php\/2024\/07\/03\/san-luis-es-sede-de-un-importante-encuentro-de-cooperativismo-educacional\/#primaryimage\",\"url\":\"https:\/\/apuntesdesanluis.com\/wp-content\/uploads\/2024\/07\/encuentro-cooperativismo.png\",\"contentUrl\":\"https:\/\/apuntesdesanluis.com\/wp-content\/uploads\/2024\/07\/encuentro-cooperativismo.png\",\"width\":600,\"height\":365},{\"@type\":\"BreadcrumbList\",\"@id\":\"https:\/\/apuntesdesanluis.com\/index.php\/2024\/07\/03\/san-luis-es-sede-de-un-importante-encuentro-de-cooperativismo-educacional\/#breadcrumb\",\"itemListElement\":[{\"@type\":\"ListItem\",\"position\":1,\"name\":\"Inicio\",\"item\":\"https:\/\/apuntesdesanluis.com\/\"},{\"@type\":\"ListItem\",\"position\":2,\"name\":\"SAN LUIS ES SEDE DE UN IMPORTANTE ENCUENTRO DE COOPERATIVISMO EDUCACIONAL\"}]},{\"@type\":\"WebSite\",\"@id\":\"https:\/\/apuntesdesanluis.com\/#website\",\"url\":\"https:\/\/apuntesdesanluis.com\/\",\"name\":\"Apuntes de San Luis\",\"description\":\"\",\"publisher\":{\"@id\":\"https:\/\/apuntesdesanluis.com\/#\/schema\/person\/b55151d52296fcce64d1a72538a70b90\"},\"potentialAction\":[{\"@type\":\"SearchAction\",\"target\":{\"@type\":\"EntryPoint\",\"urlTemplate\":\"https:\/\/apuntesdesanluis.com\/?s={search_term_string}\"},\"query-input\":{\"@type\":\"PropertyValueSpecification\",\"valueRequired\":true,\"valueName\":\"search_term_string\"}}],\"inLanguage\":\"es-AR\"},{\"@type\":[\"Person\",\"Organization\"],\"@id\":\"https:\/\/apuntesdesanluis.com\/#\/schema\/person\/b55151d52296fcce64d1a72538a70b90\",\"name\":\"apuntesdesanluis.com\",\"image\":{\"@type\":\"ImageObject\",\"inLanguage\":\"es-AR\",\"@id\":\"https:\/\/apuntesdesanluis.com\/#\/schema\/person\/image\/\",\"url\":\"https:\/\/apuntesdesanluis.com\/wp-content\/uploads\/2023\/07\/cropped-apuntesdesanluis.png\",\"contentUrl\":\"https:\/\/apuntesdesanluis.com\/wp-content\/uploads\/2023\/07\/cropped-apuntesdesanluis.png\",\"width\":450,\"height\":112,\"caption\":\"apuntesdesanluis.com\"},\"logo\":{\"@id\":\"https:\/\/apuntesdesanluis.com\/#\/schema\/person\/image\/\"},\"sameAs\":[\"https:\/\/apuntesdesanluis.com\"],\"url\":\"https:\/\/apuntesdesanluis.com\/index.php\/author\/apuntesdesanluis-com\/\"}]}<\/script>\n<!-- \/ Yoast SEO plugin. -->","yoast_head_json":{"title":"SAN LUIS ES SEDE DE UN IMPORTANTE ENCUENTRO DE COOPERATIVISMO EDUCACIONAL - Apuntes de San Luis","robots":{"index":"index","follow":"follow","max-snippet":"max-snippet:-1","max-image-preview":"max-image-preview:large","max-video-preview":"max-video-preview:-1"},"canonical":"https:\/\/apuntesdesanluis.com\/index.php\/2024\/07\/03\/san-luis-es-sede-de-un-importante-encuentro-de-cooperativismo-educacional\/","og_locale":"es_ES","og_type":"article","og_title":"SAN LUIS ES SEDE DE UN IMPORTANTE ENCUENTRO DE COOPERATIVISMO EDUCACIONAL - Apuntes de San Luis","og_description":"Desde este 4 de julio hasta el s\u00e1bado 6, en el Centro de Convenciones de...","og_url":"https:\/\/apuntesdesanluis.com\/index.php\/2024\/07\/03\/san-luis-es-sede-de-un-importante-encuentro-de-cooperativismo-educacional\/","og_site_name":"Apuntes de San Luis","article_published_time":"2024-07-03T21:51:03+00:00","article_modified_time":"2024-07-03T21:52:37+00:00","og_image":[{"width":600,"height":365,"url":"https:\/\/apuntesdesanluis.com\/wp-content\/uploads\/2024\/07\/encuentro-cooperativismo.png","type":"image\/png"}],"author":"apuntesdesanluis.com","twitter_card":"summary_large_image","twitter_misc":{"Escrito por":"apuntesdesanluis.com","Tiempo de lectura":"3 minutos"},"schema":{"@context":"https:\/\/schema.org","@graph":[{"@type":"Article","@id":"https:\/\/apuntesdesanluis.com\/index.php\/2024\/07\/03\/san-luis-es-sede-de-un-importante-encuentro-de-cooperativismo-educacional\/#article","isPartOf":{"@id":"https:\/\/apuntesdesanluis.com\/index.php\/2024\/07\/03\/san-luis-es-sede-de-un-importante-encuentro-de-cooperativismo-educacional\/"},"author":{"name":"apuntesdesanluis.com","@id":"https:\/\/apuntesdesanluis.com\/#\/schema\/person\/b55151d52296fcce64d1a72538a70b90"},"headline":"SAN LUIS ES SEDE DE UN IMPORTANTE ENCUENTRO DE COOPERATIVISMO EDUCACIONAL","datePublished":"2024-07-03T21:51:03+00:00","dateModified":"2024-07-03T21:52:37+00:00","mainEntityOfPage":{"@id":"https:\/\/apuntesdesanluis.com\/index.php\/2024\/07\/03\/san-luis-es-sede-de-un-importante-encuentro-de-cooperativismo-educacional\/"},"wordCount":456,"publisher":{"@id":"https:\/\/apuntesdesanluis.com\/#\/schema\/person\/b55151d52296fcce64d1a72538a70b90"},"image":{"@id":"https:\/\/apuntesdesanluis.com\/index.php\/2024\/07\/03\/san-luis-es-sede-de-un-importante-encuentro-de-cooperativismo-educacional\/#primaryimage"},"thumbnailUrl":"https:\/\/apuntesdesanluis.com\/wp-content\/uploads\/2024\/07\/encuentro-cooperativismo.png","articleSection":["Ciudad\/Provincia"],"inLanguage":"es-AR"},{"@type":"WebPage","@id":"https:\/\/apuntesdesanluis.com\/index.php\/2024\/07\/03\/san-luis-es-sede-de-un-importante-encuentro-de-cooperativismo-educacional\/","url":"https:\/\/apuntesdesanluis.com\/index.php\/2024\/07\/03\/san-luis-es-sede-de-un-importante-encuentro-de-cooperativismo-educacional\/","name":"SAN LUIS ES SEDE DE UN IMPORTANTE ENCUENTRO DE COOPERATIVISMO EDUCACIONAL - Apuntes de San Luis","isPartOf":{"@id":"https:\/\/apuntesdesanluis.com\/#website"},"primaryImageOfPage":{"@id":"https:\/\/apuntesdesanluis.com\/index.php\/2024\/07\/03\/san-luis-es-sede-de-un-importante-encuentro-de-cooperativismo-educacional\/#primaryimage"},"image":{"@id":"https:\/\/apuntesdesanluis.com\/index.php\/2024\/07\/03\/san-luis-es-sede-de-un-importante-encuentro-de-cooperativismo-educacional\/#primaryimage"},"thumbnailUrl":"https:\/\/apuntesdesanluis.com\/wp-content\/uploads\/2024\/07\/encuentro-cooperativismo.png","datePublished":"2024-07-03T21:51:03+00:00","dateModified":"2024-07-03T21:52:37+00:00","breadcrumb":{"@id":"https:\/\/apuntesdesanluis.com\/index.php\/2024\/07\/03\/san-luis-es-sede-de-un-importante-encuentro-de-cooperativismo-educacional\/#breadcrumb"},"inLanguage":"es-AR","potentialAction":[{"@type":"ReadAction","target":["https:\/\/apuntesdesanluis.com\/index.php\/2024\/07\/03\/san-luis-es-sede-de-un-importante-encuentro-de-cooperativismo-educacional\/"]}]},{"@type":"ImageObject","inLanguage":"es-AR","@id":"https:\/\/apuntesdesanluis.com\/index.php\/2024\/07\/03\/san-luis-es-sede-de-un-importante-encuentro-de-cooperativismo-educacional\/#primaryimage","url":"https:\/\/apuntesdesanluis.com\/wp-content\/uploads\/2024\/07\/encuentro-cooperativismo.png","contentUrl":"https:\/\/apuntesdesanluis.com\/wp-content\/uploads\/2024\/07\/encuentro-cooperativismo.png","width":600,"height":365},{"@type":"BreadcrumbList","@id":"https:\/\/apuntesdesanluis.com\/index.php\/2024\/07\/03\/san-luis-es-sede-de-un-importante-encuentro-de-cooperativismo-educacional\/#breadcrumb","itemListElement":[{"@type":"ListItem","position":1,"name":"Inicio","item":"https:\/\/apuntesdesanluis.com\/"},{"@type":"ListItem","position":2,"name":"SAN LUIS ES SEDE DE UN IMPORTANTE ENCUENTRO DE COOPERATIVISMO EDUCACIONAL"}]},{"@type":"WebSite","@id":"https:\/\/apuntesdesanluis.com\/#website","url":"https:\/\/apuntesdesanluis.com\/","name":"Apuntes de San Luis","description":"","publisher":{"@id":"https:\/\/apuntesdesanluis.com\/#\/schema\/person\/b55151d52296fcce64d1a72538a70b90"},"potentialAction":[{"@type":"SearchAction","target":{"@type":"EntryPoint","urlTemplate":"https:\/\/apuntesdesanluis.com\/?s={search_term_string}"},"query-input":{"@type":"PropertyValueSpecification","valueRequired":true,"valueName":"search_term_string"}}],"inLanguage":"es-AR"},{"@type":["Person","Organization"],"@id":"https:\/\/apuntesdesanluis.com\/#\/schema\/person\/b55151d52296fcce64d1a72538a70b90","name":"apuntesdesanluis.com","image":{"@type":"ImageObject","inLanguage":"es-AR","@id":"https:\/\/apuntesdesanluis.com\/#\/schema\/person\/image\/","url":"https:\/\/apuntesdesanluis.com\/wp-content\/uploads\/2023\/07\/cropped-apuntesdesanluis.png","contentUrl":"https:\/\/apuntesdesanluis.com\/wp-content\/uploads\/2023\/07\/cropped-apuntesdesanluis.png","width":450,"height":112,"caption":"apuntesdesanluis.com"},"logo":{"@id":"https:\/\/apuntesdesanluis.com\/#\/schema\/person\/image\/"},"sameAs":["https:\/\/apuntesdesanluis.com"],"url":"https:\/\/apuntesdesanluis.com\/index.php\/author\/apuntesdesanluis-com\/"}]}},"featured_image_urls":{"full":["https:\/\/apuntesdesanluis.com\/wp-content\/uploads\/2024\/07\/encuentro-cooperativismo.png",600,365,false],"thumbnail":["https:\/\/apuntesdesanluis.com\/wp-content\/uploads\/2024\/07\/encuentro-cooperativismo-150x150.png",150,150,true],"medium":["https:\/\/apuntesdesanluis.com\/wp-content\/uploads\/2024\/07\/encuentro-cooperativismo-300x183.png",300,183,true],"medium_large":["https:\/\/apuntesdesanluis.com\/wp-content\/uploads\/2024\/07\/encuentro-cooperativismo.png",600,365,false],"large":["https:\/\/apuntesdesanluis.com\/wp-content\/uploads\/2024\/07\/encuentro-cooperativismo.png",600,365,false],"1536x1536":["https:\/\/apuntesdesanluis.com\/wp-content\/uploads\/2024\/07\/encuentro-cooperativismo.png",600,365,false],"2048x2048":["https:\/\/apuntesdesanluis.com\/wp-content\/uploads\/2024\/07\/encuentro-cooperativismo.png",600,365,false],"newsever-slider-full":["https:\/\/apuntesdesanluis.com\/wp-content\/uploads\/2024\/07\/encuentro-cooperativismo.png",600,365,false],"newsever-featured":["https:\/\/apuntesdesanluis.com\/wp-content\/uploads\/2024\/07\/encuentro-cooperativismo.png",600,365,false],"newsever-medium":["https:\/\/apuntesdesanluis.com\/wp-content\/uploads\/2024\/07\/encuentro-cooperativismo.png",600,365,false]},"author_info":{"display_name":"apuntesdesanluis.com","author_link":"https:\/\/apuntesdesanluis.com\/index.php\/author\/apuntesdesanluis-com\/"},"category_info":"<a href=\"https:\/\/apuntesdesanluis.com\/index.php\/category\/ciudad-provincia\/\" rel=\"category tag\">Ciudad\/Provincia<\/a>","tag_info":"Ciudad\/Provincia","comment_count":"0","_links":{"self":[{"href":"https:\/\/apuntesdesanluis.com\/index.php\/wp-json\/wp\/v2\/posts\/18733","targetHints":{"allow":["GET"]}}],"collection":[{"href":"https:\/\/apuntesdesanluis.com\/index.php\/wp-json\/wp\/v2\/posts"}],"about":[{"href":"https:\/\/apuntesdesanluis.com\/index.php\/wp-json\/wp\/v2\/types\/post"}],"author":[{"embeddable":true,"href":"https:\/\/apuntesdesanluis.com\/index.php\/wp-json\/wp\/v2\/users\/1"}],"replies":[{"embeddable":true,"href":"https:\/\/apuntesdesanluis.com\/index.php\/wp-json\/wp\/v2\/comments?post=18733"}],"version-history":[{"count":2,"href":"https:\/\/apuntesdesanluis.com\/index.php\/wp-json\/wp\/v2\/posts\/18733\/revisions"}],"predecessor-version":[{"id":18736,"href":"https:\/\/apuntesdesanluis.com\/index.php\/wp-json\/wp\/v2\/posts\/18733\/revisions\/18736"}],"wp:featuredmedia":[{"embeddable":true,"href":"https:\/\/apuntesdesanluis.com\/index.php\/wp-json\/wp\/v2\/media\/18734"}],"wp:attachment":[{"href":"https:\/\/apuntesdesanluis.com\/index.php\/wp-json\/wp\/v2\/media?parent=18733"}],"wp:term":[{"taxonomy":"category","embeddable":true,"href":"https:\/\/apuntesdesanluis.com\/index.php\/wp-json\/wp\/v2\/categories?post=18733"},{"taxonomy":"post_tag","embeddable":true,"href":"https:\/\/apuntesdesanluis.com\/index.php\/wp-json\/wp\/v2\/tags?post=18733"}],"curies":[{"name":"wp","href":"https:\/\/api.w.org\/{rel}","templated":true}]}}