{"id":18747,"date":"2024-07-03T19:16:52","date_gmt":"2024-07-03T22:16:52","guid":{"rendered":"https:\/\/apuntesdesanluis.com\/?p=18747"},"modified":"2024-07-03T19:16:52","modified_gmt":"2024-07-03T22:16:52","slug":"crisis-automotriz-la-produccion-de-automoviles-cayo-un-40-frente-a-junio-del-2023","status":"publish","type":"post","link":"https:\/\/apuntesdesanluis.com\/index.php\/2024\/07\/03\/crisis-automotriz-la-produccion-de-automoviles-cayo-un-40-frente-a-junio-del-2023\/","title":{"rendered":"CRISIS AUTOMOTRIZ: LA PRODUCCI\u00d3N DE AUTOM\u00d3VILES CAY\u00d3 UN 40% FRENTE A JUNIO DEL 2023"},"content":{"rendered":"<h3>En junio las terminales automotrices continuaron profundizando la crisis del sector. Los n\u00fameros que a se conoc\u00edan negativos contra su comparaci\u00f3n interanual, tambi\u00e9n cayeron en su mayor\u00eda frente a los de mayo, inform\u00f3 la Asociaci\u00f3n de F\u00e1bricas de Automotores (ADEFA) en su informe mensual.<\/h3>\n<h3>La producci\u00f3n nacional de veh\u00edculos en junio fue de 32.029 unidades, 16,7 % menos respecto de mayo y 40,2 % menos respecto del mismo mes del a\u00f1o pasado.<\/h3>\n<h3>El sector export\u00f3 20.884 unidades, es decir, registr\u00f3 una baja de 9,1% en su comparaci\u00f3n con el mes anterior, y 10,3 % menos respecto del volumen que se contabiliz\u00f3 en junio de 2023.<\/h3>\n<h3>En ventas mayoristas, el sector comercializ\u00f3 a la red de concesionarios 32.333 unidades en junio, volumen 16,1 % superior al registro de mayo, y 26,7 % por debajo del volumen de junio del a\u00f1o anterior.<\/h3>\n<h3>\u201cAl cierre del primer semestre y tal cual lo previsto, continua el proceso de\u00a0 adecuaci\u00f3n al nuevo contexto econ\u00f3mico y el ordenamiento de los programas productivos de las terminales que se reflejan en los vol\u00famenes de actividad del per\u00edodo\u201d, explic\u00f3 Mart\u00edn Zuppi, presidente de ADEFA.<\/h3>\n<h3>Al respecto, el directivo agreg\u00f3 que es un momento para \u201credoblar esfuerzos y continuar trabajando en conjunto con la cadena de valor y el gobierno en una agenda proactiva para que, junto a las medidas anunciadas, generen las condiciones para retornar a la senda del crecimiento lo m\u00e1s pronto posible\u201d.<\/h3>\n<h3>Con 15 d\u00edas h\u00e1biles de actividad (uno menos que mayo y cinco jornadas menos\u00a0 comparados con junio del 2023), las terminales automotrices produjeron 32.029 unidades en junio, 16,7 % por debajo del volumen del mes anterior y se redujo 40,2 % si se compara con las 53.522 unidades que se produjeron en junio del a\u00f1o pasado.<\/h3>\n<p><img fetchpriority=\"high\" decoding=\"async\" class=\"wp-image-18749 aligncenter\" src=\"https:\/\/apuntesdesanluis.com\/wp-content\/uploads\/2024\/07\/CUADRO-CAIDA-VENTA-300x162.png\" alt=\"\" width=\"633\" height=\"342\" srcset=\"https:\/\/apuntesdesanluis.com\/wp-content\/uploads\/2024\/07\/CUADRO-CAIDA-VENTA-300x162.png 300w, https:\/\/apuntesdesanluis.com\/wp-content\/uploads\/2024\/07\/CUADRO-CAIDA-VENTA-768x414.png 768w, https:\/\/apuntesdesanluis.com\/wp-content\/uploads\/2024\/07\/CUADRO-CAIDA-VENTA.png 797w\" sizes=\"(max-width: 633px) 100vw, 633px\" \/><\/p>\n<h3>En el acumulado de los primeros seis meses del 2024, las terminales produjeron 216.736 veh\u00edculos de pasajeros y utilitarios, 26,7% menos respecto de las 295.777 unidades que se produjeron en el mismo per\u00edodo del 2023.<\/h3>\n<h3>Crisis automotriz: la producci\u00f3n de autom\u00f3viles cay\u00f3 un 40% frente a junio del 2023<\/h3>\n<h3>En\u00a0 materia de comercio exterior, el sector export\u00f3 20.884 unidades en junio, 9,1% menos respecto de mayo anterior y 10,3% menos en su comparaci\u00f3n con junio de 2023. En los primeros seis meses del a\u00f1o, el sector comercializ\u00f3 a diversos mercados un total de 126.839 veh\u00edculos, lo que arroj\u00f3 una baja de 16,6 % en su comparaci\u00f3n con el primer semestre de 2023.<\/h3>\n<h3>Finalmente, en ventas mayoristas,\u00a0 en junio el sector automotor comercializ\u00f3 a la red de concesionarios 32.333\u00a0 unidades, un 16,1 % m\u00e1s respecto de las entregas de mayo y 26,7 % por debajo del volumen del mismo mes del a\u00f1o pasado.<\/h3>\n<h3>En el acumulado de enero a junio se comercializaron a la red un total de 161.986 veh\u00edculos, un 21,7 % menos respecto de las 206.861 unidades que se comercializaron en los primeros seis meses del 2023.<\/h3>\n<p>&nbsp;<\/p>\n<p>&nbsp;<\/p>\n<p>&nbsp;<\/p>\n<p>&nbsp;<\/p>\n<p>&nbsp;<\/p>\n<p>&nbsp;<\/p>\n","protected":false},"excerpt":{"rendered":"<p>En junio las terminales automotrices continuaron profundizando la crisis del sector. Los n\u00fameros que a&#8230;<\/p>\n","protected":false},"author":1,"featured_media":18748,"comment_status":"closed","ping_status":"closed","sticky":false,"template":"","format":"standard","meta":{"footnotes":""},"categories":[5],"tags":[],"class_list":["post-18747","post","type-post","status-publish","format-standard","has-post-thumbnail","hentry","category-nacionales-internacionales"],"yoast_head":"<!-- This site is optimized with the Yoast SEO plugin v26.1.1 - https:\/\/yoast.com\/wordpress\/plugins\/seo\/ -->\n<title>CRISIS AUTOMOTRIZ: LA PRODUCCI\u00d3N DE AUTOM\u00d3VILES CAY\u00d3 UN 40% FRENTE A JUNIO DEL 2023 - Apuntes de San Luis<\/title>\n<meta name=\"robots\" content=\"index, follow, max-snippet:-1, max-image-preview:large, max-video-preview:-1\" \/>\n<link rel=\"canonical\" href=\"https:\/\/apuntesdesanluis.com\/index.php\/2024\/07\/03\/crisis-automotriz-la-produccion-de-automoviles-cayo-un-40-frente-a-junio-del-2023\/\" \/>\n<meta property=\"og:locale\" content=\"es_ES\" \/>\n<meta property=\"og:type\" content=\"article\" \/>\n<meta property=\"og:title\" content=\"CRISIS AUTOMOTRIZ: LA PRODUCCI\u00d3N DE AUTOM\u00d3VILES CAY\u00d3 UN 40% FRENTE A JUNIO DEL 2023 - Apuntes de San Luis\" \/>\n<meta property=\"og:description\" content=\"En junio las terminales automotrices continuaron profundizando la crisis del sector. Los n\u00fameros que a...\" \/>\n<meta property=\"og:url\" content=\"https:\/\/apuntesdesanluis.com\/index.php\/2024\/07\/03\/crisis-automotriz-la-produccion-de-automoviles-cayo-un-40-frente-a-junio-del-2023\/\" \/>\n<meta property=\"og:site_name\" content=\"Apuntes de San Luis\" \/>\n<meta property=\"article:published_time\" content=\"2024-07-03T22:16:52+00:00\" \/>\n<meta property=\"og:image\" content=\"https:\/\/apuntesdesanluis.com\/wp-content\/uploads\/2024\/07\/AUTOMOTRICES.png\" \/>\n\t<meta property=\"og:image:width\" content=\"749\" \/>\n\t<meta property=\"og:image:height\" content=\"438\" \/>\n\t<meta property=\"og:image:type\" content=\"image\/png\" \/>\n<meta name=\"author\" content=\"apuntesdesanluis.com\" \/>\n<meta name=\"twitter:card\" content=\"summary_large_image\" \/>\n<meta name=\"twitter:label1\" content=\"Escrito por\" \/>\n\t<meta name=\"twitter:data1\" content=\"apuntesdesanluis.com\" \/>\n\t<meta name=\"twitter:label2\" content=\"Tiempo de lectura\" \/>\n\t<meta name=\"twitter:data2\" content=\"3 minutos\" \/>\n<script type=\"application\/ld+json\" class=\"yoast-schema-graph\">{\"@context\":\"https:\/\/schema.org\",\"@graph\":[{\"@type\":\"Article\",\"@id\":\"https:\/\/apuntesdesanluis.com\/index.php\/2024\/07\/03\/crisis-automotriz-la-produccion-de-automoviles-cayo-un-40-frente-a-junio-del-2023\/#article\",\"isPartOf\":{\"@id\":\"https:\/\/apuntesdesanluis.com\/index.php\/2024\/07\/03\/crisis-automotriz-la-produccion-de-automoviles-cayo-un-40-frente-a-junio-del-2023\/\"},\"author\":{\"name\":\"apuntesdesanluis.com\",\"@id\":\"https:\/\/apuntesdesanluis.com\/#\/schema\/person\/b55151d52296fcce64d1a72538a70b90\"},\"headline\":\"CRISIS AUTOMOTRIZ: LA PRODUCCI\u00d3N DE AUTOM\u00d3VILES CAY\u00d3 UN 40% FRENTE A JUNIO DEL 2023\",\"datePublished\":\"2024-07-03T22:16:52+00:00\",\"mainEntityOfPage\":{\"@id\":\"https:\/\/apuntesdesanluis.com\/index.php\/2024\/07\/03\/crisis-automotriz-la-produccion-de-automoviles-cayo-un-40-frente-a-junio-del-2023\/\"},\"wordCount\":483,\"publisher\":{\"@id\":\"https:\/\/apuntesdesanluis.com\/#\/schema\/person\/b55151d52296fcce64d1a72538a70b90\"},\"image\":{\"@id\":\"https:\/\/apuntesdesanluis.com\/index.php\/2024\/07\/03\/crisis-automotriz-la-produccion-de-automoviles-cayo-un-40-frente-a-junio-del-2023\/#primaryimage\"},\"thumbnailUrl\":\"https:\/\/apuntesdesanluis.com\/wp-content\/uploads\/2024\/07\/AUTOMOTRICES.png\",\"articleSection\":[\"Nacionales\/Internacionales\"],\"inLanguage\":\"es-AR\"},{\"@type\":\"WebPage\",\"@id\":\"https:\/\/apuntesdesanluis.com\/index.php\/2024\/07\/03\/crisis-automotriz-la-produccion-de-automoviles-cayo-un-40-frente-a-junio-del-2023\/\",\"url\":\"https:\/\/apuntesdesanluis.com\/index.php\/2024\/07\/03\/crisis-automotriz-la-produccion-de-automoviles-cayo-un-40-frente-a-junio-del-2023\/\",\"name\":\"CRISIS AUTOMOTRIZ: LA PRODUCCI\u00d3N DE AUTOM\u00d3VILES CAY\u00d3 UN 40% FRENTE A JUNIO DEL 2023 - Apuntes de San Luis\",\"isPartOf\":{\"@id\":\"https:\/\/apuntesdesanluis.com\/#website\"},\"primaryImageOfPage\":{\"@id\":\"https:\/\/apuntesdesanluis.com\/index.php\/2024\/07\/03\/crisis-automotriz-la-produccion-de-automoviles-cayo-un-40-frente-a-junio-del-2023\/#primaryimage\"},\"image\":{\"@id\":\"https:\/\/apuntesdesanluis.com\/index.php\/2024\/07\/03\/crisis-automotriz-la-produccion-de-automoviles-cayo-un-40-frente-a-junio-del-2023\/#primaryimage\"},\"thumbnailUrl\":\"https:\/\/apuntesdesanluis.com\/wp-content\/uploads\/2024\/07\/AUTOMOTRICES.png\",\"datePublished\":\"2024-07-03T22:16:52+00:00\",\"breadcrumb\":{\"@id\":\"https:\/\/apuntesdesanluis.com\/index.php\/2024\/07\/03\/crisis-automotriz-la-produccion-de-automoviles-cayo-un-40-frente-a-junio-del-2023\/#breadcrumb\"},\"inLanguage\":\"es-AR\",\"potentialAction\":[{\"@type\":\"ReadAction\",\"target\":[\"https:\/\/apuntesdesanluis.com\/index.php\/2024\/07\/03\/crisis-automotriz-la-produccion-de-automoviles-cayo-un-40-frente-a-junio-del-2023\/\"]}]},{\"@type\":\"ImageObject\",\"inLanguage\":\"es-AR\",\"@id\":\"https:\/\/apuntesdesanluis.com\/index.php\/2024\/07\/03\/crisis-automotriz-la-produccion-de-automoviles-cayo-un-40-frente-a-junio-del-2023\/#primaryimage\",\"url\":\"https:\/\/apuntesdesanluis.com\/wp-content\/uploads\/2024\/07\/AUTOMOTRICES.png\",\"contentUrl\":\"https:\/\/apuntesdesanluis.com\/wp-content\/uploads\/2024\/07\/AUTOMOTRICES.png\",\"width\":749,\"height\":438},{\"@type\":\"BreadcrumbList\",\"@id\":\"https:\/\/apuntesdesanluis.com\/index.php\/2024\/07\/03\/crisis-automotriz-la-produccion-de-automoviles-cayo-un-40-frente-a-junio-del-2023\/#breadcrumb\",\"itemListElement\":[{\"@type\":\"ListItem\",\"position\":1,\"name\":\"Inicio\",\"item\":\"https:\/\/apuntesdesanluis.com\/\"},{\"@type\":\"ListItem\",\"position\":2,\"name\":\"CRISIS AUTOMOTRIZ: LA PRODUCCI\u00d3N DE AUTOM\u00d3VILES CAY\u00d3 UN 40% FRENTE A JUNIO DEL 2023\"}]},{\"@type\":\"WebSite\",\"@id\":\"https:\/\/apuntesdesanluis.com\/#website\",\"url\":\"https:\/\/apuntesdesanluis.com\/\",\"name\":\"Apuntes de San Luis\",\"description\":\"\",\"publisher\":{\"@id\":\"https:\/\/apuntesdesanluis.com\/#\/schema\/person\/b55151d52296fcce64d1a72538a70b90\"},\"potentialAction\":[{\"@type\":\"SearchAction\",\"target\":{\"@type\":\"EntryPoint\",\"urlTemplate\":\"https:\/\/apuntesdesanluis.com\/?s={search_term_string}\"},\"query-input\":{\"@type\":\"PropertyValueSpecification\",\"valueRequired\":true,\"valueName\":\"search_term_string\"}}],\"inLanguage\":\"es-AR\"},{\"@type\":[\"Person\",\"Organization\"],\"@id\":\"https:\/\/apuntesdesanluis.com\/#\/schema\/person\/b55151d52296fcce64d1a72538a70b90\",\"name\":\"apuntesdesanluis.com\",\"image\":{\"@type\":\"ImageObject\",\"inLanguage\":\"es-AR\",\"@id\":\"https:\/\/apuntesdesanluis.com\/#\/schema\/person\/image\/\",\"url\":\"https:\/\/apuntesdesanluis.com\/wp-content\/uploads\/2023\/07\/cropped-apuntesdesanluis.png\",\"contentUrl\":\"https:\/\/apuntesdesanluis.com\/wp-content\/uploads\/2023\/07\/cropped-apuntesdesanluis.png\",\"width\":450,\"height\":112,\"caption\":\"apuntesdesanluis.com\"},\"logo\":{\"@id\":\"https:\/\/apuntesdesanluis.com\/#\/schema\/person\/image\/\"},\"sameAs\":[\"https:\/\/apuntesdesanluis.com\"],\"url\":\"https:\/\/apuntesdesanluis.com\/index.php\/author\/apuntesdesanluis-com\/\"}]}<\/script>\n<!-- \/ Yoast SEO plugin. -->","yoast_head_json":{"title":"CRISIS AUTOMOTRIZ: LA PRODUCCI\u00d3N DE AUTOM\u00d3VILES CAY\u00d3 UN 40% FRENTE A JUNIO DEL 2023 - Apuntes de San Luis","robots":{"index":"index","follow":"follow","max-snippet":"max-snippet:-1","max-image-preview":"max-image-preview:large","max-video-preview":"max-video-preview:-1"},"canonical":"https:\/\/apuntesdesanluis.com\/index.php\/2024\/07\/03\/crisis-automotriz-la-produccion-de-automoviles-cayo-un-40-frente-a-junio-del-2023\/","og_locale":"es_ES","og_type":"article","og_title":"CRISIS AUTOMOTRIZ: LA PRODUCCI\u00d3N DE AUTOM\u00d3VILES CAY\u00d3 UN 40% FRENTE A JUNIO DEL 2023 - Apuntes de San Luis","og_description":"En junio las terminales automotrices continuaron profundizando la crisis del sector. Los n\u00fameros que a...","og_url":"https:\/\/apuntesdesanluis.com\/index.php\/2024\/07\/03\/crisis-automotriz-la-produccion-de-automoviles-cayo-un-40-frente-a-junio-del-2023\/","og_site_name":"Apuntes de San Luis","article_published_time":"2024-07-03T22:16:52+00:00","og_image":[{"width":749,"height":438,"url":"https:\/\/apuntesdesanluis.com\/wp-content\/uploads\/2024\/07\/AUTOMOTRICES.png","type":"image\/png"}],"author":"apuntesdesanluis.com","twitter_card":"summary_large_image","twitter_misc":{"Escrito por":"apuntesdesanluis.com","Tiempo de lectura":"3 minutos"},"schema":{"@context":"https:\/\/schema.org","@graph":[{"@type":"Article","@id":"https:\/\/apuntesdesanluis.com\/index.php\/2024\/07\/03\/crisis-automotriz-la-produccion-de-automoviles-cayo-un-40-frente-a-junio-del-2023\/#article","isPartOf":{"@id":"https:\/\/apuntesdesanluis.com\/index.php\/2024\/07\/03\/crisis-automotriz-la-produccion-de-automoviles-cayo-un-40-frente-a-junio-del-2023\/"},"author":{"name":"apuntesdesanluis.com","@id":"https:\/\/apuntesdesanluis.com\/#\/schema\/person\/b55151d52296fcce64d1a72538a70b90"},"headline":"CRISIS AUTOMOTRIZ: LA PRODUCCI\u00d3N DE AUTOM\u00d3VILES CAY\u00d3 UN 40% FRENTE A JUNIO DEL 2023","datePublished":"2024-07-03T22:16:52+00:00","mainEntityOfPage":{"@id":"https:\/\/apuntesdesanluis.com\/index.php\/2024\/07\/03\/crisis-automotriz-la-produccion-de-automoviles-cayo-un-40-frente-a-junio-del-2023\/"},"wordCount":483,"publisher":{"@id":"https:\/\/apuntesdesanluis.com\/#\/schema\/person\/b55151d52296fcce64d1a72538a70b90"},"image":{"@id":"https:\/\/apuntesdesanluis.com\/index.php\/2024\/07\/03\/crisis-automotriz-la-produccion-de-automoviles-cayo-un-40-frente-a-junio-del-2023\/#primaryimage"},"thumbnailUrl":"https:\/\/apuntesdesanluis.com\/wp-content\/uploads\/2024\/07\/AUTOMOTRICES.png","articleSection":["Nacionales\/Internacionales"],"inLanguage":"es-AR"},{"@type":"WebPage","@id":"https:\/\/apuntesdesanluis.com\/index.php\/2024\/07\/03\/crisis-automotriz-la-produccion-de-automoviles-cayo-un-40-frente-a-junio-del-2023\/","url":"https:\/\/apuntesdesanluis.com\/index.php\/2024\/07\/03\/crisis-automotriz-la-produccion-de-automoviles-cayo-un-40-frente-a-junio-del-2023\/","name":"CRISIS AUTOMOTRIZ: LA PRODUCCI\u00d3N DE AUTOM\u00d3VILES CAY\u00d3 UN 40% FRENTE A JUNIO DEL 2023 - Apuntes de San Luis","isPartOf":{"@id":"https:\/\/apuntesdesanluis.com\/#website"},"primaryImageOfPage":{"@id":"https:\/\/apuntesdesanluis.com\/index.php\/2024\/07\/03\/crisis-automotriz-la-produccion-de-automoviles-cayo-un-40-frente-a-junio-del-2023\/#primaryimage"},"image":{"@id":"https:\/\/apuntesdesanluis.com\/index.php\/2024\/07\/03\/crisis-automotriz-la-produccion-de-automoviles-cayo-un-40-frente-a-junio-del-2023\/#primaryimage"},"thumbnailUrl":"https:\/\/apuntesdesanluis.com\/wp-content\/uploads\/2024\/07\/AUTOMOTRICES.png","datePublished":"2024-07-03T22:16:52+00:00","breadcrumb":{"@id":"https:\/\/apuntesdesanluis.com\/index.php\/2024\/07\/03\/crisis-automotriz-la-produccion-de-automoviles-cayo-un-40-frente-a-junio-del-2023\/#breadcrumb"},"inLanguage":"es-AR","potentialAction":[{"@type":"ReadAction","target":["https:\/\/apuntesdesanluis.com\/index.php\/2024\/07\/03\/crisis-automotriz-la-produccion-de-automoviles-cayo-un-40-frente-a-junio-del-2023\/"]}]},{"@type":"ImageObject","inLanguage":"es-AR","@id":"https:\/\/apuntesdesanluis.com\/index.php\/2024\/07\/03\/crisis-automotriz-la-produccion-de-automoviles-cayo-un-40-frente-a-junio-del-2023\/#primaryimage","url":"https:\/\/apuntesdesanluis.com\/wp-content\/uploads\/2024\/07\/AUTOMOTRICES.png","contentUrl":"https:\/\/apuntesdesanluis.com\/wp-content\/uploads\/2024\/07\/AUTOMOTRICES.png","width":749,"height":438},{"@type":"BreadcrumbList","@id":"https:\/\/apuntesdesanluis.com\/index.php\/2024\/07\/03\/crisis-automotriz-la-produccion-de-automoviles-cayo-un-40-frente-a-junio-del-2023\/#breadcrumb","itemListElement":[{"@type":"ListItem","position":1,"name":"Inicio","item":"https:\/\/apuntesdesanluis.com\/"},{"@type":"ListItem","position":2,"name":"CRISIS AUTOMOTRIZ: LA PRODUCCI\u00d3N DE AUTOM\u00d3VILES CAY\u00d3 UN 40% FRENTE A JUNIO DEL 2023"}]},{"@type":"WebSite","@id":"https:\/\/apuntesdesanluis.com\/#website","url":"https:\/\/apuntesdesanluis.com\/","name":"Apuntes de San Luis","description":"","publisher":{"@id":"https:\/\/apuntesdesanluis.com\/#\/schema\/person\/b55151d52296fcce64d1a72538a70b90"},"potentialAction":[{"@type":"SearchAction","target":{"@type":"EntryPoint","urlTemplate":"https:\/\/apuntesdesanluis.com\/?s={search_term_string}"},"query-input":{"@type":"PropertyValueSpecification","valueRequired":true,"valueName":"search_term_string"}}],"inLanguage":"es-AR"},{"@type":["Person","Organization"],"@id":"https:\/\/apuntesdesanluis.com\/#\/schema\/person\/b55151d52296fcce64d1a72538a70b90","name":"apuntesdesanluis.com","image":{"@type":"ImageObject","inLanguage":"es-AR","@id":"https:\/\/apuntesdesanluis.com\/#\/schema\/person\/image\/","url":"https:\/\/apuntesdesanluis.com\/wp-content\/uploads\/2023\/07\/cropped-apuntesdesanluis.png","contentUrl":"https:\/\/apuntesdesanluis.com\/wp-content\/uploads\/2023\/07\/cropped-apuntesdesanluis.png","width":450,"height":112,"caption":"apuntesdesanluis.com"},"logo":{"@id":"https:\/\/apuntesdesanluis.com\/#\/schema\/person\/image\/"},"sameAs":["https:\/\/apuntesdesanluis.com"],"url":"https:\/\/apuntesdesanluis.com\/index.php\/author\/apuntesdesanluis-com\/"}]}},"featured_image_urls":{"full":["https:\/\/apuntesdesanluis.com\/wp-content\/uploads\/2024\/07\/AUTOMOTRICES.png",749,438,false],"thumbnail":["https:\/\/apuntesdesanluis.com\/wp-content\/uploads\/2024\/07\/AUTOMOTRICES-150x150.png",150,150,true],"medium":["https:\/\/apuntesdesanluis.com\/wp-content\/uploads\/2024\/07\/AUTOMOTRICES-300x175.png",300,175,true],"medium_large":["https:\/\/apuntesdesanluis.com\/wp-content\/uploads\/2024\/07\/AUTOMOTRICES.png",640,374,false],"large":["https:\/\/apuntesdesanluis.com\/wp-content\/uploads\/2024\/07\/AUTOMOTRICES.png",640,374,false],"1536x1536":["https:\/\/apuntesdesanluis.com\/wp-content\/uploads\/2024\/07\/AUTOMOTRICES.png",749,438,false],"2048x2048":["https:\/\/apuntesdesanluis.com\/wp-content\/uploads\/2024\/07\/AUTOMOTRICES.png",749,438,false],"newsever-slider-full":["https:\/\/apuntesdesanluis.com\/wp-content\/uploads\/2024\/07\/AUTOMOTRICES.png",749,438,false],"newsever-featured":["https:\/\/apuntesdesanluis.com\/wp-content\/uploads\/2024\/07\/AUTOMOTRICES.png",749,438,false],"newsever-medium":["https:\/\/apuntesdesanluis.com\/wp-content\/uploads\/2024\/07\/AUTOMOTRICES-720x438.png",720,438,true]},"author_info":{"display_name":"apuntesdesanluis.com","author_link":"https:\/\/apuntesdesanluis.com\/index.php\/author\/apuntesdesanluis-com\/"},"category_info":"<a href=\"https:\/\/apuntesdesanluis.com\/index.php\/category\/nacionales-internacionales\/\" rel=\"category tag\">Nacionales\/Internacionales<\/a>","tag_info":"Nacionales\/Internacionales","comment_count":"0","_links":{"self":[{"href":"https:\/\/apuntesdesanluis.com\/index.php\/wp-json\/wp\/v2\/posts\/18747","targetHints":{"allow":["GET"]}}],"collection":[{"href":"https:\/\/apuntesdesanluis.com\/index.php\/wp-json\/wp\/v2\/posts"}],"about":[{"href":"https:\/\/apuntesdesanluis.com\/index.php\/wp-json\/wp\/v2\/types\/post"}],"author":[{"embeddable":true,"href":"https:\/\/apuntesdesanluis.com\/index.php\/wp-json\/wp\/v2\/users\/1"}],"replies":[{"embeddable":true,"href":"https:\/\/apuntesdesanluis.com\/index.php\/wp-json\/wp\/v2\/comments?post=18747"}],"version-history":[{"count":1,"href":"https:\/\/apuntesdesanluis.com\/index.php\/wp-json\/wp\/v2\/posts\/18747\/revisions"}],"predecessor-version":[{"id":18750,"href":"https:\/\/apuntesdesanluis.com\/index.php\/wp-json\/wp\/v2\/posts\/18747\/revisions\/18750"}],"wp:featuredmedia":[{"embeddable":true,"href":"https:\/\/apuntesdesanluis.com\/index.php\/wp-json\/wp\/v2\/media\/18748"}],"wp:attachment":[{"href":"https:\/\/apuntesdesanluis.com\/index.php\/wp-json\/wp\/v2\/media?parent=18747"}],"wp:term":[{"taxonomy":"category","embeddable":true,"href":"https:\/\/apuntesdesanluis.com\/index.php\/wp-json\/wp\/v2\/categories?post=18747"},{"taxonomy":"post_tag","embeddable":true,"href":"https:\/\/apuntesdesanluis.com\/index.php\/wp-json\/wp\/v2\/tags?post=18747"}],"curies":[{"name":"wp","href":"https:\/\/api.w.org\/{rel}","templated":true}]}}