{"id":18751,"date":"2024-07-03T19:21:39","date_gmt":"2024-07-03T22:21:39","guid":{"rendered":"https:\/\/apuntesdesanluis.com\/?p=18751"},"modified":"2024-07-03T19:21:39","modified_gmt":"2024-07-03T22:21:39","slug":"francos-dijo-que-sturzenegger-asumiria-el-viernes-y-ratifico-el-rumbo-economico","status":"publish","type":"post","link":"https:\/\/apuntesdesanluis.com\/index.php\/2024\/07\/03\/francos-dijo-que-sturzenegger-asumiria-el-viernes-y-ratifico-el-rumbo-economico\/","title":{"rendered":"FRANCOS DIJO QUE STURZENEGGER ASUMIR\u00cdA EL VIERNES Y RATIFIC\u00d3 EL RUMBO ECON\u00d3MICO"},"content":{"rendered":"<h3>El jefe de Gabinete, Guillermo Francos, confirm\u00f3 hoy que est\u00e1 casi todo listo para el desembarco del economista Federico Sturzenegger al frente de un nuevo ministerio, mientras que ratific\u00f3 el rumbo econ\u00f3mico del Gobierno tras la reciente subida del d\u00f3lar blue y del riesgo pa\u00eds.<\/h3>\n<h3>&#8220;Aspiro a que sea este viernes que el Presidente (Javier Milei) pueda recibir el juramento a Sturzenegger. Si no es el viernes, va a ser los primeros d\u00edas de la semana pr\u00f3xima, depende si terminamos con la redacci\u00f3n de los decretos que tiene que firmar para su designaci\u00f3n, que se va a hacer por DNU&#8221;, coment\u00f3 Francos en declaraciones radiales.<\/h3>\n<h3>El economista encabezar\u00e1 una nueva cartera, que a\u00fan no tiene nombre, y que tendr\u00e1 como funci\u00f3n continuar con las tareas de desregulaci\u00f3n del Estado, que en parte se puso en marcha con el mega DNU y la Ley de Bases, ambos de su autor\u00eda.<\/h3>\n<h3>Por otro lado, tras la reacci\u00f3n negativa del mercado a los recientes anuncios del Gobierno que postergaron medidas cambiarias y sobre el Impuesto Pa\u00eds, y que derivaron en la suba del blue, Francos busc\u00f3 minimizar esa turbulencia y dijo que el rumbo de la gesti\u00f3n libertaria &#8220;no va a cambiar&#8221;.<\/h3>\n<p><img fetchpriority=\"high\" decoding=\"async\" class=\"wp-image-18753 aligncenter\" src=\"https:\/\/apuntesdesanluis.com\/wp-content\/uploads\/2024\/07\/STTURZENEGUER-300x214.png\" alt=\"\" width=\"608\" height=\"434\" srcset=\"https:\/\/apuntesdesanluis.com\/wp-content\/uploads\/2024\/07\/STTURZENEGUER-300x214.png 300w, https:\/\/apuntesdesanluis.com\/wp-content\/uploads\/2024\/07\/STTURZENEGUER-768x547.png 768w, https:\/\/apuntesdesanluis.com\/wp-content\/uploads\/2024\/07\/STTURZENEGUER.png 801w\" sizes=\"(max-width: 608px) 100vw, 608px\" \/><\/p>\n<h3>&#8220;El Gobierno no ha cambiado su posici\u00f3n, ha sido muy claro en los ejes centrales que ha tenido para salir de una situaci\u00f3n de emergencia econ\u00f3mica cuando asumi\u00f3 el 10 de diciembre. En ese momento est\u00e1bamos al borde del precipicio, el Gobierno tom\u00f3 medidas para salir de esa situaci\u00f3n, sigui\u00f3 con esa pol\u00edtica y ha habido un cambio de una enorme significaci\u00f3n&#8221;, se\u00f1al\u00f3 el funcionario.<\/h3>\n<h3>Y agreg\u00f3: &#8220;La masa monetaria no se ha incrementado, no se ha emitido, no se ha endeudado, entonces no hay una situaci\u00f3n como para generar ese estado de \u00e1nimo inestable en los mercados&#8221;.<\/h3>\n<h3>&#8220;El Gobierno no va a cambiar lo que viene haciendo, va a continuar aplicando esta pol\u00edtica hasta conseguir estabilizar todas las variables macro y ahora, a partir de la sanci\u00f3n de estas leyes que estamos debatiendo hace seis meses, las pondremos en vigencia para tener mayor crecimiento de la actividad econ\u00f3mica&#8221;, sigui\u00f3.<\/h3>\n<h3>Sobre la aprobada Ley de Bases, dijo que &#8220;el Presidente est\u00e1 detr\u00e1s de esa reglamentaci\u00f3n porque de ah\u00ed va a venir una parte significativa e importante de la actividad econ\u00f3mica del pa\u00eds&#8221;.<\/h3>\n<h3>Por \u00faltimo, se refiri\u00f3 a la firma del Pacto de Mayo en Tucum\u00e1n, prevista para el lunes pr\u00f3ximo, antes del D\u00eda de la Independencia.<\/h3>\n<h3>&#8220;Por supuesto que hay algunos (gobernadores) que no van a estar, nosotros lamentamos mucho que no se comprenda en algunos sectores de la oposici\u00f3n m\u00e1s recalcitrante que no ven la necesidad que expresa el pueblo. Para nosotros es una fecha importante porque es el d\u00eda que los argentinos celebramos la independencia y con este pacto simb\u00f3lico queremos dar vuelta la p\u00e1gina de los fracasos, y empezar una etapa diferente de crecimiento y cambio&#8221;, sostuvo.<\/h3>\n<p>&nbsp;<\/p>\n<p>&nbsp;<\/p>\n<p>&nbsp;<\/p>\n<p>&nbsp;<\/p>\n<p>&nbsp;<\/p>\n<p>&nbsp;<\/p>\n","protected":false},"excerpt":{"rendered":"<p>El jefe de Gabinete, Guillermo Francos, confirm\u00f3 hoy que est\u00e1 casi todo listo para el&#8230;<\/p>\n","protected":false},"author":1,"featured_media":18752,"comment_status":"closed","ping_status":"closed","sticky":false,"template":"","format":"standard","meta":{"footnotes":""},"categories":[5],"tags":[],"class_list":["post-18751","post","type-post","status-publish","format-standard","has-post-thumbnail","hentry","category-nacionales-internacionales"],"yoast_head":"<!-- This site is optimized with the Yoast SEO plugin v26.1.1 - https:\/\/yoast.com\/wordpress\/plugins\/seo\/ -->\n<title>FRANCOS DIJO QUE STURZENEGGER ASUMIR\u00cdA EL VIERNES Y RATIFIC\u00d3 EL RUMBO ECON\u00d3MICO - Apuntes de San Luis<\/title>\n<meta name=\"robots\" content=\"index, follow, max-snippet:-1, max-image-preview:large, max-video-preview:-1\" \/>\n<link rel=\"canonical\" href=\"https:\/\/apuntesdesanluis.com\/index.php\/2024\/07\/03\/francos-dijo-que-sturzenegger-asumiria-el-viernes-y-ratifico-el-rumbo-economico\/\" \/>\n<meta property=\"og:locale\" content=\"es_ES\" \/>\n<meta property=\"og:type\" content=\"article\" \/>\n<meta property=\"og:title\" content=\"FRANCOS DIJO QUE STURZENEGGER ASUMIR\u00cdA EL VIERNES Y RATIFIC\u00d3 EL RUMBO ECON\u00d3MICO - Apuntes de San Luis\" \/>\n<meta property=\"og:description\" content=\"El jefe de Gabinete, Guillermo Francos, confirm\u00f3 hoy que est\u00e1 casi todo listo para el...\" \/>\n<meta property=\"og:url\" content=\"https:\/\/apuntesdesanluis.com\/index.php\/2024\/07\/03\/francos-dijo-que-sturzenegger-asumiria-el-viernes-y-ratifico-el-rumbo-economico\/\" \/>\n<meta property=\"og:site_name\" content=\"Apuntes de San Luis\" \/>\n<meta property=\"article:published_time\" content=\"2024-07-03T22:21:39+00:00\" \/>\n<meta property=\"og:image\" content=\"https:\/\/apuntesdesanluis.com\/wp-content\/uploads\/2024\/07\/FRANCOS.png\" \/>\n\t<meta property=\"og:image:width\" content=\"703\" \/>\n\t<meta property=\"og:image:height\" content=\"425\" \/>\n\t<meta property=\"og:image:type\" content=\"image\/png\" \/>\n<meta name=\"author\" content=\"apuntesdesanluis.com\" \/>\n<meta name=\"twitter:card\" content=\"summary_large_image\" \/>\n<meta name=\"twitter:label1\" content=\"Escrito por\" \/>\n\t<meta name=\"twitter:data1\" content=\"apuntesdesanluis.com\" \/>\n\t<meta name=\"twitter:label2\" content=\"Tiempo de lectura\" \/>\n\t<meta name=\"twitter:data2\" content=\"3 minutos\" \/>\n<script type=\"application\/ld+json\" class=\"yoast-schema-graph\">{\"@context\":\"https:\/\/schema.org\",\"@graph\":[{\"@type\":\"Article\",\"@id\":\"https:\/\/apuntesdesanluis.com\/index.php\/2024\/07\/03\/francos-dijo-que-sturzenegger-asumiria-el-viernes-y-ratifico-el-rumbo-economico\/#article\",\"isPartOf\":{\"@id\":\"https:\/\/apuntesdesanluis.com\/index.php\/2024\/07\/03\/francos-dijo-que-sturzenegger-asumiria-el-viernes-y-ratifico-el-rumbo-economico\/\"},\"author\":{\"name\":\"apuntesdesanluis.com\",\"@id\":\"https:\/\/apuntesdesanluis.com\/#\/schema\/person\/b55151d52296fcce64d1a72538a70b90\"},\"headline\":\"FRANCOS DIJO QUE STURZENEGGER ASUMIR\u00cdA EL VIERNES Y RATIFIC\u00d3 EL RUMBO ECON\u00d3MICO\",\"datePublished\":\"2024-07-03T22:21:39+00:00\",\"mainEntityOfPage\":{\"@id\":\"https:\/\/apuntesdesanluis.com\/index.php\/2024\/07\/03\/francos-dijo-que-sturzenegger-asumiria-el-viernes-y-ratifico-el-rumbo-economico\/\"},\"wordCount\":536,\"publisher\":{\"@id\":\"https:\/\/apuntesdesanluis.com\/#\/schema\/person\/b55151d52296fcce64d1a72538a70b90\"},\"image\":{\"@id\":\"https:\/\/apuntesdesanluis.com\/index.php\/2024\/07\/03\/francos-dijo-que-sturzenegger-asumiria-el-viernes-y-ratifico-el-rumbo-economico\/#primaryimage\"},\"thumbnailUrl\":\"https:\/\/apuntesdesanluis.com\/wp-content\/uploads\/2024\/07\/FRANCOS.png\",\"articleSection\":[\"Nacionales\/Internacionales\"],\"inLanguage\":\"es-AR\"},{\"@type\":\"WebPage\",\"@id\":\"https:\/\/apuntesdesanluis.com\/index.php\/2024\/07\/03\/francos-dijo-que-sturzenegger-asumiria-el-viernes-y-ratifico-el-rumbo-economico\/\",\"url\":\"https:\/\/apuntesdesanluis.com\/index.php\/2024\/07\/03\/francos-dijo-que-sturzenegger-asumiria-el-viernes-y-ratifico-el-rumbo-economico\/\",\"name\":\"FRANCOS DIJO QUE STURZENEGGER ASUMIR\u00cdA EL VIERNES Y RATIFIC\u00d3 EL RUMBO ECON\u00d3MICO - Apuntes de San Luis\",\"isPartOf\":{\"@id\":\"https:\/\/apuntesdesanluis.com\/#website\"},\"primaryImageOfPage\":{\"@id\":\"https:\/\/apuntesdesanluis.com\/index.php\/2024\/07\/03\/francos-dijo-que-sturzenegger-asumiria-el-viernes-y-ratifico-el-rumbo-economico\/#primaryimage\"},\"image\":{\"@id\":\"https:\/\/apuntesdesanluis.com\/index.php\/2024\/07\/03\/francos-dijo-que-sturzenegger-asumiria-el-viernes-y-ratifico-el-rumbo-economico\/#primaryimage\"},\"thumbnailUrl\":\"https:\/\/apuntesdesanluis.com\/wp-content\/uploads\/2024\/07\/FRANCOS.png\",\"datePublished\":\"2024-07-03T22:21:39+00:00\",\"breadcrumb\":{\"@id\":\"https:\/\/apuntesdesanluis.com\/index.php\/2024\/07\/03\/francos-dijo-que-sturzenegger-asumiria-el-viernes-y-ratifico-el-rumbo-economico\/#breadcrumb\"},\"inLanguage\":\"es-AR\",\"potentialAction\":[{\"@type\":\"ReadAction\",\"target\":[\"https:\/\/apuntesdesanluis.com\/index.php\/2024\/07\/03\/francos-dijo-que-sturzenegger-asumiria-el-viernes-y-ratifico-el-rumbo-economico\/\"]}]},{\"@type\":\"ImageObject\",\"inLanguage\":\"es-AR\",\"@id\":\"https:\/\/apuntesdesanluis.com\/index.php\/2024\/07\/03\/francos-dijo-que-sturzenegger-asumiria-el-viernes-y-ratifico-el-rumbo-economico\/#primaryimage\",\"url\":\"https:\/\/apuntesdesanluis.com\/wp-content\/uploads\/2024\/07\/FRANCOS.png\",\"contentUrl\":\"https:\/\/apuntesdesanluis.com\/wp-content\/uploads\/2024\/07\/FRANCOS.png\",\"width\":703,\"height\":425},{\"@type\":\"BreadcrumbList\",\"@id\":\"https:\/\/apuntesdesanluis.com\/index.php\/2024\/07\/03\/francos-dijo-que-sturzenegger-asumiria-el-viernes-y-ratifico-el-rumbo-economico\/#breadcrumb\",\"itemListElement\":[{\"@type\":\"ListItem\",\"position\":1,\"name\":\"Inicio\",\"item\":\"https:\/\/apuntesdesanluis.com\/\"},{\"@type\":\"ListItem\",\"position\":2,\"name\":\"FRANCOS DIJO QUE STURZENEGGER ASUMIR\u00cdA EL VIERNES Y RATIFIC\u00d3 EL RUMBO ECON\u00d3MICO\"}]},{\"@type\":\"WebSite\",\"@id\":\"https:\/\/apuntesdesanluis.com\/#website\",\"url\":\"https:\/\/apuntesdesanluis.com\/\",\"name\":\"Apuntes de San Luis\",\"description\":\"\",\"publisher\":{\"@id\":\"https:\/\/apuntesdesanluis.com\/#\/schema\/person\/b55151d52296fcce64d1a72538a70b90\"},\"potentialAction\":[{\"@type\":\"SearchAction\",\"target\":{\"@type\":\"EntryPoint\",\"urlTemplate\":\"https:\/\/apuntesdesanluis.com\/?s={search_term_string}\"},\"query-input\":{\"@type\":\"PropertyValueSpecification\",\"valueRequired\":true,\"valueName\":\"search_term_string\"}}],\"inLanguage\":\"es-AR\"},{\"@type\":[\"Person\",\"Organization\"],\"@id\":\"https:\/\/apuntesdesanluis.com\/#\/schema\/person\/b55151d52296fcce64d1a72538a70b90\",\"name\":\"apuntesdesanluis.com\",\"image\":{\"@type\":\"ImageObject\",\"inLanguage\":\"es-AR\",\"@id\":\"https:\/\/apuntesdesanluis.com\/#\/schema\/person\/image\/\",\"url\":\"https:\/\/apuntesdesanluis.com\/wp-content\/uploads\/2023\/07\/cropped-apuntesdesanluis.png\",\"contentUrl\":\"https:\/\/apuntesdesanluis.com\/wp-content\/uploads\/2023\/07\/cropped-apuntesdesanluis.png\",\"width\":450,\"height\":112,\"caption\":\"apuntesdesanluis.com\"},\"logo\":{\"@id\":\"https:\/\/apuntesdesanluis.com\/#\/schema\/person\/image\/\"},\"sameAs\":[\"https:\/\/apuntesdesanluis.com\"],\"url\":\"https:\/\/apuntesdesanluis.com\/index.php\/author\/apuntesdesanluis-com\/\"}]}<\/script>\n<!-- \/ Yoast SEO plugin. -->","yoast_head_json":{"title":"FRANCOS DIJO QUE STURZENEGGER ASUMIR\u00cdA EL VIERNES Y RATIFIC\u00d3 EL RUMBO ECON\u00d3MICO - Apuntes de San Luis","robots":{"index":"index","follow":"follow","max-snippet":"max-snippet:-1","max-image-preview":"max-image-preview:large","max-video-preview":"max-video-preview:-1"},"canonical":"https:\/\/apuntesdesanluis.com\/index.php\/2024\/07\/03\/francos-dijo-que-sturzenegger-asumiria-el-viernes-y-ratifico-el-rumbo-economico\/","og_locale":"es_ES","og_type":"article","og_title":"FRANCOS DIJO QUE STURZENEGGER ASUMIR\u00cdA EL VIERNES Y RATIFIC\u00d3 EL RUMBO ECON\u00d3MICO - Apuntes de San Luis","og_description":"El jefe de Gabinete, Guillermo Francos, confirm\u00f3 hoy que est\u00e1 casi todo listo para el...","og_url":"https:\/\/apuntesdesanluis.com\/index.php\/2024\/07\/03\/francos-dijo-que-sturzenegger-asumiria-el-viernes-y-ratifico-el-rumbo-economico\/","og_site_name":"Apuntes de San Luis","article_published_time":"2024-07-03T22:21:39+00:00","og_image":[{"width":703,"height":425,"url":"https:\/\/apuntesdesanluis.com\/wp-content\/uploads\/2024\/07\/FRANCOS.png","type":"image\/png"}],"author":"apuntesdesanluis.com","twitter_card":"summary_large_image","twitter_misc":{"Escrito por":"apuntesdesanluis.com","Tiempo de lectura":"3 minutos"},"schema":{"@context":"https:\/\/schema.org","@graph":[{"@type":"Article","@id":"https:\/\/apuntesdesanluis.com\/index.php\/2024\/07\/03\/francos-dijo-que-sturzenegger-asumiria-el-viernes-y-ratifico-el-rumbo-economico\/#article","isPartOf":{"@id":"https:\/\/apuntesdesanluis.com\/index.php\/2024\/07\/03\/francos-dijo-que-sturzenegger-asumiria-el-viernes-y-ratifico-el-rumbo-economico\/"},"author":{"name":"apuntesdesanluis.com","@id":"https:\/\/apuntesdesanluis.com\/#\/schema\/person\/b55151d52296fcce64d1a72538a70b90"},"headline":"FRANCOS DIJO QUE STURZENEGGER ASUMIR\u00cdA EL VIERNES Y RATIFIC\u00d3 EL RUMBO ECON\u00d3MICO","datePublished":"2024-07-03T22:21:39+00:00","mainEntityOfPage":{"@id":"https:\/\/apuntesdesanluis.com\/index.php\/2024\/07\/03\/francos-dijo-que-sturzenegger-asumiria-el-viernes-y-ratifico-el-rumbo-economico\/"},"wordCount":536,"publisher":{"@id":"https:\/\/apuntesdesanluis.com\/#\/schema\/person\/b55151d52296fcce64d1a72538a70b90"},"image":{"@id":"https:\/\/apuntesdesanluis.com\/index.php\/2024\/07\/03\/francos-dijo-que-sturzenegger-asumiria-el-viernes-y-ratifico-el-rumbo-economico\/#primaryimage"},"thumbnailUrl":"https:\/\/apuntesdesanluis.com\/wp-content\/uploads\/2024\/07\/FRANCOS.png","articleSection":["Nacionales\/Internacionales"],"inLanguage":"es-AR"},{"@type":"WebPage","@id":"https:\/\/apuntesdesanluis.com\/index.php\/2024\/07\/03\/francos-dijo-que-sturzenegger-asumiria-el-viernes-y-ratifico-el-rumbo-economico\/","url":"https:\/\/apuntesdesanluis.com\/index.php\/2024\/07\/03\/francos-dijo-que-sturzenegger-asumiria-el-viernes-y-ratifico-el-rumbo-economico\/","name":"FRANCOS DIJO QUE STURZENEGGER ASUMIR\u00cdA EL VIERNES Y RATIFIC\u00d3 EL RUMBO ECON\u00d3MICO - Apuntes de San Luis","isPartOf":{"@id":"https:\/\/apuntesdesanluis.com\/#website"},"primaryImageOfPage":{"@id":"https:\/\/apuntesdesanluis.com\/index.php\/2024\/07\/03\/francos-dijo-que-sturzenegger-asumiria-el-viernes-y-ratifico-el-rumbo-economico\/#primaryimage"},"image":{"@id":"https:\/\/apuntesdesanluis.com\/index.php\/2024\/07\/03\/francos-dijo-que-sturzenegger-asumiria-el-viernes-y-ratifico-el-rumbo-economico\/#primaryimage"},"thumbnailUrl":"https:\/\/apuntesdesanluis.com\/wp-content\/uploads\/2024\/07\/FRANCOS.png","datePublished":"2024-07-03T22:21:39+00:00","breadcrumb":{"@id":"https:\/\/apuntesdesanluis.com\/index.php\/2024\/07\/03\/francos-dijo-que-sturzenegger-asumiria-el-viernes-y-ratifico-el-rumbo-economico\/#breadcrumb"},"inLanguage":"es-AR","potentialAction":[{"@type":"ReadAction","target":["https:\/\/apuntesdesanluis.com\/index.php\/2024\/07\/03\/francos-dijo-que-sturzenegger-asumiria-el-viernes-y-ratifico-el-rumbo-economico\/"]}]},{"@type":"ImageObject","inLanguage":"es-AR","@id":"https:\/\/apuntesdesanluis.com\/index.php\/2024\/07\/03\/francos-dijo-que-sturzenegger-asumiria-el-viernes-y-ratifico-el-rumbo-economico\/#primaryimage","url":"https:\/\/apuntesdesanluis.com\/wp-content\/uploads\/2024\/07\/FRANCOS.png","contentUrl":"https:\/\/apuntesdesanluis.com\/wp-content\/uploads\/2024\/07\/FRANCOS.png","width":703,"height":425},{"@type":"BreadcrumbList","@id":"https:\/\/apuntesdesanluis.com\/index.php\/2024\/07\/03\/francos-dijo-que-sturzenegger-asumiria-el-viernes-y-ratifico-el-rumbo-economico\/#breadcrumb","itemListElement":[{"@type":"ListItem","position":1,"name":"Inicio","item":"https:\/\/apuntesdesanluis.com\/"},{"@type":"ListItem","position":2,"name":"FRANCOS DIJO QUE STURZENEGGER ASUMIR\u00cdA EL VIERNES Y RATIFIC\u00d3 EL RUMBO ECON\u00d3MICO"}]},{"@type":"WebSite","@id":"https:\/\/apuntesdesanluis.com\/#website","url":"https:\/\/apuntesdesanluis.com\/","name":"Apuntes de San Luis","description":"","publisher":{"@id":"https:\/\/apuntesdesanluis.com\/#\/schema\/person\/b55151d52296fcce64d1a72538a70b90"},"potentialAction":[{"@type":"SearchAction","target":{"@type":"EntryPoint","urlTemplate":"https:\/\/apuntesdesanluis.com\/?s={search_term_string}"},"query-input":{"@type":"PropertyValueSpecification","valueRequired":true,"valueName":"search_term_string"}}],"inLanguage":"es-AR"},{"@type":["Person","Organization"],"@id":"https:\/\/apuntesdesanluis.com\/#\/schema\/person\/b55151d52296fcce64d1a72538a70b90","name":"apuntesdesanluis.com","image":{"@type":"ImageObject","inLanguage":"es-AR","@id":"https:\/\/apuntesdesanluis.com\/#\/schema\/person\/image\/","url":"https:\/\/apuntesdesanluis.com\/wp-content\/uploads\/2023\/07\/cropped-apuntesdesanluis.png","contentUrl":"https:\/\/apuntesdesanluis.com\/wp-content\/uploads\/2023\/07\/cropped-apuntesdesanluis.png","width":450,"height":112,"caption":"apuntesdesanluis.com"},"logo":{"@id":"https:\/\/apuntesdesanluis.com\/#\/schema\/person\/image\/"},"sameAs":["https:\/\/apuntesdesanluis.com"],"url":"https:\/\/apuntesdesanluis.com\/index.php\/author\/apuntesdesanluis-com\/"}]}},"featured_image_urls":{"full":["https:\/\/apuntesdesanluis.com\/wp-content\/uploads\/2024\/07\/FRANCOS.png",703,425,false],"thumbnail":["https:\/\/apuntesdesanluis.com\/wp-content\/uploads\/2024\/07\/FRANCOS-150x150.png",150,150,true],"medium":["https:\/\/apuntesdesanluis.com\/wp-content\/uploads\/2024\/07\/FRANCOS-300x181.png",300,181,true],"medium_large":["https:\/\/apuntesdesanluis.com\/wp-content\/uploads\/2024\/07\/FRANCOS.png",640,387,false],"large":["https:\/\/apuntesdesanluis.com\/wp-content\/uploads\/2024\/07\/FRANCOS.png",640,387,false],"1536x1536":["https:\/\/apuntesdesanluis.com\/wp-content\/uploads\/2024\/07\/FRANCOS.png",703,425,false],"2048x2048":["https:\/\/apuntesdesanluis.com\/wp-content\/uploads\/2024\/07\/FRANCOS.png",703,425,false],"newsever-slider-full":["https:\/\/apuntesdesanluis.com\/wp-content\/uploads\/2024\/07\/FRANCOS.png",703,425,false],"newsever-featured":["https:\/\/apuntesdesanluis.com\/wp-content\/uploads\/2024\/07\/FRANCOS.png",703,425,false],"newsever-medium":["https:\/\/apuntesdesanluis.com\/wp-content\/uploads\/2024\/07\/FRANCOS.png",703,425,false]},"author_info":{"display_name":"apuntesdesanluis.com","author_link":"https:\/\/apuntesdesanluis.com\/index.php\/author\/apuntesdesanluis-com\/"},"category_info":"<a href=\"https:\/\/apuntesdesanluis.com\/index.php\/category\/nacionales-internacionales\/\" rel=\"category tag\">Nacionales\/Internacionales<\/a>","tag_info":"Nacionales\/Internacionales","comment_count":"0","_links":{"self":[{"href":"https:\/\/apuntesdesanluis.com\/index.php\/wp-json\/wp\/v2\/posts\/18751","targetHints":{"allow":["GET"]}}],"collection":[{"href":"https:\/\/apuntesdesanluis.com\/index.php\/wp-json\/wp\/v2\/posts"}],"about":[{"href":"https:\/\/apuntesdesanluis.com\/index.php\/wp-json\/wp\/v2\/types\/post"}],"author":[{"embeddable":true,"href":"https:\/\/apuntesdesanluis.com\/index.php\/wp-json\/wp\/v2\/users\/1"}],"replies":[{"embeddable":true,"href":"https:\/\/apuntesdesanluis.com\/index.php\/wp-json\/wp\/v2\/comments?post=18751"}],"version-history":[{"count":1,"href":"https:\/\/apuntesdesanluis.com\/index.php\/wp-json\/wp\/v2\/posts\/18751\/revisions"}],"predecessor-version":[{"id":18754,"href":"https:\/\/apuntesdesanluis.com\/index.php\/wp-json\/wp\/v2\/posts\/18751\/revisions\/18754"}],"wp:featuredmedia":[{"embeddable":true,"href":"https:\/\/apuntesdesanluis.com\/index.php\/wp-json\/wp\/v2\/media\/18752"}],"wp:attachment":[{"href":"https:\/\/apuntesdesanluis.com\/index.php\/wp-json\/wp\/v2\/media?parent=18751"}],"wp:term":[{"taxonomy":"category","embeddable":true,"href":"https:\/\/apuntesdesanluis.com\/index.php\/wp-json\/wp\/v2\/categories?post=18751"},{"taxonomy":"post_tag","embeddable":true,"href":"https:\/\/apuntesdesanluis.com\/index.php\/wp-json\/wp\/v2\/tags?post=18751"}],"curies":[{"name":"wp","href":"https:\/\/api.w.org\/{rel}","templated":true}]}}