{"id":18755,"date":"2024-07-03T19:28:13","date_gmt":"2024-07-03T22:28:13","guid":{"rendered":"https:\/\/apuntesdesanluis.com\/?p=18755"},"modified":"2024-07-03T19:28:13","modified_gmt":"2024-07-03T22:28:13","slug":"mauricio-macri-le-reclamo-a-milei-por-la-coparticipacion-de-caba","status":"publish","type":"post","link":"https:\/\/apuntesdesanluis.com\/index.php\/2024\/07\/03\/mauricio-macri-le-reclamo-a-milei-por-la-coparticipacion-de-caba\/","title":{"rendered":"MAURICIO MACRI LE RECLAM\u00d3 A MILEI POR LA COPARTICIPACI\u00d3N DE CABA"},"content":{"rendered":"<h3>\u201cEl sacrificio de los argentinos requiere de un gobierno que cumpla la ley\u201d, expres\u00f3 el l\u00edder del PRO en sus redes sociales, con un fuerte mensaje hacia el jefe de Estado por el conflicto de los fondos que la Naci\u00f3n le adeuda a la Ciudad de Buenos Aires.<\/h3>\n<h3>Mauricio Macri le envi\u00f3 un fuerte mensaje a Javier Milei en medio del conflicto por la coparticipaci\u00f3n que la Ciudad de Buenos Aires mantiene con la Naci\u00f3n. La disputa se gener\u00f3 cuando el gobierno de Alberto Fern\u00e1ndez le quit\u00f3 los fondos a la administraci\u00f3n del entonces jefe de Gobierno Horacio Rodr\u00edguez Larreta, quien le inici\u00f3 un juicio al Poder Ejecutivo Nacional.<\/h3>\n<h3>En ese litigio, la Justicia le dio la raz\u00f3n al gobierno porte\u00f1o y esta tarde, el ex presidente se expres\u00f3 enf\u00e1ticamente para que la Casa Rosada, hoy con Milei al frente, cumpla esa orden judicial.<\/h3>\n<h3>\u201cDesde antes de ser gobierno apoyamos al actual presidente. Sab\u00edamos que se enfrentar\u00eda a una situaci\u00f3n econ\u00f3mica y social explosiva, y sin ninguna condici\u00f3n ni especulaci\u00f3n lo acompa\u00f1amos en sus iniciativas, especialmente en la materializaci\u00f3n de la estrat\u00e9gica Ley de Bases\u201d, comenz\u00f3 su posteo en redes sociales el l\u00edder del PRO.<\/h3>\n<h3>Y agreg\u00f3: \u201cPara alcanzar esos cambios, hay una condici\u00f3n anterior a\u00fan m\u00e1s importante que crear nuevas leyes, y es cumplir con las existentes, en especial, cumplir con los fallos irrevocables dictados por la Corte Suprema. Ese es el caso de la deuda de coparticipaci\u00f3n que la Naci\u00f3n mantiene con la Ciudad de Buenos Aires. No tengo dudas de que cumplir los fallos es la voluntad del Presidente, porque todos sabemos que sin instituciones (y no hay instituciones si no se cumplen las reglas), no habr\u00e1 justicia, ni progreso, ni crecimiento, ni bienestar, ni inversiones\u201d.<\/h3>\n<h3><img fetchpriority=\"high\" decoding=\"async\" class=\"wp-image-18757 aligncenter\" src=\"https:\/\/apuntesdesanluis.com\/wp-content\/uploads\/2024\/07\/posteo-de-macri-300x251.png\" alt=\"\" width=\"630\" height=\"527\" srcset=\"https:\/\/apuntesdesanluis.com\/wp-content\/uploads\/2024\/07\/posteo-de-macri-300x251.png 300w, https:\/\/apuntesdesanluis.com\/wp-content\/uploads\/2024\/07\/posteo-de-macri.png 761w\" sizes=\"(max-width: 630px) 100vw, 630px\" \/><\/h3>\n<h3>\u201cEl sacrificio que est\u00e1n haciendo todos los argentinos requiere de un gobierno ejemplar, que cumpla la ley de la misma manera que la exige. Vamos en el camino correcto, no podemos desviarnos\u201d, cerr\u00f3.<\/h3>\n<h3>La disputa es por los porcentajes de la masa de impuestos que el Ejecutivo nacional recauda y distribuye entre las provincias en concepto de coparticipaci\u00f3n federal. Alberto Fern\u00e1ndez decidi\u00f3 en 2020 recortar el porcentaje que la Ciudad de Buenos Aires recib\u00eda, baj\u00e1ndolo de 2,95% a 1,4%. Justific\u00f3 esa medida argumentando que exist\u00eda un reparto que perjudicaba a la provincia de Buenos Aires, distrito para el que cre\u00f3 un fondo de fortalecimiento en aquel momento.<\/h3>\n<h3>Luego de la queja de CABA, la Justicia orden\u00f3 que Naci\u00f3n deb\u00eda restituir fondos a la Ciudad, y determin\u00f3 que el porcentaje derivado de Naci\u00f3n sea de 2,95%. Sin embargo, hasta hoy, la presidencia de Milei sigui\u00f3 transfiriendo el 1,4% de la masa coparticipable. Eso es lo que motiv\u00f3 el reclamo de Macri de esta tarde.<\/h3>\n<h3>Seg\u00fan c\u00e1lculos de quienes vienen siguiendo la deuda, en cifras actualizadas el monto total adeudado ser\u00eda de 800.000 millones de pesos, desde el momento en que se suscit\u00f3 el conflicto.<\/h3>\n<h3><strong>COMUNICADO<\/strong><\/h3>\n<h3>Casi en simult\u00e1neo al pronunciamiento de Macri en sus redes sociales, el bloque de diputados nacionales del PRO emiti\u00f3 un comunicado sentando posici\u00f3n, en el mismo sentido. \u201cEl presidente del bloque de diputados del PRO, Cristian Ritondo, junto a un grupo de diputados de su bloque, presentaron hoy un proyecto de resoluci\u00f3n para solicitarle al Gobierno Nacional que \u00b4realice todas las gestiones que fueran pertinentes y necesarias para garantizar el efectivo cumplimiento de la sentencia de la Corte Suprema de Justicia de la Naci\u00f3n\u00b4 sobre la quita de la coparticipaci\u00f3n de la Ciudad de Buenos Aires por el gobierno de Alberto Fern\u00e1ndez\u201d, indica el texto.<\/h3>\n<h3>Luego agrega: \u201ccomo es de notorio y de p\u00fablico conocimiento el pasado 21 de diciembre del 2020 la Corte Suprema de Justicia de la Naci\u00f3n dict\u00f3 una medida cautelar por la cual orden\u00f3 al Estado- Nacional y particularmente al ministro de Econom\u00eda de la Naci\u00f3n, que se incremente hasta el 2,95% el porcentaje de coparticipaci\u00f3n\u201d relatan los diputados en los argumentos del proyecto que impulsan.<\/h3>\n<h3>Adem\u00e1s, recuerdan que \u201cel ex Presidente de la Naci\u00f3n, Alberto Fernandez, fiel a su estilo, se apresur\u00f3 a anunciar su decisi\u00f3n de no cumplir dicha sentencia, motivo por el cual desde este honorable cuerpo propiciamos su juicio pol\u00edtico, de acuerdo con el art\u00edculo 53 de la Constituci\u00f3n Nacional y tambi\u00e9n se propici\u00f3 la interpelaci\u00f3n y censura del Jefe de Gabinete de Ministros por la misma raz\u00f3n\u201d.<\/h3>\n<h3>\u201cUn d\u00eda despu\u00e9s de publicada la sentencia, el presidente de la Naci\u00f3n decidi\u00f3 no obedecer lo ordenado por la Corte Suprema\u201d recuerdan los legisladores, por lo que solicitan a la nueva administraci\u00f3n nacional que el cumplimiento del fallo se efectivice cuanto antes.<\/h3>\n<h3>El proyecto lleva las firmas de los diputados Mar\u00eda Eugenia Vidal, Diego Santilli, Silvia Lospennato, Mart\u00edn Yeza, Alejandro Finocchiaro, Luciano Laspina, \u00c1lvaro Gonz\u00e1lez, Silvana Giudici, Daiana Fern\u00e1ndez Molero, Florencia De Sensi, Mar\u00eda Sotolano, Alejandro Bongiovanni, Mart\u00edn Maquieyra, Germana Figueroa Casas, Gabriela Besana, H\u00e9ctor Stefani, Jos\u00e9 N\u00fa\u00f1ez, Gabriel Chumpitaz, Bel\u00e9n Avico y Sabrina Ajmechet.<\/h3>\n<h3>El episodio agrega tensi\u00f3n a la convivencia que mantuvieron hasta hoy el PRO, partido presidido por Macri, y La Libertad Avanza, el espacio fundado por el presidente Milei. Pese a que el oficialismo logr\u00f3 su primer \u00e9xito legislativo, la aprobaci\u00f3n de la Ley Bases, gracias al acompa\u00f1amiento de los diputados del partido amarillo, el macrismo viene manifestando su intenci\u00f3n de acompa\u00f1ar sin fusionarse, esto es, sin ser absorbidos, por los libertarios. El tuit del ex presidente se enmarca en ese distanciamiento.<\/h3>\n<p>&nbsp;<\/p>\n<p>&nbsp;<\/p>\n<p>&nbsp;<\/p>\n<p>&nbsp;<\/p>\n<p>&nbsp;<\/p>\n","protected":false},"excerpt":{"rendered":"<p>\u201cEl sacrificio de los argentinos requiere de un gobierno que cumpla la ley\u201d, expres\u00f3 el&#8230;<\/p>\n","protected":false},"author":1,"featured_media":18756,"comment_status":"closed","ping_status":"closed","sticky":false,"template":"","format":"standard","meta":{"footnotes":""},"categories":[5],"tags":[],"class_list":["post-18755","post","type-post","status-publish","format-standard","has-post-thumbnail","hentry","category-nacionales-internacionales"],"yoast_head":"<!-- This site is optimized with the Yoast SEO plugin v26.1.1 - https:\/\/yoast.com\/wordpress\/plugins\/seo\/ -->\n<title>MAURICIO MACRI LE RECLAM\u00d3 A MILEI POR LA COPARTICIPACI\u00d3N DE CABA - Apuntes de San Luis<\/title>\n<meta name=\"robots\" content=\"index, follow, max-snippet:-1, max-image-preview:large, max-video-preview:-1\" \/>\n<link rel=\"canonical\" href=\"https:\/\/apuntesdesanluis.com\/index.php\/2024\/07\/03\/mauricio-macri-le-reclamo-a-milei-por-la-coparticipacion-de-caba\/\" \/>\n<meta property=\"og:locale\" content=\"es_ES\" \/>\n<meta property=\"og:type\" content=\"article\" \/>\n<meta property=\"og:title\" content=\"MAURICIO MACRI LE RECLAM\u00d3 A MILEI POR LA COPARTICIPACI\u00d3N DE CABA - Apuntes de San Luis\" \/>\n<meta property=\"og:description\" content=\"\u201cEl sacrificio de los argentinos requiere de un gobierno que cumpla la ley\u201d, expres\u00f3 el...\" \/>\n<meta property=\"og:url\" content=\"https:\/\/apuntesdesanluis.com\/index.php\/2024\/07\/03\/mauricio-macri-le-reclamo-a-milei-por-la-coparticipacion-de-caba\/\" \/>\n<meta property=\"og:site_name\" content=\"Apuntes de San Luis\" \/>\n<meta property=\"article:published_time\" content=\"2024-07-03T22:28:13+00:00\" \/>\n<meta property=\"og:image\" content=\"https:\/\/apuntesdesanluis.com\/wp-content\/uploads\/2024\/07\/macri-y-milei.png\" \/>\n\t<meta property=\"og:image:width\" content=\"745\" \/>\n\t<meta property=\"og:image:height\" content=\"429\" \/>\n\t<meta property=\"og:image:type\" content=\"image\/png\" \/>\n<meta name=\"author\" content=\"apuntesdesanluis.com\" \/>\n<meta name=\"twitter:card\" content=\"summary_large_image\" \/>\n<meta name=\"twitter:label1\" content=\"Escrito por\" \/>\n\t<meta name=\"twitter:data1\" content=\"apuntesdesanluis.com\" \/>\n\t<meta name=\"twitter:label2\" content=\"Tiempo de lectura\" \/>\n\t<meta name=\"twitter:data2\" content=\"5 minutos\" \/>\n<script type=\"application\/ld+json\" class=\"yoast-schema-graph\">{\"@context\":\"https:\/\/schema.org\",\"@graph\":[{\"@type\":\"Article\",\"@id\":\"https:\/\/apuntesdesanluis.com\/index.php\/2024\/07\/03\/mauricio-macri-le-reclamo-a-milei-por-la-coparticipacion-de-caba\/#article\",\"isPartOf\":{\"@id\":\"https:\/\/apuntesdesanluis.com\/index.php\/2024\/07\/03\/mauricio-macri-le-reclamo-a-milei-por-la-coparticipacion-de-caba\/\"},\"author\":{\"name\":\"apuntesdesanluis.com\",\"@id\":\"https:\/\/apuntesdesanluis.com\/#\/schema\/person\/b55151d52296fcce64d1a72538a70b90\"},\"headline\":\"MAURICIO MACRI LE RECLAM\u00d3 A MILEI POR LA COPARTICIPACI\u00d3N DE CABA\",\"datePublished\":\"2024-07-03T22:28:13+00:00\",\"mainEntityOfPage\":{\"@id\":\"https:\/\/apuntesdesanluis.com\/index.php\/2024\/07\/03\/mauricio-macri-le-reclamo-a-milei-por-la-coparticipacion-de-caba\/\"},\"wordCount\":977,\"publisher\":{\"@id\":\"https:\/\/apuntesdesanluis.com\/#\/schema\/person\/b55151d52296fcce64d1a72538a70b90\"},\"image\":{\"@id\":\"https:\/\/apuntesdesanluis.com\/index.php\/2024\/07\/03\/mauricio-macri-le-reclamo-a-milei-por-la-coparticipacion-de-caba\/#primaryimage\"},\"thumbnailUrl\":\"https:\/\/apuntesdesanluis.com\/wp-content\/uploads\/2024\/07\/macri-y-milei.png\",\"articleSection\":[\"Nacionales\/Internacionales\"],\"inLanguage\":\"es-AR\"},{\"@type\":\"WebPage\",\"@id\":\"https:\/\/apuntesdesanluis.com\/index.php\/2024\/07\/03\/mauricio-macri-le-reclamo-a-milei-por-la-coparticipacion-de-caba\/\",\"url\":\"https:\/\/apuntesdesanluis.com\/index.php\/2024\/07\/03\/mauricio-macri-le-reclamo-a-milei-por-la-coparticipacion-de-caba\/\",\"name\":\"MAURICIO MACRI LE RECLAM\u00d3 A MILEI POR LA COPARTICIPACI\u00d3N DE CABA - Apuntes de San Luis\",\"isPartOf\":{\"@id\":\"https:\/\/apuntesdesanluis.com\/#website\"},\"primaryImageOfPage\":{\"@id\":\"https:\/\/apuntesdesanluis.com\/index.php\/2024\/07\/03\/mauricio-macri-le-reclamo-a-milei-por-la-coparticipacion-de-caba\/#primaryimage\"},\"image\":{\"@id\":\"https:\/\/apuntesdesanluis.com\/index.php\/2024\/07\/03\/mauricio-macri-le-reclamo-a-milei-por-la-coparticipacion-de-caba\/#primaryimage\"},\"thumbnailUrl\":\"https:\/\/apuntesdesanluis.com\/wp-content\/uploads\/2024\/07\/macri-y-milei.png\",\"datePublished\":\"2024-07-03T22:28:13+00:00\",\"breadcrumb\":{\"@id\":\"https:\/\/apuntesdesanluis.com\/index.php\/2024\/07\/03\/mauricio-macri-le-reclamo-a-milei-por-la-coparticipacion-de-caba\/#breadcrumb\"},\"inLanguage\":\"es-AR\",\"potentialAction\":[{\"@type\":\"ReadAction\",\"target\":[\"https:\/\/apuntesdesanluis.com\/index.php\/2024\/07\/03\/mauricio-macri-le-reclamo-a-milei-por-la-coparticipacion-de-caba\/\"]}]},{\"@type\":\"ImageObject\",\"inLanguage\":\"es-AR\",\"@id\":\"https:\/\/apuntesdesanluis.com\/index.php\/2024\/07\/03\/mauricio-macri-le-reclamo-a-milei-por-la-coparticipacion-de-caba\/#primaryimage\",\"url\":\"https:\/\/apuntesdesanluis.com\/wp-content\/uploads\/2024\/07\/macri-y-milei.png\",\"contentUrl\":\"https:\/\/apuntesdesanluis.com\/wp-content\/uploads\/2024\/07\/macri-y-milei.png\",\"width\":745,\"height\":429},{\"@type\":\"BreadcrumbList\",\"@id\":\"https:\/\/apuntesdesanluis.com\/index.php\/2024\/07\/03\/mauricio-macri-le-reclamo-a-milei-por-la-coparticipacion-de-caba\/#breadcrumb\",\"itemListElement\":[{\"@type\":\"ListItem\",\"position\":1,\"name\":\"Inicio\",\"item\":\"https:\/\/apuntesdesanluis.com\/\"},{\"@type\":\"ListItem\",\"position\":2,\"name\":\"MAURICIO MACRI LE RECLAM\u00d3 A MILEI POR LA COPARTICIPACI\u00d3N DE CABA\"}]},{\"@type\":\"WebSite\",\"@id\":\"https:\/\/apuntesdesanluis.com\/#website\",\"url\":\"https:\/\/apuntesdesanluis.com\/\",\"name\":\"Apuntes de San Luis\",\"description\":\"\",\"publisher\":{\"@id\":\"https:\/\/apuntesdesanluis.com\/#\/schema\/person\/b55151d52296fcce64d1a72538a70b90\"},\"potentialAction\":[{\"@type\":\"SearchAction\",\"target\":{\"@type\":\"EntryPoint\",\"urlTemplate\":\"https:\/\/apuntesdesanluis.com\/?s={search_term_string}\"},\"query-input\":{\"@type\":\"PropertyValueSpecification\",\"valueRequired\":true,\"valueName\":\"search_term_string\"}}],\"inLanguage\":\"es-AR\"},{\"@type\":[\"Person\",\"Organization\"],\"@id\":\"https:\/\/apuntesdesanluis.com\/#\/schema\/person\/b55151d52296fcce64d1a72538a70b90\",\"name\":\"apuntesdesanluis.com\",\"image\":{\"@type\":\"ImageObject\",\"inLanguage\":\"es-AR\",\"@id\":\"https:\/\/apuntesdesanluis.com\/#\/schema\/person\/image\/\",\"url\":\"https:\/\/apuntesdesanluis.com\/wp-content\/uploads\/2023\/07\/cropped-apuntesdesanluis.png\",\"contentUrl\":\"https:\/\/apuntesdesanluis.com\/wp-content\/uploads\/2023\/07\/cropped-apuntesdesanluis.png\",\"width\":450,\"height\":112,\"caption\":\"apuntesdesanluis.com\"},\"logo\":{\"@id\":\"https:\/\/apuntesdesanluis.com\/#\/schema\/person\/image\/\"},\"sameAs\":[\"https:\/\/apuntesdesanluis.com\"],\"url\":\"https:\/\/apuntesdesanluis.com\/index.php\/author\/apuntesdesanluis-com\/\"}]}<\/script>\n<!-- \/ Yoast SEO plugin. -->","yoast_head_json":{"title":"MAURICIO MACRI LE RECLAM\u00d3 A MILEI POR LA COPARTICIPACI\u00d3N DE CABA - Apuntes de San Luis","robots":{"index":"index","follow":"follow","max-snippet":"max-snippet:-1","max-image-preview":"max-image-preview:large","max-video-preview":"max-video-preview:-1"},"canonical":"https:\/\/apuntesdesanluis.com\/index.php\/2024\/07\/03\/mauricio-macri-le-reclamo-a-milei-por-la-coparticipacion-de-caba\/","og_locale":"es_ES","og_type":"article","og_title":"MAURICIO MACRI LE RECLAM\u00d3 A MILEI POR LA COPARTICIPACI\u00d3N DE CABA - Apuntes de San Luis","og_description":"\u201cEl sacrificio de los argentinos requiere de un gobierno que cumpla la ley\u201d, expres\u00f3 el...","og_url":"https:\/\/apuntesdesanluis.com\/index.php\/2024\/07\/03\/mauricio-macri-le-reclamo-a-milei-por-la-coparticipacion-de-caba\/","og_site_name":"Apuntes de San Luis","article_published_time":"2024-07-03T22:28:13+00:00","og_image":[{"width":745,"height":429,"url":"https:\/\/apuntesdesanluis.com\/wp-content\/uploads\/2024\/07\/macri-y-milei.png","type":"image\/png"}],"author":"apuntesdesanluis.com","twitter_card":"summary_large_image","twitter_misc":{"Escrito por":"apuntesdesanluis.com","Tiempo de lectura":"5 minutos"},"schema":{"@context":"https:\/\/schema.org","@graph":[{"@type":"Article","@id":"https:\/\/apuntesdesanluis.com\/index.php\/2024\/07\/03\/mauricio-macri-le-reclamo-a-milei-por-la-coparticipacion-de-caba\/#article","isPartOf":{"@id":"https:\/\/apuntesdesanluis.com\/index.php\/2024\/07\/03\/mauricio-macri-le-reclamo-a-milei-por-la-coparticipacion-de-caba\/"},"author":{"name":"apuntesdesanluis.com","@id":"https:\/\/apuntesdesanluis.com\/#\/schema\/person\/b55151d52296fcce64d1a72538a70b90"},"headline":"MAURICIO MACRI LE RECLAM\u00d3 A MILEI POR LA COPARTICIPACI\u00d3N DE CABA","datePublished":"2024-07-03T22:28:13+00:00","mainEntityOfPage":{"@id":"https:\/\/apuntesdesanluis.com\/index.php\/2024\/07\/03\/mauricio-macri-le-reclamo-a-milei-por-la-coparticipacion-de-caba\/"},"wordCount":977,"publisher":{"@id":"https:\/\/apuntesdesanluis.com\/#\/schema\/person\/b55151d52296fcce64d1a72538a70b90"},"image":{"@id":"https:\/\/apuntesdesanluis.com\/index.php\/2024\/07\/03\/mauricio-macri-le-reclamo-a-milei-por-la-coparticipacion-de-caba\/#primaryimage"},"thumbnailUrl":"https:\/\/apuntesdesanluis.com\/wp-content\/uploads\/2024\/07\/macri-y-milei.png","articleSection":["Nacionales\/Internacionales"],"inLanguage":"es-AR"},{"@type":"WebPage","@id":"https:\/\/apuntesdesanluis.com\/index.php\/2024\/07\/03\/mauricio-macri-le-reclamo-a-milei-por-la-coparticipacion-de-caba\/","url":"https:\/\/apuntesdesanluis.com\/index.php\/2024\/07\/03\/mauricio-macri-le-reclamo-a-milei-por-la-coparticipacion-de-caba\/","name":"MAURICIO MACRI LE RECLAM\u00d3 A MILEI POR LA COPARTICIPACI\u00d3N DE CABA - Apuntes de San Luis","isPartOf":{"@id":"https:\/\/apuntesdesanluis.com\/#website"},"primaryImageOfPage":{"@id":"https:\/\/apuntesdesanluis.com\/index.php\/2024\/07\/03\/mauricio-macri-le-reclamo-a-milei-por-la-coparticipacion-de-caba\/#primaryimage"},"image":{"@id":"https:\/\/apuntesdesanluis.com\/index.php\/2024\/07\/03\/mauricio-macri-le-reclamo-a-milei-por-la-coparticipacion-de-caba\/#primaryimage"},"thumbnailUrl":"https:\/\/apuntesdesanluis.com\/wp-content\/uploads\/2024\/07\/macri-y-milei.png","datePublished":"2024-07-03T22:28:13+00:00","breadcrumb":{"@id":"https:\/\/apuntesdesanluis.com\/index.php\/2024\/07\/03\/mauricio-macri-le-reclamo-a-milei-por-la-coparticipacion-de-caba\/#breadcrumb"},"inLanguage":"es-AR","potentialAction":[{"@type":"ReadAction","target":["https:\/\/apuntesdesanluis.com\/index.php\/2024\/07\/03\/mauricio-macri-le-reclamo-a-milei-por-la-coparticipacion-de-caba\/"]}]},{"@type":"ImageObject","inLanguage":"es-AR","@id":"https:\/\/apuntesdesanluis.com\/index.php\/2024\/07\/03\/mauricio-macri-le-reclamo-a-milei-por-la-coparticipacion-de-caba\/#primaryimage","url":"https:\/\/apuntesdesanluis.com\/wp-content\/uploads\/2024\/07\/macri-y-milei.png","contentUrl":"https:\/\/apuntesdesanluis.com\/wp-content\/uploads\/2024\/07\/macri-y-milei.png","width":745,"height":429},{"@type":"BreadcrumbList","@id":"https:\/\/apuntesdesanluis.com\/index.php\/2024\/07\/03\/mauricio-macri-le-reclamo-a-milei-por-la-coparticipacion-de-caba\/#breadcrumb","itemListElement":[{"@type":"ListItem","position":1,"name":"Inicio","item":"https:\/\/apuntesdesanluis.com\/"},{"@type":"ListItem","position":2,"name":"MAURICIO MACRI LE RECLAM\u00d3 A MILEI POR LA COPARTICIPACI\u00d3N DE CABA"}]},{"@type":"WebSite","@id":"https:\/\/apuntesdesanluis.com\/#website","url":"https:\/\/apuntesdesanluis.com\/","name":"Apuntes de San Luis","description":"","publisher":{"@id":"https:\/\/apuntesdesanluis.com\/#\/schema\/person\/b55151d52296fcce64d1a72538a70b90"},"potentialAction":[{"@type":"SearchAction","target":{"@type":"EntryPoint","urlTemplate":"https:\/\/apuntesdesanluis.com\/?s={search_term_string}"},"query-input":{"@type":"PropertyValueSpecification","valueRequired":true,"valueName":"search_term_string"}}],"inLanguage":"es-AR"},{"@type":["Person","Organization"],"@id":"https:\/\/apuntesdesanluis.com\/#\/schema\/person\/b55151d52296fcce64d1a72538a70b90","name":"apuntesdesanluis.com","image":{"@type":"ImageObject","inLanguage":"es-AR","@id":"https:\/\/apuntesdesanluis.com\/#\/schema\/person\/image\/","url":"https:\/\/apuntesdesanluis.com\/wp-content\/uploads\/2023\/07\/cropped-apuntesdesanluis.png","contentUrl":"https:\/\/apuntesdesanluis.com\/wp-content\/uploads\/2023\/07\/cropped-apuntesdesanluis.png","width":450,"height":112,"caption":"apuntesdesanluis.com"},"logo":{"@id":"https:\/\/apuntesdesanluis.com\/#\/schema\/person\/image\/"},"sameAs":["https:\/\/apuntesdesanluis.com"],"url":"https:\/\/apuntesdesanluis.com\/index.php\/author\/apuntesdesanluis-com\/"}]}},"featured_image_urls":{"full":["https:\/\/apuntesdesanluis.com\/wp-content\/uploads\/2024\/07\/macri-y-milei.png",745,429,false],"thumbnail":["https:\/\/apuntesdesanluis.com\/wp-content\/uploads\/2024\/07\/macri-y-milei-150x150.png",150,150,true],"medium":["https:\/\/apuntesdesanluis.com\/wp-content\/uploads\/2024\/07\/macri-y-milei-300x173.png",300,173,true],"medium_large":["https:\/\/apuntesdesanluis.com\/wp-content\/uploads\/2024\/07\/macri-y-milei.png",640,369,false],"large":["https:\/\/apuntesdesanluis.com\/wp-content\/uploads\/2024\/07\/macri-y-milei.png",640,369,false],"1536x1536":["https:\/\/apuntesdesanluis.com\/wp-content\/uploads\/2024\/07\/macri-y-milei.png",745,429,false],"2048x2048":["https:\/\/apuntesdesanluis.com\/wp-content\/uploads\/2024\/07\/macri-y-milei.png",745,429,false],"newsever-slider-full":["https:\/\/apuntesdesanluis.com\/wp-content\/uploads\/2024\/07\/macri-y-milei.png",745,429,false],"newsever-featured":["https:\/\/apuntesdesanluis.com\/wp-content\/uploads\/2024\/07\/macri-y-milei.png",745,429,false],"newsever-medium":["https:\/\/apuntesdesanluis.com\/wp-content\/uploads\/2024\/07\/macri-y-milei-720x429.png",720,429,true]},"author_info":{"display_name":"apuntesdesanluis.com","author_link":"https:\/\/apuntesdesanluis.com\/index.php\/author\/apuntesdesanluis-com\/"},"category_info":"<a href=\"https:\/\/apuntesdesanluis.com\/index.php\/category\/nacionales-internacionales\/\" rel=\"category tag\">Nacionales\/Internacionales<\/a>","tag_info":"Nacionales\/Internacionales","comment_count":"0","_links":{"self":[{"href":"https:\/\/apuntesdesanluis.com\/index.php\/wp-json\/wp\/v2\/posts\/18755","targetHints":{"allow":["GET"]}}],"collection":[{"href":"https:\/\/apuntesdesanluis.com\/index.php\/wp-json\/wp\/v2\/posts"}],"about":[{"href":"https:\/\/apuntesdesanluis.com\/index.php\/wp-json\/wp\/v2\/types\/post"}],"author":[{"embeddable":true,"href":"https:\/\/apuntesdesanluis.com\/index.php\/wp-json\/wp\/v2\/users\/1"}],"replies":[{"embeddable":true,"href":"https:\/\/apuntesdesanluis.com\/index.php\/wp-json\/wp\/v2\/comments?post=18755"}],"version-history":[{"count":1,"href":"https:\/\/apuntesdesanluis.com\/index.php\/wp-json\/wp\/v2\/posts\/18755\/revisions"}],"predecessor-version":[{"id":18758,"href":"https:\/\/apuntesdesanluis.com\/index.php\/wp-json\/wp\/v2\/posts\/18755\/revisions\/18758"}],"wp:featuredmedia":[{"embeddable":true,"href":"https:\/\/apuntesdesanluis.com\/index.php\/wp-json\/wp\/v2\/media\/18756"}],"wp:attachment":[{"href":"https:\/\/apuntesdesanluis.com\/index.php\/wp-json\/wp\/v2\/media?parent=18755"}],"wp:term":[{"taxonomy":"category","embeddable":true,"href":"https:\/\/apuntesdesanluis.com\/index.php\/wp-json\/wp\/v2\/categories?post=18755"},{"taxonomy":"post_tag","embeddable":true,"href":"https:\/\/apuntesdesanluis.com\/index.php\/wp-json\/wp\/v2\/tags?post=18755"}],"curies":[{"name":"wp","href":"https:\/\/api.w.org\/{rel}","templated":true}]}}