{"id":18760,"date":"2024-07-03T22:07:12","date_gmt":"2024-07-04T01:07:12","guid":{"rendered":"https:\/\/apuntesdesanluis.com\/?p=18760"},"modified":"2024-07-04T08:08:24","modified_gmt":"2024-07-04T11:08:24","slug":"senado-comenzo-el-debate-sobre-movilidad-jubilatoria-en-el-plenario-de-comisiones","status":"publish","type":"post","link":"https:\/\/apuntesdesanluis.com\/index.php\/2024\/07\/03\/senado-comenzo-el-debate-sobre-movilidad-jubilatoria-en-el-plenario-de-comisiones\/","title":{"rendered":"SENADO: COMENZ\u00d3 EL DEBATE SOBRE MOVILIDAD JUBILATORIA EN EL PLENARIO DE COMISIONES"},"content":{"rendered":"<h3>La plenaria de las comisiones de Trabajo y Previsi\u00f3n Social y de Presupuesto y Hacienda, presididas por los senadores <strong>Carmen \u00c1lvarez Rivero<\/strong> (PRO) y <strong>Ezequiel Atauche<\/strong> (LLA), respectivamente, se reunieron este mi\u00e9rcoles por la tarde en el Sal\u00f3n Illia donde trataron el proyecto de ley, devenido en revisi\u00f3n de Diputados, sobre Movilidad previsional y de la seguridad social.<\/h3>\n<h3>Tambi\u00e9n se pusieron en consideraci\u00f3n proyectos de ley de Modificaci\u00f3n de la f\u00f3rmula de c\u00e1lculo de las remuneraciones, de Recomposici\u00f3n de emergencia de haberes previsionales y de Creaci\u00f3n de la unidad de cuenta previsional.<\/h3>\n<h3>Al comenzar, el senador Atauche remarc\u00f3: &#8220;Estamos hablando de un sistema previsional que viene emparchado desde hace muchos a\u00f1os. Se necesita una reforma realista, integral y sustentable que exprese una mejora&#8221;.<\/h3>\n<h3>Luego del debate, el plenario decidi\u00f3 convocar para las pr\u00f3ximas semanas a funcionarios nacionales, de Anses y especialistas.<\/h3>\n<h3><strong>DEBATE<\/strong><\/h3>\n<h3>Las comisiones de Trabajo y Previsi\u00f3n Social y de Presupuesto y Hacienda del Senado de la Naci\u00f3n fueron convocados este mi\u00e9rcoles para tratar la modificaci\u00f3n en la f\u00f3rmula para los jubilados, que ya fue aprobado por Diputados en el mes de junio con 162 votos a favor, 72 en contra y 8 abstenciones. Por falta de qu\u00f3rum, no pudieron dictaminar el texto y se convocar\u00e1n especialistas para comisiones la semana que viene.<\/h3>\n<h3>El documento contar\u00eda con el apoyo del radicalismo, el peronismo e incluso de senadores del PRO. Desde distintos bloques se especula con la posibilidad de votar el proyecto en la pr\u00f3xima sesi\u00f3n de la C\u00e1mara alta, agendada para este jueves a las 11 horas cuando se trate una reforma del C\u00f3digo Penal sobre secuestro y comercializaci\u00f3n de menores de edad. Para votar sobre tablas un proyecto, se requieren dos tercios de los acompa\u00f1amientos que en el Senado son 48 miembros: entre la UCR y UP suman 47.<\/h3>\n<h3>Actualmente rige un decreto de Javier Milei que estableci\u00f3 un esquema sujeto al \u00cdndice de Precios al Consumidor (IPC) m\u00e1s un 12,6% de recomposici\u00f3n extra por marzo. El nuevo Sistema Integrado de Jubilaciones y Pensiones que cuenta con media sanci\u00f3n de Diputados busca combinar el IPC y la Remuneraci\u00f3n Imponible Promedio de los Trabajadores Estables (RIPTE) y aportar\u00eda un ingreso extra del 8,1% para jubilados.<\/h3>\n<h3>La propuesta incorpora adem\u00e1s un aumento anual adicional aplicado en el mes de marzo, que reconocer\u00eda un incremento del 50% de la variaci\u00f3n del RIPTE por sobre la variaci\u00f3n de la inflaci\u00f3n del a\u00f1o calendario anterior. Adem\u00e1s, se excluy\u00f3 del texto la eliminaci\u00f3n de las jubilaciones de privilegio para expresidentes y exvicepresidentes. Seg\u00fan la Oficina de Presupuesto del Congreso, representar\u00eda un costo del 0,43% del PBI, que se cubrir\u00eda con asignaciones espec\u00edficas de los recursos tributarios del organismo previsional (impuesto al cheque, impuesto PAIS e IVA).<\/h3>\n<h3>La postura de los senadores de La Libertad Avanza no fue de rechazo al proyecto, sino de postergaci\u00f3n de su votaci\u00f3n a partir de la convocatoria de funcionarios a las comisiones. &#8220;Podemos buscar un plan de trabajo con un cronograma&#8221;, dijo Ezequiel Atauche, a lo que se sum\u00f3 <strong>Bartolom\u00e9 Abdala:<\/strong> &#8220;No le quito m\u00e9ritos a la ley que vino de Diputados, pero a mi entender deber\u00edamos sumar m\u00e1s asesores para tratarla con mayor eficiencia y hacer la mejor ley posible&#8221;.<\/h3>\n<p><iframe title=\"SDOR. BARTOLOM\u00c9 ABDALA - 03-04-27 PLENARIO DE TRABAJO Y PRESUPUESTO\" width=\"640\" height=\"360\" src=\"https:\/\/www.youtube.com\/embed\/iLnIhHBj4zQ?feature=oembed\" frameborder=\"0\" allow=\"accelerometer; autoplay; clipboard-write; encrypted-media; gyroscope; picture-in-picture; web-share\" referrerpolicy=\"strict-origin-when-cross-origin\" allowfullscreen><\/iframe><\/p>\n<h3>Mart\u00edn Lousteau precis\u00f3 que desde el 2017 los haberes previsionales sufrieron una reducci\u00f3n del 47% del poder adquisitivo y plante\u00f3 que &#8220;el sistema previsional es el principal gasto de cualquier Estado moderno y tambi\u00e9n es el principal mecanismo de redistribuci\u00f3n&#8221;, criticando que &#8220;le bajamos los impuestos a las grandes empresas y a las grandes fortunas y le pusimos al\u00edcuotas cero a los que blanquean y ahora no hay plata para los jubilados&#8221;.<\/h3>\n<h3>Desde el peronismo acentuaron el reclamo de urgencia en el tratamiento que fue coincidente con la postura de otros bloques, que compararon la celeridad de la aprobaci\u00f3n de la ley Bases. &#8220;Hoy tienen urgencia los jubilados para su recomposici\u00f3n de haberes. Diputados aprob\u00f3 el proyecto con dos tercios de los votos; ojal\u00e1 que ma\u00f1ana en el recinto tengamos nosotros los dos tercios de los votos para aprobar de forma urgente esta media sanci\u00f3n. La recomposici\u00f3n tiene que ser ya&#8221;, se\u00f1al\u00f3 para el caso Daniel Bensus\u00e1n.<\/h3>\n<h3>Aunque no es su foco de conflictividad, el Gobierno nacional se opuso desde el primer momento a este Sistema Integrado de Jubilaciones y Pensiones. Una vez aprobado en Diputados, el presidente Javier Milei manifest\u00f3 expresamente su intenci\u00f3n de vetarlo en caso de que la nueva f\u00f3rmula se convierta en ley, bajo el argumento de &#8220;no entregar el d\u00e9ficit cero&#8221;.<\/h3>\n<h3>En ese sentido, existe otra gestualidad de la jornada del mi\u00e9rcoles. Al puntualizar sobre los nuevos puntos del Pacto de Mayo, el portavoz Manuel Adorni realiz\u00f3 una modificaci\u00f3n en los \u00edtems originales. All\u00ed pidi\u00f3 por &#8220;una reforma previsional que le d\u00e9 sostenibilidad al sistema y respete a quienes aportaron&#8221;, eliminando la siguiente oraci\u00f3n: &#8220;que permita, a quienes prefieran, suscribirse a un sistema privado de jubilaci\u00f3n&#8221;.<\/h3>\n<p>&nbsp;<\/p>\n<p>&nbsp;<\/p>\n<p>&nbsp;<\/p>\n<p>&nbsp;<\/p>\n<p>&nbsp;<\/p>\n<p>&nbsp;<\/p>\n","protected":false},"excerpt":{"rendered":"<p>La plenaria de las comisiones de Trabajo y Previsi\u00f3n Social y de Presupuesto y Hacienda,&#8230;<\/p>\n","protected":false},"author":1,"featured_media":18761,"comment_status":"closed","ping_status":"closed","sticky":false,"template":"","format":"standard","meta":{"footnotes":""},"categories":[5],"tags":[],"class_list":["post-18760","post","type-post","status-publish","format-standard","has-post-thumbnail","hentry","category-nacionales-internacionales"],"yoast_head":"<!-- This site is optimized with the Yoast SEO plugin v26.1.1 - https:\/\/yoast.com\/wordpress\/plugins\/seo\/ -->\n<title>SENADO: COMENZ\u00d3 EL DEBATE SOBRE MOVILIDAD JUBILATORIA EN EL PLENARIO DE COMISIONES - Apuntes de San Luis<\/title>\n<meta name=\"robots\" content=\"index, follow, max-snippet:-1, max-image-preview:large, max-video-preview:-1\" \/>\n<link rel=\"canonical\" href=\"https:\/\/apuntesdesanluis.com\/index.php\/2024\/07\/03\/senado-comenzo-el-debate-sobre-movilidad-jubilatoria-en-el-plenario-de-comisiones\/\" \/>\n<meta property=\"og:locale\" content=\"es_ES\" \/>\n<meta property=\"og:type\" content=\"article\" \/>\n<meta property=\"og:title\" content=\"SENADO: COMENZ\u00d3 EL DEBATE SOBRE MOVILIDAD JUBILATORIA EN EL PLENARIO DE COMISIONES - Apuntes de San Luis\" \/>\n<meta property=\"og:description\" content=\"La plenaria de las comisiones de Trabajo y Previsi\u00f3n Social y de Presupuesto y Hacienda,...\" \/>\n<meta property=\"og:url\" content=\"https:\/\/apuntesdesanluis.com\/index.php\/2024\/07\/03\/senado-comenzo-el-debate-sobre-movilidad-jubilatoria-en-el-plenario-de-comisiones\/\" \/>\n<meta property=\"og:site_name\" content=\"Apuntes de San Luis\" \/>\n<meta property=\"article:published_time\" content=\"2024-07-04T01:07:12+00:00\" \/>\n<meta property=\"article:modified_time\" content=\"2024-07-04T11:08:24+00:00\" \/>\n<meta property=\"og:image\" content=\"https:\/\/apuntesdesanluis.com\/wp-content\/uploads\/2024\/07\/bARTOLO-ABDALA.jpg\" \/>\n\t<meta property=\"og:image:width\" content=\"700\" \/>\n\t<meta property=\"og:image:height\" content=\"424\" \/>\n\t<meta property=\"og:image:type\" content=\"image\/jpeg\" \/>\n<meta name=\"author\" content=\"apuntesdesanluis.com\" \/>\n<meta name=\"twitter:card\" content=\"summary_large_image\" \/>\n<meta name=\"twitter:label1\" content=\"Escrito por\" \/>\n\t<meta name=\"twitter:data1\" content=\"apuntesdesanluis.com\" \/>\n\t<meta name=\"twitter:label2\" content=\"Tiempo de lectura\" \/>\n\t<meta name=\"twitter:data2\" content=\"4 minutos\" \/>\n<script type=\"application\/ld+json\" class=\"yoast-schema-graph\">{\"@context\":\"https:\/\/schema.org\",\"@graph\":[{\"@type\":\"Article\",\"@id\":\"https:\/\/apuntesdesanluis.com\/index.php\/2024\/07\/03\/senado-comenzo-el-debate-sobre-movilidad-jubilatoria-en-el-plenario-de-comisiones\/#article\",\"isPartOf\":{\"@id\":\"https:\/\/apuntesdesanluis.com\/index.php\/2024\/07\/03\/senado-comenzo-el-debate-sobre-movilidad-jubilatoria-en-el-plenario-de-comisiones\/\"},\"author\":{\"name\":\"apuntesdesanluis.com\",\"@id\":\"https:\/\/apuntesdesanluis.com\/#\/schema\/person\/b55151d52296fcce64d1a72538a70b90\"},\"headline\":\"SENADO: COMENZ\u00d3 EL DEBATE SOBRE MOVILIDAD JUBILATORIA EN EL PLENARIO DE COMISIONES\",\"datePublished\":\"2024-07-04T01:07:12+00:00\",\"dateModified\":\"2024-07-04T11:08:24+00:00\",\"mainEntityOfPage\":{\"@id\":\"https:\/\/apuntesdesanluis.com\/index.php\/2024\/07\/03\/senado-comenzo-el-debate-sobre-movilidad-jubilatoria-en-el-plenario-de-comisiones\/\"},\"wordCount\":898,\"publisher\":{\"@id\":\"https:\/\/apuntesdesanluis.com\/#\/schema\/person\/b55151d52296fcce64d1a72538a70b90\"},\"image\":{\"@id\":\"https:\/\/apuntesdesanluis.com\/index.php\/2024\/07\/03\/senado-comenzo-el-debate-sobre-movilidad-jubilatoria-en-el-plenario-de-comisiones\/#primaryimage\"},\"thumbnailUrl\":\"https:\/\/apuntesdesanluis.com\/wp-content\/uploads\/2024\/07\/bARTOLO-ABDALA.jpg\",\"articleSection\":[\"Nacionales\/Internacionales\"],\"inLanguage\":\"es-AR\"},{\"@type\":\"WebPage\",\"@id\":\"https:\/\/apuntesdesanluis.com\/index.php\/2024\/07\/03\/senado-comenzo-el-debate-sobre-movilidad-jubilatoria-en-el-plenario-de-comisiones\/\",\"url\":\"https:\/\/apuntesdesanluis.com\/index.php\/2024\/07\/03\/senado-comenzo-el-debate-sobre-movilidad-jubilatoria-en-el-plenario-de-comisiones\/\",\"name\":\"SENADO: COMENZ\u00d3 EL DEBATE SOBRE MOVILIDAD JUBILATORIA EN EL PLENARIO DE COMISIONES - Apuntes de San Luis\",\"isPartOf\":{\"@id\":\"https:\/\/apuntesdesanluis.com\/#website\"},\"primaryImageOfPage\":{\"@id\":\"https:\/\/apuntesdesanluis.com\/index.php\/2024\/07\/03\/senado-comenzo-el-debate-sobre-movilidad-jubilatoria-en-el-plenario-de-comisiones\/#primaryimage\"},\"image\":{\"@id\":\"https:\/\/apuntesdesanluis.com\/index.php\/2024\/07\/03\/senado-comenzo-el-debate-sobre-movilidad-jubilatoria-en-el-plenario-de-comisiones\/#primaryimage\"},\"thumbnailUrl\":\"https:\/\/apuntesdesanluis.com\/wp-content\/uploads\/2024\/07\/bARTOLO-ABDALA.jpg\",\"datePublished\":\"2024-07-04T01:07:12+00:00\",\"dateModified\":\"2024-07-04T11:08:24+00:00\",\"breadcrumb\":{\"@id\":\"https:\/\/apuntesdesanluis.com\/index.php\/2024\/07\/03\/senado-comenzo-el-debate-sobre-movilidad-jubilatoria-en-el-plenario-de-comisiones\/#breadcrumb\"},\"inLanguage\":\"es-AR\",\"potentialAction\":[{\"@type\":\"ReadAction\",\"target\":[\"https:\/\/apuntesdesanluis.com\/index.php\/2024\/07\/03\/senado-comenzo-el-debate-sobre-movilidad-jubilatoria-en-el-plenario-de-comisiones\/\"]}]},{\"@type\":\"ImageObject\",\"inLanguage\":\"es-AR\",\"@id\":\"https:\/\/apuntesdesanluis.com\/index.php\/2024\/07\/03\/senado-comenzo-el-debate-sobre-movilidad-jubilatoria-en-el-plenario-de-comisiones\/#primaryimage\",\"url\":\"https:\/\/apuntesdesanluis.com\/wp-content\/uploads\/2024\/07\/bARTOLO-ABDALA.jpg\",\"contentUrl\":\"https:\/\/apuntesdesanluis.com\/wp-content\/uploads\/2024\/07\/bARTOLO-ABDALA.jpg\",\"width\":700,\"height\":424},{\"@type\":\"BreadcrumbList\",\"@id\":\"https:\/\/apuntesdesanluis.com\/index.php\/2024\/07\/03\/senado-comenzo-el-debate-sobre-movilidad-jubilatoria-en-el-plenario-de-comisiones\/#breadcrumb\",\"itemListElement\":[{\"@type\":\"ListItem\",\"position\":1,\"name\":\"Inicio\",\"item\":\"https:\/\/apuntesdesanluis.com\/\"},{\"@type\":\"ListItem\",\"position\":2,\"name\":\"SENADO: COMENZ\u00d3 EL DEBATE SOBRE MOVILIDAD JUBILATORIA EN EL PLENARIO DE COMISIONES\"}]},{\"@type\":\"WebSite\",\"@id\":\"https:\/\/apuntesdesanluis.com\/#website\",\"url\":\"https:\/\/apuntesdesanluis.com\/\",\"name\":\"Apuntes de San Luis\",\"description\":\"\",\"publisher\":{\"@id\":\"https:\/\/apuntesdesanluis.com\/#\/schema\/person\/b55151d52296fcce64d1a72538a70b90\"},\"potentialAction\":[{\"@type\":\"SearchAction\",\"target\":{\"@type\":\"EntryPoint\",\"urlTemplate\":\"https:\/\/apuntesdesanluis.com\/?s={search_term_string}\"},\"query-input\":{\"@type\":\"PropertyValueSpecification\",\"valueRequired\":true,\"valueName\":\"search_term_string\"}}],\"inLanguage\":\"es-AR\"},{\"@type\":[\"Person\",\"Organization\"],\"@id\":\"https:\/\/apuntesdesanluis.com\/#\/schema\/person\/b55151d52296fcce64d1a72538a70b90\",\"name\":\"apuntesdesanluis.com\",\"image\":{\"@type\":\"ImageObject\",\"inLanguage\":\"es-AR\",\"@id\":\"https:\/\/apuntesdesanluis.com\/#\/schema\/person\/image\/\",\"url\":\"https:\/\/apuntesdesanluis.com\/wp-content\/uploads\/2023\/07\/cropped-apuntesdesanluis.png\",\"contentUrl\":\"https:\/\/apuntesdesanluis.com\/wp-content\/uploads\/2023\/07\/cropped-apuntesdesanluis.png\",\"width\":450,\"height\":112,\"caption\":\"apuntesdesanluis.com\"},\"logo\":{\"@id\":\"https:\/\/apuntesdesanluis.com\/#\/schema\/person\/image\/\"},\"sameAs\":[\"https:\/\/apuntesdesanluis.com\"],\"url\":\"https:\/\/apuntesdesanluis.com\/index.php\/author\/apuntesdesanluis-com\/\"}]}<\/script>\n<!-- \/ Yoast SEO plugin. -->","yoast_head_json":{"title":"SENADO: COMENZ\u00d3 EL DEBATE SOBRE MOVILIDAD JUBILATORIA EN EL PLENARIO DE COMISIONES - Apuntes de San Luis","robots":{"index":"index","follow":"follow","max-snippet":"max-snippet:-1","max-image-preview":"max-image-preview:large","max-video-preview":"max-video-preview:-1"},"canonical":"https:\/\/apuntesdesanluis.com\/index.php\/2024\/07\/03\/senado-comenzo-el-debate-sobre-movilidad-jubilatoria-en-el-plenario-de-comisiones\/","og_locale":"es_ES","og_type":"article","og_title":"SENADO: COMENZ\u00d3 EL DEBATE SOBRE MOVILIDAD JUBILATORIA EN EL PLENARIO DE COMISIONES - Apuntes de San Luis","og_description":"La plenaria de las comisiones de Trabajo y Previsi\u00f3n Social y de Presupuesto y Hacienda,...","og_url":"https:\/\/apuntesdesanluis.com\/index.php\/2024\/07\/03\/senado-comenzo-el-debate-sobre-movilidad-jubilatoria-en-el-plenario-de-comisiones\/","og_site_name":"Apuntes de San Luis","article_published_time":"2024-07-04T01:07:12+00:00","article_modified_time":"2024-07-04T11:08:24+00:00","og_image":[{"width":700,"height":424,"url":"https:\/\/apuntesdesanluis.com\/wp-content\/uploads\/2024\/07\/bARTOLO-ABDALA.jpg","type":"image\/jpeg"}],"author":"apuntesdesanluis.com","twitter_card":"summary_large_image","twitter_misc":{"Escrito por":"apuntesdesanluis.com","Tiempo de lectura":"4 minutos"},"schema":{"@context":"https:\/\/schema.org","@graph":[{"@type":"Article","@id":"https:\/\/apuntesdesanluis.com\/index.php\/2024\/07\/03\/senado-comenzo-el-debate-sobre-movilidad-jubilatoria-en-el-plenario-de-comisiones\/#article","isPartOf":{"@id":"https:\/\/apuntesdesanluis.com\/index.php\/2024\/07\/03\/senado-comenzo-el-debate-sobre-movilidad-jubilatoria-en-el-plenario-de-comisiones\/"},"author":{"name":"apuntesdesanluis.com","@id":"https:\/\/apuntesdesanluis.com\/#\/schema\/person\/b55151d52296fcce64d1a72538a70b90"},"headline":"SENADO: COMENZ\u00d3 EL DEBATE SOBRE MOVILIDAD JUBILATORIA EN EL PLENARIO DE COMISIONES","datePublished":"2024-07-04T01:07:12+00:00","dateModified":"2024-07-04T11:08:24+00:00","mainEntityOfPage":{"@id":"https:\/\/apuntesdesanluis.com\/index.php\/2024\/07\/03\/senado-comenzo-el-debate-sobre-movilidad-jubilatoria-en-el-plenario-de-comisiones\/"},"wordCount":898,"publisher":{"@id":"https:\/\/apuntesdesanluis.com\/#\/schema\/person\/b55151d52296fcce64d1a72538a70b90"},"image":{"@id":"https:\/\/apuntesdesanluis.com\/index.php\/2024\/07\/03\/senado-comenzo-el-debate-sobre-movilidad-jubilatoria-en-el-plenario-de-comisiones\/#primaryimage"},"thumbnailUrl":"https:\/\/apuntesdesanluis.com\/wp-content\/uploads\/2024\/07\/bARTOLO-ABDALA.jpg","articleSection":["Nacionales\/Internacionales"],"inLanguage":"es-AR"},{"@type":"WebPage","@id":"https:\/\/apuntesdesanluis.com\/index.php\/2024\/07\/03\/senado-comenzo-el-debate-sobre-movilidad-jubilatoria-en-el-plenario-de-comisiones\/","url":"https:\/\/apuntesdesanluis.com\/index.php\/2024\/07\/03\/senado-comenzo-el-debate-sobre-movilidad-jubilatoria-en-el-plenario-de-comisiones\/","name":"SENADO: COMENZ\u00d3 EL DEBATE SOBRE MOVILIDAD JUBILATORIA EN EL PLENARIO DE COMISIONES - Apuntes de San Luis","isPartOf":{"@id":"https:\/\/apuntesdesanluis.com\/#website"},"primaryImageOfPage":{"@id":"https:\/\/apuntesdesanluis.com\/index.php\/2024\/07\/03\/senado-comenzo-el-debate-sobre-movilidad-jubilatoria-en-el-plenario-de-comisiones\/#primaryimage"},"image":{"@id":"https:\/\/apuntesdesanluis.com\/index.php\/2024\/07\/03\/senado-comenzo-el-debate-sobre-movilidad-jubilatoria-en-el-plenario-de-comisiones\/#primaryimage"},"thumbnailUrl":"https:\/\/apuntesdesanluis.com\/wp-content\/uploads\/2024\/07\/bARTOLO-ABDALA.jpg","datePublished":"2024-07-04T01:07:12+00:00","dateModified":"2024-07-04T11:08:24+00:00","breadcrumb":{"@id":"https:\/\/apuntesdesanluis.com\/index.php\/2024\/07\/03\/senado-comenzo-el-debate-sobre-movilidad-jubilatoria-en-el-plenario-de-comisiones\/#breadcrumb"},"inLanguage":"es-AR","potentialAction":[{"@type":"ReadAction","target":["https:\/\/apuntesdesanluis.com\/index.php\/2024\/07\/03\/senado-comenzo-el-debate-sobre-movilidad-jubilatoria-en-el-plenario-de-comisiones\/"]}]},{"@type":"ImageObject","inLanguage":"es-AR","@id":"https:\/\/apuntesdesanluis.com\/index.php\/2024\/07\/03\/senado-comenzo-el-debate-sobre-movilidad-jubilatoria-en-el-plenario-de-comisiones\/#primaryimage","url":"https:\/\/apuntesdesanluis.com\/wp-content\/uploads\/2024\/07\/bARTOLO-ABDALA.jpg","contentUrl":"https:\/\/apuntesdesanluis.com\/wp-content\/uploads\/2024\/07\/bARTOLO-ABDALA.jpg","width":700,"height":424},{"@type":"BreadcrumbList","@id":"https:\/\/apuntesdesanluis.com\/index.php\/2024\/07\/03\/senado-comenzo-el-debate-sobre-movilidad-jubilatoria-en-el-plenario-de-comisiones\/#breadcrumb","itemListElement":[{"@type":"ListItem","position":1,"name":"Inicio","item":"https:\/\/apuntesdesanluis.com\/"},{"@type":"ListItem","position":2,"name":"SENADO: COMENZ\u00d3 EL DEBATE SOBRE MOVILIDAD JUBILATORIA EN EL PLENARIO DE COMISIONES"}]},{"@type":"WebSite","@id":"https:\/\/apuntesdesanluis.com\/#website","url":"https:\/\/apuntesdesanluis.com\/","name":"Apuntes de San Luis","description":"","publisher":{"@id":"https:\/\/apuntesdesanluis.com\/#\/schema\/person\/b55151d52296fcce64d1a72538a70b90"},"potentialAction":[{"@type":"SearchAction","target":{"@type":"EntryPoint","urlTemplate":"https:\/\/apuntesdesanluis.com\/?s={search_term_string}"},"query-input":{"@type":"PropertyValueSpecification","valueRequired":true,"valueName":"search_term_string"}}],"inLanguage":"es-AR"},{"@type":["Person","Organization"],"@id":"https:\/\/apuntesdesanluis.com\/#\/schema\/person\/b55151d52296fcce64d1a72538a70b90","name":"apuntesdesanluis.com","image":{"@type":"ImageObject","inLanguage":"es-AR","@id":"https:\/\/apuntesdesanluis.com\/#\/schema\/person\/image\/","url":"https:\/\/apuntesdesanluis.com\/wp-content\/uploads\/2023\/07\/cropped-apuntesdesanluis.png","contentUrl":"https:\/\/apuntesdesanluis.com\/wp-content\/uploads\/2023\/07\/cropped-apuntesdesanluis.png","width":450,"height":112,"caption":"apuntesdesanluis.com"},"logo":{"@id":"https:\/\/apuntesdesanluis.com\/#\/schema\/person\/image\/"},"sameAs":["https:\/\/apuntesdesanluis.com"],"url":"https:\/\/apuntesdesanluis.com\/index.php\/author\/apuntesdesanluis-com\/"}]}},"featured_image_urls":{"full":["https:\/\/apuntesdesanluis.com\/wp-content\/uploads\/2024\/07\/bARTOLO-ABDALA.jpg",700,424,false],"thumbnail":["https:\/\/apuntesdesanluis.com\/wp-content\/uploads\/2024\/07\/bARTOLO-ABDALA-150x150.jpg",150,150,true],"medium":["https:\/\/apuntesdesanluis.com\/wp-content\/uploads\/2024\/07\/bARTOLO-ABDALA-300x182.jpg",300,182,true],"medium_large":["https:\/\/apuntesdesanluis.com\/wp-content\/uploads\/2024\/07\/bARTOLO-ABDALA.jpg",640,388,false],"large":["https:\/\/apuntesdesanluis.com\/wp-content\/uploads\/2024\/07\/bARTOLO-ABDALA.jpg",640,388,false],"1536x1536":["https:\/\/apuntesdesanluis.com\/wp-content\/uploads\/2024\/07\/bARTOLO-ABDALA.jpg",700,424,false],"2048x2048":["https:\/\/apuntesdesanluis.com\/wp-content\/uploads\/2024\/07\/bARTOLO-ABDALA.jpg",700,424,false],"newsever-slider-full":["https:\/\/apuntesdesanluis.com\/wp-content\/uploads\/2024\/07\/bARTOLO-ABDALA.jpg",700,424,false],"newsever-featured":["https:\/\/apuntesdesanluis.com\/wp-content\/uploads\/2024\/07\/bARTOLO-ABDALA.jpg",700,424,false],"newsever-medium":["https:\/\/apuntesdesanluis.com\/wp-content\/uploads\/2024\/07\/bARTOLO-ABDALA.jpg",700,424,false]},"author_info":{"display_name":"apuntesdesanluis.com","author_link":"https:\/\/apuntesdesanluis.com\/index.php\/author\/apuntesdesanluis-com\/"},"category_info":"<a href=\"https:\/\/apuntesdesanluis.com\/index.php\/category\/nacionales-internacionales\/\" rel=\"category tag\">Nacionales\/Internacionales<\/a>","tag_info":"Nacionales\/Internacionales","comment_count":"0","_links":{"self":[{"href":"https:\/\/apuntesdesanluis.com\/index.php\/wp-json\/wp\/v2\/posts\/18760","targetHints":{"allow":["GET"]}}],"collection":[{"href":"https:\/\/apuntesdesanluis.com\/index.php\/wp-json\/wp\/v2\/posts"}],"about":[{"href":"https:\/\/apuntesdesanluis.com\/index.php\/wp-json\/wp\/v2\/types\/post"}],"author":[{"embeddable":true,"href":"https:\/\/apuntesdesanluis.com\/index.php\/wp-json\/wp\/v2\/users\/1"}],"replies":[{"embeddable":true,"href":"https:\/\/apuntesdesanluis.com\/index.php\/wp-json\/wp\/v2\/comments?post=18760"}],"version-history":[{"count":3,"href":"https:\/\/apuntesdesanluis.com\/index.php\/wp-json\/wp\/v2\/posts\/18760\/revisions"}],"predecessor-version":[{"id":18764,"href":"https:\/\/apuntesdesanluis.com\/index.php\/wp-json\/wp\/v2\/posts\/18760\/revisions\/18764"}],"wp:featuredmedia":[{"embeddable":true,"href":"https:\/\/apuntesdesanluis.com\/index.php\/wp-json\/wp\/v2\/media\/18761"}],"wp:attachment":[{"href":"https:\/\/apuntesdesanluis.com\/index.php\/wp-json\/wp\/v2\/media?parent=18760"}],"wp:term":[{"taxonomy":"category","embeddable":true,"href":"https:\/\/apuntesdesanluis.com\/index.php\/wp-json\/wp\/v2\/categories?post=18760"},{"taxonomy":"post_tag","embeddable":true,"href":"https:\/\/apuntesdesanluis.com\/index.php\/wp-json\/wp\/v2\/tags?post=18760"}],"curies":[{"name":"wp","href":"https:\/\/api.w.org\/{rel}","templated":true}]}}