{"id":18771,"date":"2024-07-04T09:50:44","date_gmt":"2024-07-04T12:50:44","guid":{"rendered":"https:\/\/apuntesdesanluis.com\/?p=18771"},"modified":"2024-07-04T09:51:50","modified_gmt":"2024-07-04T12:51:50","slug":"un-ex-intendente-esta-sospechado-de-acoso-sexual-a-una-alumna","status":"publish","type":"post","link":"https:\/\/apuntesdesanluis.com\/index.php\/2024\/07\/04\/un-ex-intendente-esta-sospechado-de-acoso-sexual-a-una-alumna\/","title":{"rendered":"UN EX INTENDENTE EST\u00c1 SOSPECHADO DE ACOSO SEXUAL A UNA ALUMNA"},"content":{"rendered":"<h3>Un ex intendente del norte de la provincia, que actualmente se desempe\u00f1a como docente del nivel secundario en el valle del Conlara, estar\u00eda acusado de acosar sexualmente a una joven estudiante, dentro de un establecimiento escolar.<\/h3>\n<h3>Se trata de <strong>Pablo Moreno<\/strong>, ex intendente de la localidad de Santa Rosa del Conlara, quien este a\u00f1o fue removido de su cargo en la escuela N\u00b017 de Santa Rosa del Conlara, por un hecho de \u201cconducta inapropiada\u201d en perjuicio de una menor de edad, que el Ministerio de Educaci\u00f3n se encuentra investigando.<\/h3>\n<h3>Ante la investigaci\u00f3n en curso, se orden\u00f3 su traslado a otro establecimiento y se dispuso que realizara \u201ctareas pasivas\u201d, lo que gener\u00f3 el descontento de los padres de esa otra escuela (imagen principal).<\/h3>\n<h3>El docente se encontrar\u00eda bajo sumario administrativo y seg\u00fan fuentes confiables la justicia del multifuero de Santa Rosa del Conlara no le estar\u00eda brindando al caso la celeridad que esperan algunos miembros del gobierno provincial.<\/h3>\n<h3>Se presume que en los pr\u00f3ximos d\u00edas habr\u00eda importantes novedades que afectar\u00edan directamente al cuestionado ex intendente y tambi\u00e9n ex senador provincial.<\/h3>\n<h3>Todo indica que son varias las mujeres dispuestas a declarar en contra del mismo docente, por hechos similares que lo habr\u00edan tenido como protagonista al cabo de las \u00faltimas dos d\u00e9cadas y que por temor nunca hablaron.<\/h3>\n<h3>La preocupaci\u00f3n es grande en el departamento Jun\u00edn y el trabajo de algunas reparticiones provinciales estar\u00eda dirigido a actuar &#8220;sin anestesia&#8221;, seg\u00fan dijo la fuente consultada.<\/h3>\n<h3><strong>PROTESTA<\/strong><\/h3>\n<h3>Seg\u00fan inform\u00f3 el sitio \u201cEl Corredor Noticias\u201d, a mediados de junio unos cien padres y madres de estudiantes de todos los niveles del Centro Educativo N\u00b016 \u201cMar\u00eda Palmira Cabral de Becerra\u201d, de Rinc\u00f3n del Este, se manifestaron en\u00e9rgicamente tras conocer la asignaci\u00f3n del docente y ex intendente de Santa Rosa del Conlara, Pablo Moreno, a tareas administrativas en la instituci\u00f3n.<\/h3>\n<h3>Los familiares, que se enteraron de la incorporaci\u00f3n a trav\u00e9s de grupos de WhatsApp, se convocaron en el establecimiento educativo al que acuden unos 800 alumnos y alumnas, para pedir explicaciones a la directora <strong>Elizabeth Pereyra<\/strong>.<\/h3>\n<h3>En un clima de tensi\u00f3n, expresaron su inquietud y descontento por la presencia de Moreno, quien fue removido este a\u00f1o de la escuela N\u00b0 17 de Santa Rosa del Conlara por un presunto hecho de abuso en perjuicio de una menor de edad que el Ministerio de Educaci\u00f3n se encuentra investigando.<\/h3>\n<p><img fetchpriority=\"high\" decoding=\"async\" class=\"wp-image-18773 aligncenter\" src=\"https:\/\/apuntesdesanluis.com\/wp-content\/uploads\/2024\/07\/padres-con-directora-300x161.png\" alt=\"\" width=\"525\" height=\"282\" srcset=\"https:\/\/apuntesdesanluis.com\/wp-content\/uploads\/2024\/07\/padres-con-directora-300x161.png 300w, https:\/\/apuntesdesanluis.com\/wp-content\/uploads\/2024\/07\/padres-con-directora.png 600w\" sizes=\"(max-width: 525px) 100vw, 525px\" \/><\/p>\n<h3>Durante una acalorada reuni\u00f3n, los padres exigieron acciones concretas para garantizar la seguridad de sus hijos y reclamaron transparencia a la directora Pereyra. &#8220;Nosotros como padres tenemos derecho a saber qui\u00e9n est\u00e1 en contacto con nuestros hijos&#8221;, declar\u00f3 una madre preocupada. &#8220;Queremos que la instituci\u00f3n tome medidas firmes hasta que se aclare la situaci\u00f3n&#8221;.<\/h3>\n<h3>Adem\u00e1s, cuestionaron la falta de comunicaci\u00f3n y coordinaci\u00f3n por parte de las autoridades escolares y del Ministerio de Educaci\u00f3n. &#8220;Estamos ac\u00e1 exigiendo una respuesta porque no hemos recibido informaci\u00f3n clara,&#8221; exclam\u00f3 otro padre.<\/h3>\n<h3>El malestar se fij\u00f3 en el libro de actas. All\u00ed se dej\u00f3 constancia de las principales preocupaciones de los padres, entre ellas: la solicitud de la inmediata presencia de autoridades del Ministerio de Educaci\u00f3n y la exigencia de que el docente sea desafectado de sus funciones. Adem\u00e1s, manifestaron su disconformidad con la gesti\u00f3n de la directora Elizabeth Pereyra y solicitaron su destituci\u00f3n por permitir el ingreso de un profesor investigado por &#8220;conductas inapropiadas&#8221; con menores de edad.<\/h3>\n<p><img decoding=\"async\" class=\"wp-image-18774 aligncenter\" src=\"https:\/\/apuntesdesanluis.com\/wp-content\/uploads\/2024\/07\/acta-300x229.png\" alt=\"\" width=\"529\" height=\"404\" srcset=\"https:\/\/apuntesdesanluis.com\/wp-content\/uploads\/2024\/07\/acta-300x229.png 300w, https:\/\/apuntesdesanluis.com\/wp-content\/uploads\/2024\/07\/acta.png 358w\" sizes=\"(max-width: 529px) 100vw, 529px\" \/><\/p>\n<h3>Las respuestas por parte del Ministerio de Educaci\u00f3n no tardaron en llegar. Tras m\u00e1s de dos horas de debate, la directora de Educaci\u00f3n Obligatoria, Olga Garc\u00eda, comunic\u00f3 por tel\u00e9fono que Moreno ser\u00e1 reasignado a otro establecimiento para cumplir otro tipo de funciones.<\/h3>\n<h3><strong>DECLARACIONES DEL SUPERVISOR<\/strong><\/h3>\n<h3>En declaraciones a ECN, el supervisor educativo <strong>Walter N\u00fa\u00f1ez<\/strong> brind\u00f3 detalles sobre el caso. Dijo que Moreno fue trasladado a la escuela de Rinc\u00f3n para desempe\u00f1ar tareas pasivas mientras se investiga su presunto comportamiento inapropiado.<\/h3>\n<h3>Este procedimiento, explic\u00f3 N\u00fa\u00f1ez, se basa en el decreto 46, que ordena la separaci\u00f3n temporal del docente ante sospechas de violaci\u00f3n de los derechos de los ni\u00f1os. Durante este per\u00edodo, Moreno no tiene permitido ning\u00fan tipo de contacto con los alumnos.<\/h3>\n<h3>En este sentido, el supervisor subray\u00f3 que la separaci\u00f3n del docente es una acci\u00f3n preventiva, ya que la investigaci\u00f3n est\u00e1 en curso. El sumario administrativo determinar\u00e1 si Moreno es responsable de las acusaciones, en cuyo caso ser\u00eda sancionado, o si se le permite regresar a sus funciones normales si se demuestra su inocencia.<\/h3>\n<p>&nbsp;<\/p>\n<p>&nbsp;<\/p>\n<p>&nbsp;<\/p>\n","protected":false},"excerpt":{"rendered":"<p>Un ex intendente del norte de la provincia, que actualmente se desempe\u00f1a como docente del&#8230;<\/p>\n","protected":false},"author":1,"featured_media":18772,"comment_status":"closed","ping_status":"closed","sticky":false,"template":"","format":"standard","meta":{"footnotes":""},"categories":[6],"tags":[],"class_list":["post-18771","post","type-post","status-publish","format-standard","has-post-thumbnail","hentry","category-ciudad-provincia"],"yoast_head":"<!-- This site is optimized with the Yoast SEO plugin v26.1.1 - https:\/\/yoast.com\/wordpress\/plugins\/seo\/ -->\n<title>UN EX INTENDENTE EST\u00c1 SOSPECHADO DE ACOSO SEXUAL A UNA ALUMNA - Apuntes de San Luis<\/title>\n<meta name=\"robots\" content=\"index, follow, max-snippet:-1, max-image-preview:large, max-video-preview:-1\" \/>\n<link rel=\"canonical\" href=\"https:\/\/apuntesdesanluis.com\/index.php\/2024\/07\/04\/un-ex-intendente-esta-sospechado-de-acoso-sexual-a-una-alumna\/\" \/>\n<meta property=\"og:locale\" content=\"es_ES\" \/>\n<meta property=\"og:type\" content=\"article\" \/>\n<meta property=\"og:title\" content=\"UN EX INTENDENTE EST\u00c1 SOSPECHADO DE ACOSO SEXUAL A UNA ALUMNA - Apuntes de San Luis\" \/>\n<meta property=\"og:description\" content=\"Un ex intendente del norte de la provincia, que actualmente se desempe\u00f1a como docente del...\" \/>\n<meta property=\"og:url\" content=\"https:\/\/apuntesdesanluis.com\/index.php\/2024\/07\/04\/un-ex-intendente-esta-sospechado-de-acoso-sexual-a-una-alumna\/\" \/>\n<meta property=\"og:site_name\" content=\"Apuntes de San Luis\" \/>\n<meta property=\"article:published_time\" content=\"2024-07-04T12:50:44+00:00\" \/>\n<meta property=\"article:modified_time\" content=\"2024-07-04T12:51:50+00:00\" \/>\n<meta property=\"og:image\" content=\"https:\/\/apuntesdesanluis.com\/wp-content\/uploads\/2024\/07\/padres.png\" \/>\n\t<meta property=\"og:image:width\" content=\"600\" \/>\n\t<meta property=\"og:image:height\" content=\"364\" \/>\n\t<meta property=\"og:image:type\" content=\"image\/png\" \/>\n<meta name=\"author\" content=\"apuntesdesanluis.com\" \/>\n<meta name=\"twitter:card\" content=\"summary_large_image\" \/>\n<meta name=\"twitter:label1\" content=\"Escrito por\" \/>\n\t<meta name=\"twitter:data1\" content=\"apuntesdesanluis.com\" \/>\n\t<meta name=\"twitter:label2\" content=\"Tiempo de lectura\" \/>\n\t<meta name=\"twitter:data2\" content=\"4 minutos\" \/>\n<script type=\"application\/ld+json\" class=\"yoast-schema-graph\">{\"@context\":\"https:\/\/schema.org\",\"@graph\":[{\"@type\":\"Article\",\"@id\":\"https:\/\/apuntesdesanluis.com\/index.php\/2024\/07\/04\/un-ex-intendente-esta-sospechado-de-acoso-sexual-a-una-alumna\/#article\",\"isPartOf\":{\"@id\":\"https:\/\/apuntesdesanluis.com\/index.php\/2024\/07\/04\/un-ex-intendente-esta-sospechado-de-acoso-sexual-a-una-alumna\/\"},\"author\":{\"name\":\"apuntesdesanluis.com\",\"@id\":\"https:\/\/apuntesdesanluis.com\/#\/schema\/person\/b55151d52296fcce64d1a72538a70b90\"},\"headline\":\"UN EX INTENDENTE EST\u00c1 SOSPECHADO DE ACOSO SEXUAL A UNA ALUMNA\",\"datePublished\":\"2024-07-04T12:50:44+00:00\",\"dateModified\":\"2024-07-04T12:51:50+00:00\",\"mainEntityOfPage\":{\"@id\":\"https:\/\/apuntesdesanluis.com\/index.php\/2024\/07\/04\/un-ex-intendente-esta-sospechado-de-acoso-sexual-a-una-alumna\/\"},\"wordCount\":800,\"publisher\":{\"@id\":\"https:\/\/apuntesdesanluis.com\/#\/schema\/person\/b55151d52296fcce64d1a72538a70b90\"},\"image\":{\"@id\":\"https:\/\/apuntesdesanluis.com\/index.php\/2024\/07\/04\/un-ex-intendente-esta-sospechado-de-acoso-sexual-a-una-alumna\/#primaryimage\"},\"thumbnailUrl\":\"https:\/\/apuntesdesanluis.com\/wp-content\/uploads\/2024\/07\/padres.png\",\"articleSection\":[\"Ciudad\/Provincia\"],\"inLanguage\":\"es-AR\"},{\"@type\":\"WebPage\",\"@id\":\"https:\/\/apuntesdesanluis.com\/index.php\/2024\/07\/04\/un-ex-intendente-esta-sospechado-de-acoso-sexual-a-una-alumna\/\",\"url\":\"https:\/\/apuntesdesanluis.com\/index.php\/2024\/07\/04\/un-ex-intendente-esta-sospechado-de-acoso-sexual-a-una-alumna\/\",\"name\":\"UN EX INTENDENTE EST\u00c1 SOSPECHADO DE ACOSO SEXUAL A UNA ALUMNA - Apuntes de San Luis\",\"isPartOf\":{\"@id\":\"https:\/\/apuntesdesanluis.com\/#website\"},\"primaryImageOfPage\":{\"@id\":\"https:\/\/apuntesdesanluis.com\/index.php\/2024\/07\/04\/un-ex-intendente-esta-sospechado-de-acoso-sexual-a-una-alumna\/#primaryimage\"},\"image\":{\"@id\":\"https:\/\/apuntesdesanluis.com\/index.php\/2024\/07\/04\/un-ex-intendente-esta-sospechado-de-acoso-sexual-a-una-alumna\/#primaryimage\"},\"thumbnailUrl\":\"https:\/\/apuntesdesanluis.com\/wp-content\/uploads\/2024\/07\/padres.png\",\"datePublished\":\"2024-07-04T12:50:44+00:00\",\"dateModified\":\"2024-07-04T12:51:50+00:00\",\"breadcrumb\":{\"@id\":\"https:\/\/apuntesdesanluis.com\/index.php\/2024\/07\/04\/un-ex-intendente-esta-sospechado-de-acoso-sexual-a-una-alumna\/#breadcrumb\"},\"inLanguage\":\"es-AR\",\"potentialAction\":[{\"@type\":\"ReadAction\",\"target\":[\"https:\/\/apuntesdesanluis.com\/index.php\/2024\/07\/04\/un-ex-intendente-esta-sospechado-de-acoso-sexual-a-una-alumna\/\"]}]},{\"@type\":\"ImageObject\",\"inLanguage\":\"es-AR\",\"@id\":\"https:\/\/apuntesdesanluis.com\/index.php\/2024\/07\/04\/un-ex-intendente-esta-sospechado-de-acoso-sexual-a-una-alumna\/#primaryimage\",\"url\":\"https:\/\/apuntesdesanluis.com\/wp-content\/uploads\/2024\/07\/padres.png\",\"contentUrl\":\"https:\/\/apuntesdesanluis.com\/wp-content\/uploads\/2024\/07\/padres.png\",\"width\":600,\"height\":364},{\"@type\":\"BreadcrumbList\",\"@id\":\"https:\/\/apuntesdesanluis.com\/index.php\/2024\/07\/04\/un-ex-intendente-esta-sospechado-de-acoso-sexual-a-una-alumna\/#breadcrumb\",\"itemListElement\":[{\"@type\":\"ListItem\",\"position\":1,\"name\":\"Inicio\",\"item\":\"https:\/\/apuntesdesanluis.com\/\"},{\"@type\":\"ListItem\",\"position\":2,\"name\":\"UN EX INTENDENTE EST\u00c1 SOSPECHADO DE ACOSO SEXUAL A UNA ALUMNA\"}]},{\"@type\":\"WebSite\",\"@id\":\"https:\/\/apuntesdesanluis.com\/#website\",\"url\":\"https:\/\/apuntesdesanluis.com\/\",\"name\":\"Apuntes de San Luis\",\"description\":\"\",\"publisher\":{\"@id\":\"https:\/\/apuntesdesanluis.com\/#\/schema\/person\/b55151d52296fcce64d1a72538a70b90\"},\"potentialAction\":[{\"@type\":\"SearchAction\",\"target\":{\"@type\":\"EntryPoint\",\"urlTemplate\":\"https:\/\/apuntesdesanluis.com\/?s={search_term_string}\"},\"query-input\":{\"@type\":\"PropertyValueSpecification\",\"valueRequired\":true,\"valueName\":\"search_term_string\"}}],\"inLanguage\":\"es-AR\"},{\"@type\":[\"Person\",\"Organization\"],\"@id\":\"https:\/\/apuntesdesanluis.com\/#\/schema\/person\/b55151d52296fcce64d1a72538a70b90\",\"name\":\"apuntesdesanluis.com\",\"image\":{\"@type\":\"ImageObject\",\"inLanguage\":\"es-AR\",\"@id\":\"https:\/\/apuntesdesanluis.com\/#\/schema\/person\/image\/\",\"url\":\"https:\/\/apuntesdesanluis.com\/wp-content\/uploads\/2023\/07\/cropped-apuntesdesanluis.png\",\"contentUrl\":\"https:\/\/apuntesdesanluis.com\/wp-content\/uploads\/2023\/07\/cropped-apuntesdesanluis.png\",\"width\":450,\"height\":112,\"caption\":\"apuntesdesanluis.com\"},\"logo\":{\"@id\":\"https:\/\/apuntesdesanluis.com\/#\/schema\/person\/image\/\"},\"sameAs\":[\"https:\/\/apuntesdesanluis.com\"],\"url\":\"https:\/\/apuntesdesanluis.com\/index.php\/author\/apuntesdesanluis-com\/\"}]}<\/script>\n<!-- \/ Yoast SEO plugin. -->","yoast_head_json":{"title":"UN EX INTENDENTE EST\u00c1 SOSPECHADO DE ACOSO SEXUAL A UNA ALUMNA - Apuntes de San Luis","robots":{"index":"index","follow":"follow","max-snippet":"max-snippet:-1","max-image-preview":"max-image-preview:large","max-video-preview":"max-video-preview:-1"},"canonical":"https:\/\/apuntesdesanluis.com\/index.php\/2024\/07\/04\/un-ex-intendente-esta-sospechado-de-acoso-sexual-a-una-alumna\/","og_locale":"es_ES","og_type":"article","og_title":"UN EX INTENDENTE EST\u00c1 SOSPECHADO DE ACOSO SEXUAL A UNA ALUMNA - Apuntes de San Luis","og_description":"Un ex intendente del norte de la provincia, que actualmente se desempe\u00f1a como docente del...","og_url":"https:\/\/apuntesdesanluis.com\/index.php\/2024\/07\/04\/un-ex-intendente-esta-sospechado-de-acoso-sexual-a-una-alumna\/","og_site_name":"Apuntes de San Luis","article_published_time":"2024-07-04T12:50:44+00:00","article_modified_time":"2024-07-04T12:51:50+00:00","og_image":[{"width":600,"height":364,"url":"https:\/\/apuntesdesanluis.com\/wp-content\/uploads\/2024\/07\/padres.png","type":"image\/png"}],"author":"apuntesdesanluis.com","twitter_card":"summary_large_image","twitter_misc":{"Escrito por":"apuntesdesanluis.com","Tiempo de lectura":"4 minutos"},"schema":{"@context":"https:\/\/schema.org","@graph":[{"@type":"Article","@id":"https:\/\/apuntesdesanluis.com\/index.php\/2024\/07\/04\/un-ex-intendente-esta-sospechado-de-acoso-sexual-a-una-alumna\/#article","isPartOf":{"@id":"https:\/\/apuntesdesanluis.com\/index.php\/2024\/07\/04\/un-ex-intendente-esta-sospechado-de-acoso-sexual-a-una-alumna\/"},"author":{"name":"apuntesdesanluis.com","@id":"https:\/\/apuntesdesanluis.com\/#\/schema\/person\/b55151d52296fcce64d1a72538a70b90"},"headline":"UN EX INTENDENTE EST\u00c1 SOSPECHADO DE ACOSO SEXUAL A UNA ALUMNA","datePublished":"2024-07-04T12:50:44+00:00","dateModified":"2024-07-04T12:51:50+00:00","mainEntityOfPage":{"@id":"https:\/\/apuntesdesanluis.com\/index.php\/2024\/07\/04\/un-ex-intendente-esta-sospechado-de-acoso-sexual-a-una-alumna\/"},"wordCount":800,"publisher":{"@id":"https:\/\/apuntesdesanluis.com\/#\/schema\/person\/b55151d52296fcce64d1a72538a70b90"},"image":{"@id":"https:\/\/apuntesdesanluis.com\/index.php\/2024\/07\/04\/un-ex-intendente-esta-sospechado-de-acoso-sexual-a-una-alumna\/#primaryimage"},"thumbnailUrl":"https:\/\/apuntesdesanluis.com\/wp-content\/uploads\/2024\/07\/padres.png","articleSection":["Ciudad\/Provincia"],"inLanguage":"es-AR"},{"@type":"WebPage","@id":"https:\/\/apuntesdesanluis.com\/index.php\/2024\/07\/04\/un-ex-intendente-esta-sospechado-de-acoso-sexual-a-una-alumna\/","url":"https:\/\/apuntesdesanluis.com\/index.php\/2024\/07\/04\/un-ex-intendente-esta-sospechado-de-acoso-sexual-a-una-alumna\/","name":"UN EX INTENDENTE EST\u00c1 SOSPECHADO DE ACOSO SEXUAL A UNA ALUMNA - Apuntes de San Luis","isPartOf":{"@id":"https:\/\/apuntesdesanluis.com\/#website"},"primaryImageOfPage":{"@id":"https:\/\/apuntesdesanluis.com\/index.php\/2024\/07\/04\/un-ex-intendente-esta-sospechado-de-acoso-sexual-a-una-alumna\/#primaryimage"},"image":{"@id":"https:\/\/apuntesdesanluis.com\/index.php\/2024\/07\/04\/un-ex-intendente-esta-sospechado-de-acoso-sexual-a-una-alumna\/#primaryimage"},"thumbnailUrl":"https:\/\/apuntesdesanluis.com\/wp-content\/uploads\/2024\/07\/padres.png","datePublished":"2024-07-04T12:50:44+00:00","dateModified":"2024-07-04T12:51:50+00:00","breadcrumb":{"@id":"https:\/\/apuntesdesanluis.com\/index.php\/2024\/07\/04\/un-ex-intendente-esta-sospechado-de-acoso-sexual-a-una-alumna\/#breadcrumb"},"inLanguage":"es-AR","potentialAction":[{"@type":"ReadAction","target":["https:\/\/apuntesdesanluis.com\/index.php\/2024\/07\/04\/un-ex-intendente-esta-sospechado-de-acoso-sexual-a-una-alumna\/"]}]},{"@type":"ImageObject","inLanguage":"es-AR","@id":"https:\/\/apuntesdesanluis.com\/index.php\/2024\/07\/04\/un-ex-intendente-esta-sospechado-de-acoso-sexual-a-una-alumna\/#primaryimage","url":"https:\/\/apuntesdesanluis.com\/wp-content\/uploads\/2024\/07\/padres.png","contentUrl":"https:\/\/apuntesdesanluis.com\/wp-content\/uploads\/2024\/07\/padres.png","width":600,"height":364},{"@type":"BreadcrumbList","@id":"https:\/\/apuntesdesanluis.com\/index.php\/2024\/07\/04\/un-ex-intendente-esta-sospechado-de-acoso-sexual-a-una-alumna\/#breadcrumb","itemListElement":[{"@type":"ListItem","position":1,"name":"Inicio","item":"https:\/\/apuntesdesanluis.com\/"},{"@type":"ListItem","position":2,"name":"UN EX INTENDENTE EST\u00c1 SOSPECHADO DE ACOSO SEXUAL A UNA ALUMNA"}]},{"@type":"WebSite","@id":"https:\/\/apuntesdesanluis.com\/#website","url":"https:\/\/apuntesdesanluis.com\/","name":"Apuntes de San Luis","description":"","publisher":{"@id":"https:\/\/apuntesdesanluis.com\/#\/schema\/person\/b55151d52296fcce64d1a72538a70b90"},"potentialAction":[{"@type":"SearchAction","target":{"@type":"EntryPoint","urlTemplate":"https:\/\/apuntesdesanluis.com\/?s={search_term_string}"},"query-input":{"@type":"PropertyValueSpecification","valueRequired":true,"valueName":"search_term_string"}}],"inLanguage":"es-AR"},{"@type":["Person","Organization"],"@id":"https:\/\/apuntesdesanluis.com\/#\/schema\/person\/b55151d52296fcce64d1a72538a70b90","name":"apuntesdesanluis.com","image":{"@type":"ImageObject","inLanguage":"es-AR","@id":"https:\/\/apuntesdesanluis.com\/#\/schema\/person\/image\/","url":"https:\/\/apuntesdesanluis.com\/wp-content\/uploads\/2023\/07\/cropped-apuntesdesanluis.png","contentUrl":"https:\/\/apuntesdesanluis.com\/wp-content\/uploads\/2023\/07\/cropped-apuntesdesanluis.png","width":450,"height":112,"caption":"apuntesdesanluis.com"},"logo":{"@id":"https:\/\/apuntesdesanluis.com\/#\/schema\/person\/image\/"},"sameAs":["https:\/\/apuntesdesanluis.com"],"url":"https:\/\/apuntesdesanluis.com\/index.php\/author\/apuntesdesanluis-com\/"}]}},"featured_image_urls":{"full":["https:\/\/apuntesdesanluis.com\/wp-content\/uploads\/2024\/07\/padres.png",600,364,false],"thumbnail":["https:\/\/apuntesdesanluis.com\/wp-content\/uploads\/2024\/07\/padres-150x150.png",150,150,true],"medium":["https:\/\/apuntesdesanluis.com\/wp-content\/uploads\/2024\/07\/padres-300x182.png",300,182,true],"medium_large":["https:\/\/apuntesdesanluis.com\/wp-content\/uploads\/2024\/07\/padres.png",600,364,false],"large":["https:\/\/apuntesdesanluis.com\/wp-content\/uploads\/2024\/07\/padres.png",600,364,false],"1536x1536":["https:\/\/apuntesdesanluis.com\/wp-content\/uploads\/2024\/07\/padres.png",600,364,false],"2048x2048":["https:\/\/apuntesdesanluis.com\/wp-content\/uploads\/2024\/07\/padres.png",600,364,false],"newsever-slider-full":["https:\/\/apuntesdesanluis.com\/wp-content\/uploads\/2024\/07\/padres.png",600,364,false],"newsever-featured":["https:\/\/apuntesdesanluis.com\/wp-content\/uploads\/2024\/07\/padres.png",600,364,false],"newsever-medium":["https:\/\/apuntesdesanluis.com\/wp-content\/uploads\/2024\/07\/padres.png",600,364,false]},"author_info":{"display_name":"apuntesdesanluis.com","author_link":"https:\/\/apuntesdesanluis.com\/index.php\/author\/apuntesdesanluis-com\/"},"category_info":"<a href=\"https:\/\/apuntesdesanluis.com\/index.php\/category\/ciudad-provincia\/\" rel=\"category tag\">Ciudad\/Provincia<\/a>","tag_info":"Ciudad\/Provincia","comment_count":"0","_links":{"self":[{"href":"https:\/\/apuntesdesanluis.com\/index.php\/wp-json\/wp\/v2\/posts\/18771","targetHints":{"allow":["GET"]}}],"collection":[{"href":"https:\/\/apuntesdesanluis.com\/index.php\/wp-json\/wp\/v2\/posts"}],"about":[{"href":"https:\/\/apuntesdesanluis.com\/index.php\/wp-json\/wp\/v2\/types\/post"}],"author":[{"embeddable":true,"href":"https:\/\/apuntesdesanluis.com\/index.php\/wp-json\/wp\/v2\/users\/1"}],"replies":[{"embeddable":true,"href":"https:\/\/apuntesdesanluis.com\/index.php\/wp-json\/wp\/v2\/comments?post=18771"}],"version-history":[{"count":2,"href":"https:\/\/apuntesdesanluis.com\/index.php\/wp-json\/wp\/v2\/posts\/18771\/revisions"}],"predecessor-version":[{"id":18776,"href":"https:\/\/apuntesdesanluis.com\/index.php\/wp-json\/wp\/v2\/posts\/18771\/revisions\/18776"}],"wp:featuredmedia":[{"embeddable":true,"href":"https:\/\/apuntesdesanluis.com\/index.php\/wp-json\/wp\/v2\/media\/18772"}],"wp:attachment":[{"href":"https:\/\/apuntesdesanluis.com\/index.php\/wp-json\/wp\/v2\/media?parent=18771"}],"wp:term":[{"taxonomy":"category","embeddable":true,"href":"https:\/\/apuntesdesanluis.com\/index.php\/wp-json\/wp\/v2\/categories?post=18771"},{"taxonomy":"post_tag","embeddable":true,"href":"https:\/\/apuntesdesanluis.com\/index.php\/wp-json\/wp\/v2\/tags?post=18771"}],"curies":[{"name":"wp","href":"https:\/\/api.w.org\/{rel}","templated":true}]}}