{"id":18790,"date":"2024-07-04T21:11:33","date_gmt":"2024-07-05T00:11:33","guid":{"rendered":"https:\/\/apuntesdesanluis.com\/?p=18790"},"modified":"2024-07-04T21:11:33","modified_gmt":"2024-07-05T00:11:33","slug":"el-parque-la-pedrera-ofrecera-diferentes-opciones-durante-las-vacaciones-de-invierno","status":"publish","type":"post","link":"https:\/\/apuntesdesanluis.com\/index.php\/2024\/07\/04\/el-parque-la-pedrera-ofrecera-diferentes-opciones-durante-las-vacaciones-de-invierno\/","title":{"rendered":"EL PARQUE LA PEDRERA OFRECER\u00c1 DIFERENTES OPCIONES DURANTE LAS VACACIONES DE INVIERNO"},"content":{"rendered":"<h3>El espacio es uno de los elegidos durante el receso escolar, especialmente para los vecinos del barrio La Ribera. Son variadas las opciones para que los peques disfruten, hagan amigos y participen de divertidas actividades y juegos.<\/h3>\n<h3>Este a\u00f1o, las vacaciones de invierno se podr\u00e1n disfrutar en el <strong>Parque La Pedrera<\/strong> desde el 10 al 21 de julio, de 13:00 a 18:30. Los espacios que se utilizar\u00e1n son Movimentum y Digitalia. En el primero las actividades programadas son karaoke, simuladores de carreras, Xbox: (juego de FIFA\/f\u00fatbol), Casa del terror, Baile K-pop: Clases abiertas de ritmos urbanos, Plaza blanda -para ni\u00f1os de hasta 5 a\u00f1os de edad- Cabina de fotos, Bufete\/kiosco, Gir\u00f3scopo y mesas did\u00e1cticas con juegos de mesa.<\/h3>\n<h3>En Digitalia habr\u00e1 inflables, pizarras para dibujo, rinc\u00f3n art\u00edstico; tatuajes temporales infantiles, maquillaje art\u00edstico infantil y stand de glitters.<\/h3>\n<p><img fetchpriority=\"high\" decoding=\"async\" class=\"wp-image-18791 aligncenter\" src=\"https:\/\/apuntesdesanluis.com\/wp-content\/uploads\/2024\/07\/chicos-de-la-pedrera-300x177.png\" alt=\"\" width=\"656\" height=\"387\" srcset=\"https:\/\/apuntesdesanluis.com\/wp-content\/uploads\/2024\/07\/chicos-de-la-pedrera-300x177.png 300w, https:\/\/apuntesdesanluis.com\/wp-content\/uploads\/2024\/07\/chicos-de-la-pedrera.png 600w\" sizes=\"(max-width: 656px) 100vw, 656px\" \/><\/p>\n<h3>Otras de las opciones para disfrutar de las vacaciones de invierno ser\u00e1n los T\u00edteres. La apertura del 8\u00b0 festival de t\u00edteres VEO-VEO, tendr\u00e1 su funci\u00f3n \u2018Sed o no sed\u2019 el 10 de julio a las 16:00 en el Teatro Umami. El 19 y el 21 julio a las 16:00 ser\u00e1 el turno de los \u2018Titiricuentos\u2019.<\/h3>\n<h3>\u2018Valle circus\u2019 tendr\u00e1 sus funciones el 12, 14 y 20 de julio a las 16:00.<\/h3>\n<h3>Tambi\u00e9n habr\u00e1 talleres organizados por la secretar\u00eda de Cultura de la Municipalidad de Villa Mercedes. El Taller de arte para las infancias, estar\u00e1 a cargo de Sandra Garc\u00eda y Lourdes Echevarr\u00eda, ser\u00e1 el 13 y 20 de julio a las 15:30. El Taller de ilustraci\u00f3n para juventudes, lo dictar\u00e1 Mario Aguilera, el domingo 14 de julio a las 15:30. La Mesa de intercambio de libros y espacio de lectura, para todas las edades, ser\u00e1 coordinada por Tata Evangelista, el 13 y 21 de julio a las 16:00.<\/h3>\n<p>&nbsp;<\/p>\n<p>&nbsp;<\/p>\n<p>&nbsp;<\/p>\n<p>&nbsp;<\/p>\n<p>&nbsp;<\/p>\n<p>&nbsp;<\/p>\n<p>&nbsp;<\/p>\n<p>&nbsp;<\/p>\n<p>&nbsp;<\/p>\n","protected":false},"excerpt":{"rendered":"<p>El espacio es uno de los elegidos durante el receso escolar, especialmente para los vecinos&#8230;<\/p>\n","protected":false},"author":1,"featured_media":10046,"comment_status":"closed","ping_status":"closed","sticky":false,"template":"","format":"standard","meta":{"footnotes":""},"categories":[6],"tags":[],"class_list":["post-18790","post","type-post","status-publish","format-standard","has-post-thumbnail","hentry","category-ciudad-provincia"],"yoast_head":"<!-- This site is optimized with the Yoast SEO plugin v26.1.1 - https:\/\/yoast.com\/wordpress\/plugins\/seo\/ -->\n<title>EL PARQUE LA PEDRERA OFRECER\u00c1 DIFERENTES OPCIONES DURANTE LAS VACACIONES DE INVIERNO - Apuntes de San Luis<\/title>\n<meta name=\"robots\" content=\"index, follow, max-snippet:-1, max-image-preview:large, max-video-preview:-1\" \/>\n<link rel=\"canonical\" href=\"https:\/\/apuntesdesanluis.com\/index.php\/2024\/07\/04\/el-parque-la-pedrera-ofrecera-diferentes-opciones-durante-las-vacaciones-de-invierno\/\" \/>\n<meta property=\"og:locale\" content=\"es_ES\" \/>\n<meta property=\"og:type\" content=\"article\" \/>\n<meta property=\"og:title\" content=\"EL PARQUE LA PEDRERA OFRECER\u00c1 DIFERENTES OPCIONES DURANTE LAS VACACIONES DE INVIERNO - Apuntes de San Luis\" \/>\n<meta property=\"og:description\" content=\"El espacio es uno de los elegidos durante el receso escolar, especialmente para los vecinos...\" \/>\n<meta property=\"og:url\" content=\"https:\/\/apuntesdesanluis.com\/index.php\/2024\/07\/04\/el-parque-la-pedrera-ofrecera-diferentes-opciones-durante-las-vacaciones-de-invierno\/\" \/>\n<meta property=\"og:site_name\" content=\"Apuntes de San Luis\" \/>\n<meta property=\"article:published_time\" content=\"2024-07-05T00:11:33+00:00\" \/>\n<meta property=\"og:image\" content=\"https:\/\/apuntesdesanluis.com\/wp-content\/uploads\/2024\/01\/la-pedrera.png\" \/>\n\t<meta property=\"og:image:width\" content=\"600\" \/>\n\t<meta property=\"og:image:height\" content=\"348\" \/>\n\t<meta property=\"og:image:type\" content=\"image\/png\" \/>\n<meta name=\"author\" content=\"apuntesdesanluis.com\" \/>\n<meta name=\"twitter:card\" content=\"summary_large_image\" \/>\n<meta name=\"twitter:label1\" content=\"Escrito por\" \/>\n\t<meta name=\"twitter:data1\" content=\"apuntesdesanluis.com\" \/>\n\t<meta name=\"twitter:label2\" content=\"Tiempo de lectura\" \/>\n\t<meta name=\"twitter:data2\" content=\"2 minutos\" \/>\n<script type=\"application\/ld+json\" class=\"yoast-schema-graph\">{\"@context\":\"https:\/\/schema.org\",\"@graph\":[{\"@type\":\"Article\",\"@id\":\"https:\/\/apuntesdesanluis.com\/index.php\/2024\/07\/04\/el-parque-la-pedrera-ofrecera-diferentes-opciones-durante-las-vacaciones-de-invierno\/#article\",\"isPartOf\":{\"@id\":\"https:\/\/apuntesdesanluis.com\/index.php\/2024\/07\/04\/el-parque-la-pedrera-ofrecera-diferentes-opciones-durante-las-vacaciones-de-invierno\/\"},\"author\":{\"name\":\"apuntesdesanluis.com\",\"@id\":\"https:\/\/apuntesdesanluis.com\/#\/schema\/person\/b55151d52296fcce64d1a72538a70b90\"},\"headline\":\"EL PARQUE LA PEDRERA OFRECER\u00c1 DIFERENTES OPCIONES DURANTE LAS VACACIONES DE INVIERNO\",\"datePublished\":\"2024-07-05T00:11:33+00:00\",\"mainEntityOfPage\":{\"@id\":\"https:\/\/apuntesdesanluis.com\/index.php\/2024\/07\/04\/el-parque-la-pedrera-ofrecera-diferentes-opciones-durante-las-vacaciones-de-invierno\/\"},\"wordCount\":314,\"publisher\":{\"@id\":\"https:\/\/apuntesdesanluis.com\/#\/schema\/person\/b55151d52296fcce64d1a72538a70b90\"},\"image\":{\"@id\":\"https:\/\/apuntesdesanluis.com\/index.php\/2024\/07\/04\/el-parque-la-pedrera-ofrecera-diferentes-opciones-durante-las-vacaciones-de-invierno\/#primaryimage\"},\"thumbnailUrl\":\"https:\/\/apuntesdesanluis.com\/wp-content\/uploads\/2024\/01\/la-pedrera.png\",\"articleSection\":[\"Ciudad\/Provincia\"],\"inLanguage\":\"es-AR\"},{\"@type\":\"WebPage\",\"@id\":\"https:\/\/apuntesdesanluis.com\/index.php\/2024\/07\/04\/el-parque-la-pedrera-ofrecera-diferentes-opciones-durante-las-vacaciones-de-invierno\/\",\"url\":\"https:\/\/apuntesdesanluis.com\/index.php\/2024\/07\/04\/el-parque-la-pedrera-ofrecera-diferentes-opciones-durante-las-vacaciones-de-invierno\/\",\"name\":\"EL PARQUE LA PEDRERA OFRECER\u00c1 DIFERENTES OPCIONES DURANTE LAS VACACIONES DE INVIERNO - Apuntes de San Luis\",\"isPartOf\":{\"@id\":\"https:\/\/apuntesdesanluis.com\/#website\"},\"primaryImageOfPage\":{\"@id\":\"https:\/\/apuntesdesanluis.com\/index.php\/2024\/07\/04\/el-parque-la-pedrera-ofrecera-diferentes-opciones-durante-las-vacaciones-de-invierno\/#primaryimage\"},\"image\":{\"@id\":\"https:\/\/apuntesdesanluis.com\/index.php\/2024\/07\/04\/el-parque-la-pedrera-ofrecera-diferentes-opciones-durante-las-vacaciones-de-invierno\/#primaryimage\"},\"thumbnailUrl\":\"https:\/\/apuntesdesanluis.com\/wp-content\/uploads\/2024\/01\/la-pedrera.png\",\"datePublished\":\"2024-07-05T00:11:33+00:00\",\"breadcrumb\":{\"@id\":\"https:\/\/apuntesdesanluis.com\/index.php\/2024\/07\/04\/el-parque-la-pedrera-ofrecera-diferentes-opciones-durante-las-vacaciones-de-invierno\/#breadcrumb\"},\"inLanguage\":\"es-AR\",\"potentialAction\":[{\"@type\":\"ReadAction\",\"target\":[\"https:\/\/apuntesdesanluis.com\/index.php\/2024\/07\/04\/el-parque-la-pedrera-ofrecera-diferentes-opciones-durante-las-vacaciones-de-invierno\/\"]}]},{\"@type\":\"ImageObject\",\"inLanguage\":\"es-AR\",\"@id\":\"https:\/\/apuntesdesanluis.com\/index.php\/2024\/07\/04\/el-parque-la-pedrera-ofrecera-diferentes-opciones-durante-las-vacaciones-de-invierno\/#primaryimage\",\"url\":\"https:\/\/apuntesdesanluis.com\/wp-content\/uploads\/2024\/01\/la-pedrera.png\",\"contentUrl\":\"https:\/\/apuntesdesanluis.com\/wp-content\/uploads\/2024\/01\/la-pedrera.png\",\"width\":600,\"height\":348},{\"@type\":\"BreadcrumbList\",\"@id\":\"https:\/\/apuntesdesanluis.com\/index.php\/2024\/07\/04\/el-parque-la-pedrera-ofrecera-diferentes-opciones-durante-las-vacaciones-de-invierno\/#breadcrumb\",\"itemListElement\":[{\"@type\":\"ListItem\",\"position\":1,\"name\":\"Inicio\",\"item\":\"https:\/\/apuntesdesanluis.com\/\"},{\"@type\":\"ListItem\",\"position\":2,\"name\":\"EL PARQUE LA PEDRERA OFRECER\u00c1 DIFERENTES OPCIONES DURANTE LAS VACACIONES DE INVIERNO\"}]},{\"@type\":\"WebSite\",\"@id\":\"https:\/\/apuntesdesanluis.com\/#website\",\"url\":\"https:\/\/apuntesdesanluis.com\/\",\"name\":\"Apuntes de San Luis\",\"description\":\"\",\"publisher\":{\"@id\":\"https:\/\/apuntesdesanluis.com\/#\/schema\/person\/b55151d52296fcce64d1a72538a70b90\"},\"potentialAction\":[{\"@type\":\"SearchAction\",\"target\":{\"@type\":\"EntryPoint\",\"urlTemplate\":\"https:\/\/apuntesdesanluis.com\/?s={search_term_string}\"},\"query-input\":{\"@type\":\"PropertyValueSpecification\",\"valueRequired\":true,\"valueName\":\"search_term_string\"}}],\"inLanguage\":\"es-AR\"},{\"@type\":[\"Person\",\"Organization\"],\"@id\":\"https:\/\/apuntesdesanluis.com\/#\/schema\/person\/b55151d52296fcce64d1a72538a70b90\",\"name\":\"apuntesdesanluis.com\",\"image\":{\"@type\":\"ImageObject\",\"inLanguage\":\"es-AR\",\"@id\":\"https:\/\/apuntesdesanluis.com\/#\/schema\/person\/image\/\",\"url\":\"https:\/\/apuntesdesanluis.com\/wp-content\/uploads\/2023\/07\/cropped-apuntesdesanluis.png\",\"contentUrl\":\"https:\/\/apuntesdesanluis.com\/wp-content\/uploads\/2023\/07\/cropped-apuntesdesanluis.png\",\"width\":450,\"height\":112,\"caption\":\"apuntesdesanluis.com\"},\"logo\":{\"@id\":\"https:\/\/apuntesdesanluis.com\/#\/schema\/person\/image\/\"},\"sameAs\":[\"https:\/\/apuntesdesanluis.com\"],\"url\":\"https:\/\/apuntesdesanluis.com\/index.php\/author\/apuntesdesanluis-com\/\"}]}<\/script>\n<!-- \/ Yoast SEO plugin. -->","yoast_head_json":{"title":"EL PARQUE LA PEDRERA OFRECER\u00c1 DIFERENTES OPCIONES DURANTE LAS VACACIONES DE INVIERNO - Apuntes de San Luis","robots":{"index":"index","follow":"follow","max-snippet":"max-snippet:-1","max-image-preview":"max-image-preview:large","max-video-preview":"max-video-preview:-1"},"canonical":"https:\/\/apuntesdesanluis.com\/index.php\/2024\/07\/04\/el-parque-la-pedrera-ofrecera-diferentes-opciones-durante-las-vacaciones-de-invierno\/","og_locale":"es_ES","og_type":"article","og_title":"EL PARQUE LA PEDRERA OFRECER\u00c1 DIFERENTES OPCIONES DURANTE LAS VACACIONES DE INVIERNO - Apuntes de San Luis","og_description":"El espacio es uno de los elegidos durante el receso escolar, especialmente para los vecinos...","og_url":"https:\/\/apuntesdesanluis.com\/index.php\/2024\/07\/04\/el-parque-la-pedrera-ofrecera-diferentes-opciones-durante-las-vacaciones-de-invierno\/","og_site_name":"Apuntes de San Luis","article_published_time":"2024-07-05T00:11:33+00:00","og_image":[{"width":600,"height":348,"url":"https:\/\/apuntesdesanluis.com\/wp-content\/uploads\/2024\/01\/la-pedrera.png","type":"image\/png"}],"author":"apuntesdesanluis.com","twitter_card":"summary_large_image","twitter_misc":{"Escrito por":"apuntesdesanluis.com","Tiempo de lectura":"2 minutos"},"schema":{"@context":"https:\/\/schema.org","@graph":[{"@type":"Article","@id":"https:\/\/apuntesdesanluis.com\/index.php\/2024\/07\/04\/el-parque-la-pedrera-ofrecera-diferentes-opciones-durante-las-vacaciones-de-invierno\/#article","isPartOf":{"@id":"https:\/\/apuntesdesanluis.com\/index.php\/2024\/07\/04\/el-parque-la-pedrera-ofrecera-diferentes-opciones-durante-las-vacaciones-de-invierno\/"},"author":{"name":"apuntesdesanluis.com","@id":"https:\/\/apuntesdesanluis.com\/#\/schema\/person\/b55151d52296fcce64d1a72538a70b90"},"headline":"EL PARQUE LA PEDRERA OFRECER\u00c1 DIFERENTES OPCIONES DURANTE LAS VACACIONES DE INVIERNO","datePublished":"2024-07-05T00:11:33+00:00","mainEntityOfPage":{"@id":"https:\/\/apuntesdesanluis.com\/index.php\/2024\/07\/04\/el-parque-la-pedrera-ofrecera-diferentes-opciones-durante-las-vacaciones-de-invierno\/"},"wordCount":314,"publisher":{"@id":"https:\/\/apuntesdesanluis.com\/#\/schema\/person\/b55151d52296fcce64d1a72538a70b90"},"image":{"@id":"https:\/\/apuntesdesanluis.com\/index.php\/2024\/07\/04\/el-parque-la-pedrera-ofrecera-diferentes-opciones-durante-las-vacaciones-de-invierno\/#primaryimage"},"thumbnailUrl":"https:\/\/apuntesdesanluis.com\/wp-content\/uploads\/2024\/01\/la-pedrera.png","articleSection":["Ciudad\/Provincia"],"inLanguage":"es-AR"},{"@type":"WebPage","@id":"https:\/\/apuntesdesanluis.com\/index.php\/2024\/07\/04\/el-parque-la-pedrera-ofrecera-diferentes-opciones-durante-las-vacaciones-de-invierno\/","url":"https:\/\/apuntesdesanluis.com\/index.php\/2024\/07\/04\/el-parque-la-pedrera-ofrecera-diferentes-opciones-durante-las-vacaciones-de-invierno\/","name":"EL PARQUE LA PEDRERA OFRECER\u00c1 DIFERENTES OPCIONES DURANTE LAS VACACIONES DE INVIERNO - Apuntes de San Luis","isPartOf":{"@id":"https:\/\/apuntesdesanluis.com\/#website"},"primaryImageOfPage":{"@id":"https:\/\/apuntesdesanluis.com\/index.php\/2024\/07\/04\/el-parque-la-pedrera-ofrecera-diferentes-opciones-durante-las-vacaciones-de-invierno\/#primaryimage"},"image":{"@id":"https:\/\/apuntesdesanluis.com\/index.php\/2024\/07\/04\/el-parque-la-pedrera-ofrecera-diferentes-opciones-durante-las-vacaciones-de-invierno\/#primaryimage"},"thumbnailUrl":"https:\/\/apuntesdesanluis.com\/wp-content\/uploads\/2024\/01\/la-pedrera.png","datePublished":"2024-07-05T00:11:33+00:00","breadcrumb":{"@id":"https:\/\/apuntesdesanluis.com\/index.php\/2024\/07\/04\/el-parque-la-pedrera-ofrecera-diferentes-opciones-durante-las-vacaciones-de-invierno\/#breadcrumb"},"inLanguage":"es-AR","potentialAction":[{"@type":"ReadAction","target":["https:\/\/apuntesdesanluis.com\/index.php\/2024\/07\/04\/el-parque-la-pedrera-ofrecera-diferentes-opciones-durante-las-vacaciones-de-invierno\/"]}]},{"@type":"ImageObject","inLanguage":"es-AR","@id":"https:\/\/apuntesdesanluis.com\/index.php\/2024\/07\/04\/el-parque-la-pedrera-ofrecera-diferentes-opciones-durante-las-vacaciones-de-invierno\/#primaryimage","url":"https:\/\/apuntesdesanluis.com\/wp-content\/uploads\/2024\/01\/la-pedrera.png","contentUrl":"https:\/\/apuntesdesanluis.com\/wp-content\/uploads\/2024\/01\/la-pedrera.png","width":600,"height":348},{"@type":"BreadcrumbList","@id":"https:\/\/apuntesdesanluis.com\/index.php\/2024\/07\/04\/el-parque-la-pedrera-ofrecera-diferentes-opciones-durante-las-vacaciones-de-invierno\/#breadcrumb","itemListElement":[{"@type":"ListItem","position":1,"name":"Inicio","item":"https:\/\/apuntesdesanluis.com\/"},{"@type":"ListItem","position":2,"name":"EL PARQUE LA PEDRERA OFRECER\u00c1 DIFERENTES OPCIONES DURANTE LAS VACACIONES DE INVIERNO"}]},{"@type":"WebSite","@id":"https:\/\/apuntesdesanluis.com\/#website","url":"https:\/\/apuntesdesanluis.com\/","name":"Apuntes de San Luis","description":"","publisher":{"@id":"https:\/\/apuntesdesanluis.com\/#\/schema\/person\/b55151d52296fcce64d1a72538a70b90"},"potentialAction":[{"@type":"SearchAction","target":{"@type":"EntryPoint","urlTemplate":"https:\/\/apuntesdesanluis.com\/?s={search_term_string}"},"query-input":{"@type":"PropertyValueSpecification","valueRequired":true,"valueName":"search_term_string"}}],"inLanguage":"es-AR"},{"@type":["Person","Organization"],"@id":"https:\/\/apuntesdesanluis.com\/#\/schema\/person\/b55151d52296fcce64d1a72538a70b90","name":"apuntesdesanluis.com","image":{"@type":"ImageObject","inLanguage":"es-AR","@id":"https:\/\/apuntesdesanluis.com\/#\/schema\/person\/image\/","url":"https:\/\/apuntesdesanluis.com\/wp-content\/uploads\/2023\/07\/cropped-apuntesdesanluis.png","contentUrl":"https:\/\/apuntesdesanluis.com\/wp-content\/uploads\/2023\/07\/cropped-apuntesdesanluis.png","width":450,"height":112,"caption":"apuntesdesanluis.com"},"logo":{"@id":"https:\/\/apuntesdesanluis.com\/#\/schema\/person\/image\/"},"sameAs":["https:\/\/apuntesdesanluis.com"],"url":"https:\/\/apuntesdesanluis.com\/index.php\/author\/apuntesdesanluis-com\/"}]}},"featured_image_urls":{"full":["https:\/\/apuntesdesanluis.com\/wp-content\/uploads\/2024\/01\/la-pedrera.png",600,348,false],"thumbnail":["https:\/\/apuntesdesanluis.com\/wp-content\/uploads\/2024\/01\/la-pedrera-150x150.png",150,150,true],"medium":["https:\/\/apuntesdesanluis.com\/wp-content\/uploads\/2024\/01\/la-pedrera-300x174.png",300,174,true],"medium_large":["https:\/\/apuntesdesanluis.com\/wp-content\/uploads\/2024\/01\/la-pedrera.png",600,348,false],"large":["https:\/\/apuntesdesanluis.com\/wp-content\/uploads\/2024\/01\/la-pedrera.png",600,348,false],"1536x1536":["https:\/\/apuntesdesanluis.com\/wp-content\/uploads\/2024\/01\/la-pedrera.png",600,348,false],"2048x2048":["https:\/\/apuntesdesanluis.com\/wp-content\/uploads\/2024\/01\/la-pedrera.png",600,348,false],"newsever-slider-full":["https:\/\/apuntesdesanluis.com\/wp-content\/uploads\/2024\/01\/la-pedrera.png",600,348,false],"newsever-featured":["https:\/\/apuntesdesanluis.com\/wp-content\/uploads\/2024\/01\/la-pedrera.png",600,348,false],"newsever-medium":["https:\/\/apuntesdesanluis.com\/wp-content\/uploads\/2024\/01\/la-pedrera.png",600,348,false]},"author_info":{"display_name":"apuntesdesanluis.com","author_link":"https:\/\/apuntesdesanluis.com\/index.php\/author\/apuntesdesanluis-com\/"},"category_info":"<a href=\"https:\/\/apuntesdesanluis.com\/index.php\/category\/ciudad-provincia\/\" rel=\"category tag\">Ciudad\/Provincia<\/a>","tag_info":"Ciudad\/Provincia","comment_count":"0","_links":{"self":[{"href":"https:\/\/apuntesdesanluis.com\/index.php\/wp-json\/wp\/v2\/posts\/18790","targetHints":{"allow":["GET"]}}],"collection":[{"href":"https:\/\/apuntesdesanluis.com\/index.php\/wp-json\/wp\/v2\/posts"}],"about":[{"href":"https:\/\/apuntesdesanluis.com\/index.php\/wp-json\/wp\/v2\/types\/post"}],"author":[{"embeddable":true,"href":"https:\/\/apuntesdesanluis.com\/index.php\/wp-json\/wp\/v2\/users\/1"}],"replies":[{"embeddable":true,"href":"https:\/\/apuntesdesanluis.com\/index.php\/wp-json\/wp\/v2\/comments?post=18790"}],"version-history":[{"count":1,"href":"https:\/\/apuntesdesanluis.com\/index.php\/wp-json\/wp\/v2\/posts\/18790\/revisions"}],"predecessor-version":[{"id":18792,"href":"https:\/\/apuntesdesanluis.com\/index.php\/wp-json\/wp\/v2\/posts\/18790\/revisions\/18792"}],"wp:featuredmedia":[{"embeddable":true,"href":"https:\/\/apuntesdesanluis.com\/index.php\/wp-json\/wp\/v2\/media\/10046"}],"wp:attachment":[{"href":"https:\/\/apuntesdesanluis.com\/index.php\/wp-json\/wp\/v2\/media?parent=18790"}],"wp:term":[{"taxonomy":"category","embeddable":true,"href":"https:\/\/apuntesdesanluis.com\/index.php\/wp-json\/wp\/v2\/categories?post=18790"},{"taxonomy":"post_tag","embeddable":true,"href":"https:\/\/apuntesdesanluis.com\/index.php\/wp-json\/wp\/v2\/tags?post=18790"}],"curies":[{"name":"wp","href":"https:\/\/api.w.org\/{rel}","templated":true}]}}