{"id":18793,"date":"2024-07-04T21:18:55","date_gmt":"2024-07-05T00:18:55","guid":{"rendered":"https:\/\/apuntesdesanluis.com\/?p=18793"},"modified":"2024-07-04T21:18:55","modified_gmt":"2024-07-05T00:18:55","slug":"caso-amancay-4-anos-de-prision-para-el-conductor-e-inhabilitacion-por-8-anos","status":"publish","type":"post","link":"https:\/\/apuntesdesanluis.com\/index.php\/2024\/07\/04\/caso-amancay-4-anos-de-prision-para-el-conductor-e-inhabilitacion-por-8-anos\/","title":{"rendered":"CASO AMANCAY: 4 A\u00d1OS DE PRISI\u00d3N PARA EL CONDUCTOR E INHABILITACI\u00d3N POR 8 A\u00d1OS"},"content":{"rendered":"<h3><strong>Jonathan Sandoval<\/strong> fue condenado a cuatro a\u00f1os de prisi\u00f3n por el delito de homicidio culposo por conducci\u00f3n de automotor (art\u00edculo 84 segundo p\u00e1rrafo en relaci\u00f3n al art\u00edculo 45 del C\u00f3digo Penal), agravado por la fuga, por un hecho ocurrido el 29 de julio de 2023 en la autopista Santos Ortiz y cuya v\u00edctima fue <strong>Roc\u00edo Amancay Pedernera<\/strong>, de 19 a\u00f1os.<\/h3>\n<h3>El veredicto, votado por unanimidad, fue emitido este jueves a la tarde por un tribunal del Colegio de Jueces de la ciudad de San Luis, integrado por Fernando Julio De Viana en la presidencia, Adriana Lucero Alfonso y Hugo Guillermo Saa Petrino, en incluy\u00f3 adem\u00e1s la inhabilitaci\u00f3n especial por ocho a\u00f1os para conducir veh\u00edculos. Luego de la audiencia, el ingeniero agrimensor de 39 a\u00f1os fue trasladado nuevamente al Servicio Penitenciario Provincial donde se encuentra alojado desde agosto de 2023.<\/h3>\n<h3>Como circunstancias agravantes, el tribunal mencion\u00f3 las de tiempo, modo y la extensi\u00f3n del da\u00f1o, y como atenuantes, la falta de antecedentes condenatorios.<\/h3>\n<h3>\u201cPerd\u00f3n a la familia Pedernera-Medero, agradecer a mi familia por acompa\u00f1arme; estoy en las manos de Dios y que se haga su voluntad\u201d, fueron las \u00faltimas palabras que pronunci\u00f3 el imputado antes de conocer la decisi\u00f3n del tribunal.<\/h3>\n<h3>La madrugada del 29 de julio del 2023, Roc\u00edo Amancay Pedernera transitaba en su motocicleta Keller 110 cent\u00edmetros c\u00fabicos por la Autov\u00eda Santos Ort\u00edz de regreso a su casa, cuando fue embestida desde atr\u00e1s por una camioneta Hilux conducida por Jonathan Sandoval. La v\u00edctima volv\u00eda de trabajar de un local gastron\u00f3mico ubicado sobre avenida Illia. Hac\u00eda tres d\u00edas que hab\u00eda ingresado y estaba en el periodo de prueba, desempe\u00f1\u00e1ndose en el sector cocina. Ten\u00eda 19 a\u00f1os y aspiraba a continuar sus estudios universitarios en la Facultad de Derecho.<\/h3>\n<p><img fetchpriority=\"high\" decoding=\"async\" class=\"wp-image-18795 aligncenter\" src=\"https:\/\/apuntesdesanluis.com\/wp-content\/uploads\/2024\/07\/AMANCAY-JUICIO-300x192.png\" alt=\"\" width=\"598\" height=\"383\" srcset=\"https:\/\/apuntesdesanluis.com\/wp-content\/uploads\/2024\/07\/AMANCAY-JUICIO-300x192.png 300w, https:\/\/apuntesdesanluis.com\/wp-content\/uploads\/2024\/07\/AMANCAY-JUICIO.png 600w\" sizes=\"(max-width: 598px) 100vw, 598px\" \/><\/p>\n<h3>\u201cSandoval actu\u00f3 con imprudencia, negligencia e inobservancia y adem\u00e1s se verific\u00f3 la concurrencia del supuesto fuga.\u00a0 Verificada la embestida y el desplazamiento en binomio, yaciendo el cuerpo de la v\u00edctima en la carpeta asf\u00e1ltica, Jonathan Sandoval, continuaba su marcha vehicular sin siquiera detenerse a verificar la consecuencia de lo sucedido; vil accionar demostrativo de la absoluta indiferencia respecto del bien jur\u00eddico vida\u201d, dijo en su alegato la fiscal de Juicio Virginia Palacios, qui\u00e9n hab\u00eda solicitado una pena de cuatro a\u00f1os y tres meses de prisi\u00f3n por el delito de homicidio culposo agravado por la conducci\u00f3n negligente e imprudente y por mediar fuga.<\/h3>\n<h3>En tanto, la parte querellante, representada por Guillermo S\u00e1nchez Pagano y Augusto Aguilera Marturano, solicitaron una pena de ocho a\u00f1os por homicidio simple con dolo eventual, que era la calificaci\u00f3n con la que hab\u00eda llegado Sandoval al debate.<\/h3>\n<h3>\u201cSiempre dijimos que el imputado violaba la ley constantemente. Esto nos trajo un perjuicio, una muerte, tipificada en el C\u00f3digo como homicidio simple con dolo eventual. Qued\u00f3 probado que Sandoval lleg\u00f3 de C\u00f3rdoba, y de ah\u00ed, se fue a una juntada de amigos. Como se dio a la fuga no pudimos saber si estaba alcoholizado. A las 4:19, el primer acto que hace es pasar un sem\u00e1foro en rojo y aqu\u00ed difiero con la Fiscal\u00eda porque Sandoval es un violador serial de las normas de tr\u00e1nsito, porque no le importa y sigue adelante\u201d, dijo S\u00e1nchez Pagano en su alegaci\u00f3n.<\/h3>\n<h3>Y agreg\u00f3: \u201cSandoval la vio a Amancay a sesenta metros y la atropell\u00f3. Vio que iba a generar un accidente y lo gener\u00f3 porque de otra manera el occiso iba a ser \u00e9l, a la velocidad en que ven\u00eda\u201d. Marturtano, por su parte, sostuvo que hubo una mala lectura de la Fiscal\u00eda respecto a la teor\u00eda del caso y pidi\u00f3 que el acusado sea condenado por homicidio con dolo eventual.<\/h3>\n<h3>La defensa de Sandoval, representada por Marcos Ju\u00e1rez y Ramiro Rubio, no discutieron el hecho ni la participaci\u00f3n responsable del conductor de la camionera Hilux, sino que atacaron la calificaci\u00f3n legal, pero a diferencia de la querella, solicitaron al tribunal que el imputado sea condenado por homicidio culposo por una conducci\u00f3n imprudente y que la pena fuera de ejecuci\u00f3n en suspenso.<\/h3>\n<h3>\u201cLa polic\u00eda tuvo la necesidad de plantar pruebas para tenerlo un a\u00f1o detenido. Se pudo comprobar que Sandoval no alter\u00f3 pruebas, no lav\u00f3 la camioneta, no estaba borracho y cuando se enter\u00f3 en los medios del hecho, llam\u00f3 a su abogado\u201d, dijo Ju\u00e1rez.<\/h3>\n<h3>Y agreg\u00f3: \u201cLa camioneta no fue lavada y las muestras de sangre que se tomaron sobre el frente y capot fueron negativas para sangre humana. Si Sandoval hubiera sabido que embisti\u00f3 a una mujer cuando menos hubiese llamado a su mujer, a un amigo o a su abogado de confianza. Algo que hace cuando se entera del hecho por las redes y se pone a disposici\u00f3n de la fiscal\u00eda. Sandoval no tuvo una actitud dolosa\u201d.<\/h3>\n<p>&nbsp;<\/p>\n<p>&nbsp;<\/p>\n<p>&nbsp;<\/p>\n<p>&nbsp;<\/p>\n<p>&nbsp;<\/p>\n<p>&nbsp;<\/p>\n<p>&nbsp;<\/p>\n<p>&nbsp;<\/p>\n<p>&nbsp;<\/p>\n<p>&nbsp;<\/p>\n","protected":false},"excerpt":{"rendered":"<p>Jonathan Sandoval fue condenado a cuatro a\u00f1os de prisi\u00f3n por el delito de homicidio culposo&#8230;<\/p>\n","protected":false},"author":1,"featured_media":18794,"comment_status":"closed","ping_status":"closed","sticky":false,"template":"","format":"standard","meta":{"footnotes":""},"categories":[6],"tags":[],"class_list":["post-18793","post","type-post","status-publish","format-standard","has-post-thumbnail","hentry","category-ciudad-provincia"],"yoast_head":"<!-- This site is optimized with the Yoast SEO plugin v26.1.1 - https:\/\/yoast.com\/wordpress\/plugins\/seo\/ -->\n<title>CASO AMANCAY: 4 A\u00d1OS DE PRISI\u00d3N PARA EL CONDUCTOR E INHABILITACI\u00d3N POR 8 A\u00d1OS - Apuntes de San Luis<\/title>\n<meta name=\"robots\" content=\"index, follow, max-snippet:-1, max-image-preview:large, max-video-preview:-1\" \/>\n<link rel=\"canonical\" href=\"https:\/\/apuntesdesanluis.com\/index.php\/2024\/07\/04\/caso-amancay-4-anos-de-prision-para-el-conductor-e-inhabilitacion-por-8-anos\/\" \/>\n<meta property=\"og:locale\" content=\"es_ES\" \/>\n<meta property=\"og:type\" content=\"article\" \/>\n<meta property=\"og:title\" content=\"CASO AMANCAY: 4 A\u00d1OS DE PRISI\u00d3N PARA EL CONDUCTOR E INHABILITACI\u00d3N POR 8 A\u00d1OS - Apuntes de San Luis\" \/>\n<meta property=\"og:description\" content=\"Jonathan Sandoval fue condenado a cuatro a\u00f1os de prisi\u00f3n por el delito de homicidio culposo...\" \/>\n<meta property=\"og:url\" content=\"https:\/\/apuntesdesanluis.com\/index.php\/2024\/07\/04\/caso-amancay-4-anos-de-prision-para-el-conductor-e-inhabilitacion-por-8-anos\/\" \/>\n<meta property=\"og:site_name\" content=\"Apuntes de San Luis\" \/>\n<meta property=\"article:published_time\" content=\"2024-07-05T00:18:55+00:00\" \/>\n<meta property=\"og:image\" content=\"https:\/\/apuntesdesanluis.com\/wp-content\/uploads\/2024\/07\/AMANCAY-SANDOVAL.png\" \/>\n\t<meta property=\"og:image:width\" content=\"600\" \/>\n\t<meta property=\"og:image:height\" content=\"326\" \/>\n\t<meta property=\"og:image:type\" content=\"image\/png\" \/>\n<meta name=\"author\" content=\"apuntesdesanluis.com\" \/>\n<meta name=\"twitter:card\" content=\"summary_large_image\" \/>\n<meta name=\"twitter:label1\" content=\"Escrito por\" \/>\n\t<meta name=\"twitter:data1\" content=\"apuntesdesanluis.com\" \/>\n\t<meta name=\"twitter:label2\" content=\"Tiempo de lectura\" \/>\n\t<meta name=\"twitter:data2\" content=\"4 minutos\" \/>\n<script type=\"application\/ld+json\" class=\"yoast-schema-graph\">{\"@context\":\"https:\/\/schema.org\",\"@graph\":[{\"@type\":\"Article\",\"@id\":\"https:\/\/apuntesdesanluis.com\/index.php\/2024\/07\/04\/caso-amancay-4-anos-de-prision-para-el-conductor-e-inhabilitacion-por-8-anos\/#article\",\"isPartOf\":{\"@id\":\"https:\/\/apuntesdesanluis.com\/index.php\/2024\/07\/04\/caso-amancay-4-anos-de-prision-para-el-conductor-e-inhabilitacion-por-8-anos\/\"},\"author\":{\"name\":\"apuntesdesanluis.com\",\"@id\":\"https:\/\/apuntesdesanluis.com\/#\/schema\/person\/b55151d52296fcce64d1a72538a70b90\"},\"headline\":\"CASO AMANCAY: 4 A\u00d1OS DE PRISI\u00d3N PARA EL CONDUCTOR E INHABILITACI\u00d3N POR 8 A\u00d1OS\",\"datePublished\":\"2024-07-05T00:18:55+00:00\",\"mainEntityOfPage\":{\"@id\":\"https:\/\/apuntesdesanluis.com\/index.php\/2024\/07\/04\/caso-amancay-4-anos-de-prision-para-el-conductor-e-inhabilitacion-por-8-anos\/\"},\"wordCount\":859,\"publisher\":{\"@id\":\"https:\/\/apuntesdesanluis.com\/#\/schema\/person\/b55151d52296fcce64d1a72538a70b90\"},\"image\":{\"@id\":\"https:\/\/apuntesdesanluis.com\/index.php\/2024\/07\/04\/caso-amancay-4-anos-de-prision-para-el-conductor-e-inhabilitacion-por-8-anos\/#primaryimage\"},\"thumbnailUrl\":\"https:\/\/apuntesdesanluis.com\/wp-content\/uploads\/2024\/07\/AMANCAY-SANDOVAL.png\",\"articleSection\":[\"Ciudad\/Provincia\"],\"inLanguage\":\"es-AR\"},{\"@type\":\"WebPage\",\"@id\":\"https:\/\/apuntesdesanluis.com\/index.php\/2024\/07\/04\/caso-amancay-4-anos-de-prision-para-el-conductor-e-inhabilitacion-por-8-anos\/\",\"url\":\"https:\/\/apuntesdesanluis.com\/index.php\/2024\/07\/04\/caso-amancay-4-anos-de-prision-para-el-conductor-e-inhabilitacion-por-8-anos\/\",\"name\":\"CASO AMANCAY: 4 A\u00d1OS DE PRISI\u00d3N PARA EL CONDUCTOR E INHABILITACI\u00d3N POR 8 A\u00d1OS - Apuntes de San Luis\",\"isPartOf\":{\"@id\":\"https:\/\/apuntesdesanluis.com\/#website\"},\"primaryImageOfPage\":{\"@id\":\"https:\/\/apuntesdesanluis.com\/index.php\/2024\/07\/04\/caso-amancay-4-anos-de-prision-para-el-conductor-e-inhabilitacion-por-8-anos\/#primaryimage\"},\"image\":{\"@id\":\"https:\/\/apuntesdesanluis.com\/index.php\/2024\/07\/04\/caso-amancay-4-anos-de-prision-para-el-conductor-e-inhabilitacion-por-8-anos\/#primaryimage\"},\"thumbnailUrl\":\"https:\/\/apuntesdesanluis.com\/wp-content\/uploads\/2024\/07\/AMANCAY-SANDOVAL.png\",\"datePublished\":\"2024-07-05T00:18:55+00:00\",\"breadcrumb\":{\"@id\":\"https:\/\/apuntesdesanluis.com\/index.php\/2024\/07\/04\/caso-amancay-4-anos-de-prision-para-el-conductor-e-inhabilitacion-por-8-anos\/#breadcrumb\"},\"inLanguage\":\"es-AR\",\"potentialAction\":[{\"@type\":\"ReadAction\",\"target\":[\"https:\/\/apuntesdesanluis.com\/index.php\/2024\/07\/04\/caso-amancay-4-anos-de-prision-para-el-conductor-e-inhabilitacion-por-8-anos\/\"]}]},{\"@type\":\"ImageObject\",\"inLanguage\":\"es-AR\",\"@id\":\"https:\/\/apuntesdesanluis.com\/index.php\/2024\/07\/04\/caso-amancay-4-anos-de-prision-para-el-conductor-e-inhabilitacion-por-8-anos\/#primaryimage\",\"url\":\"https:\/\/apuntesdesanluis.com\/wp-content\/uploads\/2024\/07\/AMANCAY-SANDOVAL.png\",\"contentUrl\":\"https:\/\/apuntesdesanluis.com\/wp-content\/uploads\/2024\/07\/AMANCAY-SANDOVAL.png\",\"width\":600,\"height\":326},{\"@type\":\"BreadcrumbList\",\"@id\":\"https:\/\/apuntesdesanluis.com\/index.php\/2024\/07\/04\/caso-amancay-4-anos-de-prision-para-el-conductor-e-inhabilitacion-por-8-anos\/#breadcrumb\",\"itemListElement\":[{\"@type\":\"ListItem\",\"position\":1,\"name\":\"Inicio\",\"item\":\"https:\/\/apuntesdesanluis.com\/\"},{\"@type\":\"ListItem\",\"position\":2,\"name\":\"CASO AMANCAY: 4 A\u00d1OS DE PRISI\u00d3N PARA EL CONDUCTOR E INHABILITACI\u00d3N POR 8 A\u00d1OS\"}]},{\"@type\":\"WebSite\",\"@id\":\"https:\/\/apuntesdesanluis.com\/#website\",\"url\":\"https:\/\/apuntesdesanluis.com\/\",\"name\":\"Apuntes de San Luis\",\"description\":\"\",\"publisher\":{\"@id\":\"https:\/\/apuntesdesanluis.com\/#\/schema\/person\/b55151d52296fcce64d1a72538a70b90\"},\"potentialAction\":[{\"@type\":\"SearchAction\",\"target\":{\"@type\":\"EntryPoint\",\"urlTemplate\":\"https:\/\/apuntesdesanluis.com\/?s={search_term_string}\"},\"query-input\":{\"@type\":\"PropertyValueSpecification\",\"valueRequired\":true,\"valueName\":\"search_term_string\"}}],\"inLanguage\":\"es-AR\"},{\"@type\":[\"Person\",\"Organization\"],\"@id\":\"https:\/\/apuntesdesanluis.com\/#\/schema\/person\/b55151d52296fcce64d1a72538a70b90\",\"name\":\"apuntesdesanluis.com\",\"image\":{\"@type\":\"ImageObject\",\"inLanguage\":\"es-AR\",\"@id\":\"https:\/\/apuntesdesanluis.com\/#\/schema\/person\/image\/\",\"url\":\"https:\/\/apuntesdesanluis.com\/wp-content\/uploads\/2023\/07\/cropped-apuntesdesanluis.png\",\"contentUrl\":\"https:\/\/apuntesdesanluis.com\/wp-content\/uploads\/2023\/07\/cropped-apuntesdesanluis.png\",\"width\":450,\"height\":112,\"caption\":\"apuntesdesanluis.com\"},\"logo\":{\"@id\":\"https:\/\/apuntesdesanluis.com\/#\/schema\/person\/image\/\"},\"sameAs\":[\"https:\/\/apuntesdesanluis.com\"],\"url\":\"https:\/\/apuntesdesanluis.com\/index.php\/author\/apuntesdesanluis-com\/\"}]}<\/script>\n<!-- \/ Yoast SEO plugin. -->","yoast_head_json":{"title":"CASO AMANCAY: 4 A\u00d1OS DE PRISI\u00d3N PARA EL CONDUCTOR E INHABILITACI\u00d3N POR 8 A\u00d1OS - Apuntes de San Luis","robots":{"index":"index","follow":"follow","max-snippet":"max-snippet:-1","max-image-preview":"max-image-preview:large","max-video-preview":"max-video-preview:-1"},"canonical":"https:\/\/apuntesdesanluis.com\/index.php\/2024\/07\/04\/caso-amancay-4-anos-de-prision-para-el-conductor-e-inhabilitacion-por-8-anos\/","og_locale":"es_ES","og_type":"article","og_title":"CASO AMANCAY: 4 A\u00d1OS DE PRISI\u00d3N PARA EL CONDUCTOR E INHABILITACI\u00d3N POR 8 A\u00d1OS - Apuntes de San Luis","og_description":"Jonathan Sandoval fue condenado a cuatro a\u00f1os de prisi\u00f3n por el delito de homicidio culposo...","og_url":"https:\/\/apuntesdesanluis.com\/index.php\/2024\/07\/04\/caso-amancay-4-anos-de-prision-para-el-conductor-e-inhabilitacion-por-8-anos\/","og_site_name":"Apuntes de San Luis","article_published_time":"2024-07-05T00:18:55+00:00","og_image":[{"width":600,"height":326,"url":"https:\/\/apuntesdesanluis.com\/wp-content\/uploads\/2024\/07\/AMANCAY-SANDOVAL.png","type":"image\/png"}],"author":"apuntesdesanluis.com","twitter_card":"summary_large_image","twitter_misc":{"Escrito por":"apuntesdesanluis.com","Tiempo de lectura":"4 minutos"},"schema":{"@context":"https:\/\/schema.org","@graph":[{"@type":"Article","@id":"https:\/\/apuntesdesanluis.com\/index.php\/2024\/07\/04\/caso-amancay-4-anos-de-prision-para-el-conductor-e-inhabilitacion-por-8-anos\/#article","isPartOf":{"@id":"https:\/\/apuntesdesanluis.com\/index.php\/2024\/07\/04\/caso-amancay-4-anos-de-prision-para-el-conductor-e-inhabilitacion-por-8-anos\/"},"author":{"name":"apuntesdesanluis.com","@id":"https:\/\/apuntesdesanluis.com\/#\/schema\/person\/b55151d52296fcce64d1a72538a70b90"},"headline":"CASO AMANCAY: 4 A\u00d1OS DE PRISI\u00d3N PARA EL CONDUCTOR E INHABILITACI\u00d3N POR 8 A\u00d1OS","datePublished":"2024-07-05T00:18:55+00:00","mainEntityOfPage":{"@id":"https:\/\/apuntesdesanluis.com\/index.php\/2024\/07\/04\/caso-amancay-4-anos-de-prision-para-el-conductor-e-inhabilitacion-por-8-anos\/"},"wordCount":859,"publisher":{"@id":"https:\/\/apuntesdesanluis.com\/#\/schema\/person\/b55151d52296fcce64d1a72538a70b90"},"image":{"@id":"https:\/\/apuntesdesanluis.com\/index.php\/2024\/07\/04\/caso-amancay-4-anos-de-prision-para-el-conductor-e-inhabilitacion-por-8-anos\/#primaryimage"},"thumbnailUrl":"https:\/\/apuntesdesanluis.com\/wp-content\/uploads\/2024\/07\/AMANCAY-SANDOVAL.png","articleSection":["Ciudad\/Provincia"],"inLanguage":"es-AR"},{"@type":"WebPage","@id":"https:\/\/apuntesdesanluis.com\/index.php\/2024\/07\/04\/caso-amancay-4-anos-de-prision-para-el-conductor-e-inhabilitacion-por-8-anos\/","url":"https:\/\/apuntesdesanluis.com\/index.php\/2024\/07\/04\/caso-amancay-4-anos-de-prision-para-el-conductor-e-inhabilitacion-por-8-anos\/","name":"CASO AMANCAY: 4 A\u00d1OS DE PRISI\u00d3N PARA EL CONDUCTOR E INHABILITACI\u00d3N POR 8 A\u00d1OS - Apuntes de San Luis","isPartOf":{"@id":"https:\/\/apuntesdesanluis.com\/#website"},"primaryImageOfPage":{"@id":"https:\/\/apuntesdesanluis.com\/index.php\/2024\/07\/04\/caso-amancay-4-anos-de-prision-para-el-conductor-e-inhabilitacion-por-8-anos\/#primaryimage"},"image":{"@id":"https:\/\/apuntesdesanluis.com\/index.php\/2024\/07\/04\/caso-amancay-4-anos-de-prision-para-el-conductor-e-inhabilitacion-por-8-anos\/#primaryimage"},"thumbnailUrl":"https:\/\/apuntesdesanluis.com\/wp-content\/uploads\/2024\/07\/AMANCAY-SANDOVAL.png","datePublished":"2024-07-05T00:18:55+00:00","breadcrumb":{"@id":"https:\/\/apuntesdesanluis.com\/index.php\/2024\/07\/04\/caso-amancay-4-anos-de-prision-para-el-conductor-e-inhabilitacion-por-8-anos\/#breadcrumb"},"inLanguage":"es-AR","potentialAction":[{"@type":"ReadAction","target":["https:\/\/apuntesdesanluis.com\/index.php\/2024\/07\/04\/caso-amancay-4-anos-de-prision-para-el-conductor-e-inhabilitacion-por-8-anos\/"]}]},{"@type":"ImageObject","inLanguage":"es-AR","@id":"https:\/\/apuntesdesanluis.com\/index.php\/2024\/07\/04\/caso-amancay-4-anos-de-prision-para-el-conductor-e-inhabilitacion-por-8-anos\/#primaryimage","url":"https:\/\/apuntesdesanluis.com\/wp-content\/uploads\/2024\/07\/AMANCAY-SANDOVAL.png","contentUrl":"https:\/\/apuntesdesanluis.com\/wp-content\/uploads\/2024\/07\/AMANCAY-SANDOVAL.png","width":600,"height":326},{"@type":"BreadcrumbList","@id":"https:\/\/apuntesdesanluis.com\/index.php\/2024\/07\/04\/caso-amancay-4-anos-de-prision-para-el-conductor-e-inhabilitacion-por-8-anos\/#breadcrumb","itemListElement":[{"@type":"ListItem","position":1,"name":"Inicio","item":"https:\/\/apuntesdesanluis.com\/"},{"@type":"ListItem","position":2,"name":"CASO AMANCAY: 4 A\u00d1OS DE PRISI\u00d3N PARA EL CONDUCTOR E INHABILITACI\u00d3N POR 8 A\u00d1OS"}]},{"@type":"WebSite","@id":"https:\/\/apuntesdesanluis.com\/#website","url":"https:\/\/apuntesdesanluis.com\/","name":"Apuntes de San Luis","description":"","publisher":{"@id":"https:\/\/apuntesdesanluis.com\/#\/schema\/person\/b55151d52296fcce64d1a72538a70b90"},"potentialAction":[{"@type":"SearchAction","target":{"@type":"EntryPoint","urlTemplate":"https:\/\/apuntesdesanluis.com\/?s={search_term_string}"},"query-input":{"@type":"PropertyValueSpecification","valueRequired":true,"valueName":"search_term_string"}}],"inLanguage":"es-AR"},{"@type":["Person","Organization"],"@id":"https:\/\/apuntesdesanluis.com\/#\/schema\/person\/b55151d52296fcce64d1a72538a70b90","name":"apuntesdesanluis.com","image":{"@type":"ImageObject","inLanguage":"es-AR","@id":"https:\/\/apuntesdesanluis.com\/#\/schema\/person\/image\/","url":"https:\/\/apuntesdesanluis.com\/wp-content\/uploads\/2023\/07\/cropped-apuntesdesanluis.png","contentUrl":"https:\/\/apuntesdesanluis.com\/wp-content\/uploads\/2023\/07\/cropped-apuntesdesanluis.png","width":450,"height":112,"caption":"apuntesdesanluis.com"},"logo":{"@id":"https:\/\/apuntesdesanluis.com\/#\/schema\/person\/image\/"},"sameAs":["https:\/\/apuntesdesanluis.com"],"url":"https:\/\/apuntesdesanluis.com\/index.php\/author\/apuntesdesanluis-com\/"}]}},"featured_image_urls":{"full":["https:\/\/apuntesdesanluis.com\/wp-content\/uploads\/2024\/07\/AMANCAY-SANDOVAL.png",600,326,false],"thumbnail":["https:\/\/apuntesdesanluis.com\/wp-content\/uploads\/2024\/07\/AMANCAY-SANDOVAL-150x150.png",150,150,true],"medium":["https:\/\/apuntesdesanluis.com\/wp-content\/uploads\/2024\/07\/AMANCAY-SANDOVAL-300x163.png",300,163,true],"medium_large":["https:\/\/apuntesdesanluis.com\/wp-content\/uploads\/2024\/07\/AMANCAY-SANDOVAL.png",600,326,false],"large":["https:\/\/apuntesdesanluis.com\/wp-content\/uploads\/2024\/07\/AMANCAY-SANDOVAL.png",600,326,false],"1536x1536":["https:\/\/apuntesdesanluis.com\/wp-content\/uploads\/2024\/07\/AMANCAY-SANDOVAL.png",600,326,false],"2048x2048":["https:\/\/apuntesdesanluis.com\/wp-content\/uploads\/2024\/07\/AMANCAY-SANDOVAL.png",600,326,false],"newsever-slider-full":["https:\/\/apuntesdesanluis.com\/wp-content\/uploads\/2024\/07\/AMANCAY-SANDOVAL.png",600,326,false],"newsever-featured":["https:\/\/apuntesdesanluis.com\/wp-content\/uploads\/2024\/07\/AMANCAY-SANDOVAL.png",600,326,false],"newsever-medium":["https:\/\/apuntesdesanluis.com\/wp-content\/uploads\/2024\/07\/AMANCAY-SANDOVAL.png",600,326,false]},"author_info":{"display_name":"apuntesdesanluis.com","author_link":"https:\/\/apuntesdesanluis.com\/index.php\/author\/apuntesdesanluis-com\/"},"category_info":"<a href=\"https:\/\/apuntesdesanluis.com\/index.php\/category\/ciudad-provincia\/\" rel=\"category tag\">Ciudad\/Provincia<\/a>","tag_info":"Ciudad\/Provincia","comment_count":"0","_links":{"self":[{"href":"https:\/\/apuntesdesanluis.com\/index.php\/wp-json\/wp\/v2\/posts\/18793","targetHints":{"allow":["GET"]}}],"collection":[{"href":"https:\/\/apuntesdesanluis.com\/index.php\/wp-json\/wp\/v2\/posts"}],"about":[{"href":"https:\/\/apuntesdesanluis.com\/index.php\/wp-json\/wp\/v2\/types\/post"}],"author":[{"embeddable":true,"href":"https:\/\/apuntesdesanluis.com\/index.php\/wp-json\/wp\/v2\/users\/1"}],"replies":[{"embeddable":true,"href":"https:\/\/apuntesdesanluis.com\/index.php\/wp-json\/wp\/v2\/comments?post=18793"}],"version-history":[{"count":1,"href":"https:\/\/apuntesdesanluis.com\/index.php\/wp-json\/wp\/v2\/posts\/18793\/revisions"}],"predecessor-version":[{"id":18796,"href":"https:\/\/apuntesdesanluis.com\/index.php\/wp-json\/wp\/v2\/posts\/18793\/revisions\/18796"}],"wp:featuredmedia":[{"embeddable":true,"href":"https:\/\/apuntesdesanluis.com\/index.php\/wp-json\/wp\/v2\/media\/18794"}],"wp:attachment":[{"href":"https:\/\/apuntesdesanluis.com\/index.php\/wp-json\/wp\/v2\/media?parent=18793"}],"wp:term":[{"taxonomy":"category","embeddable":true,"href":"https:\/\/apuntesdesanluis.com\/index.php\/wp-json\/wp\/v2\/categories?post=18793"},{"taxonomy":"post_tag","embeddable":true,"href":"https:\/\/apuntesdesanluis.com\/index.php\/wp-json\/wp\/v2\/tags?post=18793"}],"curies":[{"name":"wp","href":"https:\/\/api.w.org\/{rel}","templated":true}]}}