{"id":18801,"date":"2024-07-04T21:43:57","date_gmt":"2024-07-05T00:43:57","guid":{"rendered":"https:\/\/apuntesdesanluis.com\/?p=18801"},"modified":"2024-07-04T21:45:04","modified_gmt":"2024-07-05T00:45:04","slug":"encontraron-dos-armas-de-fuego-en-el-armario-de-una-escuela-de-san-luis","status":"publish","type":"post","link":"https:\/\/apuntesdesanluis.com\/index.php\/2024\/07\/04\/encontraron-dos-armas-de-fuego-en-el-armario-de-una-escuela-de-san-luis\/","title":{"rendered":"ENCONTRARON DOS ARMAS DE FUEGO EN EL ARMARIO DE UNA ESCUELA DE SAN LUIS"},"content":{"rendered":"<h3>Este jueves la subdirectora de Modalidad J\u00f3venes y Adultos del ministerio de Educaci\u00f3n, <strong>Dalila Vared<\/strong>, junto con el comisario <strong>Fernando Raineri<\/strong>, brindaron una conferencia de prensa para informar el grave hecho que ocurri\u00f3 el mi\u00e9rcoles por la noche en la <strong>Escuela N\u00ba10 \u2018Juan Esteban Pedernera<\/strong>\u2019, donde encontraron dos armas tipo revolver en el armario de un aula. Actualmente la fuerza policial trata de investigar c\u00f3mo lleg\u00f3 el armamento al establecimiento.<\/h3>\n<h3>Vared se preocup\u00f3 por \u201cdestacar el proceder del director en cuanto al cuidado de los chicos, del personal docente. Esto es un claro ejemplo de lo que siempre habla nuestro Gobernador, que recibimos un tejido social roto, con el cual tenemos mucho trabajo que hacer para repararlo. Venimos trabajando mucho con las escuelas nocturnas, las visitamos, es una tarea interministerial\u201d.<\/h3>\n<p>&nbsp;<\/p>\n<p><iframe title=\"Dalila Vered,Subdirectora de modalidad de j\u00f3venes y adultos del Ministerio de educaci\u00f3n\" width=\"640\" height=\"360\" src=\"https:\/\/www.youtube.com\/embed\/GwMs9NIOFgU?feature=oembed\" frameborder=\"0\" allow=\"accelerometer; autoplay; clipboard-write; encrypted-media; gyroscope; picture-in-picture; web-share\" referrerpolicy=\"strict-origin-when-cross-origin\" allowfullscreen><\/iframe><\/p>\n<h3>Raineri, en tanto, cont\u00f3 los hechos: \u201cCerca del 22:30 recibimos un llamado telef\u00f3nico donde dan cuenta de que en la Escuela N\u00ba10 hab\u00eda un alumno con armas de fuego. Al llegar al lugar, se activaron los protocolos correspondientes y mantuvimos comunicaci\u00f3n con el fiscal de turno, que es quien nos dio las \u00f3rdenes. En compa\u00f1\u00eda de un directivo procedimos a ingresar al aula donde encontramos, ocultas en un armario, dos armas de fuego. A simple vista y con la experiencia que uno tiene, se puede decir que eran armas propias. Se puso en conocimiento al fiscal, procedimos a tomar las entrevistas correspondientes y ahora tratamos de establecer c\u00f3mo fue que lleg\u00f3 el armamento ah\u00ed\u201d.<\/h3>\n<h3>El comisario tambi\u00e9n se\u00f1al\u00f3 que las armas tipo revolver fueron enviadas a la Polic\u00eda Cient\u00edfica para establecer si estaban en condiciones de uso inmediato o no y destac\u00f3 que, a simple vista, descartan que las armas fueran r\u00e9plicas.<\/h3>\n<h3>Actualmente la fuerza policial investiga si fue un alumno el que ingres\u00f3 con el armamento o esclarecer c\u00f3mo llegaron hasta el armario. \u201cSe tomaron las entrevistas correspondientes a los estudiantes m\u00e1s grandes y solicitamos la presencia de los tutores. Este hecho se est\u00e1 investigando actualmente\u201d, cerr\u00f3 el comisario.<\/h3>\n<h3>\u201cEl ministerio de Educaci\u00f3n va a acompa\u00f1ar a los directivos, a las familias y para que ning\u00fan joven deje el aula. Tambi\u00e9n para poder darles contenci\u00f3n y acompa\u00f1amiento.\u00a0 Hoy los chicos vuelven al aula desde una situaci\u00f3n distinta\u201d, asegur\u00f3 Vared.<\/h3>\n<p>&nbsp;<\/p>\n<p>&nbsp;<\/p>\n<p>&nbsp;<\/p>\n<h3><\/h3>\n<p>&nbsp;<\/p>\n<p>&nbsp;<\/p>\n<h3><\/h3>\n<p>&nbsp;<\/p>\n","protected":false},"excerpt":{"rendered":"<p>Este jueves la subdirectora de Modalidad J\u00f3venes y Adultos del ministerio de Educaci\u00f3n, Dalila Vared,&#8230;<\/p>\n","protected":false},"author":1,"featured_media":18802,"comment_status":"closed","ping_status":"closed","sticky":false,"template":"","format":"standard","meta":{"footnotes":""},"categories":[6],"tags":[],"class_list":["post-18801","post","type-post","status-publish","format-standard","has-post-thumbnail","hentry","category-ciudad-provincia"],"yoast_head":"<!-- This site is optimized with the Yoast SEO plugin v26.1.1 - https:\/\/yoast.com\/wordpress\/plugins\/seo\/ -->\n<title>ENCONTRARON DOS ARMAS DE FUEGO EN EL ARMARIO DE UNA ESCUELA DE SAN LUIS - Apuntes de San Luis<\/title>\n<meta name=\"robots\" content=\"index, follow, max-snippet:-1, max-image-preview:large, max-video-preview:-1\" \/>\n<link rel=\"canonical\" href=\"https:\/\/apuntesdesanluis.com\/index.php\/2024\/07\/04\/encontraron-dos-armas-de-fuego-en-el-armario-de-una-escuela-de-san-luis\/\" \/>\n<meta property=\"og:locale\" content=\"es_ES\" \/>\n<meta property=\"og:type\" content=\"article\" \/>\n<meta property=\"og:title\" content=\"ENCONTRARON DOS ARMAS DE FUEGO EN EL ARMARIO DE UNA ESCUELA DE SAN LUIS - Apuntes de San Luis\" \/>\n<meta property=\"og:description\" content=\"Este jueves la subdirectora de Modalidad J\u00f3venes y Adultos del ministerio de Educaci\u00f3n, Dalila Vared,...\" \/>\n<meta property=\"og:url\" content=\"https:\/\/apuntesdesanluis.com\/index.php\/2024\/07\/04\/encontraron-dos-armas-de-fuego-en-el-armario-de-una-escuela-de-san-luis\/\" \/>\n<meta property=\"og:site_name\" content=\"Apuntes de San Luis\" \/>\n<meta property=\"article:published_time\" content=\"2024-07-05T00:43:57+00:00\" \/>\n<meta property=\"article:modified_time\" content=\"2024-07-05T00:45:04+00:00\" \/>\n<meta property=\"og:image\" content=\"https:\/\/apuntesdesanluis.com\/wp-content\/uploads\/2024\/07\/dos.png\" \/>\n\t<meta property=\"og:image:width\" content=\"600\" \/>\n\t<meta property=\"og:image:height\" content=\"343\" \/>\n\t<meta property=\"og:image:type\" content=\"image\/png\" \/>\n<meta name=\"author\" content=\"apuntesdesanluis.com\" \/>\n<meta name=\"twitter:card\" content=\"summary_large_image\" \/>\n<meta name=\"twitter:label1\" content=\"Escrito por\" \/>\n\t<meta name=\"twitter:data1\" content=\"apuntesdesanluis.com\" \/>\n\t<meta name=\"twitter:label2\" content=\"Tiempo de lectura\" \/>\n\t<meta name=\"twitter:data2\" content=\"2 minutos\" \/>\n<script type=\"application\/ld+json\" class=\"yoast-schema-graph\">{\"@context\":\"https:\/\/schema.org\",\"@graph\":[{\"@type\":\"Article\",\"@id\":\"https:\/\/apuntesdesanluis.com\/index.php\/2024\/07\/04\/encontraron-dos-armas-de-fuego-en-el-armario-de-una-escuela-de-san-luis\/#article\",\"isPartOf\":{\"@id\":\"https:\/\/apuntesdesanluis.com\/index.php\/2024\/07\/04\/encontraron-dos-armas-de-fuego-en-el-armario-de-una-escuela-de-san-luis\/\"},\"author\":{\"name\":\"apuntesdesanluis.com\",\"@id\":\"https:\/\/apuntesdesanluis.com\/#\/schema\/person\/b55151d52296fcce64d1a72538a70b90\"},\"headline\":\"ENCONTRARON DOS ARMAS DE FUEGO EN EL ARMARIO DE UNA ESCUELA DE SAN LUIS\",\"datePublished\":\"2024-07-05T00:43:57+00:00\",\"dateModified\":\"2024-07-05T00:45:04+00:00\",\"mainEntityOfPage\":{\"@id\":\"https:\/\/apuntesdesanluis.com\/index.php\/2024\/07\/04\/encontraron-dos-armas-de-fuego-en-el-armario-de-una-escuela-de-san-luis\/\"},\"wordCount\":420,\"publisher\":{\"@id\":\"https:\/\/apuntesdesanluis.com\/#\/schema\/person\/b55151d52296fcce64d1a72538a70b90\"},\"image\":{\"@id\":\"https:\/\/apuntesdesanluis.com\/index.php\/2024\/07\/04\/encontraron-dos-armas-de-fuego-en-el-armario-de-una-escuela-de-san-luis\/#primaryimage\"},\"thumbnailUrl\":\"https:\/\/apuntesdesanluis.com\/wp-content\/uploads\/2024\/07\/dos.png\",\"articleSection\":[\"Ciudad\/Provincia\"],\"inLanguage\":\"es-AR\"},{\"@type\":\"WebPage\",\"@id\":\"https:\/\/apuntesdesanluis.com\/index.php\/2024\/07\/04\/encontraron-dos-armas-de-fuego-en-el-armario-de-una-escuela-de-san-luis\/\",\"url\":\"https:\/\/apuntesdesanluis.com\/index.php\/2024\/07\/04\/encontraron-dos-armas-de-fuego-en-el-armario-de-una-escuela-de-san-luis\/\",\"name\":\"ENCONTRARON DOS ARMAS DE FUEGO EN EL ARMARIO DE UNA ESCUELA DE SAN LUIS - Apuntes de San Luis\",\"isPartOf\":{\"@id\":\"https:\/\/apuntesdesanluis.com\/#website\"},\"primaryImageOfPage\":{\"@id\":\"https:\/\/apuntesdesanluis.com\/index.php\/2024\/07\/04\/encontraron-dos-armas-de-fuego-en-el-armario-de-una-escuela-de-san-luis\/#primaryimage\"},\"image\":{\"@id\":\"https:\/\/apuntesdesanluis.com\/index.php\/2024\/07\/04\/encontraron-dos-armas-de-fuego-en-el-armario-de-una-escuela-de-san-luis\/#primaryimage\"},\"thumbnailUrl\":\"https:\/\/apuntesdesanluis.com\/wp-content\/uploads\/2024\/07\/dos.png\",\"datePublished\":\"2024-07-05T00:43:57+00:00\",\"dateModified\":\"2024-07-05T00:45:04+00:00\",\"breadcrumb\":{\"@id\":\"https:\/\/apuntesdesanluis.com\/index.php\/2024\/07\/04\/encontraron-dos-armas-de-fuego-en-el-armario-de-una-escuela-de-san-luis\/#breadcrumb\"},\"inLanguage\":\"es-AR\",\"potentialAction\":[{\"@type\":\"ReadAction\",\"target\":[\"https:\/\/apuntesdesanluis.com\/index.php\/2024\/07\/04\/encontraron-dos-armas-de-fuego-en-el-armario-de-una-escuela-de-san-luis\/\"]}]},{\"@type\":\"ImageObject\",\"inLanguage\":\"es-AR\",\"@id\":\"https:\/\/apuntesdesanluis.com\/index.php\/2024\/07\/04\/encontraron-dos-armas-de-fuego-en-el-armario-de-una-escuela-de-san-luis\/#primaryimage\",\"url\":\"https:\/\/apuntesdesanluis.com\/wp-content\/uploads\/2024\/07\/dos.png\",\"contentUrl\":\"https:\/\/apuntesdesanluis.com\/wp-content\/uploads\/2024\/07\/dos.png\",\"width\":600,\"height\":343},{\"@type\":\"BreadcrumbList\",\"@id\":\"https:\/\/apuntesdesanluis.com\/index.php\/2024\/07\/04\/encontraron-dos-armas-de-fuego-en-el-armario-de-una-escuela-de-san-luis\/#breadcrumb\",\"itemListElement\":[{\"@type\":\"ListItem\",\"position\":1,\"name\":\"Inicio\",\"item\":\"https:\/\/apuntesdesanluis.com\/\"},{\"@type\":\"ListItem\",\"position\":2,\"name\":\"ENCONTRARON DOS ARMAS DE FUEGO EN EL ARMARIO DE UNA ESCUELA DE SAN LUIS\"}]},{\"@type\":\"WebSite\",\"@id\":\"https:\/\/apuntesdesanluis.com\/#website\",\"url\":\"https:\/\/apuntesdesanluis.com\/\",\"name\":\"Apuntes de San Luis\",\"description\":\"\",\"publisher\":{\"@id\":\"https:\/\/apuntesdesanluis.com\/#\/schema\/person\/b55151d52296fcce64d1a72538a70b90\"},\"potentialAction\":[{\"@type\":\"SearchAction\",\"target\":{\"@type\":\"EntryPoint\",\"urlTemplate\":\"https:\/\/apuntesdesanluis.com\/?s={search_term_string}\"},\"query-input\":{\"@type\":\"PropertyValueSpecification\",\"valueRequired\":true,\"valueName\":\"search_term_string\"}}],\"inLanguage\":\"es-AR\"},{\"@type\":[\"Person\",\"Organization\"],\"@id\":\"https:\/\/apuntesdesanluis.com\/#\/schema\/person\/b55151d52296fcce64d1a72538a70b90\",\"name\":\"apuntesdesanluis.com\",\"image\":{\"@type\":\"ImageObject\",\"inLanguage\":\"es-AR\",\"@id\":\"https:\/\/apuntesdesanluis.com\/#\/schema\/person\/image\/\",\"url\":\"https:\/\/apuntesdesanluis.com\/wp-content\/uploads\/2023\/07\/cropped-apuntesdesanluis.png\",\"contentUrl\":\"https:\/\/apuntesdesanluis.com\/wp-content\/uploads\/2023\/07\/cropped-apuntesdesanluis.png\",\"width\":450,\"height\":112,\"caption\":\"apuntesdesanluis.com\"},\"logo\":{\"@id\":\"https:\/\/apuntesdesanluis.com\/#\/schema\/person\/image\/\"},\"sameAs\":[\"https:\/\/apuntesdesanluis.com\"],\"url\":\"https:\/\/apuntesdesanluis.com\/index.php\/author\/apuntesdesanluis-com\/\"}]}<\/script>\n<!-- \/ Yoast SEO plugin. -->","yoast_head_json":{"title":"ENCONTRARON DOS ARMAS DE FUEGO EN EL ARMARIO DE UNA ESCUELA DE SAN LUIS - Apuntes de San Luis","robots":{"index":"index","follow":"follow","max-snippet":"max-snippet:-1","max-image-preview":"max-image-preview:large","max-video-preview":"max-video-preview:-1"},"canonical":"https:\/\/apuntesdesanluis.com\/index.php\/2024\/07\/04\/encontraron-dos-armas-de-fuego-en-el-armario-de-una-escuela-de-san-luis\/","og_locale":"es_ES","og_type":"article","og_title":"ENCONTRARON DOS ARMAS DE FUEGO EN EL ARMARIO DE UNA ESCUELA DE SAN LUIS - Apuntes de San Luis","og_description":"Este jueves la subdirectora de Modalidad J\u00f3venes y Adultos del ministerio de Educaci\u00f3n, Dalila Vared,...","og_url":"https:\/\/apuntesdesanluis.com\/index.php\/2024\/07\/04\/encontraron-dos-armas-de-fuego-en-el-armario-de-una-escuela-de-san-luis\/","og_site_name":"Apuntes de San Luis","article_published_time":"2024-07-05T00:43:57+00:00","article_modified_time":"2024-07-05T00:45:04+00:00","og_image":[{"width":600,"height":343,"url":"https:\/\/apuntesdesanluis.com\/wp-content\/uploads\/2024\/07\/dos.png","type":"image\/png"}],"author":"apuntesdesanluis.com","twitter_card":"summary_large_image","twitter_misc":{"Escrito por":"apuntesdesanluis.com","Tiempo de lectura":"2 minutos"},"schema":{"@context":"https:\/\/schema.org","@graph":[{"@type":"Article","@id":"https:\/\/apuntesdesanluis.com\/index.php\/2024\/07\/04\/encontraron-dos-armas-de-fuego-en-el-armario-de-una-escuela-de-san-luis\/#article","isPartOf":{"@id":"https:\/\/apuntesdesanluis.com\/index.php\/2024\/07\/04\/encontraron-dos-armas-de-fuego-en-el-armario-de-una-escuela-de-san-luis\/"},"author":{"name":"apuntesdesanluis.com","@id":"https:\/\/apuntesdesanluis.com\/#\/schema\/person\/b55151d52296fcce64d1a72538a70b90"},"headline":"ENCONTRARON DOS ARMAS DE FUEGO EN EL ARMARIO DE UNA ESCUELA DE SAN LUIS","datePublished":"2024-07-05T00:43:57+00:00","dateModified":"2024-07-05T00:45:04+00:00","mainEntityOfPage":{"@id":"https:\/\/apuntesdesanluis.com\/index.php\/2024\/07\/04\/encontraron-dos-armas-de-fuego-en-el-armario-de-una-escuela-de-san-luis\/"},"wordCount":420,"publisher":{"@id":"https:\/\/apuntesdesanluis.com\/#\/schema\/person\/b55151d52296fcce64d1a72538a70b90"},"image":{"@id":"https:\/\/apuntesdesanluis.com\/index.php\/2024\/07\/04\/encontraron-dos-armas-de-fuego-en-el-armario-de-una-escuela-de-san-luis\/#primaryimage"},"thumbnailUrl":"https:\/\/apuntesdesanluis.com\/wp-content\/uploads\/2024\/07\/dos.png","articleSection":["Ciudad\/Provincia"],"inLanguage":"es-AR"},{"@type":"WebPage","@id":"https:\/\/apuntesdesanluis.com\/index.php\/2024\/07\/04\/encontraron-dos-armas-de-fuego-en-el-armario-de-una-escuela-de-san-luis\/","url":"https:\/\/apuntesdesanluis.com\/index.php\/2024\/07\/04\/encontraron-dos-armas-de-fuego-en-el-armario-de-una-escuela-de-san-luis\/","name":"ENCONTRARON DOS ARMAS DE FUEGO EN EL ARMARIO DE UNA ESCUELA DE SAN LUIS - Apuntes de San Luis","isPartOf":{"@id":"https:\/\/apuntesdesanluis.com\/#website"},"primaryImageOfPage":{"@id":"https:\/\/apuntesdesanluis.com\/index.php\/2024\/07\/04\/encontraron-dos-armas-de-fuego-en-el-armario-de-una-escuela-de-san-luis\/#primaryimage"},"image":{"@id":"https:\/\/apuntesdesanluis.com\/index.php\/2024\/07\/04\/encontraron-dos-armas-de-fuego-en-el-armario-de-una-escuela-de-san-luis\/#primaryimage"},"thumbnailUrl":"https:\/\/apuntesdesanluis.com\/wp-content\/uploads\/2024\/07\/dos.png","datePublished":"2024-07-05T00:43:57+00:00","dateModified":"2024-07-05T00:45:04+00:00","breadcrumb":{"@id":"https:\/\/apuntesdesanluis.com\/index.php\/2024\/07\/04\/encontraron-dos-armas-de-fuego-en-el-armario-de-una-escuela-de-san-luis\/#breadcrumb"},"inLanguage":"es-AR","potentialAction":[{"@type":"ReadAction","target":["https:\/\/apuntesdesanluis.com\/index.php\/2024\/07\/04\/encontraron-dos-armas-de-fuego-en-el-armario-de-una-escuela-de-san-luis\/"]}]},{"@type":"ImageObject","inLanguage":"es-AR","@id":"https:\/\/apuntesdesanluis.com\/index.php\/2024\/07\/04\/encontraron-dos-armas-de-fuego-en-el-armario-de-una-escuela-de-san-luis\/#primaryimage","url":"https:\/\/apuntesdesanluis.com\/wp-content\/uploads\/2024\/07\/dos.png","contentUrl":"https:\/\/apuntesdesanluis.com\/wp-content\/uploads\/2024\/07\/dos.png","width":600,"height":343},{"@type":"BreadcrumbList","@id":"https:\/\/apuntesdesanluis.com\/index.php\/2024\/07\/04\/encontraron-dos-armas-de-fuego-en-el-armario-de-una-escuela-de-san-luis\/#breadcrumb","itemListElement":[{"@type":"ListItem","position":1,"name":"Inicio","item":"https:\/\/apuntesdesanluis.com\/"},{"@type":"ListItem","position":2,"name":"ENCONTRARON DOS ARMAS DE FUEGO EN EL ARMARIO DE UNA ESCUELA DE SAN LUIS"}]},{"@type":"WebSite","@id":"https:\/\/apuntesdesanluis.com\/#website","url":"https:\/\/apuntesdesanluis.com\/","name":"Apuntes de San Luis","description":"","publisher":{"@id":"https:\/\/apuntesdesanluis.com\/#\/schema\/person\/b55151d52296fcce64d1a72538a70b90"},"potentialAction":[{"@type":"SearchAction","target":{"@type":"EntryPoint","urlTemplate":"https:\/\/apuntesdesanluis.com\/?s={search_term_string}"},"query-input":{"@type":"PropertyValueSpecification","valueRequired":true,"valueName":"search_term_string"}}],"inLanguage":"es-AR"},{"@type":["Person","Organization"],"@id":"https:\/\/apuntesdesanluis.com\/#\/schema\/person\/b55151d52296fcce64d1a72538a70b90","name":"apuntesdesanluis.com","image":{"@type":"ImageObject","inLanguage":"es-AR","@id":"https:\/\/apuntesdesanluis.com\/#\/schema\/person\/image\/","url":"https:\/\/apuntesdesanluis.com\/wp-content\/uploads\/2023\/07\/cropped-apuntesdesanluis.png","contentUrl":"https:\/\/apuntesdesanluis.com\/wp-content\/uploads\/2023\/07\/cropped-apuntesdesanluis.png","width":450,"height":112,"caption":"apuntesdesanluis.com"},"logo":{"@id":"https:\/\/apuntesdesanluis.com\/#\/schema\/person\/image\/"},"sameAs":["https:\/\/apuntesdesanluis.com"],"url":"https:\/\/apuntesdesanluis.com\/index.php\/author\/apuntesdesanluis-com\/"}]}},"featured_image_urls":{"full":["https:\/\/apuntesdesanluis.com\/wp-content\/uploads\/2024\/07\/dos.png",600,343,false],"thumbnail":["https:\/\/apuntesdesanluis.com\/wp-content\/uploads\/2024\/07\/dos-150x150.png",150,150,true],"medium":["https:\/\/apuntesdesanluis.com\/wp-content\/uploads\/2024\/07\/dos-300x172.png",300,172,true],"medium_large":["https:\/\/apuntesdesanluis.com\/wp-content\/uploads\/2024\/07\/dos.png",600,343,false],"large":["https:\/\/apuntesdesanluis.com\/wp-content\/uploads\/2024\/07\/dos.png",600,343,false],"1536x1536":["https:\/\/apuntesdesanluis.com\/wp-content\/uploads\/2024\/07\/dos.png",600,343,false],"2048x2048":["https:\/\/apuntesdesanluis.com\/wp-content\/uploads\/2024\/07\/dos.png",600,343,false],"newsever-slider-full":["https:\/\/apuntesdesanluis.com\/wp-content\/uploads\/2024\/07\/dos.png",600,343,false],"newsever-featured":["https:\/\/apuntesdesanluis.com\/wp-content\/uploads\/2024\/07\/dos.png",600,343,false],"newsever-medium":["https:\/\/apuntesdesanluis.com\/wp-content\/uploads\/2024\/07\/dos.png",600,343,false]},"author_info":{"display_name":"apuntesdesanluis.com","author_link":"https:\/\/apuntesdesanluis.com\/index.php\/author\/apuntesdesanluis-com\/"},"category_info":"<a href=\"https:\/\/apuntesdesanluis.com\/index.php\/category\/ciudad-provincia\/\" rel=\"category tag\">Ciudad\/Provincia<\/a>","tag_info":"Ciudad\/Provincia","comment_count":"0","_links":{"self":[{"href":"https:\/\/apuntesdesanluis.com\/index.php\/wp-json\/wp\/v2\/posts\/18801","targetHints":{"allow":["GET"]}}],"collection":[{"href":"https:\/\/apuntesdesanluis.com\/index.php\/wp-json\/wp\/v2\/posts"}],"about":[{"href":"https:\/\/apuntesdesanluis.com\/index.php\/wp-json\/wp\/v2\/types\/post"}],"author":[{"embeddable":true,"href":"https:\/\/apuntesdesanluis.com\/index.php\/wp-json\/wp\/v2\/users\/1"}],"replies":[{"embeddable":true,"href":"https:\/\/apuntesdesanluis.com\/index.php\/wp-json\/wp\/v2\/comments?post=18801"}],"version-history":[{"count":3,"href":"https:\/\/apuntesdesanluis.com\/index.php\/wp-json\/wp\/v2\/posts\/18801\/revisions"}],"predecessor-version":[{"id":18805,"href":"https:\/\/apuntesdesanluis.com\/index.php\/wp-json\/wp\/v2\/posts\/18801\/revisions\/18805"}],"wp:featuredmedia":[{"embeddable":true,"href":"https:\/\/apuntesdesanluis.com\/index.php\/wp-json\/wp\/v2\/media\/18802"}],"wp:attachment":[{"href":"https:\/\/apuntesdesanluis.com\/index.php\/wp-json\/wp\/v2\/media?parent=18801"}],"wp:term":[{"taxonomy":"category","embeddable":true,"href":"https:\/\/apuntesdesanluis.com\/index.php\/wp-json\/wp\/v2\/categories?post=18801"},{"taxonomy":"post_tag","embeddable":true,"href":"https:\/\/apuntesdesanluis.com\/index.php\/wp-json\/wp\/v2\/tags?post=18801"}],"curies":[{"name":"wp","href":"https:\/\/api.w.org\/{rel}","templated":true}]}}