{"id":18806,"date":"2024-07-04T21:53:20","date_gmt":"2024-07-05T00:53:20","guid":{"rendered":"https:\/\/apuntesdesanluis.com\/?p=18806"},"modified":"2024-07-04T21:53:20","modified_gmt":"2024-07-05T00:53:20","slug":"cuenta-regresiva-para-el-rally-puntano-en-la-villa-de-merlo","status":"publish","type":"post","link":"https:\/\/apuntesdesanluis.com\/index.php\/2024\/07\/04\/cuenta-regresiva-para-el-rally-puntano-en-la-villa-de-merlo\/","title":{"rendered":"CUENTA REGRESIVA PARA EL RALLY PUNTANO EN LA VILLA DE MERLO"},"content":{"rendered":"<h3>Este jueves en horas de la ma\u00f1ana se brind\u00f3 una conferencia de prensa en el Municipio merlino, para dar detalles del Rally Puntano: cronograma, medidas de prevenci\u00f3n y el favorable impacto econ\u00f3mico que el evento automovil\u00edstico del a\u00f1o tendr\u00e1 en esta ciudad.<\/h3>\n<h3>Con la presencia del Intendente de la Villa de Merlo, <strong>Juan \u00c1lvarez Pinto<\/strong>, acompa\u00f1ado por el Referente Deportivo del Departamento Jun\u00edn, <strong>Sergio Romero<\/strong>, el Secretario de Gobierno y Deportes, <strong>Francisco Oviedo<\/strong>, el Secretario de Hacienda, <strong>Bruno Mini<\/strong>, y <strong>Silvio Montenegro<\/strong>, representante de la Federaci\u00f3n Regional de Automovilismo Deportivo (FRAD), el Municipio brind\u00f3 una conferencia de prensa siendo la antesala a la 4ta fecha provincial del tan esperado Rally Puntano.<\/h3>\n<p><img fetchpriority=\"high\" decoding=\"async\" class=\"wp-image-18808 aligncenter\" src=\"https:\/\/apuntesdesanluis.com\/wp-content\/uploads\/2024\/07\/alvarez-pinto-300x231.jpg\" alt=\"\" width=\"581\" height=\"447\" srcset=\"https:\/\/apuntesdesanluis.com\/wp-content\/uploads\/2024\/07\/alvarez-pinto-300x231.jpg 300w, https:\/\/apuntesdesanluis.com\/wp-content\/uploads\/2024\/07\/alvarez-pinto.jpg 574w\" sizes=\"(max-width: 581px) 100vw, 581px\" \/><\/p>\n<h3>Este evento comenzar\u00e1 este viernes 5 y se extender\u00e1 hasta el domingo 7, convocando a m\u00e1s de <strong>80 veh\u00edculos <\/strong>que desafiar\u00e1n nuestros circuitos. Luego de tres d\u00e9cadas, el regreso de esta competencia marca un hito significativo en la Villa de Merlo, ya que no solo <strong>potenciar\u00e1 la actividad tur\u00edstica sino tambi\u00e9n la econom\u00eda local.<\/strong><\/h3>\n<h3>El <strong>operativo de seguridad contar\u00e1 <\/strong>con la participaci\u00f3n de <strong>m\u00e1s de 250 personas, <\/strong>en las que se encuentran 160 efectivos de polic\u00eda, Bomberos Voluntarios de la Villa de Merlo, personal municipal, y colaboradores. El objetivo del mismo es garantizar la seguridad del espectador y del piloto que brinda el espect\u00e1culo.<\/h3>\n<h3>Junto a los Bomberos Voluntarios, la Municipalidad ha planificado una serie de recomendaciones entre las que se encuentran: <strong>Prohibici\u00f3n de hacer fuego,ubicaci\u00f3n en lugares seguros y elevados, respeto a los per\u00edmetros de seguridad, estacionamiento adecuado en lugares indicados, evitar zonas de riesgo como curvas, derrapes, vados y saltos, no circular por el tramo de la competencia una vez elegida la ubicaci\u00f3n, no obstaculizar tareas de auxilio en caso de accidente, acompa\u00f1amiento de menores de edad por un adulto y mantener a los animales dentro de los hogares para prevenir accidentes.<\/strong><\/h3>\n<h3>Para asegurar el \u00e9xito del Rally Puntano en la localidad el Municipio ha realizado un gran esfuerzo, a lo largo de toda la semana, Servicios P\u00fablicos junto al Equipo del Parque Recreativo acondicionaron los circuitos y el Parque de Asistencia. Tambi\u00e9n se han convocado aproximadamente 100 colaboradores (entre los que se encuentran empleados municipales de diferentes \u00e1reas), efectivos de los Bomberos Voluntarios y la Polic\u00eda local, quienes estar\u00e1n presentes a lo largo de las jornadas. Una vez finalizado el evento, el equipo municipal realizar\u00e1 la limpieza de los espacios afectados.<\/h3>\n<p>&nbsp;<\/p>\n<p>&nbsp;<\/p>\n<p>&nbsp;<\/p>\n<p>&nbsp;<\/p>\n<p>&nbsp;<\/p>\n<p>&nbsp;<\/p>\n","protected":false},"excerpt":{"rendered":"<p>Este jueves en horas de la ma\u00f1ana se brind\u00f3 una conferencia de prensa en el&#8230;<\/p>\n","protected":false},"author":1,"featured_media":18807,"comment_status":"closed","ping_status":"closed","sticky":false,"template":"","format":"standard","meta":{"footnotes":""},"categories":[6],"tags":[],"class_list":["post-18806","post","type-post","status-publish","format-standard","has-post-thumbnail","hentry","category-ciudad-provincia"],"yoast_head":"<!-- This site is optimized with the Yoast SEO plugin v26.1.1 - https:\/\/yoast.com\/wordpress\/plugins\/seo\/ -->\n<title>CUENTA REGRESIVA PARA EL RALLY PUNTANO EN LA VILLA DE MERLO - Apuntes de San Luis<\/title>\n<meta name=\"robots\" content=\"index, follow, max-snippet:-1, max-image-preview:large, max-video-preview:-1\" \/>\n<link rel=\"canonical\" href=\"https:\/\/apuntesdesanluis.com\/index.php\/2024\/07\/04\/cuenta-regresiva-para-el-rally-puntano-en-la-villa-de-merlo\/\" \/>\n<meta property=\"og:locale\" content=\"es_ES\" \/>\n<meta property=\"og:type\" content=\"article\" \/>\n<meta property=\"og:title\" content=\"CUENTA REGRESIVA PARA EL RALLY PUNTANO EN LA VILLA DE MERLO - Apuntes de San Luis\" \/>\n<meta property=\"og:description\" content=\"Este jueves en horas de la ma\u00f1ana se brind\u00f3 una conferencia de prensa en el...\" \/>\n<meta property=\"og:url\" content=\"https:\/\/apuntesdesanluis.com\/index.php\/2024\/07\/04\/cuenta-regresiva-para-el-rally-puntano-en-la-villa-de-merlo\/\" \/>\n<meta property=\"og:site_name\" content=\"Apuntes de San Luis\" \/>\n<meta property=\"article:published_time\" content=\"2024-07-05T00:53:20+00:00\" \/>\n<meta property=\"og:image\" content=\"https:\/\/apuntesdesanluis.com\/wp-content\/uploads\/2024\/07\/rally-puntano-1.jpg\" \/>\n\t<meta property=\"og:image:width\" content=\"722\" \/>\n\t<meta property=\"og:image:height\" content=\"454\" \/>\n\t<meta property=\"og:image:type\" content=\"image\/jpeg\" \/>\n<meta name=\"author\" content=\"apuntesdesanluis.com\" \/>\n<meta name=\"twitter:card\" content=\"summary_large_image\" \/>\n<meta name=\"twitter:label1\" content=\"Escrito por\" \/>\n\t<meta name=\"twitter:data1\" content=\"apuntesdesanluis.com\" \/>\n\t<meta name=\"twitter:label2\" content=\"Tiempo de lectura\" \/>\n\t<meta name=\"twitter:data2\" content=\"3 minutos\" \/>\n<script type=\"application\/ld+json\" class=\"yoast-schema-graph\">{\"@context\":\"https:\/\/schema.org\",\"@graph\":[{\"@type\":\"Article\",\"@id\":\"https:\/\/apuntesdesanluis.com\/index.php\/2024\/07\/04\/cuenta-regresiva-para-el-rally-puntano-en-la-villa-de-merlo\/#article\",\"isPartOf\":{\"@id\":\"https:\/\/apuntesdesanluis.com\/index.php\/2024\/07\/04\/cuenta-regresiva-para-el-rally-puntano-en-la-villa-de-merlo\/\"},\"author\":{\"name\":\"apuntesdesanluis.com\",\"@id\":\"https:\/\/apuntesdesanluis.com\/#\/schema\/person\/b55151d52296fcce64d1a72538a70b90\"},\"headline\":\"CUENTA REGRESIVA PARA EL RALLY PUNTANO EN LA VILLA DE MERLO\",\"datePublished\":\"2024-07-05T00:53:20+00:00\",\"mainEntityOfPage\":{\"@id\":\"https:\/\/apuntesdesanluis.com\/index.php\/2024\/07\/04\/cuenta-regresiva-para-el-rally-puntano-en-la-villa-de-merlo\/\"},\"wordCount\":435,\"publisher\":{\"@id\":\"https:\/\/apuntesdesanluis.com\/#\/schema\/person\/b55151d52296fcce64d1a72538a70b90\"},\"image\":{\"@id\":\"https:\/\/apuntesdesanluis.com\/index.php\/2024\/07\/04\/cuenta-regresiva-para-el-rally-puntano-en-la-villa-de-merlo\/#primaryimage\"},\"thumbnailUrl\":\"https:\/\/apuntesdesanluis.com\/wp-content\/uploads\/2024\/07\/rally-puntano-1.jpg\",\"articleSection\":[\"Ciudad\/Provincia\"],\"inLanguage\":\"es-AR\"},{\"@type\":\"WebPage\",\"@id\":\"https:\/\/apuntesdesanluis.com\/index.php\/2024\/07\/04\/cuenta-regresiva-para-el-rally-puntano-en-la-villa-de-merlo\/\",\"url\":\"https:\/\/apuntesdesanluis.com\/index.php\/2024\/07\/04\/cuenta-regresiva-para-el-rally-puntano-en-la-villa-de-merlo\/\",\"name\":\"CUENTA REGRESIVA PARA EL RALLY PUNTANO EN LA VILLA DE MERLO - Apuntes de San Luis\",\"isPartOf\":{\"@id\":\"https:\/\/apuntesdesanluis.com\/#website\"},\"primaryImageOfPage\":{\"@id\":\"https:\/\/apuntesdesanluis.com\/index.php\/2024\/07\/04\/cuenta-regresiva-para-el-rally-puntano-en-la-villa-de-merlo\/#primaryimage\"},\"image\":{\"@id\":\"https:\/\/apuntesdesanluis.com\/index.php\/2024\/07\/04\/cuenta-regresiva-para-el-rally-puntano-en-la-villa-de-merlo\/#primaryimage\"},\"thumbnailUrl\":\"https:\/\/apuntesdesanluis.com\/wp-content\/uploads\/2024\/07\/rally-puntano-1.jpg\",\"datePublished\":\"2024-07-05T00:53:20+00:00\",\"breadcrumb\":{\"@id\":\"https:\/\/apuntesdesanluis.com\/index.php\/2024\/07\/04\/cuenta-regresiva-para-el-rally-puntano-en-la-villa-de-merlo\/#breadcrumb\"},\"inLanguage\":\"es-AR\",\"potentialAction\":[{\"@type\":\"ReadAction\",\"target\":[\"https:\/\/apuntesdesanluis.com\/index.php\/2024\/07\/04\/cuenta-regresiva-para-el-rally-puntano-en-la-villa-de-merlo\/\"]}]},{\"@type\":\"ImageObject\",\"inLanguage\":\"es-AR\",\"@id\":\"https:\/\/apuntesdesanluis.com\/index.php\/2024\/07\/04\/cuenta-regresiva-para-el-rally-puntano-en-la-villa-de-merlo\/#primaryimage\",\"url\":\"https:\/\/apuntesdesanluis.com\/wp-content\/uploads\/2024\/07\/rally-puntano-1.jpg\",\"contentUrl\":\"https:\/\/apuntesdesanluis.com\/wp-content\/uploads\/2024\/07\/rally-puntano-1.jpg\",\"width\":722,\"height\":454},{\"@type\":\"BreadcrumbList\",\"@id\":\"https:\/\/apuntesdesanluis.com\/index.php\/2024\/07\/04\/cuenta-regresiva-para-el-rally-puntano-en-la-villa-de-merlo\/#breadcrumb\",\"itemListElement\":[{\"@type\":\"ListItem\",\"position\":1,\"name\":\"Inicio\",\"item\":\"https:\/\/apuntesdesanluis.com\/\"},{\"@type\":\"ListItem\",\"position\":2,\"name\":\"CUENTA REGRESIVA PARA EL RALLY PUNTANO EN LA VILLA DE MERLO\"}]},{\"@type\":\"WebSite\",\"@id\":\"https:\/\/apuntesdesanluis.com\/#website\",\"url\":\"https:\/\/apuntesdesanluis.com\/\",\"name\":\"Apuntes de San Luis\",\"description\":\"\",\"publisher\":{\"@id\":\"https:\/\/apuntesdesanluis.com\/#\/schema\/person\/b55151d52296fcce64d1a72538a70b90\"},\"potentialAction\":[{\"@type\":\"SearchAction\",\"target\":{\"@type\":\"EntryPoint\",\"urlTemplate\":\"https:\/\/apuntesdesanluis.com\/?s={search_term_string}\"},\"query-input\":{\"@type\":\"PropertyValueSpecification\",\"valueRequired\":true,\"valueName\":\"search_term_string\"}}],\"inLanguage\":\"es-AR\"},{\"@type\":[\"Person\",\"Organization\"],\"@id\":\"https:\/\/apuntesdesanluis.com\/#\/schema\/person\/b55151d52296fcce64d1a72538a70b90\",\"name\":\"apuntesdesanluis.com\",\"image\":{\"@type\":\"ImageObject\",\"inLanguage\":\"es-AR\",\"@id\":\"https:\/\/apuntesdesanluis.com\/#\/schema\/person\/image\/\",\"url\":\"https:\/\/apuntesdesanluis.com\/wp-content\/uploads\/2023\/07\/cropped-apuntesdesanluis.png\",\"contentUrl\":\"https:\/\/apuntesdesanluis.com\/wp-content\/uploads\/2023\/07\/cropped-apuntesdesanluis.png\",\"width\":450,\"height\":112,\"caption\":\"apuntesdesanluis.com\"},\"logo\":{\"@id\":\"https:\/\/apuntesdesanluis.com\/#\/schema\/person\/image\/\"},\"sameAs\":[\"https:\/\/apuntesdesanluis.com\"],\"url\":\"https:\/\/apuntesdesanluis.com\/index.php\/author\/apuntesdesanluis-com\/\"}]}<\/script>\n<!-- \/ Yoast SEO plugin. -->","yoast_head_json":{"title":"CUENTA REGRESIVA PARA EL RALLY PUNTANO EN LA VILLA DE MERLO - Apuntes de San Luis","robots":{"index":"index","follow":"follow","max-snippet":"max-snippet:-1","max-image-preview":"max-image-preview:large","max-video-preview":"max-video-preview:-1"},"canonical":"https:\/\/apuntesdesanluis.com\/index.php\/2024\/07\/04\/cuenta-regresiva-para-el-rally-puntano-en-la-villa-de-merlo\/","og_locale":"es_ES","og_type":"article","og_title":"CUENTA REGRESIVA PARA EL RALLY PUNTANO EN LA VILLA DE MERLO - Apuntes de San Luis","og_description":"Este jueves en horas de la ma\u00f1ana se brind\u00f3 una conferencia de prensa en el...","og_url":"https:\/\/apuntesdesanluis.com\/index.php\/2024\/07\/04\/cuenta-regresiva-para-el-rally-puntano-en-la-villa-de-merlo\/","og_site_name":"Apuntes de San Luis","article_published_time":"2024-07-05T00:53:20+00:00","og_image":[{"width":722,"height":454,"url":"https:\/\/apuntesdesanluis.com\/wp-content\/uploads\/2024\/07\/rally-puntano-1.jpg","type":"image\/jpeg"}],"author":"apuntesdesanluis.com","twitter_card":"summary_large_image","twitter_misc":{"Escrito por":"apuntesdesanluis.com","Tiempo de lectura":"3 minutos"},"schema":{"@context":"https:\/\/schema.org","@graph":[{"@type":"Article","@id":"https:\/\/apuntesdesanluis.com\/index.php\/2024\/07\/04\/cuenta-regresiva-para-el-rally-puntano-en-la-villa-de-merlo\/#article","isPartOf":{"@id":"https:\/\/apuntesdesanluis.com\/index.php\/2024\/07\/04\/cuenta-regresiva-para-el-rally-puntano-en-la-villa-de-merlo\/"},"author":{"name":"apuntesdesanluis.com","@id":"https:\/\/apuntesdesanluis.com\/#\/schema\/person\/b55151d52296fcce64d1a72538a70b90"},"headline":"CUENTA REGRESIVA PARA EL RALLY PUNTANO EN LA VILLA DE MERLO","datePublished":"2024-07-05T00:53:20+00:00","mainEntityOfPage":{"@id":"https:\/\/apuntesdesanluis.com\/index.php\/2024\/07\/04\/cuenta-regresiva-para-el-rally-puntano-en-la-villa-de-merlo\/"},"wordCount":435,"publisher":{"@id":"https:\/\/apuntesdesanluis.com\/#\/schema\/person\/b55151d52296fcce64d1a72538a70b90"},"image":{"@id":"https:\/\/apuntesdesanluis.com\/index.php\/2024\/07\/04\/cuenta-regresiva-para-el-rally-puntano-en-la-villa-de-merlo\/#primaryimage"},"thumbnailUrl":"https:\/\/apuntesdesanluis.com\/wp-content\/uploads\/2024\/07\/rally-puntano-1.jpg","articleSection":["Ciudad\/Provincia"],"inLanguage":"es-AR"},{"@type":"WebPage","@id":"https:\/\/apuntesdesanluis.com\/index.php\/2024\/07\/04\/cuenta-regresiva-para-el-rally-puntano-en-la-villa-de-merlo\/","url":"https:\/\/apuntesdesanluis.com\/index.php\/2024\/07\/04\/cuenta-regresiva-para-el-rally-puntano-en-la-villa-de-merlo\/","name":"CUENTA REGRESIVA PARA EL RALLY PUNTANO EN LA VILLA DE MERLO - Apuntes de San Luis","isPartOf":{"@id":"https:\/\/apuntesdesanluis.com\/#website"},"primaryImageOfPage":{"@id":"https:\/\/apuntesdesanluis.com\/index.php\/2024\/07\/04\/cuenta-regresiva-para-el-rally-puntano-en-la-villa-de-merlo\/#primaryimage"},"image":{"@id":"https:\/\/apuntesdesanluis.com\/index.php\/2024\/07\/04\/cuenta-regresiva-para-el-rally-puntano-en-la-villa-de-merlo\/#primaryimage"},"thumbnailUrl":"https:\/\/apuntesdesanluis.com\/wp-content\/uploads\/2024\/07\/rally-puntano-1.jpg","datePublished":"2024-07-05T00:53:20+00:00","breadcrumb":{"@id":"https:\/\/apuntesdesanluis.com\/index.php\/2024\/07\/04\/cuenta-regresiva-para-el-rally-puntano-en-la-villa-de-merlo\/#breadcrumb"},"inLanguage":"es-AR","potentialAction":[{"@type":"ReadAction","target":["https:\/\/apuntesdesanluis.com\/index.php\/2024\/07\/04\/cuenta-regresiva-para-el-rally-puntano-en-la-villa-de-merlo\/"]}]},{"@type":"ImageObject","inLanguage":"es-AR","@id":"https:\/\/apuntesdesanluis.com\/index.php\/2024\/07\/04\/cuenta-regresiva-para-el-rally-puntano-en-la-villa-de-merlo\/#primaryimage","url":"https:\/\/apuntesdesanluis.com\/wp-content\/uploads\/2024\/07\/rally-puntano-1.jpg","contentUrl":"https:\/\/apuntesdesanluis.com\/wp-content\/uploads\/2024\/07\/rally-puntano-1.jpg","width":722,"height":454},{"@type":"BreadcrumbList","@id":"https:\/\/apuntesdesanluis.com\/index.php\/2024\/07\/04\/cuenta-regresiva-para-el-rally-puntano-en-la-villa-de-merlo\/#breadcrumb","itemListElement":[{"@type":"ListItem","position":1,"name":"Inicio","item":"https:\/\/apuntesdesanluis.com\/"},{"@type":"ListItem","position":2,"name":"CUENTA REGRESIVA PARA EL RALLY PUNTANO EN LA VILLA DE MERLO"}]},{"@type":"WebSite","@id":"https:\/\/apuntesdesanluis.com\/#website","url":"https:\/\/apuntesdesanluis.com\/","name":"Apuntes de San Luis","description":"","publisher":{"@id":"https:\/\/apuntesdesanluis.com\/#\/schema\/person\/b55151d52296fcce64d1a72538a70b90"},"potentialAction":[{"@type":"SearchAction","target":{"@type":"EntryPoint","urlTemplate":"https:\/\/apuntesdesanluis.com\/?s={search_term_string}"},"query-input":{"@type":"PropertyValueSpecification","valueRequired":true,"valueName":"search_term_string"}}],"inLanguage":"es-AR"},{"@type":["Person","Organization"],"@id":"https:\/\/apuntesdesanluis.com\/#\/schema\/person\/b55151d52296fcce64d1a72538a70b90","name":"apuntesdesanluis.com","image":{"@type":"ImageObject","inLanguage":"es-AR","@id":"https:\/\/apuntesdesanluis.com\/#\/schema\/person\/image\/","url":"https:\/\/apuntesdesanluis.com\/wp-content\/uploads\/2023\/07\/cropped-apuntesdesanluis.png","contentUrl":"https:\/\/apuntesdesanluis.com\/wp-content\/uploads\/2023\/07\/cropped-apuntesdesanluis.png","width":450,"height":112,"caption":"apuntesdesanluis.com"},"logo":{"@id":"https:\/\/apuntesdesanluis.com\/#\/schema\/person\/image\/"},"sameAs":["https:\/\/apuntesdesanluis.com"],"url":"https:\/\/apuntesdesanluis.com\/index.php\/author\/apuntesdesanluis-com\/"}]}},"featured_image_urls":{"full":["https:\/\/apuntesdesanluis.com\/wp-content\/uploads\/2024\/07\/rally-puntano-1.jpg",722,454,false],"thumbnail":["https:\/\/apuntesdesanluis.com\/wp-content\/uploads\/2024\/07\/rally-puntano-1-150x150.jpg",150,150,true],"medium":["https:\/\/apuntesdesanluis.com\/wp-content\/uploads\/2024\/07\/rally-puntano-1-300x189.jpg",300,189,true],"medium_large":["https:\/\/apuntesdesanluis.com\/wp-content\/uploads\/2024\/07\/rally-puntano-1.jpg",640,402,false],"large":["https:\/\/apuntesdesanluis.com\/wp-content\/uploads\/2024\/07\/rally-puntano-1.jpg",640,402,false],"1536x1536":["https:\/\/apuntesdesanluis.com\/wp-content\/uploads\/2024\/07\/rally-puntano-1.jpg",722,454,false],"2048x2048":["https:\/\/apuntesdesanluis.com\/wp-content\/uploads\/2024\/07\/rally-puntano-1.jpg",722,454,false],"newsever-slider-full":["https:\/\/apuntesdesanluis.com\/wp-content\/uploads\/2024\/07\/rally-puntano-1.jpg",722,454,false],"newsever-featured":["https:\/\/apuntesdesanluis.com\/wp-content\/uploads\/2024\/07\/rally-puntano-1.jpg",722,454,false],"newsever-medium":["https:\/\/apuntesdesanluis.com\/wp-content\/uploads\/2024\/07\/rally-puntano-1-720x454.jpg",720,454,true]},"author_info":{"display_name":"apuntesdesanluis.com","author_link":"https:\/\/apuntesdesanluis.com\/index.php\/author\/apuntesdesanluis-com\/"},"category_info":"<a href=\"https:\/\/apuntesdesanluis.com\/index.php\/category\/ciudad-provincia\/\" rel=\"category tag\">Ciudad\/Provincia<\/a>","tag_info":"Ciudad\/Provincia","comment_count":"0","_links":{"self":[{"href":"https:\/\/apuntesdesanluis.com\/index.php\/wp-json\/wp\/v2\/posts\/18806","targetHints":{"allow":["GET"]}}],"collection":[{"href":"https:\/\/apuntesdesanluis.com\/index.php\/wp-json\/wp\/v2\/posts"}],"about":[{"href":"https:\/\/apuntesdesanluis.com\/index.php\/wp-json\/wp\/v2\/types\/post"}],"author":[{"embeddable":true,"href":"https:\/\/apuntesdesanluis.com\/index.php\/wp-json\/wp\/v2\/users\/1"}],"replies":[{"embeddable":true,"href":"https:\/\/apuntesdesanluis.com\/index.php\/wp-json\/wp\/v2\/comments?post=18806"}],"version-history":[{"count":1,"href":"https:\/\/apuntesdesanluis.com\/index.php\/wp-json\/wp\/v2\/posts\/18806\/revisions"}],"predecessor-version":[{"id":18809,"href":"https:\/\/apuntesdesanluis.com\/index.php\/wp-json\/wp\/v2\/posts\/18806\/revisions\/18809"}],"wp:featuredmedia":[{"embeddable":true,"href":"https:\/\/apuntesdesanluis.com\/index.php\/wp-json\/wp\/v2\/media\/18807"}],"wp:attachment":[{"href":"https:\/\/apuntesdesanluis.com\/index.php\/wp-json\/wp\/v2\/media?parent=18806"}],"wp:term":[{"taxonomy":"category","embeddable":true,"href":"https:\/\/apuntesdesanluis.com\/index.php\/wp-json\/wp\/v2\/categories?post=18806"},{"taxonomy":"post_tag","embeddable":true,"href":"https:\/\/apuntesdesanluis.com\/index.php\/wp-json\/wp\/v2\/tags?post=18806"}],"curies":[{"name":"wp","href":"https:\/\/api.w.org\/{rel}","templated":true}]}}