{"id":18816,"date":"2024-07-04T23:47:13","date_gmt":"2024-07-05T02:47:13","guid":{"rendered":"https:\/\/apuntesdesanluis.com\/?p=18816"},"modified":"2024-07-04T23:48:50","modified_gmt":"2024-07-05T02:48:50","slug":"masivo-reclamo-por-la-situacion-salarial-critica-que-atraviesan-docentes-y-no-docentes","status":"publish","type":"post","link":"https:\/\/apuntesdesanluis.com\/index.php\/2024\/07\/04\/masivo-reclamo-por-la-situacion-salarial-critica-que-atraviesan-docentes-y-no-docentes\/","title":{"rendered":"NUEVO RECLAMO POR LA SITUACI\u00d3N SALARIAL &#8220;CR\u00cdTICA&#8221; DE DOCENTES Y NO DOCENTES UNIVERSITARIOS"},"content":{"rendered":"<h3>&#8220;Sin salarios dignos no hay universidad&#8221;, aseguraron representantes de todas las federaciones docentes, no docentes y estudiantiles del pa\u00eds.<\/h3>\n<h3>El Consejo Interuniversitario Nacional (CIN), el Frente Sindical de Universidades Nacionales y la FUA, manifestaron hoy su \u201cprofunda preocupaci\u00f3n\u201d ante la situaci\u00f3n salarial \u201ccr\u00edtica e inadmisible&#8221; que atraviesan docentes y no docentes del sistema universitario p\u00fablico.<\/h3>\n<h3>Adem\u00e1s, durante la reuni\u00f3n, el Consejo advirti\u00f3 por la falta de actualizaci\u00f3n de los programas de asistencia a estudiantes de las universidades, \u201csustanciales y muchas veces definitorios para la continuidad de su carrera\u201d.<\/h3>\n<h3>El encuentro se llev\u00f3 a cabo este jueves y agrup\u00f3 a rectores y representantes de todas las federaciones docentes, nodocentes y estudiantiles del pa\u00eds (FATUN, FEDUN, CONADU, CONADU Hist\u00f3rica, UDA, CTERA, FAGDUT y FUA).<\/h3>\n<h3>\u201cReclamamos urgente recomposici\u00f3n salarial para las y los trabajadoras y trabajadores docentes y no docentes del sistema universitario p\u00fablico nacional, la reactivaci\u00f3n de los programas y de los dispositivos de asistencia estudiantil y la actualizaci\u00f3n del monto asignado para las becas\u201d, expresaron desde el CIN en un comunicado de prensa.<\/h3>\n<h3>En ese marco, aseguraron que la no resoluci\u00f3n del conjunto de problemas enunciados a lo largo de este a\u00f1o somete al &#8220;sistema a una situaci\u00f3n de emergencia que requiere atenci\u00f3n y\u00a0resoluci\u00f3n con celeridad&#8221;.<\/h3>\n<h3>\u201cNo hay soluci\u00f3n del problema universitario si no encontramos con celeridad respuesta a estas preocupaciones, que no son solo de la comunidad universitaria, sino del conjunto de la sociedad argentina\u201d, expresaron.<\/h3>\n<h3>El parte de prensa lleva la firma del Frente Sindical de Universidades Nacionales Federaci\u00f3n Universitaria Argentina (FUA) y el Consejo Interuniversitario Nacional (CIN).<\/h3>\n<p>&nbsp;<\/p>\n<p>&nbsp;<\/p>\n<p>&nbsp;<\/p>\n<p>&nbsp;<\/p>\n<p>&nbsp;<\/p>\n<p>&nbsp;<\/p>\n","protected":false},"excerpt":{"rendered":"<p>&#8220;Sin salarios dignos no hay universidad&#8221;, aseguraron representantes de todas las federaciones docentes, no docentes&#8230;<\/p>\n","protected":false},"author":1,"featured_media":18817,"comment_status":"closed","ping_status":"closed","sticky":false,"template":"","format":"standard","meta":{"footnotes":""},"categories":[5],"tags":[],"class_list":["post-18816","post","type-post","status-publish","format-standard","has-post-thumbnail","hentry","category-nacionales-internacionales"],"yoast_head":"<!-- This site is optimized with the Yoast SEO plugin v26.1.1 - https:\/\/yoast.com\/wordpress\/plugins\/seo\/ -->\n<title>NUEVO RECLAMO POR LA SITUACI\u00d3N SALARIAL &quot;CR\u00cdTICA&quot; DE DOCENTES Y NO DOCENTES UNIVERSITARIOS - Apuntes de San Luis<\/title>\n<meta name=\"robots\" content=\"index, follow, max-snippet:-1, max-image-preview:large, max-video-preview:-1\" \/>\n<link rel=\"canonical\" href=\"https:\/\/apuntesdesanluis.com\/index.php\/2024\/07\/04\/masivo-reclamo-por-la-situacion-salarial-critica-que-atraviesan-docentes-y-no-docentes\/\" \/>\n<meta property=\"og:locale\" content=\"es_ES\" \/>\n<meta property=\"og:type\" content=\"article\" \/>\n<meta property=\"og:title\" content=\"NUEVO RECLAMO POR LA SITUACI\u00d3N SALARIAL &quot;CR\u00cdTICA&quot; DE DOCENTES Y NO DOCENTES UNIVERSITARIOS - Apuntes de San Luis\" \/>\n<meta property=\"og:description\" content=\"&#8220;Sin salarios dignos no hay universidad&#8221;, aseguraron representantes de todas las federaciones docentes, no docentes...\" \/>\n<meta property=\"og:url\" content=\"https:\/\/apuntesdesanluis.com\/index.php\/2024\/07\/04\/masivo-reclamo-por-la-situacion-salarial-critica-que-atraviesan-docentes-y-no-docentes\/\" \/>\n<meta property=\"og:site_name\" content=\"Apuntes de San Luis\" \/>\n<meta property=\"article:published_time\" content=\"2024-07-05T02:47:13+00:00\" \/>\n<meta property=\"article:modified_time\" content=\"2024-07-05T02:48:50+00:00\" \/>\n<meta property=\"og:image\" content=\"https:\/\/apuntesdesanluis.com\/wp-content\/uploads\/2024\/07\/cin-frente-sinical-fua.png\" \/>\n\t<meta property=\"og:image:width\" content=\"700\" \/>\n\t<meta property=\"og:image:height\" content=\"426\" \/>\n\t<meta property=\"og:image:type\" content=\"image\/png\" \/>\n<meta name=\"author\" content=\"apuntesdesanluis.com\" \/>\n<meta name=\"twitter:card\" content=\"summary_large_image\" \/>\n<meta name=\"twitter:label1\" content=\"Escrito por\" \/>\n\t<meta name=\"twitter:data1\" content=\"apuntesdesanluis.com\" \/>\n\t<meta name=\"twitter:label2\" content=\"Tiempo de lectura\" \/>\n\t<meta name=\"twitter:data2\" content=\"2 minutos\" \/>\n<script type=\"application\/ld+json\" class=\"yoast-schema-graph\">{\"@context\":\"https:\/\/schema.org\",\"@graph\":[{\"@type\":\"Article\",\"@id\":\"https:\/\/apuntesdesanluis.com\/index.php\/2024\/07\/04\/masivo-reclamo-por-la-situacion-salarial-critica-que-atraviesan-docentes-y-no-docentes\/#article\",\"isPartOf\":{\"@id\":\"https:\/\/apuntesdesanluis.com\/index.php\/2024\/07\/04\/masivo-reclamo-por-la-situacion-salarial-critica-que-atraviesan-docentes-y-no-docentes\/\"},\"author\":{\"name\":\"apuntesdesanluis.com\",\"@id\":\"https:\/\/apuntesdesanluis.com\/#\/schema\/person\/b55151d52296fcce64d1a72538a70b90\"},\"headline\":\"NUEVO RECLAMO POR LA SITUACI\u00d3N SALARIAL &#8220;CR\u00cdTICA&#8221; DE DOCENTES Y NO DOCENTES UNIVERSITARIOS\",\"datePublished\":\"2024-07-05T02:47:13+00:00\",\"dateModified\":\"2024-07-05T02:48:50+00:00\",\"mainEntityOfPage\":{\"@id\":\"https:\/\/apuntesdesanluis.com\/index.php\/2024\/07\/04\/masivo-reclamo-por-la-situacion-salarial-critica-que-atraviesan-docentes-y-no-docentes\/\"},\"wordCount\":302,\"publisher\":{\"@id\":\"https:\/\/apuntesdesanluis.com\/#\/schema\/person\/b55151d52296fcce64d1a72538a70b90\"},\"image\":{\"@id\":\"https:\/\/apuntesdesanluis.com\/index.php\/2024\/07\/04\/masivo-reclamo-por-la-situacion-salarial-critica-que-atraviesan-docentes-y-no-docentes\/#primaryimage\"},\"thumbnailUrl\":\"https:\/\/apuntesdesanluis.com\/wp-content\/uploads\/2024\/07\/cin-frente-sinical-fua.png\",\"articleSection\":[\"Nacionales\/Internacionales\"],\"inLanguage\":\"es-AR\"},{\"@type\":\"WebPage\",\"@id\":\"https:\/\/apuntesdesanluis.com\/index.php\/2024\/07\/04\/masivo-reclamo-por-la-situacion-salarial-critica-que-atraviesan-docentes-y-no-docentes\/\",\"url\":\"https:\/\/apuntesdesanluis.com\/index.php\/2024\/07\/04\/masivo-reclamo-por-la-situacion-salarial-critica-que-atraviesan-docentes-y-no-docentes\/\",\"name\":\"NUEVO RECLAMO POR LA SITUACI\u00d3N SALARIAL \\\"CR\u00cdTICA\\\" DE DOCENTES Y NO DOCENTES UNIVERSITARIOS - Apuntes de San Luis\",\"isPartOf\":{\"@id\":\"https:\/\/apuntesdesanluis.com\/#website\"},\"primaryImageOfPage\":{\"@id\":\"https:\/\/apuntesdesanluis.com\/index.php\/2024\/07\/04\/masivo-reclamo-por-la-situacion-salarial-critica-que-atraviesan-docentes-y-no-docentes\/#primaryimage\"},\"image\":{\"@id\":\"https:\/\/apuntesdesanluis.com\/index.php\/2024\/07\/04\/masivo-reclamo-por-la-situacion-salarial-critica-que-atraviesan-docentes-y-no-docentes\/#primaryimage\"},\"thumbnailUrl\":\"https:\/\/apuntesdesanluis.com\/wp-content\/uploads\/2024\/07\/cin-frente-sinical-fua.png\",\"datePublished\":\"2024-07-05T02:47:13+00:00\",\"dateModified\":\"2024-07-05T02:48:50+00:00\",\"breadcrumb\":{\"@id\":\"https:\/\/apuntesdesanluis.com\/index.php\/2024\/07\/04\/masivo-reclamo-por-la-situacion-salarial-critica-que-atraviesan-docentes-y-no-docentes\/#breadcrumb\"},\"inLanguage\":\"es-AR\",\"potentialAction\":[{\"@type\":\"ReadAction\",\"target\":[\"https:\/\/apuntesdesanluis.com\/index.php\/2024\/07\/04\/masivo-reclamo-por-la-situacion-salarial-critica-que-atraviesan-docentes-y-no-docentes\/\"]}]},{\"@type\":\"ImageObject\",\"inLanguage\":\"es-AR\",\"@id\":\"https:\/\/apuntesdesanluis.com\/index.php\/2024\/07\/04\/masivo-reclamo-por-la-situacion-salarial-critica-que-atraviesan-docentes-y-no-docentes\/#primaryimage\",\"url\":\"https:\/\/apuntesdesanluis.com\/wp-content\/uploads\/2024\/07\/cin-frente-sinical-fua.png\",\"contentUrl\":\"https:\/\/apuntesdesanluis.com\/wp-content\/uploads\/2024\/07\/cin-frente-sinical-fua.png\",\"width\":700,\"height\":426},{\"@type\":\"BreadcrumbList\",\"@id\":\"https:\/\/apuntesdesanluis.com\/index.php\/2024\/07\/04\/masivo-reclamo-por-la-situacion-salarial-critica-que-atraviesan-docentes-y-no-docentes\/#breadcrumb\",\"itemListElement\":[{\"@type\":\"ListItem\",\"position\":1,\"name\":\"Inicio\",\"item\":\"https:\/\/apuntesdesanluis.com\/\"},{\"@type\":\"ListItem\",\"position\":2,\"name\":\"NUEVO RECLAMO POR LA SITUACI\u00d3N SALARIAL &#8220;CR\u00cdTICA&#8221; DE DOCENTES Y NO DOCENTES UNIVERSITARIOS\"}]},{\"@type\":\"WebSite\",\"@id\":\"https:\/\/apuntesdesanluis.com\/#website\",\"url\":\"https:\/\/apuntesdesanluis.com\/\",\"name\":\"Apuntes de San Luis\",\"description\":\"\",\"publisher\":{\"@id\":\"https:\/\/apuntesdesanluis.com\/#\/schema\/person\/b55151d52296fcce64d1a72538a70b90\"},\"potentialAction\":[{\"@type\":\"SearchAction\",\"target\":{\"@type\":\"EntryPoint\",\"urlTemplate\":\"https:\/\/apuntesdesanluis.com\/?s={search_term_string}\"},\"query-input\":{\"@type\":\"PropertyValueSpecification\",\"valueRequired\":true,\"valueName\":\"search_term_string\"}}],\"inLanguage\":\"es-AR\"},{\"@type\":[\"Person\",\"Organization\"],\"@id\":\"https:\/\/apuntesdesanluis.com\/#\/schema\/person\/b55151d52296fcce64d1a72538a70b90\",\"name\":\"apuntesdesanluis.com\",\"image\":{\"@type\":\"ImageObject\",\"inLanguage\":\"es-AR\",\"@id\":\"https:\/\/apuntesdesanluis.com\/#\/schema\/person\/image\/\",\"url\":\"https:\/\/apuntesdesanluis.com\/wp-content\/uploads\/2023\/07\/cropped-apuntesdesanluis.png\",\"contentUrl\":\"https:\/\/apuntesdesanluis.com\/wp-content\/uploads\/2023\/07\/cropped-apuntesdesanluis.png\",\"width\":450,\"height\":112,\"caption\":\"apuntesdesanluis.com\"},\"logo\":{\"@id\":\"https:\/\/apuntesdesanluis.com\/#\/schema\/person\/image\/\"},\"sameAs\":[\"https:\/\/apuntesdesanluis.com\"],\"url\":\"https:\/\/apuntesdesanluis.com\/index.php\/author\/apuntesdesanluis-com\/\"}]}<\/script>\n<!-- \/ Yoast SEO plugin. -->","yoast_head_json":{"title":"NUEVO RECLAMO POR LA SITUACI\u00d3N SALARIAL \"CR\u00cdTICA\" DE DOCENTES Y NO DOCENTES UNIVERSITARIOS - Apuntes de San Luis","robots":{"index":"index","follow":"follow","max-snippet":"max-snippet:-1","max-image-preview":"max-image-preview:large","max-video-preview":"max-video-preview:-1"},"canonical":"https:\/\/apuntesdesanluis.com\/index.php\/2024\/07\/04\/masivo-reclamo-por-la-situacion-salarial-critica-que-atraviesan-docentes-y-no-docentes\/","og_locale":"es_ES","og_type":"article","og_title":"NUEVO RECLAMO POR LA SITUACI\u00d3N SALARIAL \"CR\u00cdTICA\" DE DOCENTES Y NO DOCENTES UNIVERSITARIOS - Apuntes de San Luis","og_description":"&#8220;Sin salarios dignos no hay universidad&#8221;, aseguraron representantes de todas las federaciones docentes, no docentes...","og_url":"https:\/\/apuntesdesanluis.com\/index.php\/2024\/07\/04\/masivo-reclamo-por-la-situacion-salarial-critica-que-atraviesan-docentes-y-no-docentes\/","og_site_name":"Apuntes de San Luis","article_published_time":"2024-07-05T02:47:13+00:00","article_modified_time":"2024-07-05T02:48:50+00:00","og_image":[{"width":700,"height":426,"url":"https:\/\/apuntesdesanluis.com\/wp-content\/uploads\/2024\/07\/cin-frente-sinical-fua.png","type":"image\/png"}],"author":"apuntesdesanluis.com","twitter_card":"summary_large_image","twitter_misc":{"Escrito por":"apuntesdesanluis.com","Tiempo de lectura":"2 minutos"},"schema":{"@context":"https:\/\/schema.org","@graph":[{"@type":"Article","@id":"https:\/\/apuntesdesanluis.com\/index.php\/2024\/07\/04\/masivo-reclamo-por-la-situacion-salarial-critica-que-atraviesan-docentes-y-no-docentes\/#article","isPartOf":{"@id":"https:\/\/apuntesdesanluis.com\/index.php\/2024\/07\/04\/masivo-reclamo-por-la-situacion-salarial-critica-que-atraviesan-docentes-y-no-docentes\/"},"author":{"name":"apuntesdesanluis.com","@id":"https:\/\/apuntesdesanluis.com\/#\/schema\/person\/b55151d52296fcce64d1a72538a70b90"},"headline":"NUEVO RECLAMO POR LA SITUACI\u00d3N SALARIAL &#8220;CR\u00cdTICA&#8221; DE DOCENTES Y NO DOCENTES UNIVERSITARIOS","datePublished":"2024-07-05T02:47:13+00:00","dateModified":"2024-07-05T02:48:50+00:00","mainEntityOfPage":{"@id":"https:\/\/apuntesdesanluis.com\/index.php\/2024\/07\/04\/masivo-reclamo-por-la-situacion-salarial-critica-que-atraviesan-docentes-y-no-docentes\/"},"wordCount":302,"publisher":{"@id":"https:\/\/apuntesdesanluis.com\/#\/schema\/person\/b55151d52296fcce64d1a72538a70b90"},"image":{"@id":"https:\/\/apuntesdesanluis.com\/index.php\/2024\/07\/04\/masivo-reclamo-por-la-situacion-salarial-critica-que-atraviesan-docentes-y-no-docentes\/#primaryimage"},"thumbnailUrl":"https:\/\/apuntesdesanluis.com\/wp-content\/uploads\/2024\/07\/cin-frente-sinical-fua.png","articleSection":["Nacionales\/Internacionales"],"inLanguage":"es-AR"},{"@type":"WebPage","@id":"https:\/\/apuntesdesanluis.com\/index.php\/2024\/07\/04\/masivo-reclamo-por-la-situacion-salarial-critica-que-atraviesan-docentes-y-no-docentes\/","url":"https:\/\/apuntesdesanluis.com\/index.php\/2024\/07\/04\/masivo-reclamo-por-la-situacion-salarial-critica-que-atraviesan-docentes-y-no-docentes\/","name":"NUEVO RECLAMO POR LA SITUACI\u00d3N SALARIAL \"CR\u00cdTICA\" DE DOCENTES Y NO DOCENTES UNIVERSITARIOS - Apuntes de San Luis","isPartOf":{"@id":"https:\/\/apuntesdesanluis.com\/#website"},"primaryImageOfPage":{"@id":"https:\/\/apuntesdesanluis.com\/index.php\/2024\/07\/04\/masivo-reclamo-por-la-situacion-salarial-critica-que-atraviesan-docentes-y-no-docentes\/#primaryimage"},"image":{"@id":"https:\/\/apuntesdesanluis.com\/index.php\/2024\/07\/04\/masivo-reclamo-por-la-situacion-salarial-critica-que-atraviesan-docentes-y-no-docentes\/#primaryimage"},"thumbnailUrl":"https:\/\/apuntesdesanluis.com\/wp-content\/uploads\/2024\/07\/cin-frente-sinical-fua.png","datePublished":"2024-07-05T02:47:13+00:00","dateModified":"2024-07-05T02:48:50+00:00","breadcrumb":{"@id":"https:\/\/apuntesdesanluis.com\/index.php\/2024\/07\/04\/masivo-reclamo-por-la-situacion-salarial-critica-que-atraviesan-docentes-y-no-docentes\/#breadcrumb"},"inLanguage":"es-AR","potentialAction":[{"@type":"ReadAction","target":["https:\/\/apuntesdesanluis.com\/index.php\/2024\/07\/04\/masivo-reclamo-por-la-situacion-salarial-critica-que-atraviesan-docentes-y-no-docentes\/"]}]},{"@type":"ImageObject","inLanguage":"es-AR","@id":"https:\/\/apuntesdesanluis.com\/index.php\/2024\/07\/04\/masivo-reclamo-por-la-situacion-salarial-critica-que-atraviesan-docentes-y-no-docentes\/#primaryimage","url":"https:\/\/apuntesdesanluis.com\/wp-content\/uploads\/2024\/07\/cin-frente-sinical-fua.png","contentUrl":"https:\/\/apuntesdesanluis.com\/wp-content\/uploads\/2024\/07\/cin-frente-sinical-fua.png","width":700,"height":426},{"@type":"BreadcrumbList","@id":"https:\/\/apuntesdesanluis.com\/index.php\/2024\/07\/04\/masivo-reclamo-por-la-situacion-salarial-critica-que-atraviesan-docentes-y-no-docentes\/#breadcrumb","itemListElement":[{"@type":"ListItem","position":1,"name":"Inicio","item":"https:\/\/apuntesdesanluis.com\/"},{"@type":"ListItem","position":2,"name":"NUEVO RECLAMO POR LA SITUACI\u00d3N SALARIAL &#8220;CR\u00cdTICA&#8221; DE DOCENTES Y NO DOCENTES UNIVERSITARIOS"}]},{"@type":"WebSite","@id":"https:\/\/apuntesdesanluis.com\/#website","url":"https:\/\/apuntesdesanluis.com\/","name":"Apuntes de San Luis","description":"","publisher":{"@id":"https:\/\/apuntesdesanluis.com\/#\/schema\/person\/b55151d52296fcce64d1a72538a70b90"},"potentialAction":[{"@type":"SearchAction","target":{"@type":"EntryPoint","urlTemplate":"https:\/\/apuntesdesanluis.com\/?s={search_term_string}"},"query-input":{"@type":"PropertyValueSpecification","valueRequired":true,"valueName":"search_term_string"}}],"inLanguage":"es-AR"},{"@type":["Person","Organization"],"@id":"https:\/\/apuntesdesanluis.com\/#\/schema\/person\/b55151d52296fcce64d1a72538a70b90","name":"apuntesdesanluis.com","image":{"@type":"ImageObject","inLanguage":"es-AR","@id":"https:\/\/apuntesdesanluis.com\/#\/schema\/person\/image\/","url":"https:\/\/apuntesdesanluis.com\/wp-content\/uploads\/2023\/07\/cropped-apuntesdesanluis.png","contentUrl":"https:\/\/apuntesdesanluis.com\/wp-content\/uploads\/2023\/07\/cropped-apuntesdesanluis.png","width":450,"height":112,"caption":"apuntesdesanluis.com"},"logo":{"@id":"https:\/\/apuntesdesanluis.com\/#\/schema\/person\/image\/"},"sameAs":["https:\/\/apuntesdesanluis.com"],"url":"https:\/\/apuntesdesanluis.com\/index.php\/author\/apuntesdesanluis-com\/"}]}},"featured_image_urls":{"full":["https:\/\/apuntesdesanluis.com\/wp-content\/uploads\/2024\/07\/cin-frente-sinical-fua.png",700,426,false],"thumbnail":["https:\/\/apuntesdesanluis.com\/wp-content\/uploads\/2024\/07\/cin-frente-sinical-fua-150x150.png",150,150,true],"medium":["https:\/\/apuntesdesanluis.com\/wp-content\/uploads\/2024\/07\/cin-frente-sinical-fua-300x183.png",300,183,true],"medium_large":["https:\/\/apuntesdesanluis.com\/wp-content\/uploads\/2024\/07\/cin-frente-sinical-fua.png",640,389,false],"large":["https:\/\/apuntesdesanluis.com\/wp-content\/uploads\/2024\/07\/cin-frente-sinical-fua.png",640,389,false],"1536x1536":["https:\/\/apuntesdesanluis.com\/wp-content\/uploads\/2024\/07\/cin-frente-sinical-fua.png",700,426,false],"2048x2048":["https:\/\/apuntesdesanluis.com\/wp-content\/uploads\/2024\/07\/cin-frente-sinical-fua.png",700,426,false],"newsever-slider-full":["https:\/\/apuntesdesanluis.com\/wp-content\/uploads\/2024\/07\/cin-frente-sinical-fua.png",700,426,false],"newsever-featured":["https:\/\/apuntesdesanluis.com\/wp-content\/uploads\/2024\/07\/cin-frente-sinical-fua.png",700,426,false],"newsever-medium":["https:\/\/apuntesdesanluis.com\/wp-content\/uploads\/2024\/07\/cin-frente-sinical-fua.png",700,426,false]},"author_info":{"display_name":"apuntesdesanluis.com","author_link":"https:\/\/apuntesdesanluis.com\/index.php\/author\/apuntesdesanluis-com\/"},"category_info":"<a href=\"https:\/\/apuntesdesanluis.com\/index.php\/category\/nacionales-internacionales\/\" rel=\"category tag\">Nacionales\/Internacionales<\/a>","tag_info":"Nacionales\/Internacionales","comment_count":"0","_links":{"self":[{"href":"https:\/\/apuntesdesanluis.com\/index.php\/wp-json\/wp\/v2\/posts\/18816","targetHints":{"allow":["GET"]}}],"collection":[{"href":"https:\/\/apuntesdesanluis.com\/index.php\/wp-json\/wp\/v2\/posts"}],"about":[{"href":"https:\/\/apuntesdesanluis.com\/index.php\/wp-json\/wp\/v2\/types\/post"}],"author":[{"embeddable":true,"href":"https:\/\/apuntesdesanluis.com\/index.php\/wp-json\/wp\/v2\/users\/1"}],"replies":[{"embeddable":true,"href":"https:\/\/apuntesdesanluis.com\/index.php\/wp-json\/wp\/v2\/comments?post=18816"}],"version-history":[{"count":3,"href":"https:\/\/apuntesdesanluis.com\/index.php\/wp-json\/wp\/v2\/posts\/18816\/revisions"}],"predecessor-version":[{"id":18820,"href":"https:\/\/apuntesdesanluis.com\/index.php\/wp-json\/wp\/v2\/posts\/18816\/revisions\/18820"}],"wp:featuredmedia":[{"embeddable":true,"href":"https:\/\/apuntesdesanluis.com\/index.php\/wp-json\/wp\/v2\/media\/18817"}],"wp:attachment":[{"href":"https:\/\/apuntesdesanluis.com\/index.php\/wp-json\/wp\/v2\/media?parent=18816"}],"wp:term":[{"taxonomy":"category","embeddable":true,"href":"https:\/\/apuntesdesanluis.com\/index.php\/wp-json\/wp\/v2\/categories?post=18816"},{"taxonomy":"post_tag","embeddable":true,"href":"https:\/\/apuntesdesanluis.com\/index.php\/wp-json\/wp\/v2\/tags?post=18816"}],"curies":[{"name":"wp","href":"https:\/\/api.w.org\/{rel}","templated":true}]}}