{"id":18853,"date":"2024-07-06T10:45:15","date_gmt":"2024-07-06T13:45:15","guid":{"rendered":"https:\/\/apuntesdesanluis.com\/?p=18853"},"modified":"2024-07-06T10:45:15","modified_gmt":"2024-07-06T13:45:15","slug":"con-la-firma-del-pacto-de-mayo-milei-intenta-lograr-apoyo-de-la-oposicion-y-calmar-la-tension-de-los-mercados","status":"publish","type":"post","link":"https:\/\/apuntesdesanluis.com\/index.php\/2024\/07\/06\/con-la-firma-del-pacto-de-mayo-milei-intenta-lograr-apoyo-de-la-oposicion-y-calmar-la-tension-de-los-mercados\/","title":{"rendered":"CON LA FIRMA DEL PACTO DE MAYO, MILEI INTENTA LOGRAR APOYO DE LA OPOSICI\u00d3N Y CALMAR LA TENSI\u00d3N DE LOS MERCADOS"},"content":{"rendered":"<h3>El oficialismo espera que el compromiso que asumir\u00e1n los gobernadores y dirigentes de los otros espacios inicie una \u00e9poca de m\u00e1s consenso de cara a las pr\u00f3ximas reformas que enviar\u00e1 el Gobierno al Congreso<\/h3>\n<h3>Luego de m\u00faltiples negociaciones, extensas sesiones de debate en el Congreso y soluciones de \u00faltimo minuto, el presidente Javier Milei logr\u00f3 la aprobaci\u00f3n de la Ley Bases y, tras su primer y \u00fanico triunfo legislativo, convoc\u00f3 formalmente a los principales referentes de todo el arco pol\u00edtico a la firma del Pacto de Mayo, que se realizar\u00e1 este martes por la madrugada en Tucum\u00e1n.<\/h3>\n<h3>De esta manera, el l\u00edder libertario reunir\u00e1 en un solo acto a las m\u00e1ximas figuras de los principales partidos del pa\u00eds, a excepci\u00f3n del kirchnerismo y la izquierda, y en el aniversario 208 de la Independencia argentina acordar\u00e1 con todos ellos avanzar en 10 pol\u00edticas de Estado.<\/h3>\n<h3>Gran parte de los gobernadores, los jefes de los distintos bloques parlamentarios y quiz\u00e1s tambi\u00e9n Mauricio Macri, los integrantes de la Corte Suprema de Justicia y otros actores relevantes, se comprometer\u00e1n a seguir una serie de lineamientos que en su mayor\u00eda son la expresi\u00f3n fiel del pensamiento del oficialismo.<\/h3>\n<h3>Incluso, el mandatario de Santiago del Estero, Gerardo Zamora, que estaba en duda, ir\u00e1 al evento en la Plaza Independencia de la provincia norte\u00f1a, aunque anticip\u00f3 que no suscribir\u00e1 al documento oficial, seg\u00fan tracendi\u00f3.<\/h3>\n<h3>Desde la inviolabilidad de la propiedad privada, el equilibrio fiscal innegociable y la reducci\u00f3n del gasto p\u00fablico, hasta la reforma laboral, previsional y tributaria, pasando por la apertura al comercio internacional, el texto contiene la esencia de muchas de las reformas que Milei quiere implementar durante su gesti\u00f3n.<\/h3>\n<h3>Con la firma de este Pacto, seg\u00fan explicaron a este medio fuentes cercanas al Presidente, el Gobierno espera que comience una nueva etapa en la que haya m\u00e1s \u201crazonabilidad y cordura por parte de la oposici\u00f3n\u201d.<\/h3>\n<h3>El evento no solo se da luego de la sanci\u00f3n de la Ley Bases, sino tambi\u00e9n tras la asunci\u00f3n de Federico Sturzenegger y en la antesala del env\u00edo del proyecto \u201cHojarascas\u201d, que plantea la eliminaci\u00f3n de cientos de normas que est\u00e1n vigentes y que para el economista traban el crecimiento del pa\u00eds.<\/h3>\n<h3>El ex titular del Banco Central, que estar\u00e1 a cargo de un nuevo Ministerio que se ocupar\u00e1 de la desregulaci\u00f3n y modernizaci\u00f3n del Estado, fue el autor intelectual de varias de las medidas que impuls\u00f3 el Presidente desde que est\u00e1 al frente de la Casa Rosada, tanto de la iniciativa votada en el Congreso, como del Decreto 70\/2023, que luego fue judicializado.<\/h3>\n<h3>El oficialismo espera que en este nuevo periodo de su administraci\u00f3n, el resto de los espacios pol\u00edticos, al menos aquellos denominados como \u201cdialoguistas\u201d, muestren un mayor apoyo a las medidas que presente La Libertad Avanza, para que las conversaciones sean m\u00e1s aceitadas y los tr\u00e1mites legislativos no demoren tanto como en estos seis primeros meses de gesti\u00f3n, en los que Milei solamente consigui\u00f3 que se sancione una ley suya.<\/h3>\n<h3>\u201cNos, los representantes de las Provincias Unidas del Sur, reunidos en San Miguel de Tucum\u00e1n, lugar de nacimiento de nuestra Naci\u00f3n, ante la mirada del Eterno, en nombre y por la autoridad del pueblo que representamos, declaramos solemnemente que es voluntad un\u00e1nime de las presentes romper con las antinomias del pasado y refundar el contexto social que dio nacimiento a nuestra querida Patria\u201d, se\u00f1ala el acta que firmar\u00e1n los dirigentes pol\u00edticos.<\/h3>\n<h3>Adem\u00e1s, en el documento se remarca el compromiso de los adherentes a las diez cl\u00e1usulas, \u201cestablecidas con el objetivo de reconstruir las bases de la Argentina y reinsertar a nuestro pueblo en la senda del desarrollo y la prosperidad\u201d.<\/h3>\n<h3>La presencia de Macri tambi\u00e9n ser\u00e1 una se\u00f1al de cierto acercamiento, en el marco de la interna existente en el PRO por la discusi\u00f3n respecto a la postura que debe tomar el partido frente al crecimiento electoral de los libertarios.<\/h3>\n<h3>Mientras que el ex presidente propone que la agrupaci\u00f3n siga teniendo una identidad propia y apoye al Gobierno actual desde su lugar, la ministra de Seguridad, Patricia Bullrich, insiste en que ambas agrupaciones se fusionen de cara a los comicios del a\u00f1o pr\u00f3ximo.<\/h3>\n<h3>La tensi\u00f3n termin\u00f3 con un brusco desenlace en la \u00faltima reuni\u00f3n de la Asamblea Nacional del espacio, que decidi\u00f3 desconocer acuerdos previos y margin\u00f3 a la ministra de la conducci\u00f3n de ese cuerpo deliberativo, tras lo cual los seguidores de la funcionaria se retiraron del lugar, en medio de gritos y quejas.<\/h3>\n<h3>Con este escenario de fondo, Macri y Bullrich se reencontrar\u00e1n el martes en Tucum\u00e1n y ambos compartir\u00e1n el acto con la c\u00fapula de LLA, que tom\u00f3 distancia de la interna, confiada en que tienen una mejor proyecci\u00f3n electoral que el PRO.<\/h3>\n<h3>Luego de la firma del Acta de Mayo, Mileil brindar\u00e1 un discurso frente a todos los presentes y por la madrugada emprender\u00e1 su regreso a Buenos Aires para, por la ma\u00f1ana del ya 9 de julio, encabezar el tradicional Tedeum en la Catedral Metropolitana y, posteriormente, un desfile militar sobre la Avenida del Libertador, en pleno centro de la Ciudad de Buenos Aires.<\/h3>\n<p>&nbsp;<\/p>\n<p>&nbsp;<\/p>\n<p>&nbsp;<\/p>\n","protected":false},"excerpt":{"rendered":"<p>El oficialismo espera que el compromiso que asumir\u00e1n los gobernadores y dirigentes de los otros&#8230;<\/p>\n","protected":false},"author":1,"featured_media":18854,"comment_status":"closed","ping_status":"closed","sticky":false,"template":"","format":"standard","meta":{"footnotes":""},"categories":[5],"tags":[],"class_list":["post-18853","post","type-post","status-publish","format-standard","has-post-thumbnail","hentry","category-nacionales-internacionales"],"yoast_head":"<!-- This site is optimized with the Yoast SEO plugin v26.1.1 - https:\/\/yoast.com\/wordpress\/plugins\/seo\/ -->\n<title>CON LA FIRMA DEL PACTO DE MAYO, MILEI INTENTA LOGRAR APOYO DE LA OPOSICI\u00d3N Y CALMAR LA TENSI\u00d3N DE LOS MERCADOS - Apuntes de San Luis<\/title>\n<meta name=\"robots\" content=\"index, follow, max-snippet:-1, max-image-preview:large, max-video-preview:-1\" \/>\n<link rel=\"canonical\" href=\"https:\/\/apuntesdesanluis.com\/index.php\/2024\/07\/06\/con-la-firma-del-pacto-de-mayo-milei-intenta-lograr-apoyo-de-la-oposicion-y-calmar-la-tension-de-los-mercados\/\" \/>\n<meta property=\"og:locale\" content=\"es_ES\" \/>\n<meta property=\"og:type\" content=\"article\" \/>\n<meta property=\"og:title\" content=\"CON LA FIRMA DEL PACTO DE MAYO, MILEI INTENTA LOGRAR APOYO DE LA OPOSICI\u00d3N Y CALMAR LA TENSI\u00d3N DE LOS MERCADOS - Apuntes de San Luis\" \/>\n<meta property=\"og:description\" content=\"El oficialismo espera que el compromiso que asumir\u00e1n los gobernadores y dirigentes de los otros...\" \/>\n<meta property=\"og:url\" content=\"https:\/\/apuntesdesanluis.com\/index.php\/2024\/07\/06\/con-la-firma-del-pacto-de-mayo-milei-intenta-lograr-apoyo-de-la-oposicion-y-calmar-la-tension-de-los-mercados\/\" \/>\n<meta property=\"og:site_name\" content=\"Apuntes de San Luis\" \/>\n<meta property=\"article:published_time\" content=\"2024-07-06T13:45:15+00:00\" \/>\n<meta property=\"og:image\" content=\"https:\/\/apuntesdesanluis.com\/wp-content\/uploads\/2024\/07\/MILEI.png\" \/>\n\t<meta property=\"og:image:width\" content=\"700\" \/>\n\t<meta property=\"og:image:height\" content=\"468\" \/>\n\t<meta property=\"og:image:type\" content=\"image\/png\" \/>\n<meta name=\"author\" content=\"apuntesdesanluis.com\" \/>\n<meta name=\"twitter:card\" content=\"summary_large_image\" \/>\n<meta name=\"twitter:label1\" content=\"Escrito por\" \/>\n\t<meta name=\"twitter:data1\" content=\"apuntesdesanluis.com\" \/>\n\t<meta name=\"twitter:label2\" content=\"Tiempo de lectura\" \/>\n\t<meta name=\"twitter:data2\" content=\"5 minutos\" \/>\n<script type=\"application\/ld+json\" class=\"yoast-schema-graph\">{\"@context\":\"https:\/\/schema.org\",\"@graph\":[{\"@type\":\"Article\",\"@id\":\"https:\/\/apuntesdesanluis.com\/index.php\/2024\/07\/06\/con-la-firma-del-pacto-de-mayo-milei-intenta-lograr-apoyo-de-la-oposicion-y-calmar-la-tension-de-los-mercados\/#article\",\"isPartOf\":{\"@id\":\"https:\/\/apuntesdesanluis.com\/index.php\/2024\/07\/06\/con-la-firma-del-pacto-de-mayo-milei-intenta-lograr-apoyo-de-la-oposicion-y-calmar-la-tension-de-los-mercados\/\"},\"author\":{\"name\":\"apuntesdesanluis.com\",\"@id\":\"https:\/\/apuntesdesanluis.com\/#\/schema\/person\/b55151d52296fcce64d1a72538a70b90\"},\"headline\":\"CON LA FIRMA DEL PACTO DE MAYO, MILEI INTENTA LOGRAR APOYO DE LA OPOSICI\u00d3N Y CALMAR LA TENSI\u00d3N DE LOS MERCADOS\",\"datePublished\":\"2024-07-06T13:45:15+00:00\",\"mainEntityOfPage\":{\"@id\":\"https:\/\/apuntesdesanluis.com\/index.php\/2024\/07\/06\/con-la-firma-del-pacto-de-mayo-milei-intenta-lograr-apoyo-de-la-oposicion-y-calmar-la-tension-de-los-mercados\/\"},\"wordCount\":927,\"publisher\":{\"@id\":\"https:\/\/apuntesdesanluis.com\/#\/schema\/person\/b55151d52296fcce64d1a72538a70b90\"},\"image\":{\"@id\":\"https:\/\/apuntesdesanluis.com\/index.php\/2024\/07\/06\/con-la-firma-del-pacto-de-mayo-milei-intenta-lograr-apoyo-de-la-oposicion-y-calmar-la-tension-de-los-mercados\/#primaryimage\"},\"thumbnailUrl\":\"https:\/\/apuntesdesanluis.com\/wp-content\/uploads\/2024\/07\/MILEI.png\",\"articleSection\":[\"Nacionales\/Internacionales\"],\"inLanguage\":\"es-AR\"},{\"@type\":\"WebPage\",\"@id\":\"https:\/\/apuntesdesanluis.com\/index.php\/2024\/07\/06\/con-la-firma-del-pacto-de-mayo-milei-intenta-lograr-apoyo-de-la-oposicion-y-calmar-la-tension-de-los-mercados\/\",\"url\":\"https:\/\/apuntesdesanluis.com\/index.php\/2024\/07\/06\/con-la-firma-del-pacto-de-mayo-milei-intenta-lograr-apoyo-de-la-oposicion-y-calmar-la-tension-de-los-mercados\/\",\"name\":\"CON LA FIRMA DEL PACTO DE MAYO, MILEI INTENTA LOGRAR APOYO DE LA OPOSICI\u00d3N Y CALMAR LA TENSI\u00d3N DE LOS MERCADOS - Apuntes de San Luis\",\"isPartOf\":{\"@id\":\"https:\/\/apuntesdesanluis.com\/#website\"},\"primaryImageOfPage\":{\"@id\":\"https:\/\/apuntesdesanluis.com\/index.php\/2024\/07\/06\/con-la-firma-del-pacto-de-mayo-milei-intenta-lograr-apoyo-de-la-oposicion-y-calmar-la-tension-de-los-mercados\/#primaryimage\"},\"image\":{\"@id\":\"https:\/\/apuntesdesanluis.com\/index.php\/2024\/07\/06\/con-la-firma-del-pacto-de-mayo-milei-intenta-lograr-apoyo-de-la-oposicion-y-calmar-la-tension-de-los-mercados\/#primaryimage\"},\"thumbnailUrl\":\"https:\/\/apuntesdesanluis.com\/wp-content\/uploads\/2024\/07\/MILEI.png\",\"datePublished\":\"2024-07-06T13:45:15+00:00\",\"breadcrumb\":{\"@id\":\"https:\/\/apuntesdesanluis.com\/index.php\/2024\/07\/06\/con-la-firma-del-pacto-de-mayo-milei-intenta-lograr-apoyo-de-la-oposicion-y-calmar-la-tension-de-los-mercados\/#breadcrumb\"},\"inLanguage\":\"es-AR\",\"potentialAction\":[{\"@type\":\"ReadAction\",\"target\":[\"https:\/\/apuntesdesanluis.com\/index.php\/2024\/07\/06\/con-la-firma-del-pacto-de-mayo-milei-intenta-lograr-apoyo-de-la-oposicion-y-calmar-la-tension-de-los-mercados\/\"]}]},{\"@type\":\"ImageObject\",\"inLanguage\":\"es-AR\",\"@id\":\"https:\/\/apuntesdesanluis.com\/index.php\/2024\/07\/06\/con-la-firma-del-pacto-de-mayo-milei-intenta-lograr-apoyo-de-la-oposicion-y-calmar-la-tension-de-los-mercados\/#primaryimage\",\"url\":\"https:\/\/apuntesdesanluis.com\/wp-content\/uploads\/2024\/07\/MILEI.png\",\"contentUrl\":\"https:\/\/apuntesdesanluis.com\/wp-content\/uploads\/2024\/07\/MILEI.png\",\"width\":700,\"height\":468},{\"@type\":\"BreadcrumbList\",\"@id\":\"https:\/\/apuntesdesanluis.com\/index.php\/2024\/07\/06\/con-la-firma-del-pacto-de-mayo-milei-intenta-lograr-apoyo-de-la-oposicion-y-calmar-la-tension-de-los-mercados\/#breadcrumb\",\"itemListElement\":[{\"@type\":\"ListItem\",\"position\":1,\"name\":\"Inicio\",\"item\":\"https:\/\/apuntesdesanluis.com\/\"},{\"@type\":\"ListItem\",\"position\":2,\"name\":\"CON LA FIRMA DEL PACTO DE MAYO, MILEI INTENTA LOGRAR APOYO DE LA OPOSICI\u00d3N Y CALMAR LA TENSI\u00d3N DE LOS MERCADOS\"}]},{\"@type\":\"WebSite\",\"@id\":\"https:\/\/apuntesdesanluis.com\/#website\",\"url\":\"https:\/\/apuntesdesanluis.com\/\",\"name\":\"Apuntes de San Luis\",\"description\":\"\",\"publisher\":{\"@id\":\"https:\/\/apuntesdesanluis.com\/#\/schema\/person\/b55151d52296fcce64d1a72538a70b90\"},\"potentialAction\":[{\"@type\":\"SearchAction\",\"target\":{\"@type\":\"EntryPoint\",\"urlTemplate\":\"https:\/\/apuntesdesanluis.com\/?s={search_term_string}\"},\"query-input\":{\"@type\":\"PropertyValueSpecification\",\"valueRequired\":true,\"valueName\":\"search_term_string\"}}],\"inLanguage\":\"es-AR\"},{\"@type\":[\"Person\",\"Organization\"],\"@id\":\"https:\/\/apuntesdesanluis.com\/#\/schema\/person\/b55151d52296fcce64d1a72538a70b90\",\"name\":\"apuntesdesanluis.com\",\"image\":{\"@type\":\"ImageObject\",\"inLanguage\":\"es-AR\",\"@id\":\"https:\/\/apuntesdesanluis.com\/#\/schema\/person\/image\/\",\"url\":\"https:\/\/apuntesdesanluis.com\/wp-content\/uploads\/2023\/07\/cropped-apuntesdesanluis.png\",\"contentUrl\":\"https:\/\/apuntesdesanluis.com\/wp-content\/uploads\/2023\/07\/cropped-apuntesdesanluis.png\",\"width\":450,\"height\":112,\"caption\":\"apuntesdesanluis.com\"},\"logo\":{\"@id\":\"https:\/\/apuntesdesanluis.com\/#\/schema\/person\/image\/\"},\"sameAs\":[\"https:\/\/apuntesdesanluis.com\"],\"url\":\"https:\/\/apuntesdesanluis.com\/index.php\/author\/apuntesdesanluis-com\/\"}]}<\/script>\n<!-- \/ Yoast SEO plugin. -->","yoast_head_json":{"title":"CON LA FIRMA DEL PACTO DE MAYO, MILEI INTENTA LOGRAR APOYO DE LA OPOSICI\u00d3N Y CALMAR LA TENSI\u00d3N DE LOS MERCADOS - Apuntes de San Luis","robots":{"index":"index","follow":"follow","max-snippet":"max-snippet:-1","max-image-preview":"max-image-preview:large","max-video-preview":"max-video-preview:-1"},"canonical":"https:\/\/apuntesdesanluis.com\/index.php\/2024\/07\/06\/con-la-firma-del-pacto-de-mayo-milei-intenta-lograr-apoyo-de-la-oposicion-y-calmar-la-tension-de-los-mercados\/","og_locale":"es_ES","og_type":"article","og_title":"CON LA FIRMA DEL PACTO DE MAYO, MILEI INTENTA LOGRAR APOYO DE LA OPOSICI\u00d3N Y CALMAR LA TENSI\u00d3N DE LOS MERCADOS - Apuntes de San Luis","og_description":"El oficialismo espera que el compromiso que asumir\u00e1n los gobernadores y dirigentes de los otros...","og_url":"https:\/\/apuntesdesanluis.com\/index.php\/2024\/07\/06\/con-la-firma-del-pacto-de-mayo-milei-intenta-lograr-apoyo-de-la-oposicion-y-calmar-la-tension-de-los-mercados\/","og_site_name":"Apuntes de San Luis","article_published_time":"2024-07-06T13:45:15+00:00","og_image":[{"width":700,"height":468,"url":"https:\/\/apuntesdesanluis.com\/wp-content\/uploads\/2024\/07\/MILEI.png","type":"image\/png"}],"author":"apuntesdesanluis.com","twitter_card":"summary_large_image","twitter_misc":{"Escrito por":"apuntesdesanluis.com","Tiempo de lectura":"5 minutos"},"schema":{"@context":"https:\/\/schema.org","@graph":[{"@type":"Article","@id":"https:\/\/apuntesdesanluis.com\/index.php\/2024\/07\/06\/con-la-firma-del-pacto-de-mayo-milei-intenta-lograr-apoyo-de-la-oposicion-y-calmar-la-tension-de-los-mercados\/#article","isPartOf":{"@id":"https:\/\/apuntesdesanluis.com\/index.php\/2024\/07\/06\/con-la-firma-del-pacto-de-mayo-milei-intenta-lograr-apoyo-de-la-oposicion-y-calmar-la-tension-de-los-mercados\/"},"author":{"name":"apuntesdesanluis.com","@id":"https:\/\/apuntesdesanluis.com\/#\/schema\/person\/b55151d52296fcce64d1a72538a70b90"},"headline":"CON LA FIRMA DEL PACTO DE MAYO, MILEI INTENTA LOGRAR APOYO DE LA OPOSICI\u00d3N Y CALMAR LA TENSI\u00d3N DE LOS MERCADOS","datePublished":"2024-07-06T13:45:15+00:00","mainEntityOfPage":{"@id":"https:\/\/apuntesdesanluis.com\/index.php\/2024\/07\/06\/con-la-firma-del-pacto-de-mayo-milei-intenta-lograr-apoyo-de-la-oposicion-y-calmar-la-tension-de-los-mercados\/"},"wordCount":927,"publisher":{"@id":"https:\/\/apuntesdesanluis.com\/#\/schema\/person\/b55151d52296fcce64d1a72538a70b90"},"image":{"@id":"https:\/\/apuntesdesanluis.com\/index.php\/2024\/07\/06\/con-la-firma-del-pacto-de-mayo-milei-intenta-lograr-apoyo-de-la-oposicion-y-calmar-la-tension-de-los-mercados\/#primaryimage"},"thumbnailUrl":"https:\/\/apuntesdesanluis.com\/wp-content\/uploads\/2024\/07\/MILEI.png","articleSection":["Nacionales\/Internacionales"],"inLanguage":"es-AR"},{"@type":"WebPage","@id":"https:\/\/apuntesdesanluis.com\/index.php\/2024\/07\/06\/con-la-firma-del-pacto-de-mayo-milei-intenta-lograr-apoyo-de-la-oposicion-y-calmar-la-tension-de-los-mercados\/","url":"https:\/\/apuntesdesanluis.com\/index.php\/2024\/07\/06\/con-la-firma-del-pacto-de-mayo-milei-intenta-lograr-apoyo-de-la-oposicion-y-calmar-la-tension-de-los-mercados\/","name":"CON LA FIRMA DEL PACTO DE MAYO, MILEI INTENTA LOGRAR APOYO DE LA OPOSICI\u00d3N Y CALMAR LA TENSI\u00d3N DE LOS MERCADOS - Apuntes de San Luis","isPartOf":{"@id":"https:\/\/apuntesdesanluis.com\/#website"},"primaryImageOfPage":{"@id":"https:\/\/apuntesdesanluis.com\/index.php\/2024\/07\/06\/con-la-firma-del-pacto-de-mayo-milei-intenta-lograr-apoyo-de-la-oposicion-y-calmar-la-tension-de-los-mercados\/#primaryimage"},"image":{"@id":"https:\/\/apuntesdesanluis.com\/index.php\/2024\/07\/06\/con-la-firma-del-pacto-de-mayo-milei-intenta-lograr-apoyo-de-la-oposicion-y-calmar-la-tension-de-los-mercados\/#primaryimage"},"thumbnailUrl":"https:\/\/apuntesdesanluis.com\/wp-content\/uploads\/2024\/07\/MILEI.png","datePublished":"2024-07-06T13:45:15+00:00","breadcrumb":{"@id":"https:\/\/apuntesdesanluis.com\/index.php\/2024\/07\/06\/con-la-firma-del-pacto-de-mayo-milei-intenta-lograr-apoyo-de-la-oposicion-y-calmar-la-tension-de-los-mercados\/#breadcrumb"},"inLanguage":"es-AR","potentialAction":[{"@type":"ReadAction","target":["https:\/\/apuntesdesanluis.com\/index.php\/2024\/07\/06\/con-la-firma-del-pacto-de-mayo-milei-intenta-lograr-apoyo-de-la-oposicion-y-calmar-la-tension-de-los-mercados\/"]}]},{"@type":"ImageObject","inLanguage":"es-AR","@id":"https:\/\/apuntesdesanluis.com\/index.php\/2024\/07\/06\/con-la-firma-del-pacto-de-mayo-milei-intenta-lograr-apoyo-de-la-oposicion-y-calmar-la-tension-de-los-mercados\/#primaryimage","url":"https:\/\/apuntesdesanluis.com\/wp-content\/uploads\/2024\/07\/MILEI.png","contentUrl":"https:\/\/apuntesdesanluis.com\/wp-content\/uploads\/2024\/07\/MILEI.png","width":700,"height":468},{"@type":"BreadcrumbList","@id":"https:\/\/apuntesdesanluis.com\/index.php\/2024\/07\/06\/con-la-firma-del-pacto-de-mayo-milei-intenta-lograr-apoyo-de-la-oposicion-y-calmar-la-tension-de-los-mercados\/#breadcrumb","itemListElement":[{"@type":"ListItem","position":1,"name":"Inicio","item":"https:\/\/apuntesdesanluis.com\/"},{"@type":"ListItem","position":2,"name":"CON LA FIRMA DEL PACTO DE MAYO, MILEI INTENTA LOGRAR APOYO DE LA OPOSICI\u00d3N Y CALMAR LA TENSI\u00d3N DE LOS MERCADOS"}]},{"@type":"WebSite","@id":"https:\/\/apuntesdesanluis.com\/#website","url":"https:\/\/apuntesdesanluis.com\/","name":"Apuntes de San Luis","description":"","publisher":{"@id":"https:\/\/apuntesdesanluis.com\/#\/schema\/person\/b55151d52296fcce64d1a72538a70b90"},"potentialAction":[{"@type":"SearchAction","target":{"@type":"EntryPoint","urlTemplate":"https:\/\/apuntesdesanluis.com\/?s={search_term_string}"},"query-input":{"@type":"PropertyValueSpecification","valueRequired":true,"valueName":"search_term_string"}}],"inLanguage":"es-AR"},{"@type":["Person","Organization"],"@id":"https:\/\/apuntesdesanluis.com\/#\/schema\/person\/b55151d52296fcce64d1a72538a70b90","name":"apuntesdesanluis.com","image":{"@type":"ImageObject","inLanguage":"es-AR","@id":"https:\/\/apuntesdesanluis.com\/#\/schema\/person\/image\/","url":"https:\/\/apuntesdesanluis.com\/wp-content\/uploads\/2023\/07\/cropped-apuntesdesanluis.png","contentUrl":"https:\/\/apuntesdesanluis.com\/wp-content\/uploads\/2023\/07\/cropped-apuntesdesanluis.png","width":450,"height":112,"caption":"apuntesdesanluis.com"},"logo":{"@id":"https:\/\/apuntesdesanluis.com\/#\/schema\/person\/image\/"},"sameAs":["https:\/\/apuntesdesanluis.com"],"url":"https:\/\/apuntesdesanluis.com\/index.php\/author\/apuntesdesanluis-com\/"}]}},"featured_image_urls":{"full":["https:\/\/apuntesdesanluis.com\/wp-content\/uploads\/2024\/07\/MILEI.png",700,468,false],"thumbnail":["https:\/\/apuntesdesanluis.com\/wp-content\/uploads\/2024\/07\/MILEI-150x150.png",150,150,true],"medium":["https:\/\/apuntesdesanluis.com\/wp-content\/uploads\/2024\/07\/MILEI-300x201.png",300,201,true],"medium_large":["https:\/\/apuntesdesanluis.com\/wp-content\/uploads\/2024\/07\/MILEI.png",640,428,false],"large":["https:\/\/apuntesdesanluis.com\/wp-content\/uploads\/2024\/07\/MILEI.png",640,428,false],"1536x1536":["https:\/\/apuntesdesanluis.com\/wp-content\/uploads\/2024\/07\/MILEI.png",700,468,false],"2048x2048":["https:\/\/apuntesdesanluis.com\/wp-content\/uploads\/2024\/07\/MILEI.png",700,468,false],"newsever-slider-full":["https:\/\/apuntesdesanluis.com\/wp-content\/uploads\/2024\/07\/MILEI.png",700,468,false],"newsever-featured":["https:\/\/apuntesdesanluis.com\/wp-content\/uploads\/2024\/07\/MILEI.png",700,468,false],"newsever-medium":["https:\/\/apuntesdesanluis.com\/wp-content\/uploads\/2024\/07\/MILEI.png",700,468,false]},"author_info":{"display_name":"apuntesdesanluis.com","author_link":"https:\/\/apuntesdesanluis.com\/index.php\/author\/apuntesdesanluis-com\/"},"category_info":"<a href=\"https:\/\/apuntesdesanluis.com\/index.php\/category\/nacionales-internacionales\/\" rel=\"category tag\">Nacionales\/Internacionales<\/a>","tag_info":"Nacionales\/Internacionales","comment_count":"0","_links":{"self":[{"href":"https:\/\/apuntesdesanluis.com\/index.php\/wp-json\/wp\/v2\/posts\/18853","targetHints":{"allow":["GET"]}}],"collection":[{"href":"https:\/\/apuntesdesanluis.com\/index.php\/wp-json\/wp\/v2\/posts"}],"about":[{"href":"https:\/\/apuntesdesanluis.com\/index.php\/wp-json\/wp\/v2\/types\/post"}],"author":[{"embeddable":true,"href":"https:\/\/apuntesdesanluis.com\/index.php\/wp-json\/wp\/v2\/users\/1"}],"replies":[{"embeddable":true,"href":"https:\/\/apuntesdesanluis.com\/index.php\/wp-json\/wp\/v2\/comments?post=18853"}],"version-history":[{"count":1,"href":"https:\/\/apuntesdesanluis.com\/index.php\/wp-json\/wp\/v2\/posts\/18853\/revisions"}],"predecessor-version":[{"id":18855,"href":"https:\/\/apuntesdesanluis.com\/index.php\/wp-json\/wp\/v2\/posts\/18853\/revisions\/18855"}],"wp:featuredmedia":[{"embeddable":true,"href":"https:\/\/apuntesdesanluis.com\/index.php\/wp-json\/wp\/v2\/media\/18854"}],"wp:attachment":[{"href":"https:\/\/apuntesdesanluis.com\/index.php\/wp-json\/wp\/v2\/media?parent=18853"}],"wp:term":[{"taxonomy":"category","embeddable":true,"href":"https:\/\/apuntesdesanluis.com\/index.php\/wp-json\/wp\/v2\/categories?post=18853"},{"taxonomy":"post_tag","embeddable":true,"href":"https:\/\/apuntesdesanluis.com\/index.php\/wp-json\/wp\/v2\/tags?post=18853"}],"curies":[{"name":"wp","href":"https:\/\/api.w.org\/{rel}","templated":true}]}}