{"id":18856,"date":"2024-07-06T10:48:34","date_gmt":"2024-07-06T13:48:34","guid":{"rendered":"https:\/\/apuntesdesanluis.com\/?p=18856"},"modified":"2024-07-06T10:49:01","modified_gmt":"2024-07-06T13:49:01","slug":"semana-financiera-el-dolar-libre-subio-4-y-la-brecha-cambiaria-es-la-mas-amplia-desde-la-devaluacion-de-diciembre","status":"publish","type":"post","link":"https:\/\/apuntesdesanluis.com\/index.php\/2024\/07\/06\/semana-financiera-el-dolar-libre-subio-4-y-la-brecha-cambiaria-es-la-mas-amplia-desde-la-devaluacion-de-diciembre\/","title":{"rendered":"SEMANA FINANCIERA: EL D\u00d3LAR LIBRE SUBI\u00d3 4% Y LA BRECHA CAMBIARIA ES LA M\u00c1S AMPLIA DESDE LA DEVALUACI\u00d3N DE DICIEMBRE"},"content":{"rendered":"<h3>Qued\u00f3 en $1.420. Las cotizaciones burs\u00e1tiles, cerca de los $1.400, tambi\u00e9n siguieron firmes en un marco de b\u00fasqueda de cobertura. La brecha cambiaria super\u00f3 el 50%. El BCRA compr\u00f3 USD 73 millones en el mercado. Las acciones subieron en pesos, pero cayeron en d\u00f3lares<\/h3>\n<h3>En la primera semana de julio el movimiento de las variables financieras se dio conforme a la b\u00fasqueda de cobertura, como una continuidad de lo ocurrido durante junio. As\u00ed, acciones y bonos transitaron sin una tendencia definida, luego de un mes muy negativo, mientras que los d\u00f3lares alternativos al cepo reforzaron la tendencia a la suba que ya hab\u00eda sobresalido en mayo y junio.<\/h3>\n<h3>El d\u00f3lar libre termin\u00f3 operado a $1.420 para la venta, cerca del r\u00e9cord nominal -alcanz\u00f3 los $1.430 el martes 2-, luego de acumular una ganancia de 55 pesos o un 4% respecto del viernes anterior. En el mismo sentido, los d\u00f3lares burs\u00e1tiles, que ara\u00f1aron precios m\u00e1ximos en torno a $1.430 al promediar la semana, finalizaron negociados apenas debajo de los 1.400 pesos.<\/h3>\n<h3>El d\u00f3lar mayorista subi\u00f3 seis pesos o un 0,7% en cinco ruedas, a $918, un alza algo m\u00e1s marcada que en las semanas anteriores. La brecha con el d\u00f3lar \u201cblue\u201d qued\u00f3 en el 54,7%, la m\u00e1s amplia desde el 12 de diciembre, precio a la devaluaci\u00f3n que llev\u00f3 al tipo de cambio oficial a los 800 pesos.<\/h3>\n<h3>El Gobierno afirm\u00f3 recientemente que mantendr\u00e1 el actual ritmo de depreciaci\u00f3n de la moneda y los beneficios a las exportaciones agropecuarias para dar tranquilidad al mercado y descartar una devaluaci\u00f3n.<\/h3>\n<h3>\u201cUna brecha superior al 50% en la cotizaci\u00f3n del d\u00f3lar complica la intenci\u00f3n del Gobierno de liberar el mercado de cambios en el corto plazo\u201d, dijo un analista a Reuters.<\/h3>\n<h3>\u00a0\u201cHacia adelante, creemos que el foco continuar\u00e1 en las precisiones del Gobierno acerca del r\u00e9gimen cambiario. La desaceleraci\u00f3n y posible reversi\u00f3n en la acumulaci\u00f3n de reservas debido a los pagos adeudados por importaciones podr\u00eda sumar algo de inquietud, especialmente a medida que nos acercamos a 2025, momento en el que las necesidades de d\u00f3lares aumentar\u00e1n\u201d, indicaron los expertos de Balanz Capital.<\/h3>\n<h3>\u201cAdem\u00e1s, la mayor inc\u00f3gnita reside en el futuro de los controles de capitales y el r\u00e9gimen cambiario que el gobierno tiene en mente. Adem\u00e1s, la decisi\u00f3n del gobierno de migrar los pases del Central al Tesoro pondr\u00e1 el foco tambi\u00e9n en la capacidad del gobierno de seguir mostrando buenos datos fiscales\u201c, acotaron desde Balanz.<\/h3>\n<h3>En las primeras cinco sesiones operativas del mes el Banco Central acumul\u00f3 un saldo a favor de USD 73 millones por su intervenci\u00f3n en el mercado de cambios, con modestas compras entre el lunes y el jueves y una venta marginal de USD 6 millones el viernes.<\/h3>\n<p>&nbsp;<\/p>\n<p>&nbsp;<\/p>\n<p>&nbsp;<\/p>\n","protected":false},"excerpt":{"rendered":"<p>Qued\u00f3 en $1.420. Las cotizaciones burs\u00e1tiles, cerca de los $1.400, tambi\u00e9n siguieron firmes en un&#8230;<\/p>\n","protected":false},"author":1,"featured_media":7463,"comment_status":"closed","ping_status":"closed","sticky":false,"template":"","format":"standard","meta":{"footnotes":""},"categories":[5],"tags":[],"class_list":["post-18856","post","type-post","status-publish","format-standard","has-post-thumbnail","hentry","category-nacionales-internacionales"],"yoast_head":"<!-- This site is optimized with the Yoast SEO plugin v26.1.1 - https:\/\/yoast.com\/wordpress\/plugins\/seo\/ -->\n<title>SEMANA FINANCIERA: EL D\u00d3LAR LIBRE SUBI\u00d3 4% Y LA BRECHA CAMBIARIA ES LA M\u00c1S AMPLIA DESDE LA DEVALUACI\u00d3N DE DICIEMBRE - Apuntes de San Luis<\/title>\n<meta name=\"robots\" content=\"index, follow, max-snippet:-1, max-image-preview:large, max-video-preview:-1\" \/>\n<link rel=\"canonical\" href=\"https:\/\/apuntesdesanluis.com\/index.php\/2024\/07\/06\/semana-financiera-el-dolar-libre-subio-4-y-la-brecha-cambiaria-es-la-mas-amplia-desde-la-devaluacion-de-diciembre\/\" \/>\n<meta property=\"og:locale\" content=\"es_ES\" \/>\n<meta property=\"og:type\" content=\"article\" \/>\n<meta property=\"og:title\" content=\"SEMANA FINANCIERA: EL D\u00d3LAR LIBRE SUBI\u00d3 4% Y LA BRECHA CAMBIARIA ES LA M\u00c1S AMPLIA DESDE LA DEVALUACI\u00d3N DE DICIEMBRE - Apuntes de San Luis\" \/>\n<meta property=\"og:description\" content=\"Qued\u00f3 en $1.420. Las cotizaciones burs\u00e1tiles, cerca de los $1.400, tambi\u00e9n siguieron firmes en un...\" \/>\n<meta property=\"og:url\" content=\"https:\/\/apuntesdesanluis.com\/index.php\/2024\/07\/06\/semana-financiera-el-dolar-libre-subio-4-y-la-brecha-cambiaria-es-la-mas-amplia-desde-la-devaluacion-de-diciembre\/\" \/>\n<meta property=\"og:site_name\" content=\"Apuntes de San Luis\" \/>\n<meta property=\"article:published_time\" content=\"2024-07-06T13:48:34+00:00\" \/>\n<meta property=\"article:modified_time\" content=\"2024-07-06T13:49:01+00:00\" \/>\n<meta property=\"og:image\" content=\"https:\/\/apuntesdesanluis.com\/wp-content\/uploads\/2023\/11\/dolar-2.png\" \/>\n\t<meta property=\"og:image:width\" content=\"600\" \/>\n\t<meta property=\"og:image:height\" content=\"334\" \/>\n\t<meta property=\"og:image:type\" content=\"image\/png\" \/>\n<meta name=\"author\" content=\"apuntesdesanluis.com\" \/>\n<meta name=\"twitter:card\" content=\"summary_large_image\" \/>\n<meta name=\"twitter:label1\" content=\"Escrito por\" \/>\n\t<meta name=\"twitter:data1\" content=\"apuntesdesanluis.com\" \/>\n\t<meta name=\"twitter:label2\" content=\"Tiempo de lectura\" \/>\n\t<meta name=\"twitter:data2\" content=\"3 minutos\" \/>\n<script type=\"application\/ld+json\" class=\"yoast-schema-graph\">{\"@context\":\"https:\/\/schema.org\",\"@graph\":[{\"@type\":\"Article\",\"@id\":\"https:\/\/apuntesdesanluis.com\/index.php\/2024\/07\/06\/semana-financiera-el-dolar-libre-subio-4-y-la-brecha-cambiaria-es-la-mas-amplia-desde-la-devaluacion-de-diciembre\/#article\",\"isPartOf\":{\"@id\":\"https:\/\/apuntesdesanluis.com\/index.php\/2024\/07\/06\/semana-financiera-el-dolar-libre-subio-4-y-la-brecha-cambiaria-es-la-mas-amplia-desde-la-devaluacion-de-diciembre\/\"},\"author\":{\"name\":\"apuntesdesanluis.com\",\"@id\":\"https:\/\/apuntesdesanluis.com\/#\/schema\/person\/b55151d52296fcce64d1a72538a70b90\"},\"headline\":\"SEMANA FINANCIERA: EL D\u00d3LAR LIBRE SUBI\u00d3 4% Y LA BRECHA CAMBIARIA ES LA M\u00c1S AMPLIA DESDE LA DEVALUACI\u00d3N DE DICIEMBRE\",\"datePublished\":\"2024-07-06T13:48:34+00:00\",\"dateModified\":\"2024-07-06T13:49:01+00:00\",\"mainEntityOfPage\":{\"@id\":\"https:\/\/apuntesdesanluis.com\/index.php\/2024\/07\/06\/semana-financiera-el-dolar-libre-subio-4-y-la-brecha-cambiaria-es-la-mas-amplia-desde-la-devaluacion-de-diciembre\/\"},\"wordCount\":492,\"publisher\":{\"@id\":\"https:\/\/apuntesdesanluis.com\/#\/schema\/person\/b55151d52296fcce64d1a72538a70b90\"},\"image\":{\"@id\":\"https:\/\/apuntesdesanluis.com\/index.php\/2024\/07\/06\/semana-financiera-el-dolar-libre-subio-4-y-la-brecha-cambiaria-es-la-mas-amplia-desde-la-devaluacion-de-diciembre\/#primaryimage\"},\"thumbnailUrl\":\"https:\/\/apuntesdesanluis.com\/wp-content\/uploads\/2023\/11\/dolar-2.png\",\"articleSection\":[\"Nacionales\/Internacionales\"],\"inLanguage\":\"es-AR\"},{\"@type\":\"WebPage\",\"@id\":\"https:\/\/apuntesdesanluis.com\/index.php\/2024\/07\/06\/semana-financiera-el-dolar-libre-subio-4-y-la-brecha-cambiaria-es-la-mas-amplia-desde-la-devaluacion-de-diciembre\/\",\"url\":\"https:\/\/apuntesdesanluis.com\/index.php\/2024\/07\/06\/semana-financiera-el-dolar-libre-subio-4-y-la-brecha-cambiaria-es-la-mas-amplia-desde-la-devaluacion-de-diciembre\/\",\"name\":\"SEMANA FINANCIERA: EL D\u00d3LAR LIBRE SUBI\u00d3 4% Y LA BRECHA CAMBIARIA ES LA M\u00c1S AMPLIA DESDE LA DEVALUACI\u00d3N DE DICIEMBRE - Apuntes de San Luis\",\"isPartOf\":{\"@id\":\"https:\/\/apuntesdesanluis.com\/#website\"},\"primaryImageOfPage\":{\"@id\":\"https:\/\/apuntesdesanluis.com\/index.php\/2024\/07\/06\/semana-financiera-el-dolar-libre-subio-4-y-la-brecha-cambiaria-es-la-mas-amplia-desde-la-devaluacion-de-diciembre\/#primaryimage\"},\"image\":{\"@id\":\"https:\/\/apuntesdesanluis.com\/index.php\/2024\/07\/06\/semana-financiera-el-dolar-libre-subio-4-y-la-brecha-cambiaria-es-la-mas-amplia-desde-la-devaluacion-de-diciembre\/#primaryimage\"},\"thumbnailUrl\":\"https:\/\/apuntesdesanluis.com\/wp-content\/uploads\/2023\/11\/dolar-2.png\",\"datePublished\":\"2024-07-06T13:48:34+00:00\",\"dateModified\":\"2024-07-06T13:49:01+00:00\",\"breadcrumb\":{\"@id\":\"https:\/\/apuntesdesanluis.com\/index.php\/2024\/07\/06\/semana-financiera-el-dolar-libre-subio-4-y-la-brecha-cambiaria-es-la-mas-amplia-desde-la-devaluacion-de-diciembre\/#breadcrumb\"},\"inLanguage\":\"es-AR\",\"potentialAction\":[{\"@type\":\"ReadAction\",\"target\":[\"https:\/\/apuntesdesanluis.com\/index.php\/2024\/07\/06\/semana-financiera-el-dolar-libre-subio-4-y-la-brecha-cambiaria-es-la-mas-amplia-desde-la-devaluacion-de-diciembre\/\"]}]},{\"@type\":\"ImageObject\",\"inLanguage\":\"es-AR\",\"@id\":\"https:\/\/apuntesdesanluis.com\/index.php\/2024\/07\/06\/semana-financiera-el-dolar-libre-subio-4-y-la-brecha-cambiaria-es-la-mas-amplia-desde-la-devaluacion-de-diciembre\/#primaryimage\",\"url\":\"https:\/\/apuntesdesanluis.com\/wp-content\/uploads\/2023\/11\/dolar-2.png\",\"contentUrl\":\"https:\/\/apuntesdesanluis.com\/wp-content\/uploads\/2023\/11\/dolar-2.png\",\"width\":600,\"height\":334},{\"@type\":\"BreadcrumbList\",\"@id\":\"https:\/\/apuntesdesanluis.com\/index.php\/2024\/07\/06\/semana-financiera-el-dolar-libre-subio-4-y-la-brecha-cambiaria-es-la-mas-amplia-desde-la-devaluacion-de-diciembre\/#breadcrumb\",\"itemListElement\":[{\"@type\":\"ListItem\",\"position\":1,\"name\":\"Inicio\",\"item\":\"https:\/\/apuntesdesanluis.com\/\"},{\"@type\":\"ListItem\",\"position\":2,\"name\":\"SEMANA FINANCIERA: EL D\u00d3LAR LIBRE SUBI\u00d3 4% Y LA BRECHA CAMBIARIA ES LA M\u00c1S AMPLIA DESDE LA DEVALUACI\u00d3N DE DICIEMBRE\"}]},{\"@type\":\"WebSite\",\"@id\":\"https:\/\/apuntesdesanluis.com\/#website\",\"url\":\"https:\/\/apuntesdesanluis.com\/\",\"name\":\"Apuntes de San Luis\",\"description\":\"\",\"publisher\":{\"@id\":\"https:\/\/apuntesdesanluis.com\/#\/schema\/person\/b55151d52296fcce64d1a72538a70b90\"},\"potentialAction\":[{\"@type\":\"SearchAction\",\"target\":{\"@type\":\"EntryPoint\",\"urlTemplate\":\"https:\/\/apuntesdesanluis.com\/?s={search_term_string}\"},\"query-input\":{\"@type\":\"PropertyValueSpecification\",\"valueRequired\":true,\"valueName\":\"search_term_string\"}}],\"inLanguage\":\"es-AR\"},{\"@type\":[\"Person\",\"Organization\"],\"@id\":\"https:\/\/apuntesdesanluis.com\/#\/schema\/person\/b55151d52296fcce64d1a72538a70b90\",\"name\":\"apuntesdesanluis.com\",\"image\":{\"@type\":\"ImageObject\",\"inLanguage\":\"es-AR\",\"@id\":\"https:\/\/apuntesdesanluis.com\/#\/schema\/person\/image\/\",\"url\":\"https:\/\/apuntesdesanluis.com\/wp-content\/uploads\/2023\/07\/cropped-apuntesdesanluis.png\",\"contentUrl\":\"https:\/\/apuntesdesanluis.com\/wp-content\/uploads\/2023\/07\/cropped-apuntesdesanluis.png\",\"width\":450,\"height\":112,\"caption\":\"apuntesdesanluis.com\"},\"logo\":{\"@id\":\"https:\/\/apuntesdesanluis.com\/#\/schema\/person\/image\/\"},\"sameAs\":[\"https:\/\/apuntesdesanluis.com\"],\"url\":\"https:\/\/apuntesdesanluis.com\/index.php\/author\/apuntesdesanluis-com\/\"}]}<\/script>\n<!-- \/ Yoast SEO plugin. -->","yoast_head_json":{"title":"SEMANA FINANCIERA: EL D\u00d3LAR LIBRE SUBI\u00d3 4% Y LA BRECHA CAMBIARIA ES LA M\u00c1S AMPLIA DESDE LA DEVALUACI\u00d3N DE DICIEMBRE - Apuntes de San Luis","robots":{"index":"index","follow":"follow","max-snippet":"max-snippet:-1","max-image-preview":"max-image-preview:large","max-video-preview":"max-video-preview:-1"},"canonical":"https:\/\/apuntesdesanluis.com\/index.php\/2024\/07\/06\/semana-financiera-el-dolar-libre-subio-4-y-la-brecha-cambiaria-es-la-mas-amplia-desde-la-devaluacion-de-diciembre\/","og_locale":"es_ES","og_type":"article","og_title":"SEMANA FINANCIERA: EL D\u00d3LAR LIBRE SUBI\u00d3 4% Y LA BRECHA CAMBIARIA ES LA M\u00c1S AMPLIA DESDE LA DEVALUACI\u00d3N DE DICIEMBRE - Apuntes de San Luis","og_description":"Qued\u00f3 en $1.420. Las cotizaciones burs\u00e1tiles, cerca de los $1.400, tambi\u00e9n siguieron firmes en un...","og_url":"https:\/\/apuntesdesanluis.com\/index.php\/2024\/07\/06\/semana-financiera-el-dolar-libre-subio-4-y-la-brecha-cambiaria-es-la-mas-amplia-desde-la-devaluacion-de-diciembre\/","og_site_name":"Apuntes de San Luis","article_published_time":"2024-07-06T13:48:34+00:00","article_modified_time":"2024-07-06T13:49:01+00:00","og_image":[{"width":600,"height":334,"url":"https:\/\/apuntesdesanluis.com\/wp-content\/uploads\/2023\/11\/dolar-2.png","type":"image\/png"}],"author":"apuntesdesanluis.com","twitter_card":"summary_large_image","twitter_misc":{"Escrito por":"apuntesdesanluis.com","Tiempo de lectura":"3 minutos"},"schema":{"@context":"https:\/\/schema.org","@graph":[{"@type":"Article","@id":"https:\/\/apuntesdesanluis.com\/index.php\/2024\/07\/06\/semana-financiera-el-dolar-libre-subio-4-y-la-brecha-cambiaria-es-la-mas-amplia-desde-la-devaluacion-de-diciembre\/#article","isPartOf":{"@id":"https:\/\/apuntesdesanluis.com\/index.php\/2024\/07\/06\/semana-financiera-el-dolar-libre-subio-4-y-la-brecha-cambiaria-es-la-mas-amplia-desde-la-devaluacion-de-diciembre\/"},"author":{"name":"apuntesdesanluis.com","@id":"https:\/\/apuntesdesanluis.com\/#\/schema\/person\/b55151d52296fcce64d1a72538a70b90"},"headline":"SEMANA FINANCIERA: EL D\u00d3LAR LIBRE SUBI\u00d3 4% Y LA BRECHA CAMBIARIA ES LA M\u00c1S AMPLIA DESDE LA DEVALUACI\u00d3N DE DICIEMBRE","datePublished":"2024-07-06T13:48:34+00:00","dateModified":"2024-07-06T13:49:01+00:00","mainEntityOfPage":{"@id":"https:\/\/apuntesdesanluis.com\/index.php\/2024\/07\/06\/semana-financiera-el-dolar-libre-subio-4-y-la-brecha-cambiaria-es-la-mas-amplia-desde-la-devaluacion-de-diciembre\/"},"wordCount":492,"publisher":{"@id":"https:\/\/apuntesdesanluis.com\/#\/schema\/person\/b55151d52296fcce64d1a72538a70b90"},"image":{"@id":"https:\/\/apuntesdesanluis.com\/index.php\/2024\/07\/06\/semana-financiera-el-dolar-libre-subio-4-y-la-brecha-cambiaria-es-la-mas-amplia-desde-la-devaluacion-de-diciembre\/#primaryimage"},"thumbnailUrl":"https:\/\/apuntesdesanluis.com\/wp-content\/uploads\/2023\/11\/dolar-2.png","articleSection":["Nacionales\/Internacionales"],"inLanguage":"es-AR"},{"@type":"WebPage","@id":"https:\/\/apuntesdesanluis.com\/index.php\/2024\/07\/06\/semana-financiera-el-dolar-libre-subio-4-y-la-brecha-cambiaria-es-la-mas-amplia-desde-la-devaluacion-de-diciembre\/","url":"https:\/\/apuntesdesanluis.com\/index.php\/2024\/07\/06\/semana-financiera-el-dolar-libre-subio-4-y-la-brecha-cambiaria-es-la-mas-amplia-desde-la-devaluacion-de-diciembre\/","name":"SEMANA FINANCIERA: EL D\u00d3LAR LIBRE SUBI\u00d3 4% Y LA BRECHA CAMBIARIA ES LA M\u00c1S AMPLIA DESDE LA DEVALUACI\u00d3N DE DICIEMBRE - Apuntes de San Luis","isPartOf":{"@id":"https:\/\/apuntesdesanluis.com\/#website"},"primaryImageOfPage":{"@id":"https:\/\/apuntesdesanluis.com\/index.php\/2024\/07\/06\/semana-financiera-el-dolar-libre-subio-4-y-la-brecha-cambiaria-es-la-mas-amplia-desde-la-devaluacion-de-diciembre\/#primaryimage"},"image":{"@id":"https:\/\/apuntesdesanluis.com\/index.php\/2024\/07\/06\/semana-financiera-el-dolar-libre-subio-4-y-la-brecha-cambiaria-es-la-mas-amplia-desde-la-devaluacion-de-diciembre\/#primaryimage"},"thumbnailUrl":"https:\/\/apuntesdesanluis.com\/wp-content\/uploads\/2023\/11\/dolar-2.png","datePublished":"2024-07-06T13:48:34+00:00","dateModified":"2024-07-06T13:49:01+00:00","breadcrumb":{"@id":"https:\/\/apuntesdesanluis.com\/index.php\/2024\/07\/06\/semana-financiera-el-dolar-libre-subio-4-y-la-brecha-cambiaria-es-la-mas-amplia-desde-la-devaluacion-de-diciembre\/#breadcrumb"},"inLanguage":"es-AR","potentialAction":[{"@type":"ReadAction","target":["https:\/\/apuntesdesanluis.com\/index.php\/2024\/07\/06\/semana-financiera-el-dolar-libre-subio-4-y-la-brecha-cambiaria-es-la-mas-amplia-desde-la-devaluacion-de-diciembre\/"]}]},{"@type":"ImageObject","inLanguage":"es-AR","@id":"https:\/\/apuntesdesanluis.com\/index.php\/2024\/07\/06\/semana-financiera-el-dolar-libre-subio-4-y-la-brecha-cambiaria-es-la-mas-amplia-desde-la-devaluacion-de-diciembre\/#primaryimage","url":"https:\/\/apuntesdesanluis.com\/wp-content\/uploads\/2023\/11\/dolar-2.png","contentUrl":"https:\/\/apuntesdesanluis.com\/wp-content\/uploads\/2023\/11\/dolar-2.png","width":600,"height":334},{"@type":"BreadcrumbList","@id":"https:\/\/apuntesdesanluis.com\/index.php\/2024\/07\/06\/semana-financiera-el-dolar-libre-subio-4-y-la-brecha-cambiaria-es-la-mas-amplia-desde-la-devaluacion-de-diciembre\/#breadcrumb","itemListElement":[{"@type":"ListItem","position":1,"name":"Inicio","item":"https:\/\/apuntesdesanluis.com\/"},{"@type":"ListItem","position":2,"name":"SEMANA FINANCIERA: EL D\u00d3LAR LIBRE SUBI\u00d3 4% Y LA BRECHA CAMBIARIA ES LA M\u00c1S AMPLIA DESDE LA DEVALUACI\u00d3N DE DICIEMBRE"}]},{"@type":"WebSite","@id":"https:\/\/apuntesdesanluis.com\/#website","url":"https:\/\/apuntesdesanluis.com\/","name":"Apuntes de San Luis","description":"","publisher":{"@id":"https:\/\/apuntesdesanluis.com\/#\/schema\/person\/b55151d52296fcce64d1a72538a70b90"},"potentialAction":[{"@type":"SearchAction","target":{"@type":"EntryPoint","urlTemplate":"https:\/\/apuntesdesanluis.com\/?s={search_term_string}"},"query-input":{"@type":"PropertyValueSpecification","valueRequired":true,"valueName":"search_term_string"}}],"inLanguage":"es-AR"},{"@type":["Person","Organization"],"@id":"https:\/\/apuntesdesanluis.com\/#\/schema\/person\/b55151d52296fcce64d1a72538a70b90","name":"apuntesdesanluis.com","image":{"@type":"ImageObject","inLanguage":"es-AR","@id":"https:\/\/apuntesdesanluis.com\/#\/schema\/person\/image\/","url":"https:\/\/apuntesdesanluis.com\/wp-content\/uploads\/2023\/07\/cropped-apuntesdesanluis.png","contentUrl":"https:\/\/apuntesdesanluis.com\/wp-content\/uploads\/2023\/07\/cropped-apuntesdesanluis.png","width":450,"height":112,"caption":"apuntesdesanluis.com"},"logo":{"@id":"https:\/\/apuntesdesanluis.com\/#\/schema\/person\/image\/"},"sameAs":["https:\/\/apuntesdesanluis.com"],"url":"https:\/\/apuntesdesanluis.com\/index.php\/author\/apuntesdesanluis-com\/"}]}},"featured_image_urls":{"full":["https:\/\/apuntesdesanluis.com\/wp-content\/uploads\/2023\/11\/dolar-2.png",600,334,false],"thumbnail":["https:\/\/apuntesdesanluis.com\/wp-content\/uploads\/2023\/11\/dolar-2-150x150.png",150,150,true],"medium":["https:\/\/apuntesdesanluis.com\/wp-content\/uploads\/2023\/11\/dolar-2-300x167.png",300,167,true],"medium_large":["https:\/\/apuntesdesanluis.com\/wp-content\/uploads\/2023\/11\/dolar-2.png",600,334,false],"large":["https:\/\/apuntesdesanluis.com\/wp-content\/uploads\/2023\/11\/dolar-2.png",600,334,false],"1536x1536":["https:\/\/apuntesdesanluis.com\/wp-content\/uploads\/2023\/11\/dolar-2.png",600,334,false],"2048x2048":["https:\/\/apuntesdesanluis.com\/wp-content\/uploads\/2023\/11\/dolar-2.png",600,334,false],"newsever-slider-full":["https:\/\/apuntesdesanluis.com\/wp-content\/uploads\/2023\/11\/dolar-2.png",600,334,false],"newsever-featured":["https:\/\/apuntesdesanluis.com\/wp-content\/uploads\/2023\/11\/dolar-2.png",600,334,false],"newsever-medium":["https:\/\/apuntesdesanluis.com\/wp-content\/uploads\/2023\/11\/dolar-2.png",600,334,false]},"author_info":{"display_name":"apuntesdesanluis.com","author_link":"https:\/\/apuntesdesanluis.com\/index.php\/author\/apuntesdesanluis-com\/"},"category_info":"<a href=\"https:\/\/apuntesdesanluis.com\/index.php\/category\/nacionales-internacionales\/\" rel=\"category tag\">Nacionales\/Internacionales<\/a>","tag_info":"Nacionales\/Internacionales","comment_count":"0","_links":{"self":[{"href":"https:\/\/apuntesdesanluis.com\/index.php\/wp-json\/wp\/v2\/posts\/18856","targetHints":{"allow":["GET"]}}],"collection":[{"href":"https:\/\/apuntesdesanluis.com\/index.php\/wp-json\/wp\/v2\/posts"}],"about":[{"href":"https:\/\/apuntesdesanluis.com\/index.php\/wp-json\/wp\/v2\/types\/post"}],"author":[{"embeddable":true,"href":"https:\/\/apuntesdesanluis.com\/index.php\/wp-json\/wp\/v2\/users\/1"}],"replies":[{"embeddable":true,"href":"https:\/\/apuntesdesanluis.com\/index.php\/wp-json\/wp\/v2\/comments?post=18856"}],"version-history":[{"count":1,"href":"https:\/\/apuntesdesanluis.com\/index.php\/wp-json\/wp\/v2\/posts\/18856\/revisions"}],"predecessor-version":[{"id":18857,"href":"https:\/\/apuntesdesanluis.com\/index.php\/wp-json\/wp\/v2\/posts\/18856\/revisions\/18857"}],"wp:featuredmedia":[{"embeddable":true,"href":"https:\/\/apuntesdesanluis.com\/index.php\/wp-json\/wp\/v2\/media\/7463"}],"wp:attachment":[{"href":"https:\/\/apuntesdesanluis.com\/index.php\/wp-json\/wp\/v2\/media?parent=18856"}],"wp:term":[{"taxonomy":"category","embeddable":true,"href":"https:\/\/apuntesdesanluis.com\/index.php\/wp-json\/wp\/v2\/categories?post=18856"},{"taxonomy":"post_tag","embeddable":true,"href":"https:\/\/apuntesdesanluis.com\/index.php\/wp-json\/wp\/v2\/tags?post=18856"}],"curies":[{"name":"wp","href":"https:\/\/api.w.org\/{rel}","templated":true}]}}