{"id":18866,"date":"2024-07-06T11:22:06","date_gmt":"2024-07-06T14:22:06","guid":{"rendered":"https:\/\/apuntesdesanluis.com\/?p=18866"},"modified":"2024-07-07T00:51:39","modified_gmt":"2024-07-07T03:51:39","slug":"la-provincia-recupero-dos-gruas-policiales-abandonadas-por-la-administracion-anterior","status":"publish","type":"post","link":"https:\/\/apuntesdesanluis.com\/index.php\/2024\/07\/06\/la-provincia-recupero-dos-gruas-policiales-abandonadas-por-la-administracion-anterior\/","title":{"rendered":"EL GOBIERNO RECUPER\u00d3 DOS GR\u00daAS POLICIALES ABANDONADAS POR LA ADMINISTRACI\u00d3N ANTERIOR"},"content":{"rendered":"<h3>Los veh\u00edculos fueron recobrados de C\u00f3rdoba. Hab\u00edan sido trasladados para tareas de reparaci\u00f3n, pero quedaron estacionados durante 10 meses y sin seguimiento.<\/h3>\n<h3>San Luis logr\u00f3 recuperar dos gr\u00faas policiales abandonadas por la gesti\u00f3n anterior en una concesionaria de autom\u00f3viles en R\u00edo Cuarto, C\u00f3rdoba. Estos veh\u00edculos, valuados en $160 millones, fueron llevados para su reparaci\u00f3n hace 10 meses y quedaron desatendidos por negligencia. Ahora, estos recursos valiosos ser\u00e1n reintegrados para aportar a las tareas de las fuerzas policiales.<\/h3>\n<h3><img fetchpriority=\"high\" decoding=\"async\" class=\"wp-image-18868 aligncenter\" src=\"https:\/\/apuntesdesanluis.com\/wp-content\/uploads\/2024\/07\/BAZLA-GUA-300x182.png\" alt=\"\" width=\"570\" height=\"346\" srcset=\"https:\/\/apuntesdesanluis.com\/wp-content\/uploads\/2024\/07\/BAZLA-GUA-300x182.png 300w, https:\/\/apuntesdesanluis.com\/wp-content\/uploads\/2024\/07\/BAZLA-GUA-768x466.png 768w, https:\/\/apuntesdesanluis.com\/wp-content\/uploads\/2024\/07\/BAZLA-GUA.png 784w\" sizes=\"(max-width: 570px) 100vw, 570px\" \/><\/h3>\n<h3>El secretario de \u00c9tica P\u00fablica y Control de Gesti\u00f3n, <strong>Ricardo Bazla<\/strong>, junto con el subdirector de \u00c9tica P\u00fablica, Javier Rho, encabezaron el operativo de recuperaci\u00f3n en la ciudad del sur cordob\u00e9s, tras un exhaustivo trabajo de investigaci\u00f3n realizado por el director del Parque Automotor, Horacio Del Percio.<\/h3>\n<h3>\u201cEste hallazgo es una muestra m\u00e1s del desprecio por los bienes del Estado de parte de la gesti\u00f3n anterior. Este tipo de conductas reprochables privaron a la polic\u00eda de San Luis de contar con dos veh\u00edculos esenciales para su trabajo. Ahora, con la reparaci\u00f3n a cargo de nuestro Parque Automotor, ahorraremos costos y pondremos en funcionamiento las gr\u00faas\u201d, afirm\u00f3 Bazla.<\/h3>\n<h3>Uno de los veh\u00edculos fue abandonado en el taller debido a un descuido sorprendente: la falta de cambio de aceite en la caja de cambios. \u201cTuvimos que ir hasta R\u00edo Cuarto para rescatar las gr\u00faas. Esta negligencia es un desprop\u00f3sito que estamos comenzando a revertir\u201d, a\u00f1adi\u00f3 el Secretario.<\/h3>\n<p>&nbsp;<\/p>\n<p>&nbsp;<\/p>\n<p>&nbsp;<\/p>\n<p>&nbsp;<\/p>\n<p>&nbsp;<\/p>\n<p>&nbsp;<\/p>\n","protected":false},"excerpt":{"rendered":"<p>Los veh\u00edculos fueron recobrados de C\u00f3rdoba. Hab\u00edan sido trasladados para tareas de reparaci\u00f3n, pero quedaron&#8230;<\/p>\n","protected":false},"author":1,"featured_media":18867,"comment_status":"closed","ping_status":"closed","sticky":false,"template":"","format":"standard","meta":{"footnotes":""},"categories":[6],"tags":[],"class_list":["post-18866","post","type-post","status-publish","format-standard","has-post-thumbnail","hentry","category-ciudad-provincia"],"yoast_head":"<!-- This site is optimized with the Yoast SEO plugin v26.1.1 - https:\/\/yoast.com\/wordpress\/plugins\/seo\/ -->\n<title>EL GOBIERNO RECUPER\u00d3 DOS GR\u00daAS POLICIALES ABANDONADAS POR LA ADMINISTRACI\u00d3N ANTERIOR - Apuntes de San Luis<\/title>\n<meta name=\"robots\" content=\"index, follow, max-snippet:-1, max-image-preview:large, max-video-preview:-1\" \/>\n<link rel=\"canonical\" href=\"https:\/\/apuntesdesanluis.com\/index.php\/2024\/07\/06\/la-provincia-recupero-dos-gruas-policiales-abandonadas-por-la-administracion-anterior\/\" \/>\n<meta property=\"og:locale\" content=\"es_ES\" \/>\n<meta property=\"og:type\" content=\"article\" \/>\n<meta property=\"og:title\" content=\"EL GOBIERNO RECUPER\u00d3 DOS GR\u00daAS POLICIALES ABANDONADAS POR LA ADMINISTRACI\u00d3N ANTERIOR - Apuntes de San Luis\" \/>\n<meta property=\"og:description\" content=\"Los veh\u00edculos fueron recobrados de C\u00f3rdoba. Hab\u00edan sido trasladados para tareas de reparaci\u00f3n, pero quedaron...\" \/>\n<meta property=\"og:url\" content=\"https:\/\/apuntesdesanluis.com\/index.php\/2024\/07\/06\/la-provincia-recupero-dos-gruas-policiales-abandonadas-por-la-administracion-anterior\/\" \/>\n<meta property=\"og:site_name\" content=\"Apuntes de San Luis\" \/>\n<meta property=\"article:published_time\" content=\"2024-07-06T14:22:06+00:00\" \/>\n<meta property=\"article:modified_time\" content=\"2024-07-07T03:51:39+00:00\" \/>\n<meta property=\"og:image\" content=\"https:\/\/apuntesdesanluis.com\/wp-content\/uploads\/2024\/07\/GRUAS.png\" \/>\n\t<meta property=\"og:image:width\" content=\"700\" \/>\n\t<meta property=\"og:image:height\" content=\"402\" \/>\n\t<meta property=\"og:image:type\" content=\"image\/png\" \/>\n<meta name=\"author\" content=\"apuntesdesanluis.com\" \/>\n<meta name=\"twitter:card\" content=\"summary_large_image\" \/>\n<meta name=\"twitter:label1\" content=\"Escrito por\" \/>\n\t<meta name=\"twitter:data1\" content=\"apuntesdesanluis.com\" \/>\n\t<meta name=\"twitter:label2\" content=\"Tiempo de lectura\" \/>\n\t<meta name=\"twitter:data2\" content=\"2 minutos\" \/>\n<script type=\"application\/ld+json\" class=\"yoast-schema-graph\">{\"@context\":\"https:\/\/schema.org\",\"@graph\":[{\"@type\":\"Article\",\"@id\":\"https:\/\/apuntesdesanluis.com\/index.php\/2024\/07\/06\/la-provincia-recupero-dos-gruas-policiales-abandonadas-por-la-administracion-anterior\/#article\",\"isPartOf\":{\"@id\":\"https:\/\/apuntesdesanluis.com\/index.php\/2024\/07\/06\/la-provincia-recupero-dos-gruas-policiales-abandonadas-por-la-administracion-anterior\/\"},\"author\":{\"name\":\"apuntesdesanluis.com\",\"@id\":\"https:\/\/apuntesdesanluis.com\/#\/schema\/person\/b55151d52296fcce64d1a72538a70b90\"},\"headline\":\"EL GOBIERNO RECUPER\u00d3 DOS GR\u00daAS POLICIALES ABANDONADAS POR LA ADMINISTRACI\u00d3N ANTERIOR\",\"datePublished\":\"2024-07-06T14:22:06+00:00\",\"dateModified\":\"2024-07-07T03:51:39+00:00\",\"mainEntityOfPage\":{\"@id\":\"https:\/\/apuntesdesanluis.com\/index.php\/2024\/07\/06\/la-provincia-recupero-dos-gruas-policiales-abandonadas-por-la-administracion-anterior\/\"},\"wordCount\":277,\"publisher\":{\"@id\":\"https:\/\/apuntesdesanluis.com\/#\/schema\/person\/b55151d52296fcce64d1a72538a70b90\"},\"image\":{\"@id\":\"https:\/\/apuntesdesanluis.com\/index.php\/2024\/07\/06\/la-provincia-recupero-dos-gruas-policiales-abandonadas-por-la-administracion-anterior\/#primaryimage\"},\"thumbnailUrl\":\"https:\/\/apuntesdesanluis.com\/wp-content\/uploads\/2024\/07\/GRUAS.png\",\"articleSection\":[\"Ciudad\/Provincia\"],\"inLanguage\":\"es-AR\"},{\"@type\":\"WebPage\",\"@id\":\"https:\/\/apuntesdesanluis.com\/index.php\/2024\/07\/06\/la-provincia-recupero-dos-gruas-policiales-abandonadas-por-la-administracion-anterior\/\",\"url\":\"https:\/\/apuntesdesanluis.com\/index.php\/2024\/07\/06\/la-provincia-recupero-dos-gruas-policiales-abandonadas-por-la-administracion-anterior\/\",\"name\":\"EL GOBIERNO RECUPER\u00d3 DOS GR\u00daAS POLICIALES ABANDONADAS POR LA ADMINISTRACI\u00d3N ANTERIOR - Apuntes de San Luis\",\"isPartOf\":{\"@id\":\"https:\/\/apuntesdesanluis.com\/#website\"},\"primaryImageOfPage\":{\"@id\":\"https:\/\/apuntesdesanluis.com\/index.php\/2024\/07\/06\/la-provincia-recupero-dos-gruas-policiales-abandonadas-por-la-administracion-anterior\/#primaryimage\"},\"image\":{\"@id\":\"https:\/\/apuntesdesanluis.com\/index.php\/2024\/07\/06\/la-provincia-recupero-dos-gruas-policiales-abandonadas-por-la-administracion-anterior\/#primaryimage\"},\"thumbnailUrl\":\"https:\/\/apuntesdesanluis.com\/wp-content\/uploads\/2024\/07\/GRUAS.png\",\"datePublished\":\"2024-07-06T14:22:06+00:00\",\"dateModified\":\"2024-07-07T03:51:39+00:00\",\"breadcrumb\":{\"@id\":\"https:\/\/apuntesdesanluis.com\/index.php\/2024\/07\/06\/la-provincia-recupero-dos-gruas-policiales-abandonadas-por-la-administracion-anterior\/#breadcrumb\"},\"inLanguage\":\"es-AR\",\"potentialAction\":[{\"@type\":\"ReadAction\",\"target\":[\"https:\/\/apuntesdesanluis.com\/index.php\/2024\/07\/06\/la-provincia-recupero-dos-gruas-policiales-abandonadas-por-la-administracion-anterior\/\"]}]},{\"@type\":\"ImageObject\",\"inLanguage\":\"es-AR\",\"@id\":\"https:\/\/apuntesdesanluis.com\/index.php\/2024\/07\/06\/la-provincia-recupero-dos-gruas-policiales-abandonadas-por-la-administracion-anterior\/#primaryimage\",\"url\":\"https:\/\/apuntesdesanluis.com\/wp-content\/uploads\/2024\/07\/GRUAS.png\",\"contentUrl\":\"https:\/\/apuntesdesanluis.com\/wp-content\/uploads\/2024\/07\/GRUAS.png\",\"width\":700,\"height\":402},{\"@type\":\"BreadcrumbList\",\"@id\":\"https:\/\/apuntesdesanluis.com\/index.php\/2024\/07\/06\/la-provincia-recupero-dos-gruas-policiales-abandonadas-por-la-administracion-anterior\/#breadcrumb\",\"itemListElement\":[{\"@type\":\"ListItem\",\"position\":1,\"name\":\"Inicio\",\"item\":\"https:\/\/apuntesdesanluis.com\/\"},{\"@type\":\"ListItem\",\"position\":2,\"name\":\"EL GOBIERNO RECUPER\u00d3 DOS GR\u00daAS POLICIALES ABANDONADAS POR LA ADMINISTRACI\u00d3N ANTERIOR\"}]},{\"@type\":\"WebSite\",\"@id\":\"https:\/\/apuntesdesanluis.com\/#website\",\"url\":\"https:\/\/apuntesdesanluis.com\/\",\"name\":\"Apuntes de San Luis\",\"description\":\"\",\"publisher\":{\"@id\":\"https:\/\/apuntesdesanluis.com\/#\/schema\/person\/b55151d52296fcce64d1a72538a70b90\"},\"potentialAction\":[{\"@type\":\"SearchAction\",\"target\":{\"@type\":\"EntryPoint\",\"urlTemplate\":\"https:\/\/apuntesdesanluis.com\/?s={search_term_string}\"},\"query-input\":{\"@type\":\"PropertyValueSpecification\",\"valueRequired\":true,\"valueName\":\"search_term_string\"}}],\"inLanguage\":\"es-AR\"},{\"@type\":[\"Person\",\"Organization\"],\"@id\":\"https:\/\/apuntesdesanluis.com\/#\/schema\/person\/b55151d52296fcce64d1a72538a70b90\",\"name\":\"apuntesdesanluis.com\",\"image\":{\"@type\":\"ImageObject\",\"inLanguage\":\"es-AR\",\"@id\":\"https:\/\/apuntesdesanluis.com\/#\/schema\/person\/image\/\",\"url\":\"https:\/\/apuntesdesanluis.com\/wp-content\/uploads\/2023\/07\/cropped-apuntesdesanluis.png\",\"contentUrl\":\"https:\/\/apuntesdesanluis.com\/wp-content\/uploads\/2023\/07\/cropped-apuntesdesanluis.png\",\"width\":450,\"height\":112,\"caption\":\"apuntesdesanluis.com\"},\"logo\":{\"@id\":\"https:\/\/apuntesdesanluis.com\/#\/schema\/person\/image\/\"},\"sameAs\":[\"https:\/\/apuntesdesanluis.com\"],\"url\":\"https:\/\/apuntesdesanluis.com\/index.php\/author\/apuntesdesanluis-com\/\"}]}<\/script>\n<!-- \/ Yoast SEO plugin. -->","yoast_head_json":{"title":"EL GOBIERNO RECUPER\u00d3 DOS GR\u00daAS POLICIALES ABANDONADAS POR LA ADMINISTRACI\u00d3N ANTERIOR - Apuntes de San Luis","robots":{"index":"index","follow":"follow","max-snippet":"max-snippet:-1","max-image-preview":"max-image-preview:large","max-video-preview":"max-video-preview:-1"},"canonical":"https:\/\/apuntesdesanluis.com\/index.php\/2024\/07\/06\/la-provincia-recupero-dos-gruas-policiales-abandonadas-por-la-administracion-anterior\/","og_locale":"es_ES","og_type":"article","og_title":"EL GOBIERNO RECUPER\u00d3 DOS GR\u00daAS POLICIALES ABANDONADAS POR LA ADMINISTRACI\u00d3N ANTERIOR - Apuntes de San Luis","og_description":"Los veh\u00edculos fueron recobrados de C\u00f3rdoba. Hab\u00edan sido trasladados para tareas de reparaci\u00f3n, pero quedaron...","og_url":"https:\/\/apuntesdesanluis.com\/index.php\/2024\/07\/06\/la-provincia-recupero-dos-gruas-policiales-abandonadas-por-la-administracion-anterior\/","og_site_name":"Apuntes de San Luis","article_published_time":"2024-07-06T14:22:06+00:00","article_modified_time":"2024-07-07T03:51:39+00:00","og_image":[{"width":700,"height":402,"url":"https:\/\/apuntesdesanluis.com\/wp-content\/uploads\/2024\/07\/GRUAS.png","type":"image\/png"}],"author":"apuntesdesanluis.com","twitter_card":"summary_large_image","twitter_misc":{"Escrito por":"apuntesdesanluis.com","Tiempo de lectura":"2 minutos"},"schema":{"@context":"https:\/\/schema.org","@graph":[{"@type":"Article","@id":"https:\/\/apuntesdesanluis.com\/index.php\/2024\/07\/06\/la-provincia-recupero-dos-gruas-policiales-abandonadas-por-la-administracion-anterior\/#article","isPartOf":{"@id":"https:\/\/apuntesdesanluis.com\/index.php\/2024\/07\/06\/la-provincia-recupero-dos-gruas-policiales-abandonadas-por-la-administracion-anterior\/"},"author":{"name":"apuntesdesanluis.com","@id":"https:\/\/apuntesdesanluis.com\/#\/schema\/person\/b55151d52296fcce64d1a72538a70b90"},"headline":"EL GOBIERNO RECUPER\u00d3 DOS GR\u00daAS POLICIALES ABANDONADAS POR LA ADMINISTRACI\u00d3N ANTERIOR","datePublished":"2024-07-06T14:22:06+00:00","dateModified":"2024-07-07T03:51:39+00:00","mainEntityOfPage":{"@id":"https:\/\/apuntesdesanluis.com\/index.php\/2024\/07\/06\/la-provincia-recupero-dos-gruas-policiales-abandonadas-por-la-administracion-anterior\/"},"wordCount":277,"publisher":{"@id":"https:\/\/apuntesdesanluis.com\/#\/schema\/person\/b55151d52296fcce64d1a72538a70b90"},"image":{"@id":"https:\/\/apuntesdesanluis.com\/index.php\/2024\/07\/06\/la-provincia-recupero-dos-gruas-policiales-abandonadas-por-la-administracion-anterior\/#primaryimage"},"thumbnailUrl":"https:\/\/apuntesdesanluis.com\/wp-content\/uploads\/2024\/07\/GRUAS.png","articleSection":["Ciudad\/Provincia"],"inLanguage":"es-AR"},{"@type":"WebPage","@id":"https:\/\/apuntesdesanluis.com\/index.php\/2024\/07\/06\/la-provincia-recupero-dos-gruas-policiales-abandonadas-por-la-administracion-anterior\/","url":"https:\/\/apuntesdesanluis.com\/index.php\/2024\/07\/06\/la-provincia-recupero-dos-gruas-policiales-abandonadas-por-la-administracion-anterior\/","name":"EL GOBIERNO RECUPER\u00d3 DOS GR\u00daAS POLICIALES ABANDONADAS POR LA ADMINISTRACI\u00d3N ANTERIOR - Apuntes de San Luis","isPartOf":{"@id":"https:\/\/apuntesdesanluis.com\/#website"},"primaryImageOfPage":{"@id":"https:\/\/apuntesdesanluis.com\/index.php\/2024\/07\/06\/la-provincia-recupero-dos-gruas-policiales-abandonadas-por-la-administracion-anterior\/#primaryimage"},"image":{"@id":"https:\/\/apuntesdesanluis.com\/index.php\/2024\/07\/06\/la-provincia-recupero-dos-gruas-policiales-abandonadas-por-la-administracion-anterior\/#primaryimage"},"thumbnailUrl":"https:\/\/apuntesdesanluis.com\/wp-content\/uploads\/2024\/07\/GRUAS.png","datePublished":"2024-07-06T14:22:06+00:00","dateModified":"2024-07-07T03:51:39+00:00","breadcrumb":{"@id":"https:\/\/apuntesdesanluis.com\/index.php\/2024\/07\/06\/la-provincia-recupero-dos-gruas-policiales-abandonadas-por-la-administracion-anterior\/#breadcrumb"},"inLanguage":"es-AR","potentialAction":[{"@type":"ReadAction","target":["https:\/\/apuntesdesanluis.com\/index.php\/2024\/07\/06\/la-provincia-recupero-dos-gruas-policiales-abandonadas-por-la-administracion-anterior\/"]}]},{"@type":"ImageObject","inLanguage":"es-AR","@id":"https:\/\/apuntesdesanluis.com\/index.php\/2024\/07\/06\/la-provincia-recupero-dos-gruas-policiales-abandonadas-por-la-administracion-anterior\/#primaryimage","url":"https:\/\/apuntesdesanluis.com\/wp-content\/uploads\/2024\/07\/GRUAS.png","contentUrl":"https:\/\/apuntesdesanluis.com\/wp-content\/uploads\/2024\/07\/GRUAS.png","width":700,"height":402},{"@type":"BreadcrumbList","@id":"https:\/\/apuntesdesanluis.com\/index.php\/2024\/07\/06\/la-provincia-recupero-dos-gruas-policiales-abandonadas-por-la-administracion-anterior\/#breadcrumb","itemListElement":[{"@type":"ListItem","position":1,"name":"Inicio","item":"https:\/\/apuntesdesanluis.com\/"},{"@type":"ListItem","position":2,"name":"EL GOBIERNO RECUPER\u00d3 DOS GR\u00daAS POLICIALES ABANDONADAS POR LA ADMINISTRACI\u00d3N ANTERIOR"}]},{"@type":"WebSite","@id":"https:\/\/apuntesdesanluis.com\/#website","url":"https:\/\/apuntesdesanluis.com\/","name":"Apuntes de San Luis","description":"","publisher":{"@id":"https:\/\/apuntesdesanluis.com\/#\/schema\/person\/b55151d52296fcce64d1a72538a70b90"},"potentialAction":[{"@type":"SearchAction","target":{"@type":"EntryPoint","urlTemplate":"https:\/\/apuntesdesanluis.com\/?s={search_term_string}"},"query-input":{"@type":"PropertyValueSpecification","valueRequired":true,"valueName":"search_term_string"}}],"inLanguage":"es-AR"},{"@type":["Person","Organization"],"@id":"https:\/\/apuntesdesanluis.com\/#\/schema\/person\/b55151d52296fcce64d1a72538a70b90","name":"apuntesdesanluis.com","image":{"@type":"ImageObject","inLanguage":"es-AR","@id":"https:\/\/apuntesdesanluis.com\/#\/schema\/person\/image\/","url":"https:\/\/apuntesdesanluis.com\/wp-content\/uploads\/2023\/07\/cropped-apuntesdesanluis.png","contentUrl":"https:\/\/apuntesdesanluis.com\/wp-content\/uploads\/2023\/07\/cropped-apuntesdesanluis.png","width":450,"height":112,"caption":"apuntesdesanluis.com"},"logo":{"@id":"https:\/\/apuntesdesanluis.com\/#\/schema\/person\/image\/"},"sameAs":["https:\/\/apuntesdesanluis.com"],"url":"https:\/\/apuntesdesanluis.com\/index.php\/author\/apuntesdesanluis-com\/"}]}},"featured_image_urls":{"full":["https:\/\/apuntesdesanluis.com\/wp-content\/uploads\/2024\/07\/GRUAS.png",700,402,false],"thumbnail":["https:\/\/apuntesdesanluis.com\/wp-content\/uploads\/2024\/07\/GRUAS-150x150.png",150,150,true],"medium":["https:\/\/apuntesdesanluis.com\/wp-content\/uploads\/2024\/07\/GRUAS-300x172.png",300,172,true],"medium_large":["https:\/\/apuntesdesanluis.com\/wp-content\/uploads\/2024\/07\/GRUAS.png",640,368,false],"large":["https:\/\/apuntesdesanluis.com\/wp-content\/uploads\/2024\/07\/GRUAS.png",640,368,false],"1536x1536":["https:\/\/apuntesdesanluis.com\/wp-content\/uploads\/2024\/07\/GRUAS.png",700,402,false],"2048x2048":["https:\/\/apuntesdesanluis.com\/wp-content\/uploads\/2024\/07\/GRUAS.png",700,402,false],"newsever-slider-full":["https:\/\/apuntesdesanluis.com\/wp-content\/uploads\/2024\/07\/GRUAS.png",700,402,false],"newsever-featured":["https:\/\/apuntesdesanluis.com\/wp-content\/uploads\/2024\/07\/GRUAS.png",700,402,false],"newsever-medium":["https:\/\/apuntesdesanluis.com\/wp-content\/uploads\/2024\/07\/GRUAS.png",700,402,false]},"author_info":{"display_name":"apuntesdesanluis.com","author_link":"https:\/\/apuntesdesanluis.com\/index.php\/author\/apuntesdesanluis-com\/"},"category_info":"<a href=\"https:\/\/apuntesdesanluis.com\/index.php\/category\/ciudad-provincia\/\" rel=\"category tag\">Ciudad\/Provincia<\/a>","tag_info":"Ciudad\/Provincia","comment_count":"0","_links":{"self":[{"href":"https:\/\/apuntesdesanluis.com\/index.php\/wp-json\/wp\/v2\/posts\/18866","targetHints":{"allow":["GET"]}}],"collection":[{"href":"https:\/\/apuntesdesanluis.com\/index.php\/wp-json\/wp\/v2\/posts"}],"about":[{"href":"https:\/\/apuntesdesanluis.com\/index.php\/wp-json\/wp\/v2\/types\/post"}],"author":[{"embeddable":true,"href":"https:\/\/apuntesdesanluis.com\/index.php\/wp-json\/wp\/v2\/users\/1"}],"replies":[{"embeddable":true,"href":"https:\/\/apuntesdesanluis.com\/index.php\/wp-json\/wp\/v2\/comments?post=18866"}],"version-history":[{"count":2,"href":"https:\/\/apuntesdesanluis.com\/index.php\/wp-json\/wp\/v2\/posts\/18866\/revisions"}],"predecessor-version":[{"id":18898,"href":"https:\/\/apuntesdesanluis.com\/index.php\/wp-json\/wp\/v2\/posts\/18866\/revisions\/18898"}],"wp:featuredmedia":[{"embeddable":true,"href":"https:\/\/apuntesdesanluis.com\/index.php\/wp-json\/wp\/v2\/media\/18867"}],"wp:attachment":[{"href":"https:\/\/apuntesdesanluis.com\/index.php\/wp-json\/wp\/v2\/media?parent=18866"}],"wp:term":[{"taxonomy":"category","embeddable":true,"href":"https:\/\/apuntesdesanluis.com\/index.php\/wp-json\/wp\/v2\/categories?post=18866"},{"taxonomy":"post_tag","embeddable":true,"href":"https:\/\/apuntesdesanluis.com\/index.php\/wp-json\/wp\/v2\/tags?post=18866"}],"curies":[{"name":"wp","href":"https:\/\/api.w.org\/{rel}","templated":true}]}}