{"id":18870,"date":"2024-07-06T11:29:15","date_gmt":"2024-07-06T14:29:15","guid":{"rendered":"https:\/\/apuntesdesanluis.com\/?p=18870"},"modified":"2024-07-06T11:29:15","modified_gmt":"2024-07-06T14:29:15","slug":"homicidio-del-tatuador-revocan-la-prision-domiciliaria-del-adolescente-punible","status":"publish","type":"post","link":"https:\/\/apuntesdesanluis.com\/index.php\/2024\/07\/06\/homicidio-del-tatuador-revocan-la-prision-domiciliaria-del-adolescente-punible\/","title":{"rendered":"HOMICIDIO DEL TATUADOR: REVOCAN LA PRISI\u00d3N DOMICILIARIA DEL ADOLESCENTE PUNIBLE"},"content":{"rendered":"<h3>La jueza Penal Juvenil y Contravencional de la ciudad de San Luis, Daniela Benenati, hizo lugar al pedido de la Fiscal\u00eda N\u00b0 1 y revoc\u00f3 este viernes la prisi\u00f3n domiciliaria bajo supervisi\u00f3n de uno de los dos imputados por el homicidio de <strong>Cristian Esquivel<\/strong>, luego de que la polic\u00eda lo detuviera anoche fuera del domicilio que le hab\u00edan fijado para transitar la medida coercitiva.<\/h3>\n<h3>De esta manera, el adolescente, que al momento del hecho ten\u00eda 17 a\u00f1os pero que actualmente alcanz\u00f3 la mayor\u00eda de edad, fue trasladado al Servicio Penitenciario bajo prisi\u00f3n preventiva. La calificaci\u00f3n legal provisoria contra el acusado es de la Homicidio Criminis Causa en calidad de coautor. El otro detenido en la causa es su hermano, <strong>Omar Becerra<\/strong> de 22 a\u00f1os, privado de la libertad en el penal provincial.<\/h3>\n<h3>La medianoche del 4 de julio, un efectivo policial de la Comisar\u00eda N\u00b0 23, que cubr\u00eda la consigna policial en el domicilio del acusado, inform\u00f3 que el joven punible se hab\u00eda retirado de la casa. Una vecina, adem\u00e1s, lo vio saltar una medianera y salir por el patio de su vivienda. Dos horas despu\u00e9s fue recapturado en el Barrio Tibilleti y puesto a cargo de la fiscal\u00eda en turno.<\/h3>\n<p><img fetchpriority=\"high\" decoding=\"async\" class=\"wp-image-18872 aligncenter\" src=\"https:\/\/apuntesdesanluis.com\/wp-content\/uploads\/2024\/07\/tatuador-294x300.jpg\" alt=\"\" width=\"553\" height=\"564\" srcset=\"https:\/\/apuntesdesanluis.com\/wp-content\/uploads\/2024\/07\/tatuador-294x300.jpg 294w, https:\/\/apuntesdesanluis.com\/wp-content\/uploads\/2024\/07\/tatuador.jpg 570w\" sizes=\"(max-width: 553px) 100vw, 553px\" \/><\/p>\n<h3>\u201cSe labraron actuaciones correspondientes y en la constataci\u00f3n policial donde cumpl\u00eda la detenci\u00f3n domiciliaria no se encontraron prendas de vestir del imputado, lo que permite inferir que se quer\u00eda fugar. Este quebrantamiento de la medida otorgada afecta directamente los fines del proceso y torna la prisi\u00f3n domiciliaria insuficiente; por esto hemos solicitado la mutaci\u00f3n de la medida a la de prisi\u00f3n preventiva\u201d, explic\u00f3 el fiscal N\u00b0 1 Francisco Assat Al\u00ed en la audiencia de este viernes, quien se encontraba acompa\u00f1ado por la fiscal adjunta Roxana Alcaraz.<\/h3>\n<h3>\u201cEn este caso en particular, y habiendo un quebrantamiento de la medida otorgada por la jueza Benenati, no encontramos otra medida de coerci\u00f3n suficientemente adecuada que neutralice el riesgo de fuga. Entendemos en este excepcional caso que es procedente la preventiva en la Unidad N\u00b0 2 destinada a j\u00f3venes adultos de 18 a 22 a\u00f1os\u201d, concluy\u00f3 el fiscal.<\/h3>\n<h3>El adolescente estuvo representando por el abogado Ra\u00fal Saravia, quien se opuso al pedido del Ministerio P\u00fablico Fiscal.<\/h3>\n<h3><strong>\u201cDEBEMOS SER COHERENTES CON NUESTRAS RESOLUCIONES\u201d<\/strong><\/h3>\n<h3>\u00a0Al adolescente, la justicia le concedi\u00f3 el beneficio de la prisi\u00f3n domiciliaria en marzo del 2024 por tres meses y se la prorrog\u00f3 por otros noventas d\u00edas, plazo que se vence en septiembre. \u201cEstamos ante un quebrantamiento de una medida de coerci\u00f3n, que implica un peligro de fuga frente a un delito grave con una pena en expectativa alta y de cumplimiento efectivo. Cuando el fiscal Assat solicit\u00f3 la preventiva no la otorgu\u00e9, m\u00e1s all\u00e1 de que el adolescente hab\u00eda alcanzado la mayor\u00eda de edad, debido a que no se hab\u00eda producido un quebrantamiento de la medida\u201d, dijo Benenati.<\/h3>\n<h3>\u00a0\u201cSin embargo -agreg\u00f3-, debemos ser coherentes con nuestras resoluciones y para seguir con ese marco de coherencia, debido a que estamos ante un quebrantamiento efectivo conforme informe policial del 4 de julio, sumado al incumplimiento de una orden judicial, es que revoco la medida de privaci\u00f3n impuesta en el domicilio y la convierto en prisi\u00f3n preventiva conforme lo establece el art\u00edculo 202 del C\u00f3digo Procesal Penal Provincial\u201d.<\/h3>\n<h3>La medida coercitiva vence el 4 de septiembre de 2024. Es importante destacar que el plazo no corresponde al dictado de una condena, sino que es el tiempo que la Fiscal\u00eda solicita para poder terminar con la investigaci\u00f3n y pedir, si tiene fundamentos para hacerlo, la elevaci\u00f3n a juicio oral de la causa donde se va a determinar la culpabilidad o no del imputado y se impondr\u00e1, si correspondiese, una pena.<\/h3>\n<h3>Benenati tambi\u00e9n mencion\u00f3 que es obligaci\u00f3n del Poder Ejecutivo arbitrar los medios necesarios para que el cumplimiento de las medidas de coerci\u00f3n se realice en el marco de la Ley Penal Juvenil y los tratados internacionales.<\/h3>\n<h3>Tambi\u00e9n orden\u00f3 librar oficios al Complejo Penitenciario para informar que, si bien el imputado alcanz\u00f3 la mayor\u00eda de edad, contin\u00faa sometido al R\u00e9gimen Penal Juvenil y tratados internacionales por lo que el cumplimiento de la medida de coerci\u00f3n deber\u00e1 efectivizarse en la Unidad N\u00b0 2 dispuesta para j\u00f3venes adultos.<\/h3>\n<h3>Adem\u00e1s, dispuso que, conforme al tratamiento m\u00e9dico que realiza el adolescente, se oficie al Hospital de Salud Mental, al Centro de Protecci\u00f3n a las Adicciones, para que pueda continuarlos.<\/h3>\n<h3><strong>EL CASO<\/strong><\/h3>\n<h3>El ataque a la v\u00edctima, un tatuador de 49 a\u00f1os, ocurri\u00f3 el 22 de febrero a las 3:40 horas, a pocos metros de su casa, ubicada sobre calle Riobamba al 900, frente a la Plazoleta de la Paz. Esquivel sufri\u00f3 siete pu\u00f1aladas y cay\u00f3 en la vereda norte de H\u00e9roes de Malvinas, al 500. Muri\u00f3 momentos despu\u00e9s, mientras m\u00e9dicos del Hospital \u201cRam\u00f3n Carrillo\u201d lo operaban para tratar de salvarle la vida.<\/h3>\n<h3>En una audiencia de formulaci\u00f3n realizada el 7 de marzo pasado, Omar Becerra dijo que su hermano apu\u00f1al\u00f3 a Esquivel. Que esa noche llegaron hasta H\u00e9roes de Malvinas y Riobamba y que el tatuador y el m\u00e1s joven de los imputados buscaron el lugar menos iluminado para hacer la operaci\u00f3n pero que a los pocos minutos comenzaron a discutir y el adolescente se defendi\u00f3 con un cuchillo.<\/h3>\n<h3>Becerra a\u00f1adi\u00f3 que nunca anduvo por comisar\u00edas, que siempre trabaj\u00f3 y que jam\u00e1s \u201canduvo haciendo macanas\u201d, y que el hermano le hab\u00eda contado que con Esquivel se hab\u00edan reunido el 21 de febrero al mediod\u00eda en la zona del Hotel Dos Venados. All\u00ed presuntamente habr\u00edan organizado el encuentro horas m\u00e1s tarde, a pocos metros de la casa de Esquivel. \u201cNos juntamos en H\u00e9roes de Malvinas y Riobamba porque ah\u00ed es donde siempre limpia vidrios mi hermano\u201d, dijo el acusado. Cuando el fiscal de Instrucci\u00f3n N\u00b0 1 le pregunt\u00f3 sobre el cuchillo, Becerra dijo que su hermano \u201cya no lo ten\u00eda cuando llegamos a la casa de mi mam\u00e1\u201d.<\/h3>\n<p>&nbsp;<\/p>\n<p>&nbsp;<\/p>\n<p>&nbsp;<\/p>\n<p>&nbsp;<\/p>\n<p>&nbsp;<\/p>\n<p>&nbsp;<\/p>\n","protected":false},"excerpt":{"rendered":"<p>La jueza Penal Juvenil y Contravencional de la ciudad de San Luis, Daniela Benenati, hizo&#8230;<\/p>\n","protected":false},"author":1,"featured_media":18871,"comment_status":"closed","ping_status":"closed","sticky":false,"template":"","format":"standard","meta":{"footnotes":""},"categories":[6],"tags":[],"class_list":["post-18870","post","type-post","status-publish","format-standard","has-post-thumbnail","hentry","category-ciudad-provincia"],"yoast_head":"<!-- This site is optimized with the Yoast SEO plugin v26.1.1 - https:\/\/yoast.com\/wordpress\/plugins\/seo\/ -->\n<title>HOMICIDIO DEL TATUADOR: REVOCAN LA PRISI\u00d3N DOMICILIARIA DEL ADOLESCENTE PUNIBLE - Apuntes de San Luis<\/title>\n<meta name=\"robots\" content=\"index, follow, max-snippet:-1, max-image-preview:large, max-video-preview:-1\" \/>\n<link rel=\"canonical\" href=\"https:\/\/apuntesdesanluis.com\/index.php\/2024\/07\/06\/homicidio-del-tatuador-revocan-la-prision-domiciliaria-del-adolescente-punible\/\" \/>\n<meta property=\"og:locale\" content=\"es_ES\" \/>\n<meta property=\"og:type\" content=\"article\" \/>\n<meta property=\"og:title\" content=\"HOMICIDIO DEL TATUADOR: REVOCAN LA PRISI\u00d3N DOMICILIARIA DEL ADOLESCENTE PUNIBLE - Apuntes de San Luis\" \/>\n<meta property=\"og:description\" content=\"La jueza Penal Juvenil y Contravencional de la ciudad de San Luis, Daniela Benenati, hizo...\" \/>\n<meta property=\"og:url\" content=\"https:\/\/apuntesdesanluis.com\/index.php\/2024\/07\/06\/homicidio-del-tatuador-revocan-la-prision-domiciliaria-del-adolescente-punible\/\" \/>\n<meta property=\"og:site_name\" content=\"Apuntes de San Luis\" \/>\n<meta property=\"article:published_time\" content=\"2024-07-06T14:29:15+00:00\" \/>\n<meta property=\"og:image\" content=\"https:\/\/apuntesdesanluis.com\/wp-content\/uploads\/2024\/07\/DELINCUENTE.jpg\" \/>\n\t<meta property=\"og:image:width\" content=\"700\" \/>\n\t<meta property=\"og:image:height\" content=\"393\" \/>\n\t<meta property=\"og:image:type\" content=\"image\/jpeg\" \/>\n<meta name=\"author\" content=\"apuntesdesanluis.com\" \/>\n<meta name=\"twitter:card\" content=\"summary_large_image\" \/>\n<meta name=\"twitter:label1\" content=\"Escrito por\" \/>\n\t<meta name=\"twitter:data1\" content=\"apuntesdesanluis.com\" \/>\n\t<meta name=\"twitter:label2\" content=\"Tiempo de lectura\" \/>\n\t<meta name=\"twitter:data2\" content=\"5 minutos\" \/>\n<script type=\"application\/ld+json\" class=\"yoast-schema-graph\">{\"@context\":\"https:\/\/schema.org\",\"@graph\":[{\"@type\":\"Article\",\"@id\":\"https:\/\/apuntesdesanluis.com\/index.php\/2024\/07\/06\/homicidio-del-tatuador-revocan-la-prision-domiciliaria-del-adolescente-punible\/#article\",\"isPartOf\":{\"@id\":\"https:\/\/apuntesdesanluis.com\/index.php\/2024\/07\/06\/homicidio-del-tatuador-revocan-la-prision-domiciliaria-del-adolescente-punible\/\"},\"author\":{\"name\":\"apuntesdesanluis.com\",\"@id\":\"https:\/\/apuntesdesanluis.com\/#\/schema\/person\/b55151d52296fcce64d1a72538a70b90\"},\"headline\":\"HOMICIDIO DEL TATUADOR: REVOCAN LA PRISI\u00d3N DOMICILIARIA DEL ADOLESCENTE PUNIBLE\",\"datePublished\":\"2024-07-06T14:29:15+00:00\",\"mainEntityOfPage\":{\"@id\":\"https:\/\/apuntesdesanluis.com\/index.php\/2024\/07\/06\/homicidio-del-tatuador-revocan-la-prision-domiciliaria-del-adolescente-punible\/\"},\"wordCount\":1042,\"publisher\":{\"@id\":\"https:\/\/apuntesdesanluis.com\/#\/schema\/person\/b55151d52296fcce64d1a72538a70b90\"},\"image\":{\"@id\":\"https:\/\/apuntesdesanluis.com\/index.php\/2024\/07\/06\/homicidio-del-tatuador-revocan-la-prision-domiciliaria-del-adolescente-punible\/#primaryimage\"},\"thumbnailUrl\":\"https:\/\/apuntesdesanluis.com\/wp-content\/uploads\/2024\/07\/DELINCUENTE.jpg\",\"articleSection\":[\"Ciudad\/Provincia\"],\"inLanguage\":\"es-AR\"},{\"@type\":\"WebPage\",\"@id\":\"https:\/\/apuntesdesanluis.com\/index.php\/2024\/07\/06\/homicidio-del-tatuador-revocan-la-prision-domiciliaria-del-adolescente-punible\/\",\"url\":\"https:\/\/apuntesdesanluis.com\/index.php\/2024\/07\/06\/homicidio-del-tatuador-revocan-la-prision-domiciliaria-del-adolescente-punible\/\",\"name\":\"HOMICIDIO DEL TATUADOR: REVOCAN LA PRISI\u00d3N DOMICILIARIA DEL ADOLESCENTE PUNIBLE - Apuntes de San Luis\",\"isPartOf\":{\"@id\":\"https:\/\/apuntesdesanluis.com\/#website\"},\"primaryImageOfPage\":{\"@id\":\"https:\/\/apuntesdesanluis.com\/index.php\/2024\/07\/06\/homicidio-del-tatuador-revocan-la-prision-domiciliaria-del-adolescente-punible\/#primaryimage\"},\"image\":{\"@id\":\"https:\/\/apuntesdesanluis.com\/index.php\/2024\/07\/06\/homicidio-del-tatuador-revocan-la-prision-domiciliaria-del-adolescente-punible\/#primaryimage\"},\"thumbnailUrl\":\"https:\/\/apuntesdesanluis.com\/wp-content\/uploads\/2024\/07\/DELINCUENTE.jpg\",\"datePublished\":\"2024-07-06T14:29:15+00:00\",\"breadcrumb\":{\"@id\":\"https:\/\/apuntesdesanluis.com\/index.php\/2024\/07\/06\/homicidio-del-tatuador-revocan-la-prision-domiciliaria-del-adolescente-punible\/#breadcrumb\"},\"inLanguage\":\"es-AR\",\"potentialAction\":[{\"@type\":\"ReadAction\",\"target\":[\"https:\/\/apuntesdesanluis.com\/index.php\/2024\/07\/06\/homicidio-del-tatuador-revocan-la-prision-domiciliaria-del-adolescente-punible\/\"]}]},{\"@type\":\"ImageObject\",\"inLanguage\":\"es-AR\",\"@id\":\"https:\/\/apuntesdesanluis.com\/index.php\/2024\/07\/06\/homicidio-del-tatuador-revocan-la-prision-domiciliaria-del-adolescente-punible\/#primaryimage\",\"url\":\"https:\/\/apuntesdesanluis.com\/wp-content\/uploads\/2024\/07\/DELINCUENTE.jpg\",\"contentUrl\":\"https:\/\/apuntesdesanluis.com\/wp-content\/uploads\/2024\/07\/DELINCUENTE.jpg\",\"width\":700,\"height\":393},{\"@type\":\"BreadcrumbList\",\"@id\":\"https:\/\/apuntesdesanluis.com\/index.php\/2024\/07\/06\/homicidio-del-tatuador-revocan-la-prision-domiciliaria-del-adolescente-punible\/#breadcrumb\",\"itemListElement\":[{\"@type\":\"ListItem\",\"position\":1,\"name\":\"Inicio\",\"item\":\"https:\/\/apuntesdesanluis.com\/\"},{\"@type\":\"ListItem\",\"position\":2,\"name\":\"HOMICIDIO DEL TATUADOR: REVOCAN LA PRISI\u00d3N DOMICILIARIA DEL ADOLESCENTE PUNIBLE\"}]},{\"@type\":\"WebSite\",\"@id\":\"https:\/\/apuntesdesanluis.com\/#website\",\"url\":\"https:\/\/apuntesdesanluis.com\/\",\"name\":\"Apuntes de San Luis\",\"description\":\"\",\"publisher\":{\"@id\":\"https:\/\/apuntesdesanluis.com\/#\/schema\/person\/b55151d52296fcce64d1a72538a70b90\"},\"potentialAction\":[{\"@type\":\"SearchAction\",\"target\":{\"@type\":\"EntryPoint\",\"urlTemplate\":\"https:\/\/apuntesdesanluis.com\/?s={search_term_string}\"},\"query-input\":{\"@type\":\"PropertyValueSpecification\",\"valueRequired\":true,\"valueName\":\"search_term_string\"}}],\"inLanguage\":\"es-AR\"},{\"@type\":[\"Person\",\"Organization\"],\"@id\":\"https:\/\/apuntesdesanluis.com\/#\/schema\/person\/b55151d52296fcce64d1a72538a70b90\",\"name\":\"apuntesdesanluis.com\",\"image\":{\"@type\":\"ImageObject\",\"inLanguage\":\"es-AR\",\"@id\":\"https:\/\/apuntesdesanluis.com\/#\/schema\/person\/image\/\",\"url\":\"https:\/\/apuntesdesanluis.com\/wp-content\/uploads\/2023\/07\/cropped-apuntesdesanluis.png\",\"contentUrl\":\"https:\/\/apuntesdesanluis.com\/wp-content\/uploads\/2023\/07\/cropped-apuntesdesanluis.png\",\"width\":450,\"height\":112,\"caption\":\"apuntesdesanluis.com\"},\"logo\":{\"@id\":\"https:\/\/apuntesdesanluis.com\/#\/schema\/person\/image\/\"},\"sameAs\":[\"https:\/\/apuntesdesanluis.com\"],\"url\":\"https:\/\/apuntesdesanluis.com\/index.php\/author\/apuntesdesanluis-com\/\"}]}<\/script>\n<!-- \/ Yoast SEO plugin. -->","yoast_head_json":{"title":"HOMICIDIO DEL TATUADOR: REVOCAN LA PRISI\u00d3N DOMICILIARIA DEL ADOLESCENTE PUNIBLE - Apuntes de San Luis","robots":{"index":"index","follow":"follow","max-snippet":"max-snippet:-1","max-image-preview":"max-image-preview:large","max-video-preview":"max-video-preview:-1"},"canonical":"https:\/\/apuntesdesanluis.com\/index.php\/2024\/07\/06\/homicidio-del-tatuador-revocan-la-prision-domiciliaria-del-adolescente-punible\/","og_locale":"es_ES","og_type":"article","og_title":"HOMICIDIO DEL TATUADOR: REVOCAN LA PRISI\u00d3N DOMICILIARIA DEL ADOLESCENTE PUNIBLE - Apuntes de San Luis","og_description":"La jueza Penal Juvenil y Contravencional de la ciudad de San Luis, Daniela Benenati, hizo...","og_url":"https:\/\/apuntesdesanluis.com\/index.php\/2024\/07\/06\/homicidio-del-tatuador-revocan-la-prision-domiciliaria-del-adolescente-punible\/","og_site_name":"Apuntes de San Luis","article_published_time":"2024-07-06T14:29:15+00:00","og_image":[{"width":700,"height":393,"url":"https:\/\/apuntesdesanluis.com\/wp-content\/uploads\/2024\/07\/DELINCUENTE.jpg","type":"image\/jpeg"}],"author":"apuntesdesanluis.com","twitter_card":"summary_large_image","twitter_misc":{"Escrito por":"apuntesdesanluis.com","Tiempo de lectura":"5 minutos"},"schema":{"@context":"https:\/\/schema.org","@graph":[{"@type":"Article","@id":"https:\/\/apuntesdesanluis.com\/index.php\/2024\/07\/06\/homicidio-del-tatuador-revocan-la-prision-domiciliaria-del-adolescente-punible\/#article","isPartOf":{"@id":"https:\/\/apuntesdesanluis.com\/index.php\/2024\/07\/06\/homicidio-del-tatuador-revocan-la-prision-domiciliaria-del-adolescente-punible\/"},"author":{"name":"apuntesdesanluis.com","@id":"https:\/\/apuntesdesanluis.com\/#\/schema\/person\/b55151d52296fcce64d1a72538a70b90"},"headline":"HOMICIDIO DEL TATUADOR: REVOCAN LA PRISI\u00d3N DOMICILIARIA DEL ADOLESCENTE PUNIBLE","datePublished":"2024-07-06T14:29:15+00:00","mainEntityOfPage":{"@id":"https:\/\/apuntesdesanluis.com\/index.php\/2024\/07\/06\/homicidio-del-tatuador-revocan-la-prision-domiciliaria-del-adolescente-punible\/"},"wordCount":1042,"publisher":{"@id":"https:\/\/apuntesdesanluis.com\/#\/schema\/person\/b55151d52296fcce64d1a72538a70b90"},"image":{"@id":"https:\/\/apuntesdesanluis.com\/index.php\/2024\/07\/06\/homicidio-del-tatuador-revocan-la-prision-domiciliaria-del-adolescente-punible\/#primaryimage"},"thumbnailUrl":"https:\/\/apuntesdesanluis.com\/wp-content\/uploads\/2024\/07\/DELINCUENTE.jpg","articleSection":["Ciudad\/Provincia"],"inLanguage":"es-AR"},{"@type":"WebPage","@id":"https:\/\/apuntesdesanluis.com\/index.php\/2024\/07\/06\/homicidio-del-tatuador-revocan-la-prision-domiciliaria-del-adolescente-punible\/","url":"https:\/\/apuntesdesanluis.com\/index.php\/2024\/07\/06\/homicidio-del-tatuador-revocan-la-prision-domiciliaria-del-adolescente-punible\/","name":"HOMICIDIO DEL TATUADOR: REVOCAN LA PRISI\u00d3N DOMICILIARIA DEL ADOLESCENTE PUNIBLE - Apuntes de San Luis","isPartOf":{"@id":"https:\/\/apuntesdesanluis.com\/#website"},"primaryImageOfPage":{"@id":"https:\/\/apuntesdesanluis.com\/index.php\/2024\/07\/06\/homicidio-del-tatuador-revocan-la-prision-domiciliaria-del-adolescente-punible\/#primaryimage"},"image":{"@id":"https:\/\/apuntesdesanluis.com\/index.php\/2024\/07\/06\/homicidio-del-tatuador-revocan-la-prision-domiciliaria-del-adolescente-punible\/#primaryimage"},"thumbnailUrl":"https:\/\/apuntesdesanluis.com\/wp-content\/uploads\/2024\/07\/DELINCUENTE.jpg","datePublished":"2024-07-06T14:29:15+00:00","breadcrumb":{"@id":"https:\/\/apuntesdesanluis.com\/index.php\/2024\/07\/06\/homicidio-del-tatuador-revocan-la-prision-domiciliaria-del-adolescente-punible\/#breadcrumb"},"inLanguage":"es-AR","potentialAction":[{"@type":"ReadAction","target":["https:\/\/apuntesdesanluis.com\/index.php\/2024\/07\/06\/homicidio-del-tatuador-revocan-la-prision-domiciliaria-del-adolescente-punible\/"]}]},{"@type":"ImageObject","inLanguage":"es-AR","@id":"https:\/\/apuntesdesanluis.com\/index.php\/2024\/07\/06\/homicidio-del-tatuador-revocan-la-prision-domiciliaria-del-adolescente-punible\/#primaryimage","url":"https:\/\/apuntesdesanluis.com\/wp-content\/uploads\/2024\/07\/DELINCUENTE.jpg","contentUrl":"https:\/\/apuntesdesanluis.com\/wp-content\/uploads\/2024\/07\/DELINCUENTE.jpg","width":700,"height":393},{"@type":"BreadcrumbList","@id":"https:\/\/apuntesdesanluis.com\/index.php\/2024\/07\/06\/homicidio-del-tatuador-revocan-la-prision-domiciliaria-del-adolescente-punible\/#breadcrumb","itemListElement":[{"@type":"ListItem","position":1,"name":"Inicio","item":"https:\/\/apuntesdesanluis.com\/"},{"@type":"ListItem","position":2,"name":"HOMICIDIO DEL TATUADOR: REVOCAN LA PRISI\u00d3N DOMICILIARIA DEL ADOLESCENTE PUNIBLE"}]},{"@type":"WebSite","@id":"https:\/\/apuntesdesanluis.com\/#website","url":"https:\/\/apuntesdesanluis.com\/","name":"Apuntes de San Luis","description":"","publisher":{"@id":"https:\/\/apuntesdesanluis.com\/#\/schema\/person\/b55151d52296fcce64d1a72538a70b90"},"potentialAction":[{"@type":"SearchAction","target":{"@type":"EntryPoint","urlTemplate":"https:\/\/apuntesdesanluis.com\/?s={search_term_string}"},"query-input":{"@type":"PropertyValueSpecification","valueRequired":true,"valueName":"search_term_string"}}],"inLanguage":"es-AR"},{"@type":["Person","Organization"],"@id":"https:\/\/apuntesdesanluis.com\/#\/schema\/person\/b55151d52296fcce64d1a72538a70b90","name":"apuntesdesanluis.com","image":{"@type":"ImageObject","inLanguage":"es-AR","@id":"https:\/\/apuntesdesanluis.com\/#\/schema\/person\/image\/","url":"https:\/\/apuntesdesanluis.com\/wp-content\/uploads\/2023\/07\/cropped-apuntesdesanluis.png","contentUrl":"https:\/\/apuntesdesanluis.com\/wp-content\/uploads\/2023\/07\/cropped-apuntesdesanluis.png","width":450,"height":112,"caption":"apuntesdesanluis.com"},"logo":{"@id":"https:\/\/apuntesdesanluis.com\/#\/schema\/person\/image\/"},"sameAs":["https:\/\/apuntesdesanluis.com"],"url":"https:\/\/apuntesdesanluis.com\/index.php\/author\/apuntesdesanluis-com\/"}]}},"featured_image_urls":{"full":["https:\/\/apuntesdesanluis.com\/wp-content\/uploads\/2024\/07\/DELINCUENTE.jpg",700,393,false],"thumbnail":["https:\/\/apuntesdesanluis.com\/wp-content\/uploads\/2024\/07\/DELINCUENTE-150x150.jpg",150,150,true],"medium":["https:\/\/apuntesdesanluis.com\/wp-content\/uploads\/2024\/07\/DELINCUENTE-300x168.jpg",300,168,true],"medium_large":["https:\/\/apuntesdesanluis.com\/wp-content\/uploads\/2024\/07\/DELINCUENTE.jpg",640,359,false],"large":["https:\/\/apuntesdesanluis.com\/wp-content\/uploads\/2024\/07\/DELINCUENTE.jpg",640,359,false],"1536x1536":["https:\/\/apuntesdesanluis.com\/wp-content\/uploads\/2024\/07\/DELINCUENTE.jpg",700,393,false],"2048x2048":["https:\/\/apuntesdesanluis.com\/wp-content\/uploads\/2024\/07\/DELINCUENTE.jpg",700,393,false],"newsever-slider-full":["https:\/\/apuntesdesanluis.com\/wp-content\/uploads\/2024\/07\/DELINCUENTE.jpg",700,393,false],"newsever-featured":["https:\/\/apuntesdesanluis.com\/wp-content\/uploads\/2024\/07\/DELINCUENTE.jpg",700,393,false],"newsever-medium":["https:\/\/apuntesdesanluis.com\/wp-content\/uploads\/2024\/07\/DELINCUENTE.jpg",700,393,false]},"author_info":{"display_name":"apuntesdesanluis.com","author_link":"https:\/\/apuntesdesanluis.com\/index.php\/author\/apuntesdesanluis-com\/"},"category_info":"<a href=\"https:\/\/apuntesdesanluis.com\/index.php\/category\/ciudad-provincia\/\" rel=\"category tag\">Ciudad\/Provincia<\/a>","tag_info":"Ciudad\/Provincia","comment_count":"0","_links":{"self":[{"href":"https:\/\/apuntesdesanluis.com\/index.php\/wp-json\/wp\/v2\/posts\/18870","targetHints":{"allow":["GET"]}}],"collection":[{"href":"https:\/\/apuntesdesanluis.com\/index.php\/wp-json\/wp\/v2\/posts"}],"about":[{"href":"https:\/\/apuntesdesanluis.com\/index.php\/wp-json\/wp\/v2\/types\/post"}],"author":[{"embeddable":true,"href":"https:\/\/apuntesdesanluis.com\/index.php\/wp-json\/wp\/v2\/users\/1"}],"replies":[{"embeddable":true,"href":"https:\/\/apuntesdesanluis.com\/index.php\/wp-json\/wp\/v2\/comments?post=18870"}],"version-history":[{"count":1,"href":"https:\/\/apuntesdesanluis.com\/index.php\/wp-json\/wp\/v2\/posts\/18870\/revisions"}],"predecessor-version":[{"id":18873,"href":"https:\/\/apuntesdesanluis.com\/index.php\/wp-json\/wp\/v2\/posts\/18870\/revisions\/18873"}],"wp:featuredmedia":[{"embeddable":true,"href":"https:\/\/apuntesdesanluis.com\/index.php\/wp-json\/wp\/v2\/media\/18871"}],"wp:attachment":[{"href":"https:\/\/apuntesdesanluis.com\/index.php\/wp-json\/wp\/v2\/media?parent=18870"}],"wp:term":[{"taxonomy":"category","embeddable":true,"href":"https:\/\/apuntesdesanluis.com\/index.php\/wp-json\/wp\/v2\/categories?post=18870"},{"taxonomy":"post_tag","embeddable":true,"href":"https:\/\/apuntesdesanluis.com\/index.php\/wp-json\/wp\/v2\/tags?post=18870"}],"curies":[{"name":"wp","href":"https:\/\/api.w.org\/{rel}","templated":true}]}}