{"id":18874,"date":"2024-07-06T11:35:16","date_gmt":"2024-07-06T14:35:16","guid":{"rendered":"https:\/\/apuntesdesanluis.com\/?p=18874"},"modified":"2024-07-06T11:39:20","modified_gmt":"2024-07-06T14:39:20","slug":"desden-este-sabado-estan-en-vigencia-las-nuevas-tarifas-del-interurbano","status":"publish","type":"post","link":"https:\/\/apuntesdesanluis.com\/index.php\/2024\/07\/06\/desden-este-sabado-estan-en-vigencia-las-nuevas-tarifas-del-interurbano\/","title":{"rendered":"DESDE ESTE S\u00c1BADO EST\u00c1N EN VIGENCIA LAS NUEVAS TARIFAS DEL INTERURBANO"},"content":{"rendered":"<h3>Se trata del servicio de corta, mediana y larga distancia.<\/h3>\n<h3>La direcci\u00f3n de Transporte anunci\u00f3 la actualizaci\u00f3n a partir de este s\u00e1bado 6 de las tarifas del transporte interurbano en trayectos de corta, media y larga distancia debido al alza en los precios del combustible y otros costos operativos.<\/h3>\n<h3>El costo de los boletos de algunos destinos:<\/h3>\n<h3>San Luis-La Punta: $1.000<\/h3>\n<h3>San Luis-Juana Koslay: $1.000<\/h3>\n<h3>San Luis-Merlo: $8.300<\/h3>\n<h3>San Luis-Candelaria: $8.300<\/h3>\n<h3>San Luis-Villa Mercedes: $4.600<\/h3>\n<h3>Villa Mercedes-Justo Daract: $2.400<\/h3>\n<h3>El listado completo de nuevas tarifas se puede ver aqu\u00ed:<\/h3>\n<h3><span style=\"color: #3366ff;\"><strong><a style=\"color: #3366ff;\" href=\"https:\/\/apuntesdesanluis.com\/wp-content\/uploads\/2024\/07\/TARIFAS-RESOLUCION-N\u00b0-86-DT-2024-FECHA-5-07.pdf\" target=\"_blank\" rel=\"noopener\">TARIFAS-RESOLUCION-N\u00b0-86-DT-2024-FECHA-5-07<\/a><\/strong><\/span><\/h3>\n<p>&nbsp;<\/p>\n<p>&nbsp;<\/p>\n<p>&nbsp;<\/p>\n","protected":false},"excerpt":{"rendered":"<p>Se trata del servicio de corta, mediana y larga distancia. La direcci\u00f3n de Transporte anunci\u00f3&#8230;<\/p>\n","protected":false},"author":1,"featured_media":1425,"comment_status":"closed","ping_status":"closed","sticky":false,"template":"","format":"standard","meta":{"footnotes":""},"categories":[6],"tags":[],"class_list":["post-18874","post","type-post","status-publish","format-standard","has-post-thumbnail","hentry","category-ciudad-provincia"],"yoast_head":"<!-- This site is optimized with the Yoast SEO plugin v26.1.1 - https:\/\/yoast.com\/wordpress\/plugins\/seo\/ -->\n<title>DESDE ESTE S\u00c1BADO EST\u00c1N EN VIGENCIA LAS NUEVAS TARIFAS DEL INTERURBANO - Apuntes de San Luis<\/title>\n<meta name=\"robots\" content=\"index, follow, max-snippet:-1, max-image-preview:large, max-video-preview:-1\" \/>\n<link rel=\"canonical\" href=\"https:\/\/apuntesdesanluis.com\/index.php\/2024\/07\/06\/desden-este-sabado-estan-en-vigencia-las-nuevas-tarifas-del-interurbano\/\" \/>\n<meta property=\"og:locale\" content=\"es_ES\" \/>\n<meta property=\"og:type\" content=\"article\" \/>\n<meta property=\"og:title\" content=\"DESDE ESTE S\u00c1BADO EST\u00c1N EN VIGENCIA LAS NUEVAS TARIFAS DEL INTERURBANO - Apuntes de San Luis\" \/>\n<meta property=\"og:description\" content=\"Se trata del servicio de corta, mediana y larga distancia. La direcci\u00f3n de Transporte anunci\u00f3...\" \/>\n<meta property=\"og:url\" content=\"https:\/\/apuntesdesanluis.com\/index.php\/2024\/07\/06\/desden-este-sabado-estan-en-vigencia-las-nuevas-tarifas-del-interurbano\/\" \/>\n<meta property=\"og:site_name\" content=\"Apuntes de San Luis\" \/>\n<meta property=\"article:published_time\" content=\"2024-07-06T14:35:16+00:00\" \/>\n<meta property=\"article:modified_time\" content=\"2024-07-06T14:39:20+00:00\" \/>\n<meta property=\"og:image\" content=\"https:\/\/apuntesdesanluis.com\/wp-content\/uploads\/2023\/08\/bondis-interurbanos.png\" \/>\n\t<meta property=\"og:image:width\" content=\"600\" \/>\n\t<meta property=\"og:image:height\" content=\"343\" \/>\n\t<meta property=\"og:image:type\" content=\"image\/png\" \/>\n<meta name=\"author\" content=\"apuntesdesanluis.com\" \/>\n<meta name=\"twitter:card\" content=\"summary_large_image\" \/>\n<meta name=\"twitter:label1\" content=\"Escrito por\" \/>\n\t<meta name=\"twitter:data1\" content=\"apuntesdesanluis.com\" \/>\n\t<meta name=\"twitter:label2\" content=\"Tiempo de lectura\" \/>\n\t<meta name=\"twitter:data2\" content=\"1 minuto\" \/>\n<script type=\"application\/ld+json\" class=\"yoast-schema-graph\">{\"@context\":\"https:\/\/schema.org\",\"@graph\":[{\"@type\":\"Article\",\"@id\":\"https:\/\/apuntesdesanluis.com\/index.php\/2024\/07\/06\/desden-este-sabado-estan-en-vigencia-las-nuevas-tarifas-del-interurbano\/#article\",\"isPartOf\":{\"@id\":\"https:\/\/apuntesdesanluis.com\/index.php\/2024\/07\/06\/desden-este-sabado-estan-en-vigencia-las-nuevas-tarifas-del-interurbano\/\"},\"author\":{\"name\":\"apuntesdesanluis.com\",\"@id\":\"https:\/\/apuntesdesanluis.com\/#\/schema\/person\/b55151d52296fcce64d1a72538a70b90\"},\"headline\":\"DESDE ESTE S\u00c1BADO EST\u00c1N EN VIGENCIA LAS NUEVAS TARIFAS DEL INTERURBANO\",\"datePublished\":\"2024-07-06T14:35:16+00:00\",\"dateModified\":\"2024-07-06T14:39:20+00:00\",\"mainEntityOfPage\":{\"@id\":\"https:\/\/apuntesdesanluis.com\/index.php\/2024\/07\/06\/desden-este-sabado-estan-en-vigencia-las-nuevas-tarifas-del-interurbano\/\"},\"wordCount\":106,\"publisher\":{\"@id\":\"https:\/\/apuntesdesanluis.com\/#\/schema\/person\/b55151d52296fcce64d1a72538a70b90\"},\"image\":{\"@id\":\"https:\/\/apuntesdesanluis.com\/index.php\/2024\/07\/06\/desden-este-sabado-estan-en-vigencia-las-nuevas-tarifas-del-interurbano\/#primaryimage\"},\"thumbnailUrl\":\"https:\/\/apuntesdesanluis.com\/wp-content\/uploads\/2023\/08\/bondis-interurbanos.png\",\"articleSection\":[\"Ciudad\/Provincia\"],\"inLanguage\":\"es-AR\"},{\"@type\":\"WebPage\",\"@id\":\"https:\/\/apuntesdesanluis.com\/index.php\/2024\/07\/06\/desden-este-sabado-estan-en-vigencia-las-nuevas-tarifas-del-interurbano\/\",\"url\":\"https:\/\/apuntesdesanluis.com\/index.php\/2024\/07\/06\/desden-este-sabado-estan-en-vigencia-las-nuevas-tarifas-del-interurbano\/\",\"name\":\"DESDE ESTE S\u00c1BADO EST\u00c1N EN VIGENCIA LAS NUEVAS TARIFAS DEL INTERURBANO - Apuntes de San Luis\",\"isPartOf\":{\"@id\":\"https:\/\/apuntesdesanluis.com\/#website\"},\"primaryImageOfPage\":{\"@id\":\"https:\/\/apuntesdesanluis.com\/index.php\/2024\/07\/06\/desden-este-sabado-estan-en-vigencia-las-nuevas-tarifas-del-interurbano\/#primaryimage\"},\"image\":{\"@id\":\"https:\/\/apuntesdesanluis.com\/index.php\/2024\/07\/06\/desden-este-sabado-estan-en-vigencia-las-nuevas-tarifas-del-interurbano\/#primaryimage\"},\"thumbnailUrl\":\"https:\/\/apuntesdesanluis.com\/wp-content\/uploads\/2023\/08\/bondis-interurbanos.png\",\"datePublished\":\"2024-07-06T14:35:16+00:00\",\"dateModified\":\"2024-07-06T14:39:20+00:00\",\"breadcrumb\":{\"@id\":\"https:\/\/apuntesdesanluis.com\/index.php\/2024\/07\/06\/desden-este-sabado-estan-en-vigencia-las-nuevas-tarifas-del-interurbano\/#breadcrumb\"},\"inLanguage\":\"es-AR\",\"potentialAction\":[{\"@type\":\"ReadAction\",\"target\":[\"https:\/\/apuntesdesanluis.com\/index.php\/2024\/07\/06\/desden-este-sabado-estan-en-vigencia-las-nuevas-tarifas-del-interurbano\/\"]}]},{\"@type\":\"ImageObject\",\"inLanguage\":\"es-AR\",\"@id\":\"https:\/\/apuntesdesanluis.com\/index.php\/2024\/07\/06\/desden-este-sabado-estan-en-vigencia-las-nuevas-tarifas-del-interurbano\/#primaryimage\",\"url\":\"https:\/\/apuntesdesanluis.com\/wp-content\/uploads\/2023\/08\/bondis-interurbanos.png\",\"contentUrl\":\"https:\/\/apuntesdesanluis.com\/wp-content\/uploads\/2023\/08\/bondis-interurbanos.png\",\"width\":600,\"height\":343},{\"@type\":\"BreadcrumbList\",\"@id\":\"https:\/\/apuntesdesanluis.com\/index.php\/2024\/07\/06\/desden-este-sabado-estan-en-vigencia-las-nuevas-tarifas-del-interurbano\/#breadcrumb\",\"itemListElement\":[{\"@type\":\"ListItem\",\"position\":1,\"name\":\"Inicio\",\"item\":\"https:\/\/apuntesdesanluis.com\/\"},{\"@type\":\"ListItem\",\"position\":2,\"name\":\"DESDE ESTE S\u00c1BADO EST\u00c1N EN VIGENCIA LAS NUEVAS TARIFAS DEL INTERURBANO\"}]},{\"@type\":\"WebSite\",\"@id\":\"https:\/\/apuntesdesanluis.com\/#website\",\"url\":\"https:\/\/apuntesdesanluis.com\/\",\"name\":\"Apuntes de San Luis\",\"description\":\"\",\"publisher\":{\"@id\":\"https:\/\/apuntesdesanluis.com\/#\/schema\/person\/b55151d52296fcce64d1a72538a70b90\"},\"potentialAction\":[{\"@type\":\"SearchAction\",\"target\":{\"@type\":\"EntryPoint\",\"urlTemplate\":\"https:\/\/apuntesdesanluis.com\/?s={search_term_string}\"},\"query-input\":{\"@type\":\"PropertyValueSpecification\",\"valueRequired\":true,\"valueName\":\"search_term_string\"}}],\"inLanguage\":\"es-AR\"},{\"@type\":[\"Person\",\"Organization\"],\"@id\":\"https:\/\/apuntesdesanluis.com\/#\/schema\/person\/b55151d52296fcce64d1a72538a70b90\",\"name\":\"apuntesdesanluis.com\",\"image\":{\"@type\":\"ImageObject\",\"inLanguage\":\"es-AR\",\"@id\":\"https:\/\/apuntesdesanluis.com\/#\/schema\/person\/image\/\",\"url\":\"https:\/\/apuntesdesanluis.com\/wp-content\/uploads\/2023\/07\/cropped-apuntesdesanluis.png\",\"contentUrl\":\"https:\/\/apuntesdesanluis.com\/wp-content\/uploads\/2023\/07\/cropped-apuntesdesanluis.png\",\"width\":450,\"height\":112,\"caption\":\"apuntesdesanluis.com\"},\"logo\":{\"@id\":\"https:\/\/apuntesdesanluis.com\/#\/schema\/person\/image\/\"},\"sameAs\":[\"https:\/\/apuntesdesanluis.com\"],\"url\":\"https:\/\/apuntesdesanluis.com\/index.php\/author\/apuntesdesanluis-com\/\"}]}<\/script>\n<!-- \/ Yoast SEO plugin. -->","yoast_head_json":{"title":"DESDE ESTE S\u00c1BADO EST\u00c1N EN VIGENCIA LAS NUEVAS TARIFAS DEL INTERURBANO - Apuntes de San Luis","robots":{"index":"index","follow":"follow","max-snippet":"max-snippet:-1","max-image-preview":"max-image-preview:large","max-video-preview":"max-video-preview:-1"},"canonical":"https:\/\/apuntesdesanluis.com\/index.php\/2024\/07\/06\/desden-este-sabado-estan-en-vigencia-las-nuevas-tarifas-del-interurbano\/","og_locale":"es_ES","og_type":"article","og_title":"DESDE ESTE S\u00c1BADO EST\u00c1N EN VIGENCIA LAS NUEVAS TARIFAS DEL INTERURBANO - Apuntes de San Luis","og_description":"Se trata del servicio de corta, mediana y larga distancia. La direcci\u00f3n de Transporte anunci\u00f3...","og_url":"https:\/\/apuntesdesanluis.com\/index.php\/2024\/07\/06\/desden-este-sabado-estan-en-vigencia-las-nuevas-tarifas-del-interurbano\/","og_site_name":"Apuntes de San Luis","article_published_time":"2024-07-06T14:35:16+00:00","article_modified_time":"2024-07-06T14:39:20+00:00","og_image":[{"width":600,"height":343,"url":"https:\/\/apuntesdesanluis.com\/wp-content\/uploads\/2023\/08\/bondis-interurbanos.png","type":"image\/png"}],"author":"apuntesdesanluis.com","twitter_card":"summary_large_image","twitter_misc":{"Escrito por":"apuntesdesanluis.com","Tiempo de lectura":"1 minuto"},"schema":{"@context":"https:\/\/schema.org","@graph":[{"@type":"Article","@id":"https:\/\/apuntesdesanluis.com\/index.php\/2024\/07\/06\/desden-este-sabado-estan-en-vigencia-las-nuevas-tarifas-del-interurbano\/#article","isPartOf":{"@id":"https:\/\/apuntesdesanluis.com\/index.php\/2024\/07\/06\/desden-este-sabado-estan-en-vigencia-las-nuevas-tarifas-del-interurbano\/"},"author":{"name":"apuntesdesanluis.com","@id":"https:\/\/apuntesdesanluis.com\/#\/schema\/person\/b55151d52296fcce64d1a72538a70b90"},"headline":"DESDE ESTE S\u00c1BADO EST\u00c1N EN VIGENCIA LAS NUEVAS TARIFAS DEL INTERURBANO","datePublished":"2024-07-06T14:35:16+00:00","dateModified":"2024-07-06T14:39:20+00:00","mainEntityOfPage":{"@id":"https:\/\/apuntesdesanluis.com\/index.php\/2024\/07\/06\/desden-este-sabado-estan-en-vigencia-las-nuevas-tarifas-del-interurbano\/"},"wordCount":106,"publisher":{"@id":"https:\/\/apuntesdesanluis.com\/#\/schema\/person\/b55151d52296fcce64d1a72538a70b90"},"image":{"@id":"https:\/\/apuntesdesanluis.com\/index.php\/2024\/07\/06\/desden-este-sabado-estan-en-vigencia-las-nuevas-tarifas-del-interurbano\/#primaryimage"},"thumbnailUrl":"https:\/\/apuntesdesanluis.com\/wp-content\/uploads\/2023\/08\/bondis-interurbanos.png","articleSection":["Ciudad\/Provincia"],"inLanguage":"es-AR"},{"@type":"WebPage","@id":"https:\/\/apuntesdesanluis.com\/index.php\/2024\/07\/06\/desden-este-sabado-estan-en-vigencia-las-nuevas-tarifas-del-interurbano\/","url":"https:\/\/apuntesdesanluis.com\/index.php\/2024\/07\/06\/desden-este-sabado-estan-en-vigencia-las-nuevas-tarifas-del-interurbano\/","name":"DESDE ESTE S\u00c1BADO EST\u00c1N EN VIGENCIA LAS NUEVAS TARIFAS DEL INTERURBANO - Apuntes de San Luis","isPartOf":{"@id":"https:\/\/apuntesdesanluis.com\/#website"},"primaryImageOfPage":{"@id":"https:\/\/apuntesdesanluis.com\/index.php\/2024\/07\/06\/desden-este-sabado-estan-en-vigencia-las-nuevas-tarifas-del-interurbano\/#primaryimage"},"image":{"@id":"https:\/\/apuntesdesanluis.com\/index.php\/2024\/07\/06\/desden-este-sabado-estan-en-vigencia-las-nuevas-tarifas-del-interurbano\/#primaryimage"},"thumbnailUrl":"https:\/\/apuntesdesanluis.com\/wp-content\/uploads\/2023\/08\/bondis-interurbanos.png","datePublished":"2024-07-06T14:35:16+00:00","dateModified":"2024-07-06T14:39:20+00:00","breadcrumb":{"@id":"https:\/\/apuntesdesanluis.com\/index.php\/2024\/07\/06\/desden-este-sabado-estan-en-vigencia-las-nuevas-tarifas-del-interurbano\/#breadcrumb"},"inLanguage":"es-AR","potentialAction":[{"@type":"ReadAction","target":["https:\/\/apuntesdesanluis.com\/index.php\/2024\/07\/06\/desden-este-sabado-estan-en-vigencia-las-nuevas-tarifas-del-interurbano\/"]}]},{"@type":"ImageObject","inLanguage":"es-AR","@id":"https:\/\/apuntesdesanluis.com\/index.php\/2024\/07\/06\/desden-este-sabado-estan-en-vigencia-las-nuevas-tarifas-del-interurbano\/#primaryimage","url":"https:\/\/apuntesdesanluis.com\/wp-content\/uploads\/2023\/08\/bondis-interurbanos.png","contentUrl":"https:\/\/apuntesdesanluis.com\/wp-content\/uploads\/2023\/08\/bondis-interurbanos.png","width":600,"height":343},{"@type":"BreadcrumbList","@id":"https:\/\/apuntesdesanluis.com\/index.php\/2024\/07\/06\/desden-este-sabado-estan-en-vigencia-las-nuevas-tarifas-del-interurbano\/#breadcrumb","itemListElement":[{"@type":"ListItem","position":1,"name":"Inicio","item":"https:\/\/apuntesdesanluis.com\/"},{"@type":"ListItem","position":2,"name":"DESDE ESTE S\u00c1BADO EST\u00c1N EN VIGENCIA LAS NUEVAS TARIFAS DEL INTERURBANO"}]},{"@type":"WebSite","@id":"https:\/\/apuntesdesanluis.com\/#website","url":"https:\/\/apuntesdesanluis.com\/","name":"Apuntes de San Luis","description":"","publisher":{"@id":"https:\/\/apuntesdesanluis.com\/#\/schema\/person\/b55151d52296fcce64d1a72538a70b90"},"potentialAction":[{"@type":"SearchAction","target":{"@type":"EntryPoint","urlTemplate":"https:\/\/apuntesdesanluis.com\/?s={search_term_string}"},"query-input":{"@type":"PropertyValueSpecification","valueRequired":true,"valueName":"search_term_string"}}],"inLanguage":"es-AR"},{"@type":["Person","Organization"],"@id":"https:\/\/apuntesdesanluis.com\/#\/schema\/person\/b55151d52296fcce64d1a72538a70b90","name":"apuntesdesanluis.com","image":{"@type":"ImageObject","inLanguage":"es-AR","@id":"https:\/\/apuntesdesanluis.com\/#\/schema\/person\/image\/","url":"https:\/\/apuntesdesanluis.com\/wp-content\/uploads\/2023\/07\/cropped-apuntesdesanluis.png","contentUrl":"https:\/\/apuntesdesanluis.com\/wp-content\/uploads\/2023\/07\/cropped-apuntesdesanluis.png","width":450,"height":112,"caption":"apuntesdesanluis.com"},"logo":{"@id":"https:\/\/apuntesdesanluis.com\/#\/schema\/person\/image\/"},"sameAs":["https:\/\/apuntesdesanluis.com"],"url":"https:\/\/apuntesdesanluis.com\/index.php\/author\/apuntesdesanluis-com\/"}]}},"featured_image_urls":{"full":["https:\/\/apuntesdesanluis.com\/wp-content\/uploads\/2023\/08\/bondis-interurbanos.png",600,343,false],"thumbnail":["https:\/\/apuntesdesanluis.com\/wp-content\/uploads\/2023\/08\/bondis-interurbanos-150x150.png",150,150,true],"medium":["https:\/\/apuntesdesanluis.com\/wp-content\/uploads\/2023\/08\/bondis-interurbanos-300x172.png",300,172,true],"medium_large":["https:\/\/apuntesdesanluis.com\/wp-content\/uploads\/2023\/08\/bondis-interurbanos.png",600,343,false],"large":["https:\/\/apuntesdesanluis.com\/wp-content\/uploads\/2023\/08\/bondis-interurbanos.png",600,343,false],"1536x1536":["https:\/\/apuntesdesanluis.com\/wp-content\/uploads\/2023\/08\/bondis-interurbanos.png",600,343,false],"2048x2048":["https:\/\/apuntesdesanluis.com\/wp-content\/uploads\/2023\/08\/bondis-interurbanos.png",600,343,false],"newsever-slider-full":["https:\/\/apuntesdesanluis.com\/wp-content\/uploads\/2023\/08\/bondis-interurbanos.png",600,343,false],"newsever-featured":["https:\/\/apuntesdesanluis.com\/wp-content\/uploads\/2023\/08\/bondis-interurbanos.png",600,343,false],"newsever-medium":["https:\/\/apuntesdesanluis.com\/wp-content\/uploads\/2023\/08\/bondis-interurbanos.png",600,343,false]},"author_info":{"display_name":"apuntesdesanluis.com","author_link":"https:\/\/apuntesdesanluis.com\/index.php\/author\/apuntesdesanluis-com\/"},"category_info":"<a href=\"https:\/\/apuntesdesanluis.com\/index.php\/category\/ciudad-provincia\/\" rel=\"category tag\">Ciudad\/Provincia<\/a>","tag_info":"Ciudad\/Provincia","comment_count":"0","_links":{"self":[{"href":"https:\/\/apuntesdesanluis.com\/index.php\/wp-json\/wp\/v2\/posts\/18874","targetHints":{"allow":["GET"]}}],"collection":[{"href":"https:\/\/apuntesdesanluis.com\/index.php\/wp-json\/wp\/v2\/posts"}],"about":[{"href":"https:\/\/apuntesdesanluis.com\/index.php\/wp-json\/wp\/v2\/types\/post"}],"author":[{"embeddable":true,"href":"https:\/\/apuntesdesanluis.com\/index.php\/wp-json\/wp\/v2\/users\/1"}],"replies":[{"embeddable":true,"href":"https:\/\/apuntesdesanluis.com\/index.php\/wp-json\/wp\/v2\/comments?post=18874"}],"version-history":[{"count":2,"href":"https:\/\/apuntesdesanluis.com\/index.php\/wp-json\/wp\/v2\/posts\/18874\/revisions"}],"predecessor-version":[{"id":18879,"href":"https:\/\/apuntesdesanluis.com\/index.php\/wp-json\/wp\/v2\/posts\/18874\/revisions\/18879"}],"wp:featuredmedia":[{"embeddable":true,"href":"https:\/\/apuntesdesanluis.com\/index.php\/wp-json\/wp\/v2\/media\/1425"}],"wp:attachment":[{"href":"https:\/\/apuntesdesanluis.com\/index.php\/wp-json\/wp\/v2\/media?parent=18874"}],"wp:term":[{"taxonomy":"category","embeddable":true,"href":"https:\/\/apuntesdesanluis.com\/index.php\/wp-json\/wp\/v2\/categories?post=18874"},{"taxonomy":"post_tag","embeddable":true,"href":"https:\/\/apuntesdesanluis.com\/index.php\/wp-json\/wp\/v2\/tags?post=18874"}],"curies":[{"name":"wp","href":"https:\/\/api.w.org\/{rel}","templated":true}]}}