{"id":18909,"date":"2024-07-07T20:27:54","date_gmt":"2024-07-07T23:27:54","guid":{"rendered":"https:\/\/apuntesdesanluis.com\/?p=18909"},"modified":"2024-07-07T20:41:24","modified_gmt":"2024-07-07T23:41:24","slug":"el-miedo-de-los-periodistas-a-milei","status":"publish","type":"post","link":"https:\/\/apuntesdesanluis.com\/index.php\/2024\/07\/07\/el-miedo-de-los-periodistas-a-milei\/","title":{"rendered":"EL MIEDO DE LOS PERIODISTAS A MILEI"},"content":{"rendered":"<h3>Por <strong>Jorge Fontevecchia *<\/strong><\/h3>\n<h3><img fetchpriority=\"high\" decoding=\"async\" class=\"wp-image-14662 aligncenter\" src=\"https:\/\/apuntesdesanluis.com\/wp-content\/uploads\/2024\/04\/fontevechia-300x219.png\" alt=\"\" width=\"477\" height=\"348\" srcset=\"https:\/\/apuntesdesanluis.com\/wp-content\/uploads\/2024\/04\/fontevechia-300x219.png 300w, https:\/\/apuntesdesanluis.com\/wp-content\/uploads\/2024\/04\/fontevechia.png 551w\" sizes=\"(max-width: 477px) 100vw, 477px\" \/><\/h3>\n<h3>Las asociaciones argentinas que defienden la libertad de prensa atraviesan el m\u00e1s grande desaf\u00edo desde la recuperaci\u00f3n democr\u00e1tica. En el caso de la Academia Nacional de Periodismo y Fopea, de toda su existencia, porque fueron fundadas despu\u00e9s de la dictadura. Adepa, que nuclea a las empresas period\u00edsticas y fue fundada en 1962, no hizo un buen papel durante la dictadura, pero viene haciendo meritorios esfuerzos por superarse.<\/h3>\n<h3>Si bien el kirchnerismo ya hab\u00eda puesto a prueba a todas las instituciones period\u00edsticas, el conflicto entre aquellos gobiernos y la prensa se generaliz\u00f3 a partir de la crisis con el campo en 2008, despu\u00e9s de cinco a\u00f1os en la presidencia: durante todo el mandato de N\u00e9stor Kirchner hubo una especie de idilio entre el gobierno y los principales medios. Hoy, el conflicto con Javier Milei se gener\u00f3 desde el d\u00eda que asumi\u00f3 y no parece descomprimirse, sino escalar.<\/h3>\n<h3>Cada semana se agregan nuevos episodios que nos obligan a volver una y otra vez sobre el tema. En las treinta semanas que lleva al frente del Ejecutivo acumul\u00f3 un promedio de dos nuevos periodistas atacados semanalmente. Tras el fin de semana anterior, cuando fue el turno de la agrupaci\u00f3n que re\u00fane profesionalmente a la mayor cantidad de periodistas (\u201cFopea es una verg\u00fcenza &#8230; los chorros del periodismo profesional\u201d), Milei no dej\u00f3 pasar un d\u00eda para agarr\u00e1rsela el lunes contra los periodistas de Urbana Play, que fueron a cubrir la Copa Am\u00e9rica, pero esencialmente con Mar\u00eda O\u2019Donnell, a quien ya hab\u00eda acusado de \u201cmentirosa\u201d en enero pasado, simult\u00e1neamente con otras dos mujeres periodistas: Luisa Corradini y Silvia Mercado.<\/h3>\n<h3><img decoding=\"async\" class=\"wp-image-18910 aligncenter\" src=\"https:\/\/apuntesdesanluis.com\/wp-content\/uploads\/2024\/07\/silvia-mercado-y-milei-300x169.png\" alt=\"\" width=\"616\" height=\"347\" srcset=\"https:\/\/apuntesdesanluis.com\/wp-content\/uploads\/2024\/07\/silvia-mercado-y-milei-300x169.png 300w, https:\/\/apuntesdesanluis.com\/wp-content\/uploads\/2024\/07\/silvia-mercado-y-milei-768x433.png 768w, https:\/\/apuntesdesanluis.com\/wp-content\/uploads\/2024\/07\/silvia-mercado-y-milei.png 864w\" sizes=\"(max-width: 616px) 100vw, 616px\" \/><\/h3>\n<h4 style=\"text-align: center;\"><em>Periodista Silvia Mercado, censurada por Presidencia de la Naci\u00f3n.<\/em><\/h4>\n<h3>Ernesto Tenembaum, otro de los atacados por el Presidente, desarroll\u00f3 una explicaci\u00f3n sobre por qu\u00e9 Milei se ensa\u00f1a en mayor proporci\u00f3n con periodistas mujeres, a la lista anterior hay que agregar a Romina Manguel, Nancy Pazos y Mar\u00eda Laura Santill\u00e1n, adem\u00e1s de Teresa Fr\u00edas, Sol P\u00e9rez y Lali Esp\u00f3sito. Dijo Tenembaum: \u201cTiene un problema serio con las mujeres. No es una pavada. Por eso cierra el Ministerio de las Mujeres, el Programa Acompa\u00f1ar, el Sal\u00f3n de las Mujeres y pone pr\u00f3ceres donde no hay una sola mujer&#8230; hay algo de odio ah\u00ed a las mujeres que no se entiende\u201d.<\/h3>\n<h3>Se podr\u00eda agregar tambi\u00e9n la interpretaci\u00f3n de envidia a la notoriedad f\u00e1cil en la \u00e9poca en que Milei no era conocido y buscaba afanosamente popularidad, la que finalmente consigui\u00f3 con creces superando a todos. Pero el inconsciente, como dec\u00eda Freud, es atemporal y el pasado se hace m\u00e1s presente que el presente.<\/h3>\n<h3>Siendo ya un presidente de fama mundial dijo Milei en abril: \u201cEl periodismo se ha acostumbrado, a lo largo de las \u00faltimas d\u00e9cadas, a que deben ser tratados como profetas de la verdad \u00fanica e incontrastable, a los que no se puede criticar, ni desmentir, ni corregir. Si alguien osa cometer esa imprudencia, es castigado al un\u00edsono por todos los miembros de la corporaci\u00f3n y sus agrupaciones&#8230; Vamos a contestar. Vamos a decir nuestra verdad. Vamos a bajarlos de esa Torre de Marfil en la que creen que viven\u201d.<\/h3>\n<h3>Y probablemente tambi\u00e9n siga el ejemplo de Donald Trump en Estados Unidos, de pelearse con los periodistas como una forma de mostrarse antisistema. Y a los fines es un buen ejemplo el caso del corresponsal de CNN en la Casa Blanca, a quien el entonces presidente le cancel\u00f3 su acreditaci\u00f3n a las conferencias de prensa despu\u00e9s de haber preguntado si \u201cno considera estar demonizando como criminales a los inmigrantes al referirse a la multitudinaria caravana de centroamericanos que se dirig\u00eda a Estados Unidos en busca de asilo\u201d. El periodista citado es Jim Acosta. Solo nueve d\u00edas despu\u00e9s de Trump desacreditarlo, un juez de Washington orden\u00f3 al gobierno reponer la acreditaci\u00f3n del periodista, quien fue recibido en la puerta de la Casa Blanca por los cincuenta colegas all\u00ed acreditados. Jim Acosta recibi\u00f3 el Premio Perfil a la Libertad de Expresi\u00f3n en 2019.<\/h3>\n<h3>El caso de Jim Acosta con Trump es similar al de la periodista Silvia Mercado, la \u00fanica a quien la Casa Rosada no le renov\u00f3 su acreditaci\u00f3n a las conferencias de prensa despu\u00e9s de haber sido atacada por el presidente Milei. Ella acaba de realizar un amparo a la Justicia siendo patrocinada en la medida cautelar por el abogado Antonio Mar\u00eda Hern\u00e1ndez. Esperemos que el juzgado en lo contencioso administrativo del doctor Edgardo Lara Correa tenga la misma celeridad que su par de Washington.<\/h3>\n<h3>Pero adem\u00e1s de la Justicia y las asociaciones que defienden la libertad de prensa, los periodistas podr\u00edamos actuar de otra manera. Si, por ejemplo, los alrededor de cuarenta o cincuenta periodistas que concurren a las conferencias del vocero Manuel Adorni decidieran en solidaridad con Silvia Mercado solo preguntar sobre ella o no preguntar se generar\u00eda una visibilizaci\u00f3n de la arbitrariedad presidencial que aumentar\u00eda el costo reputacional del Gobierno en los ataques a periodistas haciendo que tenga que medir sus da\u00f1os.<\/h3>\n<h3>En la columna del domingo pasado propuse que el pu\u00f1ado de periodistas a quienes Milei les concede entrevistas, en el transcurso de ellas, en vivo, le pidan que se disculpe con los periodistas agredidos. Ese tipo de actitudes, como la solidaridad de los acreditados en Casa de Gobierno, tendr\u00edan mucho m\u00e1s efecto que una declaraci\u00f3n m\u00e1s de Fopea, la Academia Nacional de Periodismo o Adepa, sin perjuicio de que estas existan.<\/h3>\n<h3>Y respecto de estas instituciones, es evidente que una declaraci\u00f3n m\u00e1s poco agrega y sean necesarias formas m\u00e1s contundentes y visibles local e internacionalmente para aumentar el costo reputacional del Presidente cada vez que decida atacar a un periodista.<\/h3>\n<h3>No es f\u00e1cil, la cara de los periodistas que est\u00e1n frente a frente a Milei transmite el temor a no poder manejar en vivo un rapto de iracundia del Presidente por una pregunta que lo incomodase. Por eso, quienes mejor le preguntaron al Presidente en sus reportajes fueron los periodistas extranjeros, que no est\u00e1n condicionados por el d\u00eda siguiente en el pa\u00eds. Con su violencia verbal Milei ha logrado \u201cdomar\u201d (en jerga libertaria) a periodistas, legisladores y distintos actores del debate p\u00fablico que miden sus palabras por leg\u00edtimo temor a la reacci\u00f3n presidencial.<\/h3>\n<h3>No solo los periodistas, se lo percibe tambi\u00e9n en sectores m\u00e1s poderosos, como asociaciones empresariales que enfrentan situaciones de ca\u00edda de actividad hist\u00f3ricas, sin embargo, no se los escucha criticar las medidas econ\u00f3micas. Incluso en los ciudadanos de a pie a quienes los cronistas de televisi\u00f3n entrevistan por la calle y cuentan que est\u00e1n pasando serias dificultades, pero siguen apoyando al Gobierno, fen\u00f3meno que tambi\u00e9n se repite en las encuestas y es plausible imaginar que algunos puedan estar diciendo lo que se supone que queda bien decir.<\/h3>\n<h3>El actual miedo a Milei de los periodistas tiene una prueba contundente. El 18 de abril de 2023 en Salta, cuando Milei a\u00fan no hab\u00eda ganado las PASO y agredi\u00f3 a una periodista dici\u00e9ndole \u201cburra\u201d, el resto de los periodistas all\u00ed presentes le exigieron que se disculpara. Vale la pena ver esos minutos y la reacci\u00f3n de todos los periodistas que participaban de la conferencia de prensa:<\/h3>\n<p><iframe title=\"Acusan de maltratador a Javier Milei por decirle burra a una periodista- 26\/06\/18\" width=\"640\" height=\"360\" src=\"https:\/\/www.youtube.com\/embed\/_AK5Y9ksHoU?feature=oembed\" frameborder=\"0\" allow=\"accelerometer; autoplay; clipboard-write; encrypted-media; gyroscope; picture-in-picture; web-share\" referrerpolicy=\"strict-origin-when-cross-origin\" allowfullscreen><\/iframe><\/p>\n<h3>\u00bfQu\u00e9 pasar\u00eda si los periodistas actu\u00e1ramos igual que lo hicieron aquellos periodistas de Salta y exigi\u00e9ramos al Presidente que se comporte caballerescamente y pida disculpas cada vez que se excede?\u00a0 Tiendo a creer que se le har\u00eda un bien tambi\u00e9n a Milei mejorando su comportamiento. Es com\u00fan escuchar que no tiene sentido porque el car\u00e1cter del Presidente es inmodificable, siempre redobla la apuesta y que \u201cMilei es as\u00ed\u201d y \u201ceste es el presidente que tenemos y con esto hay que avanzar\u201d.<\/h3>\n<h3>Creo que naturalizar lo anormal no le hace bien a nadie, incluyendo al agente de la anormalidad. Est\u00e1 en todos nosotros, periodistas, ciudadanos de cada profesi\u00f3n, exigir ser tratados con dignidad.<\/h3>\n<h3><\/h3>\n<h4><em><strong>* Cofundador de Editorial Perfil &#8211; CEO de Perfil Network.<\/strong><\/em><\/h4>\n<p>&nbsp;<\/p>\n<p>&nbsp;<\/p>\n<p>&nbsp;<\/p>\n<h3><\/h3>\n","protected":false},"excerpt":{"rendered":"<p>Por Jorge Fontevecchia * Las asociaciones argentinas que defienden la libertad de prensa atraviesan el&#8230;<\/p>\n","protected":false},"author":1,"featured_media":18911,"comment_status":"closed","ping_status":"closed","sticky":false,"template":"","format":"standard","meta":{"footnotes":""},"categories":[9],"tags":[],"class_list":["post-18909","post","type-post","status-publish","format-standard","has-post-thumbnail","hentry","category-opinion"],"yoast_head":"<!-- This site is optimized with the Yoast SEO plugin v26.1.1 - https:\/\/yoast.com\/wordpress\/plugins\/seo\/ -->\n<title>EL MIEDO DE LOS PERIODISTAS A MILEI - Apuntes de San Luis<\/title>\n<meta name=\"robots\" content=\"index, follow, max-snippet:-1, max-image-preview:large, max-video-preview:-1\" \/>\n<link rel=\"canonical\" href=\"https:\/\/apuntesdesanluis.com\/index.php\/2024\/07\/07\/el-miedo-de-los-periodistas-a-milei\/\" \/>\n<meta property=\"og:locale\" content=\"es_ES\" \/>\n<meta property=\"og:type\" content=\"article\" \/>\n<meta property=\"og:title\" content=\"EL MIEDO DE LOS PERIODISTAS A MILEI - Apuntes de San Luis\" \/>\n<meta property=\"og:description\" content=\"Por Jorge Fontevecchia * Las asociaciones argentinas que defienden la libertad de prensa atraviesan el...\" \/>\n<meta property=\"og:url\" content=\"https:\/\/apuntesdesanluis.com\/index.php\/2024\/07\/07\/el-miedo-de-los-periodistas-a-milei\/\" \/>\n<meta property=\"og:site_name\" content=\"Apuntes de San Luis\" \/>\n<meta property=\"article:published_time\" content=\"2024-07-07T23:27:54+00:00\" \/>\n<meta property=\"article:modified_time\" content=\"2024-07-07T23:41:24+00:00\" \/>\n<meta property=\"og:image\" content=\"https:\/\/apuntesdesanluis.com\/wp-content\/uploads\/2024\/07\/prensa-digital.png\" \/>\n\t<meta property=\"og:image:width\" content=\"722\" \/>\n\t<meta property=\"og:image:height\" content=\"425\" \/>\n\t<meta property=\"og:image:type\" content=\"image\/png\" \/>\n<meta name=\"author\" content=\"apuntesdesanluis.com\" \/>\n<meta name=\"twitter:card\" content=\"summary_large_image\" \/>\n<meta name=\"twitter:label1\" content=\"Escrito por\" \/>\n\t<meta name=\"twitter:data1\" content=\"apuntesdesanluis.com\" \/>\n\t<meta name=\"twitter:label2\" content=\"Tiempo de lectura\" \/>\n\t<meta name=\"twitter:data2\" content=\"7 minutos\" \/>\n<script type=\"application\/ld+json\" class=\"yoast-schema-graph\">{\"@context\":\"https:\/\/schema.org\",\"@graph\":[{\"@type\":\"Article\",\"@id\":\"https:\/\/apuntesdesanluis.com\/index.php\/2024\/07\/07\/el-miedo-de-los-periodistas-a-milei\/#article\",\"isPartOf\":{\"@id\":\"https:\/\/apuntesdesanluis.com\/index.php\/2024\/07\/07\/el-miedo-de-los-periodistas-a-milei\/\"},\"author\":{\"name\":\"apuntesdesanluis.com\",\"@id\":\"https:\/\/apuntesdesanluis.com\/#\/schema\/person\/b55151d52296fcce64d1a72538a70b90\"},\"headline\":\"EL MIEDO DE LOS PERIODISTAS A MILEI\",\"datePublished\":\"2024-07-07T23:27:54+00:00\",\"dateModified\":\"2024-07-07T23:41:24+00:00\",\"mainEntityOfPage\":{\"@id\":\"https:\/\/apuntesdesanluis.com\/index.php\/2024\/07\/07\/el-miedo-de-los-periodistas-a-milei\/\"},\"wordCount\":1413,\"publisher\":{\"@id\":\"https:\/\/apuntesdesanluis.com\/#\/schema\/person\/b55151d52296fcce64d1a72538a70b90\"},\"image\":{\"@id\":\"https:\/\/apuntesdesanluis.com\/index.php\/2024\/07\/07\/el-miedo-de-los-periodistas-a-milei\/#primaryimage\"},\"thumbnailUrl\":\"https:\/\/apuntesdesanluis.com\/wp-content\/uploads\/2024\/07\/prensa-digital.png\",\"articleSection\":[\"Opini\u00f3n\"],\"inLanguage\":\"es-AR\"},{\"@type\":\"WebPage\",\"@id\":\"https:\/\/apuntesdesanluis.com\/index.php\/2024\/07\/07\/el-miedo-de-los-periodistas-a-milei\/\",\"url\":\"https:\/\/apuntesdesanluis.com\/index.php\/2024\/07\/07\/el-miedo-de-los-periodistas-a-milei\/\",\"name\":\"EL MIEDO DE LOS PERIODISTAS A MILEI - Apuntes de San Luis\",\"isPartOf\":{\"@id\":\"https:\/\/apuntesdesanluis.com\/#website\"},\"primaryImageOfPage\":{\"@id\":\"https:\/\/apuntesdesanluis.com\/index.php\/2024\/07\/07\/el-miedo-de-los-periodistas-a-milei\/#primaryimage\"},\"image\":{\"@id\":\"https:\/\/apuntesdesanluis.com\/index.php\/2024\/07\/07\/el-miedo-de-los-periodistas-a-milei\/#primaryimage\"},\"thumbnailUrl\":\"https:\/\/apuntesdesanluis.com\/wp-content\/uploads\/2024\/07\/prensa-digital.png\",\"datePublished\":\"2024-07-07T23:27:54+00:00\",\"dateModified\":\"2024-07-07T23:41:24+00:00\",\"breadcrumb\":{\"@id\":\"https:\/\/apuntesdesanluis.com\/index.php\/2024\/07\/07\/el-miedo-de-los-periodistas-a-milei\/#breadcrumb\"},\"inLanguage\":\"es-AR\",\"potentialAction\":[{\"@type\":\"ReadAction\",\"target\":[\"https:\/\/apuntesdesanluis.com\/index.php\/2024\/07\/07\/el-miedo-de-los-periodistas-a-milei\/\"]}]},{\"@type\":\"ImageObject\",\"inLanguage\":\"es-AR\",\"@id\":\"https:\/\/apuntesdesanluis.com\/index.php\/2024\/07\/07\/el-miedo-de-los-periodistas-a-milei\/#primaryimage\",\"url\":\"https:\/\/apuntesdesanluis.com\/wp-content\/uploads\/2024\/07\/prensa-digital.png\",\"contentUrl\":\"https:\/\/apuntesdesanluis.com\/wp-content\/uploads\/2024\/07\/prensa-digital.png\",\"width\":722,\"height\":425},{\"@type\":\"BreadcrumbList\",\"@id\":\"https:\/\/apuntesdesanluis.com\/index.php\/2024\/07\/07\/el-miedo-de-los-periodistas-a-milei\/#breadcrumb\",\"itemListElement\":[{\"@type\":\"ListItem\",\"position\":1,\"name\":\"Inicio\",\"item\":\"https:\/\/apuntesdesanluis.com\/\"},{\"@type\":\"ListItem\",\"position\":2,\"name\":\"EL MIEDO DE LOS PERIODISTAS A MILEI\"}]},{\"@type\":\"WebSite\",\"@id\":\"https:\/\/apuntesdesanluis.com\/#website\",\"url\":\"https:\/\/apuntesdesanluis.com\/\",\"name\":\"Apuntes de San Luis\",\"description\":\"\",\"publisher\":{\"@id\":\"https:\/\/apuntesdesanluis.com\/#\/schema\/person\/b55151d52296fcce64d1a72538a70b90\"},\"potentialAction\":[{\"@type\":\"SearchAction\",\"target\":{\"@type\":\"EntryPoint\",\"urlTemplate\":\"https:\/\/apuntesdesanluis.com\/?s={search_term_string}\"},\"query-input\":{\"@type\":\"PropertyValueSpecification\",\"valueRequired\":true,\"valueName\":\"search_term_string\"}}],\"inLanguage\":\"es-AR\"},{\"@type\":[\"Person\",\"Organization\"],\"@id\":\"https:\/\/apuntesdesanluis.com\/#\/schema\/person\/b55151d52296fcce64d1a72538a70b90\",\"name\":\"apuntesdesanluis.com\",\"image\":{\"@type\":\"ImageObject\",\"inLanguage\":\"es-AR\",\"@id\":\"https:\/\/apuntesdesanluis.com\/#\/schema\/person\/image\/\",\"url\":\"https:\/\/apuntesdesanluis.com\/wp-content\/uploads\/2023\/07\/cropped-apuntesdesanluis.png\",\"contentUrl\":\"https:\/\/apuntesdesanluis.com\/wp-content\/uploads\/2023\/07\/cropped-apuntesdesanluis.png\",\"width\":450,\"height\":112,\"caption\":\"apuntesdesanluis.com\"},\"logo\":{\"@id\":\"https:\/\/apuntesdesanluis.com\/#\/schema\/person\/image\/\"},\"sameAs\":[\"https:\/\/apuntesdesanluis.com\"],\"url\":\"https:\/\/apuntesdesanluis.com\/index.php\/author\/apuntesdesanluis-com\/\"}]}<\/script>\n<!-- \/ Yoast SEO plugin. -->","yoast_head_json":{"title":"EL MIEDO DE LOS PERIODISTAS A MILEI - Apuntes de San Luis","robots":{"index":"index","follow":"follow","max-snippet":"max-snippet:-1","max-image-preview":"max-image-preview:large","max-video-preview":"max-video-preview:-1"},"canonical":"https:\/\/apuntesdesanluis.com\/index.php\/2024\/07\/07\/el-miedo-de-los-periodistas-a-milei\/","og_locale":"es_ES","og_type":"article","og_title":"EL MIEDO DE LOS PERIODISTAS A MILEI - Apuntes de San Luis","og_description":"Por Jorge Fontevecchia * Las asociaciones argentinas que defienden la libertad de prensa atraviesan el...","og_url":"https:\/\/apuntesdesanluis.com\/index.php\/2024\/07\/07\/el-miedo-de-los-periodistas-a-milei\/","og_site_name":"Apuntes de San Luis","article_published_time":"2024-07-07T23:27:54+00:00","article_modified_time":"2024-07-07T23:41:24+00:00","og_image":[{"width":722,"height":425,"url":"https:\/\/apuntesdesanluis.com\/wp-content\/uploads\/2024\/07\/prensa-digital.png","type":"image\/png"}],"author":"apuntesdesanluis.com","twitter_card":"summary_large_image","twitter_misc":{"Escrito por":"apuntesdesanluis.com","Tiempo de lectura":"7 minutos"},"schema":{"@context":"https:\/\/schema.org","@graph":[{"@type":"Article","@id":"https:\/\/apuntesdesanluis.com\/index.php\/2024\/07\/07\/el-miedo-de-los-periodistas-a-milei\/#article","isPartOf":{"@id":"https:\/\/apuntesdesanluis.com\/index.php\/2024\/07\/07\/el-miedo-de-los-periodistas-a-milei\/"},"author":{"name":"apuntesdesanluis.com","@id":"https:\/\/apuntesdesanluis.com\/#\/schema\/person\/b55151d52296fcce64d1a72538a70b90"},"headline":"EL MIEDO DE LOS PERIODISTAS A MILEI","datePublished":"2024-07-07T23:27:54+00:00","dateModified":"2024-07-07T23:41:24+00:00","mainEntityOfPage":{"@id":"https:\/\/apuntesdesanluis.com\/index.php\/2024\/07\/07\/el-miedo-de-los-periodistas-a-milei\/"},"wordCount":1413,"publisher":{"@id":"https:\/\/apuntesdesanluis.com\/#\/schema\/person\/b55151d52296fcce64d1a72538a70b90"},"image":{"@id":"https:\/\/apuntesdesanluis.com\/index.php\/2024\/07\/07\/el-miedo-de-los-periodistas-a-milei\/#primaryimage"},"thumbnailUrl":"https:\/\/apuntesdesanluis.com\/wp-content\/uploads\/2024\/07\/prensa-digital.png","articleSection":["Opini\u00f3n"],"inLanguage":"es-AR"},{"@type":"WebPage","@id":"https:\/\/apuntesdesanluis.com\/index.php\/2024\/07\/07\/el-miedo-de-los-periodistas-a-milei\/","url":"https:\/\/apuntesdesanluis.com\/index.php\/2024\/07\/07\/el-miedo-de-los-periodistas-a-milei\/","name":"EL MIEDO DE LOS PERIODISTAS A MILEI - Apuntes de San Luis","isPartOf":{"@id":"https:\/\/apuntesdesanluis.com\/#website"},"primaryImageOfPage":{"@id":"https:\/\/apuntesdesanluis.com\/index.php\/2024\/07\/07\/el-miedo-de-los-periodistas-a-milei\/#primaryimage"},"image":{"@id":"https:\/\/apuntesdesanluis.com\/index.php\/2024\/07\/07\/el-miedo-de-los-periodistas-a-milei\/#primaryimage"},"thumbnailUrl":"https:\/\/apuntesdesanluis.com\/wp-content\/uploads\/2024\/07\/prensa-digital.png","datePublished":"2024-07-07T23:27:54+00:00","dateModified":"2024-07-07T23:41:24+00:00","breadcrumb":{"@id":"https:\/\/apuntesdesanluis.com\/index.php\/2024\/07\/07\/el-miedo-de-los-periodistas-a-milei\/#breadcrumb"},"inLanguage":"es-AR","potentialAction":[{"@type":"ReadAction","target":["https:\/\/apuntesdesanluis.com\/index.php\/2024\/07\/07\/el-miedo-de-los-periodistas-a-milei\/"]}]},{"@type":"ImageObject","inLanguage":"es-AR","@id":"https:\/\/apuntesdesanluis.com\/index.php\/2024\/07\/07\/el-miedo-de-los-periodistas-a-milei\/#primaryimage","url":"https:\/\/apuntesdesanluis.com\/wp-content\/uploads\/2024\/07\/prensa-digital.png","contentUrl":"https:\/\/apuntesdesanluis.com\/wp-content\/uploads\/2024\/07\/prensa-digital.png","width":722,"height":425},{"@type":"BreadcrumbList","@id":"https:\/\/apuntesdesanluis.com\/index.php\/2024\/07\/07\/el-miedo-de-los-periodistas-a-milei\/#breadcrumb","itemListElement":[{"@type":"ListItem","position":1,"name":"Inicio","item":"https:\/\/apuntesdesanluis.com\/"},{"@type":"ListItem","position":2,"name":"EL MIEDO DE LOS PERIODISTAS A MILEI"}]},{"@type":"WebSite","@id":"https:\/\/apuntesdesanluis.com\/#website","url":"https:\/\/apuntesdesanluis.com\/","name":"Apuntes de San Luis","description":"","publisher":{"@id":"https:\/\/apuntesdesanluis.com\/#\/schema\/person\/b55151d52296fcce64d1a72538a70b90"},"potentialAction":[{"@type":"SearchAction","target":{"@type":"EntryPoint","urlTemplate":"https:\/\/apuntesdesanluis.com\/?s={search_term_string}"},"query-input":{"@type":"PropertyValueSpecification","valueRequired":true,"valueName":"search_term_string"}}],"inLanguage":"es-AR"},{"@type":["Person","Organization"],"@id":"https:\/\/apuntesdesanluis.com\/#\/schema\/person\/b55151d52296fcce64d1a72538a70b90","name":"apuntesdesanluis.com","image":{"@type":"ImageObject","inLanguage":"es-AR","@id":"https:\/\/apuntesdesanluis.com\/#\/schema\/person\/image\/","url":"https:\/\/apuntesdesanluis.com\/wp-content\/uploads\/2023\/07\/cropped-apuntesdesanluis.png","contentUrl":"https:\/\/apuntesdesanluis.com\/wp-content\/uploads\/2023\/07\/cropped-apuntesdesanluis.png","width":450,"height":112,"caption":"apuntesdesanluis.com"},"logo":{"@id":"https:\/\/apuntesdesanluis.com\/#\/schema\/person\/image\/"},"sameAs":["https:\/\/apuntesdesanluis.com"],"url":"https:\/\/apuntesdesanluis.com\/index.php\/author\/apuntesdesanluis-com\/"}]}},"featured_image_urls":{"full":["https:\/\/apuntesdesanluis.com\/wp-content\/uploads\/2024\/07\/prensa-digital.png",722,425,false],"thumbnail":["https:\/\/apuntesdesanluis.com\/wp-content\/uploads\/2024\/07\/prensa-digital-150x150.png",150,150,true],"medium":["https:\/\/apuntesdesanluis.com\/wp-content\/uploads\/2024\/07\/prensa-digital-300x177.png",300,177,true],"medium_large":["https:\/\/apuntesdesanluis.com\/wp-content\/uploads\/2024\/07\/prensa-digital.png",640,377,false],"large":["https:\/\/apuntesdesanluis.com\/wp-content\/uploads\/2024\/07\/prensa-digital.png",640,377,false],"1536x1536":["https:\/\/apuntesdesanluis.com\/wp-content\/uploads\/2024\/07\/prensa-digital.png",722,425,false],"2048x2048":["https:\/\/apuntesdesanluis.com\/wp-content\/uploads\/2024\/07\/prensa-digital.png",722,425,false],"newsever-slider-full":["https:\/\/apuntesdesanluis.com\/wp-content\/uploads\/2024\/07\/prensa-digital.png",722,425,false],"newsever-featured":["https:\/\/apuntesdesanluis.com\/wp-content\/uploads\/2024\/07\/prensa-digital.png",722,425,false],"newsever-medium":["https:\/\/apuntesdesanluis.com\/wp-content\/uploads\/2024\/07\/prensa-digital-720x425.png",720,425,true]},"author_info":{"display_name":"apuntesdesanluis.com","author_link":"https:\/\/apuntesdesanluis.com\/index.php\/author\/apuntesdesanluis-com\/"},"category_info":"<a href=\"https:\/\/apuntesdesanluis.com\/index.php\/category\/opinion\/\" rel=\"category tag\">Opini\u00f3n<\/a>","tag_info":"Opini\u00f3n","comment_count":"0","_links":{"self":[{"href":"https:\/\/apuntesdesanluis.com\/index.php\/wp-json\/wp\/v2\/posts\/18909","targetHints":{"allow":["GET"]}}],"collection":[{"href":"https:\/\/apuntesdesanluis.com\/index.php\/wp-json\/wp\/v2\/posts"}],"about":[{"href":"https:\/\/apuntesdesanluis.com\/index.php\/wp-json\/wp\/v2\/types\/post"}],"author":[{"embeddable":true,"href":"https:\/\/apuntesdesanluis.com\/index.php\/wp-json\/wp\/v2\/users\/1"}],"replies":[{"embeddable":true,"href":"https:\/\/apuntesdesanluis.com\/index.php\/wp-json\/wp\/v2\/comments?post=18909"}],"version-history":[{"count":2,"href":"https:\/\/apuntesdesanluis.com\/index.php\/wp-json\/wp\/v2\/posts\/18909\/revisions"}],"predecessor-version":[{"id":18913,"href":"https:\/\/apuntesdesanluis.com\/index.php\/wp-json\/wp\/v2\/posts\/18909\/revisions\/18913"}],"wp:featuredmedia":[{"embeddable":true,"href":"https:\/\/apuntesdesanluis.com\/index.php\/wp-json\/wp\/v2\/media\/18911"}],"wp:attachment":[{"href":"https:\/\/apuntesdesanluis.com\/index.php\/wp-json\/wp\/v2\/media?parent=18909"}],"wp:term":[{"taxonomy":"category","embeddable":true,"href":"https:\/\/apuntesdesanluis.com\/index.php\/wp-json\/wp\/v2\/categories?post=18909"},{"taxonomy":"post_tag","embeddable":true,"href":"https:\/\/apuntesdesanluis.com\/index.php\/wp-json\/wp\/v2\/tags?post=18909"}],"curies":[{"name":"wp","href":"https:\/\/api.w.org\/{rel}","templated":true}]}}