{"id":18925,"date":"2024-07-08T10:23:45","date_gmt":"2024-07-08T13:23:45","guid":{"rendered":"https:\/\/apuntesdesanluis.com\/?p=18925"},"modified":"2024-07-08T10:23:45","modified_gmt":"2024-07-08T13:23:45","slug":"milei-viaja-a-tucuman-para-firmar-el-pacto-de-mayo-con-gobernadores","status":"publish","type":"post","link":"https:\/\/apuntesdesanluis.com\/index.php\/2024\/07\/08\/milei-viaja-a-tucuman-para-firmar-el-pacto-de-mayo-con-gobernadores\/","title":{"rendered":"MILEI VIAJA A TUCUM\u00c1N PARA FIRMAR EL PACTO DE MAYO CON GOBERNADORES"},"content":{"rendered":"<h3>El Presidente concretar\u00e1 su ansiada foto con las provincias en el inicio del 9 de Julio.<\/h3>\n<h3>El presidente Javier Milei viaja este lunes a San Miguel de Tucum\u00e1n para concretar uno de los puntos m\u00e1s ansiados de su gesti\u00f3n: la firma del Pacto de Mayo con las provincias, de la que ser\u00e1n parte 10 mandatarios.<\/h3>\n<h3>Esta convocatoria de Milei hab\u00eda sido lanzada por primera vez el 1 de marzo en la apertura de sesiones del Parlamento, con la idea de materializarla el 25 de Mayo.<\/h3>\n<h3>Esa fecha patria pas\u00f3 de largo ante la dificultad del Gobierno de cerrar la aprobaci\u00f3n de la Ley de Bases y el paquete fiscal, normas que reci\u00e9n pudo abrochar a fines de junio.<\/h3>\n<h3>Ahora, con los proyectos aprobados, el jefe de Estado se prepara para tener la principal foto pol\u00edtica de sus casi siete meses de gesti\u00f3n, enmarcada en el D\u00eda de la Independencia.<\/h3>\n<h3>Un acuerdo a largo plazo que impida cambios constantes de rumbo del gobierno es lo que plantea la Casa Rosada y a lo que suscribir\u00e1n casi una veintena de gobernadores esta noche en la Casa Hist\u00f3rica de Tucum\u00e1n.<\/h3>\n<h3>Estar\u00e1n presentes el jefe de Gobierno porte\u00f1o, Jorge Macri, y los mandatarios provinciales Osvaldo Jaldo (Tucum\u00e1n), Ra\u00fal Jalil (Catamarca), Alfredo Cornejo (Mendoza), Rogelio Frigerio (Entre R\u00edos), Gustavo Vald\u00e9s (Corrientes), Alberto Weretilneck (R\u00edo Negro), Marcelo Orrego (San Juan), Maximiliano Pullaro (Santa Fe), Ignacio Torres (Chubut), Carlos Sadir (Jujuy), Leandro Zdero (Chaco), <strong>Claudio Poggi (San Luis)<\/strong>, Rolando Figueroa (Neuqu\u00e9n), Mart\u00edn Llaryora (C\u00f3rdoba), Gustavo S\u00e1enz (Salta), Claudio Vidal (Santa Cruz), Hugo Passalacqua (Misiones) y Rolando Figueroa (Neuqu\u00e9n).<\/h3>\n<h3>Entre los asistentes tambi\u00e9n se encuentran los ex presidente Mauricio Macri y Adolfo Rodr\u00edguez Sa\u00e1.<\/h3>\n<h3>No viajar\u00e1n a Tucum\u00e1n los miembros de la Corte Suprema de Justicia, ni los principales dirigentes de los bloques aliados del Congreso Nacional.<\/h3>\n<h3><strong>LA AGENDA DEL PRESIDENTE<\/strong><\/h3>\n<h3>Javier Milei tiene previsto llegar a la capital tucumana a las 21.30 y hacer base en un hotel del centro.<\/h3>\n<h3>All\u00ed permanecer\u00e1 hasta las 23.45, cuando arribar\u00e1 a la Casa Hist\u00f3rica de Tucum\u00e1n para firmar el Pacto de Mayo junto a los mandatarios provinciales presentes.<\/h3>\n<h3>Seg\u00fan se espera, exactamente a las medianoche, con el inicio del D\u00eda de la Independencia, se entonar\u00e1n las estrofas del Himno Nacional y luego firmar\u00e1n el libro de visitas en el sal\u00f3n de los pr\u00f3ceres.<\/h3>\n<h3>Acto seguido, se proceder\u00e1 a la firmar\u00e1 el Acta de Mayo y luego el Presidente brindar\u00e1 un discurso entre las 0.30 y la 1.<\/h3>\n<h3><\/h3>\n<h3><\/h3>\n<h3><\/h3>\n<h3><\/h3>\n","protected":false},"excerpt":{"rendered":"<p>El Presidente concretar\u00e1 su ansiada foto con las provincias en el inicio del 9 de&#8230;<\/p>\n","protected":false},"author":1,"featured_media":13215,"comment_status":"closed","ping_status":"closed","sticky":false,"template":"","format":"standard","meta":{"footnotes":""},"categories":[5],"tags":[],"class_list":["post-18925","post","type-post","status-publish","format-standard","has-post-thumbnail","hentry","category-nacionales-internacionales"],"yoast_head":"<!-- This site is optimized with the Yoast SEO plugin v26.1.1 - https:\/\/yoast.com\/wordpress\/plugins\/seo\/ -->\n<title>MILEI VIAJA A TUCUM\u00c1N PARA FIRMAR EL PACTO DE MAYO CON GOBERNADORES - Apuntes de San Luis<\/title>\n<meta name=\"robots\" content=\"index, follow, max-snippet:-1, max-image-preview:large, max-video-preview:-1\" \/>\n<link rel=\"canonical\" href=\"https:\/\/apuntesdesanluis.com\/index.php\/2024\/07\/08\/milei-viaja-a-tucuman-para-firmar-el-pacto-de-mayo-con-gobernadores\/\" \/>\n<meta property=\"og:locale\" content=\"es_ES\" \/>\n<meta property=\"og:type\" content=\"article\" \/>\n<meta property=\"og:title\" content=\"MILEI VIAJA A TUCUM\u00c1N PARA FIRMAR EL PACTO DE MAYO CON GOBERNADORES - Apuntes de San Luis\" \/>\n<meta property=\"og:description\" content=\"El Presidente concretar\u00e1 su ansiada foto con las provincias en el inicio del 9 de...\" \/>\n<meta property=\"og:url\" content=\"https:\/\/apuntesdesanluis.com\/index.php\/2024\/07\/08\/milei-viaja-a-tucuman-para-firmar-el-pacto-de-mayo-con-gobernadores\/\" \/>\n<meta property=\"og:site_name\" content=\"Apuntes de San Luis\" \/>\n<meta property=\"article:published_time\" content=\"2024-07-08T13:23:45+00:00\" \/>\n<meta property=\"og:image\" content=\"https:\/\/apuntesdesanluis.com\/wp-content\/uploads\/2024\/03\/MILEI-PRESIDENTE.png\" \/>\n\t<meta property=\"og:image:width\" content=\"600\" \/>\n\t<meta property=\"og:image:height\" content=\"381\" \/>\n\t<meta property=\"og:image:type\" content=\"image\/png\" \/>\n<meta name=\"author\" content=\"apuntesdesanluis.com\" \/>\n<meta name=\"twitter:card\" content=\"summary_large_image\" \/>\n<meta name=\"twitter:label1\" content=\"Escrito por\" \/>\n\t<meta name=\"twitter:data1\" content=\"apuntesdesanluis.com\" \/>\n\t<meta name=\"twitter:label2\" content=\"Tiempo de lectura\" \/>\n\t<meta name=\"twitter:data2\" content=\"3 minutos\" \/>\n<script type=\"application\/ld+json\" class=\"yoast-schema-graph\">{\"@context\":\"https:\/\/schema.org\",\"@graph\":[{\"@type\":\"Article\",\"@id\":\"https:\/\/apuntesdesanluis.com\/index.php\/2024\/07\/08\/milei-viaja-a-tucuman-para-firmar-el-pacto-de-mayo-con-gobernadores\/#article\",\"isPartOf\":{\"@id\":\"https:\/\/apuntesdesanluis.com\/index.php\/2024\/07\/08\/milei-viaja-a-tucuman-para-firmar-el-pacto-de-mayo-con-gobernadores\/\"},\"author\":{\"name\":\"apuntesdesanluis.com\",\"@id\":\"https:\/\/apuntesdesanluis.com\/#\/schema\/person\/b55151d52296fcce64d1a72538a70b90\"},\"headline\":\"MILEI VIAJA A TUCUM\u00c1N PARA FIRMAR EL PACTO DE MAYO CON GOBERNADORES\",\"datePublished\":\"2024-07-08T13:23:45+00:00\",\"mainEntityOfPage\":{\"@id\":\"https:\/\/apuntesdesanluis.com\/index.php\/2024\/07\/08\/milei-viaja-a-tucuman-para-firmar-el-pacto-de-mayo-con-gobernadores\/\"},\"wordCount\":449,\"publisher\":{\"@id\":\"https:\/\/apuntesdesanluis.com\/#\/schema\/person\/b55151d52296fcce64d1a72538a70b90\"},\"image\":{\"@id\":\"https:\/\/apuntesdesanluis.com\/index.php\/2024\/07\/08\/milei-viaja-a-tucuman-para-firmar-el-pacto-de-mayo-con-gobernadores\/#primaryimage\"},\"thumbnailUrl\":\"https:\/\/apuntesdesanluis.com\/wp-content\/uploads\/2024\/03\/MILEI-PRESIDENTE.png\",\"articleSection\":[\"Nacionales\/Internacionales\"],\"inLanguage\":\"es-AR\"},{\"@type\":\"WebPage\",\"@id\":\"https:\/\/apuntesdesanluis.com\/index.php\/2024\/07\/08\/milei-viaja-a-tucuman-para-firmar-el-pacto-de-mayo-con-gobernadores\/\",\"url\":\"https:\/\/apuntesdesanluis.com\/index.php\/2024\/07\/08\/milei-viaja-a-tucuman-para-firmar-el-pacto-de-mayo-con-gobernadores\/\",\"name\":\"MILEI VIAJA A TUCUM\u00c1N PARA FIRMAR EL PACTO DE MAYO CON GOBERNADORES - Apuntes de San Luis\",\"isPartOf\":{\"@id\":\"https:\/\/apuntesdesanluis.com\/#website\"},\"primaryImageOfPage\":{\"@id\":\"https:\/\/apuntesdesanluis.com\/index.php\/2024\/07\/08\/milei-viaja-a-tucuman-para-firmar-el-pacto-de-mayo-con-gobernadores\/#primaryimage\"},\"image\":{\"@id\":\"https:\/\/apuntesdesanluis.com\/index.php\/2024\/07\/08\/milei-viaja-a-tucuman-para-firmar-el-pacto-de-mayo-con-gobernadores\/#primaryimage\"},\"thumbnailUrl\":\"https:\/\/apuntesdesanluis.com\/wp-content\/uploads\/2024\/03\/MILEI-PRESIDENTE.png\",\"datePublished\":\"2024-07-08T13:23:45+00:00\",\"breadcrumb\":{\"@id\":\"https:\/\/apuntesdesanluis.com\/index.php\/2024\/07\/08\/milei-viaja-a-tucuman-para-firmar-el-pacto-de-mayo-con-gobernadores\/#breadcrumb\"},\"inLanguage\":\"es-AR\",\"potentialAction\":[{\"@type\":\"ReadAction\",\"target\":[\"https:\/\/apuntesdesanluis.com\/index.php\/2024\/07\/08\/milei-viaja-a-tucuman-para-firmar-el-pacto-de-mayo-con-gobernadores\/\"]}]},{\"@type\":\"ImageObject\",\"inLanguage\":\"es-AR\",\"@id\":\"https:\/\/apuntesdesanluis.com\/index.php\/2024\/07\/08\/milei-viaja-a-tucuman-para-firmar-el-pacto-de-mayo-con-gobernadores\/#primaryimage\",\"url\":\"https:\/\/apuntesdesanluis.com\/wp-content\/uploads\/2024\/03\/MILEI-PRESIDENTE.png\",\"contentUrl\":\"https:\/\/apuntesdesanluis.com\/wp-content\/uploads\/2024\/03\/MILEI-PRESIDENTE.png\",\"width\":600,\"height\":381},{\"@type\":\"BreadcrumbList\",\"@id\":\"https:\/\/apuntesdesanluis.com\/index.php\/2024\/07\/08\/milei-viaja-a-tucuman-para-firmar-el-pacto-de-mayo-con-gobernadores\/#breadcrumb\",\"itemListElement\":[{\"@type\":\"ListItem\",\"position\":1,\"name\":\"Inicio\",\"item\":\"https:\/\/apuntesdesanluis.com\/\"},{\"@type\":\"ListItem\",\"position\":2,\"name\":\"MILEI VIAJA A TUCUM\u00c1N PARA FIRMAR EL PACTO DE MAYO CON GOBERNADORES\"}]},{\"@type\":\"WebSite\",\"@id\":\"https:\/\/apuntesdesanluis.com\/#website\",\"url\":\"https:\/\/apuntesdesanluis.com\/\",\"name\":\"Apuntes de San Luis\",\"description\":\"\",\"publisher\":{\"@id\":\"https:\/\/apuntesdesanluis.com\/#\/schema\/person\/b55151d52296fcce64d1a72538a70b90\"},\"potentialAction\":[{\"@type\":\"SearchAction\",\"target\":{\"@type\":\"EntryPoint\",\"urlTemplate\":\"https:\/\/apuntesdesanluis.com\/?s={search_term_string}\"},\"query-input\":{\"@type\":\"PropertyValueSpecification\",\"valueRequired\":true,\"valueName\":\"search_term_string\"}}],\"inLanguage\":\"es-AR\"},{\"@type\":[\"Person\",\"Organization\"],\"@id\":\"https:\/\/apuntesdesanluis.com\/#\/schema\/person\/b55151d52296fcce64d1a72538a70b90\",\"name\":\"apuntesdesanluis.com\",\"image\":{\"@type\":\"ImageObject\",\"inLanguage\":\"es-AR\",\"@id\":\"https:\/\/apuntesdesanluis.com\/#\/schema\/person\/image\/\",\"url\":\"https:\/\/apuntesdesanluis.com\/wp-content\/uploads\/2023\/07\/cropped-apuntesdesanluis.png\",\"contentUrl\":\"https:\/\/apuntesdesanluis.com\/wp-content\/uploads\/2023\/07\/cropped-apuntesdesanluis.png\",\"width\":450,\"height\":112,\"caption\":\"apuntesdesanluis.com\"},\"logo\":{\"@id\":\"https:\/\/apuntesdesanluis.com\/#\/schema\/person\/image\/\"},\"sameAs\":[\"https:\/\/apuntesdesanluis.com\"],\"url\":\"https:\/\/apuntesdesanluis.com\/index.php\/author\/apuntesdesanluis-com\/\"}]}<\/script>\n<!-- \/ Yoast SEO plugin. -->","yoast_head_json":{"title":"MILEI VIAJA A TUCUM\u00c1N PARA FIRMAR EL PACTO DE MAYO CON GOBERNADORES - Apuntes de San Luis","robots":{"index":"index","follow":"follow","max-snippet":"max-snippet:-1","max-image-preview":"max-image-preview:large","max-video-preview":"max-video-preview:-1"},"canonical":"https:\/\/apuntesdesanluis.com\/index.php\/2024\/07\/08\/milei-viaja-a-tucuman-para-firmar-el-pacto-de-mayo-con-gobernadores\/","og_locale":"es_ES","og_type":"article","og_title":"MILEI VIAJA A TUCUM\u00c1N PARA FIRMAR EL PACTO DE MAYO CON GOBERNADORES - Apuntes de San Luis","og_description":"El Presidente concretar\u00e1 su ansiada foto con las provincias en el inicio del 9 de...","og_url":"https:\/\/apuntesdesanluis.com\/index.php\/2024\/07\/08\/milei-viaja-a-tucuman-para-firmar-el-pacto-de-mayo-con-gobernadores\/","og_site_name":"Apuntes de San Luis","article_published_time":"2024-07-08T13:23:45+00:00","og_image":[{"width":600,"height":381,"url":"https:\/\/apuntesdesanluis.com\/wp-content\/uploads\/2024\/03\/MILEI-PRESIDENTE.png","type":"image\/png"}],"author":"apuntesdesanluis.com","twitter_card":"summary_large_image","twitter_misc":{"Escrito por":"apuntesdesanluis.com","Tiempo de lectura":"3 minutos"},"schema":{"@context":"https:\/\/schema.org","@graph":[{"@type":"Article","@id":"https:\/\/apuntesdesanluis.com\/index.php\/2024\/07\/08\/milei-viaja-a-tucuman-para-firmar-el-pacto-de-mayo-con-gobernadores\/#article","isPartOf":{"@id":"https:\/\/apuntesdesanluis.com\/index.php\/2024\/07\/08\/milei-viaja-a-tucuman-para-firmar-el-pacto-de-mayo-con-gobernadores\/"},"author":{"name":"apuntesdesanluis.com","@id":"https:\/\/apuntesdesanluis.com\/#\/schema\/person\/b55151d52296fcce64d1a72538a70b90"},"headline":"MILEI VIAJA A TUCUM\u00c1N PARA FIRMAR EL PACTO DE MAYO CON GOBERNADORES","datePublished":"2024-07-08T13:23:45+00:00","mainEntityOfPage":{"@id":"https:\/\/apuntesdesanluis.com\/index.php\/2024\/07\/08\/milei-viaja-a-tucuman-para-firmar-el-pacto-de-mayo-con-gobernadores\/"},"wordCount":449,"publisher":{"@id":"https:\/\/apuntesdesanluis.com\/#\/schema\/person\/b55151d52296fcce64d1a72538a70b90"},"image":{"@id":"https:\/\/apuntesdesanluis.com\/index.php\/2024\/07\/08\/milei-viaja-a-tucuman-para-firmar-el-pacto-de-mayo-con-gobernadores\/#primaryimage"},"thumbnailUrl":"https:\/\/apuntesdesanluis.com\/wp-content\/uploads\/2024\/03\/MILEI-PRESIDENTE.png","articleSection":["Nacionales\/Internacionales"],"inLanguage":"es-AR"},{"@type":"WebPage","@id":"https:\/\/apuntesdesanluis.com\/index.php\/2024\/07\/08\/milei-viaja-a-tucuman-para-firmar-el-pacto-de-mayo-con-gobernadores\/","url":"https:\/\/apuntesdesanluis.com\/index.php\/2024\/07\/08\/milei-viaja-a-tucuman-para-firmar-el-pacto-de-mayo-con-gobernadores\/","name":"MILEI VIAJA A TUCUM\u00c1N PARA FIRMAR EL PACTO DE MAYO CON GOBERNADORES - Apuntes de San Luis","isPartOf":{"@id":"https:\/\/apuntesdesanluis.com\/#website"},"primaryImageOfPage":{"@id":"https:\/\/apuntesdesanluis.com\/index.php\/2024\/07\/08\/milei-viaja-a-tucuman-para-firmar-el-pacto-de-mayo-con-gobernadores\/#primaryimage"},"image":{"@id":"https:\/\/apuntesdesanluis.com\/index.php\/2024\/07\/08\/milei-viaja-a-tucuman-para-firmar-el-pacto-de-mayo-con-gobernadores\/#primaryimage"},"thumbnailUrl":"https:\/\/apuntesdesanluis.com\/wp-content\/uploads\/2024\/03\/MILEI-PRESIDENTE.png","datePublished":"2024-07-08T13:23:45+00:00","breadcrumb":{"@id":"https:\/\/apuntesdesanluis.com\/index.php\/2024\/07\/08\/milei-viaja-a-tucuman-para-firmar-el-pacto-de-mayo-con-gobernadores\/#breadcrumb"},"inLanguage":"es-AR","potentialAction":[{"@type":"ReadAction","target":["https:\/\/apuntesdesanluis.com\/index.php\/2024\/07\/08\/milei-viaja-a-tucuman-para-firmar-el-pacto-de-mayo-con-gobernadores\/"]}]},{"@type":"ImageObject","inLanguage":"es-AR","@id":"https:\/\/apuntesdesanluis.com\/index.php\/2024\/07\/08\/milei-viaja-a-tucuman-para-firmar-el-pacto-de-mayo-con-gobernadores\/#primaryimage","url":"https:\/\/apuntesdesanluis.com\/wp-content\/uploads\/2024\/03\/MILEI-PRESIDENTE.png","contentUrl":"https:\/\/apuntesdesanluis.com\/wp-content\/uploads\/2024\/03\/MILEI-PRESIDENTE.png","width":600,"height":381},{"@type":"BreadcrumbList","@id":"https:\/\/apuntesdesanluis.com\/index.php\/2024\/07\/08\/milei-viaja-a-tucuman-para-firmar-el-pacto-de-mayo-con-gobernadores\/#breadcrumb","itemListElement":[{"@type":"ListItem","position":1,"name":"Inicio","item":"https:\/\/apuntesdesanluis.com\/"},{"@type":"ListItem","position":2,"name":"MILEI VIAJA A TUCUM\u00c1N PARA FIRMAR EL PACTO DE MAYO CON GOBERNADORES"}]},{"@type":"WebSite","@id":"https:\/\/apuntesdesanluis.com\/#website","url":"https:\/\/apuntesdesanluis.com\/","name":"Apuntes de San Luis","description":"","publisher":{"@id":"https:\/\/apuntesdesanluis.com\/#\/schema\/person\/b55151d52296fcce64d1a72538a70b90"},"potentialAction":[{"@type":"SearchAction","target":{"@type":"EntryPoint","urlTemplate":"https:\/\/apuntesdesanluis.com\/?s={search_term_string}"},"query-input":{"@type":"PropertyValueSpecification","valueRequired":true,"valueName":"search_term_string"}}],"inLanguage":"es-AR"},{"@type":["Person","Organization"],"@id":"https:\/\/apuntesdesanluis.com\/#\/schema\/person\/b55151d52296fcce64d1a72538a70b90","name":"apuntesdesanluis.com","image":{"@type":"ImageObject","inLanguage":"es-AR","@id":"https:\/\/apuntesdesanluis.com\/#\/schema\/person\/image\/","url":"https:\/\/apuntesdesanluis.com\/wp-content\/uploads\/2023\/07\/cropped-apuntesdesanluis.png","contentUrl":"https:\/\/apuntesdesanluis.com\/wp-content\/uploads\/2023\/07\/cropped-apuntesdesanluis.png","width":450,"height":112,"caption":"apuntesdesanluis.com"},"logo":{"@id":"https:\/\/apuntesdesanluis.com\/#\/schema\/person\/image\/"},"sameAs":["https:\/\/apuntesdesanluis.com"],"url":"https:\/\/apuntesdesanluis.com\/index.php\/author\/apuntesdesanluis-com\/"}]}},"featured_image_urls":{"full":["https:\/\/apuntesdesanluis.com\/wp-content\/uploads\/2024\/03\/MILEI-PRESIDENTE.png",600,381,false],"thumbnail":["https:\/\/apuntesdesanluis.com\/wp-content\/uploads\/2024\/03\/MILEI-PRESIDENTE-150x150.png",150,150,true],"medium":["https:\/\/apuntesdesanluis.com\/wp-content\/uploads\/2024\/03\/MILEI-PRESIDENTE-300x191.png",300,191,true],"medium_large":["https:\/\/apuntesdesanluis.com\/wp-content\/uploads\/2024\/03\/MILEI-PRESIDENTE.png",600,381,false],"large":["https:\/\/apuntesdesanluis.com\/wp-content\/uploads\/2024\/03\/MILEI-PRESIDENTE.png",600,381,false],"1536x1536":["https:\/\/apuntesdesanluis.com\/wp-content\/uploads\/2024\/03\/MILEI-PRESIDENTE.png",600,381,false],"2048x2048":["https:\/\/apuntesdesanluis.com\/wp-content\/uploads\/2024\/03\/MILEI-PRESIDENTE.png",600,381,false],"newsever-slider-full":["https:\/\/apuntesdesanluis.com\/wp-content\/uploads\/2024\/03\/MILEI-PRESIDENTE.png",600,381,false],"newsever-featured":["https:\/\/apuntesdesanluis.com\/wp-content\/uploads\/2024\/03\/MILEI-PRESIDENTE.png",600,381,false],"newsever-medium":["https:\/\/apuntesdesanluis.com\/wp-content\/uploads\/2024\/03\/MILEI-PRESIDENTE.png",600,381,false]},"author_info":{"display_name":"apuntesdesanluis.com","author_link":"https:\/\/apuntesdesanluis.com\/index.php\/author\/apuntesdesanluis-com\/"},"category_info":"<a href=\"https:\/\/apuntesdesanluis.com\/index.php\/category\/nacionales-internacionales\/\" rel=\"category tag\">Nacionales\/Internacionales<\/a>","tag_info":"Nacionales\/Internacionales","comment_count":"0","_links":{"self":[{"href":"https:\/\/apuntesdesanluis.com\/index.php\/wp-json\/wp\/v2\/posts\/18925","targetHints":{"allow":["GET"]}}],"collection":[{"href":"https:\/\/apuntesdesanluis.com\/index.php\/wp-json\/wp\/v2\/posts"}],"about":[{"href":"https:\/\/apuntesdesanluis.com\/index.php\/wp-json\/wp\/v2\/types\/post"}],"author":[{"embeddable":true,"href":"https:\/\/apuntesdesanluis.com\/index.php\/wp-json\/wp\/v2\/users\/1"}],"replies":[{"embeddable":true,"href":"https:\/\/apuntesdesanluis.com\/index.php\/wp-json\/wp\/v2\/comments?post=18925"}],"version-history":[{"count":1,"href":"https:\/\/apuntesdesanluis.com\/index.php\/wp-json\/wp\/v2\/posts\/18925\/revisions"}],"predecessor-version":[{"id":18926,"href":"https:\/\/apuntesdesanluis.com\/index.php\/wp-json\/wp\/v2\/posts\/18925\/revisions\/18926"}],"wp:featuredmedia":[{"embeddable":true,"href":"https:\/\/apuntesdesanluis.com\/index.php\/wp-json\/wp\/v2\/media\/13215"}],"wp:attachment":[{"href":"https:\/\/apuntesdesanluis.com\/index.php\/wp-json\/wp\/v2\/media?parent=18925"}],"wp:term":[{"taxonomy":"category","embeddable":true,"href":"https:\/\/apuntesdesanluis.com\/index.php\/wp-json\/wp\/v2\/categories?post=18925"},{"taxonomy":"post_tag","embeddable":true,"href":"https:\/\/apuntesdesanluis.com\/index.php\/wp-json\/wp\/v2\/tags?post=18925"}],"curies":[{"name":"wp","href":"https:\/\/api.w.org\/{rel}","templated":true}]}}