{"id":18927,"date":"2024-07-08T10:35:40","date_gmt":"2024-07-08T13:35:40","guid":{"rendered":"https:\/\/apuntesdesanluis.com\/?p=18927"},"modified":"2024-07-08T10:37:03","modified_gmt":"2024-07-08T13:37:03","slug":"sorpresa-en-francia-la-izquierda-gano-las-elecciones-y-el-partido-de-marine-le-pen-quedo-tercero","status":"publish","type":"post","link":"https:\/\/apuntesdesanluis.com\/index.php\/2024\/07\/08\/sorpresa-en-francia-la-izquierda-gano-las-elecciones-y-el-partido-de-marine-le-pen-quedo-tercero\/","title":{"rendered":"SORPRESA EN FRANCIA: LA IZQUIERDA GAN\u00d3 LAS ELECCIONES Y EL PARTIDO DE MARINE LE PEN QUED\u00d3 TERCERO"},"content":{"rendered":"<h3>La izquierda liderada por <strong>Jean-Luc M\u00e9lechon<\/strong> gan\u00f3 la segunda vuelta de las elecciones de Francia que definir\u00e1n un nuevo gobierno y le puso un freno al ascenso de la ultraderecha de <strong>Marine Le Pen<\/strong> que muchos se apresuraron a dar por ganadora. Incluso hasta el viernes todas las encuestas daban en primer lugar.<\/h3>\n<h3>En un resultado que sorprendi\u00f3 por su amplitud el Nuevo Frente Popular de M\u00e9lenchon desplaz\u00f3 al tercer puesto a la fuerza de Le Pen y qued\u00f3 cerca de los votos necesarios para formar gobierno. En segundo lugar se ubic\u00f3 la alianza de centro del presidente Macron que tuvo una remontada importante del mal resultado en la primera vuelta del domingo pasado.<\/h3>\n<h3>Seg\u00fan los primeros n\u00fameros, la izquierda obtendr\u00eda entre 160 y 215 bancas de los 577 esca\u00f1os de la Asamblea Nacional; Macron que se quedar\u00eda entre 150 y 189 esca\u00f1os y la Alianza Nacional de Le Pen alcanzar\u00eda entre 115 y 152 diputados.<\/h3>\n<h3>Con estos n\u00fameros, podr\u00eda darse un acuerdo entre la izquierda y el macronismo para llegar a los 288 necesarios para llegar al gobierno. Sin embargo, desde la colaci\u00f3n de izquierda, el partido mayoritario La Francia Insumisa de M\u00e9lechon anticiparon a LPO un d\u00eda antes de la elecci\u00f3n que no estaba en sus planes llegar a un acuerdo con Macron. Pero claro, esto es pol\u00edtica y todo puede cambiar ante la posibilidad de acceder al poder.<\/h3>\n<h3>Adem\u00e1s, el otro partido que queda fortalecido con el resultado de este domingo es el hist\u00f3rico Partido Socialista que ahora lidera el ex presidente Francois Hollande que ya dej\u00f3 en claro su intenci\u00f3n de explorar un acuerdo con <strong>Macron<\/strong> (foto).<\/h3>\n<h3><img fetchpriority=\"high\" decoding=\"async\" class=\"wp-image-18928 aligncenter\" src=\"https:\/\/apuntesdesanluis.com\/wp-content\/uploads\/2024\/07\/MACRON-300x212.png\" alt=\"\" width=\"545\" height=\"385\" srcset=\"https:\/\/apuntesdesanluis.com\/wp-content\/uploads\/2024\/07\/MACRON-300x212.png 300w, https:\/\/apuntesdesanluis.com\/wp-content\/uploads\/2024\/07\/MACRON-768x542.png 768w, https:\/\/apuntesdesanluis.com\/wp-content\/uploads\/2024\/07\/MACRON.png 778w\" sizes=\"(max-width: 545px) 100vw, 545px\" \/><\/h3>\n<h3>El sistema franc\u00e9s no es parlamentario como Inglaterra, ni presidencialista como en Argentina sino semi-presidencialista. Eso significa que tienen un presidente elegido por elecci\u00f3n directa, como fue el caso de Macron, y con posterioridad a la elecci\u00f3n presidencial se votan los parlamentarios que conforman la Asamblea, que elige al primer ministro.<\/h3>\n<h3>Conocidos los resultados, el primer ministro de Francia, Gabriel Attal, present\u00f3 su renuncia. Attal fue el candidato que lider\u00f3 las boletas de Macr\u00f3n e integra la generaci\u00f3n de &#8220;j\u00f3venes brillantes&#8221; que el presidente integr\u00f3 a su gabinete para contrarrestar el -hasta ahora- arrollador avance pol\u00edtico de Joan Bardella, la estrella que impuls\u00f3 <strong>Marine Le Pen<\/strong> (foto).<\/h3>\n<p><img decoding=\"async\" class=\"wp-image-18929 aligncenter\" src=\"https:\/\/apuntesdesanluis.com\/wp-content\/uploads\/2024\/07\/MARIE-LE-PEN-300x219.png\" alt=\"\" width=\"564\" height=\"412\" srcset=\"https:\/\/apuntesdesanluis.com\/wp-content\/uploads\/2024\/07\/MARIE-LE-PEN-300x219.png 300w, https:\/\/apuntesdesanluis.com\/wp-content\/uploads\/2024\/07\/MARIE-LE-PEN.png 724w\" sizes=\"(max-width: 564px) 100vw, 564px\" \/><\/p>\n<h3>M\u00e9lenchon celebr\u00f3 los resultados y destac\u00f3 que los franceses lograron evitar &#8220;el peor escenario posible&#8221; de un triunfo de la ultraderecha y exigi\u00f3 a Macron que nombre a un primer ministro del Frente Popular. &#8220;Los resultados confirman la derrota del presidente y de su coalici\u00f3n, no intente escapar de esa derrota con subterfugios&#8221;, le advirti\u00f3 M\u00e9lechon.<\/h3>\n<h3>Es que Macron es un experto en extraer agua de las piedras y podr\u00eda tentarse con la idea de un acuerdo con sectores del Frente Popular como los socialistas de Hollande -cuyo gabinete integr\u00f3 como ministro de Econom\u00eda- para darle sobrevida a su gobierno. Por eso, Macron pidi\u00f3 &#8220;prudencia&#8221; y festej\u00f3 que su alianza &#8220;sigue bien viva&#8221;.<\/h3>\n<h3>En tiempos de normalidad institucional, el primer ministro y el Presidente responden al mismo proyecto pero en las crisis se da el fen\u00f3meno de cohabitaci\u00f3n. Es decir, un presidente de un partido con un primer ministro de otro. En los papeles el primer Ministro es el que gobierna y arma el gabinete y el Jefe de Estado queda relegado a roles espec\u00edficos de Defensa y Pol\u00edtica Exterior, pero desde el hiperpresidencialismo de Sarkozy -que Macron ampli\u00f3- ese dise\u00f1o institucional esta dilu\u00eddo.<\/h3>\n<h3><\/h3>\n<h3><\/h3>\n","protected":false},"excerpt":{"rendered":"<p>La izquierda liderada por Jean-Luc M\u00e9lechon gan\u00f3 la segunda vuelta de las elecciones de Francia&#8230;<\/p>\n","protected":false},"author":1,"featured_media":18930,"comment_status":"closed","ping_status":"closed","sticky":false,"template":"","format":"standard","meta":{"footnotes":""},"categories":[5],"tags":[],"class_list":["post-18927","post","type-post","status-publish","format-standard","has-post-thumbnail","hentry","category-nacionales-internacionales"],"yoast_head":"<!-- This site is optimized with the Yoast SEO plugin v26.1.1 - https:\/\/yoast.com\/wordpress\/plugins\/seo\/ -->\n<title>SORPRESA EN FRANCIA: LA IZQUIERDA GAN\u00d3 LAS ELECCIONES Y EL PARTIDO DE MARINE LE PEN QUED\u00d3 TERCERO - Apuntes de San Luis<\/title>\n<meta name=\"robots\" content=\"index, follow, max-snippet:-1, max-image-preview:large, max-video-preview:-1\" \/>\n<link rel=\"canonical\" href=\"https:\/\/apuntesdesanluis.com\/index.php\/2024\/07\/08\/sorpresa-en-francia-la-izquierda-gano-las-elecciones-y-el-partido-de-marine-le-pen-quedo-tercero\/\" \/>\n<meta property=\"og:locale\" content=\"es_ES\" \/>\n<meta property=\"og:type\" content=\"article\" \/>\n<meta property=\"og:title\" content=\"SORPRESA EN FRANCIA: LA IZQUIERDA GAN\u00d3 LAS ELECCIONES Y EL PARTIDO DE MARINE LE PEN QUED\u00d3 TERCERO - Apuntes de San Luis\" \/>\n<meta property=\"og:description\" content=\"La izquierda liderada por Jean-Luc M\u00e9lechon gan\u00f3 la segunda vuelta de las elecciones de Francia...\" \/>\n<meta property=\"og:url\" content=\"https:\/\/apuntesdesanluis.com\/index.php\/2024\/07\/08\/sorpresa-en-francia-la-izquierda-gano-las-elecciones-y-el-partido-de-marine-le-pen-quedo-tercero\/\" \/>\n<meta property=\"og:site_name\" content=\"Apuntes de San Luis\" \/>\n<meta property=\"article:published_time\" content=\"2024-07-08T13:35:40+00:00\" \/>\n<meta property=\"article:modified_time\" content=\"2024-07-08T13:37:03+00:00\" \/>\n<meta property=\"og:image\" content=\"https:\/\/apuntesdesanluis.com\/wp-content\/uploads\/2024\/07\/MELECHON.png\" \/>\n\t<meta property=\"og:image:width\" content=\"700\" \/>\n\t<meta property=\"og:image:height\" content=\"398\" \/>\n\t<meta property=\"og:image:type\" content=\"image\/png\" \/>\n<meta name=\"author\" content=\"apuntesdesanluis.com\" \/>\n<meta name=\"twitter:card\" content=\"summary_large_image\" \/>\n<meta name=\"twitter:label1\" content=\"Escrito por\" \/>\n\t<meta name=\"twitter:data1\" content=\"apuntesdesanluis.com\" \/>\n\t<meta name=\"twitter:label2\" content=\"Tiempo de lectura\" \/>\n\t<meta name=\"twitter:data2\" content=\"4 minutos\" \/>\n<script type=\"application\/ld+json\" class=\"yoast-schema-graph\">{\"@context\":\"https:\/\/schema.org\",\"@graph\":[{\"@type\":\"Article\",\"@id\":\"https:\/\/apuntesdesanluis.com\/index.php\/2024\/07\/08\/sorpresa-en-francia-la-izquierda-gano-las-elecciones-y-el-partido-de-marine-le-pen-quedo-tercero\/#article\",\"isPartOf\":{\"@id\":\"https:\/\/apuntesdesanluis.com\/index.php\/2024\/07\/08\/sorpresa-en-francia-la-izquierda-gano-las-elecciones-y-el-partido-de-marine-le-pen-quedo-tercero\/\"},\"author\":{\"name\":\"apuntesdesanluis.com\",\"@id\":\"https:\/\/apuntesdesanluis.com\/#\/schema\/person\/b55151d52296fcce64d1a72538a70b90\"},\"headline\":\"SORPRESA EN FRANCIA: LA IZQUIERDA GAN\u00d3 LAS ELECCIONES Y EL PARTIDO DE MARINE LE PEN QUED\u00d3 TERCERO\",\"datePublished\":\"2024-07-08T13:35:40+00:00\",\"dateModified\":\"2024-07-08T13:37:03+00:00\",\"mainEntityOfPage\":{\"@id\":\"https:\/\/apuntesdesanluis.com\/index.php\/2024\/07\/08\/sorpresa-en-francia-la-izquierda-gano-las-elecciones-y-el-partido-de-marine-le-pen-quedo-tercero\/\"},\"wordCount\":620,\"publisher\":{\"@id\":\"https:\/\/apuntesdesanluis.com\/#\/schema\/person\/b55151d52296fcce64d1a72538a70b90\"},\"image\":{\"@id\":\"https:\/\/apuntesdesanluis.com\/index.php\/2024\/07\/08\/sorpresa-en-francia-la-izquierda-gano-las-elecciones-y-el-partido-de-marine-le-pen-quedo-tercero\/#primaryimage\"},\"thumbnailUrl\":\"https:\/\/apuntesdesanluis.com\/wp-content\/uploads\/2024\/07\/MELECHON.png\",\"articleSection\":[\"Nacionales\/Internacionales\"],\"inLanguage\":\"es-AR\"},{\"@type\":\"WebPage\",\"@id\":\"https:\/\/apuntesdesanluis.com\/index.php\/2024\/07\/08\/sorpresa-en-francia-la-izquierda-gano-las-elecciones-y-el-partido-de-marine-le-pen-quedo-tercero\/\",\"url\":\"https:\/\/apuntesdesanluis.com\/index.php\/2024\/07\/08\/sorpresa-en-francia-la-izquierda-gano-las-elecciones-y-el-partido-de-marine-le-pen-quedo-tercero\/\",\"name\":\"SORPRESA EN FRANCIA: LA IZQUIERDA GAN\u00d3 LAS ELECCIONES Y EL PARTIDO DE MARINE LE PEN QUED\u00d3 TERCERO - Apuntes de San Luis\",\"isPartOf\":{\"@id\":\"https:\/\/apuntesdesanluis.com\/#website\"},\"primaryImageOfPage\":{\"@id\":\"https:\/\/apuntesdesanluis.com\/index.php\/2024\/07\/08\/sorpresa-en-francia-la-izquierda-gano-las-elecciones-y-el-partido-de-marine-le-pen-quedo-tercero\/#primaryimage\"},\"image\":{\"@id\":\"https:\/\/apuntesdesanluis.com\/index.php\/2024\/07\/08\/sorpresa-en-francia-la-izquierda-gano-las-elecciones-y-el-partido-de-marine-le-pen-quedo-tercero\/#primaryimage\"},\"thumbnailUrl\":\"https:\/\/apuntesdesanluis.com\/wp-content\/uploads\/2024\/07\/MELECHON.png\",\"datePublished\":\"2024-07-08T13:35:40+00:00\",\"dateModified\":\"2024-07-08T13:37:03+00:00\",\"breadcrumb\":{\"@id\":\"https:\/\/apuntesdesanluis.com\/index.php\/2024\/07\/08\/sorpresa-en-francia-la-izquierda-gano-las-elecciones-y-el-partido-de-marine-le-pen-quedo-tercero\/#breadcrumb\"},\"inLanguage\":\"es-AR\",\"potentialAction\":[{\"@type\":\"ReadAction\",\"target\":[\"https:\/\/apuntesdesanluis.com\/index.php\/2024\/07\/08\/sorpresa-en-francia-la-izquierda-gano-las-elecciones-y-el-partido-de-marine-le-pen-quedo-tercero\/\"]}]},{\"@type\":\"ImageObject\",\"inLanguage\":\"es-AR\",\"@id\":\"https:\/\/apuntesdesanluis.com\/index.php\/2024\/07\/08\/sorpresa-en-francia-la-izquierda-gano-las-elecciones-y-el-partido-de-marine-le-pen-quedo-tercero\/#primaryimage\",\"url\":\"https:\/\/apuntesdesanluis.com\/wp-content\/uploads\/2024\/07\/MELECHON.png\",\"contentUrl\":\"https:\/\/apuntesdesanluis.com\/wp-content\/uploads\/2024\/07\/MELECHON.png\",\"width\":700,\"height\":398},{\"@type\":\"BreadcrumbList\",\"@id\":\"https:\/\/apuntesdesanluis.com\/index.php\/2024\/07\/08\/sorpresa-en-francia-la-izquierda-gano-las-elecciones-y-el-partido-de-marine-le-pen-quedo-tercero\/#breadcrumb\",\"itemListElement\":[{\"@type\":\"ListItem\",\"position\":1,\"name\":\"Inicio\",\"item\":\"https:\/\/apuntesdesanluis.com\/\"},{\"@type\":\"ListItem\",\"position\":2,\"name\":\"SORPRESA EN FRANCIA: LA IZQUIERDA GAN\u00d3 LAS ELECCIONES Y EL PARTIDO DE MARINE LE PEN QUED\u00d3 TERCERO\"}]},{\"@type\":\"WebSite\",\"@id\":\"https:\/\/apuntesdesanluis.com\/#website\",\"url\":\"https:\/\/apuntesdesanluis.com\/\",\"name\":\"Apuntes de San Luis\",\"description\":\"\",\"publisher\":{\"@id\":\"https:\/\/apuntesdesanluis.com\/#\/schema\/person\/b55151d52296fcce64d1a72538a70b90\"},\"potentialAction\":[{\"@type\":\"SearchAction\",\"target\":{\"@type\":\"EntryPoint\",\"urlTemplate\":\"https:\/\/apuntesdesanluis.com\/?s={search_term_string}\"},\"query-input\":{\"@type\":\"PropertyValueSpecification\",\"valueRequired\":true,\"valueName\":\"search_term_string\"}}],\"inLanguage\":\"es-AR\"},{\"@type\":[\"Person\",\"Organization\"],\"@id\":\"https:\/\/apuntesdesanluis.com\/#\/schema\/person\/b55151d52296fcce64d1a72538a70b90\",\"name\":\"apuntesdesanluis.com\",\"image\":{\"@type\":\"ImageObject\",\"inLanguage\":\"es-AR\",\"@id\":\"https:\/\/apuntesdesanluis.com\/#\/schema\/person\/image\/\",\"url\":\"https:\/\/apuntesdesanluis.com\/wp-content\/uploads\/2023\/07\/cropped-apuntesdesanluis.png\",\"contentUrl\":\"https:\/\/apuntesdesanluis.com\/wp-content\/uploads\/2023\/07\/cropped-apuntesdesanluis.png\",\"width\":450,\"height\":112,\"caption\":\"apuntesdesanluis.com\"},\"logo\":{\"@id\":\"https:\/\/apuntesdesanluis.com\/#\/schema\/person\/image\/\"},\"sameAs\":[\"https:\/\/apuntesdesanluis.com\"],\"url\":\"https:\/\/apuntesdesanluis.com\/index.php\/author\/apuntesdesanluis-com\/\"}]}<\/script>\n<!-- \/ Yoast SEO plugin. -->","yoast_head_json":{"title":"SORPRESA EN FRANCIA: LA IZQUIERDA GAN\u00d3 LAS ELECCIONES Y EL PARTIDO DE MARINE LE PEN QUED\u00d3 TERCERO - Apuntes de San Luis","robots":{"index":"index","follow":"follow","max-snippet":"max-snippet:-1","max-image-preview":"max-image-preview:large","max-video-preview":"max-video-preview:-1"},"canonical":"https:\/\/apuntesdesanluis.com\/index.php\/2024\/07\/08\/sorpresa-en-francia-la-izquierda-gano-las-elecciones-y-el-partido-de-marine-le-pen-quedo-tercero\/","og_locale":"es_ES","og_type":"article","og_title":"SORPRESA EN FRANCIA: LA IZQUIERDA GAN\u00d3 LAS ELECCIONES Y EL PARTIDO DE MARINE LE PEN QUED\u00d3 TERCERO - Apuntes de San Luis","og_description":"La izquierda liderada por Jean-Luc M\u00e9lechon gan\u00f3 la segunda vuelta de las elecciones de Francia...","og_url":"https:\/\/apuntesdesanluis.com\/index.php\/2024\/07\/08\/sorpresa-en-francia-la-izquierda-gano-las-elecciones-y-el-partido-de-marine-le-pen-quedo-tercero\/","og_site_name":"Apuntes de San Luis","article_published_time":"2024-07-08T13:35:40+00:00","article_modified_time":"2024-07-08T13:37:03+00:00","og_image":[{"width":700,"height":398,"url":"https:\/\/apuntesdesanluis.com\/wp-content\/uploads\/2024\/07\/MELECHON.png","type":"image\/png"}],"author":"apuntesdesanluis.com","twitter_card":"summary_large_image","twitter_misc":{"Escrito por":"apuntesdesanluis.com","Tiempo de lectura":"4 minutos"},"schema":{"@context":"https:\/\/schema.org","@graph":[{"@type":"Article","@id":"https:\/\/apuntesdesanluis.com\/index.php\/2024\/07\/08\/sorpresa-en-francia-la-izquierda-gano-las-elecciones-y-el-partido-de-marine-le-pen-quedo-tercero\/#article","isPartOf":{"@id":"https:\/\/apuntesdesanluis.com\/index.php\/2024\/07\/08\/sorpresa-en-francia-la-izquierda-gano-las-elecciones-y-el-partido-de-marine-le-pen-quedo-tercero\/"},"author":{"name":"apuntesdesanluis.com","@id":"https:\/\/apuntesdesanluis.com\/#\/schema\/person\/b55151d52296fcce64d1a72538a70b90"},"headline":"SORPRESA EN FRANCIA: LA IZQUIERDA GAN\u00d3 LAS ELECCIONES Y EL PARTIDO DE MARINE LE PEN QUED\u00d3 TERCERO","datePublished":"2024-07-08T13:35:40+00:00","dateModified":"2024-07-08T13:37:03+00:00","mainEntityOfPage":{"@id":"https:\/\/apuntesdesanluis.com\/index.php\/2024\/07\/08\/sorpresa-en-francia-la-izquierda-gano-las-elecciones-y-el-partido-de-marine-le-pen-quedo-tercero\/"},"wordCount":620,"publisher":{"@id":"https:\/\/apuntesdesanluis.com\/#\/schema\/person\/b55151d52296fcce64d1a72538a70b90"},"image":{"@id":"https:\/\/apuntesdesanluis.com\/index.php\/2024\/07\/08\/sorpresa-en-francia-la-izquierda-gano-las-elecciones-y-el-partido-de-marine-le-pen-quedo-tercero\/#primaryimage"},"thumbnailUrl":"https:\/\/apuntesdesanluis.com\/wp-content\/uploads\/2024\/07\/MELECHON.png","articleSection":["Nacionales\/Internacionales"],"inLanguage":"es-AR"},{"@type":"WebPage","@id":"https:\/\/apuntesdesanluis.com\/index.php\/2024\/07\/08\/sorpresa-en-francia-la-izquierda-gano-las-elecciones-y-el-partido-de-marine-le-pen-quedo-tercero\/","url":"https:\/\/apuntesdesanluis.com\/index.php\/2024\/07\/08\/sorpresa-en-francia-la-izquierda-gano-las-elecciones-y-el-partido-de-marine-le-pen-quedo-tercero\/","name":"SORPRESA EN FRANCIA: LA IZQUIERDA GAN\u00d3 LAS ELECCIONES Y EL PARTIDO DE MARINE LE PEN QUED\u00d3 TERCERO - Apuntes de San Luis","isPartOf":{"@id":"https:\/\/apuntesdesanluis.com\/#website"},"primaryImageOfPage":{"@id":"https:\/\/apuntesdesanluis.com\/index.php\/2024\/07\/08\/sorpresa-en-francia-la-izquierda-gano-las-elecciones-y-el-partido-de-marine-le-pen-quedo-tercero\/#primaryimage"},"image":{"@id":"https:\/\/apuntesdesanluis.com\/index.php\/2024\/07\/08\/sorpresa-en-francia-la-izquierda-gano-las-elecciones-y-el-partido-de-marine-le-pen-quedo-tercero\/#primaryimage"},"thumbnailUrl":"https:\/\/apuntesdesanluis.com\/wp-content\/uploads\/2024\/07\/MELECHON.png","datePublished":"2024-07-08T13:35:40+00:00","dateModified":"2024-07-08T13:37:03+00:00","breadcrumb":{"@id":"https:\/\/apuntesdesanluis.com\/index.php\/2024\/07\/08\/sorpresa-en-francia-la-izquierda-gano-las-elecciones-y-el-partido-de-marine-le-pen-quedo-tercero\/#breadcrumb"},"inLanguage":"es-AR","potentialAction":[{"@type":"ReadAction","target":["https:\/\/apuntesdesanluis.com\/index.php\/2024\/07\/08\/sorpresa-en-francia-la-izquierda-gano-las-elecciones-y-el-partido-de-marine-le-pen-quedo-tercero\/"]}]},{"@type":"ImageObject","inLanguage":"es-AR","@id":"https:\/\/apuntesdesanluis.com\/index.php\/2024\/07\/08\/sorpresa-en-francia-la-izquierda-gano-las-elecciones-y-el-partido-de-marine-le-pen-quedo-tercero\/#primaryimage","url":"https:\/\/apuntesdesanluis.com\/wp-content\/uploads\/2024\/07\/MELECHON.png","contentUrl":"https:\/\/apuntesdesanluis.com\/wp-content\/uploads\/2024\/07\/MELECHON.png","width":700,"height":398},{"@type":"BreadcrumbList","@id":"https:\/\/apuntesdesanluis.com\/index.php\/2024\/07\/08\/sorpresa-en-francia-la-izquierda-gano-las-elecciones-y-el-partido-de-marine-le-pen-quedo-tercero\/#breadcrumb","itemListElement":[{"@type":"ListItem","position":1,"name":"Inicio","item":"https:\/\/apuntesdesanluis.com\/"},{"@type":"ListItem","position":2,"name":"SORPRESA EN FRANCIA: LA IZQUIERDA GAN\u00d3 LAS ELECCIONES Y EL PARTIDO DE MARINE LE PEN QUED\u00d3 TERCERO"}]},{"@type":"WebSite","@id":"https:\/\/apuntesdesanluis.com\/#website","url":"https:\/\/apuntesdesanluis.com\/","name":"Apuntes de San Luis","description":"","publisher":{"@id":"https:\/\/apuntesdesanluis.com\/#\/schema\/person\/b55151d52296fcce64d1a72538a70b90"},"potentialAction":[{"@type":"SearchAction","target":{"@type":"EntryPoint","urlTemplate":"https:\/\/apuntesdesanluis.com\/?s={search_term_string}"},"query-input":{"@type":"PropertyValueSpecification","valueRequired":true,"valueName":"search_term_string"}}],"inLanguage":"es-AR"},{"@type":["Person","Organization"],"@id":"https:\/\/apuntesdesanluis.com\/#\/schema\/person\/b55151d52296fcce64d1a72538a70b90","name":"apuntesdesanluis.com","image":{"@type":"ImageObject","inLanguage":"es-AR","@id":"https:\/\/apuntesdesanluis.com\/#\/schema\/person\/image\/","url":"https:\/\/apuntesdesanluis.com\/wp-content\/uploads\/2023\/07\/cropped-apuntesdesanluis.png","contentUrl":"https:\/\/apuntesdesanluis.com\/wp-content\/uploads\/2023\/07\/cropped-apuntesdesanluis.png","width":450,"height":112,"caption":"apuntesdesanluis.com"},"logo":{"@id":"https:\/\/apuntesdesanluis.com\/#\/schema\/person\/image\/"},"sameAs":["https:\/\/apuntesdesanluis.com"],"url":"https:\/\/apuntesdesanluis.com\/index.php\/author\/apuntesdesanluis-com\/"}]}},"featured_image_urls":{"full":["https:\/\/apuntesdesanluis.com\/wp-content\/uploads\/2024\/07\/MELECHON.png",700,398,false],"thumbnail":["https:\/\/apuntesdesanluis.com\/wp-content\/uploads\/2024\/07\/MELECHON-150x150.png",150,150,true],"medium":["https:\/\/apuntesdesanluis.com\/wp-content\/uploads\/2024\/07\/MELECHON-300x171.png",300,171,true],"medium_large":["https:\/\/apuntesdesanluis.com\/wp-content\/uploads\/2024\/07\/MELECHON.png",640,364,false],"large":["https:\/\/apuntesdesanluis.com\/wp-content\/uploads\/2024\/07\/MELECHON.png",640,364,false],"1536x1536":["https:\/\/apuntesdesanluis.com\/wp-content\/uploads\/2024\/07\/MELECHON.png",700,398,false],"2048x2048":["https:\/\/apuntesdesanluis.com\/wp-content\/uploads\/2024\/07\/MELECHON.png",700,398,false],"newsever-slider-full":["https:\/\/apuntesdesanluis.com\/wp-content\/uploads\/2024\/07\/MELECHON.png",700,398,false],"newsever-featured":["https:\/\/apuntesdesanluis.com\/wp-content\/uploads\/2024\/07\/MELECHON.png",700,398,false],"newsever-medium":["https:\/\/apuntesdesanluis.com\/wp-content\/uploads\/2024\/07\/MELECHON.png",700,398,false]},"author_info":{"display_name":"apuntesdesanluis.com","author_link":"https:\/\/apuntesdesanluis.com\/index.php\/author\/apuntesdesanluis-com\/"},"category_info":"<a href=\"https:\/\/apuntesdesanluis.com\/index.php\/category\/nacionales-internacionales\/\" rel=\"category tag\">Nacionales\/Internacionales<\/a>","tag_info":"Nacionales\/Internacionales","comment_count":"0","_links":{"self":[{"href":"https:\/\/apuntesdesanluis.com\/index.php\/wp-json\/wp\/v2\/posts\/18927","targetHints":{"allow":["GET"]}}],"collection":[{"href":"https:\/\/apuntesdesanluis.com\/index.php\/wp-json\/wp\/v2\/posts"}],"about":[{"href":"https:\/\/apuntesdesanluis.com\/index.php\/wp-json\/wp\/v2\/types\/post"}],"author":[{"embeddable":true,"href":"https:\/\/apuntesdesanluis.com\/index.php\/wp-json\/wp\/v2\/users\/1"}],"replies":[{"embeddable":true,"href":"https:\/\/apuntesdesanluis.com\/index.php\/wp-json\/wp\/v2\/comments?post=18927"}],"version-history":[{"count":3,"href":"https:\/\/apuntesdesanluis.com\/index.php\/wp-json\/wp\/v2\/posts\/18927\/revisions"}],"predecessor-version":[{"id":18933,"href":"https:\/\/apuntesdesanluis.com\/index.php\/wp-json\/wp\/v2\/posts\/18927\/revisions\/18933"}],"wp:featuredmedia":[{"embeddable":true,"href":"https:\/\/apuntesdesanluis.com\/index.php\/wp-json\/wp\/v2\/media\/18930"}],"wp:attachment":[{"href":"https:\/\/apuntesdesanluis.com\/index.php\/wp-json\/wp\/v2\/media?parent=18927"}],"wp:term":[{"taxonomy":"category","embeddable":true,"href":"https:\/\/apuntesdesanluis.com\/index.php\/wp-json\/wp\/v2\/categories?post=18927"},{"taxonomy":"post_tag","embeddable":true,"href":"https:\/\/apuntesdesanluis.com\/index.php\/wp-json\/wp\/v2\/tags?post=18927"}],"curies":[{"name":"wp","href":"https:\/\/api.w.org\/{rel}","templated":true}]}}